{"id":311751,"date":"2023-08-28T06:49:39","date_gmt":"2023-08-28T09:49:39","guid":{"rendered":"https:\/\/www.notibras.com\/site\/?p=311751"},"modified":"2023-08-28T17:16:06","modified_gmt":"2023-08-28T20:16:06","slug":"manico-dogue-de-bordeaux-foi-se-com-cascavel","status":"publish","type":"post","link":"https:\/\/www.notibras.com\/site\/manico-dogue-de-bordeaux-foi-se-com-cascavel\/","title":{"rendered":"Manic\u00f3, Dogue de Bordeaux, foi-se com cascavel"},"content":{"rendered":"<p>Gosto de acreditar que os c\u00e3es nos protegem enquanto caminhamos pelas trevas. Se isso \u00e9 verdade ou n\u00e3o, nem importa, mesmo porque eles s\u00e3o muito mais do que nossos protetores. Por isso, vou falar hoje de uma das mais gentis criaturas que tive o prazer de conviver por pouco mais de quatro anos. Seu nome? Bem, isso pode parecer controverso, pois a maioria das pessoas ainda hoje se refere a ela como Lilo. J\u00e1 eu, que era muito mais \u00edntimo, a chamava de Manic\u00f3.<\/p>\n<p>Tudo come\u00e7ou bem antes do nascimento da Manic\u00f3, quando decidimos ter outro c\u00e3o ap\u00f3s v\u00e1rios anos da partida da Cuca, a nossa Bull Terrier. E l\u00e1 est\u00e1vamos tentando escolher uma ra\u00e7a, quando, ent\u00e3o, fui atender um cliente. Por acaso, ele convivia com um casal da ra\u00e7a Dogue de Bordeaux, que eu j\u00e1 conhecia de longa data por conta do filme &#8220;Uma dupla quase perfeita&#8221;, com o Tom Hanks.<\/p>\n<p>Mal voltei para casa, falei sobre essa ra\u00e7a enorme. \u00c9 mesmo gigantesca! Todos concordaram que aquela era uma \u00f3tima escolha. Ent\u00e3o, a partir da\u00ed, fomos pesquisar onde poder\u00edamos comprar uma cadelinha. Acabei encontrando um canil em S\u00e3o Paulo. Telefonei e o propriet\u00e1rio me disse que pretendia acasalar um lindo macho vindo da Pol\u00f4nia com uma das suas cadelas. Depois de algum tempo, tudo ficou acertado. Agora era esperar para ver se o cruzamento iria vingar e, por conseguinte, a nossa cachorra nasceria.<\/p>\n<p>J\u00e1 na v\u00e9spera do Natal de 2009, estava com as minhas filhas dentro do carro. Hav\u00edamos acabado de estacionar, quando o dono do canil me ligou e disse que a ninhada havia nascido. Oito filhotes, sendo tr\u00eas f\u00eameas. Uma era a nossa. Passamos o Natal falando mais da nossa futura amiga e nos esquecemos da festa.<\/p>\n<p>Nos primeiros meses de 2010, eis que, finalmente, a Lilo chegou para n\u00f3s. Foi uma alegria enorme! Ali\u00e1s, Lilo foi o nome escolhido por minha filha mais nova. No entanto, com o passar dos meses, n\u00e3o sei por qual carga d&#8217;\u00e1gua, passei a cham\u00e1-la de Manic\u00f3. Seja como for, ela havia me adotado como favorito e, por isso, passou a atender muito bem quando a chamava.<\/p>\n<p>A Manic\u00f3, quanto mais crescia, mais linda ficava. Tanto \u00e9 que a minha filha mais velha disse para coloc\u00e1-la em exposi\u00e7\u00f5es. Apesar de t\u00edmida, a nossa Dogue de Bordeaux at\u00e9 que se saiu bem, pois sagrou-se campe\u00e3 nacional depois de algum tempo. Entretanto, essa vida de passarelas n\u00e3o era algo que nos atra\u00eda, muito menos a Manic\u00f3 parecia gostar. Ent\u00e3o, esse cap\u00edtulo foi virado sem o menor arrependimento.<\/p>\n<p>Dorminhoca ao extremo, a Manic\u00f3, nem por isso, deixava de cumprir as suas fun\u00e7\u00f5es de protetora. Ao menor ru\u00eddo, l\u00e1 ia aquele ser enorme dar uma olhada no port\u00e3o e, em seguida, voltava para o conforto de sua almofada. O ronco ecoava por toda a casa.<\/p>\n<p>Outra curiosidade sobre a Manic\u00f3 \u00e9 que ela babava tanto, que, n\u00e3o raro, eu precisava trocar de roupa para ir trabalhar. Minhas filhas e at\u00e9 a minha esposa, a Dona Irene, ficavam esperando que eu desse uma bronca na Manic\u00f3. Que nada! Eu achava gra\u00e7a daquilo tudo, enquanto as tr\u00eas resmungavam pelos cantos dizendo que eu protegia muito a minha preferida.<\/p>\n<p>Certo dia, no entanto, a Manic\u00f3 foi picada por uma cascavel na fazenda que tivemos por alguns anos. Conseguimos aplicar uma dose de soro antiof\u00eddico que t\u00ednhamos, mas era insuficiente. Precis\u00e1vamos de mais tr\u00eas, quatro ou mais doses. Coloquei a minha amiga no banco de tr\u00e1s da camionete e pegamos a estrada. Ela n\u00e3o resistiu e, ainda no caminho, nos deixou. Isso aconteceu no dia 05\/09\/2014.<\/p>\n<p>N\u00e3o sei descrever o vazio que senti naquele momento. Ainda hoje \u00e9 dif\u00edcil olhar para tr\u00e1s e perceber que n\u00e3o fui capaz de salvar a Manic\u00f3 naquele dia, mesmo eu sendo m\u00e9dico veterin\u00e1rio. Ela foi um dos seres mais gentis que tive o privil\u00e9gio de conhecer. E como era linda!!!<\/p>\n","protected":false},"excerpt":{"rendered":"<p>Gosto de acreditar que os c\u00e3es nos protegem enquanto caminhamos pelas trevas. Se isso \u00e9 verdade ou n\u00e3o, nem importa, mesmo porque eles s\u00e3o muito mais do que nossos protetores. Por isso, vou falar hoje de uma das mais gentis criaturas que tive o prazer de conviver por pouco mais de quatro anos. Seu nome? [&hellip;]<\/p>\n","protected":false},"author":2,"featured_media":311753,"comment_status":"closed","ping_status":"closed","sticky":false,"template":"","format":"standard","meta":{"_acf_changed":false,"footnotes":""},"categories":[161],"tags":[],"class_list":["post-311751","post","type-post","status-publish","format-standard","has-post-thumbnail","hentry","category-quadradinho-em-foco"],"acf":[],"yoast_head":"<!-- This site is optimized with the Yoast SEO plugin v27.2 - https:\/\/yoast.com\/product\/yoast-seo-wordpress\/ -->\n<title>Manic\u00f3, Dogue de Bordeaux, foi-se com cascavel - Notibras<\/title>\n<meta name=\"robots\" content=\"index, follow, max-snippet:-1, max-image-preview:large, max-video-preview:-1\" \/>\n<link rel=\"canonical\" href=\"https:\/\/www.notibras.com\/site\/manico-dogue-de-bordeaux-foi-se-com-cascavel\/\" \/>\n<meta property=\"og:locale\" content=\"pt_BR\" \/>\n<meta property=\"og:type\" content=\"article\" \/>\n<meta property=\"og:title\" content=\"Manic\u00f3, Dogue de Bordeaux, foi-se com cascavel - Notibras\" \/>\n<meta property=\"og:description\" content=\"Gosto de acreditar que os c\u00e3es nos protegem enquanto caminhamos pelas trevas. Se isso \u00e9 verdade ou n\u00e3o, nem importa, mesmo porque eles s\u00e3o muito mais do que nossos protetores. Por isso, vou falar hoje de uma das mais gentis criaturas que tive o prazer de conviver por pouco mais de quatro anos. Seu nome? [&hellip;]\" \/>\n<meta property=\"og:url\" content=\"https:\/\/www.notibras.com\/site\/manico-dogue-de-bordeaux-foi-se-com-cascavel\/\" \/>\n<meta property=\"og:site_name\" content=\"Notibras\" \/>\n<meta property=\"article:publisher\" content=\"https:\/\/www.facebook.com\/notibras\/\" \/>\n<meta property=\"article:published_time\" content=\"2023-08-28T09:49:39+00:00\" \/>\n<meta property=\"article:modified_time\" content=\"2023-08-28T20:16:06+00:00\" \/>\n<meta property=\"og:image\" content=\"https:\/\/www.notibras.com\/site\/wp-content\/uploads\/2023\/08\/chegu.2.jpg\" \/>\n\t<meta property=\"og:image:width\" content=\"720\" \/>\n\t<meta property=\"og:image:height\" content=\"512\" \/>\n\t<meta property=\"og:image:type\" content=\"image\/jpeg\" \/>\n<meta name=\"author\" content=\"Reda\u00e7\u00e3o\" \/>\n<meta name=\"twitter:card\" content=\"summary_large_image\" \/>\n<meta name=\"twitter:creator\" content=\"@Notibras\" \/>\n<meta name=\"twitter:site\" content=\"@Notibras\" \/>\n<meta name=\"twitter:label1\" content=\"Escrito por\" \/>\n\t<meta name=\"twitter:data1\" content=\"Reda\u00e7\u00e3o\" \/>\n\t<meta name=\"twitter:label2\" content=\"Est. tempo de leitura\" \/>\n\t<meta name=\"twitter:data2\" content=\"4 minutos\" \/>\n<script type=\"application\/ld+json\" class=\"yoast-schema-graph\">{\"@context\":\"https:\/\/schema.org\",\"@graph\":[{\"@type\":\"Article\",\"@id\":\"https:\/\/www.notibras.com\/site\/manico-dogue-de-bordeaux-foi-se-com-cascavel\/#article\",\"isPartOf\":{\"@id\":\"https:\/\/www.notibras.com\/site\/manico-dogue-de-bordeaux-foi-se-com-cascavel\/\"},\"author\":{\"name\":\"Reda\u00e7\u00e3o\",\"@id\":\"https:\/\/www.notibras.com\/site\/#\/schema\/person\/36ab0979449956132d3e5b517ea76ac8\"},\"headline\":\"Manic\u00f3, Dogue de Bordeaux, foi-se com cascavel\",\"datePublished\":\"2023-08-28T09:49:39+00:00\",\"dateModified\":\"2023-08-28T20:16:06+00:00\",\"mainEntityOfPage\":{\"@id\":\"https:\/\/www.notibras.com\/site\/manico-dogue-de-bordeaux-foi-se-com-cascavel\/\"},\"wordCount\":698,\"publisher\":{\"@id\":\"https:\/\/www.notibras.com\/site\/#organization\"},\"image\":{\"@id\":\"https:\/\/www.notibras.com\/site\/manico-dogue-de-bordeaux-foi-se-com-cascavel\/#primaryimage\"},\"thumbnailUrl\":\"https:\/\/www.notibras.com\/site\/wp-content\/uploads\/2023\/08\/chegu.2.jpg\",\"articleSection\":[\"Quadradinho em Foco\"],\"inLanguage\":\"pt-BR\"},{\"@type\":\"WebPage\",\"@id\":\"https:\/\/www.notibras.com\/site\/manico-dogue-de-bordeaux-foi-se-com-cascavel\/\",\"url\":\"https:\/\/www.notibras.com\/site\/manico-dogue-de-bordeaux-foi-se-com-cascavel\/\",\"name\":\"Manic\u00f3, Dogue de Bordeaux, foi-se com cascavel - Notibras\",\"isPartOf\":{\"@id\":\"https:\/\/www.notibras.com\/site\/#website\"},\"primaryImageOfPage\":{\"@id\":\"https:\/\/www.notibras.com\/site\/manico-dogue-de-bordeaux-foi-se-com-cascavel\/#primaryimage\"},\"image\":{\"@id\":\"https:\/\/www.notibras.com\/site\/manico-dogue-de-bordeaux-foi-se-com-cascavel\/#primaryimage\"},\"thumbnailUrl\":\"https:\/\/www.notibras.com\/site\/wp-content\/uploads\/2023\/08\/chegu.2.jpg\",\"datePublished\":\"2023-08-28T09:49:39+00:00\",\"dateModified\":\"2023-08-28T20:16:06+00:00\",\"breadcrumb\":{\"@id\":\"https:\/\/www.notibras.com\/site\/manico-dogue-de-bordeaux-foi-se-com-cascavel\/#breadcrumb\"},\"inLanguage\":\"pt-BR\",\"potentialAction\":[{\"@type\":\"ReadAction\",\"target\":[\"https:\/\/www.notibras.com\/site\/manico-dogue-de-bordeaux-foi-se-com-cascavel\/\"]}]},{\"@type\":\"ImageObject\",\"inLanguage\":\"pt-BR\",\"@id\":\"https:\/\/www.notibras.com\/site\/manico-dogue-de-bordeaux-foi-se-com-cascavel\/#primaryimage\",\"url\":\"https:\/\/www.notibras.com\/site\/wp-content\/uploads\/2023\/08\/chegu.2.jpg\",\"contentUrl\":\"https:\/\/www.notibras.com\/site\/wp-content\/uploads\/2023\/08\/chegu.2.jpg\",\"width\":720,\"height\":512},{\"@type\":\"BreadcrumbList\",\"@id\":\"https:\/\/www.notibras.com\/site\/manico-dogue-de-bordeaux-foi-se-com-cascavel\/#breadcrumb\",\"itemListElement\":[{\"@type\":\"ListItem\",\"position\":1,\"name\":\"In\u00edcio\",\"item\":\"https:\/\/www.notibras.com\/site\/\"},{\"@type\":\"ListItem\",\"position\":2,\"name\":\"Manic\u00f3, Dogue de Bordeaux, foi-se com cascavel\"}]},{\"@type\":\"WebSite\",\"@id\":\"https:\/\/www.notibras.com\/site\/#website\",\"url\":\"https:\/\/www.notibras.com\/site\/\",\"name\":\"Notibras\",\"description\":\"Not\u00edcias de Bras\u00edlia, do Brasil e do Mundo\",\"publisher\":{\"@id\":\"https:\/\/www.notibras.com\/site\/#organization\"},\"potentialAction\":[{\"@type\":\"SearchAction\",\"target\":{\"@type\":\"EntryPoint\",\"urlTemplate\":\"https:\/\/www.notibras.com\/site\/?s={search_term_string}\"},\"query-input\":{\"@type\":\"PropertyValueSpecification\",\"valueRequired\":true,\"valueName\":\"search_term_string\"}}],\"inLanguage\":\"pt-BR\"},{\"@type\":\"Organization\",\"@id\":\"https:\/\/www.notibras.com\/site\/#organization\",\"name\":\"Grupo Notibras de Comunica\u00e7\u00e3o\",\"url\":\"https:\/\/www.notibras.com\/site\/\",\"logo\":{\"@type\":\"ImageObject\",\"inLanguage\":\"pt-BR\",\"@id\":\"https:\/\/www.notibras.com\/site\/#\/schema\/logo\/image\/\",\"url\":\"https:\/\/www.notibras.com\/site\/wp-content\/uploads\/2023\/01\/notibras23.png\",\"contentUrl\":\"https:\/\/www.notibras.com\/site\/wp-content\/uploads\/2023\/01\/notibras23.png\",\"width\":350,\"height\":87,\"caption\":\"Grupo Notibras de Comunica\u00e7\u00e3o\"},\"image\":{\"@id\":\"https:\/\/www.notibras.com\/site\/#\/schema\/logo\/image\/\"},\"sameAs\":[\"https:\/\/www.facebook.com\/notibras\/\",\"https:\/\/x.com\/Notibras\",\"https:\/\/www.instagram.com\/notibras\/\"]},{\"@type\":\"Person\",\"@id\":\"https:\/\/www.notibras.com\/site\/#\/schema\/person\/36ab0979449956132d3e5b517ea76ac8\",\"name\":\"Reda\u00e7\u00e3o\",\"image\":{\"@type\":\"ImageObject\",\"inLanguage\":\"pt-BR\",\"@id\":\"https:\/\/secure.gravatar.com\/avatar\/e0a867bdedb85fd243eadf09663511f96fc81e0720a4a42581f334ad4303aa6b?s=96&d=mm&r=g\",\"url\":\"https:\/\/secure.gravatar.com\/avatar\/e0a867bdedb85fd243eadf09663511f96fc81e0720a4a42581f334ad4303aa6b?s=96&d=mm&r=g\",\"contentUrl\":\"https:\/\/secure.gravatar.com\/avatar\/e0a867bdedb85fd243eadf09663511f96fc81e0720a4a42581f334ad4303aa6b?s=96&d=mm&r=g\",\"caption\":\"Reda\u00e7\u00e3o\"}}]}<\/script>\n<!-- \/ Yoast SEO plugin. -->","yoast_head_json":{"title":"Manic\u00f3, Dogue de Bordeaux, foi-se com cascavel - Notibras","robots":{"index":"index","follow":"follow","max-snippet":"max-snippet:-1","max-image-preview":"max-image-preview:large","max-video-preview":"max-video-preview:-1"},"canonical":"https:\/\/www.notibras.com\/site\/manico-dogue-de-bordeaux-foi-se-com-cascavel\/","og_locale":"pt_BR","og_type":"article","og_title":"Manic\u00f3, Dogue de Bordeaux, foi-se com cascavel - Notibras","og_description":"Gosto de acreditar que os c\u00e3es nos protegem enquanto caminhamos pelas trevas. Se isso \u00e9 verdade ou n\u00e3o, nem importa, mesmo porque eles s\u00e3o muito mais do que nossos protetores. Por isso, vou falar hoje de uma das mais gentis criaturas que tive o prazer de conviver por pouco mais de quatro anos. Seu nome? [&hellip;]","og_url":"https:\/\/www.notibras.com\/site\/manico-dogue-de-bordeaux-foi-se-com-cascavel\/","og_site_name":"Notibras","article_publisher":"https:\/\/www.facebook.com\/notibras\/","article_published_time":"2023-08-28T09:49:39+00:00","article_modified_time":"2023-08-28T20:16:06+00:00","og_image":[{"width":720,"height":512,"url":"https:\/\/www.notibras.com\/site\/wp-content\/uploads\/2023\/08\/chegu.2.jpg","type":"image\/jpeg"}],"author":"Reda\u00e7\u00e3o","twitter_card":"summary_large_image","twitter_creator":"@Notibras","twitter_site":"@Notibras","twitter_misc":{"Escrito por":"Reda\u00e7\u00e3o","Est. tempo de leitura":"4 minutos"},"schema":{"@context":"https:\/\/schema.org","@graph":[{"@type":"Article","@id":"https:\/\/www.notibras.com\/site\/manico-dogue-de-bordeaux-foi-se-com-cascavel\/#article","isPartOf":{"@id":"https:\/\/www.notibras.com\/site\/manico-dogue-de-bordeaux-foi-se-com-cascavel\/"},"author":{"name":"Reda\u00e7\u00e3o","@id":"https:\/\/www.notibras.com\/site\/#\/schema\/person\/36ab0979449956132d3e5b517ea76ac8"},"headline":"Manic\u00f3, Dogue de Bordeaux, foi-se com cascavel","datePublished":"2023-08-28T09:49:39+00:00","dateModified":"2023-08-28T20:16:06+00:00","mainEntityOfPage":{"@id":"https:\/\/www.notibras.com\/site\/manico-dogue-de-bordeaux-foi-se-com-cascavel\/"},"wordCount":698,"publisher":{"@id":"https:\/\/www.notibras.com\/site\/#organization"},"image":{"@id":"https:\/\/www.notibras.com\/site\/manico-dogue-de-bordeaux-foi-se-com-cascavel\/#primaryimage"},"thumbnailUrl":"https:\/\/www.notibras.com\/site\/wp-content\/uploads\/2023\/08\/chegu.2.jpg","articleSection":["Quadradinho em Foco"],"inLanguage":"pt-BR"},{"@type":"WebPage","@id":"https:\/\/www.notibras.com\/site\/manico-dogue-de-bordeaux-foi-se-com-cascavel\/","url":"https:\/\/www.notibras.com\/site\/manico-dogue-de-bordeaux-foi-se-com-cascavel\/","name":"Manic\u00f3, Dogue de Bordeaux, foi-se com cascavel - Notibras","isPartOf":{"@id":"https:\/\/www.notibras.com\/site\/#website"},"primaryImageOfPage":{"@id":"https:\/\/www.notibras.com\/site\/manico-dogue-de-bordeaux-foi-se-com-cascavel\/#primaryimage"},"image":{"@id":"https:\/\/www.notibras.com\/site\/manico-dogue-de-bordeaux-foi-se-com-cascavel\/#primaryimage"},"thumbnailUrl":"https:\/\/www.notibras.com\/site\/wp-content\/uploads\/2023\/08\/chegu.2.jpg","datePublished":"2023-08-28T09:49:39+00:00","dateModified":"2023-08-28T20:16:06+00:00","breadcrumb":{"@id":"https:\/\/www.notibras.com\/site\/manico-dogue-de-bordeaux-foi-se-com-cascavel\/#breadcrumb"},"inLanguage":"pt-BR","potentialAction":[{"@type":"ReadAction","target":["https:\/\/www.notibras.com\/site\/manico-dogue-de-bordeaux-foi-se-com-cascavel\/"]}]},{"@type":"ImageObject","inLanguage":"pt-BR","@id":"https:\/\/www.notibras.com\/site\/manico-dogue-de-bordeaux-foi-se-com-cascavel\/#primaryimage","url":"https:\/\/www.notibras.com\/site\/wp-content\/uploads\/2023\/08\/chegu.2.jpg","contentUrl":"https:\/\/www.notibras.com\/site\/wp-content\/uploads\/2023\/08\/chegu.2.jpg","width":720,"height":512},{"@type":"BreadcrumbList","@id":"https:\/\/www.notibras.com\/site\/manico-dogue-de-bordeaux-foi-se-com-cascavel\/#breadcrumb","itemListElement":[{"@type":"ListItem","position":1,"name":"In\u00edcio","item":"https:\/\/www.notibras.com\/site\/"},{"@type":"ListItem","position":2,"name":"Manic\u00f3, Dogue de Bordeaux, foi-se com cascavel"}]},{"@type":"WebSite","@id":"https:\/\/www.notibras.com\/site\/#website","url":"https:\/\/www.notibras.com\/site\/","name":"Notibras","description":"Not\u00edcias de Bras\u00edlia, do Brasil e do Mundo","publisher":{"@id":"https:\/\/www.notibras.com\/site\/#organization"},"potentialAction":[{"@type":"SearchAction","target":{"@type":"EntryPoint","urlTemplate":"https:\/\/www.notibras.com\/site\/?s={search_term_string}"},"query-input":{"@type":"PropertyValueSpecification","valueRequired":true,"valueName":"search_term_string"}}],"inLanguage":"pt-BR"},{"@type":"Organization","@id":"https:\/\/www.notibras.com\/site\/#organization","name":"Grupo Notibras de Comunica\u00e7\u00e3o","url":"https:\/\/www.notibras.com\/site\/","logo":{"@type":"ImageObject","inLanguage":"pt-BR","@id":"https:\/\/www.notibras.com\/site\/#\/schema\/logo\/image\/","url":"https:\/\/www.notibras.com\/site\/wp-content\/uploads\/2023\/01\/notibras23.png","contentUrl":"https:\/\/www.notibras.com\/site\/wp-content\/uploads\/2023\/01\/notibras23.png","width":350,"height":87,"caption":"Grupo Notibras de Comunica\u00e7\u00e3o"},"image":{"@id":"https:\/\/www.notibras.com\/site\/#\/schema\/logo\/image\/"},"sameAs":["https:\/\/www.facebook.com\/notibras\/","https:\/\/x.com\/Notibras","https:\/\/www.instagram.com\/notibras\/"]},{"@type":"Person","@id":"https:\/\/www.notibras.com\/site\/#\/schema\/person\/36ab0979449956132d3e5b517ea76ac8","name":"Reda\u00e7\u00e3o","image":{"@type":"ImageObject","inLanguage":"pt-BR","@id":"https:\/\/secure.gravatar.com\/avatar\/e0a867bdedb85fd243eadf09663511f96fc81e0720a4a42581f334ad4303aa6b?s=96&d=mm&r=g","url":"https:\/\/secure.gravatar.com\/avatar\/e0a867bdedb85fd243eadf09663511f96fc81e0720a4a42581f334ad4303aa6b?s=96&d=mm&r=g","contentUrl":"https:\/\/secure.gravatar.com\/avatar\/e0a867bdedb85fd243eadf09663511f96fc81e0720a4a42581f334ad4303aa6b?s=96&d=mm&r=g","caption":"Reda\u00e7\u00e3o"}}]}},"amp_enabled":true,"_links":{"self":[{"href":"https:\/\/www.notibras.com\/site\/wp-json\/wp\/v2\/posts\/311751","targetHints":{"allow":["GET"]}}],"collection":[{"href":"https:\/\/www.notibras.com\/site\/wp-json\/wp\/v2\/posts"}],"about":[{"href":"https:\/\/www.notibras.com\/site\/wp-json\/wp\/v2\/types\/post"}],"author":[{"embeddable":true,"href":"https:\/\/www.notibras.com\/site\/wp-json\/wp\/v2\/users\/2"}],"replies":[{"embeddable":true,"href":"https:\/\/www.notibras.com\/site\/wp-json\/wp\/v2\/comments?post=311751"}],"version-history":[{"count":3,"href":"https:\/\/www.notibras.com\/site\/wp-json\/wp\/v2\/posts\/311751\/revisions"}],"predecessor-version":[{"id":311788,"href":"https:\/\/www.notibras.com\/site\/wp-json\/wp\/v2\/posts\/311751\/revisions\/311788"}],"wp:featuredmedia":[{"embeddable":true,"href":"https:\/\/www.notibras.com\/site\/wp-json\/wp\/v2\/media\/311753"}],"wp:attachment":[{"href":"https:\/\/www.notibras.com\/site\/wp-json\/wp\/v2\/media?parent=311751"}],"wp:term":[{"taxonomy":"category","embeddable":true,"href":"https:\/\/www.notibras.com\/site\/wp-json\/wp\/v2\/categories?post=311751"},{"taxonomy":"post_tag","embeddable":true,"href":"https:\/\/www.notibras.com\/site\/wp-json\/wp\/v2\/tags?post=311751"}],"curies":[{"name":"wp","href":"https:\/\/api.w.org\/{rel}","templated":true}]}}