{"id":311766,"date":"2023-08-28T00:00:47","date_gmt":"2023-08-28T03:00:47","guid":{"rendered":"https:\/\/www.notibras.com\/site\/?p=311766"},"modified":"2023-08-28T07:50:48","modified_gmt":"2023-08-28T10:50:48","slug":"biblioteca-comunitaria-reune-10-mil-obras-e-sonhos","status":"publish","type":"post","link":"https:\/\/www.notibras.com\/site\/biblioteca-comunitaria-reune-10-mil-obras-e-sonhos\/","title":{"rendered":"Biblioteca comunit\u00e1ria re\u00fane 10 mil obras e sonhos"},"content":{"rendered":"<p>O livro em uma m\u00e3o e a bola na outra. Para Andr\u00e9, de 9 anos, a tela do celular n\u00e3o atrai como a hist\u00f3ria ilustrada de Romeu e Julieta. Ele achou a hist\u00f3ria desse tal de William Shakespeare at\u00e9 criativa. E o suficiente para deixar a tela pequena de lado. \u201cNo celular, \u00e9 tudo sempre igual. O livro \u00e9 sempre diferente\u201d, diz o garoto, morador da regi\u00e3o administrativa de S\u00e3o Sebasti\u00e3o, a 35 quil\u00f4metros do centro de Bras\u00edlia.<\/p>\n<p>Ele \u00e9 um dos leitores ass\u00edduos da Biblioteca Comunit\u00e1ria do Bosque, uma iniciativa de um casal formado por um ex-vigilante aposentado, Sebasti\u00e3o Jos\u00e9 Borges, de 52 anos, e de uma dona de casa, Dilma Mendes, de 58 anos, apaixonados por literatura.<\/p>\n<p>Bibliotecas comunit\u00e1rias como a deles podem vir a ser contempladas por uma iniciativa do Minist\u00e9rio da Cultura, que lan\u00e7ou, no dia 17 deste m\u00eas, o edital do Pr\u00eamio Pontos de Leitura 2023. Segundo o edital, ser\u00e3o destinados R$ 9 milh\u00f5es para premiar 300 bibliotecas comunit\u00e1rias por suas a\u00e7\u00f5es de promo\u00e7\u00e3o da leitura e da literatura com o valor bruto de R$ 30 mil para cada<\/p>\n<p>Nessa biblioteca em S\u00e3o Sebasti\u00e3o, o acervo \u00e9 de mais de 10 mil livros. Todos chegaram por doa\u00e7\u00e3o. Eles n\u00e3o esperavam que a ideia gerada em 2004 e que tomou forma no ano seguinte tomasse forma de realidade. Inconformados com a falta de ponto de cultura e divers\u00e3o no lugar em que moravam, passaram a movimentar a vizinhan\u00e7a. Primeiro, com a pr\u00e1tica de esportes.<\/p>\n<p>Depois, viram que o livro poderia mexer com a comunidade. Pouco a pouco, a sala da biblioteca na frente da casa deles foi sendo tomada por estantes e obras que faziam as pessoas viajar, assim como sempre fizeram com Sebasti\u00e3o, o ex-vigilante fascinado por Guimar\u00e3es Rosa e as agruras de Grande Sert\u00e3o: Veredas. \u201cGosto da hist\u00f3ria do povo sertanejo\u201d, diz.<\/p>\n<p>A biblioteca era para funcionar \u201csomente\u201d de segunda a sexta-feira. Mas a batida no port\u00e3o \u00e9 de domingo a domingo.<\/p>\n<p>\u201cNosso trabalho \u00e9 muito simples. N\u00f3s nos sentimos vitoriosos quando algu\u00e9m diz que deixou de lado os celulares e os computadores porque est\u00e3o empolgados com os livros\u201d.<\/p>\n<p>Empolgada, ali\u00e1s, \u00e9 uma palavra utilizada pela aposentada Lucivalda Lopes, de 54 anos de idade, quando fala dos romances de fic\u00e7\u00e3o que leva a tiracolo por onde vai. \u201cN\u00e3o assisto mais novelas. Meu neg\u00f3cio \u00e9 o romance. Me perco at\u00e9 no hor\u00e1rio\u201d. Agora, a tentativa dela \u00e9 fazer com que o filho e os netos a acompanhem nessa mania. \u201cVenho todos os dias na biblioteca comunit\u00e1ria\u201d.<\/p>\n<p>Ocorre que a biblioteca para a comunidade ganhou um significado at\u00e9 maior do que a reuni\u00e3o dos livros. O ponto de cultura promove na rua feira liter\u00e1ria, festas culturais, a\u00e7\u00f5es de solidariedade que deixaram o lugar famoso na regi\u00e3o, que \u00e9 um dos mais carentes do Distrito Federal.<\/p>\n<p><strong>Mobiliza\u00e7\u00e3o<\/strong><br \/>\nPara o diretor de livro, leitura, literatura e Bibliotecas do Minist\u00e9rio da Cultura, J\u00e9ferson Assum\u00e7\u00e3o, pela fun\u00e7\u00e3o que as bibliotecas exercem, \u00e9 necess\u00e1rio apoio, como o do edital lan\u00e7ado neste m\u00eas. \u201cSignifica reconhecer a import\u00e2ncia dessa mobiliza\u00e7\u00e3o que \u00e9 para colocar o livro naqueles lugares que, muitas vezes, n\u00e3o t\u00eam equipamentos culturais, t\u00eam uma mobiliza\u00e7\u00e3o\u201d.<\/p>\n<p>Ele identifica que a biblioteca comunit\u00e1ria \u00e9 capaz de estabelecer rela\u00e7\u00f5es de formas aut\u00f4nomas. \u201cAtua na promo\u00e7\u00e3o da diversidade e tamb\u00e9m no combate \u00e0 desigualdade. Isso \u00e9 algo muito importante. Existem bibliotecas comunit\u00e1rias no Brasil inteiro e a criatividade do brasileiro \u00e9 muito grande\u201d.<\/p>\n<p><strong>Contra desinforma\u00e7\u00e3o<\/strong><br \/>\nEle concorda que a comunidade passa a se organizar em volta desse lugar, que \u00e9 um ponto de cultura e excede at\u00e9 a pr\u00f3pria figura do livro.<\/p>\n<p>\u201cA gente est\u00e1 lendo um livro e est\u00e1 nos instrumentalizando cada vez mais para ler a complexidade do mundo\u201d.<\/p>\n<p>As bibliotecas comunit\u00e1rias, no entender dele, t\u00eam esse papel de servir como um espa\u00e7o que congrega as pessoas. &#8220;S\u00e3o fundamentais para compreendermos um mundo cada vez mais fragmentado, cheio de ru\u00eddo e de desinforma\u00e7\u00e3o que inundam a sociedade\u201d.<\/p>\n","protected":false},"excerpt":{"rendered":"<p>O livro em uma m\u00e3o e a bola na outra. Para Andr\u00e9, de 9 anos, a tela do celular n\u00e3o atrai como a hist\u00f3ria ilustrada de Romeu e Julieta. Ele achou a hist\u00f3ria desse tal de William Shakespeare at\u00e9 criativa. E o suficiente para deixar a tela pequena de lado. \u201cNo celular, \u00e9 tudo sempre [&hellip;]<\/p>\n","protected":false},"author":2,"featured_media":311767,"comment_status":"closed","ping_status":"closed","sticky":false,"template":"","format":"standard","meta":{"_acf_changed":false,"footnotes":""},"categories":[161],"tags":[],"class_list":["post-311766","post","type-post","status-publish","format-standard","has-post-thumbnail","hentry","category-quadradinho-em-foco"],"acf":[],"yoast_head":"<!-- This site is optimized with the Yoast SEO plugin v27.2 - https:\/\/yoast.com\/product\/yoast-seo-wordpress\/ -->\n<title>Biblioteca comunit\u00e1ria re\u00fane 10 mil obras e sonhos - Notibras<\/title>\n<meta name=\"robots\" content=\"index, follow, max-snippet:-1, max-image-preview:large, max-video-preview:-1\" \/>\n<link rel=\"canonical\" href=\"https:\/\/www.notibras.com\/site\/biblioteca-comunitaria-reune-10-mil-obras-e-sonhos\/\" \/>\n<meta property=\"og:locale\" content=\"pt_BR\" \/>\n<meta property=\"og:type\" content=\"article\" \/>\n<meta property=\"og:title\" content=\"Biblioteca comunit\u00e1ria re\u00fane 10 mil obras e sonhos - Notibras\" \/>\n<meta property=\"og:description\" content=\"O livro em uma m\u00e3o e a bola na outra. Para Andr\u00e9, de 9 anos, a tela do celular n\u00e3o atrai como a hist\u00f3ria ilustrada de Romeu e Julieta. Ele achou a hist\u00f3ria desse tal de William Shakespeare at\u00e9 criativa. E o suficiente para deixar a tela pequena de lado. \u201cNo celular, \u00e9 tudo sempre [&hellip;]\" \/>\n<meta property=\"og:url\" content=\"https:\/\/www.notibras.com\/site\/biblioteca-comunitaria-reune-10-mil-obras-e-sonhos\/\" \/>\n<meta property=\"og:site_name\" content=\"Notibras\" \/>\n<meta property=\"article:publisher\" content=\"https:\/\/www.facebook.com\/notibras\/\" \/>\n<meta property=\"article:published_time\" content=\"2023-08-28T03:00:47+00:00\" \/>\n<meta property=\"article:modified_time\" content=\"2023-08-28T10:50:48+00:00\" \/>\n<meta property=\"og:image\" content=\"https:\/\/www.notibras.com\/site\/wp-content\/uploads\/2023\/08\/124a9009.jpg\" \/>\n\t<meta property=\"og:image:width\" content=\"1170\" \/>\n\t<meta property=\"og:image:height\" content=\"700\" \/>\n\t<meta property=\"og:image:type\" content=\"image\/jpeg\" \/>\n<meta name=\"author\" content=\"Reda\u00e7\u00e3o\" \/>\n<meta name=\"twitter:card\" content=\"summary_large_image\" \/>\n<meta name=\"twitter:creator\" content=\"@Notibras\" \/>\n<meta name=\"twitter:site\" content=\"@Notibras\" \/>\n<meta name=\"twitter:label1\" content=\"Escrito por\" \/>\n\t<meta name=\"twitter:data1\" content=\"Reda\u00e7\u00e3o\" \/>\n\t<meta name=\"twitter:label2\" content=\"Est. tempo de leitura\" \/>\n\t<meta name=\"twitter:data2\" content=\"4 minutos\" \/>\n<script type=\"application\/ld+json\" class=\"yoast-schema-graph\">{\"@context\":\"https:\/\/schema.org\",\"@graph\":[{\"@type\":\"Article\",\"@id\":\"https:\/\/www.notibras.com\/site\/biblioteca-comunitaria-reune-10-mil-obras-e-sonhos\/#article\",\"isPartOf\":{\"@id\":\"https:\/\/www.notibras.com\/site\/biblioteca-comunitaria-reune-10-mil-obras-e-sonhos\/\"},\"author\":{\"name\":\"Reda\u00e7\u00e3o\",\"@id\":\"https:\/\/www.notibras.com\/site\/#\/schema\/person\/36ab0979449956132d3e5b517ea76ac8\"},\"headline\":\"Biblioteca comunit\u00e1ria re\u00fane 10 mil obras e sonhos\",\"datePublished\":\"2023-08-28T03:00:47+00:00\",\"dateModified\":\"2023-08-28T10:50:48+00:00\",\"mainEntityOfPage\":{\"@id\":\"https:\/\/www.notibras.com\/site\/biblioteca-comunitaria-reune-10-mil-obras-e-sonhos\/\"},\"wordCount\":710,\"publisher\":{\"@id\":\"https:\/\/www.notibras.com\/site\/#organization\"},\"image\":{\"@id\":\"https:\/\/www.notibras.com\/site\/biblioteca-comunitaria-reune-10-mil-obras-e-sonhos\/#primaryimage\"},\"thumbnailUrl\":\"https:\/\/www.notibras.com\/site\/wp-content\/uploads\/2023\/08\/124a9009.jpg\",\"articleSection\":[\"Quadradinho em Foco\"],\"inLanguage\":\"pt-BR\"},{\"@type\":\"WebPage\",\"@id\":\"https:\/\/www.notibras.com\/site\/biblioteca-comunitaria-reune-10-mil-obras-e-sonhos\/\",\"url\":\"https:\/\/www.notibras.com\/site\/biblioteca-comunitaria-reune-10-mil-obras-e-sonhos\/\",\"name\":\"Biblioteca comunit\u00e1ria re\u00fane 10 mil obras e sonhos - Notibras\",\"isPartOf\":{\"@id\":\"https:\/\/www.notibras.com\/site\/#website\"},\"primaryImageOfPage\":{\"@id\":\"https:\/\/www.notibras.com\/site\/biblioteca-comunitaria-reune-10-mil-obras-e-sonhos\/#primaryimage\"},\"image\":{\"@id\":\"https:\/\/www.notibras.com\/site\/biblioteca-comunitaria-reune-10-mil-obras-e-sonhos\/#primaryimage\"},\"thumbnailUrl\":\"https:\/\/www.notibras.com\/site\/wp-content\/uploads\/2023\/08\/124a9009.jpg\",\"datePublished\":\"2023-08-28T03:00:47+00:00\",\"dateModified\":\"2023-08-28T10:50:48+00:00\",\"breadcrumb\":{\"@id\":\"https:\/\/www.notibras.com\/site\/biblioteca-comunitaria-reune-10-mil-obras-e-sonhos\/#breadcrumb\"},\"inLanguage\":\"pt-BR\",\"potentialAction\":[{\"@type\":\"ReadAction\",\"target\":[\"https:\/\/www.notibras.com\/site\/biblioteca-comunitaria-reune-10-mil-obras-e-sonhos\/\"]}]},{\"@type\":\"ImageObject\",\"inLanguage\":\"pt-BR\",\"@id\":\"https:\/\/www.notibras.com\/site\/biblioteca-comunitaria-reune-10-mil-obras-e-sonhos\/#primaryimage\",\"url\":\"https:\/\/www.notibras.com\/site\/wp-content\/uploads\/2023\/08\/124a9009.jpg\",\"contentUrl\":\"https:\/\/www.notibras.com\/site\/wp-content\/uploads\/2023\/08\/124a9009.jpg\",\"width\":1170,\"height\":700,\"caption\":\"Bras\u00edlia(DF), 23\/08\/2023 - Lucivalda Alves frequentadora da Biblioteca do Bosque, em S\u00e3o Sebasti\u00e3o (DF).Foto:Wilson Dias\/Ag\u00eancia Brasil\"},{\"@type\":\"BreadcrumbList\",\"@id\":\"https:\/\/www.notibras.com\/site\/biblioteca-comunitaria-reune-10-mil-obras-e-sonhos\/#breadcrumb\",\"itemListElement\":[{\"@type\":\"ListItem\",\"position\":1,\"name\":\"In\u00edcio\",\"item\":\"https:\/\/www.notibras.com\/site\/\"},{\"@type\":\"ListItem\",\"position\":2,\"name\":\"Biblioteca comunit\u00e1ria re\u00fane 10 mil obras e sonhos\"}]},{\"@type\":\"WebSite\",\"@id\":\"https:\/\/www.notibras.com\/site\/#website\",\"url\":\"https:\/\/www.notibras.com\/site\/\",\"name\":\"Notibras\",\"description\":\"Not\u00edcias de Bras\u00edlia, do Brasil e do Mundo\",\"publisher\":{\"@id\":\"https:\/\/www.notibras.com\/site\/#organization\"},\"potentialAction\":[{\"@type\":\"SearchAction\",\"target\":{\"@type\":\"EntryPoint\",\"urlTemplate\":\"https:\/\/www.notibras.com\/site\/?s={search_term_string}\"},\"query-input\":{\"@type\":\"PropertyValueSpecification\",\"valueRequired\":true,\"valueName\":\"search_term_string\"}}],\"inLanguage\":\"pt-BR\"},{\"@type\":\"Organization\",\"@id\":\"https:\/\/www.notibras.com\/site\/#organization\",\"name\":\"Grupo Notibras de Comunica\u00e7\u00e3o\",\"url\":\"https:\/\/www.notibras.com\/site\/\",\"logo\":{\"@type\":\"ImageObject\",\"inLanguage\":\"pt-BR\",\"@id\":\"https:\/\/www.notibras.com\/site\/#\/schema\/logo\/image\/\",\"url\":\"https:\/\/www.notibras.com\/site\/wp-content\/uploads\/2023\/01\/notibras23.png\",\"contentUrl\":\"https:\/\/www.notibras.com\/site\/wp-content\/uploads\/2023\/01\/notibras23.png\",\"width\":350,\"height\":87,\"caption\":\"Grupo Notibras de Comunica\u00e7\u00e3o\"},\"image\":{\"@id\":\"https:\/\/www.notibras.com\/site\/#\/schema\/logo\/image\/\"},\"sameAs\":[\"https:\/\/www.facebook.com\/notibras\/\",\"https:\/\/x.com\/Notibras\",\"https:\/\/www.instagram.com\/notibras\/\"]},{\"@type\":\"Person\",\"@id\":\"https:\/\/www.notibras.com\/site\/#\/schema\/person\/36ab0979449956132d3e5b517ea76ac8\",\"name\":\"Reda\u00e7\u00e3o\",\"image\":{\"@type\":\"ImageObject\",\"inLanguage\":\"pt-BR\",\"@id\":\"https:\/\/secure.gravatar.com\/avatar\/e0a867bdedb85fd243eadf09663511f96fc81e0720a4a42581f334ad4303aa6b?s=96&d=mm&r=g\",\"url\":\"https:\/\/secure.gravatar.com\/avatar\/e0a867bdedb85fd243eadf09663511f96fc81e0720a4a42581f334ad4303aa6b?s=96&d=mm&r=g\",\"contentUrl\":\"https:\/\/secure.gravatar.com\/avatar\/e0a867bdedb85fd243eadf09663511f96fc81e0720a4a42581f334ad4303aa6b?s=96&d=mm&r=g\",\"caption\":\"Reda\u00e7\u00e3o\"}}]}<\/script>\n<!-- \/ Yoast SEO plugin. -->","yoast_head_json":{"title":"Biblioteca comunit\u00e1ria re\u00fane 10 mil obras e sonhos - Notibras","robots":{"index":"index","follow":"follow","max-snippet":"max-snippet:-1","max-image-preview":"max-image-preview:large","max-video-preview":"max-video-preview:-1"},"canonical":"https:\/\/www.notibras.com\/site\/biblioteca-comunitaria-reune-10-mil-obras-e-sonhos\/","og_locale":"pt_BR","og_type":"article","og_title":"Biblioteca comunit\u00e1ria re\u00fane 10 mil obras e sonhos - Notibras","og_description":"O livro em uma m\u00e3o e a bola na outra. Para Andr\u00e9, de 9 anos, a tela do celular n\u00e3o atrai como a hist\u00f3ria ilustrada de Romeu e Julieta. Ele achou a hist\u00f3ria desse tal de William Shakespeare at\u00e9 criativa. E o suficiente para deixar a tela pequena de lado. \u201cNo celular, \u00e9 tudo sempre [&hellip;]","og_url":"https:\/\/www.notibras.com\/site\/biblioteca-comunitaria-reune-10-mil-obras-e-sonhos\/","og_site_name":"Notibras","article_publisher":"https:\/\/www.facebook.com\/notibras\/","article_published_time":"2023-08-28T03:00:47+00:00","article_modified_time":"2023-08-28T10:50:48+00:00","og_image":[{"width":1170,"height":700,"url":"https:\/\/www.notibras.com\/site\/wp-content\/uploads\/2023\/08\/124a9009.jpg","type":"image\/jpeg"}],"author":"Reda\u00e7\u00e3o","twitter_card":"summary_large_image","twitter_creator":"@Notibras","twitter_site":"@Notibras","twitter_misc":{"Escrito por":"Reda\u00e7\u00e3o","Est. tempo de leitura":"4 minutos"},"schema":{"@context":"https:\/\/schema.org","@graph":[{"@type":"Article","@id":"https:\/\/www.notibras.com\/site\/biblioteca-comunitaria-reune-10-mil-obras-e-sonhos\/#article","isPartOf":{"@id":"https:\/\/www.notibras.com\/site\/biblioteca-comunitaria-reune-10-mil-obras-e-sonhos\/"},"author":{"name":"Reda\u00e7\u00e3o","@id":"https:\/\/www.notibras.com\/site\/#\/schema\/person\/36ab0979449956132d3e5b517ea76ac8"},"headline":"Biblioteca comunit\u00e1ria re\u00fane 10 mil obras e sonhos","datePublished":"2023-08-28T03:00:47+00:00","dateModified":"2023-08-28T10:50:48+00:00","mainEntityOfPage":{"@id":"https:\/\/www.notibras.com\/site\/biblioteca-comunitaria-reune-10-mil-obras-e-sonhos\/"},"wordCount":710,"publisher":{"@id":"https:\/\/www.notibras.com\/site\/#organization"},"image":{"@id":"https:\/\/www.notibras.com\/site\/biblioteca-comunitaria-reune-10-mil-obras-e-sonhos\/#primaryimage"},"thumbnailUrl":"https:\/\/www.notibras.com\/site\/wp-content\/uploads\/2023\/08\/124a9009.jpg","articleSection":["Quadradinho em Foco"],"inLanguage":"pt-BR"},{"@type":"WebPage","@id":"https:\/\/www.notibras.com\/site\/biblioteca-comunitaria-reune-10-mil-obras-e-sonhos\/","url":"https:\/\/www.notibras.com\/site\/biblioteca-comunitaria-reune-10-mil-obras-e-sonhos\/","name":"Biblioteca comunit\u00e1ria re\u00fane 10 mil obras e sonhos - Notibras","isPartOf":{"@id":"https:\/\/www.notibras.com\/site\/#website"},"primaryImageOfPage":{"@id":"https:\/\/www.notibras.com\/site\/biblioteca-comunitaria-reune-10-mil-obras-e-sonhos\/#primaryimage"},"image":{"@id":"https:\/\/www.notibras.com\/site\/biblioteca-comunitaria-reune-10-mil-obras-e-sonhos\/#primaryimage"},"thumbnailUrl":"https:\/\/www.notibras.com\/site\/wp-content\/uploads\/2023\/08\/124a9009.jpg","datePublished":"2023-08-28T03:00:47+00:00","dateModified":"2023-08-28T10:50:48+00:00","breadcrumb":{"@id":"https:\/\/www.notibras.com\/site\/biblioteca-comunitaria-reune-10-mil-obras-e-sonhos\/#breadcrumb"},"inLanguage":"pt-BR","potentialAction":[{"@type":"ReadAction","target":["https:\/\/www.notibras.com\/site\/biblioteca-comunitaria-reune-10-mil-obras-e-sonhos\/"]}]},{"@type":"ImageObject","inLanguage":"pt-BR","@id":"https:\/\/www.notibras.com\/site\/biblioteca-comunitaria-reune-10-mil-obras-e-sonhos\/#primaryimage","url":"https:\/\/www.notibras.com\/site\/wp-content\/uploads\/2023\/08\/124a9009.jpg","contentUrl":"https:\/\/www.notibras.com\/site\/wp-content\/uploads\/2023\/08\/124a9009.jpg","width":1170,"height":700,"caption":"Bras\u00edlia(DF), 23\/08\/2023 - Lucivalda Alves frequentadora da Biblioteca do Bosque, em S\u00e3o Sebasti\u00e3o (DF).Foto:Wilson Dias\/Ag\u00eancia Brasil"},{"@type":"BreadcrumbList","@id":"https:\/\/www.notibras.com\/site\/biblioteca-comunitaria-reune-10-mil-obras-e-sonhos\/#breadcrumb","itemListElement":[{"@type":"ListItem","position":1,"name":"In\u00edcio","item":"https:\/\/www.notibras.com\/site\/"},{"@type":"ListItem","position":2,"name":"Biblioteca comunit\u00e1ria re\u00fane 10 mil obras e sonhos"}]},{"@type":"WebSite","@id":"https:\/\/www.notibras.com\/site\/#website","url":"https:\/\/www.notibras.com\/site\/","name":"Notibras","description":"Not\u00edcias de Bras\u00edlia, do Brasil e do Mundo","publisher":{"@id":"https:\/\/www.notibras.com\/site\/#organization"},"potentialAction":[{"@type":"SearchAction","target":{"@type":"EntryPoint","urlTemplate":"https:\/\/www.notibras.com\/site\/?s={search_term_string}"},"query-input":{"@type":"PropertyValueSpecification","valueRequired":true,"valueName":"search_term_string"}}],"inLanguage":"pt-BR"},{"@type":"Organization","@id":"https:\/\/www.notibras.com\/site\/#organization","name":"Grupo Notibras de Comunica\u00e7\u00e3o","url":"https:\/\/www.notibras.com\/site\/","logo":{"@type":"ImageObject","inLanguage":"pt-BR","@id":"https:\/\/www.notibras.com\/site\/#\/schema\/logo\/image\/","url":"https:\/\/www.notibras.com\/site\/wp-content\/uploads\/2023\/01\/notibras23.png","contentUrl":"https:\/\/www.notibras.com\/site\/wp-content\/uploads\/2023\/01\/notibras23.png","width":350,"height":87,"caption":"Grupo Notibras de Comunica\u00e7\u00e3o"},"image":{"@id":"https:\/\/www.notibras.com\/site\/#\/schema\/logo\/image\/"},"sameAs":["https:\/\/www.facebook.com\/notibras\/","https:\/\/x.com\/Notibras","https:\/\/www.instagram.com\/notibras\/"]},{"@type":"Person","@id":"https:\/\/www.notibras.com\/site\/#\/schema\/person\/36ab0979449956132d3e5b517ea76ac8","name":"Reda\u00e7\u00e3o","image":{"@type":"ImageObject","inLanguage":"pt-BR","@id":"https:\/\/secure.gravatar.com\/avatar\/e0a867bdedb85fd243eadf09663511f96fc81e0720a4a42581f334ad4303aa6b?s=96&d=mm&r=g","url":"https:\/\/secure.gravatar.com\/avatar\/e0a867bdedb85fd243eadf09663511f96fc81e0720a4a42581f334ad4303aa6b?s=96&d=mm&r=g","contentUrl":"https:\/\/secure.gravatar.com\/avatar\/e0a867bdedb85fd243eadf09663511f96fc81e0720a4a42581f334ad4303aa6b?s=96&d=mm&r=g","caption":"Reda\u00e7\u00e3o"}}]}},"amp_enabled":true,"_links":{"self":[{"href":"https:\/\/www.notibras.com\/site\/wp-json\/wp\/v2\/posts\/311766","targetHints":{"allow":["GET"]}}],"collection":[{"href":"https:\/\/www.notibras.com\/site\/wp-json\/wp\/v2\/posts"}],"about":[{"href":"https:\/\/www.notibras.com\/site\/wp-json\/wp\/v2\/types\/post"}],"author":[{"embeddable":true,"href":"https:\/\/www.notibras.com\/site\/wp-json\/wp\/v2\/users\/2"}],"replies":[{"embeddable":true,"href":"https:\/\/www.notibras.com\/site\/wp-json\/wp\/v2\/comments?post=311766"}],"version-history":[{"count":1,"href":"https:\/\/www.notibras.com\/site\/wp-json\/wp\/v2\/posts\/311766\/revisions"}],"predecessor-version":[{"id":311768,"href":"https:\/\/www.notibras.com\/site\/wp-json\/wp\/v2\/posts\/311766\/revisions\/311768"}],"wp:featuredmedia":[{"embeddable":true,"href":"https:\/\/www.notibras.com\/site\/wp-json\/wp\/v2\/media\/311767"}],"wp:attachment":[{"href":"https:\/\/www.notibras.com\/site\/wp-json\/wp\/v2\/media?parent=311766"}],"wp:term":[{"taxonomy":"category","embeddable":true,"href":"https:\/\/www.notibras.com\/site\/wp-json\/wp\/v2\/categories?post=311766"},{"taxonomy":"post_tag","embeddable":true,"href":"https:\/\/www.notibras.com\/site\/wp-json\/wp\/v2\/tags?post=311766"}],"curies":[{"name":"wp","href":"https:\/\/api.w.org\/{rel}","templated":true}]}}