{"id":311800,"date":"2023-08-28T18:52:16","date_gmt":"2023-08-28T21:52:16","guid":{"rendered":"https:\/\/www.notibras.com\/site\/?p=311800"},"modified":"2023-08-28T18:54:55","modified_gmt":"2023-08-28T21:54:55","slug":"preco-mais-barato-do-cigarro-estimula-jovem-a-virar-tabagista","status":"publish","type":"post","link":"https:\/\/www.notibras.com\/site\/preco-mais-barato-do-cigarro-estimula-jovem-a-virar-tabagista\/","title":{"rendered":"Pre\u00e7o mais barato do cigarro estimula jovem a virar tabagista"},"content":{"rendered":"<p>Pesquisa divulgada nesta segunda-feira (28) pelo Instituto Nacional de C\u00e2ncer (Inca), no Rio de Janeiro, refor\u00e7a um fato observado por pesquisadores h\u00e1 alguns anos: o pre\u00e7o do cigarro fabricado no Brasil, bem como do cigarro contrabandeado, \u00e9 baixo.<\/p>\n<p>\u201cDesde 2017, n\u00e3o h\u00e1 reajuste, nem do imposto que incide sobre os produtos derivados do tabaco, nem sobre o pre\u00e7o m\u00ednimo estabelecido por lei. O pre\u00e7o est\u00e1 congelado desde o final de 2016\u201d, afirma o pesquisador da Divis\u00e3o de Pesquisa Populacional &#8211; Coordena\u00e7\u00e3o de Preven\u00e7\u00e3o e Vigil\u00e2ncia (Conprev) do Inca, Andr\u00e9 Szklo, autor do estudo in\u00e9dito The cigarette market in Brazil: new evidence on illicit practices from the 2019 National Health Survey [O mercado de cigarros no Brasil: novas evid\u00eancias sobre pr\u00e1ticas il\u00edcitas a partir da Pesquisa Nacional de Sa\u00fade 2019].<\/p>\n<p>O levantamento foi feito em parceria com a Universidade de Illinois, em Chicago, Estados Unidos, e publicado na Tobacco Control, uma das principais revistas sobre controle do tabaco no mundo.<\/p>\n<p>Andr\u00e9 Szklo afirmou que, com isso, a cada ano, o pre\u00e7o vai perdendo o seu valor real e fica mais acess\u00edvel para a popula\u00e7\u00e3o. Internamente, a ind\u00fastria n\u00e3o realiza aumento nominal no pre\u00e7o do produto.<\/p>\n<p>\u201c\u00c9 uma estrat\u00e9gia que acaba casando: n\u00e3o tem o reajuste da pol\u00edtica fiscal sobre os produtos derivados do tabaco e a ind\u00fastria pressiona para o pre\u00e7o ficar baixo, para inibir o contrabando. E o que a gente j\u00e1 est\u00e1 observando \u00e9 um reflexo natural na propor\u00e7\u00e3o de fumantes entre os jovens e adolescentes, especialmente meninas\u201d, acentuou.<\/p>\n<p><strong>Inicia\u00e7\u00e3o<\/strong><br \/>\nAssim, a popula\u00e7\u00e3o de adultos jovens e adolescentes, que n\u00e3o tem tantos recursos financeiros, \u00e9 a que vai acabar se \u201cbeneficiando\u201d de um pre\u00e7o do cigarro mais barato &#8211; o que favorece a inicia\u00e7\u00e3o precoce no fumo.<\/p>\n<p>\u201cA gente j\u00e1 est\u00e1 observando isso, que est\u00e1 havendo um aumento na propor\u00e7\u00e3o de fumantes entre adolescentes e jovens\u201d, disse Szklo. Para ele, a propor\u00e7\u00e3o de jovens adultos que fuma vinha recuando desde 1989, mas parou de cair &#8211; um reflexo direto do enfraquecimento da pol\u00edtica de pre\u00e7os e impostos, a principal diretriz para prevenir a inicia\u00e7\u00e3o ao fumo.<\/p>\n<p>O pesquisador do Inca reiterou que nunca esteve t\u00e3o baixa a rela\u00e7\u00e3o entre o pre\u00e7o do cigarro legal e do cigarro ilegal, mas negou que a principal solu\u00e7\u00e3o para coibir o contrabando seja reduzir o pre\u00e7o internamente. Mais de 25% das marcas ilegais que circulam no pa\u00eds s\u00e3o vendidas a um valor igual, ou levemente superior, ao pre\u00e7o m\u00ednimo estabelecido por lei para os cigarros legalizados, que est\u00e1 estagnado em R$ 5 o ma\u00e7o, desde 2016.<\/p>\n<p>O pre\u00e7o m\u00e9dio do cigarro adquirido por fumantes brasileiros alcan\u00e7a R$ 5,68. Nos estados que fazem fronteira com o Paraguai, o valor cai para R$ 4,96. \u201cEssa diferen\u00e7a est\u00e1 t\u00e3o reduzida que a gente tem quase uma jun\u00e7\u00e3o do pre\u00e7o do produto legal com o produto ilegal. O estudo conclui que, em algumas regi\u00f5es, isso \u00e9 mais cr\u00edtico e que o consumo do cigarro ilegal favorece tamb\u00e9m a inicia\u00e7\u00e3o no h\u00e1bito de fumar\u201d, salientou.<\/p>\n<p>O pesquisador disse que, desde 2017, a participa\u00e7\u00e3o do mercado ilegal vem caindo no mercado brasileiro porque o produto legal est\u00e1 praticamente sendo comercializado ao mesmo pre\u00e7o do cigarro ilegal.<\/p>\n<p>O reflexo disso est\u00e1 na sa\u00fade. \u201cQuando voc\u00ea tem aumento na propor\u00e7\u00e3o de fumantes, isso vai gerar um custo para o pa\u00eds. Hoje em dia, o Brasil gasta R$ 125 bilh\u00f5es &#8211; entre custos diretos e indiretos &#8211; com doen\u00e7as relacionadas ao uso de produtos derivados de tabaco, e a arrecada\u00e7\u00e3o, por exemplo, da ind\u00fastria de tabaco n\u00e3o cobre nem 10% disso\u201d, destacou.<\/p>\n<p><strong>Nova gera\u00e7\u00e3o<\/strong><br \/>\nEle argumentou que, quando se v\u00ea o pre\u00e7o do cigarro legal t\u00e3o barato, percebe-se que isso vai levar a um preju\u00edzo financeiro para o pa\u00eds a curto, m\u00e9dio e longo prazos.<\/p>\n<p>\u201cA gente est\u00e1 tendo uma nova gera\u00e7\u00e3o de fumantes que est\u00e1 substituindo uma parcela da popula\u00e7\u00e3o atual que, infelizmente, vir\u00e1 a falecer\u201d, revelou.<\/p>\n<p>Estudos publicados no pa\u00eds indicam que dois em cada tr\u00eas usu\u00e1rios atuais de tabaco vir\u00e3o a morrer em decorr\u00eancia do uso desses produtos. \u201cEnt\u00e3o, h\u00e1 uma necessidade de a ind\u00fastria do tabaco repor essa popula\u00e7\u00e3o que, atualmente, gera lucro. \u00c9 o que acontece quando a gente tem esse pre\u00e7o baixo\u201d, assegurou.<\/p>\n<p><strong>Solu\u00e7\u00e3o<\/strong><br \/>\nO pesquisador defendeu, ainda, que a solu\u00e7\u00e3o para todo esse cen\u00e1rio \u00e9 voltar a aumentar o pre\u00e7o do cigarro fabricado no Brasil, retomar a pol\u00edtica tribut\u00e1ria aumentando as al\u00edquotas dos impostos que incidem sobre os produtos derivados do tabaco, reajustar o pre\u00e7o m\u00ednimo estabelecido por lei e, em paralelo, implementar o Protocolo para Eliminar o Com\u00e9rcio Il\u00edcito de Produtos de Tabaco, ratificado pelo Estado em 2018.<\/p>\n<p>\u201cExiste uma medida prevista para o Brasil para combater o mercado ilegal. \u00c9 uma medida do Estado que ratificou esse protocolo e precisa implementar. S\u00e3o duas medidas que t\u00eam de andar paralelamente\u201d, disse.<\/p>\n<p>Ele salientou tamb\u00e9m que a reforma tribut\u00e1ria, que est\u00e1 sendo discutida no Congresso Nacional, \u00e9 uma \u201coportunidade de ouro\u201d para se fortalecer essa necessidade do imposto seletivo sobre os produtos do tabaco, de forma a assegurar que a arrecada\u00e7\u00e3o desse tributo seletivo possa ser revertida em a\u00e7\u00f5es de tratamento e de preven\u00e7\u00e3o e em iniciativas de conscientiza\u00e7\u00e3o, visando inibir essa inicia\u00e7\u00e3o ao fumo e, tamb\u00e9m, possa estimular a cessa\u00e7\u00e3o do h\u00e1bito entre os fumantes atuais.<\/p>\n<p>O cigarro legal brasileiro \u00e9 o segundo mais barato das Am\u00e9ricas. Ap\u00f3s a reforma tribut\u00e1ria de 2012, o pre\u00e7o m\u00e9dio do produto legal era quase 150% mais alto em rela\u00e7\u00e3o ao cigarro ilegal. Atualmente, essa diferen\u00e7a caiu pela metade.<\/p>\n<p>Ainda de acordo com a pesquisa, cerca de 40% dos cigarros consumidos no territ\u00f3rio nacional ainda pertencem a marcas que entram no Brasil de forma ilegal. Desde 2016, observa-se queda na propor\u00e7\u00e3o de consumo desses produtos nos estados, mas o percentual ainda \u00e9 elevado.<\/p>\n<p>Os dados da pesquisa ser\u00e3o detalhados durante evento virtual promovido pelo Inca nessa ter\u00e7a-feira (29), quando se comemora o Dia Nacional de Combate ao Fumo, com transmiss\u00e3o da TV Inca, no YouTube.<\/p>\n","protected":false},"excerpt":{"rendered":"<p>Pesquisa divulgada nesta segunda-feira (28) pelo Instituto Nacional de C\u00e2ncer (Inca), no Rio de Janeiro, refor\u00e7a um fato observado por pesquisadores h\u00e1 alguns anos: o pre\u00e7o do cigarro fabricado no Brasil, bem como do cigarro contrabandeado, \u00e9 baixo. \u201cDesde 2017, n\u00e3o h\u00e1 reajuste, nem do imposto que incide sobre os produtos derivados do tabaco, nem [&hellip;]<\/p>\n","protected":false},"author":2,"featured_media":311801,"comment_status":"closed","ping_status":"closed","sticky":false,"template":"","format":"standard","meta":{"_acf_changed":false,"footnotes":""},"categories":[161],"tags":[95],"class_list":["post-311800","post","type-post","status-publish","format-standard","has-post-thumbnail","hentry","category-quadradinho-em-foco","tag-capa"],"acf":[],"yoast_head":"<!-- This site is optimized with the Yoast SEO plugin v27.2 - https:\/\/yoast.com\/product\/yoast-seo-wordpress\/ -->\n<title>Pre\u00e7o mais barato do cigarro estimula jovem a virar tabagista - Notibras<\/title>\n<meta name=\"robots\" content=\"index, follow, max-snippet:-1, max-image-preview:large, max-video-preview:-1\" \/>\n<link rel=\"canonical\" href=\"https:\/\/www.notibras.com\/site\/preco-mais-barato-do-cigarro-estimula-jovem-a-virar-tabagista\/\" \/>\n<meta property=\"og:locale\" content=\"pt_BR\" \/>\n<meta property=\"og:type\" content=\"article\" \/>\n<meta property=\"og:title\" content=\"Pre\u00e7o mais barato do cigarro estimula jovem a virar tabagista - Notibras\" \/>\n<meta property=\"og:description\" content=\"Pesquisa divulgada nesta segunda-feira (28) pelo Instituto Nacional de C\u00e2ncer (Inca), no Rio de Janeiro, refor\u00e7a um fato observado por pesquisadores h\u00e1 alguns anos: o pre\u00e7o do cigarro fabricado no Brasil, bem como do cigarro contrabandeado, \u00e9 baixo. \u201cDesde 2017, n\u00e3o h\u00e1 reajuste, nem do imposto que incide sobre os produtos derivados do tabaco, nem [&hellip;]\" \/>\n<meta property=\"og:url\" content=\"https:\/\/www.notibras.com\/site\/preco-mais-barato-do-cigarro-estimula-jovem-a-virar-tabagista\/\" \/>\n<meta property=\"og:site_name\" content=\"Notibras\" \/>\n<meta property=\"article:publisher\" content=\"https:\/\/www.facebook.com\/notibras\/\" \/>\n<meta property=\"article:published_time\" content=\"2023-08-28T21:52:16+00:00\" \/>\n<meta property=\"article:modified_time\" content=\"2023-08-28T21:54:55+00:00\" \/>\n<meta property=\"og:image\" content=\"https:\/\/www.notibras.com\/site\/wp-content\/uploads\/2023\/08\/cigarro-1.jpg\" \/>\n\t<meta property=\"og:image:width\" content=\"1170\" \/>\n\t<meta property=\"og:image:height\" content=\"700\" \/>\n\t<meta property=\"og:image:type\" content=\"image\/jpeg\" \/>\n<meta name=\"author\" content=\"Reda\u00e7\u00e3o\" \/>\n<meta name=\"twitter:card\" content=\"summary_large_image\" \/>\n<meta name=\"twitter:creator\" content=\"@Notibras\" \/>\n<meta name=\"twitter:site\" content=\"@Notibras\" \/>\n<meta name=\"twitter:label1\" content=\"Escrito por\" \/>\n\t<meta name=\"twitter:data1\" content=\"Reda\u00e7\u00e3o\" \/>\n\t<meta name=\"twitter:label2\" content=\"Est. tempo de leitura\" \/>\n\t<meta name=\"twitter:data2\" content=\"6 minutos\" \/>\n<script type=\"application\/ld+json\" class=\"yoast-schema-graph\">{\"@context\":\"https:\/\/schema.org\",\"@graph\":[{\"@type\":\"Article\",\"@id\":\"https:\/\/www.notibras.com\/site\/preco-mais-barato-do-cigarro-estimula-jovem-a-virar-tabagista\/#article\",\"isPartOf\":{\"@id\":\"https:\/\/www.notibras.com\/site\/preco-mais-barato-do-cigarro-estimula-jovem-a-virar-tabagista\/\"},\"author\":{\"name\":\"Reda\u00e7\u00e3o\",\"@id\":\"https:\/\/www.notibras.com\/site\/#\/schema\/person\/36ab0979449956132d3e5b517ea76ac8\"},\"headline\":\"Pre\u00e7o mais barato do cigarro estimula jovem a virar tabagista\",\"datePublished\":\"2023-08-28T21:52:16+00:00\",\"dateModified\":\"2023-08-28T21:54:55+00:00\",\"mainEntityOfPage\":{\"@id\":\"https:\/\/www.notibras.com\/site\/preco-mais-barato-do-cigarro-estimula-jovem-a-virar-tabagista\/\"},\"wordCount\":1089,\"publisher\":{\"@id\":\"https:\/\/www.notibras.com\/site\/#organization\"},\"image\":{\"@id\":\"https:\/\/www.notibras.com\/site\/preco-mais-barato-do-cigarro-estimula-jovem-a-virar-tabagista\/#primaryimage\"},\"thumbnailUrl\":\"https:\/\/www.notibras.com\/site\/wp-content\/uploads\/2023\/08\/cigarro-1.jpg\",\"keywords\":[\"capa\"],\"articleSection\":[\"Quadradinho em Foco\"],\"inLanguage\":\"pt-BR\"},{\"@type\":\"WebPage\",\"@id\":\"https:\/\/www.notibras.com\/site\/preco-mais-barato-do-cigarro-estimula-jovem-a-virar-tabagista\/\",\"url\":\"https:\/\/www.notibras.com\/site\/preco-mais-barato-do-cigarro-estimula-jovem-a-virar-tabagista\/\",\"name\":\"Pre\u00e7o mais barato do cigarro estimula jovem a virar tabagista - Notibras\",\"isPartOf\":{\"@id\":\"https:\/\/www.notibras.com\/site\/#website\"},\"primaryImageOfPage\":{\"@id\":\"https:\/\/www.notibras.com\/site\/preco-mais-barato-do-cigarro-estimula-jovem-a-virar-tabagista\/#primaryimage\"},\"image\":{\"@id\":\"https:\/\/www.notibras.com\/site\/preco-mais-barato-do-cigarro-estimula-jovem-a-virar-tabagista\/#primaryimage\"},\"thumbnailUrl\":\"https:\/\/www.notibras.com\/site\/wp-content\/uploads\/2023\/08\/cigarro-1.jpg\",\"datePublished\":\"2023-08-28T21:52:16+00:00\",\"dateModified\":\"2023-08-28T21:54:55+00:00\",\"breadcrumb\":{\"@id\":\"https:\/\/www.notibras.com\/site\/preco-mais-barato-do-cigarro-estimula-jovem-a-virar-tabagista\/#breadcrumb\"},\"inLanguage\":\"pt-BR\",\"potentialAction\":[{\"@type\":\"ReadAction\",\"target\":[\"https:\/\/www.notibras.com\/site\/preco-mais-barato-do-cigarro-estimula-jovem-a-virar-tabagista\/\"]}]},{\"@type\":\"ImageObject\",\"inLanguage\":\"pt-BR\",\"@id\":\"https:\/\/www.notibras.com\/site\/preco-mais-barato-do-cigarro-estimula-jovem-a-virar-tabagista\/#primaryimage\",\"url\":\"https:\/\/www.notibras.com\/site\/wp-content\/uploads\/2023\/08\/cigarro-1.jpg\",\"contentUrl\":\"https:\/\/www.notibras.com\/site\/wp-content\/uploads\/2023\/08\/cigarro-1.jpg\",\"width\":1170,\"height\":700},{\"@type\":\"BreadcrumbList\",\"@id\":\"https:\/\/www.notibras.com\/site\/preco-mais-barato-do-cigarro-estimula-jovem-a-virar-tabagista\/#breadcrumb\",\"itemListElement\":[{\"@type\":\"ListItem\",\"position\":1,\"name\":\"In\u00edcio\",\"item\":\"https:\/\/www.notibras.com\/site\/\"},{\"@type\":\"ListItem\",\"position\":2,\"name\":\"Pre\u00e7o mais barato do cigarro estimula jovem a virar tabagista\"}]},{\"@type\":\"WebSite\",\"@id\":\"https:\/\/www.notibras.com\/site\/#website\",\"url\":\"https:\/\/www.notibras.com\/site\/\",\"name\":\"Notibras\",\"description\":\"Not\u00edcias de Bras\u00edlia, do Brasil e do Mundo\",\"publisher\":{\"@id\":\"https:\/\/www.notibras.com\/site\/#organization\"},\"potentialAction\":[{\"@type\":\"SearchAction\",\"target\":{\"@type\":\"EntryPoint\",\"urlTemplate\":\"https:\/\/www.notibras.com\/site\/?s={search_term_string}\"},\"query-input\":{\"@type\":\"PropertyValueSpecification\",\"valueRequired\":true,\"valueName\":\"search_term_string\"}}],\"inLanguage\":\"pt-BR\"},{\"@type\":\"Organization\",\"@id\":\"https:\/\/www.notibras.com\/site\/#organization\",\"name\":\"Grupo Notibras de Comunica\u00e7\u00e3o\",\"url\":\"https:\/\/www.notibras.com\/site\/\",\"logo\":{\"@type\":\"ImageObject\",\"inLanguage\":\"pt-BR\",\"@id\":\"https:\/\/www.notibras.com\/site\/#\/schema\/logo\/image\/\",\"url\":\"https:\/\/www.notibras.com\/site\/wp-content\/uploads\/2023\/01\/notibras23.png\",\"contentUrl\":\"https:\/\/www.notibras.com\/site\/wp-content\/uploads\/2023\/01\/notibras23.png\",\"width\":350,\"height\":87,\"caption\":\"Grupo Notibras de Comunica\u00e7\u00e3o\"},\"image\":{\"@id\":\"https:\/\/www.notibras.com\/site\/#\/schema\/logo\/image\/\"},\"sameAs\":[\"https:\/\/www.facebook.com\/notibras\/\",\"https:\/\/x.com\/Notibras\",\"https:\/\/www.instagram.com\/notibras\/\"]},{\"@type\":\"Person\",\"@id\":\"https:\/\/www.notibras.com\/site\/#\/schema\/person\/36ab0979449956132d3e5b517ea76ac8\",\"name\":\"Reda\u00e7\u00e3o\",\"image\":{\"@type\":\"ImageObject\",\"inLanguage\":\"pt-BR\",\"@id\":\"https:\/\/secure.gravatar.com\/avatar\/e0a867bdedb85fd243eadf09663511f96fc81e0720a4a42581f334ad4303aa6b?s=96&d=mm&r=g\",\"url\":\"https:\/\/secure.gravatar.com\/avatar\/e0a867bdedb85fd243eadf09663511f96fc81e0720a4a42581f334ad4303aa6b?s=96&d=mm&r=g\",\"contentUrl\":\"https:\/\/secure.gravatar.com\/avatar\/e0a867bdedb85fd243eadf09663511f96fc81e0720a4a42581f334ad4303aa6b?s=96&d=mm&r=g\",\"caption\":\"Reda\u00e7\u00e3o\"}}]}<\/script>\n<!-- \/ Yoast SEO plugin. -->","yoast_head_json":{"title":"Pre\u00e7o mais barato do cigarro estimula jovem a virar tabagista - Notibras","robots":{"index":"index","follow":"follow","max-snippet":"max-snippet:-1","max-image-preview":"max-image-preview:large","max-video-preview":"max-video-preview:-1"},"canonical":"https:\/\/www.notibras.com\/site\/preco-mais-barato-do-cigarro-estimula-jovem-a-virar-tabagista\/","og_locale":"pt_BR","og_type":"article","og_title":"Pre\u00e7o mais barato do cigarro estimula jovem a virar tabagista - Notibras","og_description":"Pesquisa divulgada nesta segunda-feira (28) pelo Instituto Nacional de C\u00e2ncer (Inca), no Rio de Janeiro, refor\u00e7a um fato observado por pesquisadores h\u00e1 alguns anos: o pre\u00e7o do cigarro fabricado no Brasil, bem como do cigarro contrabandeado, \u00e9 baixo. \u201cDesde 2017, n\u00e3o h\u00e1 reajuste, nem do imposto que incide sobre os produtos derivados do tabaco, nem [&hellip;]","og_url":"https:\/\/www.notibras.com\/site\/preco-mais-barato-do-cigarro-estimula-jovem-a-virar-tabagista\/","og_site_name":"Notibras","article_publisher":"https:\/\/www.facebook.com\/notibras\/","article_published_time":"2023-08-28T21:52:16+00:00","article_modified_time":"2023-08-28T21:54:55+00:00","og_image":[{"width":1170,"height":700,"url":"https:\/\/www.notibras.com\/site\/wp-content\/uploads\/2023\/08\/cigarro-1.jpg","type":"image\/jpeg"}],"author":"Reda\u00e7\u00e3o","twitter_card":"summary_large_image","twitter_creator":"@Notibras","twitter_site":"@Notibras","twitter_misc":{"Escrito por":"Reda\u00e7\u00e3o","Est. tempo de leitura":"6 minutos"},"schema":{"@context":"https:\/\/schema.org","@graph":[{"@type":"Article","@id":"https:\/\/www.notibras.com\/site\/preco-mais-barato-do-cigarro-estimula-jovem-a-virar-tabagista\/#article","isPartOf":{"@id":"https:\/\/www.notibras.com\/site\/preco-mais-barato-do-cigarro-estimula-jovem-a-virar-tabagista\/"},"author":{"name":"Reda\u00e7\u00e3o","@id":"https:\/\/www.notibras.com\/site\/#\/schema\/person\/36ab0979449956132d3e5b517ea76ac8"},"headline":"Pre\u00e7o mais barato do cigarro estimula jovem a virar tabagista","datePublished":"2023-08-28T21:52:16+00:00","dateModified":"2023-08-28T21:54:55+00:00","mainEntityOfPage":{"@id":"https:\/\/www.notibras.com\/site\/preco-mais-barato-do-cigarro-estimula-jovem-a-virar-tabagista\/"},"wordCount":1089,"publisher":{"@id":"https:\/\/www.notibras.com\/site\/#organization"},"image":{"@id":"https:\/\/www.notibras.com\/site\/preco-mais-barato-do-cigarro-estimula-jovem-a-virar-tabagista\/#primaryimage"},"thumbnailUrl":"https:\/\/www.notibras.com\/site\/wp-content\/uploads\/2023\/08\/cigarro-1.jpg","keywords":["capa"],"articleSection":["Quadradinho em Foco"],"inLanguage":"pt-BR"},{"@type":"WebPage","@id":"https:\/\/www.notibras.com\/site\/preco-mais-barato-do-cigarro-estimula-jovem-a-virar-tabagista\/","url":"https:\/\/www.notibras.com\/site\/preco-mais-barato-do-cigarro-estimula-jovem-a-virar-tabagista\/","name":"Pre\u00e7o mais barato do cigarro estimula jovem a virar tabagista - Notibras","isPartOf":{"@id":"https:\/\/www.notibras.com\/site\/#website"},"primaryImageOfPage":{"@id":"https:\/\/www.notibras.com\/site\/preco-mais-barato-do-cigarro-estimula-jovem-a-virar-tabagista\/#primaryimage"},"image":{"@id":"https:\/\/www.notibras.com\/site\/preco-mais-barato-do-cigarro-estimula-jovem-a-virar-tabagista\/#primaryimage"},"thumbnailUrl":"https:\/\/www.notibras.com\/site\/wp-content\/uploads\/2023\/08\/cigarro-1.jpg","datePublished":"2023-08-28T21:52:16+00:00","dateModified":"2023-08-28T21:54:55+00:00","breadcrumb":{"@id":"https:\/\/www.notibras.com\/site\/preco-mais-barato-do-cigarro-estimula-jovem-a-virar-tabagista\/#breadcrumb"},"inLanguage":"pt-BR","potentialAction":[{"@type":"ReadAction","target":["https:\/\/www.notibras.com\/site\/preco-mais-barato-do-cigarro-estimula-jovem-a-virar-tabagista\/"]}]},{"@type":"ImageObject","inLanguage":"pt-BR","@id":"https:\/\/www.notibras.com\/site\/preco-mais-barato-do-cigarro-estimula-jovem-a-virar-tabagista\/#primaryimage","url":"https:\/\/www.notibras.com\/site\/wp-content\/uploads\/2023\/08\/cigarro-1.jpg","contentUrl":"https:\/\/www.notibras.com\/site\/wp-content\/uploads\/2023\/08\/cigarro-1.jpg","width":1170,"height":700},{"@type":"BreadcrumbList","@id":"https:\/\/www.notibras.com\/site\/preco-mais-barato-do-cigarro-estimula-jovem-a-virar-tabagista\/#breadcrumb","itemListElement":[{"@type":"ListItem","position":1,"name":"In\u00edcio","item":"https:\/\/www.notibras.com\/site\/"},{"@type":"ListItem","position":2,"name":"Pre\u00e7o mais barato do cigarro estimula jovem a virar tabagista"}]},{"@type":"WebSite","@id":"https:\/\/www.notibras.com\/site\/#website","url":"https:\/\/www.notibras.com\/site\/","name":"Notibras","description":"Not\u00edcias de Bras\u00edlia, do Brasil e do Mundo","publisher":{"@id":"https:\/\/www.notibras.com\/site\/#organization"},"potentialAction":[{"@type":"SearchAction","target":{"@type":"EntryPoint","urlTemplate":"https:\/\/www.notibras.com\/site\/?s={search_term_string}"},"query-input":{"@type":"PropertyValueSpecification","valueRequired":true,"valueName":"search_term_string"}}],"inLanguage":"pt-BR"},{"@type":"Organization","@id":"https:\/\/www.notibras.com\/site\/#organization","name":"Grupo Notibras de Comunica\u00e7\u00e3o","url":"https:\/\/www.notibras.com\/site\/","logo":{"@type":"ImageObject","inLanguage":"pt-BR","@id":"https:\/\/www.notibras.com\/site\/#\/schema\/logo\/image\/","url":"https:\/\/www.notibras.com\/site\/wp-content\/uploads\/2023\/01\/notibras23.png","contentUrl":"https:\/\/www.notibras.com\/site\/wp-content\/uploads\/2023\/01\/notibras23.png","width":350,"height":87,"caption":"Grupo Notibras de Comunica\u00e7\u00e3o"},"image":{"@id":"https:\/\/www.notibras.com\/site\/#\/schema\/logo\/image\/"},"sameAs":["https:\/\/www.facebook.com\/notibras\/","https:\/\/x.com\/Notibras","https:\/\/www.instagram.com\/notibras\/"]},{"@type":"Person","@id":"https:\/\/www.notibras.com\/site\/#\/schema\/person\/36ab0979449956132d3e5b517ea76ac8","name":"Reda\u00e7\u00e3o","image":{"@type":"ImageObject","inLanguage":"pt-BR","@id":"https:\/\/secure.gravatar.com\/avatar\/e0a867bdedb85fd243eadf09663511f96fc81e0720a4a42581f334ad4303aa6b?s=96&d=mm&r=g","url":"https:\/\/secure.gravatar.com\/avatar\/e0a867bdedb85fd243eadf09663511f96fc81e0720a4a42581f334ad4303aa6b?s=96&d=mm&r=g","contentUrl":"https:\/\/secure.gravatar.com\/avatar\/e0a867bdedb85fd243eadf09663511f96fc81e0720a4a42581f334ad4303aa6b?s=96&d=mm&r=g","caption":"Reda\u00e7\u00e3o"}}]}},"amp_enabled":true,"_links":{"self":[{"href":"https:\/\/www.notibras.com\/site\/wp-json\/wp\/v2\/posts\/311800","targetHints":{"allow":["GET"]}}],"collection":[{"href":"https:\/\/www.notibras.com\/site\/wp-json\/wp\/v2\/posts"}],"about":[{"href":"https:\/\/www.notibras.com\/site\/wp-json\/wp\/v2\/types\/post"}],"author":[{"embeddable":true,"href":"https:\/\/www.notibras.com\/site\/wp-json\/wp\/v2\/users\/2"}],"replies":[{"embeddable":true,"href":"https:\/\/www.notibras.com\/site\/wp-json\/wp\/v2\/comments?post=311800"}],"version-history":[{"count":1,"href":"https:\/\/www.notibras.com\/site\/wp-json\/wp\/v2\/posts\/311800\/revisions"}],"predecessor-version":[{"id":311802,"href":"https:\/\/www.notibras.com\/site\/wp-json\/wp\/v2\/posts\/311800\/revisions\/311802"}],"wp:featuredmedia":[{"embeddable":true,"href":"https:\/\/www.notibras.com\/site\/wp-json\/wp\/v2\/media\/311801"}],"wp:attachment":[{"href":"https:\/\/www.notibras.com\/site\/wp-json\/wp\/v2\/media?parent=311800"}],"wp:term":[{"taxonomy":"category","embeddable":true,"href":"https:\/\/www.notibras.com\/site\/wp-json\/wp\/v2\/categories?post=311800"},{"taxonomy":"post_tag","embeddable":true,"href":"https:\/\/www.notibras.com\/site\/wp-json\/wp\/v2\/tags?post=311800"}],"curies":[{"name":"wp","href":"https:\/\/api.w.org\/{rel}","templated":true}]}}