{"id":311842,"date":"2023-08-30T08:26:29","date_gmt":"2023-08-30T11:26:29","guid":{"rendered":"https:\/\/www.notibras.com\/site\/?p=311842"},"modified":"2023-08-30T09:18:57","modified_gmt":"2023-08-30T12:18:57","slug":"servidor-vive-angustia-de-ter-reajuste-de-apenas-1-em-2024","status":"publish","type":"post","link":"https:\/\/www.notibras.com\/site\/servidor-vive-angustia-de-ter-reajuste-de-apenas-1-em-2024\/","title":{"rendered":"Servidor vive ang\u00fastia de ter reajuste de apenas 1% em 2024"},"content":{"rendered":"<p>O governo federal reservou cerca de R$ 1,5 bilh\u00e3o no Or\u00e7amento de 2024 para o reajuste dos servidores p\u00fablicos. Segundo o F\u00f3rum Nacional Permanente de Carreiras T\u00edpicas do Estado (Fonacate), o valor corresponderia a 1% de corre\u00e7\u00e3o salarial no ano que vem.<\/p>\n<p>Os n\u00fameros foram apresentados nesta ter\u00e7a-feira (29) durante reuni\u00e3o da Mesa Nacional de Negocia\u00e7\u00e3o Permanente (MNNP). O secret\u00e1rio de Rela\u00e7\u00f5es de Trabalho do Minist\u00e9rio da Gest\u00e3o e da Inova\u00e7\u00e3o em Servi\u00e7os P\u00fablicos, Jos\u00e9 Lopez Feij\u00f3, disse que o governo vai trabalhar para ampliar os recursos dispon\u00edveis. Segundo ele, se houver o aumento de arrecada\u00e7\u00e3o esperado pelo governo para o segundo semestre, haver\u00e1 mais espa\u00e7o para reajuste no ano que vem.<\/p>\n<p>\u201cO processo de reconstru\u00e7\u00e3o do Estado \u00e9 longo e vamos nos empenhar para ao longo do pr\u00f3ximo per\u00edodo para termos mais espa\u00e7o para apresentar uma proposta definitiva aos servidores\u201d, afirmou Feij\u00f3o.<\/p>\n<p>Para o presidente do Fonacate, Rudinei Marques, seria melhor o governo apresentar uma proposta \u201cminimamente razo\u00e1vel\u201d.<\/p>\n<p>\u201cFalar em 1% para quem tem perdas acumuladas superiores a 30% \u00e9 uma afronta a 1,2 milh\u00e3o de servidores ativos, aposentados e pensionistas, muitos endividados pelo congelamento salarial imposto nos \u00faltimos anos\u201d, disse Marques, ap\u00f3s participar da reuni\u00e3o com o governo.<\/p>\n<p>O Sindicato Nacional dos Auditores Fiscais Federais Agropecu\u00e1rios (Anffa Sindical) tamb\u00e9m esteve presente na reuni\u00e3o. A entidade avalia que a sinaliza\u00e7\u00e3o do governo com aproximadamente 1% de reajuste linear para 2024 \u201c\u00e9 muito pouco e frustra os auditores fiscais federais agropecu\u00e1rios\u201d.<\/p>\n<p>\u201cN\u00f3s, que estamos sem reajuste desde 2017, esper\u00e1vamos o reconhecimento e o resgate hist\u00f3rico desse per\u00edodo para que nossos sal\u00e1rios fossem corrigidos. Isso realmente vai deixar a nossa base de filiados enfurecida, vamos ter que entrar em um processo de negocia\u00e7\u00e3o em um n\u00edvel de tens\u00e3o muito alto\u201d, diz o presidente da entidade, Janus Pablo Macedo.<\/p>\n<p><strong>MNNP<\/strong><br \/>\nA Mesa Nacional de Negocia\u00e7\u00e3o Permanente foi instalada pela primeira vez em julho de 2003, no primeiro mandato presidencial de Lula, e foi interrompida em 2016. Ao longo de 14 anos, realizou 175 acordos com entidades representativas dos servidores, que beneficiaram cerca\u202fde\u202f1,2 milh\u00e3o\u202fde\u202fservidores p\u00fablicos federais ativos, aposentados e pensionistas.<\/p>\n<p>Em fevereiro deste ano, a mesa foi reinstalada. Com a retomada dos trabalhos, j\u00e1 foram acordados os aumentos de 9% sobre o sal\u00e1rio e de 43,6% no aux\u00edlio-alimenta\u00e7\u00e3o para os servidores p\u00fablicos federais neste ano.<\/p>\n<p>O f\u00f3rum \u00e9 composto por 20 representantes das entidades representativas dos servidores e dos empregados p\u00fablicos civis federais e por 10 representantes das centrais sindicais. A bancada governamental \u00e9 composta por nove minist\u00e9rios.<\/p>\n<p><strong>(**) Mat\u00e9ria alterada \u00e0s 07h58 do dia 30 para corre\u00e7\u00e3o<\/strong><\/p>\n","protected":false},"excerpt":{"rendered":"<p>O governo federal reservou cerca de R$ 1,5 bilh\u00e3o no Or\u00e7amento de 2024 para o reajuste dos servidores p\u00fablicos. Segundo o F\u00f3rum Nacional Permanente de Carreiras T\u00edpicas do Estado (Fonacate), o valor corresponderia a 1% de corre\u00e7\u00e3o salarial no ano que vem. Os n\u00fameros foram apresentados nesta ter\u00e7a-feira (29) durante reuni\u00e3o da Mesa Nacional de [&hellip;]<\/p>\n","protected":false},"author":2,"featured_media":311843,"comment_status":"closed","ping_status":"closed","sticky":false,"template":"","format":"standard","meta":{"_acf_changed":false,"footnotes":""},"categories":[161],"tags":[95],"class_list":["post-311842","post","type-post","status-publish","format-standard","has-post-thumbnail","hentry","category-quadradinho-em-foco","tag-capa"],"acf":[],"yoast_head":"<!-- This site is optimized with the Yoast SEO plugin v27.2 - https:\/\/yoast.com\/product\/yoast-seo-wordpress\/ -->\n<title>Servidor vive ang\u00fastia de ter reajuste de apenas 1% em 2024 - Notibras<\/title>\n<meta name=\"robots\" content=\"index, follow, max-snippet:-1, max-image-preview:large, max-video-preview:-1\" \/>\n<link rel=\"canonical\" href=\"https:\/\/www.notibras.com\/site\/servidor-vive-angustia-de-ter-reajuste-de-apenas-1-em-2024\/\" \/>\n<meta property=\"og:locale\" content=\"pt_BR\" \/>\n<meta property=\"og:type\" content=\"article\" \/>\n<meta property=\"og:title\" content=\"Servidor vive ang\u00fastia de ter reajuste de apenas 1% em 2024 - Notibras\" \/>\n<meta property=\"og:description\" content=\"O governo federal reservou cerca de R$ 1,5 bilh\u00e3o no Or\u00e7amento de 2024 para o reajuste dos servidores p\u00fablicos. Segundo o F\u00f3rum Nacional Permanente de Carreiras T\u00edpicas do Estado (Fonacate), o valor corresponderia a 1% de corre\u00e7\u00e3o salarial no ano que vem. Os n\u00fameros foram apresentados nesta ter\u00e7a-feira (29) durante reuni\u00e3o da Mesa Nacional de [&hellip;]\" \/>\n<meta property=\"og:url\" content=\"https:\/\/www.notibras.com\/site\/servidor-vive-angustia-de-ter-reajuste-de-apenas-1-em-2024\/\" \/>\n<meta property=\"og:site_name\" content=\"Notibras\" \/>\n<meta property=\"article:publisher\" content=\"https:\/\/www.facebook.com\/notibras\/\" \/>\n<meta property=\"article:published_time\" content=\"2023-08-30T11:26:29+00:00\" \/>\n<meta property=\"article:modified_time\" content=\"2023-08-30T12:18:57+00:00\" \/>\n<meta property=\"og:image\" content=\"https:\/\/www.notibras.com\/site\/wp-content\/uploads\/2023\/08\/pzzb0189.jpg\" \/>\n\t<meta property=\"og:image:width\" content=\"1170\" \/>\n\t<meta property=\"og:image:height\" content=\"700\" \/>\n\t<meta property=\"og:image:type\" content=\"image\/jpeg\" \/>\n<meta name=\"author\" content=\"Reda\u00e7\u00e3o\" \/>\n<meta name=\"twitter:card\" content=\"summary_large_image\" \/>\n<meta name=\"twitter:creator\" content=\"@Notibras\" \/>\n<meta name=\"twitter:site\" content=\"@Notibras\" \/>\n<meta name=\"twitter:label1\" content=\"Escrito por\" \/>\n\t<meta name=\"twitter:data1\" content=\"Reda\u00e7\u00e3o\" \/>\n\t<meta name=\"twitter:label2\" content=\"Est. tempo de leitura\" \/>\n\t<meta name=\"twitter:data2\" content=\"3 minutos\" \/>\n<script type=\"application\/ld+json\" class=\"yoast-schema-graph\">{\"@context\":\"https:\/\/schema.org\",\"@graph\":[{\"@type\":\"Article\",\"@id\":\"https:\/\/www.notibras.com\/site\/servidor-vive-angustia-de-ter-reajuste-de-apenas-1-em-2024\/#article\",\"isPartOf\":{\"@id\":\"https:\/\/www.notibras.com\/site\/servidor-vive-angustia-de-ter-reajuste-de-apenas-1-em-2024\/\"},\"author\":{\"name\":\"Reda\u00e7\u00e3o\",\"@id\":\"https:\/\/www.notibras.com\/site\/#\/schema\/person\/36ab0979449956132d3e5b517ea76ac8\"},\"headline\":\"Servidor vive ang\u00fastia de ter reajuste de apenas 1% em 2024\",\"datePublished\":\"2023-08-30T11:26:29+00:00\",\"dateModified\":\"2023-08-30T12:18:57+00:00\",\"mainEntityOfPage\":{\"@id\":\"https:\/\/www.notibras.com\/site\/servidor-vive-angustia-de-ter-reajuste-de-apenas-1-em-2024\/\"},\"wordCount\":467,\"publisher\":{\"@id\":\"https:\/\/www.notibras.com\/site\/#organization\"},\"image\":{\"@id\":\"https:\/\/www.notibras.com\/site\/servidor-vive-angustia-de-ter-reajuste-de-apenas-1-em-2024\/#primaryimage\"},\"thumbnailUrl\":\"https:\/\/www.notibras.com\/site\/wp-content\/uploads\/2023\/08\/pzzb0189.jpg\",\"keywords\":[\"capa\"],\"articleSection\":[\"Quadradinho em Foco\"],\"inLanguage\":\"pt-BR\"},{\"@type\":\"WebPage\",\"@id\":\"https:\/\/www.notibras.com\/site\/servidor-vive-angustia-de-ter-reajuste-de-apenas-1-em-2024\/\",\"url\":\"https:\/\/www.notibras.com\/site\/servidor-vive-angustia-de-ter-reajuste-de-apenas-1-em-2024\/\",\"name\":\"Servidor vive ang\u00fastia de ter reajuste de apenas 1% em 2024 - Notibras\",\"isPartOf\":{\"@id\":\"https:\/\/www.notibras.com\/site\/#website\"},\"primaryImageOfPage\":{\"@id\":\"https:\/\/www.notibras.com\/site\/servidor-vive-angustia-de-ter-reajuste-de-apenas-1-em-2024\/#primaryimage\"},\"image\":{\"@id\":\"https:\/\/www.notibras.com\/site\/servidor-vive-angustia-de-ter-reajuste-de-apenas-1-em-2024\/#primaryimage\"},\"thumbnailUrl\":\"https:\/\/www.notibras.com\/site\/wp-content\/uploads\/2023\/08\/pzzb0189.jpg\",\"datePublished\":\"2023-08-30T11:26:29+00:00\",\"dateModified\":\"2023-08-30T12:18:57+00:00\",\"breadcrumb\":{\"@id\":\"https:\/\/www.notibras.com\/site\/servidor-vive-angustia-de-ter-reajuste-de-apenas-1-em-2024\/#breadcrumb\"},\"inLanguage\":\"pt-BR\",\"potentialAction\":[{\"@type\":\"ReadAction\",\"target\":[\"https:\/\/www.notibras.com\/site\/servidor-vive-angustia-de-ter-reajuste-de-apenas-1-em-2024\/\"]}]},{\"@type\":\"ImageObject\",\"inLanguage\":\"pt-BR\",\"@id\":\"https:\/\/www.notibras.com\/site\/servidor-vive-angustia-de-ter-reajuste-de-apenas-1-em-2024\/#primaryimage\",\"url\":\"https:\/\/www.notibras.com\/site\/wp-content\/uploads\/2023\/08\/pzzb0189.jpg\",\"contentUrl\":\"https:\/\/www.notibras.com\/site\/wp-content\/uploads\/2023\/08\/pzzb0189.jpg\",\"width\":1170,\"height\":700,\"caption\":\"Bras\u00edlia - 22.05.2023 - Foto Esplanada dos Minist\u00e9rios, em Bras\u00edlia. Foto: Ant\u00f4nio Cruz\/ Ag\u00eancia Brasil\"},{\"@type\":\"BreadcrumbList\",\"@id\":\"https:\/\/www.notibras.com\/site\/servidor-vive-angustia-de-ter-reajuste-de-apenas-1-em-2024\/#breadcrumb\",\"itemListElement\":[{\"@type\":\"ListItem\",\"position\":1,\"name\":\"In\u00edcio\",\"item\":\"https:\/\/www.notibras.com\/site\/\"},{\"@type\":\"ListItem\",\"position\":2,\"name\":\"Servidor vive ang\u00fastia de ter reajuste de apenas 1% em 2024\"}]},{\"@type\":\"WebSite\",\"@id\":\"https:\/\/www.notibras.com\/site\/#website\",\"url\":\"https:\/\/www.notibras.com\/site\/\",\"name\":\"Notibras\",\"description\":\"Not\u00edcias de Bras\u00edlia, do Brasil e do Mundo\",\"publisher\":{\"@id\":\"https:\/\/www.notibras.com\/site\/#organization\"},\"potentialAction\":[{\"@type\":\"SearchAction\",\"target\":{\"@type\":\"EntryPoint\",\"urlTemplate\":\"https:\/\/www.notibras.com\/site\/?s={search_term_string}\"},\"query-input\":{\"@type\":\"PropertyValueSpecification\",\"valueRequired\":true,\"valueName\":\"search_term_string\"}}],\"inLanguage\":\"pt-BR\"},{\"@type\":\"Organization\",\"@id\":\"https:\/\/www.notibras.com\/site\/#organization\",\"name\":\"Grupo Notibras de Comunica\u00e7\u00e3o\",\"url\":\"https:\/\/www.notibras.com\/site\/\",\"logo\":{\"@type\":\"ImageObject\",\"inLanguage\":\"pt-BR\",\"@id\":\"https:\/\/www.notibras.com\/site\/#\/schema\/logo\/image\/\",\"url\":\"https:\/\/www.notibras.com\/site\/wp-content\/uploads\/2023\/01\/notibras23.png\",\"contentUrl\":\"https:\/\/www.notibras.com\/site\/wp-content\/uploads\/2023\/01\/notibras23.png\",\"width\":350,\"height\":87,\"caption\":\"Grupo Notibras de Comunica\u00e7\u00e3o\"},\"image\":{\"@id\":\"https:\/\/www.notibras.com\/site\/#\/schema\/logo\/image\/\"},\"sameAs\":[\"https:\/\/www.facebook.com\/notibras\/\",\"https:\/\/x.com\/Notibras\",\"https:\/\/www.instagram.com\/notibras\/\"]},{\"@type\":\"Person\",\"@id\":\"https:\/\/www.notibras.com\/site\/#\/schema\/person\/36ab0979449956132d3e5b517ea76ac8\",\"name\":\"Reda\u00e7\u00e3o\",\"image\":{\"@type\":\"ImageObject\",\"inLanguage\":\"pt-BR\",\"@id\":\"https:\/\/secure.gravatar.com\/avatar\/e0a867bdedb85fd243eadf09663511f96fc81e0720a4a42581f334ad4303aa6b?s=96&d=mm&r=g\",\"url\":\"https:\/\/secure.gravatar.com\/avatar\/e0a867bdedb85fd243eadf09663511f96fc81e0720a4a42581f334ad4303aa6b?s=96&d=mm&r=g\",\"contentUrl\":\"https:\/\/secure.gravatar.com\/avatar\/e0a867bdedb85fd243eadf09663511f96fc81e0720a4a42581f334ad4303aa6b?s=96&d=mm&r=g\",\"caption\":\"Reda\u00e7\u00e3o\"}}]}<\/script>\n<!-- \/ Yoast SEO plugin. -->","yoast_head_json":{"title":"Servidor vive ang\u00fastia de ter reajuste de apenas 1% em 2024 - Notibras","robots":{"index":"index","follow":"follow","max-snippet":"max-snippet:-1","max-image-preview":"max-image-preview:large","max-video-preview":"max-video-preview:-1"},"canonical":"https:\/\/www.notibras.com\/site\/servidor-vive-angustia-de-ter-reajuste-de-apenas-1-em-2024\/","og_locale":"pt_BR","og_type":"article","og_title":"Servidor vive ang\u00fastia de ter reajuste de apenas 1% em 2024 - Notibras","og_description":"O governo federal reservou cerca de R$ 1,5 bilh\u00e3o no Or\u00e7amento de 2024 para o reajuste dos servidores p\u00fablicos. Segundo o F\u00f3rum Nacional Permanente de Carreiras T\u00edpicas do Estado (Fonacate), o valor corresponderia a 1% de corre\u00e7\u00e3o salarial no ano que vem. Os n\u00fameros foram apresentados nesta ter\u00e7a-feira (29) durante reuni\u00e3o da Mesa Nacional de [&hellip;]","og_url":"https:\/\/www.notibras.com\/site\/servidor-vive-angustia-de-ter-reajuste-de-apenas-1-em-2024\/","og_site_name":"Notibras","article_publisher":"https:\/\/www.facebook.com\/notibras\/","article_published_time":"2023-08-30T11:26:29+00:00","article_modified_time":"2023-08-30T12:18:57+00:00","og_image":[{"width":1170,"height":700,"url":"https:\/\/www.notibras.com\/site\/wp-content\/uploads\/2023\/08\/pzzb0189.jpg","type":"image\/jpeg"}],"author":"Reda\u00e7\u00e3o","twitter_card":"summary_large_image","twitter_creator":"@Notibras","twitter_site":"@Notibras","twitter_misc":{"Escrito por":"Reda\u00e7\u00e3o","Est. tempo de leitura":"3 minutos"},"schema":{"@context":"https:\/\/schema.org","@graph":[{"@type":"Article","@id":"https:\/\/www.notibras.com\/site\/servidor-vive-angustia-de-ter-reajuste-de-apenas-1-em-2024\/#article","isPartOf":{"@id":"https:\/\/www.notibras.com\/site\/servidor-vive-angustia-de-ter-reajuste-de-apenas-1-em-2024\/"},"author":{"name":"Reda\u00e7\u00e3o","@id":"https:\/\/www.notibras.com\/site\/#\/schema\/person\/36ab0979449956132d3e5b517ea76ac8"},"headline":"Servidor vive ang\u00fastia de ter reajuste de apenas 1% em 2024","datePublished":"2023-08-30T11:26:29+00:00","dateModified":"2023-08-30T12:18:57+00:00","mainEntityOfPage":{"@id":"https:\/\/www.notibras.com\/site\/servidor-vive-angustia-de-ter-reajuste-de-apenas-1-em-2024\/"},"wordCount":467,"publisher":{"@id":"https:\/\/www.notibras.com\/site\/#organization"},"image":{"@id":"https:\/\/www.notibras.com\/site\/servidor-vive-angustia-de-ter-reajuste-de-apenas-1-em-2024\/#primaryimage"},"thumbnailUrl":"https:\/\/www.notibras.com\/site\/wp-content\/uploads\/2023\/08\/pzzb0189.jpg","keywords":["capa"],"articleSection":["Quadradinho em Foco"],"inLanguage":"pt-BR"},{"@type":"WebPage","@id":"https:\/\/www.notibras.com\/site\/servidor-vive-angustia-de-ter-reajuste-de-apenas-1-em-2024\/","url":"https:\/\/www.notibras.com\/site\/servidor-vive-angustia-de-ter-reajuste-de-apenas-1-em-2024\/","name":"Servidor vive ang\u00fastia de ter reajuste de apenas 1% em 2024 - Notibras","isPartOf":{"@id":"https:\/\/www.notibras.com\/site\/#website"},"primaryImageOfPage":{"@id":"https:\/\/www.notibras.com\/site\/servidor-vive-angustia-de-ter-reajuste-de-apenas-1-em-2024\/#primaryimage"},"image":{"@id":"https:\/\/www.notibras.com\/site\/servidor-vive-angustia-de-ter-reajuste-de-apenas-1-em-2024\/#primaryimage"},"thumbnailUrl":"https:\/\/www.notibras.com\/site\/wp-content\/uploads\/2023\/08\/pzzb0189.jpg","datePublished":"2023-08-30T11:26:29+00:00","dateModified":"2023-08-30T12:18:57+00:00","breadcrumb":{"@id":"https:\/\/www.notibras.com\/site\/servidor-vive-angustia-de-ter-reajuste-de-apenas-1-em-2024\/#breadcrumb"},"inLanguage":"pt-BR","potentialAction":[{"@type":"ReadAction","target":["https:\/\/www.notibras.com\/site\/servidor-vive-angustia-de-ter-reajuste-de-apenas-1-em-2024\/"]}]},{"@type":"ImageObject","inLanguage":"pt-BR","@id":"https:\/\/www.notibras.com\/site\/servidor-vive-angustia-de-ter-reajuste-de-apenas-1-em-2024\/#primaryimage","url":"https:\/\/www.notibras.com\/site\/wp-content\/uploads\/2023\/08\/pzzb0189.jpg","contentUrl":"https:\/\/www.notibras.com\/site\/wp-content\/uploads\/2023\/08\/pzzb0189.jpg","width":1170,"height":700,"caption":"Bras\u00edlia - 22.05.2023 - Foto Esplanada dos Minist\u00e9rios, em Bras\u00edlia. Foto: Ant\u00f4nio Cruz\/ Ag\u00eancia Brasil"},{"@type":"BreadcrumbList","@id":"https:\/\/www.notibras.com\/site\/servidor-vive-angustia-de-ter-reajuste-de-apenas-1-em-2024\/#breadcrumb","itemListElement":[{"@type":"ListItem","position":1,"name":"In\u00edcio","item":"https:\/\/www.notibras.com\/site\/"},{"@type":"ListItem","position":2,"name":"Servidor vive ang\u00fastia de ter reajuste de apenas 1% em 2024"}]},{"@type":"WebSite","@id":"https:\/\/www.notibras.com\/site\/#website","url":"https:\/\/www.notibras.com\/site\/","name":"Notibras","description":"Not\u00edcias de Bras\u00edlia, do Brasil e do Mundo","publisher":{"@id":"https:\/\/www.notibras.com\/site\/#organization"},"potentialAction":[{"@type":"SearchAction","target":{"@type":"EntryPoint","urlTemplate":"https:\/\/www.notibras.com\/site\/?s={search_term_string}"},"query-input":{"@type":"PropertyValueSpecification","valueRequired":true,"valueName":"search_term_string"}}],"inLanguage":"pt-BR"},{"@type":"Organization","@id":"https:\/\/www.notibras.com\/site\/#organization","name":"Grupo Notibras de Comunica\u00e7\u00e3o","url":"https:\/\/www.notibras.com\/site\/","logo":{"@type":"ImageObject","inLanguage":"pt-BR","@id":"https:\/\/www.notibras.com\/site\/#\/schema\/logo\/image\/","url":"https:\/\/www.notibras.com\/site\/wp-content\/uploads\/2023\/01\/notibras23.png","contentUrl":"https:\/\/www.notibras.com\/site\/wp-content\/uploads\/2023\/01\/notibras23.png","width":350,"height":87,"caption":"Grupo Notibras de Comunica\u00e7\u00e3o"},"image":{"@id":"https:\/\/www.notibras.com\/site\/#\/schema\/logo\/image\/"},"sameAs":["https:\/\/www.facebook.com\/notibras\/","https:\/\/x.com\/Notibras","https:\/\/www.instagram.com\/notibras\/"]},{"@type":"Person","@id":"https:\/\/www.notibras.com\/site\/#\/schema\/person\/36ab0979449956132d3e5b517ea76ac8","name":"Reda\u00e7\u00e3o","image":{"@type":"ImageObject","inLanguage":"pt-BR","@id":"https:\/\/secure.gravatar.com\/avatar\/e0a867bdedb85fd243eadf09663511f96fc81e0720a4a42581f334ad4303aa6b?s=96&d=mm&r=g","url":"https:\/\/secure.gravatar.com\/avatar\/e0a867bdedb85fd243eadf09663511f96fc81e0720a4a42581f334ad4303aa6b?s=96&d=mm&r=g","contentUrl":"https:\/\/secure.gravatar.com\/avatar\/e0a867bdedb85fd243eadf09663511f96fc81e0720a4a42581f334ad4303aa6b?s=96&d=mm&r=g","caption":"Reda\u00e7\u00e3o"}}]}},"amp_enabled":true,"_links":{"self":[{"href":"https:\/\/www.notibras.com\/site\/wp-json\/wp\/v2\/posts\/311842","targetHints":{"allow":["GET"]}}],"collection":[{"href":"https:\/\/www.notibras.com\/site\/wp-json\/wp\/v2\/posts"}],"about":[{"href":"https:\/\/www.notibras.com\/site\/wp-json\/wp\/v2\/types\/post"}],"author":[{"embeddable":true,"href":"https:\/\/www.notibras.com\/site\/wp-json\/wp\/v2\/users\/2"}],"replies":[{"embeddable":true,"href":"https:\/\/www.notibras.com\/site\/wp-json\/wp\/v2\/comments?post=311842"}],"version-history":[{"count":4,"href":"https:\/\/www.notibras.com\/site\/wp-json\/wp\/v2\/posts\/311842\/revisions"}],"predecessor-version":[{"id":311863,"href":"https:\/\/www.notibras.com\/site\/wp-json\/wp\/v2\/posts\/311842\/revisions\/311863"}],"wp:featuredmedia":[{"embeddable":true,"href":"https:\/\/www.notibras.com\/site\/wp-json\/wp\/v2\/media\/311843"}],"wp:attachment":[{"href":"https:\/\/www.notibras.com\/site\/wp-json\/wp\/v2\/media?parent=311842"}],"wp:term":[{"taxonomy":"category","embeddable":true,"href":"https:\/\/www.notibras.com\/site\/wp-json\/wp\/v2\/categories?post=311842"},{"taxonomy":"post_tag","embeddable":true,"href":"https:\/\/www.notibras.com\/site\/wp-json\/wp\/v2\/tags?post=311842"}],"curies":[{"name":"wp","href":"https:\/\/api.w.org\/{rel}","templated":true}]}}