{"id":311849,"date":"2023-08-29T19:58:54","date_gmt":"2023-08-29T22:58:54","guid":{"rendered":"https:\/\/www.notibras.com\/site\/?p=311849"},"modified":"2023-08-29T20:55:07","modified_gmt":"2023-08-29T23:55:07","slug":"fumo-e-a-maior-causa-de-pessoas-com-cancer-de-pulmao","status":"publish","type":"post","link":"https:\/\/www.notibras.com\/site\/fumo-e-a-maior-causa-de-pessoas-com-cancer-de-pulmao\/","title":{"rendered":"Fumo \u00e9 a maior causa de pessoas com c\u00e2ncer de pulm\u00e3o"},"content":{"rendered":"<p>A ter\u00e7a-feira, 29 de agosto, \u00e9 a data que celebra o Dia Nacional de Combate ao Fumo, principal fator causador do c\u00e2ncer de pulm\u00e3o. Esse tipo de c\u00e2ncer \u00e9 o segundo mais comum em todo mundo, depois do c\u00e2ncer de mama. No Brasil, \u00e9 o quarto em incid\u00eancia, atr\u00e1s dos c\u00e2nceres de mama, pr\u00f3stata e intestino.<\/p>\n<p>Com o intuito de sensibilizar os fumantes a largar o v\u00edcio, representantes da Funda\u00e7\u00e3o do C\u00e2ncer distribu\u00edram panfletos com um QR code que direciona para a Cartilha Pr\u00e1tica para Parar de Fumar, com orienta\u00e7\u00f5es a quem deseja abandonar o cigarro.<\/p>\n<p>O diretor executivo da Funda\u00e7\u00e3o do C\u00e2ncer, Luiz Augusto Maltoni, afirmou que a ideia \u00e9 alcan\u00e7ar o maior n\u00famero de pessoas de todas as camadas da popula\u00e7\u00e3o, especialmente das classes C e D que, segundo recentes pesquisas, s\u00e3o as que mais compram cigarros. \u201cUm recente estudo do Instituto Nacional de C\u00e2ncer (Inca) revelou que o percentual de gasto mensal com cigarro \u00e9 maior entre os mais pobres e mais jovens\u201d, disse Maltoni.<\/p>\n<p>De acordo com o m\u00e9dico titular da Sociedade Brasileira de Cirurgia Oncol\u00f3gica (SBCO), Wesley Pereira Andrade, o tabaco tamb\u00e9m est\u00e1 relacionado aos c\u00e2nceres de boca, orofaringe, es\u00f4fago, p\u00e2ncreas e intestino. \u201cO c\u00e2ncer de pulm\u00e3o \u00e9 o principal alvo. Entretanto, outros \u00f3rg\u00e3os s\u00e3o afetados tamb\u00e9m.\u201d<\/p>\n<p>O especialista citou ainda o c\u00e2ncer de bexiga e das vias urin\u00e1rias, que tamb\u00e9m podem ser consequ\u00eancia do fumo porque boa parte do que \u00e9 absorvido pelo organismo cai depois na corrente sangu\u00ednea e \u00e9 excretado pelo rim. \u201cSignifica que as vias urin\u00e1rias s\u00e3o alvo tamb\u00e9m dos efeitos do tabagismo\u201d.<\/p>\n<p><strong>Diagn\u00f3stico precoce<\/strong><br \/>\nDe acordo com o m\u00e9dico titular da Sociedade Brasileira de Cirurgia Oncol\u00f3gica (SBCO), Wesley Pereira Andrade, o tabagismo \u00e9 respons\u00e1vel pela maioria dos c\u00e2nceres de pulm\u00e3o.<\/p>\n<p>\u201cCerca de 85% a 90% dos casos de c\u00e2ncer de pulm\u00e3o s\u00e3o tabaco relacionados. O tabagismo \u00e9 um agente causal importante do c\u00e2ncer de pulm\u00e3o.\u201d<\/p>\n<p>Andrade explicou que o c\u00e2ncer de pulm\u00e3o tem uma peculiaridade: \u00e9 dif\u00edcil descobri-lo na fase inicial. Quando o c\u00e2ncer de pulm\u00e3o \u00e9 detectado, na maioria das vezes ele j\u00e1 est\u00e1 em fase mais avan\u00e7ada, em que a chance de cura \u00e9 pequena. \u201cA mortalidade do c\u00e2ncer de pulm\u00e3o \u00e9 muito alta\u201d. O \u00edndice de mortalidade \u00e9 de 80%. .<\/p>\n<p>O m\u00e9dico informou que a chance de cura \u00e9 bem reduzida (20%) porque, biologicamente, a doen\u00e7a \u00e9 bastante agressiva. Hoje em dia, entretanto, h\u00e1 algumas estrat\u00e9gias de diagn\u00f3stico precoce. Para pacientes com mais de 55 anos que que fumam muito \u00e9 recomend\u00e1vel fazer uma tomografia de t\u00f3rax de rastreamento anual.<\/p>\n<p>\u201cA perspectiva \u00e9 de tentar achar o c\u00e2ncer de pulm\u00e3o antes de ele apresentar sintomas. Porque, quando ele d\u00e1 sintomas, j\u00e1 est\u00e1 em fase avan\u00e7ada. A estrat\u00e9gia seria, ent\u00e3o, detectar o c\u00e2ncer de pulm\u00e3o pequenino\u201d.<\/p>\n<p>O m\u00e9dico explica que o exame de rastreamento n\u00e3o \u00e9 padr\u00e3o na maioria dos pa\u00edses do mundo, incluindo o Brasil, \u201cmas \u00e9 recomend\u00e1vel\u201d. Andrade defendeu a estrat\u00e9gia seja adotada no pa\u00eds para tentar diagnosticar a doen\u00e7a no in\u00edcio, assim como os exames peri\u00f3dicos de mamografia, para detectar o c\u00e2ncer de mama.<\/p>\n<p>\u201cA principal estrat\u00e9gia \u00e9 n\u00e3o fumar mas, para aqueles que fumam, a melhor estrat\u00e9gia \u00e9 encontrar a doen\u00e7a em sua fase inicial, atrav\u00e9s da tomografia de t\u00f3rax.\u201d<\/p>\n<p><strong>Fumantes passivos<\/strong><br \/>\nO especialista advertiu para o risco de uma pessoa n\u00e3o fumante contrair c\u00e2ncer de pulm\u00e3o por conviver com fumantes.<\/p>\n<p>\u201cOutro fator de risco \u00e9, realmente, o tabagismo passivo. Estar em um ambiente no qual as pessoas fumam, aquela pessoa que est\u00e1 consumindo o tabaco de forma indireta tem o risco aumentado de doen\u00e7as pulmonares, inflamat\u00f3rias e, tamb\u00e9m, de c\u00e2ncer de pulm\u00e3o e outros c\u00e2nceres relacionados ao tabaco.\u201d<\/p>\n<p><strong>Tratamento<\/strong><br \/>\nUma vez detectado precocemente, o tratamento do c\u00e2ncer de pulm\u00e3o \u00e9 cir\u00fargico e envolve a retirada da parte afetada do \u00f3rg\u00e3o. Isso pode ser complementado com quimioterapia, radioterapia e imunoterapia. H\u00e1 tamb\u00e9m a terapia alvo, um tipo de tratamento que usa drogas para atacar especificamente as c\u00e9lulas cancer\u00edgenas, provocando pouco dano \u00e0s c\u00e9lulas normais.<\/p>\n<p>Para os casos avan\u00e7ados descobertos tardiamente, quando j\u00e1 existem sintomas, o tratamento \u00e9 feito com medicamentos, quimioterapia e imunoterapia.<\/p>\n<p>\u201cOu seja, quanto mais precoce se descobre o c\u00e2ncer de pulm\u00e3o, mais estrat\u00e9gia cir\u00fargica de retirar a les\u00e3o vamos ter, com maior chance de cura. Para os casos avan\u00e7ados, a cirurgia j\u00e1 n\u00e3o tem papel importante.\u201d<\/p>\n<p><strong>Sintomas<\/strong><br \/>\nOs sintomas que alertam o indiv\u00edduo para o c\u00e2ncer de pulm\u00e3o s\u00e3o tosse diferente do padr\u00e3o, escarros constantes, dor tor\u00e1cica, falta de ar e emagrecimento. Esses sintomas chamam a aten\u00e7\u00e3o da pessoa para buscar uma equipe m\u00e9dica o mais r\u00e1pido poss\u00edvel.<\/p>\n<p>Weley Pereira Andrade lembra que o tabagismo se relaciona com uma piora da qualidade de vida geral da pessoa do fumante: \u201cvai sentir cansa\u00e7o, vai ter redu\u00e7\u00e3o da capacidade de trabalho, da capacidade cognitiva, da atividade sexual, da chance da mulher engravidar\u201d.<\/p>\n<p>O cirurgi\u00e3o conta que pacientes que descobrem a doen\u00e7a na fase idosa frequentemente sentem peso na consci\u00eancia por n\u00e3o poderem sequer brincar com os netos.<\/p>\n<p><strong>Cigarro eletr\u00f4nico<\/strong><br \/>\nEmbora as frequentes campanhas contra o tabagismo tenham apresentado resultado no n\u00famero de fumantes no pa\u00eds, o consumo de cigarros eletr\u00f4nicos, especialmente por jovens, vem aumentando. Dados do sistema Vigil\u00e2ncia de Doen\u00e7as Cr\u00f4nicas por Inqu\u00e9rito Telef\u00f4nico (Vigitel), do Minist\u00e9rio da Sa\u00fade, o n\u00famero de brasileiros tabagistas caiu de 30% em 2000 para 9% em 2021.<\/p>\n<p>Em contrapartida, o consumo de dispositivos eletr\u00f4nicos vem aumentando no pa\u00eds. Pesquisa recente do Intelig\u00eancia em Pesquisa e Consultoria (Ipec), realizada neste ano, mostra que 2,2 milh\u00f5es de adultos (1,4%) consumiram cigarros eletr\u00f4nicos at\u00e9 30 dias antes do levantamento. H\u00e1 seis anos, o \u00edndice entre a popula\u00e7\u00e3o era de 0,3%.<\/p>\n<p>Para o geriatra Rafael Canineu, diretor m\u00e9dico de Health Analytics da Allian\u00e7a Sa\u00fade, \u00e9 necess\u00e1rio concentrar esfor\u00e7os para mudar o cen\u00e1rio de consumo de cigarros eletr\u00f4nicos no pa\u00eds. Ele explica que adolescentes que usam esses dispositivos t\u00eam mais riscos de se tornarem fumantes na vida adulta.<\/p>\n<p>\u201cPara garantir uma velhice com qualidade de vida, mais saud\u00e1vel, \u00e9 fundamental a conscientiza\u00e7\u00e3o dos jovens para os perigos dos dispositivos eletr\u00f4nicos e como o seu uso est\u00e1 relacionado com o agravamento de v\u00e1rias doen\u00e7as que podem surgir com o avan\u00e7o da idade\u201d, esclareceu.<\/p>\n","protected":false},"excerpt":{"rendered":"<p>A ter\u00e7a-feira, 29 de agosto, \u00e9 a data que celebra o Dia Nacional de Combate ao Fumo, principal fator causador do c\u00e2ncer de pulm\u00e3o. Esse tipo de c\u00e2ncer \u00e9 o segundo mais comum em todo mundo, depois do c\u00e2ncer de mama. No Brasil, \u00e9 o quarto em incid\u00eancia, atr\u00e1s dos c\u00e2nceres de mama, pr\u00f3stata e [&hellip;]<\/p>\n","protected":false},"author":2,"featured_media":311851,"comment_status":"closed","ping_status":"closed","sticky":false,"template":"","format":"standard","meta":{"_acf_changed":false,"footnotes":""},"categories":[161],"tags":[95],"class_list":["post-311849","post","type-post","status-publish","format-standard","has-post-thumbnail","hentry","category-quadradinho-em-foco","tag-capa"],"acf":[],"yoast_head":"<!-- This site is optimized with the Yoast SEO plugin v27.2 - https:\/\/yoast.com\/product\/yoast-seo-wordpress\/ -->\n<title>Fumo \u00e9 a maior causa de pessoas com c\u00e2ncer de pulm\u00e3o - Notibras<\/title>\n<meta name=\"robots\" content=\"index, follow, max-snippet:-1, max-image-preview:large, max-video-preview:-1\" \/>\n<link rel=\"canonical\" href=\"https:\/\/www.notibras.com\/site\/fumo-e-a-maior-causa-de-pessoas-com-cancer-de-pulmao\/\" \/>\n<meta property=\"og:locale\" content=\"pt_BR\" \/>\n<meta property=\"og:type\" content=\"article\" \/>\n<meta property=\"og:title\" content=\"Fumo \u00e9 a maior causa de pessoas com c\u00e2ncer de pulm\u00e3o - Notibras\" \/>\n<meta property=\"og:description\" content=\"A ter\u00e7a-feira, 29 de agosto, \u00e9 a data que celebra o Dia Nacional de Combate ao Fumo, principal fator causador do c\u00e2ncer de pulm\u00e3o. Esse tipo de c\u00e2ncer \u00e9 o segundo mais comum em todo mundo, depois do c\u00e2ncer de mama. No Brasil, \u00e9 o quarto em incid\u00eancia, atr\u00e1s dos c\u00e2nceres de mama, pr\u00f3stata e [&hellip;]\" \/>\n<meta property=\"og:url\" content=\"https:\/\/www.notibras.com\/site\/fumo-e-a-maior-causa-de-pessoas-com-cancer-de-pulmao\/\" \/>\n<meta property=\"og:site_name\" content=\"Notibras\" \/>\n<meta property=\"article:publisher\" content=\"https:\/\/www.facebook.com\/notibras\/\" \/>\n<meta property=\"article:published_time\" content=\"2023-08-29T22:58:54+00:00\" \/>\n<meta property=\"article:modified_time\" content=\"2023-08-29T23:55:07+00:00\" \/>\n<meta property=\"og:image\" content=\"https:\/\/www.notibras.com\/site\/wp-content\/uploads\/2023\/08\/2021-06-02t000000z_1012980167_rc2hsn9iotf5_rtrmadp_3_egypt-tobacco-1.jpg\" \/>\n\t<meta property=\"og:image:width\" content=\"1170\" \/>\n\t<meta property=\"og:image:height\" content=\"700\" \/>\n\t<meta property=\"og:image:type\" content=\"image\/jpeg\" \/>\n<meta name=\"author\" content=\"Reda\u00e7\u00e3o\" \/>\n<meta name=\"twitter:card\" content=\"summary_large_image\" \/>\n<meta name=\"twitter:creator\" content=\"@Notibras\" \/>\n<meta name=\"twitter:site\" content=\"@Notibras\" \/>\n<meta name=\"twitter:label1\" content=\"Escrito por\" \/>\n\t<meta name=\"twitter:data1\" content=\"Reda\u00e7\u00e3o\" \/>\n\t<meta name=\"twitter:label2\" content=\"Est. tempo de leitura\" \/>\n\t<meta name=\"twitter:data2\" content=\"6 minutos\" \/>\n<script type=\"application\/ld+json\" class=\"yoast-schema-graph\">{\"@context\":\"https:\/\/schema.org\",\"@graph\":[{\"@type\":\"Article\",\"@id\":\"https:\/\/www.notibras.com\/site\/fumo-e-a-maior-causa-de-pessoas-com-cancer-de-pulmao\/#article\",\"isPartOf\":{\"@id\":\"https:\/\/www.notibras.com\/site\/fumo-e-a-maior-causa-de-pessoas-com-cancer-de-pulmao\/\"},\"author\":{\"name\":\"Reda\u00e7\u00e3o\",\"@id\":\"https:\/\/www.notibras.com\/site\/#\/schema\/person\/36ab0979449956132d3e5b517ea76ac8\"},\"headline\":\"Fumo \u00e9 a maior causa de pessoas com c\u00e2ncer de pulm\u00e3o\",\"datePublished\":\"2023-08-29T22:58:54+00:00\",\"dateModified\":\"2023-08-29T23:55:07+00:00\",\"mainEntityOfPage\":{\"@id\":\"https:\/\/www.notibras.com\/site\/fumo-e-a-maior-causa-de-pessoas-com-cancer-de-pulmao\/\"},\"wordCount\":1155,\"publisher\":{\"@id\":\"https:\/\/www.notibras.com\/site\/#organization\"},\"image\":{\"@id\":\"https:\/\/www.notibras.com\/site\/fumo-e-a-maior-causa-de-pessoas-com-cancer-de-pulmao\/#primaryimage\"},\"thumbnailUrl\":\"https:\/\/www.notibras.com\/site\/wp-content\/uploads\/2023\/08\/2021-06-02t000000z_1012980167_rc2hsn9iotf5_rtrmadp_3_egypt-tobacco-1.jpg\",\"keywords\":[\"capa\"],\"articleSection\":[\"Quadradinho em Foco\"],\"inLanguage\":\"pt-BR\"},{\"@type\":\"WebPage\",\"@id\":\"https:\/\/www.notibras.com\/site\/fumo-e-a-maior-causa-de-pessoas-com-cancer-de-pulmao\/\",\"url\":\"https:\/\/www.notibras.com\/site\/fumo-e-a-maior-causa-de-pessoas-com-cancer-de-pulmao\/\",\"name\":\"Fumo \u00e9 a maior causa de pessoas com c\u00e2ncer de pulm\u00e3o - Notibras\",\"isPartOf\":{\"@id\":\"https:\/\/www.notibras.com\/site\/#website\"},\"primaryImageOfPage\":{\"@id\":\"https:\/\/www.notibras.com\/site\/fumo-e-a-maior-causa-de-pessoas-com-cancer-de-pulmao\/#primaryimage\"},\"image\":{\"@id\":\"https:\/\/www.notibras.com\/site\/fumo-e-a-maior-causa-de-pessoas-com-cancer-de-pulmao\/#primaryimage\"},\"thumbnailUrl\":\"https:\/\/www.notibras.com\/site\/wp-content\/uploads\/2023\/08\/2021-06-02t000000z_1012980167_rc2hsn9iotf5_rtrmadp_3_egypt-tobacco-1.jpg\",\"datePublished\":\"2023-08-29T22:58:54+00:00\",\"dateModified\":\"2023-08-29T23:55:07+00:00\",\"breadcrumb\":{\"@id\":\"https:\/\/www.notibras.com\/site\/fumo-e-a-maior-causa-de-pessoas-com-cancer-de-pulmao\/#breadcrumb\"},\"inLanguage\":\"pt-BR\",\"potentialAction\":[{\"@type\":\"ReadAction\",\"target\":[\"https:\/\/www.notibras.com\/site\/fumo-e-a-maior-causa-de-pessoas-com-cancer-de-pulmao\/\"]}]},{\"@type\":\"ImageObject\",\"inLanguage\":\"pt-BR\",\"@id\":\"https:\/\/www.notibras.com\/site\/fumo-e-a-maior-causa-de-pessoas-com-cancer-de-pulmao\/#primaryimage\",\"url\":\"https:\/\/www.notibras.com\/site\/wp-content\/uploads\/2023\/08\/2021-06-02t000000z_1012980167_rc2hsn9iotf5_rtrmadp_3_egypt-tobacco-1.jpg\",\"contentUrl\":\"https:\/\/www.notibras.com\/site\/wp-content\/uploads\/2023\/08\/2021-06-02t000000z_1012980167_rc2hsn9iotf5_rtrmadp_3_egypt-tobacco-1.jpg\",\"width\":1170,\"height\":700},{\"@type\":\"BreadcrumbList\",\"@id\":\"https:\/\/www.notibras.com\/site\/fumo-e-a-maior-causa-de-pessoas-com-cancer-de-pulmao\/#breadcrumb\",\"itemListElement\":[{\"@type\":\"ListItem\",\"position\":1,\"name\":\"In\u00edcio\",\"item\":\"https:\/\/www.notibras.com\/site\/\"},{\"@type\":\"ListItem\",\"position\":2,\"name\":\"Fumo \u00e9 a maior causa de pessoas com c\u00e2ncer de pulm\u00e3o\"}]},{\"@type\":\"WebSite\",\"@id\":\"https:\/\/www.notibras.com\/site\/#website\",\"url\":\"https:\/\/www.notibras.com\/site\/\",\"name\":\"Notibras\",\"description\":\"Not\u00edcias de Bras\u00edlia, do Brasil e do Mundo\",\"publisher\":{\"@id\":\"https:\/\/www.notibras.com\/site\/#organization\"},\"potentialAction\":[{\"@type\":\"SearchAction\",\"target\":{\"@type\":\"EntryPoint\",\"urlTemplate\":\"https:\/\/www.notibras.com\/site\/?s={search_term_string}\"},\"query-input\":{\"@type\":\"PropertyValueSpecification\",\"valueRequired\":true,\"valueName\":\"search_term_string\"}}],\"inLanguage\":\"pt-BR\"},{\"@type\":\"Organization\",\"@id\":\"https:\/\/www.notibras.com\/site\/#organization\",\"name\":\"Grupo Notibras de Comunica\u00e7\u00e3o\",\"url\":\"https:\/\/www.notibras.com\/site\/\",\"logo\":{\"@type\":\"ImageObject\",\"inLanguage\":\"pt-BR\",\"@id\":\"https:\/\/www.notibras.com\/site\/#\/schema\/logo\/image\/\",\"url\":\"https:\/\/www.notibras.com\/site\/wp-content\/uploads\/2023\/01\/notibras23.png\",\"contentUrl\":\"https:\/\/www.notibras.com\/site\/wp-content\/uploads\/2023\/01\/notibras23.png\",\"width\":350,\"height\":87,\"caption\":\"Grupo Notibras de Comunica\u00e7\u00e3o\"},\"image\":{\"@id\":\"https:\/\/www.notibras.com\/site\/#\/schema\/logo\/image\/\"},\"sameAs\":[\"https:\/\/www.facebook.com\/notibras\/\",\"https:\/\/x.com\/Notibras\",\"https:\/\/www.instagram.com\/notibras\/\"]},{\"@type\":\"Person\",\"@id\":\"https:\/\/www.notibras.com\/site\/#\/schema\/person\/36ab0979449956132d3e5b517ea76ac8\",\"name\":\"Reda\u00e7\u00e3o\",\"image\":{\"@type\":\"ImageObject\",\"inLanguage\":\"pt-BR\",\"@id\":\"https:\/\/secure.gravatar.com\/avatar\/e0a867bdedb85fd243eadf09663511f96fc81e0720a4a42581f334ad4303aa6b?s=96&d=mm&r=g\",\"url\":\"https:\/\/secure.gravatar.com\/avatar\/e0a867bdedb85fd243eadf09663511f96fc81e0720a4a42581f334ad4303aa6b?s=96&d=mm&r=g\",\"contentUrl\":\"https:\/\/secure.gravatar.com\/avatar\/e0a867bdedb85fd243eadf09663511f96fc81e0720a4a42581f334ad4303aa6b?s=96&d=mm&r=g\",\"caption\":\"Reda\u00e7\u00e3o\"}}]}<\/script>\n<!-- \/ Yoast SEO plugin. -->","yoast_head_json":{"title":"Fumo \u00e9 a maior causa de pessoas com c\u00e2ncer de pulm\u00e3o - Notibras","robots":{"index":"index","follow":"follow","max-snippet":"max-snippet:-1","max-image-preview":"max-image-preview:large","max-video-preview":"max-video-preview:-1"},"canonical":"https:\/\/www.notibras.com\/site\/fumo-e-a-maior-causa-de-pessoas-com-cancer-de-pulmao\/","og_locale":"pt_BR","og_type":"article","og_title":"Fumo \u00e9 a maior causa de pessoas com c\u00e2ncer de pulm\u00e3o - Notibras","og_description":"A ter\u00e7a-feira, 29 de agosto, \u00e9 a data que celebra o Dia Nacional de Combate ao Fumo, principal fator causador do c\u00e2ncer de pulm\u00e3o. Esse tipo de c\u00e2ncer \u00e9 o segundo mais comum em todo mundo, depois do c\u00e2ncer de mama. No Brasil, \u00e9 o quarto em incid\u00eancia, atr\u00e1s dos c\u00e2nceres de mama, pr\u00f3stata e [&hellip;]","og_url":"https:\/\/www.notibras.com\/site\/fumo-e-a-maior-causa-de-pessoas-com-cancer-de-pulmao\/","og_site_name":"Notibras","article_publisher":"https:\/\/www.facebook.com\/notibras\/","article_published_time":"2023-08-29T22:58:54+00:00","article_modified_time":"2023-08-29T23:55:07+00:00","og_image":[{"width":1170,"height":700,"url":"https:\/\/www.notibras.com\/site\/wp-content\/uploads\/2023\/08\/2021-06-02t000000z_1012980167_rc2hsn9iotf5_rtrmadp_3_egypt-tobacco-1.jpg","type":"image\/jpeg"}],"author":"Reda\u00e7\u00e3o","twitter_card":"summary_large_image","twitter_creator":"@Notibras","twitter_site":"@Notibras","twitter_misc":{"Escrito por":"Reda\u00e7\u00e3o","Est. tempo de leitura":"6 minutos"},"schema":{"@context":"https:\/\/schema.org","@graph":[{"@type":"Article","@id":"https:\/\/www.notibras.com\/site\/fumo-e-a-maior-causa-de-pessoas-com-cancer-de-pulmao\/#article","isPartOf":{"@id":"https:\/\/www.notibras.com\/site\/fumo-e-a-maior-causa-de-pessoas-com-cancer-de-pulmao\/"},"author":{"name":"Reda\u00e7\u00e3o","@id":"https:\/\/www.notibras.com\/site\/#\/schema\/person\/36ab0979449956132d3e5b517ea76ac8"},"headline":"Fumo \u00e9 a maior causa de pessoas com c\u00e2ncer de pulm\u00e3o","datePublished":"2023-08-29T22:58:54+00:00","dateModified":"2023-08-29T23:55:07+00:00","mainEntityOfPage":{"@id":"https:\/\/www.notibras.com\/site\/fumo-e-a-maior-causa-de-pessoas-com-cancer-de-pulmao\/"},"wordCount":1155,"publisher":{"@id":"https:\/\/www.notibras.com\/site\/#organization"},"image":{"@id":"https:\/\/www.notibras.com\/site\/fumo-e-a-maior-causa-de-pessoas-com-cancer-de-pulmao\/#primaryimage"},"thumbnailUrl":"https:\/\/www.notibras.com\/site\/wp-content\/uploads\/2023\/08\/2021-06-02t000000z_1012980167_rc2hsn9iotf5_rtrmadp_3_egypt-tobacco-1.jpg","keywords":["capa"],"articleSection":["Quadradinho em Foco"],"inLanguage":"pt-BR"},{"@type":"WebPage","@id":"https:\/\/www.notibras.com\/site\/fumo-e-a-maior-causa-de-pessoas-com-cancer-de-pulmao\/","url":"https:\/\/www.notibras.com\/site\/fumo-e-a-maior-causa-de-pessoas-com-cancer-de-pulmao\/","name":"Fumo \u00e9 a maior causa de pessoas com c\u00e2ncer de pulm\u00e3o - Notibras","isPartOf":{"@id":"https:\/\/www.notibras.com\/site\/#website"},"primaryImageOfPage":{"@id":"https:\/\/www.notibras.com\/site\/fumo-e-a-maior-causa-de-pessoas-com-cancer-de-pulmao\/#primaryimage"},"image":{"@id":"https:\/\/www.notibras.com\/site\/fumo-e-a-maior-causa-de-pessoas-com-cancer-de-pulmao\/#primaryimage"},"thumbnailUrl":"https:\/\/www.notibras.com\/site\/wp-content\/uploads\/2023\/08\/2021-06-02t000000z_1012980167_rc2hsn9iotf5_rtrmadp_3_egypt-tobacco-1.jpg","datePublished":"2023-08-29T22:58:54+00:00","dateModified":"2023-08-29T23:55:07+00:00","breadcrumb":{"@id":"https:\/\/www.notibras.com\/site\/fumo-e-a-maior-causa-de-pessoas-com-cancer-de-pulmao\/#breadcrumb"},"inLanguage":"pt-BR","potentialAction":[{"@type":"ReadAction","target":["https:\/\/www.notibras.com\/site\/fumo-e-a-maior-causa-de-pessoas-com-cancer-de-pulmao\/"]}]},{"@type":"ImageObject","inLanguage":"pt-BR","@id":"https:\/\/www.notibras.com\/site\/fumo-e-a-maior-causa-de-pessoas-com-cancer-de-pulmao\/#primaryimage","url":"https:\/\/www.notibras.com\/site\/wp-content\/uploads\/2023\/08\/2021-06-02t000000z_1012980167_rc2hsn9iotf5_rtrmadp_3_egypt-tobacco-1.jpg","contentUrl":"https:\/\/www.notibras.com\/site\/wp-content\/uploads\/2023\/08\/2021-06-02t000000z_1012980167_rc2hsn9iotf5_rtrmadp_3_egypt-tobacco-1.jpg","width":1170,"height":700},{"@type":"BreadcrumbList","@id":"https:\/\/www.notibras.com\/site\/fumo-e-a-maior-causa-de-pessoas-com-cancer-de-pulmao\/#breadcrumb","itemListElement":[{"@type":"ListItem","position":1,"name":"In\u00edcio","item":"https:\/\/www.notibras.com\/site\/"},{"@type":"ListItem","position":2,"name":"Fumo \u00e9 a maior causa de pessoas com c\u00e2ncer de pulm\u00e3o"}]},{"@type":"WebSite","@id":"https:\/\/www.notibras.com\/site\/#website","url":"https:\/\/www.notibras.com\/site\/","name":"Notibras","description":"Not\u00edcias de Bras\u00edlia, do Brasil e do Mundo","publisher":{"@id":"https:\/\/www.notibras.com\/site\/#organization"},"potentialAction":[{"@type":"SearchAction","target":{"@type":"EntryPoint","urlTemplate":"https:\/\/www.notibras.com\/site\/?s={search_term_string}"},"query-input":{"@type":"PropertyValueSpecification","valueRequired":true,"valueName":"search_term_string"}}],"inLanguage":"pt-BR"},{"@type":"Organization","@id":"https:\/\/www.notibras.com\/site\/#organization","name":"Grupo Notibras de Comunica\u00e7\u00e3o","url":"https:\/\/www.notibras.com\/site\/","logo":{"@type":"ImageObject","inLanguage":"pt-BR","@id":"https:\/\/www.notibras.com\/site\/#\/schema\/logo\/image\/","url":"https:\/\/www.notibras.com\/site\/wp-content\/uploads\/2023\/01\/notibras23.png","contentUrl":"https:\/\/www.notibras.com\/site\/wp-content\/uploads\/2023\/01\/notibras23.png","width":350,"height":87,"caption":"Grupo Notibras de Comunica\u00e7\u00e3o"},"image":{"@id":"https:\/\/www.notibras.com\/site\/#\/schema\/logo\/image\/"},"sameAs":["https:\/\/www.facebook.com\/notibras\/","https:\/\/x.com\/Notibras","https:\/\/www.instagram.com\/notibras\/"]},{"@type":"Person","@id":"https:\/\/www.notibras.com\/site\/#\/schema\/person\/36ab0979449956132d3e5b517ea76ac8","name":"Reda\u00e7\u00e3o","image":{"@type":"ImageObject","inLanguage":"pt-BR","@id":"https:\/\/secure.gravatar.com\/avatar\/e0a867bdedb85fd243eadf09663511f96fc81e0720a4a42581f334ad4303aa6b?s=96&d=mm&r=g","url":"https:\/\/secure.gravatar.com\/avatar\/e0a867bdedb85fd243eadf09663511f96fc81e0720a4a42581f334ad4303aa6b?s=96&d=mm&r=g","contentUrl":"https:\/\/secure.gravatar.com\/avatar\/e0a867bdedb85fd243eadf09663511f96fc81e0720a4a42581f334ad4303aa6b?s=96&d=mm&r=g","caption":"Reda\u00e7\u00e3o"}}]}},"amp_enabled":true,"_links":{"self":[{"href":"https:\/\/www.notibras.com\/site\/wp-json\/wp\/v2\/posts\/311849","targetHints":{"allow":["GET"]}}],"collection":[{"href":"https:\/\/www.notibras.com\/site\/wp-json\/wp\/v2\/posts"}],"about":[{"href":"https:\/\/www.notibras.com\/site\/wp-json\/wp\/v2\/types\/post"}],"author":[{"embeddable":true,"href":"https:\/\/www.notibras.com\/site\/wp-json\/wp\/v2\/users\/2"}],"replies":[{"embeddable":true,"href":"https:\/\/www.notibras.com\/site\/wp-json\/wp\/v2\/comments?post=311849"}],"version-history":[{"count":1,"href":"https:\/\/www.notibras.com\/site\/wp-json\/wp\/v2\/posts\/311849\/revisions"}],"predecessor-version":[{"id":311852,"href":"https:\/\/www.notibras.com\/site\/wp-json\/wp\/v2\/posts\/311849\/revisions\/311852"}],"wp:featuredmedia":[{"embeddable":true,"href":"https:\/\/www.notibras.com\/site\/wp-json\/wp\/v2\/media\/311851"}],"wp:attachment":[{"href":"https:\/\/www.notibras.com\/site\/wp-json\/wp\/v2\/media?parent=311849"}],"wp:term":[{"taxonomy":"category","embeddable":true,"href":"https:\/\/www.notibras.com\/site\/wp-json\/wp\/v2\/categories?post=311849"},{"taxonomy":"post_tag","embeddable":true,"href":"https:\/\/www.notibras.com\/site\/wp-json\/wp\/v2\/tags?post=311849"}],"curies":[{"name":"wp","href":"https:\/\/api.w.org\/{rel}","templated":true}]}}