{"id":311859,"date":"2023-08-29T13:11:29","date_gmt":"2023-08-29T16:11:29","guid":{"rendered":"https:\/\/www.notibras.com\/site\/?p=311859"},"modified":"2023-08-29T21:16:41","modified_gmt":"2023-08-30T00:16:41","slug":"coronel-recorre-a-hc-e-silencia-durante-depoimento","status":"publish","type":"post","link":"https:\/\/www.notibras.com\/site\/coronel-recorre-a-hc-e-silencia-durante-depoimento\/","title":{"rendered":"Coronel recorre a HC e silencia durante depoimento"},"content":{"rendered":"<p>O ex-comandante da Pol\u00edcia Militar do Distrito Federal F\u00e1bio Augusto Vieira decidiu n\u00e3o responder, nesta ter\u00e7a-feira (29), aos questionamentos dos parlamentares na Comiss\u00e3o Parlamentar Mista de Inqu\u00e9rito (CPMI) do dia 8 de janeiro.<\/p>\n<p>Vieira foi \u00e0 CPMI protegido por um habeas corpus do ministro do Supremo Tribunal Federal (STF) Cristiano Zanin, que concedeu a ele o direito de ficar em silencio. O habeas corpus gerou diverg\u00eancias dentro da comiss\u00e3o.<\/p>\n<p>Segundo o ex-chefe da PMDF, a defesa dele o orientou a n\u00e3o responder \u00e0s perguntas porque ainda n\u00e3o teria tido acesso \u00e0 \u00edntegra do processo em que \u00e9 investigado. \u201cMe coloco \u00e0 disposi\u00e7\u00e3o desde j\u00e1 para retornar em uma futura oportunidade, caso seja de interesse dessa comiss\u00e3o, ap\u00f3s a gente ter a \u00edntegra do processo\u201d, afirmou.<\/p>\n<p>Apesar de n\u00e3o responder aos questionamentos, F\u00e1bio Augusto fez uma breve fala no in\u00edcio da sess\u00e3o negando qualquer participa\u00e7\u00e3o nos atos golpistas.<\/p>\n<p>\u201cAo contr\u00e1rio do que tem sido veiculado, a presen\u00e7a do comandante-geral no terreno n\u00e3o atrai automaticamente o comando da opera\u00e7\u00e3o em curso, que continua sendo dos comandantes operacionais, sejam os comandantes regionais ou comandantes de batalh\u00f5es\u201d, afirmou Vieira, sustentando que n\u00e3o tinha o controle de toda a opera\u00e7\u00e3o.<\/p>\n<p>F\u00e1bio foi preso dois dias ap\u00f3s o 8 de janeiro, acusado de omiss\u00e3o, tendo sido liberado posteriormente por decis\u00e3o do ministro do STF Alexandre de Moraes.<\/p>\n<p><strong>Mensagens golpistas<\/strong><br \/>\nA relatora da comiss\u00e3o, senadora Eliziane Gama (PSD-MA), questionou o ex-chefe da PMDF sobre uma s\u00e9rie de mensagens com teor golpistas que teriam sido encaminhadas por ele pelo celular.<\/p>\n<p>Segundo Eliziane, um dos \u00e1udios que consta na den\u00fancia da Procuradoria-Geral da Rep\u00fablica (PGR) como tendo sido encaminhado pelo ex-chefe da PMDF diz: \u201co Bolsonaro est\u00e1 preparado com o Ex\u00e9rcito, com as for\u00e7as especiais, as For\u00e7as Armadas, para fazer a mesma coisa que aconteceu em 64. O povo vai para as ruas, porque ningu\u00e9m vai aceitar o Lula ganhar a Presid\u00eancia, porque n\u00e3o tem sentido. O povo vai pedir a interven\u00e7\u00e3o\u201d.<\/p>\n<p>A relatora apresentou outras mensagens e \u00e1udios incentivando atos golpistas, que teriam sido encaminhados pelo ex-chefe da PM, mas F\u00e1bio Vieira n\u00e3o comentou nenhum deles. \u201cComo relatei aqui na minha fala, n\u00e3o tive acesso \u00e0 \u00edntegra dos documentos, inclusive do relat\u00f3rio do meu celular. Ent\u00e3o, vou permanecer em sil\u00eancio\u201d, explicou.<\/p>\n<p>Eliziane tamb\u00e9m questionou sobre o dia da opera\u00e7\u00e3o, pedindo detalhes sobre o 8 de janeiro. A senadora apresentou imagens que registraram o ex-comandante durante a invas\u00e3o do Congresso Nacional e perguntou sobre o posicionamento dos PMs na Pra\u00e7a dos Tr\u00eas Poderes nos primeiros momentos da invas\u00e3o.<\/p>\n<p>\u201cEles permitiram a subida dos manifestantes\u201d, disse Eliziane, que concluiu que \u201co militar tem uma hierarquia, uma ordem, um comando. Tudo que ele vai fazer tem que ser comandado, tem que ser liderado. Naturalmente que eles n\u00e3o foram porque n\u00e3o tiveram um comando de subir e evitar que realmente ocorresse (a invas\u00e3o)\u201d.<\/p>\n","protected":false},"excerpt":{"rendered":"<p>O ex-comandante da Pol\u00edcia Militar do Distrito Federal F\u00e1bio Augusto Vieira decidiu n\u00e3o responder, nesta ter\u00e7a-feira (29), aos questionamentos dos parlamentares na Comiss\u00e3o Parlamentar Mista de Inqu\u00e9rito (CPMI) do dia 8 de janeiro. Vieira foi \u00e0 CPMI protegido por um habeas corpus do ministro do Supremo Tribunal Federal (STF) Cristiano Zanin, que concedeu a ele [&hellip;]<\/p>\n","protected":false},"author":2,"featured_media":311860,"comment_status":"closed","ping_status":"closed","sticky":false,"template":"","format":"standard","meta":{"_acf_changed":false,"footnotes":""},"categories":[161],"tags":[],"class_list":["post-311859","post","type-post","status-publish","format-standard","has-post-thumbnail","hentry","category-quadradinho-em-foco"],"acf":[],"yoast_head":"<!-- This site is optimized with the Yoast SEO plugin v27.2 - https:\/\/yoast.com\/product\/yoast-seo-wordpress\/ -->\n<title>Coronel recorre a HC e silencia durante depoimento - Notibras<\/title>\n<meta name=\"robots\" content=\"index, follow, max-snippet:-1, max-image-preview:large, max-video-preview:-1\" \/>\n<link rel=\"canonical\" href=\"https:\/\/www.notibras.com\/site\/coronel-recorre-a-hc-e-silencia-durante-depoimento\/\" \/>\n<meta property=\"og:locale\" content=\"pt_BR\" \/>\n<meta property=\"og:type\" content=\"article\" \/>\n<meta property=\"og:title\" content=\"Coronel recorre a HC e silencia durante depoimento - Notibras\" \/>\n<meta property=\"og:description\" content=\"O ex-comandante da Pol\u00edcia Militar do Distrito Federal F\u00e1bio Augusto Vieira decidiu n\u00e3o responder, nesta ter\u00e7a-feira (29), aos questionamentos dos parlamentares na Comiss\u00e3o Parlamentar Mista de Inqu\u00e9rito (CPMI) do dia 8 de janeiro. Vieira foi \u00e0 CPMI protegido por um habeas corpus do ministro do Supremo Tribunal Federal (STF) Cristiano Zanin, que concedeu a ele [&hellip;]\" \/>\n<meta property=\"og:url\" content=\"https:\/\/www.notibras.com\/site\/coronel-recorre-a-hc-e-silencia-durante-depoimento\/\" \/>\n<meta property=\"og:site_name\" content=\"Notibras\" \/>\n<meta property=\"article:publisher\" content=\"https:\/\/www.facebook.com\/notibras\/\" \/>\n<meta property=\"article:published_time\" content=\"2023-08-29T16:11:29+00:00\" \/>\n<meta property=\"article:modified_time\" content=\"2023-08-30T00:16:41+00:00\" \/>\n<meta property=\"og:image\" content=\"https:\/\/www.notibras.com\/site\/wp-content\/uploads\/2023\/08\/24082023-lula3601.jpg\" \/>\n\t<meta property=\"og:image:width\" content=\"1170\" \/>\n\t<meta property=\"og:image:height\" content=\"700\" \/>\n\t<meta property=\"og:image:type\" content=\"image\/jpeg\" \/>\n<meta name=\"author\" content=\"Reda\u00e7\u00e3o\" \/>\n<meta name=\"twitter:card\" content=\"summary_large_image\" \/>\n<meta name=\"twitter:creator\" content=\"@Notibras\" \/>\n<meta name=\"twitter:site\" content=\"@Notibras\" \/>\n<meta name=\"twitter:label1\" content=\"Escrito por\" \/>\n\t<meta name=\"twitter:data1\" content=\"Reda\u00e7\u00e3o\" \/>\n\t<meta name=\"twitter:label2\" content=\"Est. tempo de leitura\" \/>\n\t<meta name=\"twitter:data2\" content=\"3 minutos\" \/>\n<script type=\"application\/ld+json\" class=\"yoast-schema-graph\">{\"@context\":\"https:\/\/schema.org\",\"@graph\":[{\"@type\":\"Article\",\"@id\":\"https:\/\/www.notibras.com\/site\/coronel-recorre-a-hc-e-silencia-durante-depoimento\/#article\",\"isPartOf\":{\"@id\":\"https:\/\/www.notibras.com\/site\/coronel-recorre-a-hc-e-silencia-durante-depoimento\/\"},\"author\":{\"name\":\"Reda\u00e7\u00e3o\",\"@id\":\"https:\/\/www.notibras.com\/site\/#\/schema\/person\/36ab0979449956132d3e5b517ea76ac8\"},\"headline\":\"Coronel recorre a HC e silencia durante depoimento\",\"datePublished\":\"2023-08-29T16:11:29+00:00\",\"dateModified\":\"2023-08-30T00:16:41+00:00\",\"mainEntityOfPage\":{\"@id\":\"https:\/\/www.notibras.com\/site\/coronel-recorre-a-hc-e-silencia-durante-depoimento\/\"},\"wordCount\":524,\"publisher\":{\"@id\":\"https:\/\/www.notibras.com\/site\/#organization\"},\"image\":{\"@id\":\"https:\/\/www.notibras.com\/site\/coronel-recorre-a-hc-e-silencia-durante-depoimento\/#primaryimage\"},\"thumbnailUrl\":\"https:\/\/www.notibras.com\/site\/wp-content\/uploads\/2023\/08\/24082023-lula3601.jpg\",\"articleSection\":[\"Quadradinho em Foco\"],\"inLanguage\":\"pt-BR\"},{\"@type\":\"WebPage\",\"@id\":\"https:\/\/www.notibras.com\/site\/coronel-recorre-a-hc-e-silencia-durante-depoimento\/\",\"url\":\"https:\/\/www.notibras.com\/site\/coronel-recorre-a-hc-e-silencia-durante-depoimento\/\",\"name\":\"Coronel recorre a HC e silencia durante depoimento - Notibras\",\"isPartOf\":{\"@id\":\"https:\/\/www.notibras.com\/site\/#website\"},\"primaryImageOfPage\":{\"@id\":\"https:\/\/www.notibras.com\/site\/coronel-recorre-a-hc-e-silencia-durante-depoimento\/#primaryimage\"},\"image\":{\"@id\":\"https:\/\/www.notibras.com\/site\/coronel-recorre-a-hc-e-silencia-durante-depoimento\/#primaryimage\"},\"thumbnailUrl\":\"https:\/\/www.notibras.com\/site\/wp-content\/uploads\/2023\/08\/24082023-lula3601.jpg\",\"datePublished\":\"2023-08-29T16:11:29+00:00\",\"dateModified\":\"2023-08-30T00:16:41+00:00\",\"breadcrumb\":{\"@id\":\"https:\/\/www.notibras.com\/site\/coronel-recorre-a-hc-e-silencia-durante-depoimento\/#breadcrumb\"},\"inLanguage\":\"pt-BR\",\"potentialAction\":[{\"@type\":\"ReadAction\",\"target\":[\"https:\/\/www.notibras.com\/site\/coronel-recorre-a-hc-e-silencia-durante-depoimento\/\"]}]},{\"@type\":\"ImageObject\",\"inLanguage\":\"pt-BR\",\"@id\":\"https:\/\/www.notibras.com\/site\/coronel-recorre-a-hc-e-silencia-durante-depoimento\/#primaryimage\",\"url\":\"https:\/\/www.notibras.com\/site\/wp-content\/uploads\/2023\/08\/24082023-lula3601.jpg\",\"contentUrl\":\"https:\/\/www.notibras.com\/site\/wp-content\/uploads\/2023\/08\/24082023-lula3601.jpg\",\"width\":1170,\"height\":700,\"caption\":\"Bras\u00edlia (DF) 24\/08\/2023 Lu\u00eds Marcos dos Reis, sargento do Ex\u00e9rcito que integrava a equipe da Ajud\u00e2ncia de Ordens de Bolsonaro. durante depoimento a Comiss\u00e3o Parlamentar Mista de Inqu\u00e9rito (CPMI) do 8 de Janeiro Foto Lula Marques\/ Ag\u00eancia Brasil\"},{\"@type\":\"BreadcrumbList\",\"@id\":\"https:\/\/www.notibras.com\/site\/coronel-recorre-a-hc-e-silencia-durante-depoimento\/#breadcrumb\",\"itemListElement\":[{\"@type\":\"ListItem\",\"position\":1,\"name\":\"In\u00edcio\",\"item\":\"https:\/\/www.notibras.com\/site\/\"},{\"@type\":\"ListItem\",\"position\":2,\"name\":\"Coronel recorre a HC e silencia durante depoimento\"}]},{\"@type\":\"WebSite\",\"@id\":\"https:\/\/www.notibras.com\/site\/#website\",\"url\":\"https:\/\/www.notibras.com\/site\/\",\"name\":\"Notibras\",\"description\":\"Not\u00edcias de Bras\u00edlia, do Brasil e do Mundo\",\"publisher\":{\"@id\":\"https:\/\/www.notibras.com\/site\/#organization\"},\"potentialAction\":[{\"@type\":\"SearchAction\",\"target\":{\"@type\":\"EntryPoint\",\"urlTemplate\":\"https:\/\/www.notibras.com\/site\/?s={search_term_string}\"},\"query-input\":{\"@type\":\"PropertyValueSpecification\",\"valueRequired\":true,\"valueName\":\"search_term_string\"}}],\"inLanguage\":\"pt-BR\"},{\"@type\":\"Organization\",\"@id\":\"https:\/\/www.notibras.com\/site\/#organization\",\"name\":\"Grupo Notibras de Comunica\u00e7\u00e3o\",\"url\":\"https:\/\/www.notibras.com\/site\/\",\"logo\":{\"@type\":\"ImageObject\",\"inLanguage\":\"pt-BR\",\"@id\":\"https:\/\/www.notibras.com\/site\/#\/schema\/logo\/image\/\",\"url\":\"https:\/\/www.notibras.com\/site\/wp-content\/uploads\/2023\/01\/notibras23.png\",\"contentUrl\":\"https:\/\/www.notibras.com\/site\/wp-content\/uploads\/2023\/01\/notibras23.png\",\"width\":350,\"height\":87,\"caption\":\"Grupo Notibras de Comunica\u00e7\u00e3o\"},\"image\":{\"@id\":\"https:\/\/www.notibras.com\/site\/#\/schema\/logo\/image\/\"},\"sameAs\":[\"https:\/\/www.facebook.com\/notibras\/\",\"https:\/\/x.com\/Notibras\",\"https:\/\/www.instagram.com\/notibras\/\"]},{\"@type\":\"Person\",\"@id\":\"https:\/\/www.notibras.com\/site\/#\/schema\/person\/36ab0979449956132d3e5b517ea76ac8\",\"name\":\"Reda\u00e7\u00e3o\",\"image\":{\"@type\":\"ImageObject\",\"inLanguage\":\"pt-BR\",\"@id\":\"https:\/\/secure.gravatar.com\/avatar\/e0a867bdedb85fd243eadf09663511f96fc81e0720a4a42581f334ad4303aa6b?s=96&d=mm&r=g\",\"url\":\"https:\/\/secure.gravatar.com\/avatar\/e0a867bdedb85fd243eadf09663511f96fc81e0720a4a42581f334ad4303aa6b?s=96&d=mm&r=g\",\"contentUrl\":\"https:\/\/secure.gravatar.com\/avatar\/e0a867bdedb85fd243eadf09663511f96fc81e0720a4a42581f334ad4303aa6b?s=96&d=mm&r=g\",\"caption\":\"Reda\u00e7\u00e3o\"}}]}<\/script>\n<!-- \/ Yoast SEO plugin. -->","yoast_head_json":{"title":"Coronel recorre a HC e silencia durante depoimento - Notibras","robots":{"index":"index","follow":"follow","max-snippet":"max-snippet:-1","max-image-preview":"max-image-preview:large","max-video-preview":"max-video-preview:-1"},"canonical":"https:\/\/www.notibras.com\/site\/coronel-recorre-a-hc-e-silencia-durante-depoimento\/","og_locale":"pt_BR","og_type":"article","og_title":"Coronel recorre a HC e silencia durante depoimento - Notibras","og_description":"O ex-comandante da Pol\u00edcia Militar do Distrito Federal F\u00e1bio Augusto Vieira decidiu n\u00e3o responder, nesta ter\u00e7a-feira (29), aos questionamentos dos parlamentares na Comiss\u00e3o Parlamentar Mista de Inqu\u00e9rito (CPMI) do dia 8 de janeiro. Vieira foi \u00e0 CPMI protegido por um habeas corpus do ministro do Supremo Tribunal Federal (STF) Cristiano Zanin, que concedeu a ele [&hellip;]","og_url":"https:\/\/www.notibras.com\/site\/coronel-recorre-a-hc-e-silencia-durante-depoimento\/","og_site_name":"Notibras","article_publisher":"https:\/\/www.facebook.com\/notibras\/","article_published_time":"2023-08-29T16:11:29+00:00","article_modified_time":"2023-08-30T00:16:41+00:00","og_image":[{"width":1170,"height":700,"url":"https:\/\/www.notibras.com\/site\/wp-content\/uploads\/2023\/08\/24082023-lula3601.jpg","type":"image\/jpeg"}],"author":"Reda\u00e7\u00e3o","twitter_card":"summary_large_image","twitter_creator":"@Notibras","twitter_site":"@Notibras","twitter_misc":{"Escrito por":"Reda\u00e7\u00e3o","Est. tempo de leitura":"3 minutos"},"schema":{"@context":"https:\/\/schema.org","@graph":[{"@type":"Article","@id":"https:\/\/www.notibras.com\/site\/coronel-recorre-a-hc-e-silencia-durante-depoimento\/#article","isPartOf":{"@id":"https:\/\/www.notibras.com\/site\/coronel-recorre-a-hc-e-silencia-durante-depoimento\/"},"author":{"name":"Reda\u00e7\u00e3o","@id":"https:\/\/www.notibras.com\/site\/#\/schema\/person\/36ab0979449956132d3e5b517ea76ac8"},"headline":"Coronel recorre a HC e silencia durante depoimento","datePublished":"2023-08-29T16:11:29+00:00","dateModified":"2023-08-30T00:16:41+00:00","mainEntityOfPage":{"@id":"https:\/\/www.notibras.com\/site\/coronel-recorre-a-hc-e-silencia-durante-depoimento\/"},"wordCount":524,"publisher":{"@id":"https:\/\/www.notibras.com\/site\/#organization"},"image":{"@id":"https:\/\/www.notibras.com\/site\/coronel-recorre-a-hc-e-silencia-durante-depoimento\/#primaryimage"},"thumbnailUrl":"https:\/\/www.notibras.com\/site\/wp-content\/uploads\/2023\/08\/24082023-lula3601.jpg","articleSection":["Quadradinho em Foco"],"inLanguage":"pt-BR"},{"@type":"WebPage","@id":"https:\/\/www.notibras.com\/site\/coronel-recorre-a-hc-e-silencia-durante-depoimento\/","url":"https:\/\/www.notibras.com\/site\/coronel-recorre-a-hc-e-silencia-durante-depoimento\/","name":"Coronel recorre a HC e silencia durante depoimento - Notibras","isPartOf":{"@id":"https:\/\/www.notibras.com\/site\/#website"},"primaryImageOfPage":{"@id":"https:\/\/www.notibras.com\/site\/coronel-recorre-a-hc-e-silencia-durante-depoimento\/#primaryimage"},"image":{"@id":"https:\/\/www.notibras.com\/site\/coronel-recorre-a-hc-e-silencia-durante-depoimento\/#primaryimage"},"thumbnailUrl":"https:\/\/www.notibras.com\/site\/wp-content\/uploads\/2023\/08\/24082023-lula3601.jpg","datePublished":"2023-08-29T16:11:29+00:00","dateModified":"2023-08-30T00:16:41+00:00","breadcrumb":{"@id":"https:\/\/www.notibras.com\/site\/coronel-recorre-a-hc-e-silencia-durante-depoimento\/#breadcrumb"},"inLanguage":"pt-BR","potentialAction":[{"@type":"ReadAction","target":["https:\/\/www.notibras.com\/site\/coronel-recorre-a-hc-e-silencia-durante-depoimento\/"]}]},{"@type":"ImageObject","inLanguage":"pt-BR","@id":"https:\/\/www.notibras.com\/site\/coronel-recorre-a-hc-e-silencia-durante-depoimento\/#primaryimage","url":"https:\/\/www.notibras.com\/site\/wp-content\/uploads\/2023\/08\/24082023-lula3601.jpg","contentUrl":"https:\/\/www.notibras.com\/site\/wp-content\/uploads\/2023\/08\/24082023-lula3601.jpg","width":1170,"height":700,"caption":"Bras\u00edlia (DF) 24\/08\/2023 Lu\u00eds Marcos dos Reis, sargento do Ex\u00e9rcito que integrava a equipe da Ajud\u00e2ncia de Ordens de Bolsonaro. durante depoimento a Comiss\u00e3o Parlamentar Mista de Inqu\u00e9rito (CPMI) do 8 de Janeiro Foto Lula Marques\/ Ag\u00eancia Brasil"},{"@type":"BreadcrumbList","@id":"https:\/\/www.notibras.com\/site\/coronel-recorre-a-hc-e-silencia-durante-depoimento\/#breadcrumb","itemListElement":[{"@type":"ListItem","position":1,"name":"In\u00edcio","item":"https:\/\/www.notibras.com\/site\/"},{"@type":"ListItem","position":2,"name":"Coronel recorre a HC e silencia durante depoimento"}]},{"@type":"WebSite","@id":"https:\/\/www.notibras.com\/site\/#website","url":"https:\/\/www.notibras.com\/site\/","name":"Notibras","description":"Not\u00edcias de Bras\u00edlia, do Brasil e do Mundo","publisher":{"@id":"https:\/\/www.notibras.com\/site\/#organization"},"potentialAction":[{"@type":"SearchAction","target":{"@type":"EntryPoint","urlTemplate":"https:\/\/www.notibras.com\/site\/?s={search_term_string}"},"query-input":{"@type":"PropertyValueSpecification","valueRequired":true,"valueName":"search_term_string"}}],"inLanguage":"pt-BR"},{"@type":"Organization","@id":"https:\/\/www.notibras.com\/site\/#organization","name":"Grupo Notibras de Comunica\u00e7\u00e3o","url":"https:\/\/www.notibras.com\/site\/","logo":{"@type":"ImageObject","inLanguage":"pt-BR","@id":"https:\/\/www.notibras.com\/site\/#\/schema\/logo\/image\/","url":"https:\/\/www.notibras.com\/site\/wp-content\/uploads\/2023\/01\/notibras23.png","contentUrl":"https:\/\/www.notibras.com\/site\/wp-content\/uploads\/2023\/01\/notibras23.png","width":350,"height":87,"caption":"Grupo Notibras de Comunica\u00e7\u00e3o"},"image":{"@id":"https:\/\/www.notibras.com\/site\/#\/schema\/logo\/image\/"},"sameAs":["https:\/\/www.facebook.com\/notibras\/","https:\/\/x.com\/Notibras","https:\/\/www.instagram.com\/notibras\/"]},{"@type":"Person","@id":"https:\/\/www.notibras.com\/site\/#\/schema\/person\/36ab0979449956132d3e5b517ea76ac8","name":"Reda\u00e7\u00e3o","image":{"@type":"ImageObject","inLanguage":"pt-BR","@id":"https:\/\/secure.gravatar.com\/avatar\/e0a867bdedb85fd243eadf09663511f96fc81e0720a4a42581f334ad4303aa6b?s=96&d=mm&r=g","url":"https:\/\/secure.gravatar.com\/avatar\/e0a867bdedb85fd243eadf09663511f96fc81e0720a4a42581f334ad4303aa6b?s=96&d=mm&r=g","contentUrl":"https:\/\/secure.gravatar.com\/avatar\/e0a867bdedb85fd243eadf09663511f96fc81e0720a4a42581f334ad4303aa6b?s=96&d=mm&r=g","caption":"Reda\u00e7\u00e3o"}}]}},"amp_enabled":true,"_links":{"self":[{"href":"https:\/\/www.notibras.com\/site\/wp-json\/wp\/v2\/posts\/311859","targetHints":{"allow":["GET"]}}],"collection":[{"href":"https:\/\/www.notibras.com\/site\/wp-json\/wp\/v2\/posts"}],"about":[{"href":"https:\/\/www.notibras.com\/site\/wp-json\/wp\/v2\/types\/post"}],"author":[{"embeddable":true,"href":"https:\/\/www.notibras.com\/site\/wp-json\/wp\/v2\/users\/2"}],"replies":[{"embeddable":true,"href":"https:\/\/www.notibras.com\/site\/wp-json\/wp\/v2\/comments?post=311859"}],"version-history":[{"count":1,"href":"https:\/\/www.notibras.com\/site\/wp-json\/wp\/v2\/posts\/311859\/revisions"}],"predecessor-version":[{"id":311861,"href":"https:\/\/www.notibras.com\/site\/wp-json\/wp\/v2\/posts\/311859\/revisions\/311861"}],"wp:featuredmedia":[{"embeddable":true,"href":"https:\/\/www.notibras.com\/site\/wp-json\/wp\/v2\/media\/311860"}],"wp:attachment":[{"href":"https:\/\/www.notibras.com\/site\/wp-json\/wp\/v2\/media?parent=311859"}],"wp:term":[{"taxonomy":"category","embeddable":true,"href":"https:\/\/www.notibras.com\/site\/wp-json\/wp\/v2\/categories?post=311859"},{"taxonomy":"post_tag","embeddable":true,"href":"https:\/\/www.notibras.com\/site\/wp-json\/wp\/v2\/tags?post=311859"}],"curies":[{"name":"wp","href":"https:\/\/api.w.org\/{rel}","templated":true}]}}