{"id":311896,"date":"2023-08-30T06:14:05","date_gmt":"2023-08-30T09:14:05","guid":{"rendered":"https:\/\/www.notibras.com\/site\/?p=311896"},"modified":"2023-08-30T10:18:19","modified_gmt":"2023-08-30T13:18:19","slug":"olhe-para-o-ceu-porque-e-noite-de-superlua-azul","status":"publish","type":"post","link":"https:\/\/www.notibras.com\/site\/olhe-para-o-ceu-porque-e-noite-de-superlua-azul\/","title":{"rendered":"Olhe para o C\u00e9u, porque \u00e9 noite de Superlua Azul"},"content":{"rendered":"<p>A noite desta quarta-feira (30) ser\u00e1 de Superlua Azul. A Blue Moon &#8211; termo utilizado para a segunda lua cheia do m\u00eas &#8211; ter\u00e1, hoje, uma vers\u00e3o maior e mais brilhante. \u00c9 que ela estar\u00e1 em seu ponto de \u00f3rbita mais pr\u00f3ximo da Terra, o chamado perigeu.<\/p>\n<p>Musa inspiradora de uma das can\u00e7\u00f5es mais conhecidas do mundo, composta por Richard Rodgers e Lorenz Hart, a Blue Moon \u2013 enquanto m\u00fasica \u2013 foi eternizada em vozes como as de Frank Sinatra, Elvis Presley, Ella Fitzgerald e Billie Holiday.<\/p>\n<p>Menor dist\u00e2ncia<br \/>\nA maior aproxima\u00e7\u00e3o entre a Terra e a Lua ser\u00e1 \u00e0s 22h35 &#8211; no hor\u00e1rio de Bras\u00edlia &#8211; quando a Lua estar\u00e1 a 357.181 quil\u00f4metros da Terra. Segundo o Observat\u00f3rio Nacional, a dist\u00e2ncia m\u00e9dia at\u00e9 nosso sat\u00e9lite natural \u00e9 de cerca de 384.400 quil\u00f4metros.<\/p>\n<p>Astr\u00f4noma do Observat\u00f3rio Nacional, Josina Nascimento explica que a Superlua ocorre de uma a seis vezes por ano, mas em alguns casos a proximidade \u00e9 ainda maior porque a \u00f3rbita da Lua \u00e9 el\u00edptica e n\u00e3o circular.<\/p>\n<p><strong>Brilho<\/strong><br \/>\nEsse ponto de maior proximidade ocorre quando ela se encontra no perigeu, como na noite de hoje. O ponto mais afastado chama-se apogeu. \u201cOs observadores poder\u00e3o notar uma lua mais brilhante do que outras luas. O fen\u00f4meno poder\u00e1 ser visto em todas as regi\u00f5es do planeta\u201d, explica Josina Nascimento.<\/p>\n<p><strong>Pr\u00f3xima do horizonte<\/strong><br \/>\nSegundo a astr\u00f4noma, todas as luas cheias nascem no horizonte (a leste), quando o Sol se p\u00f5e (a oeste), e se p\u00f5em (a oeste) quando o Sol nasce (a leste), portanto \u00e9 poss\u00edvel ver a Lua durante toda a noite e de qualquer lugar do pa\u00eds.<\/p>\n<p>Josina acrescenta que uma boa hora para observar a Superlua \u00e9 quando ela estiver mais pr\u00f3xima do horizonte, logo ap\u00f3s o p\u00f4r do sol, ou no dia seguinte, antes do nascer do Sol. Nessa posi\u00e7\u00e3o, ela parecer\u00e1 ainda maior, podendo apresentar \u201cbelas varia\u00e7\u00f5es de tonalidade, devido \u00e0s part\u00edculas suspensas na atmosfera\u201d.<\/p>\n<p>&#8220;O evento de uma Superlua atrai ainda mais os olhares para o c\u00e9u, nos ajudando a divulgar e popularizar a ci\u00eancia. E, al\u00e9m disso, \u00e9 um evento que pode ser visto por muitas horas (durante toda a noite), de qualquer lugar do mundo e por qualquer pessoa, porque \u00e9 vis\u00edvel a olho nu\u201d, finalizou a astr\u00f4noma.<\/p>\n","protected":false},"excerpt":{"rendered":"<p>A noite desta quarta-feira (30) ser\u00e1 de Superlua Azul. A Blue Moon &#8211; termo utilizado para a segunda lua cheia do m\u00eas &#8211; ter\u00e1, hoje, uma vers\u00e3o maior e mais brilhante. \u00c9 que ela estar\u00e1 em seu ponto de \u00f3rbita mais pr\u00f3ximo da Terra, o chamado perigeu. Musa inspiradora de uma das can\u00e7\u00f5es mais conhecidas [&hellip;]<\/p>\n","protected":false},"author":2,"featured_media":311897,"comment_status":"closed","ping_status":"closed","sticky":false,"template":"","format":"standard","meta":{"_acf_changed":false,"footnotes":""},"categories":[161],"tags":[],"class_list":["post-311896","post","type-post","status-publish","format-standard","has-post-thumbnail","hentry","category-quadradinho-em-foco"],"acf":[],"yoast_head":"<!-- This site is optimized with the Yoast SEO plugin v27.2 - https:\/\/yoast.com\/product\/yoast-seo-wordpress\/ -->\n<title>Olhe para o C\u00e9u, porque \u00e9 noite de Superlua Azul - Notibras<\/title>\n<meta name=\"robots\" content=\"index, follow, max-snippet:-1, max-image-preview:large, max-video-preview:-1\" \/>\n<link rel=\"canonical\" href=\"https:\/\/www.notibras.com\/site\/olhe-para-o-ceu-porque-e-noite-de-superlua-azul\/\" \/>\n<meta property=\"og:locale\" content=\"pt_BR\" \/>\n<meta property=\"og:type\" content=\"article\" \/>\n<meta property=\"og:title\" content=\"Olhe para o C\u00e9u, porque \u00e9 noite de Superlua Azul - Notibras\" \/>\n<meta property=\"og:description\" content=\"A noite desta quarta-feira (30) ser\u00e1 de Superlua Azul. A Blue Moon &#8211; termo utilizado para a segunda lua cheia do m\u00eas &#8211; ter\u00e1, hoje, uma vers\u00e3o maior e mais brilhante. \u00c9 que ela estar\u00e1 em seu ponto de \u00f3rbita mais pr\u00f3ximo da Terra, o chamado perigeu. Musa inspiradora de uma das can\u00e7\u00f5es mais conhecidas [&hellip;]\" \/>\n<meta property=\"og:url\" content=\"https:\/\/www.notibras.com\/site\/olhe-para-o-ceu-porque-e-noite-de-superlua-azul\/\" \/>\n<meta property=\"og:site_name\" content=\"Notibras\" \/>\n<meta property=\"article:publisher\" content=\"https:\/\/www.facebook.com\/notibras\/\" \/>\n<meta property=\"article:published_time\" content=\"2023-08-30T09:14:05+00:00\" \/>\n<meta property=\"article:modified_time\" content=\"2023-08-30T13:18:19+00:00\" \/>\n<meta property=\"og:image\" content=\"https:\/\/www.notibras.com\/site\/wp-content\/uploads\/2023\/08\/926214-superlua-3-2.jpg\" \/>\n\t<meta property=\"og:image:width\" content=\"1170\" \/>\n\t<meta property=\"og:image:height\" content=\"700\" \/>\n\t<meta property=\"og:image:type\" content=\"image\/jpeg\" \/>\n<meta name=\"author\" content=\"Reda\u00e7\u00e3o\" \/>\n<meta name=\"twitter:card\" content=\"summary_large_image\" \/>\n<meta name=\"twitter:creator\" content=\"@Notibras\" \/>\n<meta name=\"twitter:site\" content=\"@Notibras\" \/>\n<meta name=\"twitter:label1\" content=\"Escrito por\" \/>\n\t<meta name=\"twitter:data1\" content=\"Reda\u00e7\u00e3o\" \/>\n\t<meta name=\"twitter:label2\" content=\"Est. tempo de leitura\" \/>\n\t<meta name=\"twitter:data2\" content=\"3 minutos\" \/>\n<script type=\"application\/ld+json\" class=\"yoast-schema-graph\">{\"@context\":\"https:\/\/schema.org\",\"@graph\":[{\"@type\":\"Article\",\"@id\":\"https:\/\/www.notibras.com\/site\/olhe-para-o-ceu-porque-e-noite-de-superlua-azul\/#article\",\"isPartOf\":{\"@id\":\"https:\/\/www.notibras.com\/site\/olhe-para-o-ceu-porque-e-noite-de-superlua-azul\/\"},\"author\":{\"name\":\"Reda\u00e7\u00e3o\",\"@id\":\"https:\/\/www.notibras.com\/site\/#\/schema\/person\/36ab0979449956132d3e5b517ea76ac8\"},\"headline\":\"Olhe para o C\u00e9u, porque \u00e9 noite de Superlua Azul\",\"datePublished\":\"2023-08-30T09:14:05+00:00\",\"dateModified\":\"2023-08-30T13:18:19+00:00\",\"mainEntityOfPage\":{\"@id\":\"https:\/\/www.notibras.com\/site\/olhe-para-o-ceu-porque-e-noite-de-superlua-azul\/\"},\"wordCount\":412,\"publisher\":{\"@id\":\"https:\/\/www.notibras.com\/site\/#organization\"},\"image\":{\"@id\":\"https:\/\/www.notibras.com\/site\/olhe-para-o-ceu-porque-e-noite-de-superlua-azul\/#primaryimage\"},\"thumbnailUrl\":\"https:\/\/www.notibras.com\/site\/wp-content\/uploads\/2023\/08\/926214-superlua-3-2.jpg\",\"articleSection\":[\"Quadradinho em Foco\"],\"inLanguage\":\"pt-BR\"},{\"@type\":\"WebPage\",\"@id\":\"https:\/\/www.notibras.com\/site\/olhe-para-o-ceu-porque-e-noite-de-superlua-azul\/\",\"url\":\"https:\/\/www.notibras.com\/site\/olhe-para-o-ceu-porque-e-noite-de-superlua-azul\/\",\"name\":\"Olhe para o C\u00e9u, porque \u00e9 noite de Superlua Azul - Notibras\",\"isPartOf\":{\"@id\":\"https:\/\/www.notibras.com\/site\/#website\"},\"primaryImageOfPage\":{\"@id\":\"https:\/\/www.notibras.com\/site\/olhe-para-o-ceu-porque-e-noite-de-superlua-azul\/#primaryimage\"},\"image\":{\"@id\":\"https:\/\/www.notibras.com\/site\/olhe-para-o-ceu-porque-e-noite-de-superlua-azul\/#primaryimage\"},\"thumbnailUrl\":\"https:\/\/www.notibras.com\/site\/wp-content\/uploads\/2023\/08\/926214-superlua-3-2.jpg\",\"datePublished\":\"2023-08-30T09:14:05+00:00\",\"dateModified\":\"2023-08-30T13:18:19+00:00\",\"breadcrumb\":{\"@id\":\"https:\/\/www.notibras.com\/site\/olhe-para-o-ceu-porque-e-noite-de-superlua-azul\/#breadcrumb\"},\"inLanguage\":\"pt-BR\",\"potentialAction\":[{\"@type\":\"ReadAction\",\"target\":[\"https:\/\/www.notibras.com\/site\/olhe-para-o-ceu-porque-e-noite-de-superlua-azul\/\"]}]},{\"@type\":\"ImageObject\",\"inLanguage\":\"pt-BR\",\"@id\":\"https:\/\/www.notibras.com\/site\/olhe-para-o-ceu-porque-e-noite-de-superlua-azul\/#primaryimage\",\"url\":\"https:\/\/www.notibras.com\/site\/wp-content\/uploads\/2023\/08\/926214-superlua-3-2.jpg\",\"contentUrl\":\"https:\/\/www.notibras.com\/site\/wp-content\/uploads\/2023\/08\/926214-superlua-3-2.jpg\",\"width\":1170,\"height\":700},{\"@type\":\"BreadcrumbList\",\"@id\":\"https:\/\/www.notibras.com\/site\/olhe-para-o-ceu-porque-e-noite-de-superlua-azul\/#breadcrumb\",\"itemListElement\":[{\"@type\":\"ListItem\",\"position\":1,\"name\":\"In\u00edcio\",\"item\":\"https:\/\/www.notibras.com\/site\/\"},{\"@type\":\"ListItem\",\"position\":2,\"name\":\"Olhe para o C\u00e9u, porque \u00e9 noite de Superlua Azul\"}]},{\"@type\":\"WebSite\",\"@id\":\"https:\/\/www.notibras.com\/site\/#website\",\"url\":\"https:\/\/www.notibras.com\/site\/\",\"name\":\"Notibras\",\"description\":\"Not\u00edcias de Bras\u00edlia, do Brasil e do Mundo\",\"publisher\":{\"@id\":\"https:\/\/www.notibras.com\/site\/#organization\"},\"potentialAction\":[{\"@type\":\"SearchAction\",\"target\":{\"@type\":\"EntryPoint\",\"urlTemplate\":\"https:\/\/www.notibras.com\/site\/?s={search_term_string}\"},\"query-input\":{\"@type\":\"PropertyValueSpecification\",\"valueRequired\":true,\"valueName\":\"search_term_string\"}}],\"inLanguage\":\"pt-BR\"},{\"@type\":\"Organization\",\"@id\":\"https:\/\/www.notibras.com\/site\/#organization\",\"name\":\"Grupo Notibras de Comunica\u00e7\u00e3o\",\"url\":\"https:\/\/www.notibras.com\/site\/\",\"logo\":{\"@type\":\"ImageObject\",\"inLanguage\":\"pt-BR\",\"@id\":\"https:\/\/www.notibras.com\/site\/#\/schema\/logo\/image\/\",\"url\":\"https:\/\/www.notibras.com\/site\/wp-content\/uploads\/2023\/01\/notibras23.png\",\"contentUrl\":\"https:\/\/www.notibras.com\/site\/wp-content\/uploads\/2023\/01\/notibras23.png\",\"width\":350,\"height\":87,\"caption\":\"Grupo Notibras de Comunica\u00e7\u00e3o\"},\"image\":{\"@id\":\"https:\/\/www.notibras.com\/site\/#\/schema\/logo\/image\/\"},\"sameAs\":[\"https:\/\/www.facebook.com\/notibras\/\",\"https:\/\/x.com\/Notibras\",\"https:\/\/www.instagram.com\/notibras\/\"]},{\"@type\":\"Person\",\"@id\":\"https:\/\/www.notibras.com\/site\/#\/schema\/person\/36ab0979449956132d3e5b517ea76ac8\",\"name\":\"Reda\u00e7\u00e3o\",\"image\":{\"@type\":\"ImageObject\",\"inLanguage\":\"pt-BR\",\"@id\":\"https:\/\/secure.gravatar.com\/avatar\/e0a867bdedb85fd243eadf09663511f96fc81e0720a4a42581f334ad4303aa6b?s=96&d=mm&r=g\",\"url\":\"https:\/\/secure.gravatar.com\/avatar\/e0a867bdedb85fd243eadf09663511f96fc81e0720a4a42581f334ad4303aa6b?s=96&d=mm&r=g\",\"contentUrl\":\"https:\/\/secure.gravatar.com\/avatar\/e0a867bdedb85fd243eadf09663511f96fc81e0720a4a42581f334ad4303aa6b?s=96&d=mm&r=g\",\"caption\":\"Reda\u00e7\u00e3o\"}}]}<\/script>\n<!-- \/ Yoast SEO plugin. -->","yoast_head_json":{"title":"Olhe para o C\u00e9u, porque \u00e9 noite de Superlua Azul - Notibras","robots":{"index":"index","follow":"follow","max-snippet":"max-snippet:-1","max-image-preview":"max-image-preview:large","max-video-preview":"max-video-preview:-1"},"canonical":"https:\/\/www.notibras.com\/site\/olhe-para-o-ceu-porque-e-noite-de-superlua-azul\/","og_locale":"pt_BR","og_type":"article","og_title":"Olhe para o C\u00e9u, porque \u00e9 noite de Superlua Azul - Notibras","og_description":"A noite desta quarta-feira (30) ser\u00e1 de Superlua Azul. A Blue Moon &#8211; termo utilizado para a segunda lua cheia do m\u00eas &#8211; ter\u00e1, hoje, uma vers\u00e3o maior e mais brilhante. \u00c9 que ela estar\u00e1 em seu ponto de \u00f3rbita mais pr\u00f3ximo da Terra, o chamado perigeu. Musa inspiradora de uma das can\u00e7\u00f5es mais conhecidas [&hellip;]","og_url":"https:\/\/www.notibras.com\/site\/olhe-para-o-ceu-porque-e-noite-de-superlua-azul\/","og_site_name":"Notibras","article_publisher":"https:\/\/www.facebook.com\/notibras\/","article_published_time":"2023-08-30T09:14:05+00:00","article_modified_time":"2023-08-30T13:18:19+00:00","og_image":[{"width":1170,"height":700,"url":"https:\/\/www.notibras.com\/site\/wp-content\/uploads\/2023\/08\/926214-superlua-3-2.jpg","type":"image\/jpeg"}],"author":"Reda\u00e7\u00e3o","twitter_card":"summary_large_image","twitter_creator":"@Notibras","twitter_site":"@Notibras","twitter_misc":{"Escrito por":"Reda\u00e7\u00e3o","Est. tempo de leitura":"3 minutos"},"schema":{"@context":"https:\/\/schema.org","@graph":[{"@type":"Article","@id":"https:\/\/www.notibras.com\/site\/olhe-para-o-ceu-porque-e-noite-de-superlua-azul\/#article","isPartOf":{"@id":"https:\/\/www.notibras.com\/site\/olhe-para-o-ceu-porque-e-noite-de-superlua-azul\/"},"author":{"name":"Reda\u00e7\u00e3o","@id":"https:\/\/www.notibras.com\/site\/#\/schema\/person\/36ab0979449956132d3e5b517ea76ac8"},"headline":"Olhe para o C\u00e9u, porque \u00e9 noite de Superlua Azul","datePublished":"2023-08-30T09:14:05+00:00","dateModified":"2023-08-30T13:18:19+00:00","mainEntityOfPage":{"@id":"https:\/\/www.notibras.com\/site\/olhe-para-o-ceu-porque-e-noite-de-superlua-azul\/"},"wordCount":412,"publisher":{"@id":"https:\/\/www.notibras.com\/site\/#organization"},"image":{"@id":"https:\/\/www.notibras.com\/site\/olhe-para-o-ceu-porque-e-noite-de-superlua-azul\/#primaryimage"},"thumbnailUrl":"https:\/\/www.notibras.com\/site\/wp-content\/uploads\/2023\/08\/926214-superlua-3-2.jpg","articleSection":["Quadradinho em Foco"],"inLanguage":"pt-BR"},{"@type":"WebPage","@id":"https:\/\/www.notibras.com\/site\/olhe-para-o-ceu-porque-e-noite-de-superlua-azul\/","url":"https:\/\/www.notibras.com\/site\/olhe-para-o-ceu-porque-e-noite-de-superlua-azul\/","name":"Olhe para o C\u00e9u, porque \u00e9 noite de Superlua Azul - Notibras","isPartOf":{"@id":"https:\/\/www.notibras.com\/site\/#website"},"primaryImageOfPage":{"@id":"https:\/\/www.notibras.com\/site\/olhe-para-o-ceu-porque-e-noite-de-superlua-azul\/#primaryimage"},"image":{"@id":"https:\/\/www.notibras.com\/site\/olhe-para-o-ceu-porque-e-noite-de-superlua-azul\/#primaryimage"},"thumbnailUrl":"https:\/\/www.notibras.com\/site\/wp-content\/uploads\/2023\/08\/926214-superlua-3-2.jpg","datePublished":"2023-08-30T09:14:05+00:00","dateModified":"2023-08-30T13:18:19+00:00","breadcrumb":{"@id":"https:\/\/www.notibras.com\/site\/olhe-para-o-ceu-porque-e-noite-de-superlua-azul\/#breadcrumb"},"inLanguage":"pt-BR","potentialAction":[{"@type":"ReadAction","target":["https:\/\/www.notibras.com\/site\/olhe-para-o-ceu-porque-e-noite-de-superlua-azul\/"]}]},{"@type":"ImageObject","inLanguage":"pt-BR","@id":"https:\/\/www.notibras.com\/site\/olhe-para-o-ceu-porque-e-noite-de-superlua-azul\/#primaryimage","url":"https:\/\/www.notibras.com\/site\/wp-content\/uploads\/2023\/08\/926214-superlua-3-2.jpg","contentUrl":"https:\/\/www.notibras.com\/site\/wp-content\/uploads\/2023\/08\/926214-superlua-3-2.jpg","width":1170,"height":700},{"@type":"BreadcrumbList","@id":"https:\/\/www.notibras.com\/site\/olhe-para-o-ceu-porque-e-noite-de-superlua-azul\/#breadcrumb","itemListElement":[{"@type":"ListItem","position":1,"name":"In\u00edcio","item":"https:\/\/www.notibras.com\/site\/"},{"@type":"ListItem","position":2,"name":"Olhe para o C\u00e9u, porque \u00e9 noite de Superlua Azul"}]},{"@type":"WebSite","@id":"https:\/\/www.notibras.com\/site\/#website","url":"https:\/\/www.notibras.com\/site\/","name":"Notibras","description":"Not\u00edcias de Bras\u00edlia, do Brasil e do Mundo","publisher":{"@id":"https:\/\/www.notibras.com\/site\/#organization"},"potentialAction":[{"@type":"SearchAction","target":{"@type":"EntryPoint","urlTemplate":"https:\/\/www.notibras.com\/site\/?s={search_term_string}"},"query-input":{"@type":"PropertyValueSpecification","valueRequired":true,"valueName":"search_term_string"}}],"inLanguage":"pt-BR"},{"@type":"Organization","@id":"https:\/\/www.notibras.com\/site\/#organization","name":"Grupo Notibras de Comunica\u00e7\u00e3o","url":"https:\/\/www.notibras.com\/site\/","logo":{"@type":"ImageObject","inLanguage":"pt-BR","@id":"https:\/\/www.notibras.com\/site\/#\/schema\/logo\/image\/","url":"https:\/\/www.notibras.com\/site\/wp-content\/uploads\/2023\/01\/notibras23.png","contentUrl":"https:\/\/www.notibras.com\/site\/wp-content\/uploads\/2023\/01\/notibras23.png","width":350,"height":87,"caption":"Grupo Notibras de Comunica\u00e7\u00e3o"},"image":{"@id":"https:\/\/www.notibras.com\/site\/#\/schema\/logo\/image\/"},"sameAs":["https:\/\/www.facebook.com\/notibras\/","https:\/\/x.com\/Notibras","https:\/\/www.instagram.com\/notibras\/"]},{"@type":"Person","@id":"https:\/\/www.notibras.com\/site\/#\/schema\/person\/36ab0979449956132d3e5b517ea76ac8","name":"Reda\u00e7\u00e3o","image":{"@type":"ImageObject","inLanguage":"pt-BR","@id":"https:\/\/secure.gravatar.com\/avatar\/e0a867bdedb85fd243eadf09663511f96fc81e0720a4a42581f334ad4303aa6b?s=96&d=mm&r=g","url":"https:\/\/secure.gravatar.com\/avatar\/e0a867bdedb85fd243eadf09663511f96fc81e0720a4a42581f334ad4303aa6b?s=96&d=mm&r=g","contentUrl":"https:\/\/secure.gravatar.com\/avatar\/e0a867bdedb85fd243eadf09663511f96fc81e0720a4a42581f334ad4303aa6b?s=96&d=mm&r=g","caption":"Reda\u00e7\u00e3o"}}]}},"amp_enabled":true,"_links":{"self":[{"href":"https:\/\/www.notibras.com\/site\/wp-json\/wp\/v2\/posts\/311896","targetHints":{"allow":["GET"]}}],"collection":[{"href":"https:\/\/www.notibras.com\/site\/wp-json\/wp\/v2\/posts"}],"about":[{"href":"https:\/\/www.notibras.com\/site\/wp-json\/wp\/v2\/types\/post"}],"author":[{"embeddable":true,"href":"https:\/\/www.notibras.com\/site\/wp-json\/wp\/v2\/users\/2"}],"replies":[{"embeddable":true,"href":"https:\/\/www.notibras.com\/site\/wp-json\/wp\/v2\/comments?post=311896"}],"version-history":[{"count":1,"href":"https:\/\/www.notibras.com\/site\/wp-json\/wp\/v2\/posts\/311896\/revisions"}],"predecessor-version":[{"id":311898,"href":"https:\/\/www.notibras.com\/site\/wp-json\/wp\/v2\/posts\/311896\/revisions\/311898"}],"wp:featuredmedia":[{"embeddable":true,"href":"https:\/\/www.notibras.com\/site\/wp-json\/wp\/v2\/media\/311897"}],"wp:attachment":[{"href":"https:\/\/www.notibras.com\/site\/wp-json\/wp\/v2\/media?parent=311896"}],"wp:term":[{"taxonomy":"category","embeddable":true,"href":"https:\/\/www.notibras.com\/site\/wp-json\/wp\/v2\/categories?post=311896"},{"taxonomy":"post_tag","embeddable":true,"href":"https:\/\/www.notibras.com\/site\/wp-json\/wp\/v2\/tags?post=311896"}],"curies":[{"name":"wp","href":"https:\/\/api.w.org\/{rel}","templated":true}]}}