{"id":311950,"date":"2023-08-31T00:00:19","date_gmt":"2023-08-31T03:00:19","guid":{"rendered":"https:\/\/www.notibras.com\/site\/?p=311950"},"modified":"2023-08-31T07:10:26","modified_gmt":"2023-08-31T10:10:26","slug":"ibaneis-discute-financiamento-de-projetos-com-banco-mundial","status":"publish","type":"post","link":"https:\/\/www.notibras.com\/site\/ibaneis-discute-financiamento-de-projetos-com-banco-mundial\/","title":{"rendered":"Ibaneis discute financiamento de projetos com Banco Mundial"},"content":{"rendered":"<p>O governador Ibaneis Rocha foi recebido, nesta quarta-feira (30), pela diretora de Estrat\u00e9gias e Opera\u00e7\u00f5es para a Regi\u00e3o da Am\u00e9rica Latina e Caribe do Grupo Banco Mundial, Ayat Soliman, para tratar de investimentos em projetos do Distrito Federal.<\/p>\n<p>O encontro, em Washington (EUA), contou com a presen\u00e7a da equipe t\u00e9cnica da institui\u00e7\u00e3o, al\u00e9m do secret\u00e1rio de Planejamento, Ney Ferraz, e do presidente do BRB, Paulo Henrique Costa. Na pauta, projetos considerados estrat\u00e9gicos pelo Governo do Distrito Federal (GDF), como o BRT Norte, os programas de capta\u00e7\u00e3o e elimina\u00e7\u00e3o de res\u00edduos s\u00f3lidos e o aumento da efici\u00eancia energ\u00e9tica da capital.<\/p>\n<p>\u201cEstivemos reunidos com a equipe t\u00e9cnica do Banco Mundial e tivemos a oportunidade de discutir v\u00e1rios projetos importantes para o Distrito Federal, como o BRT Norte, a quest\u00e3o da capta\u00e7\u00e3o de res\u00edduos s\u00f3lidos e a elimina\u00e7\u00e3o desses res\u00edduos da natureza e tamb\u00e9m quest\u00f5es relacionadas \u00e0 efici\u00eancia energ\u00e9tica, que precisamos avan\u00e7ar muito na capital da Rep\u00fablica\u201d, afirmou o governador.<\/p>\n<p>Considerada a principal obra de mobilidade do segundo mandato de Ibaneis Rocha, o BRT Norte vai ligar o Plano Piloto a Planaltina com linhas de \u00f4nibus expressas. No in\u00edcio de agosto, foi anunciado um repasse de R$ 1,5 bilh\u00e3o do Programa de Acelera\u00e7\u00e3o do Crescimento (PAC) para o projeto. O GDF busca, agora, novas linhas de financiamento para agilizar a constru\u00e7\u00e3o.<\/p>\n<p>No setor energ\u00e9tico, entre outros pontos de destaque, o GDF implementou este ano uma usina fotovoltaica voltada especificamente para o abastecimento de pr\u00e9dios p\u00fablicos. Localizada no Parque Ecol\u00f3gico de \u00c1guas Claras, a unidade abastecer\u00e1 cerca de 80 estruturas como escolas e secretarias, gerando economia de at\u00e9 R$ 1 milh\u00e3o por ano. O projeto, reconhecido pela ONU, teve investimento total de R$ 4,1 milh\u00f5es.<\/p>\n<p>As tratativas de investimentos nos projetos devem continuar ap\u00f3s o retorno do governador a Bras\u00edlia. \u201cFoi uma reuni\u00e3o muito produtiva. Tivemos contato tamb\u00e9m com a equipe do Banco Mundial no Distrito Federal e, a partir da pr\u00f3xima semana, n\u00f3s estaremos juntos trabalhando estes projetos para poder desenvolver cada mais a capital\u201d, disse Ibaneis Rocha.<\/p>\n<p>A miss\u00e3o em solo norte-americano faz parte da programa\u00e7\u00e3o do Lide Brazil Development Forum. No evento, o governador do Distrito Federal participar\u00e1 do painel \u201cOportunidades de financiamento para infraestrutura e servi\u00e7os p\u00fablicos nos estados e nos munic\u00edpios brasileiros\u201d, nesta sexta-feira (1\u00ba\/9), no Hotel Willard, em Washington.<\/p>\n<p>A agenda oficial desta quinta-feira (31) conta com uma reuni\u00e3o com o presidente do Banco Interamericano de Desenvolvimento (BID) e ex-presidente do Banco Central, Ilan Goldfajn. Em seguida, o governador participa de uma recep\u00e7\u00e3o da embaixadora do Brasil em Washington, Maria Luiza Viotti.<\/p>\n","protected":false},"excerpt":{"rendered":"<p>O governador Ibaneis Rocha foi recebido, nesta quarta-feira (30), pela diretora de Estrat\u00e9gias e Opera\u00e7\u00f5es para a Regi\u00e3o da Am\u00e9rica Latina e Caribe do Grupo Banco Mundial, Ayat Soliman, para tratar de investimentos em projetos do Distrito Federal. O encontro, em Washington (EUA), contou com a presen\u00e7a da equipe t\u00e9cnica da institui\u00e7\u00e3o, al\u00e9m do secret\u00e1rio [&hellip;]<\/p>\n","protected":false},"author":2,"featured_media":311951,"comment_status":"closed","ping_status":"closed","sticky":false,"template":"","format":"standard","meta":{"_acf_changed":false,"footnotes":""},"categories":[161],"tags":[],"class_list":["post-311950","post","type-post","status-publish","format-standard","has-post-thumbnail","hentry","category-quadradinho-em-foco"],"acf":[],"yoast_head":"<!-- This site is optimized with the Yoast SEO plugin v27.2 - https:\/\/yoast.com\/product\/yoast-seo-wordpress\/ -->\n<title>Ibaneis discute financiamento de projetos com Banco Mundial - Notibras<\/title>\n<meta name=\"robots\" content=\"index, follow, max-snippet:-1, max-image-preview:large, max-video-preview:-1\" \/>\n<link rel=\"canonical\" href=\"https:\/\/www.notibras.com\/site\/ibaneis-discute-financiamento-de-projetos-com-banco-mundial\/\" \/>\n<meta property=\"og:locale\" content=\"pt_BR\" \/>\n<meta property=\"og:type\" content=\"article\" \/>\n<meta property=\"og:title\" content=\"Ibaneis discute financiamento de projetos com Banco Mundial - Notibras\" \/>\n<meta property=\"og:description\" content=\"O governador Ibaneis Rocha foi recebido, nesta quarta-feira (30), pela diretora de Estrat\u00e9gias e Opera\u00e7\u00f5es para a Regi\u00e3o da Am\u00e9rica Latina e Caribe do Grupo Banco Mundial, Ayat Soliman, para tratar de investimentos em projetos do Distrito Federal. O encontro, em Washington (EUA), contou com a presen\u00e7a da equipe t\u00e9cnica da institui\u00e7\u00e3o, al\u00e9m do secret\u00e1rio [&hellip;]\" \/>\n<meta property=\"og:url\" content=\"https:\/\/www.notibras.com\/site\/ibaneis-discute-financiamento-de-projetos-com-banco-mundial\/\" \/>\n<meta property=\"og:site_name\" content=\"Notibras\" \/>\n<meta property=\"article:publisher\" content=\"https:\/\/www.facebook.com\/notibras\/\" \/>\n<meta property=\"article:published_time\" content=\"2023-08-31T03:00:19+00:00\" \/>\n<meta property=\"article:modified_time\" content=\"2023-08-31T10:10:26+00:00\" \/>\n<meta property=\"og:image\" content=\"https:\/\/www.notibras.com\/site\/wp-content\/uploads\/2023\/08\/WhatsApp-Image-2023-08-30-at-20.47.30-1536x1023-1.jpeg\" \/>\n\t<meta property=\"og:image:width\" content=\"1536\" \/>\n\t<meta property=\"og:image:height\" content=\"1023\" \/>\n\t<meta property=\"og:image:type\" content=\"image\/jpeg\" \/>\n<meta name=\"author\" content=\"Reda\u00e7\u00e3o\" \/>\n<meta name=\"twitter:card\" content=\"summary_large_image\" \/>\n<meta name=\"twitter:creator\" content=\"@Notibras\" \/>\n<meta name=\"twitter:site\" content=\"@Notibras\" \/>\n<meta name=\"twitter:label1\" content=\"Escrito por\" \/>\n\t<meta name=\"twitter:data1\" content=\"Reda\u00e7\u00e3o\" \/>\n\t<meta name=\"twitter:label2\" content=\"Est. tempo de leitura\" \/>\n\t<meta name=\"twitter:data2\" content=\"3 minutos\" \/>\n<script type=\"application\/ld+json\" class=\"yoast-schema-graph\">{\"@context\":\"https:\/\/schema.org\",\"@graph\":[{\"@type\":\"Article\",\"@id\":\"https:\/\/www.notibras.com\/site\/ibaneis-discute-financiamento-de-projetos-com-banco-mundial\/#article\",\"isPartOf\":{\"@id\":\"https:\/\/www.notibras.com\/site\/ibaneis-discute-financiamento-de-projetos-com-banco-mundial\/\"},\"author\":{\"name\":\"Reda\u00e7\u00e3o\",\"@id\":\"https:\/\/www.notibras.com\/site\/#\/schema\/person\/36ab0979449956132d3e5b517ea76ac8\"},\"headline\":\"Ibaneis discute financiamento de projetos com Banco Mundial\",\"datePublished\":\"2023-08-31T03:00:19+00:00\",\"dateModified\":\"2023-08-31T10:10:26+00:00\",\"mainEntityOfPage\":{\"@id\":\"https:\/\/www.notibras.com\/site\/ibaneis-discute-financiamento-de-projetos-com-banco-mundial\/\"},\"wordCount\":477,\"publisher\":{\"@id\":\"https:\/\/www.notibras.com\/site\/#organization\"},\"image\":{\"@id\":\"https:\/\/www.notibras.com\/site\/ibaneis-discute-financiamento-de-projetos-com-banco-mundial\/#primaryimage\"},\"thumbnailUrl\":\"https:\/\/www.notibras.com\/site\/wp-content\/uploads\/2023\/08\/WhatsApp-Image-2023-08-30-at-20.47.30-1536x1023-1.jpeg\",\"articleSection\":[\"Quadradinho em Foco\"],\"inLanguage\":\"pt-BR\"},{\"@type\":\"WebPage\",\"@id\":\"https:\/\/www.notibras.com\/site\/ibaneis-discute-financiamento-de-projetos-com-banco-mundial\/\",\"url\":\"https:\/\/www.notibras.com\/site\/ibaneis-discute-financiamento-de-projetos-com-banco-mundial\/\",\"name\":\"Ibaneis discute financiamento de projetos com Banco Mundial - Notibras\",\"isPartOf\":{\"@id\":\"https:\/\/www.notibras.com\/site\/#website\"},\"primaryImageOfPage\":{\"@id\":\"https:\/\/www.notibras.com\/site\/ibaneis-discute-financiamento-de-projetos-com-banco-mundial\/#primaryimage\"},\"image\":{\"@id\":\"https:\/\/www.notibras.com\/site\/ibaneis-discute-financiamento-de-projetos-com-banco-mundial\/#primaryimage\"},\"thumbnailUrl\":\"https:\/\/www.notibras.com\/site\/wp-content\/uploads\/2023\/08\/WhatsApp-Image-2023-08-30-at-20.47.30-1536x1023-1.jpeg\",\"datePublished\":\"2023-08-31T03:00:19+00:00\",\"dateModified\":\"2023-08-31T10:10:26+00:00\",\"breadcrumb\":{\"@id\":\"https:\/\/www.notibras.com\/site\/ibaneis-discute-financiamento-de-projetos-com-banco-mundial\/#breadcrumb\"},\"inLanguage\":\"pt-BR\",\"potentialAction\":[{\"@type\":\"ReadAction\",\"target\":[\"https:\/\/www.notibras.com\/site\/ibaneis-discute-financiamento-de-projetos-com-banco-mundial\/\"]}]},{\"@type\":\"ImageObject\",\"inLanguage\":\"pt-BR\",\"@id\":\"https:\/\/www.notibras.com\/site\/ibaneis-discute-financiamento-de-projetos-com-banco-mundial\/#primaryimage\",\"url\":\"https:\/\/www.notibras.com\/site\/wp-content\/uploads\/2023\/08\/WhatsApp-Image-2023-08-30-at-20.47.30-1536x1023-1.jpeg\",\"contentUrl\":\"https:\/\/www.notibras.com\/site\/wp-content\/uploads\/2023\/08\/WhatsApp-Image-2023-08-30-at-20.47.30-1536x1023-1.jpeg\",\"width\":1536,\"height\":1023},{\"@type\":\"BreadcrumbList\",\"@id\":\"https:\/\/www.notibras.com\/site\/ibaneis-discute-financiamento-de-projetos-com-banco-mundial\/#breadcrumb\",\"itemListElement\":[{\"@type\":\"ListItem\",\"position\":1,\"name\":\"In\u00edcio\",\"item\":\"https:\/\/www.notibras.com\/site\/\"},{\"@type\":\"ListItem\",\"position\":2,\"name\":\"Ibaneis discute financiamento de projetos com Banco Mundial\"}]},{\"@type\":\"WebSite\",\"@id\":\"https:\/\/www.notibras.com\/site\/#website\",\"url\":\"https:\/\/www.notibras.com\/site\/\",\"name\":\"Notibras\",\"description\":\"Not\u00edcias de Bras\u00edlia, do Brasil e do Mundo\",\"publisher\":{\"@id\":\"https:\/\/www.notibras.com\/site\/#organization\"},\"potentialAction\":[{\"@type\":\"SearchAction\",\"target\":{\"@type\":\"EntryPoint\",\"urlTemplate\":\"https:\/\/www.notibras.com\/site\/?s={search_term_string}\"},\"query-input\":{\"@type\":\"PropertyValueSpecification\",\"valueRequired\":true,\"valueName\":\"search_term_string\"}}],\"inLanguage\":\"pt-BR\"},{\"@type\":\"Organization\",\"@id\":\"https:\/\/www.notibras.com\/site\/#organization\",\"name\":\"Grupo Notibras de Comunica\u00e7\u00e3o\",\"url\":\"https:\/\/www.notibras.com\/site\/\",\"logo\":{\"@type\":\"ImageObject\",\"inLanguage\":\"pt-BR\",\"@id\":\"https:\/\/www.notibras.com\/site\/#\/schema\/logo\/image\/\",\"url\":\"https:\/\/www.notibras.com\/site\/wp-content\/uploads\/2023\/01\/notibras23.png\",\"contentUrl\":\"https:\/\/www.notibras.com\/site\/wp-content\/uploads\/2023\/01\/notibras23.png\",\"width\":350,\"height\":87,\"caption\":\"Grupo Notibras de Comunica\u00e7\u00e3o\"},\"image\":{\"@id\":\"https:\/\/www.notibras.com\/site\/#\/schema\/logo\/image\/\"},\"sameAs\":[\"https:\/\/www.facebook.com\/notibras\/\",\"https:\/\/x.com\/Notibras\",\"https:\/\/www.instagram.com\/notibras\/\"]},{\"@type\":\"Person\",\"@id\":\"https:\/\/www.notibras.com\/site\/#\/schema\/person\/36ab0979449956132d3e5b517ea76ac8\",\"name\":\"Reda\u00e7\u00e3o\",\"image\":{\"@type\":\"ImageObject\",\"inLanguage\":\"pt-BR\",\"@id\":\"https:\/\/secure.gravatar.com\/avatar\/e0a867bdedb85fd243eadf09663511f96fc81e0720a4a42581f334ad4303aa6b?s=96&d=mm&r=g\",\"url\":\"https:\/\/secure.gravatar.com\/avatar\/e0a867bdedb85fd243eadf09663511f96fc81e0720a4a42581f334ad4303aa6b?s=96&d=mm&r=g\",\"contentUrl\":\"https:\/\/secure.gravatar.com\/avatar\/e0a867bdedb85fd243eadf09663511f96fc81e0720a4a42581f334ad4303aa6b?s=96&d=mm&r=g\",\"caption\":\"Reda\u00e7\u00e3o\"}}]}<\/script>\n<!-- \/ Yoast SEO plugin. -->","yoast_head_json":{"title":"Ibaneis discute financiamento de projetos com Banco Mundial - Notibras","robots":{"index":"index","follow":"follow","max-snippet":"max-snippet:-1","max-image-preview":"max-image-preview:large","max-video-preview":"max-video-preview:-1"},"canonical":"https:\/\/www.notibras.com\/site\/ibaneis-discute-financiamento-de-projetos-com-banco-mundial\/","og_locale":"pt_BR","og_type":"article","og_title":"Ibaneis discute financiamento de projetos com Banco Mundial - Notibras","og_description":"O governador Ibaneis Rocha foi recebido, nesta quarta-feira (30), pela diretora de Estrat\u00e9gias e Opera\u00e7\u00f5es para a Regi\u00e3o da Am\u00e9rica Latina e Caribe do Grupo Banco Mundial, Ayat Soliman, para tratar de investimentos em projetos do Distrito Federal. O encontro, em Washington (EUA), contou com a presen\u00e7a da equipe t\u00e9cnica da institui\u00e7\u00e3o, al\u00e9m do secret\u00e1rio [&hellip;]","og_url":"https:\/\/www.notibras.com\/site\/ibaneis-discute-financiamento-de-projetos-com-banco-mundial\/","og_site_name":"Notibras","article_publisher":"https:\/\/www.facebook.com\/notibras\/","article_published_time":"2023-08-31T03:00:19+00:00","article_modified_time":"2023-08-31T10:10:26+00:00","og_image":[{"width":1536,"height":1023,"url":"https:\/\/www.notibras.com\/site\/wp-content\/uploads\/2023\/08\/WhatsApp-Image-2023-08-30-at-20.47.30-1536x1023-1.jpeg","type":"image\/jpeg"}],"author":"Reda\u00e7\u00e3o","twitter_card":"summary_large_image","twitter_creator":"@Notibras","twitter_site":"@Notibras","twitter_misc":{"Escrito por":"Reda\u00e7\u00e3o","Est. tempo de leitura":"3 minutos"},"schema":{"@context":"https:\/\/schema.org","@graph":[{"@type":"Article","@id":"https:\/\/www.notibras.com\/site\/ibaneis-discute-financiamento-de-projetos-com-banco-mundial\/#article","isPartOf":{"@id":"https:\/\/www.notibras.com\/site\/ibaneis-discute-financiamento-de-projetos-com-banco-mundial\/"},"author":{"name":"Reda\u00e7\u00e3o","@id":"https:\/\/www.notibras.com\/site\/#\/schema\/person\/36ab0979449956132d3e5b517ea76ac8"},"headline":"Ibaneis discute financiamento de projetos com Banco Mundial","datePublished":"2023-08-31T03:00:19+00:00","dateModified":"2023-08-31T10:10:26+00:00","mainEntityOfPage":{"@id":"https:\/\/www.notibras.com\/site\/ibaneis-discute-financiamento-de-projetos-com-banco-mundial\/"},"wordCount":477,"publisher":{"@id":"https:\/\/www.notibras.com\/site\/#organization"},"image":{"@id":"https:\/\/www.notibras.com\/site\/ibaneis-discute-financiamento-de-projetos-com-banco-mundial\/#primaryimage"},"thumbnailUrl":"https:\/\/www.notibras.com\/site\/wp-content\/uploads\/2023\/08\/WhatsApp-Image-2023-08-30-at-20.47.30-1536x1023-1.jpeg","articleSection":["Quadradinho em Foco"],"inLanguage":"pt-BR"},{"@type":"WebPage","@id":"https:\/\/www.notibras.com\/site\/ibaneis-discute-financiamento-de-projetos-com-banco-mundial\/","url":"https:\/\/www.notibras.com\/site\/ibaneis-discute-financiamento-de-projetos-com-banco-mundial\/","name":"Ibaneis discute financiamento de projetos com Banco Mundial - Notibras","isPartOf":{"@id":"https:\/\/www.notibras.com\/site\/#website"},"primaryImageOfPage":{"@id":"https:\/\/www.notibras.com\/site\/ibaneis-discute-financiamento-de-projetos-com-banco-mundial\/#primaryimage"},"image":{"@id":"https:\/\/www.notibras.com\/site\/ibaneis-discute-financiamento-de-projetos-com-banco-mundial\/#primaryimage"},"thumbnailUrl":"https:\/\/www.notibras.com\/site\/wp-content\/uploads\/2023\/08\/WhatsApp-Image-2023-08-30-at-20.47.30-1536x1023-1.jpeg","datePublished":"2023-08-31T03:00:19+00:00","dateModified":"2023-08-31T10:10:26+00:00","breadcrumb":{"@id":"https:\/\/www.notibras.com\/site\/ibaneis-discute-financiamento-de-projetos-com-banco-mundial\/#breadcrumb"},"inLanguage":"pt-BR","potentialAction":[{"@type":"ReadAction","target":["https:\/\/www.notibras.com\/site\/ibaneis-discute-financiamento-de-projetos-com-banco-mundial\/"]}]},{"@type":"ImageObject","inLanguage":"pt-BR","@id":"https:\/\/www.notibras.com\/site\/ibaneis-discute-financiamento-de-projetos-com-banco-mundial\/#primaryimage","url":"https:\/\/www.notibras.com\/site\/wp-content\/uploads\/2023\/08\/WhatsApp-Image-2023-08-30-at-20.47.30-1536x1023-1.jpeg","contentUrl":"https:\/\/www.notibras.com\/site\/wp-content\/uploads\/2023\/08\/WhatsApp-Image-2023-08-30-at-20.47.30-1536x1023-1.jpeg","width":1536,"height":1023},{"@type":"BreadcrumbList","@id":"https:\/\/www.notibras.com\/site\/ibaneis-discute-financiamento-de-projetos-com-banco-mundial\/#breadcrumb","itemListElement":[{"@type":"ListItem","position":1,"name":"In\u00edcio","item":"https:\/\/www.notibras.com\/site\/"},{"@type":"ListItem","position":2,"name":"Ibaneis discute financiamento de projetos com Banco Mundial"}]},{"@type":"WebSite","@id":"https:\/\/www.notibras.com\/site\/#website","url":"https:\/\/www.notibras.com\/site\/","name":"Notibras","description":"Not\u00edcias de Bras\u00edlia, do Brasil e do Mundo","publisher":{"@id":"https:\/\/www.notibras.com\/site\/#organization"},"potentialAction":[{"@type":"SearchAction","target":{"@type":"EntryPoint","urlTemplate":"https:\/\/www.notibras.com\/site\/?s={search_term_string}"},"query-input":{"@type":"PropertyValueSpecification","valueRequired":true,"valueName":"search_term_string"}}],"inLanguage":"pt-BR"},{"@type":"Organization","@id":"https:\/\/www.notibras.com\/site\/#organization","name":"Grupo Notibras de Comunica\u00e7\u00e3o","url":"https:\/\/www.notibras.com\/site\/","logo":{"@type":"ImageObject","inLanguage":"pt-BR","@id":"https:\/\/www.notibras.com\/site\/#\/schema\/logo\/image\/","url":"https:\/\/www.notibras.com\/site\/wp-content\/uploads\/2023\/01\/notibras23.png","contentUrl":"https:\/\/www.notibras.com\/site\/wp-content\/uploads\/2023\/01\/notibras23.png","width":350,"height":87,"caption":"Grupo Notibras de Comunica\u00e7\u00e3o"},"image":{"@id":"https:\/\/www.notibras.com\/site\/#\/schema\/logo\/image\/"},"sameAs":["https:\/\/www.facebook.com\/notibras\/","https:\/\/x.com\/Notibras","https:\/\/www.instagram.com\/notibras\/"]},{"@type":"Person","@id":"https:\/\/www.notibras.com\/site\/#\/schema\/person\/36ab0979449956132d3e5b517ea76ac8","name":"Reda\u00e7\u00e3o","image":{"@type":"ImageObject","inLanguage":"pt-BR","@id":"https:\/\/secure.gravatar.com\/avatar\/e0a867bdedb85fd243eadf09663511f96fc81e0720a4a42581f334ad4303aa6b?s=96&d=mm&r=g","url":"https:\/\/secure.gravatar.com\/avatar\/e0a867bdedb85fd243eadf09663511f96fc81e0720a4a42581f334ad4303aa6b?s=96&d=mm&r=g","contentUrl":"https:\/\/secure.gravatar.com\/avatar\/e0a867bdedb85fd243eadf09663511f96fc81e0720a4a42581f334ad4303aa6b?s=96&d=mm&r=g","caption":"Reda\u00e7\u00e3o"}}]}},"amp_enabled":true,"_links":{"self":[{"href":"https:\/\/www.notibras.com\/site\/wp-json\/wp\/v2\/posts\/311950","targetHints":{"allow":["GET"]}}],"collection":[{"href":"https:\/\/www.notibras.com\/site\/wp-json\/wp\/v2\/posts"}],"about":[{"href":"https:\/\/www.notibras.com\/site\/wp-json\/wp\/v2\/types\/post"}],"author":[{"embeddable":true,"href":"https:\/\/www.notibras.com\/site\/wp-json\/wp\/v2\/users\/2"}],"replies":[{"embeddable":true,"href":"https:\/\/www.notibras.com\/site\/wp-json\/wp\/v2\/comments?post=311950"}],"version-history":[{"count":1,"href":"https:\/\/www.notibras.com\/site\/wp-json\/wp\/v2\/posts\/311950\/revisions"}],"predecessor-version":[{"id":311952,"href":"https:\/\/www.notibras.com\/site\/wp-json\/wp\/v2\/posts\/311950\/revisions\/311952"}],"wp:featuredmedia":[{"embeddable":true,"href":"https:\/\/www.notibras.com\/site\/wp-json\/wp\/v2\/media\/311951"}],"wp:attachment":[{"href":"https:\/\/www.notibras.com\/site\/wp-json\/wp\/v2\/media?parent=311950"}],"wp:term":[{"taxonomy":"category","embeddable":true,"href":"https:\/\/www.notibras.com\/site\/wp-json\/wp\/v2\/categories?post=311950"},{"taxonomy":"post_tag","embeddable":true,"href":"https:\/\/www.notibras.com\/site\/wp-json\/wp\/v2\/tags?post=311950"}],"curies":[{"name":"wp","href":"https:\/\/api.w.org\/{rel}","templated":true}]}}