{"id":311953,"date":"2023-08-31T07:29:41","date_gmt":"2023-08-31T10:29:41","guid":{"rendered":"https:\/\/www.notibras.com\/site\/?p=311953"},"modified":"2023-08-31T07:29:41","modified_gmt":"2023-08-31T10:29:41","slug":"visao-de-lobisomem-leva-mulher-a-delegacia","status":"publish","type":"post","link":"https:\/\/www.notibras.com\/site\/visao-de-lobisomem-leva-mulher-a-delegacia\/","title":{"rendered":"Vis\u00e3o de &#8216;lobisomem&#8217; leva mulher a delegacia"},"content":{"rendered":"<p>A delegacia estava t\u00e3o tranquila naquela madrugada, que poderia at\u00e9 parecer um aconchegante dormit\u00f3rio, caso n\u00e3o fossem por aquelas cadeiras capengas. Santana tentava manter as pestanas abertas, enquanto os outros policiais dormiam. Ele estava no seu toco, que terminaria daqui a menos de vinte minutos, quando o pr\u00f3ximo da fila o substituiria e, finalmente, poderia tirar uma soneca de verdade no alojamento da delegacia.<\/p>\n<p>Ali\u00e1s, para quem n\u00e3o sabe o que \u00e9 toco, \u00e9 quando apenas um dos policiais fica acordado, enquanto o restante da equipe tira uma soneca durante a madrugada. Obviamente que h\u00e1 um rod\u00edzio para que todos possam tirar seu quinh\u00e3o de sonhos repletos de p\u00f4neis coloridos pastando em campos verdejantes. Alguns, todavia, talvez tenham pesadelos.<\/p>\n<p>E l\u00e1 estava o Santana, quando, de repente, aquele sil\u00eancio passou para o caos assim que uma mulher entrou gritando pela porta da delegacia. Desesperada, ela n\u00e3o conseguia dizer coisa com coisa, mesmo que o Santana utilizasse sua costumeira trucul\u00eancia. Nada parecia acalmar a tal mulher, que estava totalmente transtornada. O que teria acontecido para que ela se transformasse numa doida varrida? Teria sido assaltada? Seria mais uma v\u00edtima de viol\u00eancia dom\u00e9stica?<\/p>\n<p>Aquela situa\u00e7\u00e3o come\u00e7ou a incomodar o velho policial. N\u00e3o por empatia, sentimento que ele raramente demonstrava. Mesmo assim, somente quando havia um interessa maior por detr\u00e1s como, por exemplo, uma gratifica\u00e7\u00e3o em dinheiro ou at\u00e9 um simples lanche na padaria da esquina. No caso em quest\u00e3o, Santana n\u00e3o estava interessado em recompensa, mas um frio na espinha indicava que algo terr\u00edvel teria acontecido com aquela mulher e, pasmem, ele poderia se tornar a pr\u00f3xima v\u00edtima.<\/p>\n<p>&#8211; Um homem&#8230;<\/p>\n<p>&#8211; Que homem?<\/p>\n<p>&#8211; Um homem enorme&#8230; Peludo&#8230;<\/p>\n<p>&#8211; O que foi que ele fez?<\/p>\n<p>&#8211;\u00a0Ele me sequestrou,<\/p>\n<p>&#8211; Onde foi isso?<\/p>\n<p>&#8211; Eu fugi.<\/p>\n<p>&#8211; Senhora, onde foi isso?<\/p>\n<p>&#8211; Num barraco.<\/p>\n<p>&#8211; Voc\u00ea sabe onde fica esse barraco?<\/p>\n<p>&#8211; Sei, sim.<\/p>\n<p>&#8211; Onde fica?<\/p>\n<p>&#8211; N\u00e3o sei o endere\u00e7o, mas sei ir.<\/p>\n<p>Nisso, Santana, com suas banhas, sai correndo pelos corredores da delegacia, bate nas portas para acordar todos os policiais. Em menos de cinco minutos, est\u00e3o prontos para prender o tal sequestrador. Com armamento pesado, a equipe se dirige para a viatura, quando, ent\u00e3o, percebem que se trata de mais um caso de insanidade.<\/p>\n<p>&#8211; Mas voc\u00eas v\u00e3o apenas com essas armas?<\/p>\n<p>&#8211; S\u00f3? Senhora, isso aqui \u00e9 uma 12.<\/p>\n<p>&#8211; Ah, mas com essas balas que voc\u00eas t\u00eam n\u00e3o v\u00e3o conseguir matar o pelud\u00e3o, n\u00e3o. Tem que usar bala de prata.<\/p>\n","protected":false},"excerpt":{"rendered":"<p>A delegacia estava t\u00e3o tranquila naquela madrugada, que poderia at\u00e9 parecer um aconchegante dormit\u00f3rio, caso n\u00e3o fossem por aquelas cadeiras capengas. Santana tentava manter as pestanas abertas, enquanto os outros policiais dormiam. Ele estava no seu toco, que terminaria daqui a menos de vinte minutos, quando o pr\u00f3ximo da fila o substituiria e, finalmente, poderia [&hellip;]<\/p>\n","protected":false},"author":2,"featured_media":311954,"comment_status":"closed","ping_status":"closed","sticky":false,"template":"","format":"standard","meta":{"_acf_changed":false,"footnotes":""},"categories":[161],"tags":[],"class_list":["post-311953","post","type-post","status-publish","format-standard","has-post-thumbnail","hentry","category-quadradinho-em-foco"],"acf":[],"yoast_head":"<!-- This site is optimized with the Yoast SEO plugin v27.2 - https:\/\/yoast.com\/product\/yoast-seo-wordpress\/ -->\n<title>Vis\u00e3o de &#039;lobisomem&#039; leva mulher a delegacia - Notibras<\/title>\n<meta name=\"robots\" content=\"index, follow, max-snippet:-1, max-image-preview:large, max-video-preview:-1\" \/>\n<link rel=\"canonical\" href=\"https:\/\/www.notibras.com\/site\/visao-de-lobisomem-leva-mulher-a-delegacia\/\" \/>\n<meta property=\"og:locale\" content=\"pt_BR\" \/>\n<meta property=\"og:type\" content=\"article\" \/>\n<meta property=\"og:title\" content=\"Vis\u00e3o de &#039;lobisomem&#039; leva mulher a delegacia - Notibras\" \/>\n<meta property=\"og:description\" content=\"A delegacia estava t\u00e3o tranquila naquela madrugada, que poderia at\u00e9 parecer um aconchegante dormit\u00f3rio, caso n\u00e3o fossem por aquelas cadeiras capengas. Santana tentava manter as pestanas abertas, enquanto os outros policiais dormiam. Ele estava no seu toco, que terminaria daqui a menos de vinte minutos, quando o pr\u00f3ximo da fila o substituiria e, finalmente, poderia [&hellip;]\" \/>\n<meta property=\"og:url\" content=\"https:\/\/www.notibras.com\/site\/visao-de-lobisomem-leva-mulher-a-delegacia\/\" \/>\n<meta property=\"og:site_name\" content=\"Notibras\" \/>\n<meta property=\"article:publisher\" content=\"https:\/\/www.facebook.com\/notibras\/\" \/>\n<meta property=\"article:published_time\" content=\"2023-08-31T10:29:41+00:00\" \/>\n<meta property=\"og:image\" content=\"https:\/\/www.notibras.com\/site\/wp-content\/uploads\/2023\/08\/lobi.jpg\" \/>\n\t<meta property=\"og:image:width\" content=\"1386\" \/>\n\t<meta property=\"og:image:height\" content=\"980\" \/>\n\t<meta property=\"og:image:type\" content=\"image\/jpeg\" \/>\n<meta name=\"author\" content=\"Reda\u00e7\u00e3o\" \/>\n<meta name=\"twitter:card\" content=\"summary_large_image\" \/>\n<meta name=\"twitter:creator\" content=\"@Notibras\" \/>\n<meta name=\"twitter:site\" content=\"@Notibras\" \/>\n<meta name=\"twitter:label1\" content=\"Escrito por\" \/>\n\t<meta name=\"twitter:data1\" content=\"Reda\u00e7\u00e3o\" \/>\n\t<meta name=\"twitter:label2\" content=\"Est. tempo de leitura\" \/>\n\t<meta name=\"twitter:data2\" content=\"3 minutos\" \/>\n<script type=\"application\/ld+json\" class=\"yoast-schema-graph\">{\"@context\":\"https:\/\/schema.org\",\"@graph\":[{\"@type\":\"Article\",\"@id\":\"https:\/\/www.notibras.com\/site\/visao-de-lobisomem-leva-mulher-a-delegacia\/#article\",\"isPartOf\":{\"@id\":\"https:\/\/www.notibras.com\/site\/visao-de-lobisomem-leva-mulher-a-delegacia\/\"},\"author\":{\"name\":\"Reda\u00e7\u00e3o\",\"@id\":\"https:\/\/www.notibras.com\/site\/#\/schema\/person\/36ab0979449956132d3e5b517ea76ac8\"},\"headline\":\"Vis\u00e3o de &#8216;lobisomem&#8217; leva mulher a delegacia\",\"datePublished\":\"2023-08-31T10:29:41+00:00\",\"mainEntityOfPage\":{\"@id\":\"https:\/\/www.notibras.com\/site\/visao-de-lobisomem-leva-mulher-a-delegacia\/\"},\"wordCount\":456,\"publisher\":{\"@id\":\"https:\/\/www.notibras.com\/site\/#organization\"},\"image\":{\"@id\":\"https:\/\/www.notibras.com\/site\/visao-de-lobisomem-leva-mulher-a-delegacia\/#primaryimage\"},\"thumbnailUrl\":\"https:\/\/www.notibras.com\/site\/wp-content\/uploads\/2023\/08\/lobi.jpg\",\"articleSection\":[\"Quadradinho em Foco\"],\"inLanguage\":\"pt-BR\"},{\"@type\":\"WebPage\",\"@id\":\"https:\/\/www.notibras.com\/site\/visao-de-lobisomem-leva-mulher-a-delegacia\/\",\"url\":\"https:\/\/www.notibras.com\/site\/visao-de-lobisomem-leva-mulher-a-delegacia\/\",\"name\":\"Vis\u00e3o de 'lobisomem' leva mulher a delegacia - Notibras\",\"isPartOf\":{\"@id\":\"https:\/\/www.notibras.com\/site\/#website\"},\"primaryImageOfPage\":{\"@id\":\"https:\/\/www.notibras.com\/site\/visao-de-lobisomem-leva-mulher-a-delegacia\/#primaryimage\"},\"image\":{\"@id\":\"https:\/\/www.notibras.com\/site\/visao-de-lobisomem-leva-mulher-a-delegacia\/#primaryimage\"},\"thumbnailUrl\":\"https:\/\/www.notibras.com\/site\/wp-content\/uploads\/2023\/08\/lobi.jpg\",\"datePublished\":\"2023-08-31T10:29:41+00:00\",\"breadcrumb\":{\"@id\":\"https:\/\/www.notibras.com\/site\/visao-de-lobisomem-leva-mulher-a-delegacia\/#breadcrumb\"},\"inLanguage\":\"pt-BR\",\"potentialAction\":[{\"@type\":\"ReadAction\",\"target\":[\"https:\/\/www.notibras.com\/site\/visao-de-lobisomem-leva-mulher-a-delegacia\/\"]}]},{\"@type\":\"ImageObject\",\"inLanguage\":\"pt-BR\",\"@id\":\"https:\/\/www.notibras.com\/site\/visao-de-lobisomem-leva-mulher-a-delegacia\/#primaryimage\",\"url\":\"https:\/\/www.notibras.com\/site\/wp-content\/uploads\/2023\/08\/lobi.jpg\",\"contentUrl\":\"https:\/\/www.notibras.com\/site\/wp-content\/uploads\/2023\/08\/lobi.jpg\",\"width\":1386,\"height\":980},{\"@type\":\"BreadcrumbList\",\"@id\":\"https:\/\/www.notibras.com\/site\/visao-de-lobisomem-leva-mulher-a-delegacia\/#breadcrumb\",\"itemListElement\":[{\"@type\":\"ListItem\",\"position\":1,\"name\":\"In\u00edcio\",\"item\":\"https:\/\/www.notibras.com\/site\/\"},{\"@type\":\"ListItem\",\"position\":2,\"name\":\"Vis\u00e3o de &#8216;lobisomem&#8217; leva mulher a delegacia\"}]},{\"@type\":\"WebSite\",\"@id\":\"https:\/\/www.notibras.com\/site\/#website\",\"url\":\"https:\/\/www.notibras.com\/site\/\",\"name\":\"Notibras\",\"description\":\"Not\u00edcias de Bras\u00edlia, do Brasil e do Mundo\",\"publisher\":{\"@id\":\"https:\/\/www.notibras.com\/site\/#organization\"},\"potentialAction\":[{\"@type\":\"SearchAction\",\"target\":{\"@type\":\"EntryPoint\",\"urlTemplate\":\"https:\/\/www.notibras.com\/site\/?s={search_term_string}\"},\"query-input\":{\"@type\":\"PropertyValueSpecification\",\"valueRequired\":true,\"valueName\":\"search_term_string\"}}],\"inLanguage\":\"pt-BR\"},{\"@type\":\"Organization\",\"@id\":\"https:\/\/www.notibras.com\/site\/#organization\",\"name\":\"Grupo Notibras de Comunica\u00e7\u00e3o\",\"url\":\"https:\/\/www.notibras.com\/site\/\",\"logo\":{\"@type\":\"ImageObject\",\"inLanguage\":\"pt-BR\",\"@id\":\"https:\/\/www.notibras.com\/site\/#\/schema\/logo\/image\/\",\"url\":\"https:\/\/www.notibras.com\/site\/wp-content\/uploads\/2023\/01\/notibras23.png\",\"contentUrl\":\"https:\/\/www.notibras.com\/site\/wp-content\/uploads\/2023\/01\/notibras23.png\",\"width\":350,\"height\":87,\"caption\":\"Grupo Notibras de Comunica\u00e7\u00e3o\"},\"image\":{\"@id\":\"https:\/\/www.notibras.com\/site\/#\/schema\/logo\/image\/\"},\"sameAs\":[\"https:\/\/www.facebook.com\/notibras\/\",\"https:\/\/x.com\/Notibras\",\"https:\/\/www.instagram.com\/notibras\/\"]},{\"@type\":\"Person\",\"@id\":\"https:\/\/www.notibras.com\/site\/#\/schema\/person\/36ab0979449956132d3e5b517ea76ac8\",\"name\":\"Reda\u00e7\u00e3o\",\"image\":{\"@type\":\"ImageObject\",\"inLanguage\":\"pt-BR\",\"@id\":\"https:\/\/secure.gravatar.com\/avatar\/e0a867bdedb85fd243eadf09663511f96fc81e0720a4a42581f334ad4303aa6b?s=96&d=mm&r=g\",\"url\":\"https:\/\/secure.gravatar.com\/avatar\/e0a867bdedb85fd243eadf09663511f96fc81e0720a4a42581f334ad4303aa6b?s=96&d=mm&r=g\",\"contentUrl\":\"https:\/\/secure.gravatar.com\/avatar\/e0a867bdedb85fd243eadf09663511f96fc81e0720a4a42581f334ad4303aa6b?s=96&d=mm&r=g\",\"caption\":\"Reda\u00e7\u00e3o\"}}]}<\/script>\n<!-- \/ Yoast SEO plugin. -->","yoast_head_json":{"title":"Vis\u00e3o de 'lobisomem' leva mulher a delegacia - Notibras","robots":{"index":"index","follow":"follow","max-snippet":"max-snippet:-1","max-image-preview":"max-image-preview:large","max-video-preview":"max-video-preview:-1"},"canonical":"https:\/\/www.notibras.com\/site\/visao-de-lobisomem-leva-mulher-a-delegacia\/","og_locale":"pt_BR","og_type":"article","og_title":"Vis\u00e3o de 'lobisomem' leva mulher a delegacia - Notibras","og_description":"A delegacia estava t\u00e3o tranquila naquela madrugada, que poderia at\u00e9 parecer um aconchegante dormit\u00f3rio, caso n\u00e3o fossem por aquelas cadeiras capengas. Santana tentava manter as pestanas abertas, enquanto os outros policiais dormiam. Ele estava no seu toco, que terminaria daqui a menos de vinte minutos, quando o pr\u00f3ximo da fila o substituiria e, finalmente, poderia [&hellip;]","og_url":"https:\/\/www.notibras.com\/site\/visao-de-lobisomem-leva-mulher-a-delegacia\/","og_site_name":"Notibras","article_publisher":"https:\/\/www.facebook.com\/notibras\/","article_published_time":"2023-08-31T10:29:41+00:00","og_image":[{"width":1386,"height":980,"url":"https:\/\/www.notibras.com\/site\/wp-content\/uploads\/2023\/08\/lobi.jpg","type":"image\/jpeg"}],"author":"Reda\u00e7\u00e3o","twitter_card":"summary_large_image","twitter_creator":"@Notibras","twitter_site":"@Notibras","twitter_misc":{"Escrito por":"Reda\u00e7\u00e3o","Est. tempo de leitura":"3 minutos"},"schema":{"@context":"https:\/\/schema.org","@graph":[{"@type":"Article","@id":"https:\/\/www.notibras.com\/site\/visao-de-lobisomem-leva-mulher-a-delegacia\/#article","isPartOf":{"@id":"https:\/\/www.notibras.com\/site\/visao-de-lobisomem-leva-mulher-a-delegacia\/"},"author":{"name":"Reda\u00e7\u00e3o","@id":"https:\/\/www.notibras.com\/site\/#\/schema\/person\/36ab0979449956132d3e5b517ea76ac8"},"headline":"Vis\u00e3o de &#8216;lobisomem&#8217; leva mulher a delegacia","datePublished":"2023-08-31T10:29:41+00:00","mainEntityOfPage":{"@id":"https:\/\/www.notibras.com\/site\/visao-de-lobisomem-leva-mulher-a-delegacia\/"},"wordCount":456,"publisher":{"@id":"https:\/\/www.notibras.com\/site\/#organization"},"image":{"@id":"https:\/\/www.notibras.com\/site\/visao-de-lobisomem-leva-mulher-a-delegacia\/#primaryimage"},"thumbnailUrl":"https:\/\/www.notibras.com\/site\/wp-content\/uploads\/2023\/08\/lobi.jpg","articleSection":["Quadradinho em Foco"],"inLanguage":"pt-BR"},{"@type":"WebPage","@id":"https:\/\/www.notibras.com\/site\/visao-de-lobisomem-leva-mulher-a-delegacia\/","url":"https:\/\/www.notibras.com\/site\/visao-de-lobisomem-leva-mulher-a-delegacia\/","name":"Vis\u00e3o de 'lobisomem' leva mulher a delegacia - Notibras","isPartOf":{"@id":"https:\/\/www.notibras.com\/site\/#website"},"primaryImageOfPage":{"@id":"https:\/\/www.notibras.com\/site\/visao-de-lobisomem-leva-mulher-a-delegacia\/#primaryimage"},"image":{"@id":"https:\/\/www.notibras.com\/site\/visao-de-lobisomem-leva-mulher-a-delegacia\/#primaryimage"},"thumbnailUrl":"https:\/\/www.notibras.com\/site\/wp-content\/uploads\/2023\/08\/lobi.jpg","datePublished":"2023-08-31T10:29:41+00:00","breadcrumb":{"@id":"https:\/\/www.notibras.com\/site\/visao-de-lobisomem-leva-mulher-a-delegacia\/#breadcrumb"},"inLanguage":"pt-BR","potentialAction":[{"@type":"ReadAction","target":["https:\/\/www.notibras.com\/site\/visao-de-lobisomem-leva-mulher-a-delegacia\/"]}]},{"@type":"ImageObject","inLanguage":"pt-BR","@id":"https:\/\/www.notibras.com\/site\/visao-de-lobisomem-leva-mulher-a-delegacia\/#primaryimage","url":"https:\/\/www.notibras.com\/site\/wp-content\/uploads\/2023\/08\/lobi.jpg","contentUrl":"https:\/\/www.notibras.com\/site\/wp-content\/uploads\/2023\/08\/lobi.jpg","width":1386,"height":980},{"@type":"BreadcrumbList","@id":"https:\/\/www.notibras.com\/site\/visao-de-lobisomem-leva-mulher-a-delegacia\/#breadcrumb","itemListElement":[{"@type":"ListItem","position":1,"name":"In\u00edcio","item":"https:\/\/www.notibras.com\/site\/"},{"@type":"ListItem","position":2,"name":"Vis\u00e3o de &#8216;lobisomem&#8217; leva mulher a delegacia"}]},{"@type":"WebSite","@id":"https:\/\/www.notibras.com\/site\/#website","url":"https:\/\/www.notibras.com\/site\/","name":"Notibras","description":"Not\u00edcias de Bras\u00edlia, do Brasil e do Mundo","publisher":{"@id":"https:\/\/www.notibras.com\/site\/#organization"},"potentialAction":[{"@type":"SearchAction","target":{"@type":"EntryPoint","urlTemplate":"https:\/\/www.notibras.com\/site\/?s={search_term_string}"},"query-input":{"@type":"PropertyValueSpecification","valueRequired":true,"valueName":"search_term_string"}}],"inLanguage":"pt-BR"},{"@type":"Organization","@id":"https:\/\/www.notibras.com\/site\/#organization","name":"Grupo Notibras de Comunica\u00e7\u00e3o","url":"https:\/\/www.notibras.com\/site\/","logo":{"@type":"ImageObject","inLanguage":"pt-BR","@id":"https:\/\/www.notibras.com\/site\/#\/schema\/logo\/image\/","url":"https:\/\/www.notibras.com\/site\/wp-content\/uploads\/2023\/01\/notibras23.png","contentUrl":"https:\/\/www.notibras.com\/site\/wp-content\/uploads\/2023\/01\/notibras23.png","width":350,"height":87,"caption":"Grupo Notibras de Comunica\u00e7\u00e3o"},"image":{"@id":"https:\/\/www.notibras.com\/site\/#\/schema\/logo\/image\/"},"sameAs":["https:\/\/www.facebook.com\/notibras\/","https:\/\/x.com\/Notibras","https:\/\/www.instagram.com\/notibras\/"]},{"@type":"Person","@id":"https:\/\/www.notibras.com\/site\/#\/schema\/person\/36ab0979449956132d3e5b517ea76ac8","name":"Reda\u00e7\u00e3o","image":{"@type":"ImageObject","inLanguage":"pt-BR","@id":"https:\/\/secure.gravatar.com\/avatar\/e0a867bdedb85fd243eadf09663511f96fc81e0720a4a42581f334ad4303aa6b?s=96&d=mm&r=g","url":"https:\/\/secure.gravatar.com\/avatar\/e0a867bdedb85fd243eadf09663511f96fc81e0720a4a42581f334ad4303aa6b?s=96&d=mm&r=g","contentUrl":"https:\/\/secure.gravatar.com\/avatar\/e0a867bdedb85fd243eadf09663511f96fc81e0720a4a42581f334ad4303aa6b?s=96&d=mm&r=g","caption":"Reda\u00e7\u00e3o"}}]}},"amp_enabled":true,"_links":{"self":[{"href":"https:\/\/www.notibras.com\/site\/wp-json\/wp\/v2\/posts\/311953","targetHints":{"allow":["GET"]}}],"collection":[{"href":"https:\/\/www.notibras.com\/site\/wp-json\/wp\/v2\/posts"}],"about":[{"href":"https:\/\/www.notibras.com\/site\/wp-json\/wp\/v2\/types\/post"}],"author":[{"embeddable":true,"href":"https:\/\/www.notibras.com\/site\/wp-json\/wp\/v2\/users\/2"}],"replies":[{"embeddable":true,"href":"https:\/\/www.notibras.com\/site\/wp-json\/wp\/v2\/comments?post=311953"}],"version-history":[{"count":1,"href":"https:\/\/www.notibras.com\/site\/wp-json\/wp\/v2\/posts\/311953\/revisions"}],"predecessor-version":[{"id":311955,"href":"https:\/\/www.notibras.com\/site\/wp-json\/wp\/v2\/posts\/311953\/revisions\/311955"}],"wp:featuredmedia":[{"embeddable":true,"href":"https:\/\/www.notibras.com\/site\/wp-json\/wp\/v2\/media\/311954"}],"wp:attachment":[{"href":"https:\/\/www.notibras.com\/site\/wp-json\/wp\/v2\/media?parent=311953"}],"wp:term":[{"taxonomy":"category","embeddable":true,"href":"https:\/\/www.notibras.com\/site\/wp-json\/wp\/v2\/categories?post=311953"},{"taxonomy":"post_tag","embeddable":true,"href":"https:\/\/www.notibras.com\/site\/wp-json\/wp\/v2\/tags?post=311953"}],"curies":[{"name":"wp","href":"https:\/\/api.w.org\/{rel}","templated":true}]}}