{"id":312004,"date":"2023-09-01T06:26:44","date_gmt":"2023-09-01T09:26:44","guid":{"rendered":"https:\/\/www.notibras.com\/site\/?p=312004"},"modified":"2023-09-01T06:26:44","modified_gmt":"2023-09-01T09:26:44","slug":"flauta-silenciosa-transporta-para-viagem-de-108-anos","status":"publish","type":"post","link":"https:\/\/www.notibras.com\/site\/flauta-silenciosa-transporta-para-viagem-de-108-anos\/","title":{"rendered":"Flauta silenciosa transporta para viagem de 108 anos"},"content":{"rendered":"<p>Despertei no 31 de agosto na hora da alba j\u00e1 pensando nos diversos compromissos do dia, as tarefas deixadas pendentes no dia anterior por causa da depend\u00eancia dos in\u00fameros sistemas de inform\u00e1tica com que temos que lidar na profiss\u00e3o (e que na v\u00e9spera deixaram os usu\u00e1rios a ver navios). Enquanto tomava meu caf\u00e9 da manh\u00e3, ouvia no notici\u00e1rio as embrulhadas com que certo capit\u00e3o anda metido na Pol\u00edcia Federal, ao mesmo tempo em que ia checando as redes sociais com in\u00fameras mensagens.<\/p>\n<p>Entre o sonho e a realidade, entre a rudeza dos dias e a poesia da vida, sequer me lembrei dele. Foi ao longo do dia que minha m\u00e3e recordou: hoje seria seu anivers\u00e1rio. Meu av\u00f4 nasceu h\u00e1 108 anos. Penso espantado: cento e oito! Como, a esta altura da vida, percebo o quanto convivi com pessoas nascidas h\u00e1 mais de um s\u00e9culo.<\/p>\n<p>Quando vivo, meu av\u00f4 me contava hist\u00f3rias de seu pai, um italiano que era maestro de banda nas horas vagas, mas sustentava a fam\u00edlia na rudeza de um botequim; de sua m\u00e3e que morrera no parto do 12\u00ba ou 13\u00ba filho; de seu tio \u201cemprestado\u201d, rico industrial, que viera pobre da Sic\u00edlia e come\u00e7ara sua fortuna amassando barro com os pr\u00f3prios p\u00e9s para produzir tijolos; de sua tia parteira a quem at\u00e9 os m\u00e9dicos da cidade recorriam na imin\u00eancia de um parto dif\u00edcil.<\/p>\n<p>Eu ouvia maravilhado a biografia daquela gente arrojada e remota, todas distantes no tempo, quase tanto quanto meu av\u00f4 est\u00e1 agora.<\/p>\n<p>Meu av\u00f4 tinha no repert\u00f3rio hist\u00f3rias engra\u00e7ad\u00edssimas, de como \u201cfazia mis\u00e9ria\u201d com sua canoa no rio Para\u00edba do Sul, caudaloso e cheio de perigos em sua \u00e9poca, de como ganhou o apelido de \u201cEscangalha\u201d quando, nos anos 30, pilotava pela cidade uma motocicleta alem\u00e3 que mais dava defeito do que funcionava, da \u00e9poca em que fora lutador de boxe no circo onde um irm\u00e3o seu era palha\u00e7o e nas lutas, todas coreografadas, ele sempre sa\u00eda vencedor.<\/p>\n<p>Conseguia contar com bom humor at\u00e9 do acidente de carro que sofreu quando, aceitando carona de amigos para uma pequena viagem, aboletou-se na caminhonete cheia de sacos de farinha de trigo na carroceria. Numa das curvas da estrada, o motorista perdeu o controle da dire\u00e7\u00e3o e tombou caminhonete, passageiros e farinha barranco a baixo. Meu av\u00f4, meio consciente e meio tonto do susto, vendo todo aquele p\u00f3 branco no ar, pensou: \u201cmorri e estou no c\u00e9u, que lindo!\u201d Quando recobrou-se, teve de voltar para casa a p\u00e9, todo sujo de farinha da cabe\u00e7a aos p\u00e9s, e com a coxa furada pela ma\u00e7aneta da porta do ve\u00edculo.<\/p>\n<p>Assim era meu av\u00f4, valente frente as agruras de uma vida de muito trabalho e de pouqu\u00edssimas recompensas materiais. Conhecido na cidade por fazer chupetinhas de calda de a\u00e7\u00facar onde um corante vermelho deixava com a apar\u00eancia de um brilhoso rubi aquele doce com remoto sabor de cereja e morango.<\/p>\n<p>A receita, muito simples, fora herdada de seu pai, com a diferen\u00e7a no formato \u2013 as do meu bisav\u00f4 eram bonecas, avi\u00f5es, rev\u00f3lveres, patos&#8230; Mas o segredo era o ponto v\u00edtreo da calda de a\u00e7\u00facar, que se recebesse os pingos de corante cedo ou tarde demais, estragava-se na hora, ou n\u00e3o endurecia dentro das formas de puro chumbo.<\/p>\n<p>O formato das chupetinhas, todas iguais, havia sido adotado por meu av\u00f4 em contraposi\u00e7\u00e3o \u00e0 variedade das do seu pai, para poder determinar melhor o pre\u00e7o da venda no atacado e n\u00e3o aborrecer o comerciante quando, no balc\u00e3o, a crian\u00e7a pedia o doce no formato que mais lhe agradasse, invariavelmente inacess\u00edvel no fundo do pote onde eram guardadas.<\/p>\n<p>Meu av\u00f4 era agn\u00f3stico, embora ele mesmo n\u00e3o soubesse disso. Mas percebo hoje o quanto influenciou em minhas concep\u00e7\u00f5es, eu que me considero um homem de f\u00e9. Na sua rudeza natural de homem criado pela escola da vida, tinha uma grande sabedoria e conversava com gente de qualquer n\u00edvel intelectual.<\/p>\n<p>Meu av\u00f4 amou muito uma jovem, chamada Irene, de quem foi noivo. Irene lhe escrevia sonetos apaixonados. Era encantadora. A fam\u00edlia de sua noiva era rica, dona de uma grande fazenda, e resistiu um pouco \u00e0 poss\u00edvel uni\u00e3o dela com o filho de estrangeiros, pobre e sem forma\u00e7\u00e3o. A resist\u00eancia afrouxou quando a menina foi descoberta com tuberculose, e era meu av\u00f4 que a alegrava quando estava caminhando para o destino esperado. Irene morreu nos bra\u00e7os do noivo.<\/p>\n<p>Tempos depois, ele conheceu uma prima com quem pouqu\u00edssimo convivera antes, e que at\u00e9 ent\u00e3o estivera em um col\u00e9gio de freiras de Petr\u00f3polis. Casaram-se e, por conta desse encontro, eu estou aqui escrevendo estas linhas, pois dele vieram minhas tias e minha m\u00e3e.<\/p>\n<p>Meu av\u00f4 era um pouco nost\u00e1lgico quanto aos nomes italianos, porque seu pai lhe deu nome nem um pouco italiano. Mas n\u00e3o lhe custou fazer um trocadilho \u2013 \u201cpouca \u00e1gua e muita \u00e1gua: faz o nome de uma pessoa que gosta muito de voc\u00ea\u201d, ele me dizia. Balde-mar, completava ele imitando um sotaque italiano a seu jeito. Waldemar&#8230;<\/p>\n<p>Ansiava as f\u00e9rias para que eu o visse cuidando de seus galos e galinhas, para que ele me carregasse num carrinho de m\u00e3o que passava por t\u00faneis, plan\u00edcies e florestas imagin\u00e1rias, para beber \u00e1gua Salut\u00e1ris gasosa, bem gelada, que ele nunca deixava de comprar aos engradados quando se aproximava a \u00e9poca das nossas visitas a sua casa. E para ouvir sua flauta transversa de madeira, tocada de ouvido, com acerto brilhante em todas as notas.<\/p>\n<p>A casa, na cidade do interior um tanto modificada, continua l\u00e1, praticamente igual. A mesa da sala de jantar \u00e9 ainda a mesma em que ele se sentava para o almo\u00e7o farto dos domingos. O quintal, agora vazio, j\u00e1 n\u00e3o tem mais os bichos que nos acordavam com seus cantos e cacarejos no raiar do dia. A flauta, que j\u00e1 era antiga quando meu av\u00f4 a comprou com 15 anos de idade, hoje est\u00e1 silenciosa no meu escrit\u00f3rio. Mas a presen\u00e7a do meu av\u00f4 ainda se faz s\u00f3lida em todos os cantos.<\/p>\n<p>\u00c0s vezes, quando regresso \u00e0 sua cidade, ainda tenho a impress\u00e3o de sentir o cheiro dele naqueles ambientes, um cheiro de calda de a\u00e7\u00facar e creme de pentear o cabelo.<\/p>\n","protected":false},"excerpt":{"rendered":"<p>Despertei no 31 de agosto na hora da alba j\u00e1 pensando nos diversos compromissos do dia, as tarefas deixadas pendentes no dia anterior por causa da depend\u00eancia dos in\u00fameros sistemas de inform\u00e1tica com que temos que lidar na profiss\u00e3o (e que na v\u00e9spera deixaram os usu\u00e1rios a ver navios). Enquanto tomava meu caf\u00e9 da manh\u00e3, [&hellip;]<\/p>\n","protected":false},"author":2,"featured_media":312005,"comment_status":"closed","ping_status":"closed","sticky":false,"template":"","format":"standard","meta":{"_acf_changed":false,"footnotes":""},"categories":[161],"tags":[],"class_list":["post-312004","post","type-post","status-publish","format-standard","has-post-thumbnail","hentry","category-quadradinho-em-foco"],"acf":[],"yoast_head":"<!-- This site is optimized with the Yoast SEO plugin v27.2 - https:\/\/yoast.com\/product\/yoast-seo-wordpress\/ -->\n<title>Flauta silenciosa transporta para viagem de 108 anos - Notibras<\/title>\n<meta name=\"robots\" content=\"index, follow, max-snippet:-1, max-image-preview:large, max-video-preview:-1\" \/>\n<link rel=\"canonical\" href=\"https:\/\/www.notibras.com\/site\/flauta-silenciosa-transporta-para-viagem-de-108-anos\/\" \/>\n<meta property=\"og:locale\" content=\"pt_BR\" \/>\n<meta property=\"og:type\" content=\"article\" \/>\n<meta property=\"og:title\" content=\"Flauta silenciosa transporta para viagem de 108 anos - Notibras\" \/>\n<meta property=\"og:description\" content=\"Despertei no 31 de agosto na hora da alba j\u00e1 pensando nos diversos compromissos do dia, as tarefas deixadas pendentes no dia anterior por causa da depend\u00eancia dos in\u00fameros sistemas de inform\u00e1tica com que temos que lidar na profiss\u00e3o (e que na v\u00e9spera deixaram os usu\u00e1rios a ver navios). Enquanto tomava meu caf\u00e9 da manh\u00e3, [&hellip;]\" \/>\n<meta property=\"og:url\" content=\"https:\/\/www.notibras.com\/site\/flauta-silenciosa-transporta-para-viagem-de-108-anos\/\" \/>\n<meta property=\"og:site_name\" content=\"Notibras\" \/>\n<meta property=\"article:publisher\" content=\"https:\/\/www.facebook.com\/notibras\/\" \/>\n<meta property=\"article:published_time\" content=\"2023-09-01T09:26:44+00:00\" \/>\n<meta property=\"og:image\" content=\"https:\/\/www.notibras.com\/site\/wp-content\/uploads\/2023\/09\/meuavo.jpg\" \/>\n\t<meta property=\"og:image:width\" content=\"1080\" \/>\n\t<meta property=\"og:image:height\" content=\"884\" \/>\n\t<meta property=\"og:image:type\" content=\"image\/jpeg\" \/>\n<meta name=\"author\" content=\"Reda\u00e7\u00e3o\" \/>\n<meta name=\"twitter:card\" content=\"summary_large_image\" \/>\n<meta name=\"twitter:creator\" content=\"@Notibras\" \/>\n<meta name=\"twitter:site\" content=\"@Notibras\" \/>\n<meta name=\"twitter:label1\" content=\"Escrito por\" \/>\n\t<meta name=\"twitter:data1\" content=\"Reda\u00e7\u00e3o\" \/>\n\t<meta name=\"twitter:label2\" content=\"Est. tempo de leitura\" \/>\n\t<meta name=\"twitter:data2\" content=\"6 minutos\" \/>\n<script type=\"application\/ld+json\" class=\"yoast-schema-graph\">{\"@context\":\"https:\/\/schema.org\",\"@graph\":[{\"@type\":\"Article\",\"@id\":\"https:\/\/www.notibras.com\/site\/flauta-silenciosa-transporta-para-viagem-de-108-anos\/#article\",\"isPartOf\":{\"@id\":\"https:\/\/www.notibras.com\/site\/flauta-silenciosa-transporta-para-viagem-de-108-anos\/\"},\"author\":{\"name\":\"Reda\u00e7\u00e3o\",\"@id\":\"https:\/\/www.notibras.com\/site\/#\/schema\/person\/36ab0979449956132d3e5b517ea76ac8\"},\"headline\":\"Flauta silenciosa transporta para viagem de 108 anos\",\"datePublished\":\"2023-09-01T09:26:44+00:00\",\"mainEntityOfPage\":{\"@id\":\"https:\/\/www.notibras.com\/site\/flauta-silenciosa-transporta-para-viagem-de-108-anos\/\"},\"wordCount\":1100,\"publisher\":{\"@id\":\"https:\/\/www.notibras.com\/site\/#organization\"},\"image\":{\"@id\":\"https:\/\/www.notibras.com\/site\/flauta-silenciosa-transporta-para-viagem-de-108-anos\/#primaryimage\"},\"thumbnailUrl\":\"https:\/\/www.notibras.com\/site\/wp-content\/uploads\/2023\/09\/meuavo.jpg\",\"articleSection\":[\"Quadradinho em Foco\"],\"inLanguage\":\"pt-BR\"},{\"@type\":\"WebPage\",\"@id\":\"https:\/\/www.notibras.com\/site\/flauta-silenciosa-transporta-para-viagem-de-108-anos\/\",\"url\":\"https:\/\/www.notibras.com\/site\/flauta-silenciosa-transporta-para-viagem-de-108-anos\/\",\"name\":\"Flauta silenciosa transporta para viagem de 108 anos - Notibras\",\"isPartOf\":{\"@id\":\"https:\/\/www.notibras.com\/site\/#website\"},\"primaryImageOfPage\":{\"@id\":\"https:\/\/www.notibras.com\/site\/flauta-silenciosa-transporta-para-viagem-de-108-anos\/#primaryimage\"},\"image\":{\"@id\":\"https:\/\/www.notibras.com\/site\/flauta-silenciosa-transporta-para-viagem-de-108-anos\/#primaryimage\"},\"thumbnailUrl\":\"https:\/\/www.notibras.com\/site\/wp-content\/uploads\/2023\/09\/meuavo.jpg\",\"datePublished\":\"2023-09-01T09:26:44+00:00\",\"breadcrumb\":{\"@id\":\"https:\/\/www.notibras.com\/site\/flauta-silenciosa-transporta-para-viagem-de-108-anos\/#breadcrumb\"},\"inLanguage\":\"pt-BR\",\"potentialAction\":[{\"@type\":\"ReadAction\",\"target\":[\"https:\/\/www.notibras.com\/site\/flauta-silenciosa-transporta-para-viagem-de-108-anos\/\"]}]},{\"@type\":\"ImageObject\",\"inLanguage\":\"pt-BR\",\"@id\":\"https:\/\/www.notibras.com\/site\/flauta-silenciosa-transporta-para-viagem-de-108-anos\/#primaryimage\",\"url\":\"https:\/\/www.notibras.com\/site\/wp-content\/uploads\/2023\/09\/meuavo.jpg\",\"contentUrl\":\"https:\/\/www.notibras.com\/site\/wp-content\/uploads\/2023\/09\/meuavo.jpg\",\"width\":1080,\"height\":884},{\"@type\":\"BreadcrumbList\",\"@id\":\"https:\/\/www.notibras.com\/site\/flauta-silenciosa-transporta-para-viagem-de-108-anos\/#breadcrumb\",\"itemListElement\":[{\"@type\":\"ListItem\",\"position\":1,\"name\":\"In\u00edcio\",\"item\":\"https:\/\/www.notibras.com\/site\/\"},{\"@type\":\"ListItem\",\"position\":2,\"name\":\"Flauta silenciosa transporta para viagem de 108 anos\"}]},{\"@type\":\"WebSite\",\"@id\":\"https:\/\/www.notibras.com\/site\/#website\",\"url\":\"https:\/\/www.notibras.com\/site\/\",\"name\":\"Notibras\",\"description\":\"Not\u00edcias de Bras\u00edlia, do Brasil e do Mundo\",\"publisher\":{\"@id\":\"https:\/\/www.notibras.com\/site\/#organization\"},\"potentialAction\":[{\"@type\":\"SearchAction\",\"target\":{\"@type\":\"EntryPoint\",\"urlTemplate\":\"https:\/\/www.notibras.com\/site\/?s={search_term_string}\"},\"query-input\":{\"@type\":\"PropertyValueSpecification\",\"valueRequired\":true,\"valueName\":\"search_term_string\"}}],\"inLanguage\":\"pt-BR\"},{\"@type\":\"Organization\",\"@id\":\"https:\/\/www.notibras.com\/site\/#organization\",\"name\":\"Grupo Notibras de Comunica\u00e7\u00e3o\",\"url\":\"https:\/\/www.notibras.com\/site\/\",\"logo\":{\"@type\":\"ImageObject\",\"inLanguage\":\"pt-BR\",\"@id\":\"https:\/\/www.notibras.com\/site\/#\/schema\/logo\/image\/\",\"url\":\"https:\/\/www.notibras.com\/site\/wp-content\/uploads\/2023\/01\/notibras23.png\",\"contentUrl\":\"https:\/\/www.notibras.com\/site\/wp-content\/uploads\/2023\/01\/notibras23.png\",\"width\":350,\"height\":87,\"caption\":\"Grupo Notibras de Comunica\u00e7\u00e3o\"},\"image\":{\"@id\":\"https:\/\/www.notibras.com\/site\/#\/schema\/logo\/image\/\"},\"sameAs\":[\"https:\/\/www.facebook.com\/notibras\/\",\"https:\/\/x.com\/Notibras\",\"https:\/\/www.instagram.com\/notibras\/\"]},{\"@type\":\"Person\",\"@id\":\"https:\/\/www.notibras.com\/site\/#\/schema\/person\/36ab0979449956132d3e5b517ea76ac8\",\"name\":\"Reda\u00e7\u00e3o\",\"image\":{\"@type\":\"ImageObject\",\"inLanguage\":\"pt-BR\",\"@id\":\"https:\/\/secure.gravatar.com\/avatar\/e0a867bdedb85fd243eadf09663511f96fc81e0720a4a42581f334ad4303aa6b?s=96&d=mm&r=g\",\"url\":\"https:\/\/secure.gravatar.com\/avatar\/e0a867bdedb85fd243eadf09663511f96fc81e0720a4a42581f334ad4303aa6b?s=96&d=mm&r=g\",\"contentUrl\":\"https:\/\/secure.gravatar.com\/avatar\/e0a867bdedb85fd243eadf09663511f96fc81e0720a4a42581f334ad4303aa6b?s=96&d=mm&r=g\",\"caption\":\"Reda\u00e7\u00e3o\"}}]}<\/script>\n<!-- \/ Yoast SEO plugin. -->","yoast_head_json":{"title":"Flauta silenciosa transporta para viagem de 108 anos - Notibras","robots":{"index":"index","follow":"follow","max-snippet":"max-snippet:-1","max-image-preview":"max-image-preview:large","max-video-preview":"max-video-preview:-1"},"canonical":"https:\/\/www.notibras.com\/site\/flauta-silenciosa-transporta-para-viagem-de-108-anos\/","og_locale":"pt_BR","og_type":"article","og_title":"Flauta silenciosa transporta para viagem de 108 anos - Notibras","og_description":"Despertei no 31 de agosto na hora da alba j\u00e1 pensando nos diversos compromissos do dia, as tarefas deixadas pendentes no dia anterior por causa da depend\u00eancia dos in\u00fameros sistemas de inform\u00e1tica com que temos que lidar na profiss\u00e3o (e que na v\u00e9spera deixaram os usu\u00e1rios a ver navios). Enquanto tomava meu caf\u00e9 da manh\u00e3, [&hellip;]","og_url":"https:\/\/www.notibras.com\/site\/flauta-silenciosa-transporta-para-viagem-de-108-anos\/","og_site_name":"Notibras","article_publisher":"https:\/\/www.facebook.com\/notibras\/","article_published_time":"2023-09-01T09:26:44+00:00","og_image":[{"width":1080,"height":884,"url":"https:\/\/www.notibras.com\/site\/wp-content\/uploads\/2023\/09\/meuavo.jpg","type":"image\/jpeg"}],"author":"Reda\u00e7\u00e3o","twitter_card":"summary_large_image","twitter_creator":"@Notibras","twitter_site":"@Notibras","twitter_misc":{"Escrito por":"Reda\u00e7\u00e3o","Est. tempo de leitura":"6 minutos"},"schema":{"@context":"https:\/\/schema.org","@graph":[{"@type":"Article","@id":"https:\/\/www.notibras.com\/site\/flauta-silenciosa-transporta-para-viagem-de-108-anos\/#article","isPartOf":{"@id":"https:\/\/www.notibras.com\/site\/flauta-silenciosa-transporta-para-viagem-de-108-anos\/"},"author":{"name":"Reda\u00e7\u00e3o","@id":"https:\/\/www.notibras.com\/site\/#\/schema\/person\/36ab0979449956132d3e5b517ea76ac8"},"headline":"Flauta silenciosa transporta para viagem de 108 anos","datePublished":"2023-09-01T09:26:44+00:00","mainEntityOfPage":{"@id":"https:\/\/www.notibras.com\/site\/flauta-silenciosa-transporta-para-viagem-de-108-anos\/"},"wordCount":1100,"publisher":{"@id":"https:\/\/www.notibras.com\/site\/#organization"},"image":{"@id":"https:\/\/www.notibras.com\/site\/flauta-silenciosa-transporta-para-viagem-de-108-anos\/#primaryimage"},"thumbnailUrl":"https:\/\/www.notibras.com\/site\/wp-content\/uploads\/2023\/09\/meuavo.jpg","articleSection":["Quadradinho em Foco"],"inLanguage":"pt-BR"},{"@type":"WebPage","@id":"https:\/\/www.notibras.com\/site\/flauta-silenciosa-transporta-para-viagem-de-108-anos\/","url":"https:\/\/www.notibras.com\/site\/flauta-silenciosa-transporta-para-viagem-de-108-anos\/","name":"Flauta silenciosa transporta para viagem de 108 anos - Notibras","isPartOf":{"@id":"https:\/\/www.notibras.com\/site\/#website"},"primaryImageOfPage":{"@id":"https:\/\/www.notibras.com\/site\/flauta-silenciosa-transporta-para-viagem-de-108-anos\/#primaryimage"},"image":{"@id":"https:\/\/www.notibras.com\/site\/flauta-silenciosa-transporta-para-viagem-de-108-anos\/#primaryimage"},"thumbnailUrl":"https:\/\/www.notibras.com\/site\/wp-content\/uploads\/2023\/09\/meuavo.jpg","datePublished":"2023-09-01T09:26:44+00:00","breadcrumb":{"@id":"https:\/\/www.notibras.com\/site\/flauta-silenciosa-transporta-para-viagem-de-108-anos\/#breadcrumb"},"inLanguage":"pt-BR","potentialAction":[{"@type":"ReadAction","target":["https:\/\/www.notibras.com\/site\/flauta-silenciosa-transporta-para-viagem-de-108-anos\/"]}]},{"@type":"ImageObject","inLanguage":"pt-BR","@id":"https:\/\/www.notibras.com\/site\/flauta-silenciosa-transporta-para-viagem-de-108-anos\/#primaryimage","url":"https:\/\/www.notibras.com\/site\/wp-content\/uploads\/2023\/09\/meuavo.jpg","contentUrl":"https:\/\/www.notibras.com\/site\/wp-content\/uploads\/2023\/09\/meuavo.jpg","width":1080,"height":884},{"@type":"BreadcrumbList","@id":"https:\/\/www.notibras.com\/site\/flauta-silenciosa-transporta-para-viagem-de-108-anos\/#breadcrumb","itemListElement":[{"@type":"ListItem","position":1,"name":"In\u00edcio","item":"https:\/\/www.notibras.com\/site\/"},{"@type":"ListItem","position":2,"name":"Flauta silenciosa transporta para viagem de 108 anos"}]},{"@type":"WebSite","@id":"https:\/\/www.notibras.com\/site\/#website","url":"https:\/\/www.notibras.com\/site\/","name":"Notibras","description":"Not\u00edcias de Bras\u00edlia, do Brasil e do Mundo","publisher":{"@id":"https:\/\/www.notibras.com\/site\/#organization"},"potentialAction":[{"@type":"SearchAction","target":{"@type":"EntryPoint","urlTemplate":"https:\/\/www.notibras.com\/site\/?s={search_term_string}"},"query-input":{"@type":"PropertyValueSpecification","valueRequired":true,"valueName":"search_term_string"}}],"inLanguage":"pt-BR"},{"@type":"Organization","@id":"https:\/\/www.notibras.com\/site\/#organization","name":"Grupo Notibras de Comunica\u00e7\u00e3o","url":"https:\/\/www.notibras.com\/site\/","logo":{"@type":"ImageObject","inLanguage":"pt-BR","@id":"https:\/\/www.notibras.com\/site\/#\/schema\/logo\/image\/","url":"https:\/\/www.notibras.com\/site\/wp-content\/uploads\/2023\/01\/notibras23.png","contentUrl":"https:\/\/www.notibras.com\/site\/wp-content\/uploads\/2023\/01\/notibras23.png","width":350,"height":87,"caption":"Grupo Notibras de Comunica\u00e7\u00e3o"},"image":{"@id":"https:\/\/www.notibras.com\/site\/#\/schema\/logo\/image\/"},"sameAs":["https:\/\/www.facebook.com\/notibras\/","https:\/\/x.com\/Notibras","https:\/\/www.instagram.com\/notibras\/"]},{"@type":"Person","@id":"https:\/\/www.notibras.com\/site\/#\/schema\/person\/36ab0979449956132d3e5b517ea76ac8","name":"Reda\u00e7\u00e3o","image":{"@type":"ImageObject","inLanguage":"pt-BR","@id":"https:\/\/secure.gravatar.com\/avatar\/e0a867bdedb85fd243eadf09663511f96fc81e0720a4a42581f334ad4303aa6b?s=96&d=mm&r=g","url":"https:\/\/secure.gravatar.com\/avatar\/e0a867bdedb85fd243eadf09663511f96fc81e0720a4a42581f334ad4303aa6b?s=96&d=mm&r=g","contentUrl":"https:\/\/secure.gravatar.com\/avatar\/e0a867bdedb85fd243eadf09663511f96fc81e0720a4a42581f334ad4303aa6b?s=96&d=mm&r=g","caption":"Reda\u00e7\u00e3o"}}]}},"amp_enabled":true,"_links":{"self":[{"href":"https:\/\/www.notibras.com\/site\/wp-json\/wp\/v2\/posts\/312004","targetHints":{"allow":["GET"]}}],"collection":[{"href":"https:\/\/www.notibras.com\/site\/wp-json\/wp\/v2\/posts"}],"about":[{"href":"https:\/\/www.notibras.com\/site\/wp-json\/wp\/v2\/types\/post"}],"author":[{"embeddable":true,"href":"https:\/\/www.notibras.com\/site\/wp-json\/wp\/v2\/users\/2"}],"replies":[{"embeddable":true,"href":"https:\/\/www.notibras.com\/site\/wp-json\/wp\/v2\/comments?post=312004"}],"version-history":[{"count":1,"href":"https:\/\/www.notibras.com\/site\/wp-json\/wp\/v2\/posts\/312004\/revisions"}],"predecessor-version":[{"id":312006,"href":"https:\/\/www.notibras.com\/site\/wp-json\/wp\/v2\/posts\/312004\/revisions\/312006"}],"wp:featuredmedia":[{"embeddable":true,"href":"https:\/\/www.notibras.com\/site\/wp-json\/wp\/v2\/media\/312005"}],"wp:attachment":[{"href":"https:\/\/www.notibras.com\/site\/wp-json\/wp\/v2\/media?parent=312004"}],"wp:term":[{"taxonomy":"category","embeddable":true,"href":"https:\/\/www.notibras.com\/site\/wp-json\/wp\/v2\/categories?post=312004"},{"taxonomy":"post_tag","embeddable":true,"href":"https:\/\/www.notibras.com\/site\/wp-json\/wp\/v2\/tags?post=312004"}],"curies":[{"name":"wp","href":"https:\/\/api.w.org\/{rel}","templated":true}]}}