{"id":312014,"date":"2023-09-01T00:01:28","date_gmt":"2023-09-01T03:01:28","guid":{"rendered":"https:\/\/www.notibras.com\/site\/?p=312014"},"modified":"2023-09-01T07:12:16","modified_gmt":"2023-09-01T10:12:16","slug":"concurso-vai-escolher-melhor-restaurante-a-quilo","status":"publish","type":"post","link":"https:\/\/www.notibras.com\/site\/concurso-vai-escolher-melhor-restaurante-a-quilo\/","title":{"rendered":"Concurso vai escolher melhor restaurante a quilo"},"content":{"rendered":"<p>As inscri\u00e7\u00f5es para o concurso O Quilo \u00c9 Nosso, que vai escolher o melhor restaurante a quilo do Brasil, foram prorrogadas at\u00e9 a pr\u00f3xima quarta-feira (6 de setembro). Promovida pela Associa\u00e7\u00e3o Brasileira de Bares e Restaurantes (Abrasel), em parceria com o Mundo Mesa, a premia\u00e7\u00e3o visa valorizar um modelo de neg\u00f3cio considerado genuinamente brasileiro e que recebe milhares de clientes todos os dias.<\/p>\n<p>A s\u00e9tima edi\u00e7\u00e3o do evento ser\u00e1 realizada entre os dias 12 e 22 de setembro. O concurso tem tr\u00eas etapas, no total. Na primeira, os restaurantes participantes criam uma receita especial para compor o card\u00e1pio durante todo o per\u00edodo do evento. Ser\u00e3o avaliados cinco crit\u00e9rios, por voto popular e por um j\u00fari t\u00e9cnico local: limpeza, ambiente, atendimento, qualidade geral do buffet e receita participante do concurso.<\/p>\n<p>Os tr\u00eas melhores restaurantes de cada cidade ou regi\u00e3o participante s\u00e3o classificados para a etapa seguinte e disputam o t\u00edtulo estadual. Nesta segunda fase, os pratos dos tr\u00eas estabelecimentos passam por avalia\u00e7\u00e3o do j\u00fari local, para escolha do campe\u00e3o estadual.<\/p>\n<p>Na \u00faltima etapa, os campe\u00f5es de cada estado se apresentam e disputam o t\u00edtulo nacional, em um evento realizado em S\u00e3o Paulo nos dias 25 e 26 de outubro.<\/p>\n<p>No ano passado, pela primeira vez, um estabelecimento de Belo Horizonte, cidade precursora dos neg\u00f3cios de comida a quilo, ficou com o t\u00edtulo. O restaurante Beggiato preparou o prato nhoque de ab\u00f3bora ao molho de cogumelos e s\u00e1lvia. O concurso tamb\u00e9m j\u00e1 elegeu campe\u00f5es em mais quatro cidades: Manaus (restaurantes Mercato Brazil Manauara e Ga\u00facho\u2019s Gourmet), Fortaleza (Verdelima), Curitiba (Tomilho) e Franca, em S\u00e3o Paulo (Arroz com Feij\u00e3o).<\/p>\n","protected":false},"excerpt":{"rendered":"<p>As inscri\u00e7\u00f5es para o concurso O Quilo \u00c9 Nosso, que vai escolher o melhor restaurante a quilo do Brasil, foram prorrogadas at\u00e9 a pr\u00f3xima quarta-feira (6 de setembro). Promovida pela Associa\u00e7\u00e3o Brasileira de Bares e Restaurantes (Abrasel), em parceria com o Mundo Mesa, a premia\u00e7\u00e3o visa valorizar um modelo de neg\u00f3cio considerado genuinamente brasileiro e [&hellip;]<\/p>\n","protected":false},"author":2,"featured_media":312015,"comment_status":"closed","ping_status":"closed","sticky":false,"template":"","format":"standard","meta":{"_acf_changed":false,"footnotes":""},"categories":[161],"tags":[],"class_list":["post-312014","post","type-post","status-publish","format-standard","has-post-thumbnail","hentry","category-quadradinho-em-foco"],"acf":[],"yoast_head":"<!-- This site is optimized with the Yoast SEO plugin v27.2 - https:\/\/yoast.com\/product\/yoast-seo-wordpress\/ -->\n<title>Concurso vai escolher melhor restaurante a quilo - Notibras<\/title>\n<meta name=\"robots\" content=\"index, follow, max-snippet:-1, max-image-preview:large, max-video-preview:-1\" \/>\n<link rel=\"canonical\" href=\"https:\/\/www.notibras.com\/site\/concurso-vai-escolher-melhor-restaurante-a-quilo\/\" \/>\n<meta property=\"og:locale\" content=\"pt_BR\" \/>\n<meta property=\"og:type\" content=\"article\" \/>\n<meta property=\"og:title\" content=\"Concurso vai escolher melhor restaurante a quilo - Notibras\" \/>\n<meta property=\"og:description\" content=\"As inscri\u00e7\u00f5es para o concurso O Quilo \u00c9 Nosso, que vai escolher o melhor restaurante a quilo do Brasil, foram prorrogadas at\u00e9 a pr\u00f3xima quarta-feira (6 de setembro). Promovida pela Associa\u00e7\u00e3o Brasileira de Bares e Restaurantes (Abrasel), em parceria com o Mundo Mesa, a premia\u00e7\u00e3o visa valorizar um modelo de neg\u00f3cio considerado genuinamente brasileiro e [&hellip;]\" \/>\n<meta property=\"og:url\" content=\"https:\/\/www.notibras.com\/site\/concurso-vai-escolher-melhor-restaurante-a-quilo\/\" \/>\n<meta property=\"og:site_name\" content=\"Notibras\" \/>\n<meta property=\"article:publisher\" content=\"https:\/\/www.facebook.com\/notibras\/\" \/>\n<meta property=\"article:published_time\" content=\"2023-09-01T03:01:28+00:00\" \/>\n<meta property=\"article:modified_time\" content=\"2023-09-01T10:12:16+00:00\" \/>\n<meta property=\"og:image\" content=\"https:\/\/www.notibras.com\/site\/wp-content\/uploads\/2023\/09\/17-09-2020_comida_restaurante-7.jpg\" \/>\n\t<meta property=\"og:image:width\" content=\"1170\" \/>\n\t<meta property=\"og:image:height\" content=\"700\" \/>\n\t<meta property=\"og:image:type\" content=\"image\/jpeg\" \/>\n<meta name=\"author\" content=\"Reda\u00e7\u00e3o\" \/>\n<meta name=\"twitter:card\" content=\"summary_large_image\" \/>\n<meta name=\"twitter:creator\" content=\"@Notibras\" \/>\n<meta name=\"twitter:site\" content=\"@Notibras\" \/>\n<meta name=\"twitter:label1\" content=\"Escrito por\" \/>\n\t<meta name=\"twitter:data1\" content=\"Reda\u00e7\u00e3o\" \/>\n\t<meta name=\"twitter:label2\" content=\"Est. tempo de leitura\" \/>\n\t<meta name=\"twitter:data2\" content=\"2 minutos\" \/>\n<script type=\"application\/ld+json\" class=\"yoast-schema-graph\">{\"@context\":\"https:\/\/schema.org\",\"@graph\":[{\"@type\":\"Article\",\"@id\":\"https:\/\/www.notibras.com\/site\/concurso-vai-escolher-melhor-restaurante-a-quilo\/#article\",\"isPartOf\":{\"@id\":\"https:\/\/www.notibras.com\/site\/concurso-vai-escolher-melhor-restaurante-a-quilo\/\"},\"author\":{\"name\":\"Reda\u00e7\u00e3o\",\"@id\":\"https:\/\/www.notibras.com\/site\/#\/schema\/person\/36ab0979449956132d3e5b517ea76ac8\"},\"headline\":\"Concurso vai escolher melhor restaurante a quilo\",\"datePublished\":\"2023-09-01T03:01:28+00:00\",\"dateModified\":\"2023-09-01T10:12:16+00:00\",\"mainEntityOfPage\":{\"@id\":\"https:\/\/www.notibras.com\/site\/concurso-vai-escolher-melhor-restaurante-a-quilo\/\"},\"wordCount\":302,\"publisher\":{\"@id\":\"https:\/\/www.notibras.com\/site\/#organization\"},\"image\":{\"@id\":\"https:\/\/www.notibras.com\/site\/concurso-vai-escolher-melhor-restaurante-a-quilo\/#primaryimage\"},\"thumbnailUrl\":\"https:\/\/www.notibras.com\/site\/wp-content\/uploads\/2023\/09\/17-09-2020_comida_restaurante-7.jpg\",\"articleSection\":[\"Quadradinho em Foco\"],\"inLanguage\":\"pt-BR\"},{\"@type\":\"WebPage\",\"@id\":\"https:\/\/www.notibras.com\/site\/concurso-vai-escolher-melhor-restaurante-a-quilo\/\",\"url\":\"https:\/\/www.notibras.com\/site\/concurso-vai-escolher-melhor-restaurante-a-quilo\/\",\"name\":\"Concurso vai escolher melhor restaurante a quilo - Notibras\",\"isPartOf\":{\"@id\":\"https:\/\/www.notibras.com\/site\/#website\"},\"primaryImageOfPage\":{\"@id\":\"https:\/\/www.notibras.com\/site\/concurso-vai-escolher-melhor-restaurante-a-quilo\/#primaryimage\"},\"image\":{\"@id\":\"https:\/\/www.notibras.com\/site\/concurso-vai-escolher-melhor-restaurante-a-quilo\/#primaryimage\"},\"thumbnailUrl\":\"https:\/\/www.notibras.com\/site\/wp-content\/uploads\/2023\/09\/17-09-2020_comida_restaurante-7.jpg\",\"datePublished\":\"2023-09-01T03:01:28+00:00\",\"dateModified\":\"2023-09-01T10:12:16+00:00\",\"breadcrumb\":{\"@id\":\"https:\/\/www.notibras.com\/site\/concurso-vai-escolher-melhor-restaurante-a-quilo\/#breadcrumb\"},\"inLanguage\":\"pt-BR\",\"potentialAction\":[{\"@type\":\"ReadAction\",\"target\":[\"https:\/\/www.notibras.com\/site\/concurso-vai-escolher-melhor-restaurante-a-quilo\/\"]}]},{\"@type\":\"ImageObject\",\"inLanguage\":\"pt-BR\",\"@id\":\"https:\/\/www.notibras.com\/site\/concurso-vai-escolher-melhor-restaurante-a-quilo\/#primaryimage\",\"url\":\"https:\/\/www.notibras.com\/site\/wp-content\/uploads\/2023\/09\/17-09-2020_comida_restaurante-7.jpg\",\"contentUrl\":\"https:\/\/www.notibras.com\/site\/wp-content\/uploads\/2023\/09\/17-09-2020_comida_restaurante-7.jpg\",\"width\":1170,\"height\":700,\"caption\":\"Comida servida em restaurante em Bras\u00edlia.\"},{\"@type\":\"BreadcrumbList\",\"@id\":\"https:\/\/www.notibras.com\/site\/concurso-vai-escolher-melhor-restaurante-a-quilo\/#breadcrumb\",\"itemListElement\":[{\"@type\":\"ListItem\",\"position\":1,\"name\":\"In\u00edcio\",\"item\":\"https:\/\/www.notibras.com\/site\/\"},{\"@type\":\"ListItem\",\"position\":2,\"name\":\"Concurso vai escolher melhor restaurante a quilo\"}]},{\"@type\":\"WebSite\",\"@id\":\"https:\/\/www.notibras.com\/site\/#website\",\"url\":\"https:\/\/www.notibras.com\/site\/\",\"name\":\"Notibras\",\"description\":\"Not\u00edcias de Bras\u00edlia, do Brasil e do Mundo\",\"publisher\":{\"@id\":\"https:\/\/www.notibras.com\/site\/#organization\"},\"potentialAction\":[{\"@type\":\"SearchAction\",\"target\":{\"@type\":\"EntryPoint\",\"urlTemplate\":\"https:\/\/www.notibras.com\/site\/?s={search_term_string}\"},\"query-input\":{\"@type\":\"PropertyValueSpecification\",\"valueRequired\":true,\"valueName\":\"search_term_string\"}}],\"inLanguage\":\"pt-BR\"},{\"@type\":\"Organization\",\"@id\":\"https:\/\/www.notibras.com\/site\/#organization\",\"name\":\"Grupo Notibras de Comunica\u00e7\u00e3o\",\"url\":\"https:\/\/www.notibras.com\/site\/\",\"logo\":{\"@type\":\"ImageObject\",\"inLanguage\":\"pt-BR\",\"@id\":\"https:\/\/www.notibras.com\/site\/#\/schema\/logo\/image\/\",\"url\":\"https:\/\/www.notibras.com\/site\/wp-content\/uploads\/2023\/01\/notibras23.png\",\"contentUrl\":\"https:\/\/www.notibras.com\/site\/wp-content\/uploads\/2023\/01\/notibras23.png\",\"width\":350,\"height\":87,\"caption\":\"Grupo Notibras de Comunica\u00e7\u00e3o\"},\"image\":{\"@id\":\"https:\/\/www.notibras.com\/site\/#\/schema\/logo\/image\/\"},\"sameAs\":[\"https:\/\/www.facebook.com\/notibras\/\",\"https:\/\/x.com\/Notibras\",\"https:\/\/www.instagram.com\/notibras\/\"]},{\"@type\":\"Person\",\"@id\":\"https:\/\/www.notibras.com\/site\/#\/schema\/person\/36ab0979449956132d3e5b517ea76ac8\",\"name\":\"Reda\u00e7\u00e3o\",\"image\":{\"@type\":\"ImageObject\",\"inLanguage\":\"pt-BR\",\"@id\":\"https:\/\/secure.gravatar.com\/avatar\/e0a867bdedb85fd243eadf09663511f96fc81e0720a4a42581f334ad4303aa6b?s=96&d=mm&r=g\",\"url\":\"https:\/\/secure.gravatar.com\/avatar\/e0a867bdedb85fd243eadf09663511f96fc81e0720a4a42581f334ad4303aa6b?s=96&d=mm&r=g\",\"contentUrl\":\"https:\/\/secure.gravatar.com\/avatar\/e0a867bdedb85fd243eadf09663511f96fc81e0720a4a42581f334ad4303aa6b?s=96&d=mm&r=g\",\"caption\":\"Reda\u00e7\u00e3o\"}}]}<\/script>\n<!-- \/ Yoast SEO plugin. -->","yoast_head_json":{"title":"Concurso vai escolher melhor restaurante a quilo - Notibras","robots":{"index":"index","follow":"follow","max-snippet":"max-snippet:-1","max-image-preview":"max-image-preview:large","max-video-preview":"max-video-preview:-1"},"canonical":"https:\/\/www.notibras.com\/site\/concurso-vai-escolher-melhor-restaurante-a-quilo\/","og_locale":"pt_BR","og_type":"article","og_title":"Concurso vai escolher melhor restaurante a quilo - Notibras","og_description":"As inscri\u00e7\u00f5es para o concurso O Quilo \u00c9 Nosso, que vai escolher o melhor restaurante a quilo do Brasil, foram prorrogadas at\u00e9 a pr\u00f3xima quarta-feira (6 de setembro). Promovida pela Associa\u00e7\u00e3o Brasileira de Bares e Restaurantes (Abrasel), em parceria com o Mundo Mesa, a premia\u00e7\u00e3o visa valorizar um modelo de neg\u00f3cio considerado genuinamente brasileiro e [&hellip;]","og_url":"https:\/\/www.notibras.com\/site\/concurso-vai-escolher-melhor-restaurante-a-quilo\/","og_site_name":"Notibras","article_publisher":"https:\/\/www.facebook.com\/notibras\/","article_published_time":"2023-09-01T03:01:28+00:00","article_modified_time":"2023-09-01T10:12:16+00:00","og_image":[{"width":1170,"height":700,"url":"https:\/\/www.notibras.com\/site\/wp-content\/uploads\/2023\/09\/17-09-2020_comida_restaurante-7.jpg","type":"image\/jpeg"}],"author":"Reda\u00e7\u00e3o","twitter_card":"summary_large_image","twitter_creator":"@Notibras","twitter_site":"@Notibras","twitter_misc":{"Escrito por":"Reda\u00e7\u00e3o","Est. tempo de leitura":"2 minutos"},"schema":{"@context":"https:\/\/schema.org","@graph":[{"@type":"Article","@id":"https:\/\/www.notibras.com\/site\/concurso-vai-escolher-melhor-restaurante-a-quilo\/#article","isPartOf":{"@id":"https:\/\/www.notibras.com\/site\/concurso-vai-escolher-melhor-restaurante-a-quilo\/"},"author":{"name":"Reda\u00e7\u00e3o","@id":"https:\/\/www.notibras.com\/site\/#\/schema\/person\/36ab0979449956132d3e5b517ea76ac8"},"headline":"Concurso vai escolher melhor restaurante a quilo","datePublished":"2023-09-01T03:01:28+00:00","dateModified":"2023-09-01T10:12:16+00:00","mainEntityOfPage":{"@id":"https:\/\/www.notibras.com\/site\/concurso-vai-escolher-melhor-restaurante-a-quilo\/"},"wordCount":302,"publisher":{"@id":"https:\/\/www.notibras.com\/site\/#organization"},"image":{"@id":"https:\/\/www.notibras.com\/site\/concurso-vai-escolher-melhor-restaurante-a-quilo\/#primaryimage"},"thumbnailUrl":"https:\/\/www.notibras.com\/site\/wp-content\/uploads\/2023\/09\/17-09-2020_comida_restaurante-7.jpg","articleSection":["Quadradinho em Foco"],"inLanguage":"pt-BR"},{"@type":"WebPage","@id":"https:\/\/www.notibras.com\/site\/concurso-vai-escolher-melhor-restaurante-a-quilo\/","url":"https:\/\/www.notibras.com\/site\/concurso-vai-escolher-melhor-restaurante-a-quilo\/","name":"Concurso vai escolher melhor restaurante a quilo - Notibras","isPartOf":{"@id":"https:\/\/www.notibras.com\/site\/#website"},"primaryImageOfPage":{"@id":"https:\/\/www.notibras.com\/site\/concurso-vai-escolher-melhor-restaurante-a-quilo\/#primaryimage"},"image":{"@id":"https:\/\/www.notibras.com\/site\/concurso-vai-escolher-melhor-restaurante-a-quilo\/#primaryimage"},"thumbnailUrl":"https:\/\/www.notibras.com\/site\/wp-content\/uploads\/2023\/09\/17-09-2020_comida_restaurante-7.jpg","datePublished":"2023-09-01T03:01:28+00:00","dateModified":"2023-09-01T10:12:16+00:00","breadcrumb":{"@id":"https:\/\/www.notibras.com\/site\/concurso-vai-escolher-melhor-restaurante-a-quilo\/#breadcrumb"},"inLanguage":"pt-BR","potentialAction":[{"@type":"ReadAction","target":["https:\/\/www.notibras.com\/site\/concurso-vai-escolher-melhor-restaurante-a-quilo\/"]}]},{"@type":"ImageObject","inLanguage":"pt-BR","@id":"https:\/\/www.notibras.com\/site\/concurso-vai-escolher-melhor-restaurante-a-quilo\/#primaryimage","url":"https:\/\/www.notibras.com\/site\/wp-content\/uploads\/2023\/09\/17-09-2020_comida_restaurante-7.jpg","contentUrl":"https:\/\/www.notibras.com\/site\/wp-content\/uploads\/2023\/09\/17-09-2020_comida_restaurante-7.jpg","width":1170,"height":700,"caption":"Comida servida em restaurante em Bras\u00edlia."},{"@type":"BreadcrumbList","@id":"https:\/\/www.notibras.com\/site\/concurso-vai-escolher-melhor-restaurante-a-quilo\/#breadcrumb","itemListElement":[{"@type":"ListItem","position":1,"name":"In\u00edcio","item":"https:\/\/www.notibras.com\/site\/"},{"@type":"ListItem","position":2,"name":"Concurso vai escolher melhor restaurante a quilo"}]},{"@type":"WebSite","@id":"https:\/\/www.notibras.com\/site\/#website","url":"https:\/\/www.notibras.com\/site\/","name":"Notibras","description":"Not\u00edcias de Bras\u00edlia, do Brasil e do Mundo","publisher":{"@id":"https:\/\/www.notibras.com\/site\/#organization"},"potentialAction":[{"@type":"SearchAction","target":{"@type":"EntryPoint","urlTemplate":"https:\/\/www.notibras.com\/site\/?s={search_term_string}"},"query-input":{"@type":"PropertyValueSpecification","valueRequired":true,"valueName":"search_term_string"}}],"inLanguage":"pt-BR"},{"@type":"Organization","@id":"https:\/\/www.notibras.com\/site\/#organization","name":"Grupo Notibras de Comunica\u00e7\u00e3o","url":"https:\/\/www.notibras.com\/site\/","logo":{"@type":"ImageObject","inLanguage":"pt-BR","@id":"https:\/\/www.notibras.com\/site\/#\/schema\/logo\/image\/","url":"https:\/\/www.notibras.com\/site\/wp-content\/uploads\/2023\/01\/notibras23.png","contentUrl":"https:\/\/www.notibras.com\/site\/wp-content\/uploads\/2023\/01\/notibras23.png","width":350,"height":87,"caption":"Grupo Notibras de Comunica\u00e7\u00e3o"},"image":{"@id":"https:\/\/www.notibras.com\/site\/#\/schema\/logo\/image\/"},"sameAs":["https:\/\/www.facebook.com\/notibras\/","https:\/\/x.com\/Notibras","https:\/\/www.instagram.com\/notibras\/"]},{"@type":"Person","@id":"https:\/\/www.notibras.com\/site\/#\/schema\/person\/36ab0979449956132d3e5b517ea76ac8","name":"Reda\u00e7\u00e3o","image":{"@type":"ImageObject","inLanguage":"pt-BR","@id":"https:\/\/secure.gravatar.com\/avatar\/e0a867bdedb85fd243eadf09663511f96fc81e0720a4a42581f334ad4303aa6b?s=96&d=mm&r=g","url":"https:\/\/secure.gravatar.com\/avatar\/e0a867bdedb85fd243eadf09663511f96fc81e0720a4a42581f334ad4303aa6b?s=96&d=mm&r=g","contentUrl":"https:\/\/secure.gravatar.com\/avatar\/e0a867bdedb85fd243eadf09663511f96fc81e0720a4a42581f334ad4303aa6b?s=96&d=mm&r=g","caption":"Reda\u00e7\u00e3o"}}]}},"amp_enabled":true,"_links":{"self":[{"href":"https:\/\/www.notibras.com\/site\/wp-json\/wp\/v2\/posts\/312014","targetHints":{"allow":["GET"]}}],"collection":[{"href":"https:\/\/www.notibras.com\/site\/wp-json\/wp\/v2\/posts"}],"about":[{"href":"https:\/\/www.notibras.com\/site\/wp-json\/wp\/v2\/types\/post"}],"author":[{"embeddable":true,"href":"https:\/\/www.notibras.com\/site\/wp-json\/wp\/v2\/users\/2"}],"replies":[{"embeddable":true,"href":"https:\/\/www.notibras.com\/site\/wp-json\/wp\/v2\/comments?post=312014"}],"version-history":[{"count":1,"href":"https:\/\/www.notibras.com\/site\/wp-json\/wp\/v2\/posts\/312014\/revisions"}],"predecessor-version":[{"id":312016,"href":"https:\/\/www.notibras.com\/site\/wp-json\/wp\/v2\/posts\/312014\/revisions\/312016"}],"wp:featuredmedia":[{"embeddable":true,"href":"https:\/\/www.notibras.com\/site\/wp-json\/wp\/v2\/media\/312015"}],"wp:attachment":[{"href":"https:\/\/www.notibras.com\/site\/wp-json\/wp\/v2\/media?parent=312014"}],"wp:term":[{"taxonomy":"category","embeddable":true,"href":"https:\/\/www.notibras.com\/site\/wp-json\/wp\/v2\/categories?post=312014"},{"taxonomy":"post_tag","embeddable":true,"href":"https:\/\/www.notibras.com\/site\/wp-json\/wp\/v2\/tags?post=312014"}],"curies":[{"name":"wp","href":"https:\/\/api.w.org\/{rel}","templated":true}]}}