{"id":312020,"date":"2023-09-01T00:01:55","date_gmt":"2023-09-01T03:01:55","guid":{"rendered":"https:\/\/www.notibras.com\/site\/?p=312020"},"modified":"2023-09-01T07:27:01","modified_gmt":"2023-09-01T10:27:01","slug":"buriti-cria-gabinete-especial-para-o-7-de-setembro","status":"publish","type":"post","link":"https:\/\/www.notibras.com\/site\/buriti-cria-gabinete-especial-para-o-7-de-setembro\/","title":{"rendered":"Buriti cria gabinete especial para o 7 de Setembro"},"content":{"rendered":"<p>O Governo do Distrito Federal mobilizou \u00f3rg\u00e3os e secretarias para acompanhar e coordenar atividades relativas aos eventos do Desfile de 7 de Setembro. Com publica\u00e7\u00e3o em edi\u00e7\u00e3o extra do Di\u00e1rio Oficial desta quinta-feira (31), foi institu\u00eddo o Gabinete de Mobiliza\u00e7\u00e3o Institucional, a ser liderado pela Secretaria de Seguran\u00e7a P\u00fablica (SSP-DF).<\/p>\n<p>Pelo GDF tamb\u00e9m participam as secretarias de Sa\u00fade e DF Legal, assim como o Servi\u00e7o de Limpeza Urbana (SLU). O primeiro encontro do grupo est\u00e1 marcado para segunda-feira (4), conforme adiantou a governadora em exerc\u00edcio Celina Le\u00e3o.<\/p>\n<p>\u201cEsse gabinete funcionar\u00e1 como uma integra\u00e7\u00e3o de informa\u00e7\u00f5es. A primeira reuni\u00e3o est\u00e1 marcada para segunda-feira (4), \u00e0s 10h, ser\u00e1 coordenado pela SSP-DF, h\u00e1 um convite para todo o governo federal participar, aqueles \u00f3rg\u00e3os que acharem importante se fazerem presentes. \u00c9 mais para alinhamento de informa\u00e7\u00f5es para que a gente tenha uma bel\u00edssima festa no 7 de Setembro, onde as pessoas possam comemorar a data\u201d, destacou Celina Le\u00e3o.<\/p>\n<p>O Gabinete de Mobiliza\u00e7\u00e3o Institucional ter\u00e1 dura\u00e7\u00e3o de dez dias a contar de 1\u00ba de setembro. As atividades registradas ao longo deste per\u00edodo ser\u00e3o apresentadas dentro de um prazo de 30 dias. \u201cEle funcionar\u00e1 no Centro Integrado de Opera\u00e7\u00f5es de Bras\u00edlia (Ciob), da SSP-DF, e tornar\u00e1 a comunica\u00e7\u00e3o e as tomadas de decis\u00f5es mais r\u00e1pidas e eficientes, garantindo an\u00e1lises e tempo resposta mais efetivo em caso de necessidade\u201d, detalha o secret\u00e1rio de Seguran\u00e7a P\u00fablica do DF, Sandro Avelar.<\/p>\n<p>Ainda segundo a secretaria, representantes dos setores de intelig\u00eancia dos \u00f3rg\u00e3os tamb\u00e9m atuar\u00e3o em conjunto, na SSP-DF, em outro espa\u00e7o. O objetivo \u00e9 dar um suporte cada vez mais qualificado \u00e0s for\u00e7as de seguran\u00e7a que estar\u00e3o empenhados em garantir a seguran\u00e7a e mobilidade do p\u00fablico que se fizer presente na celebra\u00e7\u00e3o.<\/p>\n<p>O GDF tamb\u00e9m convidou o governo federal, o Supremo Tribunal Federal (STF), a C\u00e2mara dos Deputados e o Senado Federal, a Pol\u00edcia Federal, a Ag\u00eancia Brasileira de Intelig\u00eancia (Abin), Pol\u00edcia Rodovi\u00e1ria Federal, Tribunal Superior Eleitoral e a Ordem dos Advogados do Brasil (OAB) para participar do gabinete e cooperar com as atividades de acordo com as respectivas compet\u00eancias.<\/p>\n<p>Aos convidados, compete atuar na coordena\u00e7\u00e3o das atribui\u00e7\u00f5es administrativas, bem como adotar as medidas administrativas necess\u00e1rias \u00e0 preserva\u00e7\u00e3o da estabilidade institucional e da prote\u00e7\u00e3o dos bens, servi\u00e7os e instala\u00e7\u00f5es.<\/p>\n","protected":false},"excerpt":{"rendered":"<p>O Governo do Distrito Federal mobilizou \u00f3rg\u00e3os e secretarias para acompanhar e coordenar atividades relativas aos eventos do Desfile de 7 de Setembro. Com publica\u00e7\u00e3o em edi\u00e7\u00e3o extra do Di\u00e1rio Oficial desta quinta-feira (31), foi institu\u00eddo o Gabinete de Mobiliza\u00e7\u00e3o Institucional, a ser liderado pela Secretaria de Seguran\u00e7a P\u00fablica (SSP-DF). Pelo GDF tamb\u00e9m participam as [&hellip;]<\/p>\n","protected":false},"author":2,"featured_media":312021,"comment_status":"closed","ping_status":"closed","sticky":false,"template":"","format":"standard","meta":{"_acf_changed":false,"footnotes":""},"categories":[161],"tags":[],"class_list":["post-312020","post","type-post","status-publish","format-standard","has-post-thumbnail","hentry","category-quadradinho-em-foco"],"acf":[],"yoast_head":"<!-- This site is optimized with the Yoast SEO plugin v27.2 - https:\/\/yoast.com\/product\/yoast-seo-wordpress\/ -->\n<title>Buriti cria gabinete especial para o 7 de Setembro - Notibras<\/title>\n<meta name=\"robots\" content=\"index, follow, max-snippet:-1, max-image-preview:large, max-video-preview:-1\" \/>\n<link rel=\"canonical\" href=\"https:\/\/www.notibras.com\/site\/buriti-cria-gabinete-especial-para-o-7-de-setembro\/\" \/>\n<meta property=\"og:locale\" content=\"pt_BR\" \/>\n<meta property=\"og:type\" content=\"article\" \/>\n<meta property=\"og:title\" content=\"Buriti cria gabinete especial para o 7 de Setembro - Notibras\" \/>\n<meta property=\"og:description\" content=\"O Governo do Distrito Federal mobilizou \u00f3rg\u00e3os e secretarias para acompanhar e coordenar atividades relativas aos eventos do Desfile de 7 de Setembro. Com publica\u00e7\u00e3o em edi\u00e7\u00e3o extra do Di\u00e1rio Oficial desta quinta-feira (31), foi institu\u00eddo o Gabinete de Mobiliza\u00e7\u00e3o Institucional, a ser liderado pela Secretaria de Seguran\u00e7a P\u00fablica (SSP-DF). Pelo GDF tamb\u00e9m participam as [&hellip;]\" \/>\n<meta property=\"og:url\" content=\"https:\/\/www.notibras.com\/site\/buriti-cria-gabinete-especial-para-o-7-de-setembro\/\" \/>\n<meta property=\"og:site_name\" content=\"Notibras\" \/>\n<meta property=\"article:publisher\" content=\"https:\/\/www.facebook.com\/notibras\/\" \/>\n<meta property=\"article:published_time\" content=\"2023-09-01T03:01:55+00:00\" \/>\n<meta property=\"article:modified_time\" content=\"2023-09-01T10:27:01+00:00\" \/>\n<meta property=\"og:image\" content=\"https:\/\/www.notibras.com\/site\/wp-content\/uploads\/2023\/09\/WhatsApp-Image-2023-08-31-at-19.37.18.jpeg\" \/>\n\t<meta property=\"og:image:width\" content=\"1600\" \/>\n\t<meta property=\"og:image:height\" content=\"1064\" \/>\n\t<meta property=\"og:image:type\" content=\"image\/jpeg\" \/>\n<meta name=\"author\" content=\"Reda\u00e7\u00e3o\" \/>\n<meta name=\"twitter:card\" content=\"summary_large_image\" \/>\n<meta name=\"twitter:creator\" content=\"@Notibras\" \/>\n<meta name=\"twitter:site\" content=\"@Notibras\" \/>\n<meta name=\"twitter:label1\" content=\"Escrito por\" \/>\n\t<meta name=\"twitter:data1\" content=\"Reda\u00e7\u00e3o\" \/>\n\t<meta name=\"twitter:label2\" content=\"Est. tempo de leitura\" \/>\n\t<meta name=\"twitter:data2\" content=\"3 minutos\" \/>\n<script type=\"application\/ld+json\" class=\"yoast-schema-graph\">{\"@context\":\"https:\/\/schema.org\",\"@graph\":[{\"@type\":\"Article\",\"@id\":\"https:\/\/www.notibras.com\/site\/buriti-cria-gabinete-especial-para-o-7-de-setembro\/#article\",\"isPartOf\":{\"@id\":\"https:\/\/www.notibras.com\/site\/buriti-cria-gabinete-especial-para-o-7-de-setembro\/\"},\"author\":{\"name\":\"Reda\u00e7\u00e3o\",\"@id\":\"https:\/\/www.notibras.com\/site\/#\/schema\/person\/36ab0979449956132d3e5b517ea76ac8\"},\"headline\":\"Buriti cria gabinete especial para o 7 de Setembro\",\"datePublished\":\"2023-09-01T03:01:55+00:00\",\"dateModified\":\"2023-09-01T10:27:01+00:00\",\"mainEntityOfPage\":{\"@id\":\"https:\/\/www.notibras.com\/site\/buriti-cria-gabinete-especial-para-o-7-de-setembro\/\"},\"wordCount\":427,\"publisher\":{\"@id\":\"https:\/\/www.notibras.com\/site\/#organization\"},\"image\":{\"@id\":\"https:\/\/www.notibras.com\/site\/buriti-cria-gabinete-especial-para-o-7-de-setembro\/#primaryimage\"},\"thumbnailUrl\":\"https:\/\/www.notibras.com\/site\/wp-content\/uploads\/2023\/09\/WhatsApp-Image-2023-08-31-at-19.37.18.jpeg\",\"articleSection\":[\"Quadradinho em Foco\"],\"inLanguage\":\"pt-BR\"},{\"@type\":\"WebPage\",\"@id\":\"https:\/\/www.notibras.com\/site\/buriti-cria-gabinete-especial-para-o-7-de-setembro\/\",\"url\":\"https:\/\/www.notibras.com\/site\/buriti-cria-gabinete-especial-para-o-7-de-setembro\/\",\"name\":\"Buriti cria gabinete especial para o 7 de Setembro - Notibras\",\"isPartOf\":{\"@id\":\"https:\/\/www.notibras.com\/site\/#website\"},\"primaryImageOfPage\":{\"@id\":\"https:\/\/www.notibras.com\/site\/buriti-cria-gabinete-especial-para-o-7-de-setembro\/#primaryimage\"},\"image\":{\"@id\":\"https:\/\/www.notibras.com\/site\/buriti-cria-gabinete-especial-para-o-7-de-setembro\/#primaryimage\"},\"thumbnailUrl\":\"https:\/\/www.notibras.com\/site\/wp-content\/uploads\/2023\/09\/WhatsApp-Image-2023-08-31-at-19.37.18.jpeg\",\"datePublished\":\"2023-09-01T03:01:55+00:00\",\"dateModified\":\"2023-09-01T10:27:01+00:00\",\"breadcrumb\":{\"@id\":\"https:\/\/www.notibras.com\/site\/buriti-cria-gabinete-especial-para-o-7-de-setembro\/#breadcrumb\"},\"inLanguage\":\"pt-BR\",\"potentialAction\":[{\"@type\":\"ReadAction\",\"target\":[\"https:\/\/www.notibras.com\/site\/buriti-cria-gabinete-especial-para-o-7-de-setembro\/\"]}]},{\"@type\":\"ImageObject\",\"inLanguage\":\"pt-BR\",\"@id\":\"https:\/\/www.notibras.com\/site\/buriti-cria-gabinete-especial-para-o-7-de-setembro\/#primaryimage\",\"url\":\"https:\/\/www.notibras.com\/site\/wp-content\/uploads\/2023\/09\/WhatsApp-Image-2023-08-31-at-19.37.18.jpeg\",\"contentUrl\":\"https:\/\/www.notibras.com\/site\/wp-content\/uploads\/2023\/09\/WhatsApp-Image-2023-08-31-at-19.37.18.jpeg\",\"width\":1600,\"height\":1064},{\"@type\":\"BreadcrumbList\",\"@id\":\"https:\/\/www.notibras.com\/site\/buriti-cria-gabinete-especial-para-o-7-de-setembro\/#breadcrumb\",\"itemListElement\":[{\"@type\":\"ListItem\",\"position\":1,\"name\":\"In\u00edcio\",\"item\":\"https:\/\/www.notibras.com\/site\/\"},{\"@type\":\"ListItem\",\"position\":2,\"name\":\"Buriti cria gabinete especial para o 7 de Setembro\"}]},{\"@type\":\"WebSite\",\"@id\":\"https:\/\/www.notibras.com\/site\/#website\",\"url\":\"https:\/\/www.notibras.com\/site\/\",\"name\":\"Notibras\",\"description\":\"Not\u00edcias de Bras\u00edlia, do Brasil e do Mundo\",\"publisher\":{\"@id\":\"https:\/\/www.notibras.com\/site\/#organization\"},\"potentialAction\":[{\"@type\":\"SearchAction\",\"target\":{\"@type\":\"EntryPoint\",\"urlTemplate\":\"https:\/\/www.notibras.com\/site\/?s={search_term_string}\"},\"query-input\":{\"@type\":\"PropertyValueSpecification\",\"valueRequired\":true,\"valueName\":\"search_term_string\"}}],\"inLanguage\":\"pt-BR\"},{\"@type\":\"Organization\",\"@id\":\"https:\/\/www.notibras.com\/site\/#organization\",\"name\":\"Grupo Notibras de Comunica\u00e7\u00e3o\",\"url\":\"https:\/\/www.notibras.com\/site\/\",\"logo\":{\"@type\":\"ImageObject\",\"inLanguage\":\"pt-BR\",\"@id\":\"https:\/\/www.notibras.com\/site\/#\/schema\/logo\/image\/\",\"url\":\"https:\/\/www.notibras.com\/site\/wp-content\/uploads\/2023\/01\/notibras23.png\",\"contentUrl\":\"https:\/\/www.notibras.com\/site\/wp-content\/uploads\/2023\/01\/notibras23.png\",\"width\":350,\"height\":87,\"caption\":\"Grupo Notibras de Comunica\u00e7\u00e3o\"},\"image\":{\"@id\":\"https:\/\/www.notibras.com\/site\/#\/schema\/logo\/image\/\"},\"sameAs\":[\"https:\/\/www.facebook.com\/notibras\/\",\"https:\/\/x.com\/Notibras\",\"https:\/\/www.instagram.com\/notibras\/\"]},{\"@type\":\"Person\",\"@id\":\"https:\/\/www.notibras.com\/site\/#\/schema\/person\/36ab0979449956132d3e5b517ea76ac8\",\"name\":\"Reda\u00e7\u00e3o\",\"image\":{\"@type\":\"ImageObject\",\"inLanguage\":\"pt-BR\",\"@id\":\"https:\/\/secure.gravatar.com\/avatar\/e0a867bdedb85fd243eadf09663511f96fc81e0720a4a42581f334ad4303aa6b?s=96&d=mm&r=g\",\"url\":\"https:\/\/secure.gravatar.com\/avatar\/e0a867bdedb85fd243eadf09663511f96fc81e0720a4a42581f334ad4303aa6b?s=96&d=mm&r=g\",\"contentUrl\":\"https:\/\/secure.gravatar.com\/avatar\/e0a867bdedb85fd243eadf09663511f96fc81e0720a4a42581f334ad4303aa6b?s=96&d=mm&r=g\",\"caption\":\"Reda\u00e7\u00e3o\"}}]}<\/script>\n<!-- \/ Yoast SEO plugin. -->","yoast_head_json":{"title":"Buriti cria gabinete especial para o 7 de Setembro - Notibras","robots":{"index":"index","follow":"follow","max-snippet":"max-snippet:-1","max-image-preview":"max-image-preview:large","max-video-preview":"max-video-preview:-1"},"canonical":"https:\/\/www.notibras.com\/site\/buriti-cria-gabinete-especial-para-o-7-de-setembro\/","og_locale":"pt_BR","og_type":"article","og_title":"Buriti cria gabinete especial para o 7 de Setembro - Notibras","og_description":"O Governo do Distrito Federal mobilizou \u00f3rg\u00e3os e secretarias para acompanhar e coordenar atividades relativas aos eventos do Desfile de 7 de Setembro. Com publica\u00e7\u00e3o em edi\u00e7\u00e3o extra do Di\u00e1rio Oficial desta quinta-feira (31), foi institu\u00eddo o Gabinete de Mobiliza\u00e7\u00e3o Institucional, a ser liderado pela Secretaria de Seguran\u00e7a P\u00fablica (SSP-DF). Pelo GDF tamb\u00e9m participam as [&hellip;]","og_url":"https:\/\/www.notibras.com\/site\/buriti-cria-gabinete-especial-para-o-7-de-setembro\/","og_site_name":"Notibras","article_publisher":"https:\/\/www.facebook.com\/notibras\/","article_published_time":"2023-09-01T03:01:55+00:00","article_modified_time":"2023-09-01T10:27:01+00:00","og_image":[{"width":1600,"height":1064,"url":"https:\/\/www.notibras.com\/site\/wp-content\/uploads\/2023\/09\/WhatsApp-Image-2023-08-31-at-19.37.18.jpeg","type":"image\/jpeg"}],"author":"Reda\u00e7\u00e3o","twitter_card":"summary_large_image","twitter_creator":"@Notibras","twitter_site":"@Notibras","twitter_misc":{"Escrito por":"Reda\u00e7\u00e3o","Est. tempo de leitura":"3 minutos"},"schema":{"@context":"https:\/\/schema.org","@graph":[{"@type":"Article","@id":"https:\/\/www.notibras.com\/site\/buriti-cria-gabinete-especial-para-o-7-de-setembro\/#article","isPartOf":{"@id":"https:\/\/www.notibras.com\/site\/buriti-cria-gabinete-especial-para-o-7-de-setembro\/"},"author":{"name":"Reda\u00e7\u00e3o","@id":"https:\/\/www.notibras.com\/site\/#\/schema\/person\/36ab0979449956132d3e5b517ea76ac8"},"headline":"Buriti cria gabinete especial para o 7 de Setembro","datePublished":"2023-09-01T03:01:55+00:00","dateModified":"2023-09-01T10:27:01+00:00","mainEntityOfPage":{"@id":"https:\/\/www.notibras.com\/site\/buriti-cria-gabinete-especial-para-o-7-de-setembro\/"},"wordCount":427,"publisher":{"@id":"https:\/\/www.notibras.com\/site\/#organization"},"image":{"@id":"https:\/\/www.notibras.com\/site\/buriti-cria-gabinete-especial-para-o-7-de-setembro\/#primaryimage"},"thumbnailUrl":"https:\/\/www.notibras.com\/site\/wp-content\/uploads\/2023\/09\/WhatsApp-Image-2023-08-31-at-19.37.18.jpeg","articleSection":["Quadradinho em Foco"],"inLanguage":"pt-BR"},{"@type":"WebPage","@id":"https:\/\/www.notibras.com\/site\/buriti-cria-gabinete-especial-para-o-7-de-setembro\/","url":"https:\/\/www.notibras.com\/site\/buriti-cria-gabinete-especial-para-o-7-de-setembro\/","name":"Buriti cria gabinete especial para o 7 de Setembro - Notibras","isPartOf":{"@id":"https:\/\/www.notibras.com\/site\/#website"},"primaryImageOfPage":{"@id":"https:\/\/www.notibras.com\/site\/buriti-cria-gabinete-especial-para-o-7-de-setembro\/#primaryimage"},"image":{"@id":"https:\/\/www.notibras.com\/site\/buriti-cria-gabinete-especial-para-o-7-de-setembro\/#primaryimage"},"thumbnailUrl":"https:\/\/www.notibras.com\/site\/wp-content\/uploads\/2023\/09\/WhatsApp-Image-2023-08-31-at-19.37.18.jpeg","datePublished":"2023-09-01T03:01:55+00:00","dateModified":"2023-09-01T10:27:01+00:00","breadcrumb":{"@id":"https:\/\/www.notibras.com\/site\/buriti-cria-gabinete-especial-para-o-7-de-setembro\/#breadcrumb"},"inLanguage":"pt-BR","potentialAction":[{"@type":"ReadAction","target":["https:\/\/www.notibras.com\/site\/buriti-cria-gabinete-especial-para-o-7-de-setembro\/"]}]},{"@type":"ImageObject","inLanguage":"pt-BR","@id":"https:\/\/www.notibras.com\/site\/buriti-cria-gabinete-especial-para-o-7-de-setembro\/#primaryimage","url":"https:\/\/www.notibras.com\/site\/wp-content\/uploads\/2023\/09\/WhatsApp-Image-2023-08-31-at-19.37.18.jpeg","contentUrl":"https:\/\/www.notibras.com\/site\/wp-content\/uploads\/2023\/09\/WhatsApp-Image-2023-08-31-at-19.37.18.jpeg","width":1600,"height":1064},{"@type":"BreadcrumbList","@id":"https:\/\/www.notibras.com\/site\/buriti-cria-gabinete-especial-para-o-7-de-setembro\/#breadcrumb","itemListElement":[{"@type":"ListItem","position":1,"name":"In\u00edcio","item":"https:\/\/www.notibras.com\/site\/"},{"@type":"ListItem","position":2,"name":"Buriti cria gabinete especial para o 7 de Setembro"}]},{"@type":"WebSite","@id":"https:\/\/www.notibras.com\/site\/#website","url":"https:\/\/www.notibras.com\/site\/","name":"Notibras","description":"Not\u00edcias de Bras\u00edlia, do Brasil e do Mundo","publisher":{"@id":"https:\/\/www.notibras.com\/site\/#organization"},"potentialAction":[{"@type":"SearchAction","target":{"@type":"EntryPoint","urlTemplate":"https:\/\/www.notibras.com\/site\/?s={search_term_string}"},"query-input":{"@type":"PropertyValueSpecification","valueRequired":true,"valueName":"search_term_string"}}],"inLanguage":"pt-BR"},{"@type":"Organization","@id":"https:\/\/www.notibras.com\/site\/#organization","name":"Grupo Notibras de Comunica\u00e7\u00e3o","url":"https:\/\/www.notibras.com\/site\/","logo":{"@type":"ImageObject","inLanguage":"pt-BR","@id":"https:\/\/www.notibras.com\/site\/#\/schema\/logo\/image\/","url":"https:\/\/www.notibras.com\/site\/wp-content\/uploads\/2023\/01\/notibras23.png","contentUrl":"https:\/\/www.notibras.com\/site\/wp-content\/uploads\/2023\/01\/notibras23.png","width":350,"height":87,"caption":"Grupo Notibras de Comunica\u00e7\u00e3o"},"image":{"@id":"https:\/\/www.notibras.com\/site\/#\/schema\/logo\/image\/"},"sameAs":["https:\/\/www.facebook.com\/notibras\/","https:\/\/x.com\/Notibras","https:\/\/www.instagram.com\/notibras\/"]},{"@type":"Person","@id":"https:\/\/www.notibras.com\/site\/#\/schema\/person\/36ab0979449956132d3e5b517ea76ac8","name":"Reda\u00e7\u00e3o","image":{"@type":"ImageObject","inLanguage":"pt-BR","@id":"https:\/\/secure.gravatar.com\/avatar\/e0a867bdedb85fd243eadf09663511f96fc81e0720a4a42581f334ad4303aa6b?s=96&d=mm&r=g","url":"https:\/\/secure.gravatar.com\/avatar\/e0a867bdedb85fd243eadf09663511f96fc81e0720a4a42581f334ad4303aa6b?s=96&d=mm&r=g","contentUrl":"https:\/\/secure.gravatar.com\/avatar\/e0a867bdedb85fd243eadf09663511f96fc81e0720a4a42581f334ad4303aa6b?s=96&d=mm&r=g","caption":"Reda\u00e7\u00e3o"}}]}},"amp_enabled":true,"_links":{"self":[{"href":"https:\/\/www.notibras.com\/site\/wp-json\/wp\/v2\/posts\/312020","targetHints":{"allow":["GET"]}}],"collection":[{"href":"https:\/\/www.notibras.com\/site\/wp-json\/wp\/v2\/posts"}],"about":[{"href":"https:\/\/www.notibras.com\/site\/wp-json\/wp\/v2\/types\/post"}],"author":[{"embeddable":true,"href":"https:\/\/www.notibras.com\/site\/wp-json\/wp\/v2\/users\/2"}],"replies":[{"embeddable":true,"href":"https:\/\/www.notibras.com\/site\/wp-json\/wp\/v2\/comments?post=312020"}],"version-history":[{"count":1,"href":"https:\/\/www.notibras.com\/site\/wp-json\/wp\/v2\/posts\/312020\/revisions"}],"predecessor-version":[{"id":312022,"href":"https:\/\/www.notibras.com\/site\/wp-json\/wp\/v2\/posts\/312020\/revisions\/312022"}],"wp:featuredmedia":[{"embeddable":true,"href":"https:\/\/www.notibras.com\/site\/wp-json\/wp\/v2\/media\/312021"}],"wp:attachment":[{"href":"https:\/\/www.notibras.com\/site\/wp-json\/wp\/v2\/media?parent=312020"}],"wp:term":[{"taxonomy":"category","embeddable":true,"href":"https:\/\/www.notibras.com\/site\/wp-json\/wp\/v2\/categories?post=312020"},{"taxonomy":"post_tag","embeddable":true,"href":"https:\/\/www.notibras.com\/site\/wp-json\/wp\/v2\/tags?post=312020"}],"curies":[{"name":"wp","href":"https:\/\/api.w.org\/{rel}","templated":true}]}}