{"id":312048,"date":"2023-09-02T00:01:41","date_gmt":"2023-09-02T03:01:41","guid":{"rendered":"https:\/\/www.notibras.com\/site\/?p=312048"},"modified":"2023-09-02T01:26:28","modified_gmt":"2023-09-02T04:26:28","slug":"anatel-cria-laboratorio-para-combater-tv-box-pirata","status":"publish","type":"post","link":"https:\/\/www.notibras.com\/site\/anatel-cria-laboratorio-para-combater-tv-box-pirata\/","title":{"rendered":"Anatel cria laborat\u00f3rio para combater TV Box pirata"},"content":{"rendered":"<p>A Ag\u00eancia Nacional de Telecomunica\u00e7\u00f5es (Anatel) acaba de inaugurar o Laborat\u00f3rio Antipirataria, especializado em analisar equipamentos TV Boxes usados para captar canais e conte\u00fados por assinatura de forma clandestina.<\/p>\n<p>A inciativa integra o Plano de A\u00e7\u00e3o para Combate ao Uso de Decodificadores Clandestinos do Servi\u00e7o de Acesso Condicionado (SeAC) e \u00e9 resultado de uma parceria com a Associa\u00e7\u00e3o Brasileira de Televis\u00e3o por Assinatura (ABTA).<\/p>\n<p>Em fevereiro deste ano, cerca de 1,4 milh\u00e3o de aparelhos clandestinos foram apreendidos e mais de 1,4 mil endere\u00e7os bloqueados, que habilitavam ilegalmente o funcionamento dos TV Boxes piratas. Conforme a Anatel, equipamentos de nove fabricantes e mais de 30 modelos de TV Box tamb\u00e9m tiveram opera\u00e7\u00e3o interrompida<\/p>\n<p>De acordo com o superintendente de Fiscaliza\u00e7\u00e3o da Ag\u00eancia, Hermano Barros Tercius, o laborat\u00f3rio tem capacidade de analisar at\u00e9 cem equipamentos piratas de forma simult\u00e2nea.<\/p>\n<p><strong>Decis\u00f5es judiciais<\/strong><br \/>\nAl\u00e9m do laborat\u00f3rio, a Anatel quer ampliar parcerias com outros \u00f3rg\u00e3os para execu\u00e7\u00e3o de ordens judiciais de bloqueio dos aparelhos.<\/p>\n<p>\u201cA Anatel possui o cadastro completo dos prestadores de banda larga do pa\u00eds. Sabe quais s\u00e3o os mais relevantes quanto \u00e0 conectividade e \u00e0 quantidade de acessos e tem contato constante com os prestadores de servi\u00e7os de telecomunica\u00e7\u00f5es. Isso coloca a ag\u00eancia em uma posi\u00e7\u00e3o estrat\u00e9gica para a coordena\u00e7\u00e3o da execu\u00e7\u00e3o de decis\u00f5es de bloqueio, sejam administrativas ou judiciais. E essa coordena\u00e7\u00e3o se faz muito necess\u00e1ria em um ambiente aberto como a internet, em que h\u00e1 desde pequenos provedores de conex\u00e3o at\u00e9 grandes plataformas tecnol\u00f3gicas de com\u00e9rcio e de servi\u00e7os virtuais\u201d, explicou o superintendente.<\/p>\n","protected":false},"excerpt":{"rendered":"<p>A Ag\u00eancia Nacional de Telecomunica\u00e7\u00f5es (Anatel) acaba de inaugurar o Laborat\u00f3rio Antipirataria, especializado em analisar equipamentos TV Boxes usados para captar canais e conte\u00fados por assinatura de forma clandestina. A inciativa integra o Plano de A\u00e7\u00e3o para Combate ao Uso de Decodificadores Clandestinos do Servi\u00e7o de Acesso Condicionado (SeAC) e \u00e9 resultado de uma parceria [&hellip;]<\/p>\n","protected":false},"author":2,"featured_media":312049,"comment_status":"closed","ping_status":"closed","sticky":false,"template":"","format":"standard","meta":{"_acf_changed":false,"footnotes":""},"categories":[161],"tags":[95],"class_list":["post-312048","post","type-post","status-publish","format-standard","has-post-thumbnail","hentry","category-quadradinho-em-foco","tag-capa"],"acf":[],"yoast_head":"<!-- This site is optimized with the Yoast SEO plugin v27.2 - https:\/\/yoast.com\/product\/yoast-seo-wordpress\/ -->\n<title>Anatel cria laborat\u00f3rio para combater TV Box pirata - Notibras<\/title>\n<meta name=\"robots\" content=\"index, follow, max-snippet:-1, max-image-preview:large, max-video-preview:-1\" \/>\n<link rel=\"canonical\" href=\"https:\/\/www.notibras.com\/site\/anatel-cria-laboratorio-para-combater-tv-box-pirata\/\" \/>\n<meta property=\"og:locale\" content=\"pt_BR\" \/>\n<meta property=\"og:type\" content=\"article\" \/>\n<meta property=\"og:title\" content=\"Anatel cria laborat\u00f3rio para combater TV Box pirata - Notibras\" \/>\n<meta property=\"og:description\" content=\"A Ag\u00eancia Nacional de Telecomunica\u00e7\u00f5es (Anatel) acaba de inaugurar o Laborat\u00f3rio Antipirataria, especializado em analisar equipamentos TV Boxes usados para captar canais e conte\u00fados por assinatura de forma clandestina. A inciativa integra o Plano de A\u00e7\u00e3o para Combate ao Uso de Decodificadores Clandestinos do Servi\u00e7o de Acesso Condicionado (SeAC) e \u00e9 resultado de uma parceria [&hellip;]\" \/>\n<meta property=\"og:url\" content=\"https:\/\/www.notibras.com\/site\/anatel-cria-laboratorio-para-combater-tv-box-pirata\/\" \/>\n<meta property=\"og:site_name\" content=\"Notibras\" \/>\n<meta property=\"article:publisher\" content=\"https:\/\/www.facebook.com\/notibras\/\" \/>\n<meta property=\"article:published_time\" content=\"2023-09-02T03:01:41+00:00\" \/>\n<meta property=\"article:modified_time\" content=\"2023-09-02T04:26:28+00:00\" \/>\n<meta property=\"og:image\" content=\"https:\/\/www.notibras.com\/site\/wp-content\/uploads\/2023\/09\/alfandega_de_santos_-_foto_9.jpg\" \/>\n\t<meta property=\"og:image:width\" content=\"1170\" \/>\n\t<meta property=\"og:image:height\" content=\"700\" \/>\n\t<meta property=\"og:image:type\" content=\"image\/jpeg\" \/>\n<meta name=\"author\" content=\"Reda\u00e7\u00e3o\" \/>\n<meta name=\"twitter:card\" content=\"summary_large_image\" \/>\n<meta name=\"twitter:creator\" content=\"@Notibras\" \/>\n<meta name=\"twitter:site\" content=\"@Notibras\" \/>\n<meta name=\"twitter:label1\" content=\"Escrito por\" \/>\n\t<meta name=\"twitter:data1\" content=\"Reda\u00e7\u00e3o\" \/>\n\t<meta name=\"twitter:label2\" content=\"Est. tempo de leitura\" \/>\n\t<meta name=\"twitter:data2\" content=\"2 minutos\" \/>\n<script type=\"application\/ld+json\" class=\"yoast-schema-graph\">{\"@context\":\"https:\/\/schema.org\",\"@graph\":[{\"@type\":\"Article\",\"@id\":\"https:\/\/www.notibras.com\/site\/anatel-cria-laboratorio-para-combater-tv-box-pirata\/#article\",\"isPartOf\":{\"@id\":\"https:\/\/www.notibras.com\/site\/anatel-cria-laboratorio-para-combater-tv-box-pirata\/\"},\"author\":{\"name\":\"Reda\u00e7\u00e3o\",\"@id\":\"https:\/\/www.notibras.com\/site\/#\/schema\/person\/36ab0979449956132d3e5b517ea76ac8\"},\"headline\":\"Anatel cria laborat\u00f3rio para combater TV Box pirata\",\"datePublished\":\"2023-09-02T03:01:41+00:00\",\"dateModified\":\"2023-09-02T04:26:28+00:00\",\"mainEntityOfPage\":{\"@id\":\"https:\/\/www.notibras.com\/site\/anatel-cria-laboratorio-para-combater-tv-box-pirata\/\"},\"wordCount\":293,\"publisher\":{\"@id\":\"https:\/\/www.notibras.com\/site\/#organization\"},\"image\":{\"@id\":\"https:\/\/www.notibras.com\/site\/anatel-cria-laboratorio-para-combater-tv-box-pirata\/#primaryimage\"},\"thumbnailUrl\":\"https:\/\/www.notibras.com\/site\/wp-content\/uploads\/2023\/09\/alfandega_de_santos_-_foto_9.jpg\",\"keywords\":[\"capa\"],\"articleSection\":[\"Quadradinho em Foco\"],\"inLanguage\":\"pt-BR\"},{\"@type\":\"WebPage\",\"@id\":\"https:\/\/www.notibras.com\/site\/anatel-cria-laboratorio-para-combater-tv-box-pirata\/\",\"url\":\"https:\/\/www.notibras.com\/site\/anatel-cria-laboratorio-para-combater-tv-box-pirata\/\",\"name\":\"Anatel cria laborat\u00f3rio para combater TV Box pirata - Notibras\",\"isPartOf\":{\"@id\":\"https:\/\/www.notibras.com\/site\/#website\"},\"primaryImageOfPage\":{\"@id\":\"https:\/\/www.notibras.com\/site\/anatel-cria-laboratorio-para-combater-tv-box-pirata\/#primaryimage\"},\"image\":{\"@id\":\"https:\/\/www.notibras.com\/site\/anatel-cria-laboratorio-para-combater-tv-box-pirata\/#primaryimage\"},\"thumbnailUrl\":\"https:\/\/www.notibras.com\/site\/wp-content\/uploads\/2023\/09\/alfandega_de_santos_-_foto_9.jpg\",\"datePublished\":\"2023-09-02T03:01:41+00:00\",\"dateModified\":\"2023-09-02T04:26:28+00:00\",\"breadcrumb\":{\"@id\":\"https:\/\/www.notibras.com\/site\/anatel-cria-laboratorio-para-combater-tv-box-pirata\/#breadcrumb\"},\"inLanguage\":\"pt-BR\",\"potentialAction\":[{\"@type\":\"ReadAction\",\"target\":[\"https:\/\/www.notibras.com\/site\/anatel-cria-laboratorio-para-combater-tv-box-pirata\/\"]}]},{\"@type\":\"ImageObject\",\"inLanguage\":\"pt-BR\",\"@id\":\"https:\/\/www.notibras.com\/site\/anatel-cria-laboratorio-para-combater-tv-box-pirata\/#primaryimage\",\"url\":\"https:\/\/www.notibras.com\/site\/wp-content\/uploads\/2023\/09\/alfandega_de_santos_-_foto_9.jpg\",\"contentUrl\":\"https:\/\/www.notibras.com\/site\/wp-content\/uploads\/2023\/09\/alfandega_de_santos_-_foto_9.jpg\",\"width\":1170,\"height\":700,\"caption\":\"Desbloqueadores de TV por assinatura\"},{\"@type\":\"BreadcrumbList\",\"@id\":\"https:\/\/www.notibras.com\/site\/anatel-cria-laboratorio-para-combater-tv-box-pirata\/#breadcrumb\",\"itemListElement\":[{\"@type\":\"ListItem\",\"position\":1,\"name\":\"In\u00edcio\",\"item\":\"https:\/\/www.notibras.com\/site\/\"},{\"@type\":\"ListItem\",\"position\":2,\"name\":\"Anatel cria laborat\u00f3rio para combater TV Box pirata\"}]},{\"@type\":\"WebSite\",\"@id\":\"https:\/\/www.notibras.com\/site\/#website\",\"url\":\"https:\/\/www.notibras.com\/site\/\",\"name\":\"Notibras\",\"description\":\"Not\u00edcias de Bras\u00edlia, do Brasil e do Mundo\",\"publisher\":{\"@id\":\"https:\/\/www.notibras.com\/site\/#organization\"},\"potentialAction\":[{\"@type\":\"SearchAction\",\"target\":{\"@type\":\"EntryPoint\",\"urlTemplate\":\"https:\/\/www.notibras.com\/site\/?s={search_term_string}\"},\"query-input\":{\"@type\":\"PropertyValueSpecification\",\"valueRequired\":true,\"valueName\":\"search_term_string\"}}],\"inLanguage\":\"pt-BR\"},{\"@type\":\"Organization\",\"@id\":\"https:\/\/www.notibras.com\/site\/#organization\",\"name\":\"Grupo Notibras de Comunica\u00e7\u00e3o\",\"url\":\"https:\/\/www.notibras.com\/site\/\",\"logo\":{\"@type\":\"ImageObject\",\"inLanguage\":\"pt-BR\",\"@id\":\"https:\/\/www.notibras.com\/site\/#\/schema\/logo\/image\/\",\"url\":\"https:\/\/www.notibras.com\/site\/wp-content\/uploads\/2023\/01\/notibras23.png\",\"contentUrl\":\"https:\/\/www.notibras.com\/site\/wp-content\/uploads\/2023\/01\/notibras23.png\",\"width\":350,\"height\":87,\"caption\":\"Grupo Notibras de Comunica\u00e7\u00e3o\"},\"image\":{\"@id\":\"https:\/\/www.notibras.com\/site\/#\/schema\/logo\/image\/\"},\"sameAs\":[\"https:\/\/www.facebook.com\/notibras\/\",\"https:\/\/x.com\/Notibras\",\"https:\/\/www.instagram.com\/notibras\/\"]},{\"@type\":\"Person\",\"@id\":\"https:\/\/www.notibras.com\/site\/#\/schema\/person\/36ab0979449956132d3e5b517ea76ac8\",\"name\":\"Reda\u00e7\u00e3o\",\"image\":{\"@type\":\"ImageObject\",\"inLanguage\":\"pt-BR\",\"@id\":\"https:\/\/secure.gravatar.com\/avatar\/e0a867bdedb85fd243eadf09663511f96fc81e0720a4a42581f334ad4303aa6b?s=96&d=mm&r=g\",\"url\":\"https:\/\/secure.gravatar.com\/avatar\/e0a867bdedb85fd243eadf09663511f96fc81e0720a4a42581f334ad4303aa6b?s=96&d=mm&r=g\",\"contentUrl\":\"https:\/\/secure.gravatar.com\/avatar\/e0a867bdedb85fd243eadf09663511f96fc81e0720a4a42581f334ad4303aa6b?s=96&d=mm&r=g\",\"caption\":\"Reda\u00e7\u00e3o\"}}]}<\/script>\n<!-- \/ Yoast SEO plugin. -->","yoast_head_json":{"title":"Anatel cria laborat\u00f3rio para combater TV Box pirata - Notibras","robots":{"index":"index","follow":"follow","max-snippet":"max-snippet:-1","max-image-preview":"max-image-preview:large","max-video-preview":"max-video-preview:-1"},"canonical":"https:\/\/www.notibras.com\/site\/anatel-cria-laboratorio-para-combater-tv-box-pirata\/","og_locale":"pt_BR","og_type":"article","og_title":"Anatel cria laborat\u00f3rio para combater TV Box pirata - Notibras","og_description":"A Ag\u00eancia Nacional de Telecomunica\u00e7\u00f5es (Anatel) acaba de inaugurar o Laborat\u00f3rio Antipirataria, especializado em analisar equipamentos TV Boxes usados para captar canais e conte\u00fados por assinatura de forma clandestina. A inciativa integra o Plano de A\u00e7\u00e3o para Combate ao Uso de Decodificadores Clandestinos do Servi\u00e7o de Acesso Condicionado (SeAC) e \u00e9 resultado de uma parceria [&hellip;]","og_url":"https:\/\/www.notibras.com\/site\/anatel-cria-laboratorio-para-combater-tv-box-pirata\/","og_site_name":"Notibras","article_publisher":"https:\/\/www.facebook.com\/notibras\/","article_published_time":"2023-09-02T03:01:41+00:00","article_modified_time":"2023-09-02T04:26:28+00:00","og_image":[{"width":1170,"height":700,"url":"https:\/\/www.notibras.com\/site\/wp-content\/uploads\/2023\/09\/alfandega_de_santos_-_foto_9.jpg","type":"image\/jpeg"}],"author":"Reda\u00e7\u00e3o","twitter_card":"summary_large_image","twitter_creator":"@Notibras","twitter_site":"@Notibras","twitter_misc":{"Escrito por":"Reda\u00e7\u00e3o","Est. tempo de leitura":"2 minutos"},"schema":{"@context":"https:\/\/schema.org","@graph":[{"@type":"Article","@id":"https:\/\/www.notibras.com\/site\/anatel-cria-laboratorio-para-combater-tv-box-pirata\/#article","isPartOf":{"@id":"https:\/\/www.notibras.com\/site\/anatel-cria-laboratorio-para-combater-tv-box-pirata\/"},"author":{"name":"Reda\u00e7\u00e3o","@id":"https:\/\/www.notibras.com\/site\/#\/schema\/person\/36ab0979449956132d3e5b517ea76ac8"},"headline":"Anatel cria laborat\u00f3rio para combater TV Box pirata","datePublished":"2023-09-02T03:01:41+00:00","dateModified":"2023-09-02T04:26:28+00:00","mainEntityOfPage":{"@id":"https:\/\/www.notibras.com\/site\/anatel-cria-laboratorio-para-combater-tv-box-pirata\/"},"wordCount":293,"publisher":{"@id":"https:\/\/www.notibras.com\/site\/#organization"},"image":{"@id":"https:\/\/www.notibras.com\/site\/anatel-cria-laboratorio-para-combater-tv-box-pirata\/#primaryimage"},"thumbnailUrl":"https:\/\/www.notibras.com\/site\/wp-content\/uploads\/2023\/09\/alfandega_de_santos_-_foto_9.jpg","keywords":["capa"],"articleSection":["Quadradinho em Foco"],"inLanguage":"pt-BR"},{"@type":"WebPage","@id":"https:\/\/www.notibras.com\/site\/anatel-cria-laboratorio-para-combater-tv-box-pirata\/","url":"https:\/\/www.notibras.com\/site\/anatel-cria-laboratorio-para-combater-tv-box-pirata\/","name":"Anatel cria laborat\u00f3rio para combater TV Box pirata - Notibras","isPartOf":{"@id":"https:\/\/www.notibras.com\/site\/#website"},"primaryImageOfPage":{"@id":"https:\/\/www.notibras.com\/site\/anatel-cria-laboratorio-para-combater-tv-box-pirata\/#primaryimage"},"image":{"@id":"https:\/\/www.notibras.com\/site\/anatel-cria-laboratorio-para-combater-tv-box-pirata\/#primaryimage"},"thumbnailUrl":"https:\/\/www.notibras.com\/site\/wp-content\/uploads\/2023\/09\/alfandega_de_santos_-_foto_9.jpg","datePublished":"2023-09-02T03:01:41+00:00","dateModified":"2023-09-02T04:26:28+00:00","breadcrumb":{"@id":"https:\/\/www.notibras.com\/site\/anatel-cria-laboratorio-para-combater-tv-box-pirata\/#breadcrumb"},"inLanguage":"pt-BR","potentialAction":[{"@type":"ReadAction","target":["https:\/\/www.notibras.com\/site\/anatel-cria-laboratorio-para-combater-tv-box-pirata\/"]}]},{"@type":"ImageObject","inLanguage":"pt-BR","@id":"https:\/\/www.notibras.com\/site\/anatel-cria-laboratorio-para-combater-tv-box-pirata\/#primaryimage","url":"https:\/\/www.notibras.com\/site\/wp-content\/uploads\/2023\/09\/alfandega_de_santos_-_foto_9.jpg","contentUrl":"https:\/\/www.notibras.com\/site\/wp-content\/uploads\/2023\/09\/alfandega_de_santos_-_foto_9.jpg","width":1170,"height":700,"caption":"Desbloqueadores de TV por assinatura"},{"@type":"BreadcrumbList","@id":"https:\/\/www.notibras.com\/site\/anatel-cria-laboratorio-para-combater-tv-box-pirata\/#breadcrumb","itemListElement":[{"@type":"ListItem","position":1,"name":"In\u00edcio","item":"https:\/\/www.notibras.com\/site\/"},{"@type":"ListItem","position":2,"name":"Anatel cria laborat\u00f3rio para combater TV Box pirata"}]},{"@type":"WebSite","@id":"https:\/\/www.notibras.com\/site\/#website","url":"https:\/\/www.notibras.com\/site\/","name":"Notibras","description":"Not\u00edcias de Bras\u00edlia, do Brasil e do Mundo","publisher":{"@id":"https:\/\/www.notibras.com\/site\/#organization"},"potentialAction":[{"@type":"SearchAction","target":{"@type":"EntryPoint","urlTemplate":"https:\/\/www.notibras.com\/site\/?s={search_term_string}"},"query-input":{"@type":"PropertyValueSpecification","valueRequired":true,"valueName":"search_term_string"}}],"inLanguage":"pt-BR"},{"@type":"Organization","@id":"https:\/\/www.notibras.com\/site\/#organization","name":"Grupo Notibras de Comunica\u00e7\u00e3o","url":"https:\/\/www.notibras.com\/site\/","logo":{"@type":"ImageObject","inLanguage":"pt-BR","@id":"https:\/\/www.notibras.com\/site\/#\/schema\/logo\/image\/","url":"https:\/\/www.notibras.com\/site\/wp-content\/uploads\/2023\/01\/notibras23.png","contentUrl":"https:\/\/www.notibras.com\/site\/wp-content\/uploads\/2023\/01\/notibras23.png","width":350,"height":87,"caption":"Grupo Notibras de Comunica\u00e7\u00e3o"},"image":{"@id":"https:\/\/www.notibras.com\/site\/#\/schema\/logo\/image\/"},"sameAs":["https:\/\/www.facebook.com\/notibras\/","https:\/\/x.com\/Notibras","https:\/\/www.instagram.com\/notibras\/"]},{"@type":"Person","@id":"https:\/\/www.notibras.com\/site\/#\/schema\/person\/36ab0979449956132d3e5b517ea76ac8","name":"Reda\u00e7\u00e3o","image":{"@type":"ImageObject","inLanguage":"pt-BR","@id":"https:\/\/secure.gravatar.com\/avatar\/e0a867bdedb85fd243eadf09663511f96fc81e0720a4a42581f334ad4303aa6b?s=96&d=mm&r=g","url":"https:\/\/secure.gravatar.com\/avatar\/e0a867bdedb85fd243eadf09663511f96fc81e0720a4a42581f334ad4303aa6b?s=96&d=mm&r=g","contentUrl":"https:\/\/secure.gravatar.com\/avatar\/e0a867bdedb85fd243eadf09663511f96fc81e0720a4a42581f334ad4303aa6b?s=96&d=mm&r=g","caption":"Reda\u00e7\u00e3o"}}]}},"amp_enabled":true,"_links":{"self":[{"href":"https:\/\/www.notibras.com\/site\/wp-json\/wp\/v2\/posts\/312048","targetHints":{"allow":["GET"]}}],"collection":[{"href":"https:\/\/www.notibras.com\/site\/wp-json\/wp\/v2\/posts"}],"about":[{"href":"https:\/\/www.notibras.com\/site\/wp-json\/wp\/v2\/types\/post"}],"author":[{"embeddable":true,"href":"https:\/\/www.notibras.com\/site\/wp-json\/wp\/v2\/users\/2"}],"replies":[{"embeddable":true,"href":"https:\/\/www.notibras.com\/site\/wp-json\/wp\/v2\/comments?post=312048"}],"version-history":[{"count":1,"href":"https:\/\/www.notibras.com\/site\/wp-json\/wp\/v2\/posts\/312048\/revisions"}],"predecessor-version":[{"id":312050,"href":"https:\/\/www.notibras.com\/site\/wp-json\/wp\/v2\/posts\/312048\/revisions\/312050"}],"wp:featuredmedia":[{"embeddable":true,"href":"https:\/\/www.notibras.com\/site\/wp-json\/wp\/v2\/media\/312049"}],"wp:attachment":[{"href":"https:\/\/www.notibras.com\/site\/wp-json\/wp\/v2\/media?parent=312048"}],"wp:term":[{"taxonomy":"category","embeddable":true,"href":"https:\/\/www.notibras.com\/site\/wp-json\/wp\/v2\/categories?post=312048"},{"taxonomy":"post_tag","embeddable":true,"href":"https:\/\/www.notibras.com\/site\/wp-json\/wp\/v2\/tags?post=312048"}],"curies":[{"name":"wp","href":"https:\/\/api.w.org\/{rel}","templated":true}]}}