{"id":312083,"date":"2023-09-03T07:18:34","date_gmt":"2023-09-03T10:18:34","guid":{"rendered":"https:\/\/www.notibras.com\/site\/?p=312083"},"modified":"2023-09-03T07:18:34","modified_gmt":"2023-09-03T10:18:34","slug":"consumo-nos-lares-tem-aumento-de-424","status":"publish","type":"post","link":"https:\/\/www.notibras.com\/site\/consumo-nos-lares-tem-aumento-de-424\/","title":{"rendered":"Consumo nos lares tem aumento de 4,24%"},"content":{"rendered":"<p>O Consumo nos lares, medido pela Associa\u00e7\u00e3o Brasileira de Supermercados (Abras), registrou alta de 4,24% em julho, na compara\u00e7\u00e3o com o m\u00eas anterior. Em rela\u00e7\u00e3o a julho do ano passado, o aumento \u00e9 de 3,37% e, no acumulado do ano, de 2,52%. Os resultados contemplas estabelecimentos nos formatos atacarejo, supermercado convencional, loja de vizinhan\u00e7a, hipermercado, minimercado e e-commerce. Todos os indicadores s\u00e3o deflacionados pelo \u00cdndice Nacional de Pre\u00e7os ao Consumidor Amplo (IPCA), medido pelo Instituto Brasileiro de Geografia e Estat\u00edstica (IBGE).<\/p>\n<p>Segundo o vice-presidente da Abras, Marcio Milan, a queda expressiva nos pre\u00e7os dos alimentos para consumo no domic\u00edlio em julho sinalizou mais uma vez que as medidas de combate \u00e0 infla\u00e7\u00e3o precisam ser mantidas. \u201cA busca por produtos de pre\u00e7os mais baixos reflete o comportamento de 54% dos brasileiros no momento de compor a cesta de abastecimento dos lares\u201d, analisou Milan.<\/p>\n<p>De acordo com a Abras, os pre\u00e7os dos hortifrutigranjeiros, das carnes, dos latic\u00ednios e dos alimentos industrializados devem ser elevados em fun\u00e7\u00e3o dos aumentos de pre\u00e7os dos combust\u00edveis, principalmente o \u00f3leo diesel. \u201cAl\u00e9m dos repasses imediatos pelos fornecedores, a reonera\u00e7\u00e3o dos combust\u00edveis prevista para o in\u00edcio de setembro deve pressionar ainda mais o pre\u00e7o dos produtos no varejo. Com essa medida, o diesel passa a ter PIS\/Cofins de R$ 0,11 por litro em setembro e mais R$ 0,03 por litro em outubro\u201d, diz a Abras.<\/p>\n<p>Os dados da associa\u00e7\u00e3o indicam que o valor da cesta de 35 produtos de largo consumo (alimentos, bebidas, carnes, produtos de limpeza, itens de higiene e beleza) em julho teve queda de 1,51% na compara\u00e7\u00e3o com junho. Em m\u00e9dia, os pre\u00e7os da cesta baixaram de R$ 741,23 para R$ 730,06, menor valor registrado desde fevereiro de 2022 (R$719,06). Na an\u00e1lise regional, a maior queda ocorreu na Regi\u00e3o Sudeste (-1,58%), seguida do Sul (-1,13%), Nordeste (-1,13%), Norte (-1,05%) e Centro-Oeste (-1%). A principal contribui\u00e7\u00e3o para a queda partiu dos pre\u00e7os dos produtos l\u00e1cteos, da prote\u00edna animal e a menor press\u00e3o das cestas de higiene e de limpeza.<\/p>\n<p>Segundo o levantamento, as quedas na cesta de l\u00e1cteos foram puxadas por leite longa vida (-1,86%), leite em p\u00f3 (-0,48%), margarina cremosa (-0,13%), queijos mu\u00e7arela e prato (-0,20%). As carnes seguiram a tend\u00eancia de queda registrada no primeiro semestre com recuos em cortes do dianteiro (-2,47%), cortes do traseiro (-2,44%), frango congelado (-2,27%) e pernil (-1,44%). Os ovos apresentaram estabilidade nos pre\u00e7os (0,01%) pela primeira vez em 2023.<\/p>\n<p>Entre os itens b\u00e1sicos, a \u00fanica alta foi puxada por a\u00e7\u00facar refinado (+1,58%). A queda mais expressiva foi registrada no pre\u00e7o do feij\u00e3o (-9,24%), seguido de \u00f3leo de soja (-4,77%), caf\u00e9 torrado e mo\u00eddo (-1,58%), farinha de mandioca (-1,54%). Na cesta de higiene e beleza, as principais quedas foram registradas em xampu (-0,69%), sabonete (- 0,11%) e papel higi\u00eanico (-0,03%). Em limpeza, o sab\u00e3o em p\u00f3 registrou queda de 0,80% nos pre\u00e7os.<\/p>\n","protected":false},"excerpt":{"rendered":"<p>O Consumo nos lares, medido pela Associa\u00e7\u00e3o Brasileira de Supermercados (Abras), registrou alta de 4,24% em julho, na compara\u00e7\u00e3o com o m\u00eas anterior. Em rela\u00e7\u00e3o a julho do ano passado, o aumento \u00e9 de 3,37% e, no acumulado do ano, de 2,52%. Os resultados contemplas estabelecimentos nos formatos atacarejo, supermercado convencional, loja de vizinhan\u00e7a, hipermercado, [&hellip;]<\/p>\n","protected":false},"author":2,"featured_media":312084,"comment_status":"closed","ping_status":"closed","sticky":false,"template":"","format":"standard","meta":{"_acf_changed":false,"footnotes":""},"categories":[161],"tags":[],"class_list":["post-312083","post","type-post","status-publish","format-standard","has-post-thumbnail","hentry","category-quadradinho-em-foco"],"acf":[],"yoast_head":"<!-- This site is optimized with the Yoast SEO plugin v27.2 - https:\/\/yoast.com\/product\/yoast-seo-wordpress\/ -->\n<title>Consumo nos lares tem aumento de 4,24% - Notibras<\/title>\n<meta name=\"robots\" content=\"index, follow, max-snippet:-1, max-image-preview:large, max-video-preview:-1\" \/>\n<link rel=\"canonical\" href=\"https:\/\/www.notibras.com\/site\/consumo-nos-lares-tem-aumento-de-424\/\" \/>\n<meta property=\"og:locale\" content=\"pt_BR\" \/>\n<meta property=\"og:type\" content=\"article\" \/>\n<meta property=\"og:title\" content=\"Consumo nos lares tem aumento de 4,24% - Notibras\" \/>\n<meta property=\"og:description\" content=\"O Consumo nos lares, medido pela Associa\u00e7\u00e3o Brasileira de Supermercados (Abras), registrou alta de 4,24% em julho, na compara\u00e7\u00e3o com o m\u00eas anterior. Em rela\u00e7\u00e3o a julho do ano passado, o aumento \u00e9 de 3,37% e, no acumulado do ano, de 2,52%. Os resultados contemplas estabelecimentos nos formatos atacarejo, supermercado convencional, loja de vizinhan\u00e7a, hipermercado, [&hellip;]\" \/>\n<meta property=\"og:url\" content=\"https:\/\/www.notibras.com\/site\/consumo-nos-lares-tem-aumento-de-424\/\" \/>\n<meta property=\"og:site_name\" content=\"Notibras\" \/>\n<meta property=\"article:publisher\" content=\"https:\/\/www.facebook.com\/notibras\/\" \/>\n<meta property=\"article:published_time\" content=\"2023-09-03T10:18:34+00:00\" \/>\n<meta property=\"og:image\" content=\"https:\/\/www.notibras.com\/site\/wp-content\/uploads\/2023\/09\/supermercados_dia_8-7.jpg\" \/>\n\t<meta property=\"og:image:width\" content=\"1170\" \/>\n\t<meta property=\"og:image:height\" content=\"700\" \/>\n\t<meta property=\"og:image:type\" content=\"image\/jpeg\" \/>\n<meta name=\"author\" content=\"Reda\u00e7\u00e3o\" \/>\n<meta name=\"twitter:card\" content=\"summary_large_image\" \/>\n<meta name=\"twitter:creator\" content=\"@Notibras\" \/>\n<meta name=\"twitter:site\" content=\"@Notibras\" \/>\n<meta name=\"twitter:label1\" content=\"Escrito por\" \/>\n\t<meta name=\"twitter:data1\" content=\"Reda\u00e7\u00e3o\" \/>\n\t<meta name=\"twitter:label2\" content=\"Est. tempo de leitura\" \/>\n\t<meta name=\"twitter:data2\" content=\"3 minutos\" \/>\n<script type=\"application\/ld+json\" class=\"yoast-schema-graph\">{\"@context\":\"https:\/\/schema.org\",\"@graph\":[{\"@type\":\"Article\",\"@id\":\"https:\/\/www.notibras.com\/site\/consumo-nos-lares-tem-aumento-de-424\/#article\",\"isPartOf\":{\"@id\":\"https:\/\/www.notibras.com\/site\/consumo-nos-lares-tem-aumento-de-424\/\"},\"author\":{\"name\":\"Reda\u00e7\u00e3o\",\"@id\":\"https:\/\/www.notibras.com\/site\/#\/schema\/person\/36ab0979449956132d3e5b517ea76ac8\"},\"headline\":\"Consumo nos lares tem aumento de 4,24%\",\"datePublished\":\"2023-09-03T10:18:34+00:00\",\"mainEntityOfPage\":{\"@id\":\"https:\/\/www.notibras.com\/site\/consumo-nos-lares-tem-aumento-de-424\/\"},\"wordCount\":507,\"publisher\":{\"@id\":\"https:\/\/www.notibras.com\/site\/#organization\"},\"image\":{\"@id\":\"https:\/\/www.notibras.com\/site\/consumo-nos-lares-tem-aumento-de-424\/#primaryimage\"},\"thumbnailUrl\":\"https:\/\/www.notibras.com\/site\/wp-content\/uploads\/2023\/09\/supermercados_dia_8-7.jpg\",\"articleSection\":[\"Quadradinho em Foco\"],\"inLanguage\":\"pt-BR\"},{\"@type\":\"WebPage\",\"@id\":\"https:\/\/www.notibras.com\/site\/consumo-nos-lares-tem-aumento-de-424\/\",\"url\":\"https:\/\/www.notibras.com\/site\/consumo-nos-lares-tem-aumento-de-424\/\",\"name\":\"Consumo nos lares tem aumento de 4,24% - Notibras\",\"isPartOf\":{\"@id\":\"https:\/\/www.notibras.com\/site\/#website\"},\"primaryImageOfPage\":{\"@id\":\"https:\/\/www.notibras.com\/site\/consumo-nos-lares-tem-aumento-de-424\/#primaryimage\"},\"image\":{\"@id\":\"https:\/\/www.notibras.com\/site\/consumo-nos-lares-tem-aumento-de-424\/#primaryimage\"},\"thumbnailUrl\":\"https:\/\/www.notibras.com\/site\/wp-content\/uploads\/2023\/09\/supermercados_dia_8-7.jpg\",\"datePublished\":\"2023-09-03T10:18:34+00:00\",\"breadcrumb\":{\"@id\":\"https:\/\/www.notibras.com\/site\/consumo-nos-lares-tem-aumento-de-424\/#breadcrumb\"},\"inLanguage\":\"pt-BR\",\"potentialAction\":[{\"@type\":\"ReadAction\",\"target\":[\"https:\/\/www.notibras.com\/site\/consumo-nos-lares-tem-aumento-de-424\/\"]}]},{\"@type\":\"ImageObject\",\"inLanguage\":\"pt-BR\",\"@id\":\"https:\/\/www.notibras.com\/site\/consumo-nos-lares-tem-aumento-de-424\/#primaryimage\",\"url\":\"https:\/\/www.notibras.com\/site\/wp-content\/uploads\/2023\/09\/supermercados_dia_8-7.jpg\",\"contentUrl\":\"https:\/\/www.notibras.com\/site\/wp-content\/uploads\/2023\/09\/supermercados_dia_8-7.jpg\",\"width\":1170,\"height\":700},{\"@type\":\"BreadcrumbList\",\"@id\":\"https:\/\/www.notibras.com\/site\/consumo-nos-lares-tem-aumento-de-424\/#breadcrumb\",\"itemListElement\":[{\"@type\":\"ListItem\",\"position\":1,\"name\":\"In\u00edcio\",\"item\":\"https:\/\/www.notibras.com\/site\/\"},{\"@type\":\"ListItem\",\"position\":2,\"name\":\"Consumo nos lares tem aumento de 4,24%\"}]},{\"@type\":\"WebSite\",\"@id\":\"https:\/\/www.notibras.com\/site\/#website\",\"url\":\"https:\/\/www.notibras.com\/site\/\",\"name\":\"Notibras\",\"description\":\"Not\u00edcias de Bras\u00edlia, do Brasil e do Mundo\",\"publisher\":{\"@id\":\"https:\/\/www.notibras.com\/site\/#organization\"},\"potentialAction\":[{\"@type\":\"SearchAction\",\"target\":{\"@type\":\"EntryPoint\",\"urlTemplate\":\"https:\/\/www.notibras.com\/site\/?s={search_term_string}\"},\"query-input\":{\"@type\":\"PropertyValueSpecification\",\"valueRequired\":true,\"valueName\":\"search_term_string\"}}],\"inLanguage\":\"pt-BR\"},{\"@type\":\"Organization\",\"@id\":\"https:\/\/www.notibras.com\/site\/#organization\",\"name\":\"Grupo Notibras de Comunica\u00e7\u00e3o\",\"url\":\"https:\/\/www.notibras.com\/site\/\",\"logo\":{\"@type\":\"ImageObject\",\"inLanguage\":\"pt-BR\",\"@id\":\"https:\/\/www.notibras.com\/site\/#\/schema\/logo\/image\/\",\"url\":\"https:\/\/www.notibras.com\/site\/wp-content\/uploads\/2023\/01\/notibras23.png\",\"contentUrl\":\"https:\/\/www.notibras.com\/site\/wp-content\/uploads\/2023\/01\/notibras23.png\",\"width\":350,\"height\":87,\"caption\":\"Grupo Notibras de Comunica\u00e7\u00e3o\"},\"image\":{\"@id\":\"https:\/\/www.notibras.com\/site\/#\/schema\/logo\/image\/\"},\"sameAs\":[\"https:\/\/www.facebook.com\/notibras\/\",\"https:\/\/x.com\/Notibras\",\"https:\/\/www.instagram.com\/notibras\/\"]},{\"@type\":\"Person\",\"@id\":\"https:\/\/www.notibras.com\/site\/#\/schema\/person\/36ab0979449956132d3e5b517ea76ac8\",\"name\":\"Reda\u00e7\u00e3o\",\"image\":{\"@type\":\"ImageObject\",\"inLanguage\":\"pt-BR\",\"@id\":\"https:\/\/secure.gravatar.com\/avatar\/e0a867bdedb85fd243eadf09663511f96fc81e0720a4a42581f334ad4303aa6b?s=96&d=mm&r=g\",\"url\":\"https:\/\/secure.gravatar.com\/avatar\/e0a867bdedb85fd243eadf09663511f96fc81e0720a4a42581f334ad4303aa6b?s=96&d=mm&r=g\",\"contentUrl\":\"https:\/\/secure.gravatar.com\/avatar\/e0a867bdedb85fd243eadf09663511f96fc81e0720a4a42581f334ad4303aa6b?s=96&d=mm&r=g\",\"caption\":\"Reda\u00e7\u00e3o\"}}]}<\/script>\n<!-- \/ Yoast SEO plugin. -->","yoast_head_json":{"title":"Consumo nos lares tem aumento de 4,24% - Notibras","robots":{"index":"index","follow":"follow","max-snippet":"max-snippet:-1","max-image-preview":"max-image-preview:large","max-video-preview":"max-video-preview:-1"},"canonical":"https:\/\/www.notibras.com\/site\/consumo-nos-lares-tem-aumento-de-424\/","og_locale":"pt_BR","og_type":"article","og_title":"Consumo nos lares tem aumento de 4,24% - Notibras","og_description":"O Consumo nos lares, medido pela Associa\u00e7\u00e3o Brasileira de Supermercados (Abras), registrou alta de 4,24% em julho, na compara\u00e7\u00e3o com o m\u00eas anterior. Em rela\u00e7\u00e3o a julho do ano passado, o aumento \u00e9 de 3,37% e, no acumulado do ano, de 2,52%. Os resultados contemplas estabelecimentos nos formatos atacarejo, supermercado convencional, loja de vizinhan\u00e7a, hipermercado, [&hellip;]","og_url":"https:\/\/www.notibras.com\/site\/consumo-nos-lares-tem-aumento-de-424\/","og_site_name":"Notibras","article_publisher":"https:\/\/www.facebook.com\/notibras\/","article_published_time":"2023-09-03T10:18:34+00:00","og_image":[{"width":1170,"height":700,"url":"https:\/\/www.notibras.com\/site\/wp-content\/uploads\/2023\/09\/supermercados_dia_8-7.jpg","type":"image\/jpeg"}],"author":"Reda\u00e7\u00e3o","twitter_card":"summary_large_image","twitter_creator":"@Notibras","twitter_site":"@Notibras","twitter_misc":{"Escrito por":"Reda\u00e7\u00e3o","Est. tempo de leitura":"3 minutos"},"schema":{"@context":"https:\/\/schema.org","@graph":[{"@type":"Article","@id":"https:\/\/www.notibras.com\/site\/consumo-nos-lares-tem-aumento-de-424\/#article","isPartOf":{"@id":"https:\/\/www.notibras.com\/site\/consumo-nos-lares-tem-aumento-de-424\/"},"author":{"name":"Reda\u00e7\u00e3o","@id":"https:\/\/www.notibras.com\/site\/#\/schema\/person\/36ab0979449956132d3e5b517ea76ac8"},"headline":"Consumo nos lares tem aumento de 4,24%","datePublished":"2023-09-03T10:18:34+00:00","mainEntityOfPage":{"@id":"https:\/\/www.notibras.com\/site\/consumo-nos-lares-tem-aumento-de-424\/"},"wordCount":507,"publisher":{"@id":"https:\/\/www.notibras.com\/site\/#organization"},"image":{"@id":"https:\/\/www.notibras.com\/site\/consumo-nos-lares-tem-aumento-de-424\/#primaryimage"},"thumbnailUrl":"https:\/\/www.notibras.com\/site\/wp-content\/uploads\/2023\/09\/supermercados_dia_8-7.jpg","articleSection":["Quadradinho em Foco"],"inLanguage":"pt-BR"},{"@type":"WebPage","@id":"https:\/\/www.notibras.com\/site\/consumo-nos-lares-tem-aumento-de-424\/","url":"https:\/\/www.notibras.com\/site\/consumo-nos-lares-tem-aumento-de-424\/","name":"Consumo nos lares tem aumento de 4,24% - Notibras","isPartOf":{"@id":"https:\/\/www.notibras.com\/site\/#website"},"primaryImageOfPage":{"@id":"https:\/\/www.notibras.com\/site\/consumo-nos-lares-tem-aumento-de-424\/#primaryimage"},"image":{"@id":"https:\/\/www.notibras.com\/site\/consumo-nos-lares-tem-aumento-de-424\/#primaryimage"},"thumbnailUrl":"https:\/\/www.notibras.com\/site\/wp-content\/uploads\/2023\/09\/supermercados_dia_8-7.jpg","datePublished":"2023-09-03T10:18:34+00:00","breadcrumb":{"@id":"https:\/\/www.notibras.com\/site\/consumo-nos-lares-tem-aumento-de-424\/#breadcrumb"},"inLanguage":"pt-BR","potentialAction":[{"@type":"ReadAction","target":["https:\/\/www.notibras.com\/site\/consumo-nos-lares-tem-aumento-de-424\/"]}]},{"@type":"ImageObject","inLanguage":"pt-BR","@id":"https:\/\/www.notibras.com\/site\/consumo-nos-lares-tem-aumento-de-424\/#primaryimage","url":"https:\/\/www.notibras.com\/site\/wp-content\/uploads\/2023\/09\/supermercados_dia_8-7.jpg","contentUrl":"https:\/\/www.notibras.com\/site\/wp-content\/uploads\/2023\/09\/supermercados_dia_8-7.jpg","width":1170,"height":700},{"@type":"BreadcrumbList","@id":"https:\/\/www.notibras.com\/site\/consumo-nos-lares-tem-aumento-de-424\/#breadcrumb","itemListElement":[{"@type":"ListItem","position":1,"name":"In\u00edcio","item":"https:\/\/www.notibras.com\/site\/"},{"@type":"ListItem","position":2,"name":"Consumo nos lares tem aumento de 4,24%"}]},{"@type":"WebSite","@id":"https:\/\/www.notibras.com\/site\/#website","url":"https:\/\/www.notibras.com\/site\/","name":"Notibras","description":"Not\u00edcias de Bras\u00edlia, do Brasil e do Mundo","publisher":{"@id":"https:\/\/www.notibras.com\/site\/#organization"},"potentialAction":[{"@type":"SearchAction","target":{"@type":"EntryPoint","urlTemplate":"https:\/\/www.notibras.com\/site\/?s={search_term_string}"},"query-input":{"@type":"PropertyValueSpecification","valueRequired":true,"valueName":"search_term_string"}}],"inLanguage":"pt-BR"},{"@type":"Organization","@id":"https:\/\/www.notibras.com\/site\/#organization","name":"Grupo Notibras de Comunica\u00e7\u00e3o","url":"https:\/\/www.notibras.com\/site\/","logo":{"@type":"ImageObject","inLanguage":"pt-BR","@id":"https:\/\/www.notibras.com\/site\/#\/schema\/logo\/image\/","url":"https:\/\/www.notibras.com\/site\/wp-content\/uploads\/2023\/01\/notibras23.png","contentUrl":"https:\/\/www.notibras.com\/site\/wp-content\/uploads\/2023\/01\/notibras23.png","width":350,"height":87,"caption":"Grupo Notibras de Comunica\u00e7\u00e3o"},"image":{"@id":"https:\/\/www.notibras.com\/site\/#\/schema\/logo\/image\/"},"sameAs":["https:\/\/www.facebook.com\/notibras\/","https:\/\/x.com\/Notibras","https:\/\/www.instagram.com\/notibras\/"]},{"@type":"Person","@id":"https:\/\/www.notibras.com\/site\/#\/schema\/person\/36ab0979449956132d3e5b517ea76ac8","name":"Reda\u00e7\u00e3o","image":{"@type":"ImageObject","inLanguage":"pt-BR","@id":"https:\/\/secure.gravatar.com\/avatar\/e0a867bdedb85fd243eadf09663511f96fc81e0720a4a42581f334ad4303aa6b?s=96&d=mm&r=g","url":"https:\/\/secure.gravatar.com\/avatar\/e0a867bdedb85fd243eadf09663511f96fc81e0720a4a42581f334ad4303aa6b?s=96&d=mm&r=g","contentUrl":"https:\/\/secure.gravatar.com\/avatar\/e0a867bdedb85fd243eadf09663511f96fc81e0720a4a42581f334ad4303aa6b?s=96&d=mm&r=g","caption":"Reda\u00e7\u00e3o"}}]}},"amp_enabled":true,"_links":{"self":[{"href":"https:\/\/www.notibras.com\/site\/wp-json\/wp\/v2\/posts\/312083","targetHints":{"allow":["GET"]}}],"collection":[{"href":"https:\/\/www.notibras.com\/site\/wp-json\/wp\/v2\/posts"}],"about":[{"href":"https:\/\/www.notibras.com\/site\/wp-json\/wp\/v2\/types\/post"}],"author":[{"embeddable":true,"href":"https:\/\/www.notibras.com\/site\/wp-json\/wp\/v2\/users\/2"}],"replies":[{"embeddable":true,"href":"https:\/\/www.notibras.com\/site\/wp-json\/wp\/v2\/comments?post=312083"}],"version-history":[{"count":1,"href":"https:\/\/www.notibras.com\/site\/wp-json\/wp\/v2\/posts\/312083\/revisions"}],"predecessor-version":[{"id":312085,"href":"https:\/\/www.notibras.com\/site\/wp-json\/wp\/v2\/posts\/312083\/revisions\/312085"}],"wp:featuredmedia":[{"embeddable":true,"href":"https:\/\/www.notibras.com\/site\/wp-json\/wp\/v2\/media\/312084"}],"wp:attachment":[{"href":"https:\/\/www.notibras.com\/site\/wp-json\/wp\/v2\/media?parent=312083"}],"wp:term":[{"taxonomy":"category","embeddable":true,"href":"https:\/\/www.notibras.com\/site\/wp-json\/wp\/v2\/categories?post=312083"},{"taxonomy":"post_tag","embeddable":true,"href":"https:\/\/www.notibras.com\/site\/wp-json\/wp\/v2\/tags?post=312083"}],"curies":[{"name":"wp","href":"https:\/\/api.w.org\/{rel}","templated":true}]}}