{"id":312107,"date":"2023-09-03T00:00:30","date_gmt":"2023-09-03T03:00:30","guid":{"rendered":"https:\/\/www.notibras.com\/site\/?p=312107"},"modified":"2023-09-03T08:50:39","modified_gmt":"2023-09-03T11:50:39","slug":"campanha-conscientiza-sobre-prevencao-ao-suicidio","status":"publish","type":"post","link":"https:\/\/www.notibras.com\/site\/campanha-conscientiza-sobre-prevencao-ao-suicidio\/","title":{"rendered":"Campanha conscientiza sobre preven\u00e7\u00e3o ao suic\u00eddio"},"content":{"rendered":"<p>O m\u00eas de setembro marca a campanha de conscientiza\u00e7\u00e3o sobre preven\u00e7\u00e3o ao suic\u00eddio, denominada Setembro Amarelo. A proposta \u00e9 chamar a aten\u00e7\u00e3o para a import\u00e2ncia de discutir e promover a\u00e7\u00f5es sobre o suic\u00eddio. O tema da campanha este ano \u00e9 Se precisar, pe\u00e7a ajuda!<\/p>\n<p>Dados da Organiza\u00e7\u00e3o Mundial da Sa\u00fade (OMS) indicam que, todos os anos, s\u00e3o registrados mais de 700 mil suic\u00eddios em todo o mundo. A entidade alerta ainda para os chamados epis\u00f3dios subnotificados, que podem chegar a mais de 1 milh\u00e3o de casos anualmente.<\/p>\n<p>No Brasil, a estimativa \u00e9 de 14 mil casos por ano, uma m\u00e9dia de 38 suic\u00eddios por dia. De 2010 e 2019, o pa\u00eds registrou cerca de 112,2 mil mortes por suic\u00eddio.<\/p>\n","protected":false},"excerpt":{"rendered":"<p>O m\u00eas de setembro marca a campanha de conscientiza\u00e7\u00e3o sobre preven\u00e7\u00e3o ao suic\u00eddio, denominada Setembro Amarelo. A proposta \u00e9 chamar a aten\u00e7\u00e3o para a import\u00e2ncia de discutir e promover a\u00e7\u00f5es sobre o suic\u00eddio. O tema da campanha este ano \u00e9 Se precisar, pe\u00e7a ajuda! Dados da Organiza\u00e7\u00e3o Mundial da Sa\u00fade (OMS) indicam que, todos os [&hellip;]<\/p>\n","protected":false},"author":2,"featured_media":312108,"comment_status":"closed","ping_status":"closed","sticky":false,"template":"","format":"standard","meta":{"_acf_changed":false,"footnotes":""},"categories":[161],"tags":[],"class_list":["post-312107","post","type-post","status-publish","format-standard","has-post-thumbnail","hentry","category-quadradinho-em-foco"],"acf":[],"yoast_head":"<!-- This site is optimized with the Yoast SEO plugin v27.2 - https:\/\/yoast.com\/product\/yoast-seo-wordpress\/ -->\n<title>Campanha conscientiza sobre preven\u00e7\u00e3o ao suic\u00eddio - Notibras<\/title>\n<meta name=\"robots\" content=\"index, follow, max-snippet:-1, max-image-preview:large, max-video-preview:-1\" \/>\n<link rel=\"canonical\" href=\"https:\/\/www.notibras.com\/site\/campanha-conscientiza-sobre-prevencao-ao-suicidio\/\" \/>\n<meta property=\"og:locale\" content=\"pt_BR\" \/>\n<meta property=\"og:type\" content=\"article\" \/>\n<meta property=\"og:title\" content=\"Campanha conscientiza sobre preven\u00e7\u00e3o ao suic\u00eddio - Notibras\" \/>\n<meta property=\"og:description\" content=\"O m\u00eas de setembro marca a campanha de conscientiza\u00e7\u00e3o sobre preven\u00e7\u00e3o ao suic\u00eddio, denominada Setembro Amarelo. A proposta \u00e9 chamar a aten\u00e7\u00e3o para a import\u00e2ncia de discutir e promover a\u00e7\u00f5es sobre o suic\u00eddio. O tema da campanha este ano \u00e9 Se precisar, pe\u00e7a ajuda! Dados da Organiza\u00e7\u00e3o Mundial da Sa\u00fade (OMS) indicam que, todos os [&hellip;]\" \/>\n<meta property=\"og:url\" content=\"https:\/\/www.notibras.com\/site\/campanha-conscientiza-sobre-prevencao-ao-suicidio\/\" \/>\n<meta property=\"og:site_name\" content=\"Notibras\" \/>\n<meta property=\"article:publisher\" content=\"https:\/\/www.facebook.com\/notibras\/\" \/>\n<meta property=\"article:published_time\" content=\"2023-09-03T03:00:30+00:00\" \/>\n<meta property=\"article:modified_time\" content=\"2023-09-03T11:50:39+00:00\" \/>\n<meta property=\"og:image\" content=\"https:\/\/www.notibras.com\/site\/wp-content\/uploads\/2023\/09\/mcmgo_abr_070820180689-1.jpg\" \/>\n\t<meta property=\"og:image:width\" content=\"1170\" \/>\n\t<meta property=\"og:image:height\" content=\"700\" \/>\n\t<meta property=\"og:image:type\" content=\"image\/jpeg\" \/>\n<meta name=\"author\" content=\"Reda\u00e7\u00e3o\" \/>\n<meta name=\"twitter:card\" content=\"summary_large_image\" \/>\n<meta name=\"twitter:creator\" content=\"@Notibras\" \/>\n<meta name=\"twitter:site\" content=\"@Notibras\" \/>\n<meta name=\"twitter:label1\" content=\"Escrito por\" \/>\n\t<meta name=\"twitter:data1\" content=\"Reda\u00e7\u00e3o\" \/>\n\t<meta name=\"twitter:label2\" content=\"Est. tempo de leitura\" \/>\n\t<meta name=\"twitter:data2\" content=\"1 minuto\" \/>\n<script type=\"application\/ld+json\" class=\"yoast-schema-graph\">{\"@context\":\"https:\/\/schema.org\",\"@graph\":[{\"@type\":\"Article\",\"@id\":\"https:\/\/www.notibras.com\/site\/campanha-conscientiza-sobre-prevencao-ao-suicidio\/#article\",\"isPartOf\":{\"@id\":\"https:\/\/www.notibras.com\/site\/campanha-conscientiza-sobre-prevencao-ao-suicidio\/\"},\"author\":{\"name\":\"Reda\u00e7\u00e3o\",\"@id\":\"https:\/\/www.notibras.com\/site\/#\/schema\/person\/36ab0979449956132d3e5b517ea76ac8\"},\"headline\":\"Campanha conscientiza sobre preven\u00e7\u00e3o ao suic\u00eddio\",\"datePublished\":\"2023-09-03T03:00:30+00:00\",\"dateModified\":\"2023-09-03T11:50:39+00:00\",\"mainEntityOfPage\":{\"@id\":\"https:\/\/www.notibras.com\/site\/campanha-conscientiza-sobre-prevencao-ao-suicidio\/\"},\"wordCount\":136,\"publisher\":{\"@id\":\"https:\/\/www.notibras.com\/site\/#organization\"},\"image\":{\"@id\":\"https:\/\/www.notibras.com\/site\/campanha-conscientiza-sobre-prevencao-ao-suicidio\/#primaryimage\"},\"thumbnailUrl\":\"https:\/\/www.notibras.com\/site\/wp-content\/uploads\/2023\/09\/mcmgo_abr_070820180689-1.jpg\",\"articleSection\":[\"Quadradinho em Foco\"],\"inLanguage\":\"pt-BR\"},{\"@type\":\"WebPage\",\"@id\":\"https:\/\/www.notibras.com\/site\/campanha-conscientiza-sobre-prevencao-ao-suicidio\/\",\"url\":\"https:\/\/www.notibras.com\/site\/campanha-conscientiza-sobre-prevencao-ao-suicidio\/\",\"name\":\"Campanha conscientiza sobre preven\u00e7\u00e3o ao suic\u00eddio - Notibras\",\"isPartOf\":{\"@id\":\"https:\/\/www.notibras.com\/site\/#website\"},\"primaryImageOfPage\":{\"@id\":\"https:\/\/www.notibras.com\/site\/campanha-conscientiza-sobre-prevencao-ao-suicidio\/#primaryimage\"},\"image\":{\"@id\":\"https:\/\/www.notibras.com\/site\/campanha-conscientiza-sobre-prevencao-ao-suicidio\/#primaryimage\"},\"thumbnailUrl\":\"https:\/\/www.notibras.com\/site\/wp-content\/uploads\/2023\/09\/mcmgo_abr_070820180689-1.jpg\",\"datePublished\":\"2023-09-03T03:00:30+00:00\",\"dateModified\":\"2023-09-03T11:50:39+00:00\",\"breadcrumb\":{\"@id\":\"https:\/\/www.notibras.com\/site\/campanha-conscientiza-sobre-prevencao-ao-suicidio\/#breadcrumb\"},\"inLanguage\":\"pt-BR\",\"potentialAction\":[{\"@type\":\"ReadAction\",\"target\":[\"https:\/\/www.notibras.com\/site\/campanha-conscientiza-sobre-prevencao-ao-suicidio\/\"]}]},{\"@type\":\"ImageObject\",\"inLanguage\":\"pt-BR\",\"@id\":\"https:\/\/www.notibras.com\/site\/campanha-conscientiza-sobre-prevencao-ao-suicidio\/#primaryimage\",\"url\":\"https:\/\/www.notibras.com\/site\/wp-content\/uploads\/2023\/09\/mcmgo_abr_070820180689-1.jpg\",\"contentUrl\":\"https:\/\/www.notibras.com\/site\/wp-content\/uploads\/2023\/09\/mcmgo_abr_070820180689-1.jpg\",\"width\":1170,\"height\":700,\"caption\":\"Depress\u00e3o, suicidio\"},{\"@type\":\"BreadcrumbList\",\"@id\":\"https:\/\/www.notibras.com\/site\/campanha-conscientiza-sobre-prevencao-ao-suicidio\/#breadcrumb\",\"itemListElement\":[{\"@type\":\"ListItem\",\"position\":1,\"name\":\"In\u00edcio\",\"item\":\"https:\/\/www.notibras.com\/site\/\"},{\"@type\":\"ListItem\",\"position\":2,\"name\":\"Campanha conscientiza sobre preven\u00e7\u00e3o ao suic\u00eddio\"}]},{\"@type\":\"WebSite\",\"@id\":\"https:\/\/www.notibras.com\/site\/#website\",\"url\":\"https:\/\/www.notibras.com\/site\/\",\"name\":\"Notibras\",\"description\":\"Not\u00edcias de Bras\u00edlia, do Brasil e do Mundo\",\"publisher\":{\"@id\":\"https:\/\/www.notibras.com\/site\/#organization\"},\"potentialAction\":[{\"@type\":\"SearchAction\",\"target\":{\"@type\":\"EntryPoint\",\"urlTemplate\":\"https:\/\/www.notibras.com\/site\/?s={search_term_string}\"},\"query-input\":{\"@type\":\"PropertyValueSpecification\",\"valueRequired\":true,\"valueName\":\"search_term_string\"}}],\"inLanguage\":\"pt-BR\"},{\"@type\":\"Organization\",\"@id\":\"https:\/\/www.notibras.com\/site\/#organization\",\"name\":\"Grupo Notibras de Comunica\u00e7\u00e3o\",\"url\":\"https:\/\/www.notibras.com\/site\/\",\"logo\":{\"@type\":\"ImageObject\",\"inLanguage\":\"pt-BR\",\"@id\":\"https:\/\/www.notibras.com\/site\/#\/schema\/logo\/image\/\",\"url\":\"https:\/\/www.notibras.com\/site\/wp-content\/uploads\/2023\/01\/notibras23.png\",\"contentUrl\":\"https:\/\/www.notibras.com\/site\/wp-content\/uploads\/2023\/01\/notibras23.png\",\"width\":350,\"height\":87,\"caption\":\"Grupo Notibras de Comunica\u00e7\u00e3o\"},\"image\":{\"@id\":\"https:\/\/www.notibras.com\/site\/#\/schema\/logo\/image\/\"},\"sameAs\":[\"https:\/\/www.facebook.com\/notibras\/\",\"https:\/\/x.com\/Notibras\",\"https:\/\/www.instagram.com\/notibras\/\"]},{\"@type\":\"Person\",\"@id\":\"https:\/\/www.notibras.com\/site\/#\/schema\/person\/36ab0979449956132d3e5b517ea76ac8\",\"name\":\"Reda\u00e7\u00e3o\",\"image\":{\"@type\":\"ImageObject\",\"inLanguage\":\"pt-BR\",\"@id\":\"https:\/\/secure.gravatar.com\/avatar\/e0a867bdedb85fd243eadf09663511f96fc81e0720a4a42581f334ad4303aa6b?s=96&d=mm&r=g\",\"url\":\"https:\/\/secure.gravatar.com\/avatar\/e0a867bdedb85fd243eadf09663511f96fc81e0720a4a42581f334ad4303aa6b?s=96&d=mm&r=g\",\"contentUrl\":\"https:\/\/secure.gravatar.com\/avatar\/e0a867bdedb85fd243eadf09663511f96fc81e0720a4a42581f334ad4303aa6b?s=96&d=mm&r=g\",\"caption\":\"Reda\u00e7\u00e3o\"}}]}<\/script>\n<!-- \/ Yoast SEO plugin. -->","yoast_head_json":{"title":"Campanha conscientiza sobre preven\u00e7\u00e3o ao suic\u00eddio - Notibras","robots":{"index":"index","follow":"follow","max-snippet":"max-snippet:-1","max-image-preview":"max-image-preview:large","max-video-preview":"max-video-preview:-1"},"canonical":"https:\/\/www.notibras.com\/site\/campanha-conscientiza-sobre-prevencao-ao-suicidio\/","og_locale":"pt_BR","og_type":"article","og_title":"Campanha conscientiza sobre preven\u00e7\u00e3o ao suic\u00eddio - Notibras","og_description":"O m\u00eas de setembro marca a campanha de conscientiza\u00e7\u00e3o sobre preven\u00e7\u00e3o ao suic\u00eddio, denominada Setembro Amarelo. A proposta \u00e9 chamar a aten\u00e7\u00e3o para a import\u00e2ncia de discutir e promover a\u00e7\u00f5es sobre o suic\u00eddio. O tema da campanha este ano \u00e9 Se precisar, pe\u00e7a ajuda! Dados da Organiza\u00e7\u00e3o Mundial da Sa\u00fade (OMS) indicam que, todos os [&hellip;]","og_url":"https:\/\/www.notibras.com\/site\/campanha-conscientiza-sobre-prevencao-ao-suicidio\/","og_site_name":"Notibras","article_publisher":"https:\/\/www.facebook.com\/notibras\/","article_published_time":"2023-09-03T03:00:30+00:00","article_modified_time":"2023-09-03T11:50:39+00:00","og_image":[{"width":1170,"height":700,"url":"https:\/\/www.notibras.com\/site\/wp-content\/uploads\/2023\/09\/mcmgo_abr_070820180689-1.jpg","type":"image\/jpeg"}],"author":"Reda\u00e7\u00e3o","twitter_card":"summary_large_image","twitter_creator":"@Notibras","twitter_site":"@Notibras","twitter_misc":{"Escrito por":"Reda\u00e7\u00e3o","Est. tempo de leitura":"1 minuto"},"schema":{"@context":"https:\/\/schema.org","@graph":[{"@type":"Article","@id":"https:\/\/www.notibras.com\/site\/campanha-conscientiza-sobre-prevencao-ao-suicidio\/#article","isPartOf":{"@id":"https:\/\/www.notibras.com\/site\/campanha-conscientiza-sobre-prevencao-ao-suicidio\/"},"author":{"name":"Reda\u00e7\u00e3o","@id":"https:\/\/www.notibras.com\/site\/#\/schema\/person\/36ab0979449956132d3e5b517ea76ac8"},"headline":"Campanha conscientiza sobre preven\u00e7\u00e3o ao suic\u00eddio","datePublished":"2023-09-03T03:00:30+00:00","dateModified":"2023-09-03T11:50:39+00:00","mainEntityOfPage":{"@id":"https:\/\/www.notibras.com\/site\/campanha-conscientiza-sobre-prevencao-ao-suicidio\/"},"wordCount":136,"publisher":{"@id":"https:\/\/www.notibras.com\/site\/#organization"},"image":{"@id":"https:\/\/www.notibras.com\/site\/campanha-conscientiza-sobre-prevencao-ao-suicidio\/#primaryimage"},"thumbnailUrl":"https:\/\/www.notibras.com\/site\/wp-content\/uploads\/2023\/09\/mcmgo_abr_070820180689-1.jpg","articleSection":["Quadradinho em Foco"],"inLanguage":"pt-BR"},{"@type":"WebPage","@id":"https:\/\/www.notibras.com\/site\/campanha-conscientiza-sobre-prevencao-ao-suicidio\/","url":"https:\/\/www.notibras.com\/site\/campanha-conscientiza-sobre-prevencao-ao-suicidio\/","name":"Campanha conscientiza sobre preven\u00e7\u00e3o ao suic\u00eddio - Notibras","isPartOf":{"@id":"https:\/\/www.notibras.com\/site\/#website"},"primaryImageOfPage":{"@id":"https:\/\/www.notibras.com\/site\/campanha-conscientiza-sobre-prevencao-ao-suicidio\/#primaryimage"},"image":{"@id":"https:\/\/www.notibras.com\/site\/campanha-conscientiza-sobre-prevencao-ao-suicidio\/#primaryimage"},"thumbnailUrl":"https:\/\/www.notibras.com\/site\/wp-content\/uploads\/2023\/09\/mcmgo_abr_070820180689-1.jpg","datePublished":"2023-09-03T03:00:30+00:00","dateModified":"2023-09-03T11:50:39+00:00","breadcrumb":{"@id":"https:\/\/www.notibras.com\/site\/campanha-conscientiza-sobre-prevencao-ao-suicidio\/#breadcrumb"},"inLanguage":"pt-BR","potentialAction":[{"@type":"ReadAction","target":["https:\/\/www.notibras.com\/site\/campanha-conscientiza-sobre-prevencao-ao-suicidio\/"]}]},{"@type":"ImageObject","inLanguage":"pt-BR","@id":"https:\/\/www.notibras.com\/site\/campanha-conscientiza-sobre-prevencao-ao-suicidio\/#primaryimage","url":"https:\/\/www.notibras.com\/site\/wp-content\/uploads\/2023\/09\/mcmgo_abr_070820180689-1.jpg","contentUrl":"https:\/\/www.notibras.com\/site\/wp-content\/uploads\/2023\/09\/mcmgo_abr_070820180689-1.jpg","width":1170,"height":700,"caption":"Depress\u00e3o, suicidio"},{"@type":"BreadcrumbList","@id":"https:\/\/www.notibras.com\/site\/campanha-conscientiza-sobre-prevencao-ao-suicidio\/#breadcrumb","itemListElement":[{"@type":"ListItem","position":1,"name":"In\u00edcio","item":"https:\/\/www.notibras.com\/site\/"},{"@type":"ListItem","position":2,"name":"Campanha conscientiza sobre preven\u00e7\u00e3o ao suic\u00eddio"}]},{"@type":"WebSite","@id":"https:\/\/www.notibras.com\/site\/#website","url":"https:\/\/www.notibras.com\/site\/","name":"Notibras","description":"Not\u00edcias de Bras\u00edlia, do Brasil e do Mundo","publisher":{"@id":"https:\/\/www.notibras.com\/site\/#organization"},"potentialAction":[{"@type":"SearchAction","target":{"@type":"EntryPoint","urlTemplate":"https:\/\/www.notibras.com\/site\/?s={search_term_string}"},"query-input":{"@type":"PropertyValueSpecification","valueRequired":true,"valueName":"search_term_string"}}],"inLanguage":"pt-BR"},{"@type":"Organization","@id":"https:\/\/www.notibras.com\/site\/#organization","name":"Grupo Notibras de Comunica\u00e7\u00e3o","url":"https:\/\/www.notibras.com\/site\/","logo":{"@type":"ImageObject","inLanguage":"pt-BR","@id":"https:\/\/www.notibras.com\/site\/#\/schema\/logo\/image\/","url":"https:\/\/www.notibras.com\/site\/wp-content\/uploads\/2023\/01\/notibras23.png","contentUrl":"https:\/\/www.notibras.com\/site\/wp-content\/uploads\/2023\/01\/notibras23.png","width":350,"height":87,"caption":"Grupo Notibras de Comunica\u00e7\u00e3o"},"image":{"@id":"https:\/\/www.notibras.com\/site\/#\/schema\/logo\/image\/"},"sameAs":["https:\/\/www.facebook.com\/notibras\/","https:\/\/x.com\/Notibras","https:\/\/www.instagram.com\/notibras\/"]},{"@type":"Person","@id":"https:\/\/www.notibras.com\/site\/#\/schema\/person\/36ab0979449956132d3e5b517ea76ac8","name":"Reda\u00e7\u00e3o","image":{"@type":"ImageObject","inLanguage":"pt-BR","@id":"https:\/\/secure.gravatar.com\/avatar\/e0a867bdedb85fd243eadf09663511f96fc81e0720a4a42581f334ad4303aa6b?s=96&d=mm&r=g","url":"https:\/\/secure.gravatar.com\/avatar\/e0a867bdedb85fd243eadf09663511f96fc81e0720a4a42581f334ad4303aa6b?s=96&d=mm&r=g","contentUrl":"https:\/\/secure.gravatar.com\/avatar\/e0a867bdedb85fd243eadf09663511f96fc81e0720a4a42581f334ad4303aa6b?s=96&d=mm&r=g","caption":"Reda\u00e7\u00e3o"}}]}},"amp_enabled":true,"_links":{"self":[{"href":"https:\/\/www.notibras.com\/site\/wp-json\/wp\/v2\/posts\/312107","targetHints":{"allow":["GET"]}}],"collection":[{"href":"https:\/\/www.notibras.com\/site\/wp-json\/wp\/v2\/posts"}],"about":[{"href":"https:\/\/www.notibras.com\/site\/wp-json\/wp\/v2\/types\/post"}],"author":[{"embeddable":true,"href":"https:\/\/www.notibras.com\/site\/wp-json\/wp\/v2\/users\/2"}],"replies":[{"embeddable":true,"href":"https:\/\/www.notibras.com\/site\/wp-json\/wp\/v2\/comments?post=312107"}],"version-history":[{"count":1,"href":"https:\/\/www.notibras.com\/site\/wp-json\/wp\/v2\/posts\/312107\/revisions"}],"predecessor-version":[{"id":312109,"href":"https:\/\/www.notibras.com\/site\/wp-json\/wp\/v2\/posts\/312107\/revisions\/312109"}],"wp:featuredmedia":[{"embeddable":true,"href":"https:\/\/www.notibras.com\/site\/wp-json\/wp\/v2\/media\/312108"}],"wp:attachment":[{"href":"https:\/\/www.notibras.com\/site\/wp-json\/wp\/v2\/media?parent=312107"}],"wp:term":[{"taxonomy":"category","embeddable":true,"href":"https:\/\/www.notibras.com\/site\/wp-json\/wp\/v2\/categories?post=312107"},{"taxonomy":"post_tag","embeddable":true,"href":"https:\/\/www.notibras.com\/site\/wp-json\/wp\/v2\/tags?post=312107"}],"curies":[{"name":"wp","href":"https:\/\/api.w.org\/{rel}","templated":true}]}}