{"id":312154,"date":"2023-09-04T04:43:46","date_gmt":"2023-09-04T07:43:46","guid":{"rendered":"https:\/\/www.notibras.com\/site\/?p=312154"},"modified":"2023-09-04T04:43:46","modified_gmt":"2023-09-04T07:43:46","slug":"teatrinho-e-contacao-de-historias-animam-setembro","status":"publish","type":"post","link":"https:\/\/www.notibras.com\/site\/teatrinho-e-contacao-de-historias-animam-setembro\/","title":{"rendered":"Teatrinho e conta\u00e7\u00e3o de hist\u00f3rias animam setembro"},"content":{"rendered":"<p>A programa\u00e7\u00e3o infantil do Terra\u00e7o Shopping, iniciada no fim de semana, continua por todo o m\u00eas de setembro. Depois da pe\u00e7a de teatro \u201cPocahontas Cover\u201d, no s\u00e1bado, e \u201cOs Tr\u00eas Porquinhos\u201d, no domingo, o que vem pela frente promete animar a crian\u00e7ada.<\/p>\n<p>No segundo final de semana, no s\u00e1bado, dia 9, \u00e0s 16h, a contadora de hist\u00f3rias Nyedja Gennari falar\u00e1 sobre a celebra\u00e7\u00e3o da Independ\u00eancia do Brasil, apresentando hist\u00f3rias de cidadania, respeito e amor pela p\u00e1tria. Com a forma singela que lhe \u00e9 caracter\u00edstica, Nyedja promete uma experi\u00eancia cativante, que unir\u00e1 gera\u00e7\u00f5es, cultivando o esp\u00edrito patri\u00f3tico.<\/p>\n<p>No dia seguinte (10), domingo, ser\u00e1 a vez da f\u00e1bula \u201cA Raposa e a Galinha\u201d, uma hist\u00f3ria tocante que ressalta a import\u00e2ncia de olhar al\u00e9m das diferen\u00e7as e encontrar beleza na diversidade, \u00e0s 16h, com a Cia F\u00e1bula. A pe\u00e7a de teatro contar\u00e1 a hist\u00f3ria de Fil\u00f3, uma galinha sonhadora que anseia por ser m\u00e3e e construir uma fam\u00edlia feliz. No entanto, seu maior desafio \u00e9 o fato de n\u00e3o conseguir botar ovos. Determinada a encontrar uma solu\u00e7\u00e3o, ela embarca em uma jornada pela floresta, em busca de ajuda para realizar seu sonho. \u00c9 quando se depara com uma raposa faminta. Inicialmente, parece que seus caminhos n\u00e3o deveriam se cruzar, dada a natureza contrastante das duas esp\u00e9cies. No entanto, o que se desenrola \u00e9 uma hist\u00f3ria surpreendente de compreens\u00e3o m\u00fatua, amizade improv\u00e1vel e solidariedade.<\/p>\n<p>No terceiro final de semana do m\u00eas de setembro, dia 16, \u00e0s 16h, ser\u00e1 a vez de uma cl\u00e1ssica narrativa de amor e reden\u00e7\u00e3o ganhar vida no palco do Terra\u00e7o Shopping, com a Cia Starte. A pe\u00e7a \u201cA Bela e a Fera\u201d transportar\u00e1 o p\u00fablico para um mundo de magia e romance. A jovem e inteligente Bela vive em uma aldeia, onde chama a aten\u00e7\u00e3o de Gaston, um homem bonito, mas arrogante. Ela v\u00ea al\u00e9m das apar\u00eancias e recusa as investidas de Gaston, buscando algo mais profundo e significativo. O pai de Bela se perde na floresta e acaba capturado pela Fera, um pr\u00edncipe amaldi\u00e7oado por uma feiticeira. Em troca da liberdade de seu pai, Bela se oferece para ficar no castelo da Fera para sempre. \u00c0 medida que a narrativa se desenrola, Bela e a Fera embarcam em uma jornada emocional de autodescoberta, aprendizado e, mais importante, amor.<\/p>\n<p>J\u00e1 no domingo, dia 17, a Cia F\u00e1bula apresentar\u00e1 a pe\u00e7a \u201cA Roupa Nova do Rei Zez\u00e3o\u201d, \u00e0s 16h. Inspirado no conto de Hans Christian Andersen, o espet\u00e1culo contar\u00e1 a hist\u00f3ria do Rei Zez\u00e3o, conhecido por ser muito vaidoso. Certo dia, cansado das roupas que tinha, resolveu contratar alguns alfaiates para confeccionarem a nova roupa real. Uma dupla de farsantes tem a brilhante ideia de enganar o rei com uma roupa invis\u00edvel, feita com um tecido que \u201cs\u00f3 os inteligentes podem ver\u201d.<\/p>\n<p>J\u00e1 a pe\u00e7a \u201cSofia e o Livro M\u00e1gico\u201d transportar\u00e1 os espectadores para um mundo de magia, amizade e autodescoberta, no dia 23, s\u00e1bado, \u00e0s 16h, com a Cia Starte. Os atores encenar\u00e3o a hist\u00f3ria da Princesa Sofia, que enfrenta o maior desafio de sua vida, o concurso de talentos do Reino de Encantia. Enquanto se prepara, ela recebe um presente surpreendente de seus pais, um livro m\u00e1gico com o poder de interagir com personagens de contos de fadas. Ao abrir as p\u00e1ginas do livro m\u00e1gico, Sofia traz para \u00e0 realidade duas princesas amigas, muito conhecidas de contos de fadas. Juntas, elas formam uma equipe inusitada e empenhada em ajudar Sofia a superar suas inseguran\u00e7as e se preparar para o concurso.<\/p>\n<p>No domingo, dia 24, ser\u00e1 a vez da pe\u00e7a \u201cO Despertar da Primavera\u201d, com a Cia F\u00e1bula, \u00e0s 16h. A pe\u00e7a conta a hist\u00f3ria de um reino encantado onde a magia se mistura com a natureza e as esta\u00e7\u00f5es s\u00e3o celebradas de maneira \u00fanica por fadas e elfos. A esta\u00e7\u00e3o mais esperada de todas \u00e9 a primavera, um momento em que a natureza desperta, em um espet\u00e1culo de cores e renova\u00e7\u00e3o. No entanto, algo estranho come\u00e7a a acontecer quando a fada respons\u00e1vel pela primavera come\u00e7a a agir de maneira incomum e decide dormir, quando deveria estar acordando. Seus amigos, fadas e elfos, buscam de todas as maneiras descobrir o que est\u00e1 acontecendo, para n\u00e3o prejudicar a esta\u00e7\u00e3o mais colorida do ano.<\/p>\n<p>E para encerrar o m\u00eas, no dia 30 de setembro (s\u00e1bado), ser\u00e1 a vez do fabuloso \u201cShow de M\u00e1gicas\u201d, do Tio Andr\u00e9, \u00e0s 16h. Com abertura visual acompanhada de m\u00fasica envolvente, o espet\u00e1culo vai al\u00e9m da observa\u00e7\u00e3o passiva, onde as crian\u00e7as n\u00e3o apenas assistem, mas tamb\u00e9m se tornam parte do incr\u00edvel mundo da magia. A plateia mirim ser\u00e1 convidada a participar ativamente, com m\u00e1gicas interativas e c\u00f4micas, em um ambiente repleto de humor puro e saud\u00e1vel. Tio Andr\u00e9 faz um show que cativa a aten\u00e7\u00e3o do p\u00fablico com seus truques inovadores, ilus\u00f5es surpreendentes e uma conex\u00e3o genu\u00edna com as crian\u00e7as.<\/p>\n<p><strong>Servi\u00e7o:<\/strong><br \/>\nS\u00e1bados, \u00e0s 16h, na Pra\u00e7a Central<br \/>\n09\/09 &#8211; Conta\u00e7\u00e3o de Hist\u00f3rias da Independ\u00eancia, com Nyedja Gennari<br \/>\n16\/09 \u2013 A Bela e a Fera, com Cia Starte<br \/>\n23\/09 &#8211; Sofia e o Livro M\u00e1gico, com Cia Starte<br \/>\n30\/09 &#8211; Show de M\u00e1gicas, com Tio Andr\u00e9<\/p>\n<p>Domingos, \u00e0s 16h, na Pra\u00e7a Central<br \/>\n10\/09 &#8211; A Raposa e a Galinha, com Cia F\u00e1bula<br \/>\n17\/09 &#8211; A Roupa Nova do Rei Zez\u00e3o, com Cia F\u00e1bula<br \/>\n24\/09 &#8211; O Despertar da Primavera, com Cia F\u00e1bula<\/p>\n","protected":false},"excerpt":{"rendered":"<p>A programa\u00e7\u00e3o infantil do Terra\u00e7o Shopping, iniciada no fim de semana, continua por todo o m\u00eas de setembro. Depois da pe\u00e7a de teatro \u201cPocahontas Cover\u201d, no s\u00e1bado, e \u201cOs Tr\u00eas Porquinhos\u201d, no domingo, o que vem pela frente promete animar a crian\u00e7ada. No segundo final de semana, no s\u00e1bado, dia 9, \u00e0s 16h, a contadora [&hellip;]<\/p>\n","protected":false},"author":2,"featured_media":312155,"comment_status":"closed","ping_status":"closed","sticky":false,"template":"","format":"standard","meta":{"_acf_changed":false,"footnotes":""},"categories":[161],"tags":[],"class_list":["post-312154","post","type-post","status-publish","format-standard","has-post-thumbnail","hentry","category-quadradinho-em-foco"],"acf":[],"yoast_head":"<!-- This site is optimized with the Yoast SEO plugin v27.2 - https:\/\/yoast.com\/product\/yoast-seo-wordpress\/ -->\n<title>Teatrinho e conta\u00e7\u00e3o de hist\u00f3rias animam setembro - Notibras<\/title>\n<meta name=\"robots\" content=\"index, follow, max-snippet:-1, max-image-preview:large, max-video-preview:-1\" \/>\n<link rel=\"canonical\" href=\"https:\/\/www.notibras.com\/site\/teatrinho-e-contacao-de-historias-animam-setembro\/\" \/>\n<meta property=\"og:locale\" content=\"pt_BR\" \/>\n<meta property=\"og:type\" content=\"article\" \/>\n<meta property=\"og:title\" content=\"Teatrinho e conta\u00e7\u00e3o de hist\u00f3rias animam setembro - Notibras\" \/>\n<meta property=\"og:description\" content=\"A programa\u00e7\u00e3o infantil do Terra\u00e7o Shopping, iniciada no fim de semana, continua por todo o m\u00eas de setembro. Depois da pe\u00e7a de teatro \u201cPocahontas Cover\u201d, no s\u00e1bado, e \u201cOs Tr\u00eas Porquinhos\u201d, no domingo, o que vem pela frente promete animar a crian\u00e7ada. No segundo final de semana, no s\u00e1bado, dia 9, \u00e0s 16h, a contadora [&hellip;]\" \/>\n<meta property=\"og:url\" content=\"https:\/\/www.notibras.com\/site\/teatrinho-e-contacao-de-historias-animam-setembro\/\" \/>\n<meta property=\"og:site_name\" content=\"Notibras\" \/>\n<meta property=\"article:publisher\" content=\"https:\/\/www.facebook.com\/notibras\/\" \/>\n<meta property=\"article:published_time\" content=\"2023-09-04T07:43:46+00:00\" \/>\n<meta property=\"og:image\" content=\"https:\/\/www.notibras.com\/site\/wp-content\/uploads\/2023\/09\/tres-porquinhos.jpg\" \/>\n\t<meta property=\"og:image:width\" content=\"1066\" \/>\n\t<meta property=\"og:image:height\" content=\"1600\" \/>\n\t<meta property=\"og:image:type\" content=\"image\/jpeg\" \/>\n<meta name=\"author\" content=\"Reda\u00e7\u00e3o\" \/>\n<meta name=\"twitter:card\" content=\"summary_large_image\" \/>\n<meta name=\"twitter:creator\" content=\"@Notibras\" \/>\n<meta name=\"twitter:site\" content=\"@Notibras\" \/>\n<meta name=\"twitter:label1\" content=\"Escrito por\" \/>\n\t<meta name=\"twitter:data1\" content=\"Reda\u00e7\u00e3o\" \/>\n\t<meta name=\"twitter:label2\" content=\"Est. tempo de leitura\" \/>\n\t<meta name=\"twitter:data2\" content=\"5 minutos\" \/>\n<script type=\"application\/ld+json\" class=\"yoast-schema-graph\">{\"@context\":\"https:\/\/schema.org\",\"@graph\":[{\"@type\":\"Article\",\"@id\":\"https:\/\/www.notibras.com\/site\/teatrinho-e-contacao-de-historias-animam-setembro\/#article\",\"isPartOf\":{\"@id\":\"https:\/\/www.notibras.com\/site\/teatrinho-e-contacao-de-historias-animam-setembro\/\"},\"author\":{\"name\":\"Reda\u00e7\u00e3o\",\"@id\":\"https:\/\/www.notibras.com\/site\/#\/schema\/person\/36ab0979449956132d3e5b517ea76ac8\"},\"headline\":\"Teatrinho e conta\u00e7\u00e3o de hist\u00f3rias animam setembro\",\"datePublished\":\"2023-09-04T07:43:46+00:00\",\"mainEntityOfPage\":{\"@id\":\"https:\/\/www.notibras.com\/site\/teatrinho-e-contacao-de-historias-animam-setembro\/\"},\"wordCount\":980,\"publisher\":{\"@id\":\"https:\/\/www.notibras.com\/site\/#organization\"},\"image\":{\"@id\":\"https:\/\/www.notibras.com\/site\/teatrinho-e-contacao-de-historias-animam-setembro\/#primaryimage\"},\"thumbnailUrl\":\"https:\/\/www.notibras.com\/site\/wp-content\/uploads\/2023\/09\/tres-porquinhos.jpg\",\"articleSection\":[\"Quadradinho em Foco\"],\"inLanguage\":\"pt-BR\"},{\"@type\":\"WebPage\",\"@id\":\"https:\/\/www.notibras.com\/site\/teatrinho-e-contacao-de-historias-animam-setembro\/\",\"url\":\"https:\/\/www.notibras.com\/site\/teatrinho-e-contacao-de-historias-animam-setembro\/\",\"name\":\"Teatrinho e conta\u00e7\u00e3o de hist\u00f3rias animam setembro - Notibras\",\"isPartOf\":{\"@id\":\"https:\/\/www.notibras.com\/site\/#website\"},\"primaryImageOfPage\":{\"@id\":\"https:\/\/www.notibras.com\/site\/teatrinho-e-contacao-de-historias-animam-setembro\/#primaryimage\"},\"image\":{\"@id\":\"https:\/\/www.notibras.com\/site\/teatrinho-e-contacao-de-historias-animam-setembro\/#primaryimage\"},\"thumbnailUrl\":\"https:\/\/www.notibras.com\/site\/wp-content\/uploads\/2023\/09\/tres-porquinhos.jpg\",\"datePublished\":\"2023-09-04T07:43:46+00:00\",\"breadcrumb\":{\"@id\":\"https:\/\/www.notibras.com\/site\/teatrinho-e-contacao-de-historias-animam-setembro\/#breadcrumb\"},\"inLanguage\":\"pt-BR\",\"potentialAction\":[{\"@type\":\"ReadAction\",\"target\":[\"https:\/\/www.notibras.com\/site\/teatrinho-e-contacao-de-historias-animam-setembro\/\"]}]},{\"@type\":\"ImageObject\",\"inLanguage\":\"pt-BR\",\"@id\":\"https:\/\/www.notibras.com\/site\/teatrinho-e-contacao-de-historias-animam-setembro\/#primaryimage\",\"url\":\"https:\/\/www.notibras.com\/site\/wp-content\/uploads\/2023\/09\/tres-porquinhos.jpg\",\"contentUrl\":\"https:\/\/www.notibras.com\/site\/wp-content\/uploads\/2023\/09\/tres-porquinhos.jpg\",\"width\":1066,\"height\":1600},{\"@type\":\"BreadcrumbList\",\"@id\":\"https:\/\/www.notibras.com\/site\/teatrinho-e-contacao-de-historias-animam-setembro\/#breadcrumb\",\"itemListElement\":[{\"@type\":\"ListItem\",\"position\":1,\"name\":\"In\u00edcio\",\"item\":\"https:\/\/www.notibras.com\/site\/\"},{\"@type\":\"ListItem\",\"position\":2,\"name\":\"Teatrinho e conta\u00e7\u00e3o de hist\u00f3rias animam setembro\"}]},{\"@type\":\"WebSite\",\"@id\":\"https:\/\/www.notibras.com\/site\/#website\",\"url\":\"https:\/\/www.notibras.com\/site\/\",\"name\":\"Notibras\",\"description\":\"Not\u00edcias de Bras\u00edlia, do Brasil e do Mundo\",\"publisher\":{\"@id\":\"https:\/\/www.notibras.com\/site\/#organization\"},\"potentialAction\":[{\"@type\":\"SearchAction\",\"target\":{\"@type\":\"EntryPoint\",\"urlTemplate\":\"https:\/\/www.notibras.com\/site\/?s={search_term_string}\"},\"query-input\":{\"@type\":\"PropertyValueSpecification\",\"valueRequired\":true,\"valueName\":\"search_term_string\"}}],\"inLanguage\":\"pt-BR\"},{\"@type\":\"Organization\",\"@id\":\"https:\/\/www.notibras.com\/site\/#organization\",\"name\":\"Grupo Notibras de Comunica\u00e7\u00e3o\",\"url\":\"https:\/\/www.notibras.com\/site\/\",\"logo\":{\"@type\":\"ImageObject\",\"inLanguage\":\"pt-BR\",\"@id\":\"https:\/\/www.notibras.com\/site\/#\/schema\/logo\/image\/\",\"url\":\"https:\/\/www.notibras.com\/site\/wp-content\/uploads\/2023\/01\/notibras23.png\",\"contentUrl\":\"https:\/\/www.notibras.com\/site\/wp-content\/uploads\/2023\/01\/notibras23.png\",\"width\":350,\"height\":87,\"caption\":\"Grupo Notibras de Comunica\u00e7\u00e3o\"},\"image\":{\"@id\":\"https:\/\/www.notibras.com\/site\/#\/schema\/logo\/image\/\"},\"sameAs\":[\"https:\/\/www.facebook.com\/notibras\/\",\"https:\/\/x.com\/Notibras\",\"https:\/\/www.instagram.com\/notibras\/\"]},{\"@type\":\"Person\",\"@id\":\"https:\/\/www.notibras.com\/site\/#\/schema\/person\/36ab0979449956132d3e5b517ea76ac8\",\"name\":\"Reda\u00e7\u00e3o\",\"image\":{\"@type\":\"ImageObject\",\"inLanguage\":\"pt-BR\",\"@id\":\"https:\/\/secure.gravatar.com\/avatar\/e0a867bdedb85fd243eadf09663511f96fc81e0720a4a42581f334ad4303aa6b?s=96&d=mm&r=g\",\"url\":\"https:\/\/secure.gravatar.com\/avatar\/e0a867bdedb85fd243eadf09663511f96fc81e0720a4a42581f334ad4303aa6b?s=96&d=mm&r=g\",\"contentUrl\":\"https:\/\/secure.gravatar.com\/avatar\/e0a867bdedb85fd243eadf09663511f96fc81e0720a4a42581f334ad4303aa6b?s=96&d=mm&r=g\",\"caption\":\"Reda\u00e7\u00e3o\"}}]}<\/script>\n<!-- \/ Yoast SEO plugin. -->","yoast_head_json":{"title":"Teatrinho e conta\u00e7\u00e3o de hist\u00f3rias animam setembro - Notibras","robots":{"index":"index","follow":"follow","max-snippet":"max-snippet:-1","max-image-preview":"max-image-preview:large","max-video-preview":"max-video-preview:-1"},"canonical":"https:\/\/www.notibras.com\/site\/teatrinho-e-contacao-de-historias-animam-setembro\/","og_locale":"pt_BR","og_type":"article","og_title":"Teatrinho e conta\u00e7\u00e3o de hist\u00f3rias animam setembro - Notibras","og_description":"A programa\u00e7\u00e3o infantil do Terra\u00e7o Shopping, iniciada no fim de semana, continua por todo o m\u00eas de setembro. Depois da pe\u00e7a de teatro \u201cPocahontas Cover\u201d, no s\u00e1bado, e \u201cOs Tr\u00eas Porquinhos\u201d, no domingo, o que vem pela frente promete animar a crian\u00e7ada. No segundo final de semana, no s\u00e1bado, dia 9, \u00e0s 16h, a contadora [&hellip;]","og_url":"https:\/\/www.notibras.com\/site\/teatrinho-e-contacao-de-historias-animam-setembro\/","og_site_name":"Notibras","article_publisher":"https:\/\/www.facebook.com\/notibras\/","article_published_time":"2023-09-04T07:43:46+00:00","og_image":[{"width":1066,"height":1600,"url":"https:\/\/www.notibras.com\/site\/wp-content\/uploads\/2023\/09\/tres-porquinhos.jpg","type":"image\/jpeg"}],"author":"Reda\u00e7\u00e3o","twitter_card":"summary_large_image","twitter_creator":"@Notibras","twitter_site":"@Notibras","twitter_misc":{"Escrito por":"Reda\u00e7\u00e3o","Est. tempo de leitura":"5 minutos"},"schema":{"@context":"https:\/\/schema.org","@graph":[{"@type":"Article","@id":"https:\/\/www.notibras.com\/site\/teatrinho-e-contacao-de-historias-animam-setembro\/#article","isPartOf":{"@id":"https:\/\/www.notibras.com\/site\/teatrinho-e-contacao-de-historias-animam-setembro\/"},"author":{"name":"Reda\u00e7\u00e3o","@id":"https:\/\/www.notibras.com\/site\/#\/schema\/person\/36ab0979449956132d3e5b517ea76ac8"},"headline":"Teatrinho e conta\u00e7\u00e3o de hist\u00f3rias animam setembro","datePublished":"2023-09-04T07:43:46+00:00","mainEntityOfPage":{"@id":"https:\/\/www.notibras.com\/site\/teatrinho-e-contacao-de-historias-animam-setembro\/"},"wordCount":980,"publisher":{"@id":"https:\/\/www.notibras.com\/site\/#organization"},"image":{"@id":"https:\/\/www.notibras.com\/site\/teatrinho-e-contacao-de-historias-animam-setembro\/#primaryimage"},"thumbnailUrl":"https:\/\/www.notibras.com\/site\/wp-content\/uploads\/2023\/09\/tres-porquinhos.jpg","articleSection":["Quadradinho em Foco"],"inLanguage":"pt-BR"},{"@type":"WebPage","@id":"https:\/\/www.notibras.com\/site\/teatrinho-e-contacao-de-historias-animam-setembro\/","url":"https:\/\/www.notibras.com\/site\/teatrinho-e-contacao-de-historias-animam-setembro\/","name":"Teatrinho e conta\u00e7\u00e3o de hist\u00f3rias animam setembro - Notibras","isPartOf":{"@id":"https:\/\/www.notibras.com\/site\/#website"},"primaryImageOfPage":{"@id":"https:\/\/www.notibras.com\/site\/teatrinho-e-contacao-de-historias-animam-setembro\/#primaryimage"},"image":{"@id":"https:\/\/www.notibras.com\/site\/teatrinho-e-contacao-de-historias-animam-setembro\/#primaryimage"},"thumbnailUrl":"https:\/\/www.notibras.com\/site\/wp-content\/uploads\/2023\/09\/tres-porquinhos.jpg","datePublished":"2023-09-04T07:43:46+00:00","breadcrumb":{"@id":"https:\/\/www.notibras.com\/site\/teatrinho-e-contacao-de-historias-animam-setembro\/#breadcrumb"},"inLanguage":"pt-BR","potentialAction":[{"@type":"ReadAction","target":["https:\/\/www.notibras.com\/site\/teatrinho-e-contacao-de-historias-animam-setembro\/"]}]},{"@type":"ImageObject","inLanguage":"pt-BR","@id":"https:\/\/www.notibras.com\/site\/teatrinho-e-contacao-de-historias-animam-setembro\/#primaryimage","url":"https:\/\/www.notibras.com\/site\/wp-content\/uploads\/2023\/09\/tres-porquinhos.jpg","contentUrl":"https:\/\/www.notibras.com\/site\/wp-content\/uploads\/2023\/09\/tres-porquinhos.jpg","width":1066,"height":1600},{"@type":"BreadcrumbList","@id":"https:\/\/www.notibras.com\/site\/teatrinho-e-contacao-de-historias-animam-setembro\/#breadcrumb","itemListElement":[{"@type":"ListItem","position":1,"name":"In\u00edcio","item":"https:\/\/www.notibras.com\/site\/"},{"@type":"ListItem","position":2,"name":"Teatrinho e conta\u00e7\u00e3o de hist\u00f3rias animam setembro"}]},{"@type":"WebSite","@id":"https:\/\/www.notibras.com\/site\/#website","url":"https:\/\/www.notibras.com\/site\/","name":"Notibras","description":"Not\u00edcias de Bras\u00edlia, do Brasil e do Mundo","publisher":{"@id":"https:\/\/www.notibras.com\/site\/#organization"},"potentialAction":[{"@type":"SearchAction","target":{"@type":"EntryPoint","urlTemplate":"https:\/\/www.notibras.com\/site\/?s={search_term_string}"},"query-input":{"@type":"PropertyValueSpecification","valueRequired":true,"valueName":"search_term_string"}}],"inLanguage":"pt-BR"},{"@type":"Organization","@id":"https:\/\/www.notibras.com\/site\/#organization","name":"Grupo Notibras de Comunica\u00e7\u00e3o","url":"https:\/\/www.notibras.com\/site\/","logo":{"@type":"ImageObject","inLanguage":"pt-BR","@id":"https:\/\/www.notibras.com\/site\/#\/schema\/logo\/image\/","url":"https:\/\/www.notibras.com\/site\/wp-content\/uploads\/2023\/01\/notibras23.png","contentUrl":"https:\/\/www.notibras.com\/site\/wp-content\/uploads\/2023\/01\/notibras23.png","width":350,"height":87,"caption":"Grupo Notibras de Comunica\u00e7\u00e3o"},"image":{"@id":"https:\/\/www.notibras.com\/site\/#\/schema\/logo\/image\/"},"sameAs":["https:\/\/www.facebook.com\/notibras\/","https:\/\/x.com\/Notibras","https:\/\/www.instagram.com\/notibras\/"]},{"@type":"Person","@id":"https:\/\/www.notibras.com\/site\/#\/schema\/person\/36ab0979449956132d3e5b517ea76ac8","name":"Reda\u00e7\u00e3o","image":{"@type":"ImageObject","inLanguage":"pt-BR","@id":"https:\/\/secure.gravatar.com\/avatar\/e0a867bdedb85fd243eadf09663511f96fc81e0720a4a42581f334ad4303aa6b?s=96&d=mm&r=g","url":"https:\/\/secure.gravatar.com\/avatar\/e0a867bdedb85fd243eadf09663511f96fc81e0720a4a42581f334ad4303aa6b?s=96&d=mm&r=g","contentUrl":"https:\/\/secure.gravatar.com\/avatar\/e0a867bdedb85fd243eadf09663511f96fc81e0720a4a42581f334ad4303aa6b?s=96&d=mm&r=g","caption":"Reda\u00e7\u00e3o"}}]}},"amp_enabled":true,"_links":{"self":[{"href":"https:\/\/www.notibras.com\/site\/wp-json\/wp\/v2\/posts\/312154","targetHints":{"allow":["GET"]}}],"collection":[{"href":"https:\/\/www.notibras.com\/site\/wp-json\/wp\/v2\/posts"}],"about":[{"href":"https:\/\/www.notibras.com\/site\/wp-json\/wp\/v2\/types\/post"}],"author":[{"embeddable":true,"href":"https:\/\/www.notibras.com\/site\/wp-json\/wp\/v2\/users\/2"}],"replies":[{"embeddable":true,"href":"https:\/\/www.notibras.com\/site\/wp-json\/wp\/v2\/comments?post=312154"}],"version-history":[{"count":1,"href":"https:\/\/www.notibras.com\/site\/wp-json\/wp\/v2\/posts\/312154\/revisions"}],"predecessor-version":[{"id":312156,"href":"https:\/\/www.notibras.com\/site\/wp-json\/wp\/v2\/posts\/312154\/revisions\/312156"}],"wp:featuredmedia":[{"embeddable":true,"href":"https:\/\/www.notibras.com\/site\/wp-json\/wp\/v2\/media\/312155"}],"wp:attachment":[{"href":"https:\/\/www.notibras.com\/site\/wp-json\/wp\/v2\/media?parent=312154"}],"wp:term":[{"taxonomy":"category","embeddable":true,"href":"https:\/\/www.notibras.com\/site\/wp-json\/wp\/v2\/categories?post=312154"},{"taxonomy":"post_tag","embeddable":true,"href":"https:\/\/www.notibras.com\/site\/wp-json\/wp\/v2\/tags?post=312154"}],"curies":[{"name":"wp","href":"https:\/\/api.w.org\/{rel}","templated":true}]}}