{"id":312196,"date":"2023-09-05T04:57:26","date_gmt":"2023-09-05T07:57:26","guid":{"rendered":"https:\/\/www.notibras.com\/site\/?p=312196"},"modified":"2023-09-05T08:56:22","modified_gmt":"2023-09-05T11:56:22","slug":"quem-casa-quer-casa-e-guara-e-trocado-por-praia","status":"publish","type":"post","link":"https:\/\/www.notibras.com\/site\/quem-casa-quer-casa-e-guara-e-trocado-por-praia\/","title":{"rendered":"Quem casa quer casa, e Guar\u00e1 \u00e9 trocado por praia"},"content":{"rendered":"<p>Carlota, por detr\u00e1s daqueles \u00f3culos escuros, usados at\u00e9 nas noites mais sombrias, adorava observar os outros. De t\u00e3o observadora, era capaz de afirmar, sem qualquer sombra de d\u00favida, quantos passos cada membro da fam\u00edlia dava at\u00e9 o banheiro todas as manh\u00e3s. Agnaldo, o marido, arrastava a perna esquerda por conta de um fur\u00fanculo mal curado. Todavia, o velho insistia em dizer que era por conta da guerra, mesmo que n\u00e3o tenha enfrentado qualquer uma, a n\u00e3o ser a luta contra lombrigueira durante a inf\u00e2ncia em Caxias, a famosa terra de Gon\u00e7alves Dias, t\u00e3o cantada por Luiz Gonzaga.<\/p>\n<p>Alberto e Roberto, os g\u00eameos, quase n\u00e3o paravam em casa, enquanto S\u00f4nia, a \u00fanica dos tr\u00eas filhos que se sustentava e ainda ajudava nas despesas, andava \u00e0 procura de um marido que prestasse. Os horm\u00f4nios, cada vez mais ausentes, diziam que era agora ou nunca.<\/p>\n<p>A velha adorava arrumar intriga com a filha, que era a mais nova. N\u00e3o que S\u00f4nia fosse merecedora de tamanha persegui\u00e7\u00e3o. Era o que se pode chamar de boa filha. Por outro lado, era toda mimos com os g\u00eameos, dois not\u00f3rios vagabundos no alto dos 50 anos. Os dois viviam como adolescentes, \u00e0s custas da aposentadoria dos pais. \u00c9 certo que de vez em quando conseguiam um emprego aqui e ali, mas logo eram despedidos por pura falta de compromisso com o hor\u00e1rio e o trabalho. Atrasavam quase sempre, menos aos domingos e feriados, dias das folgas.<\/p>\n<p>Foi numa sexta-feira, durante o caf\u00e9 da manh\u00e3, que S\u00f4nia resolveu contar a novidade, que tanto guardara por medo de n\u00e3o dar certo. Supersti\u00e7\u00f5es, diriam alguns. Seja como for, ela se virou para os pais e os irm\u00e3os, todos sentados \u00e0 mesa. Disse que precisava lhes contar algo muito bom, que mudaria a sua vida. Todos a olharam espantados, especialmente Carlota, que n\u00e3o conseguia disfar\u00e7ar a ansiedade por detr\u00e1s dos \u00f3culos escuros.<\/p>\n<p>S\u00f4nia, com um sorriso maior que a pr\u00f3pria cara, disse que iria se casar com Juvenal, seu colega no Banco do Brasil. A fam\u00edlia sabia muito bem quem era o tal homem, mas todos imaginaram que se tratava de apenas mais um namorico da parenta. Carlota, sem saber nem mesmo os detalhes, j\u00e1 quis protestar. Ela, talvez por h\u00e1bito herdado, precisava discordar da sua filha.<\/p>\n<p>_ Veja bem! Voc\u00ea nem conhece o rapaz direito. Al\u00e9m do mais&#8230;<\/p>\n<p>A filha nem escutou as palavras da m\u00e3e ou, se ouviu, fez quest\u00e3o de fingir que n\u00e3o. O que se sabe \u00e9 que o cas\u00f3rio aconteceu no m\u00eas seguinte. S\u00f4nia e Juvenal se casaram apenas no civil. At\u00e9 prometeram uma cerim\u00f4nia para os mais chegados, coisa que nunca aconteceu. Sa\u00edram em lua de mel para Jo\u00e3o Pessoa. Gostaram tanto do lugar, que pediram para serem transferidos para uma ag\u00eancia naquela cidade.<\/p>\n<p>Carlota andou calada por um bom tempo. Quase n\u00e3o dizia uma palavra sequer durante o caf\u00e9 da manh\u00e3. Diante do marido manco e dos filhos, sentia falta de S\u00f4nia. Ela ouvia as idiotices de Roberto, ao mesmo tempo em que observava a cara de imbecil de Alberto. Dois trastes in\u00fateis! Foi a gota d&#8217;\u00e1gua que faltava. Naquele dia mesmo ela comprou duas passagens de ida: uma para ela e outra pro Agnaldo. Iriam visitar a filha e, finalmente, conhecer o neto, que, diziam, corria pelas areias da praia de Cabo Branco. Parece que gostaram tanto, que j\u00e1 faz mais de ano que n\u00e3o voltaram para casa, ali no Guar\u00e1.<\/p>\n","protected":false},"excerpt":{"rendered":"<p>Carlota, por detr\u00e1s daqueles \u00f3culos escuros, usados at\u00e9 nas noites mais sombrias, adorava observar os outros. De t\u00e3o observadora, era capaz de afirmar, sem qualquer sombra de d\u00favida, quantos passos cada membro da fam\u00edlia dava at\u00e9 o banheiro todas as manh\u00e3s. Agnaldo, o marido, arrastava a perna esquerda por conta de um fur\u00fanculo mal curado. [&hellip;]<\/p>\n","protected":false},"author":2,"featured_media":312197,"comment_status":"closed","ping_status":"closed","sticky":false,"template":"","format":"standard","meta":{"_acf_changed":false,"footnotes":""},"categories":[161],"tags":[],"class_list":["post-312196","post","type-post","status-publish","format-standard","has-post-thumbnail","hentry","category-quadradinho-em-foco"],"acf":[],"yoast_head":"<!-- This site is optimized with the Yoast SEO plugin v27.2 - https:\/\/yoast.com\/product\/yoast-seo-wordpress\/ -->\n<title>Quem casa quer casa, e Guar\u00e1 \u00e9 trocado por praia - Notibras<\/title>\n<meta name=\"robots\" content=\"index, follow, max-snippet:-1, max-image-preview:large, max-video-preview:-1\" \/>\n<link rel=\"canonical\" href=\"https:\/\/www.notibras.com\/site\/quem-casa-quer-casa-e-guara-e-trocado-por-praia\/\" \/>\n<meta property=\"og:locale\" content=\"pt_BR\" \/>\n<meta property=\"og:type\" content=\"article\" \/>\n<meta property=\"og:title\" content=\"Quem casa quer casa, e Guar\u00e1 \u00e9 trocado por praia - Notibras\" \/>\n<meta property=\"og:description\" content=\"Carlota, por detr\u00e1s daqueles \u00f3culos escuros, usados at\u00e9 nas noites mais sombrias, adorava observar os outros. De t\u00e3o observadora, era capaz de afirmar, sem qualquer sombra de d\u00favida, quantos passos cada membro da fam\u00edlia dava at\u00e9 o banheiro todas as manh\u00e3s. Agnaldo, o marido, arrastava a perna esquerda por conta de um fur\u00fanculo mal curado. [&hellip;]\" \/>\n<meta property=\"og:url\" content=\"https:\/\/www.notibras.com\/site\/quem-casa-quer-casa-e-guara-e-trocado-por-praia\/\" \/>\n<meta property=\"og:site_name\" content=\"Notibras\" \/>\n<meta property=\"article:publisher\" content=\"https:\/\/www.facebook.com\/notibras\/\" \/>\n<meta property=\"article:published_time\" content=\"2023-09-05T07:57:26+00:00\" \/>\n<meta property=\"article:modified_time\" content=\"2023-09-05T11:56:22+00:00\" \/>\n<meta property=\"og:image\" content=\"https:\/\/www.notibras.com\/site\/wp-content\/uploads\/2023\/09\/carlota.jpg\" \/>\n\t<meta property=\"og:image:width\" content=\"576\" \/>\n\t<meta property=\"og:image:height\" content=\"1024\" \/>\n\t<meta property=\"og:image:type\" content=\"image\/jpeg\" \/>\n<meta name=\"author\" content=\"Reda\u00e7\u00e3o\" \/>\n<meta name=\"twitter:card\" content=\"summary_large_image\" \/>\n<meta name=\"twitter:creator\" content=\"@Notibras\" \/>\n<meta name=\"twitter:site\" content=\"@Notibras\" \/>\n<meta name=\"twitter:label1\" content=\"Escrito por\" \/>\n\t<meta name=\"twitter:data1\" content=\"Reda\u00e7\u00e3o\" \/>\n\t<meta name=\"twitter:label2\" content=\"Est. tempo de leitura\" \/>\n\t<meta name=\"twitter:data2\" content=\"4 minutos\" \/>\n<script type=\"application\/ld+json\" class=\"yoast-schema-graph\">{\"@context\":\"https:\/\/schema.org\",\"@graph\":[{\"@type\":\"Article\",\"@id\":\"https:\/\/www.notibras.com\/site\/quem-casa-quer-casa-e-guara-e-trocado-por-praia\/#article\",\"isPartOf\":{\"@id\":\"https:\/\/www.notibras.com\/site\/quem-casa-quer-casa-e-guara-e-trocado-por-praia\/\"},\"author\":{\"name\":\"Reda\u00e7\u00e3o\",\"@id\":\"https:\/\/www.notibras.com\/site\/#\/schema\/person\/36ab0979449956132d3e5b517ea76ac8\"},\"headline\":\"Quem casa quer casa, e Guar\u00e1 \u00e9 trocado por praia\",\"datePublished\":\"2023-09-05T07:57:26+00:00\",\"dateModified\":\"2023-09-05T11:56:22+00:00\",\"mainEntityOfPage\":{\"@id\":\"https:\/\/www.notibras.com\/site\/quem-casa-quer-casa-e-guara-e-trocado-por-praia\/\"},\"wordCount\":620,\"publisher\":{\"@id\":\"https:\/\/www.notibras.com\/site\/#organization\"},\"image\":{\"@id\":\"https:\/\/www.notibras.com\/site\/quem-casa-quer-casa-e-guara-e-trocado-por-praia\/#primaryimage\"},\"thumbnailUrl\":\"https:\/\/www.notibras.com\/site\/wp-content\/uploads\/2023\/09\/carlota.jpg\",\"articleSection\":[\"Quadradinho em Foco\"],\"inLanguage\":\"pt-BR\"},{\"@type\":\"WebPage\",\"@id\":\"https:\/\/www.notibras.com\/site\/quem-casa-quer-casa-e-guara-e-trocado-por-praia\/\",\"url\":\"https:\/\/www.notibras.com\/site\/quem-casa-quer-casa-e-guara-e-trocado-por-praia\/\",\"name\":\"Quem casa quer casa, e Guar\u00e1 \u00e9 trocado por praia - Notibras\",\"isPartOf\":{\"@id\":\"https:\/\/www.notibras.com\/site\/#website\"},\"primaryImageOfPage\":{\"@id\":\"https:\/\/www.notibras.com\/site\/quem-casa-quer-casa-e-guara-e-trocado-por-praia\/#primaryimage\"},\"image\":{\"@id\":\"https:\/\/www.notibras.com\/site\/quem-casa-quer-casa-e-guara-e-trocado-por-praia\/#primaryimage\"},\"thumbnailUrl\":\"https:\/\/www.notibras.com\/site\/wp-content\/uploads\/2023\/09\/carlota.jpg\",\"datePublished\":\"2023-09-05T07:57:26+00:00\",\"dateModified\":\"2023-09-05T11:56:22+00:00\",\"breadcrumb\":{\"@id\":\"https:\/\/www.notibras.com\/site\/quem-casa-quer-casa-e-guara-e-trocado-por-praia\/#breadcrumb\"},\"inLanguage\":\"pt-BR\",\"potentialAction\":[{\"@type\":\"ReadAction\",\"target\":[\"https:\/\/www.notibras.com\/site\/quem-casa-quer-casa-e-guara-e-trocado-por-praia\/\"]}]},{\"@type\":\"ImageObject\",\"inLanguage\":\"pt-BR\",\"@id\":\"https:\/\/www.notibras.com\/site\/quem-casa-quer-casa-e-guara-e-trocado-por-praia\/#primaryimage\",\"url\":\"https:\/\/www.notibras.com\/site\/wp-content\/uploads\/2023\/09\/carlota.jpg\",\"contentUrl\":\"https:\/\/www.notibras.com\/site\/wp-content\/uploads\/2023\/09\/carlota.jpg\",\"width\":576,\"height\":1024},{\"@type\":\"BreadcrumbList\",\"@id\":\"https:\/\/www.notibras.com\/site\/quem-casa-quer-casa-e-guara-e-trocado-por-praia\/#breadcrumb\",\"itemListElement\":[{\"@type\":\"ListItem\",\"position\":1,\"name\":\"In\u00edcio\",\"item\":\"https:\/\/www.notibras.com\/site\/\"},{\"@type\":\"ListItem\",\"position\":2,\"name\":\"Quem casa quer casa, e Guar\u00e1 \u00e9 trocado por praia\"}]},{\"@type\":\"WebSite\",\"@id\":\"https:\/\/www.notibras.com\/site\/#website\",\"url\":\"https:\/\/www.notibras.com\/site\/\",\"name\":\"Notibras\",\"description\":\"Not\u00edcias de Bras\u00edlia, do Brasil e do Mundo\",\"publisher\":{\"@id\":\"https:\/\/www.notibras.com\/site\/#organization\"},\"potentialAction\":[{\"@type\":\"SearchAction\",\"target\":{\"@type\":\"EntryPoint\",\"urlTemplate\":\"https:\/\/www.notibras.com\/site\/?s={search_term_string}\"},\"query-input\":{\"@type\":\"PropertyValueSpecification\",\"valueRequired\":true,\"valueName\":\"search_term_string\"}}],\"inLanguage\":\"pt-BR\"},{\"@type\":\"Organization\",\"@id\":\"https:\/\/www.notibras.com\/site\/#organization\",\"name\":\"Grupo Notibras de Comunica\u00e7\u00e3o\",\"url\":\"https:\/\/www.notibras.com\/site\/\",\"logo\":{\"@type\":\"ImageObject\",\"inLanguage\":\"pt-BR\",\"@id\":\"https:\/\/www.notibras.com\/site\/#\/schema\/logo\/image\/\",\"url\":\"https:\/\/www.notibras.com\/site\/wp-content\/uploads\/2023\/01\/notibras23.png\",\"contentUrl\":\"https:\/\/www.notibras.com\/site\/wp-content\/uploads\/2023\/01\/notibras23.png\",\"width\":350,\"height\":87,\"caption\":\"Grupo Notibras de Comunica\u00e7\u00e3o\"},\"image\":{\"@id\":\"https:\/\/www.notibras.com\/site\/#\/schema\/logo\/image\/\"},\"sameAs\":[\"https:\/\/www.facebook.com\/notibras\/\",\"https:\/\/x.com\/Notibras\",\"https:\/\/www.instagram.com\/notibras\/\"]},{\"@type\":\"Person\",\"@id\":\"https:\/\/www.notibras.com\/site\/#\/schema\/person\/36ab0979449956132d3e5b517ea76ac8\",\"name\":\"Reda\u00e7\u00e3o\",\"image\":{\"@type\":\"ImageObject\",\"inLanguage\":\"pt-BR\",\"@id\":\"https:\/\/secure.gravatar.com\/avatar\/e0a867bdedb85fd243eadf09663511f96fc81e0720a4a42581f334ad4303aa6b?s=96&d=mm&r=g\",\"url\":\"https:\/\/secure.gravatar.com\/avatar\/e0a867bdedb85fd243eadf09663511f96fc81e0720a4a42581f334ad4303aa6b?s=96&d=mm&r=g\",\"contentUrl\":\"https:\/\/secure.gravatar.com\/avatar\/e0a867bdedb85fd243eadf09663511f96fc81e0720a4a42581f334ad4303aa6b?s=96&d=mm&r=g\",\"caption\":\"Reda\u00e7\u00e3o\"}}]}<\/script>\n<!-- \/ Yoast SEO plugin. -->","yoast_head_json":{"title":"Quem casa quer casa, e Guar\u00e1 \u00e9 trocado por praia - Notibras","robots":{"index":"index","follow":"follow","max-snippet":"max-snippet:-1","max-image-preview":"max-image-preview:large","max-video-preview":"max-video-preview:-1"},"canonical":"https:\/\/www.notibras.com\/site\/quem-casa-quer-casa-e-guara-e-trocado-por-praia\/","og_locale":"pt_BR","og_type":"article","og_title":"Quem casa quer casa, e Guar\u00e1 \u00e9 trocado por praia - Notibras","og_description":"Carlota, por detr\u00e1s daqueles \u00f3culos escuros, usados at\u00e9 nas noites mais sombrias, adorava observar os outros. De t\u00e3o observadora, era capaz de afirmar, sem qualquer sombra de d\u00favida, quantos passos cada membro da fam\u00edlia dava at\u00e9 o banheiro todas as manh\u00e3s. Agnaldo, o marido, arrastava a perna esquerda por conta de um fur\u00fanculo mal curado. [&hellip;]","og_url":"https:\/\/www.notibras.com\/site\/quem-casa-quer-casa-e-guara-e-trocado-por-praia\/","og_site_name":"Notibras","article_publisher":"https:\/\/www.facebook.com\/notibras\/","article_published_time":"2023-09-05T07:57:26+00:00","article_modified_time":"2023-09-05T11:56:22+00:00","og_image":[{"width":576,"height":1024,"url":"https:\/\/www.notibras.com\/site\/wp-content\/uploads\/2023\/09\/carlota.jpg","type":"image\/jpeg"}],"author":"Reda\u00e7\u00e3o","twitter_card":"summary_large_image","twitter_creator":"@Notibras","twitter_site":"@Notibras","twitter_misc":{"Escrito por":"Reda\u00e7\u00e3o","Est. tempo de leitura":"4 minutos"},"schema":{"@context":"https:\/\/schema.org","@graph":[{"@type":"Article","@id":"https:\/\/www.notibras.com\/site\/quem-casa-quer-casa-e-guara-e-trocado-por-praia\/#article","isPartOf":{"@id":"https:\/\/www.notibras.com\/site\/quem-casa-quer-casa-e-guara-e-trocado-por-praia\/"},"author":{"name":"Reda\u00e7\u00e3o","@id":"https:\/\/www.notibras.com\/site\/#\/schema\/person\/36ab0979449956132d3e5b517ea76ac8"},"headline":"Quem casa quer casa, e Guar\u00e1 \u00e9 trocado por praia","datePublished":"2023-09-05T07:57:26+00:00","dateModified":"2023-09-05T11:56:22+00:00","mainEntityOfPage":{"@id":"https:\/\/www.notibras.com\/site\/quem-casa-quer-casa-e-guara-e-trocado-por-praia\/"},"wordCount":620,"publisher":{"@id":"https:\/\/www.notibras.com\/site\/#organization"},"image":{"@id":"https:\/\/www.notibras.com\/site\/quem-casa-quer-casa-e-guara-e-trocado-por-praia\/#primaryimage"},"thumbnailUrl":"https:\/\/www.notibras.com\/site\/wp-content\/uploads\/2023\/09\/carlota.jpg","articleSection":["Quadradinho em Foco"],"inLanguage":"pt-BR"},{"@type":"WebPage","@id":"https:\/\/www.notibras.com\/site\/quem-casa-quer-casa-e-guara-e-trocado-por-praia\/","url":"https:\/\/www.notibras.com\/site\/quem-casa-quer-casa-e-guara-e-trocado-por-praia\/","name":"Quem casa quer casa, e Guar\u00e1 \u00e9 trocado por praia - Notibras","isPartOf":{"@id":"https:\/\/www.notibras.com\/site\/#website"},"primaryImageOfPage":{"@id":"https:\/\/www.notibras.com\/site\/quem-casa-quer-casa-e-guara-e-trocado-por-praia\/#primaryimage"},"image":{"@id":"https:\/\/www.notibras.com\/site\/quem-casa-quer-casa-e-guara-e-trocado-por-praia\/#primaryimage"},"thumbnailUrl":"https:\/\/www.notibras.com\/site\/wp-content\/uploads\/2023\/09\/carlota.jpg","datePublished":"2023-09-05T07:57:26+00:00","dateModified":"2023-09-05T11:56:22+00:00","breadcrumb":{"@id":"https:\/\/www.notibras.com\/site\/quem-casa-quer-casa-e-guara-e-trocado-por-praia\/#breadcrumb"},"inLanguage":"pt-BR","potentialAction":[{"@type":"ReadAction","target":["https:\/\/www.notibras.com\/site\/quem-casa-quer-casa-e-guara-e-trocado-por-praia\/"]}]},{"@type":"ImageObject","inLanguage":"pt-BR","@id":"https:\/\/www.notibras.com\/site\/quem-casa-quer-casa-e-guara-e-trocado-por-praia\/#primaryimage","url":"https:\/\/www.notibras.com\/site\/wp-content\/uploads\/2023\/09\/carlota.jpg","contentUrl":"https:\/\/www.notibras.com\/site\/wp-content\/uploads\/2023\/09\/carlota.jpg","width":576,"height":1024},{"@type":"BreadcrumbList","@id":"https:\/\/www.notibras.com\/site\/quem-casa-quer-casa-e-guara-e-trocado-por-praia\/#breadcrumb","itemListElement":[{"@type":"ListItem","position":1,"name":"In\u00edcio","item":"https:\/\/www.notibras.com\/site\/"},{"@type":"ListItem","position":2,"name":"Quem casa quer casa, e Guar\u00e1 \u00e9 trocado por praia"}]},{"@type":"WebSite","@id":"https:\/\/www.notibras.com\/site\/#website","url":"https:\/\/www.notibras.com\/site\/","name":"Notibras","description":"Not\u00edcias de Bras\u00edlia, do Brasil e do Mundo","publisher":{"@id":"https:\/\/www.notibras.com\/site\/#organization"},"potentialAction":[{"@type":"SearchAction","target":{"@type":"EntryPoint","urlTemplate":"https:\/\/www.notibras.com\/site\/?s={search_term_string}"},"query-input":{"@type":"PropertyValueSpecification","valueRequired":true,"valueName":"search_term_string"}}],"inLanguage":"pt-BR"},{"@type":"Organization","@id":"https:\/\/www.notibras.com\/site\/#organization","name":"Grupo Notibras de Comunica\u00e7\u00e3o","url":"https:\/\/www.notibras.com\/site\/","logo":{"@type":"ImageObject","inLanguage":"pt-BR","@id":"https:\/\/www.notibras.com\/site\/#\/schema\/logo\/image\/","url":"https:\/\/www.notibras.com\/site\/wp-content\/uploads\/2023\/01\/notibras23.png","contentUrl":"https:\/\/www.notibras.com\/site\/wp-content\/uploads\/2023\/01\/notibras23.png","width":350,"height":87,"caption":"Grupo Notibras de Comunica\u00e7\u00e3o"},"image":{"@id":"https:\/\/www.notibras.com\/site\/#\/schema\/logo\/image\/"},"sameAs":["https:\/\/www.facebook.com\/notibras\/","https:\/\/x.com\/Notibras","https:\/\/www.instagram.com\/notibras\/"]},{"@type":"Person","@id":"https:\/\/www.notibras.com\/site\/#\/schema\/person\/36ab0979449956132d3e5b517ea76ac8","name":"Reda\u00e7\u00e3o","image":{"@type":"ImageObject","inLanguage":"pt-BR","@id":"https:\/\/secure.gravatar.com\/avatar\/e0a867bdedb85fd243eadf09663511f96fc81e0720a4a42581f334ad4303aa6b?s=96&d=mm&r=g","url":"https:\/\/secure.gravatar.com\/avatar\/e0a867bdedb85fd243eadf09663511f96fc81e0720a4a42581f334ad4303aa6b?s=96&d=mm&r=g","contentUrl":"https:\/\/secure.gravatar.com\/avatar\/e0a867bdedb85fd243eadf09663511f96fc81e0720a4a42581f334ad4303aa6b?s=96&d=mm&r=g","caption":"Reda\u00e7\u00e3o"}}]}},"amp_enabled":true,"_links":{"self":[{"href":"https:\/\/www.notibras.com\/site\/wp-json\/wp\/v2\/posts\/312196","targetHints":{"allow":["GET"]}}],"collection":[{"href":"https:\/\/www.notibras.com\/site\/wp-json\/wp\/v2\/posts"}],"about":[{"href":"https:\/\/www.notibras.com\/site\/wp-json\/wp\/v2\/types\/post"}],"author":[{"embeddable":true,"href":"https:\/\/www.notibras.com\/site\/wp-json\/wp\/v2\/users\/2"}],"replies":[{"embeddable":true,"href":"https:\/\/www.notibras.com\/site\/wp-json\/wp\/v2\/comments?post=312196"}],"version-history":[{"count":4,"href":"https:\/\/www.notibras.com\/site\/wp-json\/wp\/v2\/posts\/312196\/revisions"}],"predecessor-version":[{"id":312272,"href":"https:\/\/www.notibras.com\/site\/wp-json\/wp\/v2\/posts\/312196\/revisions\/312272"}],"wp:featuredmedia":[{"embeddable":true,"href":"https:\/\/www.notibras.com\/site\/wp-json\/wp\/v2\/media\/312197"}],"wp:attachment":[{"href":"https:\/\/www.notibras.com\/site\/wp-json\/wp\/v2\/media?parent=312196"}],"wp:term":[{"taxonomy":"category","embeddable":true,"href":"https:\/\/www.notibras.com\/site\/wp-json\/wp\/v2\/categories?post=312196"},{"taxonomy":"post_tag","embeddable":true,"href":"https:\/\/www.notibras.com\/site\/wp-json\/wp\/v2\/tags?post=312196"}],"curies":[{"name":"wp","href":"https:\/\/api.w.org\/{rel}","templated":true}]}}