{"id":312203,"date":"2023-09-05T00:15:04","date_gmt":"2023-09-05T03:15:04","guid":{"rendered":"https:\/\/www.notibras.com\/site\/?p=312203"},"modified":"2023-09-05T05:18:43","modified_gmt":"2023-09-05T08:18:43","slug":"feminicidios-crescem-45-neste-ano-em-relacao-a-2022","status":"publish","type":"post","link":"https:\/\/www.notibras.com\/site\/feminicidios-crescem-45-neste-ano-em-relacao-a-2022\/","title":{"rendered":"Feminic\u00eddios crescem 45% neste ano em rela\u00e7\u00e3o a 2022"},"content":{"rendered":"<p>Faltando quatro meses para acabar o ano, o n\u00famero de mulheres assassinadas em 2023 no Distrito Federal j\u00e1 supera em mais de 45% os feminic\u00eddios do ano passado inteiro.<\/p>\n<p>Enquanto em 2022 foram 17 casos, neste ano o n\u00famero j\u00e1 chega a 25. Os dados s\u00e3o da Secretaria de Seguran\u00e7a P\u00fablica do DF e foram atualizados at\u00e9 o dia 29 de agosto.<\/p>\n<p>Oito em cada dez mulheres assassinadas eram m\u00e3es e praticamente sete em cada dez foram mortas dentro de casa. Em 84% dos casos, as mulheres j\u00e1 tinham sofrido viol\u00eancia antes de serem assassinadas.<\/p>\n<p>Gisele Ferreira, secret\u00e1ria da Mulher do DF, diz que n\u00e3o d\u00e1 para colocar um policial em cada casa e por isso \u00e9 preciso que a mulher denuncie os abusos antes que o pior aconte\u00e7a.<\/p>\n<p>&#8220;N\u00f3s estamos intensificando cada vez mais o acolhimento, falando que a mulher tem que procurar ajuda, tem que denunciar e que existem v\u00e1rias formas de viol\u00eancia, porque antes do feminic\u00eddio eles d\u00e3o sinais: come\u00e7am com um empurr\u00e3o, com palavras&#8221;, disse Gisele. &#8220;Ent\u00e3o, a gente tem que colocar toda a sociedade para unir esfor\u00e7os&#8221;.<\/p>\n<p>Dados da Secretaria de Seguran\u00e7a P\u00fablica mostram que em mais da metade dos casos (52%) registrados neste ano as mulheres j\u00e1 tinham feito boletins de ocorr\u00eancia.<\/p>\n<p>Para o secret\u00e1rio de Seguran\u00e7a P\u00fablica, Sandro Avelar, \u00e9 preciso que a solu\u00e7\u00e3o para o problema seja cobrada n\u00e3o s\u00f3 do Poder P\u00fablico, mas de toda a sociedade.<\/p>\n<p>&#8220;\u00c9 necess\u00e1ria essa integra\u00e7\u00e3o de v\u00e1rias areas de governo, mas n\u00e3o \u00e9 s\u00f3 isso. H\u00e1 que se cobrar o engajamento da sociedade civil. Tem que participar. A imprensa \u00e9 importantissima nesse processo. Ent\u00e3o, a gente tem difundido na Secretaria de Seguran\u00e7a P\u00fablica, como uma meta, esse engajamento da popula\u00e7\u00e3o por meio das den\u00fancias e isso demanda mudan\u00e7a de cultura&#8221;.<\/p>\n<p>Tha\u00eds Oliveira, do Movimento de Mulheres Olga Ben\u00e1rio, defende a reabertura da Casa Ieda Delgado, refer\u00eancia no atendimento a mulheres v\u00edtimas de viol\u00eancia e que funcionava em um im\u00f3vel abandonado no Guar\u00e1, regi\u00e3o administrativa do DF. Uma a\u00e7\u00e3o de reintegra\u00e7\u00e3o de posse movida pelo pr\u00f3prio governo do Distrito Federal fechou o servi\u00e7o. Ela explica que o processo para a reabertura do local est\u00e1 na Justi\u00e7a, mas que o governo vem argumentando no tribunal que os servi\u00e7os que presta j\u00e1 s\u00e3o suficientes.<\/p>\n<p>&#8220;Gostar\u00edamos de ter um im\u00f3vel que estivesse abandonado pra conseguir fazer esse atendimento \u00e0s mulheres, proporcionar abrigo, acolhimento e tamb\u00e9m ser um centro de informa\u00e7\u00e3o sobre como se prevenir, quais os equipamentos do Estado est\u00e3o dispon\u00edveis para o combate \u00e0 viol\u00eancia contra a mulher. O principal argumento deles \u00e9 que o governo j\u00e1 faz o suficiente, que o governo disp\u00f5e de equipamentos como o pr\u00f3-vitima, como a casa da mulher brasileira. Ou seja, para o governo os feminic\u00eddios que existem s\u00e3o n\u00fameros pequenos&#8221;.<\/p>\n<p>Em todo o Distrito Federal existem apenas duas delegacias especializadas de atendimento \u00e0 mulher, uma na Asa Sul e outra na regi\u00e3o administrativa de Ceil\u00e2ndia. Existe apenas uma Casa da Mulher Brasileira, tamb\u00e9m em Ceil\u00e2ndia, que oferece atendimento especializado a v\u00edtimas de viol\u00eancia. A unidade da Asa Norte foi interditada em 2018 pela Defesa Civil, porque o pr\u00e9dio apresentava problemas estruturais, e nunca foi reaberta.<\/p>\n","protected":false},"excerpt":{"rendered":"<p>Faltando quatro meses para acabar o ano, o n\u00famero de mulheres assassinadas em 2023 no Distrito Federal j\u00e1 supera em mais de 45% os feminic\u00eddios do ano passado inteiro. Enquanto em 2022 foram 17 casos, neste ano o n\u00famero j\u00e1 chega a 25. Os dados s\u00e3o da Secretaria de Seguran\u00e7a P\u00fablica do DF e foram [&hellip;]<\/p>\n","protected":false},"author":2,"featured_media":312204,"comment_status":"closed","ping_status":"closed","sticky":false,"template":"","format":"standard","meta":{"_acf_changed":false,"footnotes":""},"categories":[161],"tags":[],"class_list":["post-312203","post","type-post","status-publish","format-standard","has-post-thumbnail","hentry","category-quadradinho-em-foco"],"acf":[],"yoast_head":"<!-- This site is optimized with the Yoast SEO plugin v27.2 - https:\/\/yoast.com\/product\/yoast-seo-wordpress\/ -->\n<title>Feminic\u00eddios crescem 45% neste ano em rela\u00e7\u00e3o a 2022 - Notibras<\/title>\n<meta name=\"robots\" content=\"index, follow, max-snippet:-1, max-image-preview:large, max-video-preview:-1\" \/>\n<link rel=\"canonical\" href=\"https:\/\/www.notibras.com\/site\/feminicidios-crescem-45-neste-ano-em-relacao-a-2022\/\" \/>\n<meta property=\"og:locale\" content=\"pt_BR\" \/>\n<meta property=\"og:type\" content=\"article\" \/>\n<meta property=\"og:title\" content=\"Feminic\u00eddios crescem 45% neste ano em rela\u00e7\u00e3o a 2022 - Notibras\" \/>\n<meta property=\"og:description\" content=\"Faltando quatro meses para acabar o ano, o n\u00famero de mulheres assassinadas em 2023 no Distrito Federal j\u00e1 supera em mais de 45% os feminic\u00eddios do ano passado inteiro. Enquanto em 2022 foram 17 casos, neste ano o n\u00famero j\u00e1 chega a 25. Os dados s\u00e3o da Secretaria de Seguran\u00e7a P\u00fablica do DF e foram [&hellip;]\" \/>\n<meta property=\"og:url\" content=\"https:\/\/www.notibras.com\/site\/feminicidios-crescem-45-neste-ano-em-relacao-a-2022\/\" \/>\n<meta property=\"og:site_name\" content=\"Notibras\" \/>\n<meta property=\"article:publisher\" content=\"https:\/\/www.facebook.com\/notibras\/\" \/>\n<meta property=\"article:published_time\" content=\"2023-09-05T03:15:04+00:00\" \/>\n<meta property=\"article:modified_time\" content=\"2023-09-05T08:18:43+00:00\" \/>\n<meta property=\"og:image\" content=\"https:\/\/www.notibras.com\/site\/wp-content\/uploads\/2023\/09\/grafiteiros_homenageiam.jpg\" \/>\n\t<meta property=\"og:image:width\" content=\"1170\" \/>\n\t<meta property=\"og:image:height\" content=\"700\" \/>\n\t<meta property=\"og:image:type\" content=\"image\/jpeg\" \/>\n<meta name=\"author\" content=\"Reda\u00e7\u00e3o\" \/>\n<meta name=\"twitter:card\" content=\"summary_large_image\" \/>\n<meta name=\"twitter:creator\" content=\"@Notibras\" \/>\n<meta name=\"twitter:site\" content=\"@Notibras\" \/>\n<meta name=\"twitter:label1\" content=\"Escrito por\" \/>\n\t<meta name=\"twitter:data1\" content=\"Reda\u00e7\u00e3o\" \/>\n\t<meta name=\"twitter:label2\" content=\"Est. tempo de leitura\" \/>\n\t<meta name=\"twitter:data2\" content=\"3 minutos\" \/>\n<script type=\"application\/ld+json\" class=\"yoast-schema-graph\">{\"@context\":\"https:\/\/schema.org\",\"@graph\":[{\"@type\":\"Article\",\"@id\":\"https:\/\/www.notibras.com\/site\/feminicidios-crescem-45-neste-ano-em-relacao-a-2022\/#article\",\"isPartOf\":{\"@id\":\"https:\/\/www.notibras.com\/site\/feminicidios-crescem-45-neste-ano-em-relacao-a-2022\/\"},\"author\":{\"name\":\"Reda\u00e7\u00e3o\",\"@id\":\"https:\/\/www.notibras.com\/site\/#\/schema\/person\/36ab0979449956132d3e5b517ea76ac8\"},\"headline\":\"Feminic\u00eddios crescem 45% neste ano em rela\u00e7\u00e3o a 2022\",\"datePublished\":\"2023-09-05T03:15:04+00:00\",\"dateModified\":\"2023-09-05T08:18:43+00:00\",\"mainEntityOfPage\":{\"@id\":\"https:\/\/www.notibras.com\/site\/feminicidios-crescem-45-neste-ano-em-relacao-a-2022\/\"},\"wordCount\":588,\"publisher\":{\"@id\":\"https:\/\/www.notibras.com\/site\/#organization\"},\"image\":{\"@id\":\"https:\/\/www.notibras.com\/site\/feminicidios-crescem-45-neste-ano-em-relacao-a-2022\/#primaryimage\"},\"thumbnailUrl\":\"https:\/\/www.notibras.com\/site\/wp-content\/uploads\/2023\/09\/grafiteiros_homenageiam.jpg\",\"articleSection\":[\"Quadradinho em Foco\"],\"inLanguage\":\"pt-BR\"},{\"@type\":\"WebPage\",\"@id\":\"https:\/\/www.notibras.com\/site\/feminicidios-crescem-45-neste-ano-em-relacao-a-2022\/\",\"url\":\"https:\/\/www.notibras.com\/site\/feminicidios-crescem-45-neste-ano-em-relacao-a-2022\/\",\"name\":\"Feminic\u00eddios crescem 45% neste ano em rela\u00e7\u00e3o a 2022 - Notibras\",\"isPartOf\":{\"@id\":\"https:\/\/www.notibras.com\/site\/#website\"},\"primaryImageOfPage\":{\"@id\":\"https:\/\/www.notibras.com\/site\/feminicidios-crescem-45-neste-ano-em-relacao-a-2022\/#primaryimage\"},\"image\":{\"@id\":\"https:\/\/www.notibras.com\/site\/feminicidios-crescem-45-neste-ano-em-relacao-a-2022\/#primaryimage\"},\"thumbnailUrl\":\"https:\/\/www.notibras.com\/site\/wp-content\/uploads\/2023\/09\/grafiteiros_homenageiam.jpg\",\"datePublished\":\"2023-09-05T03:15:04+00:00\",\"dateModified\":\"2023-09-05T08:18:43+00:00\",\"breadcrumb\":{\"@id\":\"https:\/\/www.notibras.com\/site\/feminicidios-crescem-45-neste-ano-em-relacao-a-2022\/#breadcrumb\"},\"inLanguage\":\"pt-BR\",\"potentialAction\":[{\"@type\":\"ReadAction\",\"target\":[\"https:\/\/www.notibras.com\/site\/feminicidios-crescem-45-neste-ano-em-relacao-a-2022\/\"]}]},{\"@type\":\"ImageObject\",\"inLanguage\":\"pt-BR\",\"@id\":\"https:\/\/www.notibras.com\/site\/feminicidios-crescem-45-neste-ano-em-relacao-a-2022\/#primaryimage\",\"url\":\"https:\/\/www.notibras.com\/site\/wp-content\/uploads\/2023\/09\/grafiteiros_homenageiam.jpg\",\"contentUrl\":\"https:\/\/www.notibras.com\/site\/wp-content\/uploads\/2023\/09\/grafiteiros_homenageiam.jpg\",\"width\":1170,\"height\":700,\"caption\":\"Jovens decoram com grafites tem\u00e1ticos os muros do Conselho Estadual dos Direitos da Mulher em lembran\u00e7a ao Dia Internacional de Combate \u00e0 Viol\u00eancia Contra a Mulher (Fernando Fraz\u00e3o\/Ag\u00eancia Brasil)\"},{\"@type\":\"BreadcrumbList\",\"@id\":\"https:\/\/www.notibras.com\/site\/feminicidios-crescem-45-neste-ano-em-relacao-a-2022\/#breadcrumb\",\"itemListElement\":[{\"@type\":\"ListItem\",\"position\":1,\"name\":\"In\u00edcio\",\"item\":\"https:\/\/www.notibras.com\/site\/\"},{\"@type\":\"ListItem\",\"position\":2,\"name\":\"Feminic\u00eddios crescem 45% neste ano em rela\u00e7\u00e3o a 2022\"}]},{\"@type\":\"WebSite\",\"@id\":\"https:\/\/www.notibras.com\/site\/#website\",\"url\":\"https:\/\/www.notibras.com\/site\/\",\"name\":\"Notibras\",\"description\":\"Not\u00edcias de Bras\u00edlia, do Brasil e do Mundo\",\"publisher\":{\"@id\":\"https:\/\/www.notibras.com\/site\/#organization\"},\"potentialAction\":[{\"@type\":\"SearchAction\",\"target\":{\"@type\":\"EntryPoint\",\"urlTemplate\":\"https:\/\/www.notibras.com\/site\/?s={search_term_string}\"},\"query-input\":{\"@type\":\"PropertyValueSpecification\",\"valueRequired\":true,\"valueName\":\"search_term_string\"}}],\"inLanguage\":\"pt-BR\"},{\"@type\":\"Organization\",\"@id\":\"https:\/\/www.notibras.com\/site\/#organization\",\"name\":\"Grupo Notibras de Comunica\u00e7\u00e3o\",\"url\":\"https:\/\/www.notibras.com\/site\/\",\"logo\":{\"@type\":\"ImageObject\",\"inLanguage\":\"pt-BR\",\"@id\":\"https:\/\/www.notibras.com\/site\/#\/schema\/logo\/image\/\",\"url\":\"https:\/\/www.notibras.com\/site\/wp-content\/uploads\/2023\/01\/notibras23.png\",\"contentUrl\":\"https:\/\/www.notibras.com\/site\/wp-content\/uploads\/2023\/01\/notibras23.png\",\"width\":350,\"height\":87,\"caption\":\"Grupo Notibras de Comunica\u00e7\u00e3o\"},\"image\":{\"@id\":\"https:\/\/www.notibras.com\/site\/#\/schema\/logo\/image\/\"},\"sameAs\":[\"https:\/\/www.facebook.com\/notibras\/\",\"https:\/\/x.com\/Notibras\",\"https:\/\/www.instagram.com\/notibras\/\"]},{\"@type\":\"Person\",\"@id\":\"https:\/\/www.notibras.com\/site\/#\/schema\/person\/36ab0979449956132d3e5b517ea76ac8\",\"name\":\"Reda\u00e7\u00e3o\",\"image\":{\"@type\":\"ImageObject\",\"inLanguage\":\"pt-BR\",\"@id\":\"https:\/\/secure.gravatar.com\/avatar\/e0a867bdedb85fd243eadf09663511f96fc81e0720a4a42581f334ad4303aa6b?s=96&d=mm&r=g\",\"url\":\"https:\/\/secure.gravatar.com\/avatar\/e0a867bdedb85fd243eadf09663511f96fc81e0720a4a42581f334ad4303aa6b?s=96&d=mm&r=g\",\"contentUrl\":\"https:\/\/secure.gravatar.com\/avatar\/e0a867bdedb85fd243eadf09663511f96fc81e0720a4a42581f334ad4303aa6b?s=96&d=mm&r=g\",\"caption\":\"Reda\u00e7\u00e3o\"}}]}<\/script>\n<!-- \/ Yoast SEO plugin. -->","yoast_head_json":{"title":"Feminic\u00eddios crescem 45% neste ano em rela\u00e7\u00e3o a 2022 - Notibras","robots":{"index":"index","follow":"follow","max-snippet":"max-snippet:-1","max-image-preview":"max-image-preview:large","max-video-preview":"max-video-preview:-1"},"canonical":"https:\/\/www.notibras.com\/site\/feminicidios-crescem-45-neste-ano-em-relacao-a-2022\/","og_locale":"pt_BR","og_type":"article","og_title":"Feminic\u00eddios crescem 45% neste ano em rela\u00e7\u00e3o a 2022 - Notibras","og_description":"Faltando quatro meses para acabar o ano, o n\u00famero de mulheres assassinadas em 2023 no Distrito Federal j\u00e1 supera em mais de 45% os feminic\u00eddios do ano passado inteiro. Enquanto em 2022 foram 17 casos, neste ano o n\u00famero j\u00e1 chega a 25. Os dados s\u00e3o da Secretaria de Seguran\u00e7a P\u00fablica do DF e foram [&hellip;]","og_url":"https:\/\/www.notibras.com\/site\/feminicidios-crescem-45-neste-ano-em-relacao-a-2022\/","og_site_name":"Notibras","article_publisher":"https:\/\/www.facebook.com\/notibras\/","article_published_time":"2023-09-05T03:15:04+00:00","article_modified_time":"2023-09-05T08:18:43+00:00","og_image":[{"width":1170,"height":700,"url":"https:\/\/www.notibras.com\/site\/wp-content\/uploads\/2023\/09\/grafiteiros_homenageiam.jpg","type":"image\/jpeg"}],"author":"Reda\u00e7\u00e3o","twitter_card":"summary_large_image","twitter_creator":"@Notibras","twitter_site":"@Notibras","twitter_misc":{"Escrito por":"Reda\u00e7\u00e3o","Est. tempo de leitura":"3 minutos"},"schema":{"@context":"https:\/\/schema.org","@graph":[{"@type":"Article","@id":"https:\/\/www.notibras.com\/site\/feminicidios-crescem-45-neste-ano-em-relacao-a-2022\/#article","isPartOf":{"@id":"https:\/\/www.notibras.com\/site\/feminicidios-crescem-45-neste-ano-em-relacao-a-2022\/"},"author":{"name":"Reda\u00e7\u00e3o","@id":"https:\/\/www.notibras.com\/site\/#\/schema\/person\/36ab0979449956132d3e5b517ea76ac8"},"headline":"Feminic\u00eddios crescem 45% neste ano em rela\u00e7\u00e3o a 2022","datePublished":"2023-09-05T03:15:04+00:00","dateModified":"2023-09-05T08:18:43+00:00","mainEntityOfPage":{"@id":"https:\/\/www.notibras.com\/site\/feminicidios-crescem-45-neste-ano-em-relacao-a-2022\/"},"wordCount":588,"publisher":{"@id":"https:\/\/www.notibras.com\/site\/#organization"},"image":{"@id":"https:\/\/www.notibras.com\/site\/feminicidios-crescem-45-neste-ano-em-relacao-a-2022\/#primaryimage"},"thumbnailUrl":"https:\/\/www.notibras.com\/site\/wp-content\/uploads\/2023\/09\/grafiteiros_homenageiam.jpg","articleSection":["Quadradinho em Foco"],"inLanguage":"pt-BR"},{"@type":"WebPage","@id":"https:\/\/www.notibras.com\/site\/feminicidios-crescem-45-neste-ano-em-relacao-a-2022\/","url":"https:\/\/www.notibras.com\/site\/feminicidios-crescem-45-neste-ano-em-relacao-a-2022\/","name":"Feminic\u00eddios crescem 45% neste ano em rela\u00e7\u00e3o a 2022 - Notibras","isPartOf":{"@id":"https:\/\/www.notibras.com\/site\/#website"},"primaryImageOfPage":{"@id":"https:\/\/www.notibras.com\/site\/feminicidios-crescem-45-neste-ano-em-relacao-a-2022\/#primaryimage"},"image":{"@id":"https:\/\/www.notibras.com\/site\/feminicidios-crescem-45-neste-ano-em-relacao-a-2022\/#primaryimage"},"thumbnailUrl":"https:\/\/www.notibras.com\/site\/wp-content\/uploads\/2023\/09\/grafiteiros_homenageiam.jpg","datePublished":"2023-09-05T03:15:04+00:00","dateModified":"2023-09-05T08:18:43+00:00","breadcrumb":{"@id":"https:\/\/www.notibras.com\/site\/feminicidios-crescem-45-neste-ano-em-relacao-a-2022\/#breadcrumb"},"inLanguage":"pt-BR","potentialAction":[{"@type":"ReadAction","target":["https:\/\/www.notibras.com\/site\/feminicidios-crescem-45-neste-ano-em-relacao-a-2022\/"]}]},{"@type":"ImageObject","inLanguage":"pt-BR","@id":"https:\/\/www.notibras.com\/site\/feminicidios-crescem-45-neste-ano-em-relacao-a-2022\/#primaryimage","url":"https:\/\/www.notibras.com\/site\/wp-content\/uploads\/2023\/09\/grafiteiros_homenageiam.jpg","contentUrl":"https:\/\/www.notibras.com\/site\/wp-content\/uploads\/2023\/09\/grafiteiros_homenageiam.jpg","width":1170,"height":700,"caption":"Jovens decoram com grafites tem\u00e1ticos os muros do Conselho Estadual dos Direitos da Mulher em lembran\u00e7a ao Dia Internacional de Combate \u00e0 Viol\u00eancia Contra a Mulher (Fernando Fraz\u00e3o\/Ag\u00eancia Brasil)"},{"@type":"BreadcrumbList","@id":"https:\/\/www.notibras.com\/site\/feminicidios-crescem-45-neste-ano-em-relacao-a-2022\/#breadcrumb","itemListElement":[{"@type":"ListItem","position":1,"name":"In\u00edcio","item":"https:\/\/www.notibras.com\/site\/"},{"@type":"ListItem","position":2,"name":"Feminic\u00eddios crescem 45% neste ano em rela\u00e7\u00e3o a 2022"}]},{"@type":"WebSite","@id":"https:\/\/www.notibras.com\/site\/#website","url":"https:\/\/www.notibras.com\/site\/","name":"Notibras","description":"Not\u00edcias de Bras\u00edlia, do Brasil e do Mundo","publisher":{"@id":"https:\/\/www.notibras.com\/site\/#organization"},"potentialAction":[{"@type":"SearchAction","target":{"@type":"EntryPoint","urlTemplate":"https:\/\/www.notibras.com\/site\/?s={search_term_string}"},"query-input":{"@type":"PropertyValueSpecification","valueRequired":true,"valueName":"search_term_string"}}],"inLanguage":"pt-BR"},{"@type":"Organization","@id":"https:\/\/www.notibras.com\/site\/#organization","name":"Grupo Notibras de Comunica\u00e7\u00e3o","url":"https:\/\/www.notibras.com\/site\/","logo":{"@type":"ImageObject","inLanguage":"pt-BR","@id":"https:\/\/www.notibras.com\/site\/#\/schema\/logo\/image\/","url":"https:\/\/www.notibras.com\/site\/wp-content\/uploads\/2023\/01\/notibras23.png","contentUrl":"https:\/\/www.notibras.com\/site\/wp-content\/uploads\/2023\/01\/notibras23.png","width":350,"height":87,"caption":"Grupo Notibras de Comunica\u00e7\u00e3o"},"image":{"@id":"https:\/\/www.notibras.com\/site\/#\/schema\/logo\/image\/"},"sameAs":["https:\/\/www.facebook.com\/notibras\/","https:\/\/x.com\/Notibras","https:\/\/www.instagram.com\/notibras\/"]},{"@type":"Person","@id":"https:\/\/www.notibras.com\/site\/#\/schema\/person\/36ab0979449956132d3e5b517ea76ac8","name":"Reda\u00e7\u00e3o","image":{"@type":"ImageObject","inLanguage":"pt-BR","@id":"https:\/\/secure.gravatar.com\/avatar\/e0a867bdedb85fd243eadf09663511f96fc81e0720a4a42581f334ad4303aa6b?s=96&d=mm&r=g","url":"https:\/\/secure.gravatar.com\/avatar\/e0a867bdedb85fd243eadf09663511f96fc81e0720a4a42581f334ad4303aa6b?s=96&d=mm&r=g","contentUrl":"https:\/\/secure.gravatar.com\/avatar\/e0a867bdedb85fd243eadf09663511f96fc81e0720a4a42581f334ad4303aa6b?s=96&d=mm&r=g","caption":"Reda\u00e7\u00e3o"}}]}},"amp_enabled":true,"_links":{"self":[{"href":"https:\/\/www.notibras.com\/site\/wp-json\/wp\/v2\/posts\/312203","targetHints":{"allow":["GET"]}}],"collection":[{"href":"https:\/\/www.notibras.com\/site\/wp-json\/wp\/v2\/posts"}],"about":[{"href":"https:\/\/www.notibras.com\/site\/wp-json\/wp\/v2\/types\/post"}],"author":[{"embeddable":true,"href":"https:\/\/www.notibras.com\/site\/wp-json\/wp\/v2\/users\/2"}],"replies":[{"embeddable":true,"href":"https:\/\/www.notibras.com\/site\/wp-json\/wp\/v2\/comments?post=312203"}],"version-history":[{"count":1,"href":"https:\/\/www.notibras.com\/site\/wp-json\/wp\/v2\/posts\/312203\/revisions"}],"predecessor-version":[{"id":312205,"href":"https:\/\/www.notibras.com\/site\/wp-json\/wp\/v2\/posts\/312203\/revisions\/312205"}],"wp:featuredmedia":[{"embeddable":true,"href":"https:\/\/www.notibras.com\/site\/wp-json\/wp\/v2\/media\/312204"}],"wp:attachment":[{"href":"https:\/\/www.notibras.com\/site\/wp-json\/wp\/v2\/media?parent=312203"}],"wp:term":[{"taxonomy":"category","embeddable":true,"href":"https:\/\/www.notibras.com\/site\/wp-json\/wp\/v2\/categories?post=312203"},{"taxonomy":"post_tag","embeddable":true,"href":"https:\/\/www.notibras.com\/site\/wp-json\/wp\/v2\/tags?post=312203"}],"curies":[{"name":"wp","href":"https:\/\/api.w.org\/{rel}","templated":true}]}}