{"id":312213,"date":"2023-09-05T00:09:48","date_gmt":"2023-09-05T03:09:48","guid":{"rendered":"https:\/\/www.notibras.com\/site\/?p=312213"},"modified":"2023-09-05T06:10:25","modified_gmt":"2023-09-05T09:10:25","slug":"mostra-portinari-raros-apresenta-misturas-do-genio-da-arte","status":"publish","type":"post","link":"https:\/\/www.notibras.com\/site\/mostra-portinari-raros-apresenta-misturas-do-genio-da-arte\/","title":{"rendered":"Mostra Portinari Raros apresenta misturas do g\u00eanio da arte"},"content":{"rendered":"<p>As tintas que iluminaram os pinc\u00e9is de Candido Portinari (1903 &#8211; 1962) misturam-se entre a Brodowski (SP), em que nasceu, e o mundo. Entre a den\u00fancia e a ternura. Entre o figurativo e o surreal. Cores de passado e de olhares \u00e0 frente do tempo. Entre as sacas de caf\u00e9 e a enxada nas m\u00e3os do homem negro. Entre o afeto ao pa\u00eds \u00e0 revolta contra as injusti\u00e7as. Entre o alerta sobre guerras ao desejo de paz.<\/p>\n<p>Na exposi\u00e7\u00e3o Portinari Raro, que estreou na \u00faltima semana no Centro Cultural Banco do Brasil, em Bras\u00edlia, com entrada gratuita, mais de 200 obras menos conhecidas ou at\u00e9 desconhecidas do grande p\u00fablico revelam a genialidade do artista de m\u00faltiplas tintas inconformadas.<\/p>\n<p>\u201cOs grandes temas s\u00e3o sociais, mas tamb\u00e9m h\u00e1 aspectos da inf\u00e2ncia, do trabalho no campo e na cidade, os tipos populares, as festas, o folclore, a fauna, a flora e a paisagem\u201d, explica o professor Jo\u00e3o Candido Portinari, filho do artista e respons\u00e1vel pelo Projeto Portinari, que tem a miss\u00e3o de democratizar o acesso \u00e0 arte plural do pai.<\/p>\n<p><strong>Desde o come\u00e7o<\/strong><br \/>\nNa exposi\u00e7\u00e3o em Bras\u00edlia, que tem curadoria de Marcello Dantas, h\u00e1 obras de diferentes fases da vida de Portinari, como a rar\u00edssima Baile na Ro\u00e7a, produzida em 1923, quando o artista tinha apenas 20 anos de idade. \u00c9 a primeira com tem\u00e1tica nacional. Segundo o filho do artista, como o quadro n\u00e3o foi bem aceito na \u00e9poca na Escola de Belas Artes, Portinari, decepcionado, vendeu a obra e nunca mais conseguiu encontrar. \u201cEle passou a vida inteira buscando recuperar o quatro. Morreu sem a emo\u00e7\u00e3o de encontrar a sua tela de juventude\u201d.<\/p>\n<p>O Projeto Portinari a localizou no in\u00edcio dos anos 80. A obra est\u00e1 pela primeira vez em Bras\u00edlia. O quadro homenageia familiares e amigos de Brodowski. Ainda sem as mesmas tintas que o deixariam c\u00e9lebre.<\/p>\n<p>A forma\u00e7\u00e3o pessoal e os ideais nasceriam juntos das dificuldades de pais imigrantes pobres da It\u00e1lia. Eles recome\u00e7aram a vida na lavoura de caf\u00e9. Foi l\u00e1 que o artista descobriu a necessidade de se expressar com tintas e palavras. \u201cPortinari nasceu numa condi\u00e7\u00e3o dif\u00edcil. Ele s\u00f3 conseguiu estudar at\u00e9 a terceira s\u00e9rie. Ele n\u00e3o p\u00f4de continuar porque tinha que ajudar os 11 irm\u00e3os e os pais na colheita do caf\u00e9\u201d, diz o filho pesquisador.<\/p>\n<p>A hist\u00f3ria da fam\u00edlia em Brodowski tem espa\u00e7o na exposi\u00e7\u00e3o e ajuda a entender as origens do pensamento do artista, de sotaque caipira e perspicaz. \u201cPortinari tinha 11 anos de idade quando fez um desenho do maestro Carlos Gomes, copiado de um ma\u00e7o de cigarro que existia antigamente\u201d. Os amigos da cidade ficaram abismados com o talento do garoto criativo. Tanto que se tornou um ilustrador naqueles primeiros anos de arte.<\/p>\n<p><strong>\u201cCuriosidade imensa\u201d<\/strong><br \/>\nO professor explica que Portinari revelou em suas obras curiosidade enorme sobre ci\u00eancia e tecnologia diante da efervesc\u00eancia cultural das primeiras d\u00e9cadas do s\u00e9culo 20. \u201cEle passou a usar elementos matem\u00e1ticos na obra dele\u201d, o que incluiu as propor\u00e7\u00f5es e os estudos crom\u00e1ticos. \u201cPortinari tinha uma curiosidade imensa em saber como os outros artistas pintavam\u201d.<\/p>\n<p>A ternura de rememorar a inf\u00e2ncia, como na obra Jangada e Carca\u00e7a (de 1940), que est\u00e1 entre as dispon\u00edveis na mostra, mostra um Portinari menos conhecido. \u201cUma vez, depois de uma palestra em uma escola, uma garotinha levantou o dedo e disse que o que ela mais havia gostado \u00e9 que, no tempo de Portinari, as crian\u00e7as brincavam \u00e0 noite\u201d. Tocou a crian\u00e7a, assim como emociona o filho em Roda infantil. \u201c\u00c9 a obra que eu mais gosto dessa fase\u201d. Outro trabalho que o marca \u00e9 Meninos com Bal\u00f5es (1951). \u201cImagine emocionar-se pela inf\u00e2ncia aos 84 anos de idade, como eu\u201d. Outra obra que se refere \u00e0 inf\u00e2ncia \u00e9 Menino com Gaiola (1961), momento em que o filho recorda que o pai estaria em um momento de depress\u00e3o.<\/p>\n<p><strong>Mudan\u00e7as de pinc\u00e9is<\/strong><br \/>\nO pesquisador entende que diferentes elementos destacam o valor da natureza para a obra dele, inclusive com caracter\u00edsticas tropicalistas. \u201cSempre tem a paix\u00e3o pelo Brasil, pelo brasileiro, pelos animais\u201d, afirma. Um exemplo est\u00e1 em Flora e Fauna Brasileiras (de 1934).<\/p>\n<p>Ali\u00e1s, para o pesquisador, os anos de 1930 s\u00e3o chave para entender uma mudan\u00e7a de tem\u00e1tica: o olhar passa a ser social, quando passa a pintar fam\u00edlias de retirantes e explora\u00e7\u00e3o. A mostra ainda traz esbo\u00e7os e pain\u00e9is, com estudos de obras cl\u00e1ssicas dele.<\/p>\n<p>J\u00e1 os anos 1940 s\u00e3o, de acordo com o filho-pesquisador, muito produtivos, ora pela den\u00fancia sobre a 2\u00aa Guerra Mundial, em que ele chamava a aten\u00e7\u00e3o para o nazismo, como na obra Gr\u00e1fica (1942), ora pelas obras de outra matriz ou sobre o meio ambiente amea\u00e7ado, como em Bal\u00e9 Iara \u201cPara absorver tudo o que h\u00e1 na exposi\u00e7\u00e3o, \u00e9 preciso mais do que uma visita\u201d, avalia.<\/p>\n<p><strong>Imers\u00e3o<\/strong><br \/>\nEspa\u00e7os interativos na mostra garantem frui\u00e7\u00e3o dos sentidos, como no espa\u00e7o Portinari Imenso, que est\u00e1 no pavilh\u00e3o de vidro, com proje\u00e7\u00e3o de pinturas e trilha sonora original de autoria de Cac\u00e1 Machado. Os bancos improvisados s\u00e3o as sacas de caf\u00e9, e o p\u00fablico fica imerso no pensamento do artista que nasceu h\u00e1 120 anos.<\/p>\n<p>Outra celebra\u00e7\u00e3o agendada \u00e9 que os hist\u00f3ricos pain\u00e9is gigantes de Guerra e Paz, que est\u00e3o na sede da Organiza\u00e7\u00e3o das Na\u00e7\u00f5es Unidas (ONU), devem ser levados temporariamente para o Museu Nacional da China no ano que vem, como celebra\u00e7\u00e3o dos 50 anos das rela\u00e7\u00f5es diplom\u00e1ticas entre o Brasil e aquele pa\u00eds. ]<\/p>\n<p>Esse ser\u00e1 mais um momento de alegria para o professor Jo\u00e3o Candido Portinari, na miss\u00e3o de garantir espa\u00e7o para a genialidade do pai por todo o mundo. &#8220;Quando eu era crian\u00e7a, perguntava para a minha m\u00e3e se meu pai n\u00e3o trabalhava como os outros. Sempre o via pintando e n\u00e3o entendia&#8221;. S\u00f3 depois foi compreender a &#8220;imensid\u00e3o&#8221; do homem-artista. Hoje, o maior objetivo \u00e9 mostrar \u00e0s crian\u00e7as. O projeto disponibiliza 5,4 mil imagens e 30 mil documentos que ajudam a explicar quem \u00e9 Portinari. N\u00e3o para de recolher nem de democratizar o acesso. O professor procura entender o artista, e o filho vibra a cada encontro com o pai.<\/p>\n","protected":false},"excerpt":{"rendered":"<p>As tintas que iluminaram os pinc\u00e9is de Candido Portinari (1903 &#8211; 1962) misturam-se entre a Brodowski (SP), em que nasceu, e o mundo. Entre a den\u00fancia e a ternura. Entre o figurativo e o surreal. Cores de passado e de olhares \u00e0 frente do tempo. Entre as sacas de caf\u00e9 e a enxada nas m\u00e3os [&hellip;]<\/p>\n","protected":false},"author":2,"featured_media":312214,"comment_status":"closed","ping_status":"closed","sticky":false,"template":"","format":"standard","meta":{"_acf_changed":false,"footnotes":""},"categories":[161],"tags":[95],"class_list":["post-312213","post","type-post","status-publish","format-standard","has-post-thumbnail","hentry","category-quadradinho-em-foco","tag-capa"],"acf":[],"yoast_head":"<!-- This site is optimized with the Yoast SEO plugin v27.2 - https:\/\/yoast.com\/product\/yoast-seo-wordpress\/ -->\n<title>Mostra Portinari Raros apresenta misturas do g\u00eanio da arte - Notibras<\/title>\n<meta name=\"robots\" content=\"index, follow, max-snippet:-1, max-image-preview:large, max-video-preview:-1\" \/>\n<link rel=\"canonical\" href=\"https:\/\/www.notibras.com\/site\/mostra-portinari-raros-apresenta-misturas-do-genio-da-arte\/\" \/>\n<meta property=\"og:locale\" content=\"pt_BR\" \/>\n<meta property=\"og:type\" content=\"article\" \/>\n<meta property=\"og:title\" content=\"Mostra Portinari Raros apresenta misturas do g\u00eanio da arte - Notibras\" \/>\n<meta property=\"og:description\" content=\"As tintas que iluminaram os pinc\u00e9is de Candido Portinari (1903 &#8211; 1962) misturam-se entre a Brodowski (SP), em que nasceu, e o mundo. Entre a den\u00fancia e a ternura. Entre o figurativo e o surreal. Cores de passado e de olhares \u00e0 frente do tempo. Entre as sacas de caf\u00e9 e a enxada nas m\u00e3os [&hellip;]\" \/>\n<meta property=\"og:url\" content=\"https:\/\/www.notibras.com\/site\/mostra-portinari-raros-apresenta-misturas-do-genio-da-arte\/\" \/>\n<meta property=\"og:site_name\" content=\"Notibras\" \/>\n<meta property=\"article:publisher\" content=\"https:\/\/www.facebook.com\/notibras\/\" \/>\n<meta property=\"article:published_time\" content=\"2023-09-05T03:09:48+00:00\" \/>\n<meta property=\"article:modified_time\" content=\"2023-09-05T09:10:25+00:00\" \/>\n<meta property=\"og:image\" content=\"https:\/\/www.notibras.com\/site\/wp-content\/uploads\/2023\/09\/vac_abr0109234144.jpg\" \/>\n\t<meta property=\"og:image:width\" content=\"1170\" \/>\n\t<meta property=\"og:image:height\" content=\"700\" \/>\n\t<meta property=\"og:image:type\" content=\"image\/jpeg\" \/>\n<meta name=\"author\" content=\"Reda\u00e7\u00e3o\" \/>\n<meta name=\"twitter:card\" content=\"summary_large_image\" \/>\n<meta name=\"twitter:creator\" content=\"@Notibras\" \/>\n<meta name=\"twitter:site\" content=\"@Notibras\" \/>\n<meta name=\"twitter:label1\" content=\"Escrito por\" \/>\n\t<meta name=\"twitter:data1\" content=\"Reda\u00e7\u00e3o\" \/>\n\t<meta name=\"twitter:label2\" content=\"Est. tempo de leitura\" \/>\n\t<meta name=\"twitter:data2\" content=\"6 minutos\" \/>\n<script type=\"application\/ld+json\" class=\"yoast-schema-graph\">{\"@context\":\"https:\/\/schema.org\",\"@graph\":[{\"@type\":\"Article\",\"@id\":\"https:\/\/www.notibras.com\/site\/mostra-portinari-raros-apresenta-misturas-do-genio-da-arte\/#article\",\"isPartOf\":{\"@id\":\"https:\/\/www.notibras.com\/site\/mostra-portinari-raros-apresenta-misturas-do-genio-da-arte\/\"},\"author\":{\"name\":\"Reda\u00e7\u00e3o\",\"@id\":\"https:\/\/www.notibras.com\/site\/#\/schema\/person\/36ab0979449956132d3e5b517ea76ac8\"},\"headline\":\"Mostra Portinari Raros apresenta misturas do g\u00eanio da arte\",\"datePublished\":\"2023-09-05T03:09:48+00:00\",\"dateModified\":\"2023-09-05T09:10:25+00:00\",\"mainEntityOfPage\":{\"@id\":\"https:\/\/www.notibras.com\/site\/mostra-portinari-raros-apresenta-misturas-do-genio-da-arte\/\"},\"wordCount\":1082,\"publisher\":{\"@id\":\"https:\/\/www.notibras.com\/site\/#organization\"},\"image\":{\"@id\":\"https:\/\/www.notibras.com\/site\/mostra-portinari-raros-apresenta-misturas-do-genio-da-arte\/#primaryimage\"},\"thumbnailUrl\":\"https:\/\/www.notibras.com\/site\/wp-content\/uploads\/2023\/09\/vac_abr0109234144.jpg\",\"keywords\":[\"capa\"],\"articleSection\":[\"Quadradinho em Foco\"],\"inLanguage\":\"pt-BR\"},{\"@type\":\"WebPage\",\"@id\":\"https:\/\/www.notibras.com\/site\/mostra-portinari-raros-apresenta-misturas-do-genio-da-arte\/\",\"url\":\"https:\/\/www.notibras.com\/site\/mostra-portinari-raros-apresenta-misturas-do-genio-da-arte\/\",\"name\":\"Mostra Portinari Raros apresenta misturas do g\u00eanio da arte - Notibras\",\"isPartOf\":{\"@id\":\"https:\/\/www.notibras.com\/site\/#website\"},\"primaryImageOfPage\":{\"@id\":\"https:\/\/www.notibras.com\/site\/mostra-portinari-raros-apresenta-misturas-do-genio-da-arte\/#primaryimage\"},\"image\":{\"@id\":\"https:\/\/www.notibras.com\/site\/mostra-portinari-raros-apresenta-misturas-do-genio-da-arte\/#primaryimage\"},\"thumbnailUrl\":\"https:\/\/www.notibras.com\/site\/wp-content\/uploads\/2023\/09\/vac_abr0109234144.jpg\",\"datePublished\":\"2023-09-05T03:09:48+00:00\",\"dateModified\":\"2023-09-05T09:10:25+00:00\",\"breadcrumb\":{\"@id\":\"https:\/\/www.notibras.com\/site\/mostra-portinari-raros-apresenta-misturas-do-genio-da-arte\/#breadcrumb\"},\"inLanguage\":\"pt-BR\",\"potentialAction\":[{\"@type\":\"ReadAction\",\"target\":[\"https:\/\/www.notibras.com\/site\/mostra-portinari-raros-apresenta-misturas-do-genio-da-arte\/\"]}]},{\"@type\":\"ImageObject\",\"inLanguage\":\"pt-BR\",\"@id\":\"https:\/\/www.notibras.com\/site\/mostra-portinari-raros-apresenta-misturas-do-genio-da-arte\/#primaryimage\",\"url\":\"https:\/\/www.notibras.com\/site\/wp-content\/uploads\/2023\/09\/vac_abr0109234144.jpg\",\"contentUrl\":\"https:\/\/www.notibras.com\/site\/wp-content\/uploads\/2023\/09\/vac_abr0109234144.jpg\",\"width\":1170,\"height\":700,\"caption\":\"Bras\u00edlia, (DF) - 01-09-2023 - Jo\u00e3o Candido Portinari, apresenta a exposi\u00e7\u00e3o do seu pai, Candido Portinari. Foto Valter Campanato\/Ag\u00eancia Brasil.\"},{\"@type\":\"BreadcrumbList\",\"@id\":\"https:\/\/www.notibras.com\/site\/mostra-portinari-raros-apresenta-misturas-do-genio-da-arte\/#breadcrumb\",\"itemListElement\":[{\"@type\":\"ListItem\",\"position\":1,\"name\":\"In\u00edcio\",\"item\":\"https:\/\/www.notibras.com\/site\/\"},{\"@type\":\"ListItem\",\"position\":2,\"name\":\"Mostra Portinari Raros apresenta misturas do g\u00eanio da arte\"}]},{\"@type\":\"WebSite\",\"@id\":\"https:\/\/www.notibras.com\/site\/#website\",\"url\":\"https:\/\/www.notibras.com\/site\/\",\"name\":\"Notibras\",\"description\":\"Not\u00edcias de Bras\u00edlia, do Brasil e do Mundo\",\"publisher\":{\"@id\":\"https:\/\/www.notibras.com\/site\/#organization\"},\"potentialAction\":[{\"@type\":\"SearchAction\",\"target\":{\"@type\":\"EntryPoint\",\"urlTemplate\":\"https:\/\/www.notibras.com\/site\/?s={search_term_string}\"},\"query-input\":{\"@type\":\"PropertyValueSpecification\",\"valueRequired\":true,\"valueName\":\"search_term_string\"}}],\"inLanguage\":\"pt-BR\"},{\"@type\":\"Organization\",\"@id\":\"https:\/\/www.notibras.com\/site\/#organization\",\"name\":\"Grupo Notibras de Comunica\u00e7\u00e3o\",\"url\":\"https:\/\/www.notibras.com\/site\/\",\"logo\":{\"@type\":\"ImageObject\",\"inLanguage\":\"pt-BR\",\"@id\":\"https:\/\/www.notibras.com\/site\/#\/schema\/logo\/image\/\",\"url\":\"https:\/\/www.notibras.com\/site\/wp-content\/uploads\/2023\/01\/notibras23.png\",\"contentUrl\":\"https:\/\/www.notibras.com\/site\/wp-content\/uploads\/2023\/01\/notibras23.png\",\"width\":350,\"height\":87,\"caption\":\"Grupo Notibras de Comunica\u00e7\u00e3o\"},\"image\":{\"@id\":\"https:\/\/www.notibras.com\/site\/#\/schema\/logo\/image\/\"},\"sameAs\":[\"https:\/\/www.facebook.com\/notibras\/\",\"https:\/\/x.com\/Notibras\",\"https:\/\/www.instagram.com\/notibras\/\"]},{\"@type\":\"Person\",\"@id\":\"https:\/\/www.notibras.com\/site\/#\/schema\/person\/36ab0979449956132d3e5b517ea76ac8\",\"name\":\"Reda\u00e7\u00e3o\",\"image\":{\"@type\":\"ImageObject\",\"inLanguage\":\"pt-BR\",\"@id\":\"https:\/\/secure.gravatar.com\/avatar\/e0a867bdedb85fd243eadf09663511f96fc81e0720a4a42581f334ad4303aa6b?s=96&d=mm&r=g\",\"url\":\"https:\/\/secure.gravatar.com\/avatar\/e0a867bdedb85fd243eadf09663511f96fc81e0720a4a42581f334ad4303aa6b?s=96&d=mm&r=g\",\"contentUrl\":\"https:\/\/secure.gravatar.com\/avatar\/e0a867bdedb85fd243eadf09663511f96fc81e0720a4a42581f334ad4303aa6b?s=96&d=mm&r=g\",\"caption\":\"Reda\u00e7\u00e3o\"}}]}<\/script>\n<!-- \/ Yoast SEO plugin. -->","yoast_head_json":{"title":"Mostra Portinari Raros apresenta misturas do g\u00eanio da arte - Notibras","robots":{"index":"index","follow":"follow","max-snippet":"max-snippet:-1","max-image-preview":"max-image-preview:large","max-video-preview":"max-video-preview:-1"},"canonical":"https:\/\/www.notibras.com\/site\/mostra-portinari-raros-apresenta-misturas-do-genio-da-arte\/","og_locale":"pt_BR","og_type":"article","og_title":"Mostra Portinari Raros apresenta misturas do g\u00eanio da arte - Notibras","og_description":"As tintas que iluminaram os pinc\u00e9is de Candido Portinari (1903 &#8211; 1962) misturam-se entre a Brodowski (SP), em que nasceu, e o mundo. Entre a den\u00fancia e a ternura. Entre o figurativo e o surreal. Cores de passado e de olhares \u00e0 frente do tempo. Entre as sacas de caf\u00e9 e a enxada nas m\u00e3os [&hellip;]","og_url":"https:\/\/www.notibras.com\/site\/mostra-portinari-raros-apresenta-misturas-do-genio-da-arte\/","og_site_name":"Notibras","article_publisher":"https:\/\/www.facebook.com\/notibras\/","article_published_time":"2023-09-05T03:09:48+00:00","article_modified_time":"2023-09-05T09:10:25+00:00","og_image":[{"width":1170,"height":700,"url":"https:\/\/www.notibras.com\/site\/wp-content\/uploads\/2023\/09\/vac_abr0109234144.jpg","type":"image\/jpeg"}],"author":"Reda\u00e7\u00e3o","twitter_card":"summary_large_image","twitter_creator":"@Notibras","twitter_site":"@Notibras","twitter_misc":{"Escrito por":"Reda\u00e7\u00e3o","Est. tempo de leitura":"6 minutos"},"schema":{"@context":"https:\/\/schema.org","@graph":[{"@type":"Article","@id":"https:\/\/www.notibras.com\/site\/mostra-portinari-raros-apresenta-misturas-do-genio-da-arte\/#article","isPartOf":{"@id":"https:\/\/www.notibras.com\/site\/mostra-portinari-raros-apresenta-misturas-do-genio-da-arte\/"},"author":{"name":"Reda\u00e7\u00e3o","@id":"https:\/\/www.notibras.com\/site\/#\/schema\/person\/36ab0979449956132d3e5b517ea76ac8"},"headline":"Mostra Portinari Raros apresenta misturas do g\u00eanio da arte","datePublished":"2023-09-05T03:09:48+00:00","dateModified":"2023-09-05T09:10:25+00:00","mainEntityOfPage":{"@id":"https:\/\/www.notibras.com\/site\/mostra-portinari-raros-apresenta-misturas-do-genio-da-arte\/"},"wordCount":1082,"publisher":{"@id":"https:\/\/www.notibras.com\/site\/#organization"},"image":{"@id":"https:\/\/www.notibras.com\/site\/mostra-portinari-raros-apresenta-misturas-do-genio-da-arte\/#primaryimage"},"thumbnailUrl":"https:\/\/www.notibras.com\/site\/wp-content\/uploads\/2023\/09\/vac_abr0109234144.jpg","keywords":["capa"],"articleSection":["Quadradinho em Foco"],"inLanguage":"pt-BR"},{"@type":"WebPage","@id":"https:\/\/www.notibras.com\/site\/mostra-portinari-raros-apresenta-misturas-do-genio-da-arte\/","url":"https:\/\/www.notibras.com\/site\/mostra-portinari-raros-apresenta-misturas-do-genio-da-arte\/","name":"Mostra Portinari Raros apresenta misturas do g\u00eanio da arte - Notibras","isPartOf":{"@id":"https:\/\/www.notibras.com\/site\/#website"},"primaryImageOfPage":{"@id":"https:\/\/www.notibras.com\/site\/mostra-portinari-raros-apresenta-misturas-do-genio-da-arte\/#primaryimage"},"image":{"@id":"https:\/\/www.notibras.com\/site\/mostra-portinari-raros-apresenta-misturas-do-genio-da-arte\/#primaryimage"},"thumbnailUrl":"https:\/\/www.notibras.com\/site\/wp-content\/uploads\/2023\/09\/vac_abr0109234144.jpg","datePublished":"2023-09-05T03:09:48+00:00","dateModified":"2023-09-05T09:10:25+00:00","breadcrumb":{"@id":"https:\/\/www.notibras.com\/site\/mostra-portinari-raros-apresenta-misturas-do-genio-da-arte\/#breadcrumb"},"inLanguage":"pt-BR","potentialAction":[{"@type":"ReadAction","target":["https:\/\/www.notibras.com\/site\/mostra-portinari-raros-apresenta-misturas-do-genio-da-arte\/"]}]},{"@type":"ImageObject","inLanguage":"pt-BR","@id":"https:\/\/www.notibras.com\/site\/mostra-portinari-raros-apresenta-misturas-do-genio-da-arte\/#primaryimage","url":"https:\/\/www.notibras.com\/site\/wp-content\/uploads\/2023\/09\/vac_abr0109234144.jpg","contentUrl":"https:\/\/www.notibras.com\/site\/wp-content\/uploads\/2023\/09\/vac_abr0109234144.jpg","width":1170,"height":700,"caption":"Bras\u00edlia, (DF) - 01-09-2023 - Jo\u00e3o Candido Portinari, apresenta a exposi\u00e7\u00e3o do seu pai, Candido Portinari. Foto Valter Campanato\/Ag\u00eancia Brasil."},{"@type":"BreadcrumbList","@id":"https:\/\/www.notibras.com\/site\/mostra-portinari-raros-apresenta-misturas-do-genio-da-arte\/#breadcrumb","itemListElement":[{"@type":"ListItem","position":1,"name":"In\u00edcio","item":"https:\/\/www.notibras.com\/site\/"},{"@type":"ListItem","position":2,"name":"Mostra Portinari Raros apresenta misturas do g\u00eanio da arte"}]},{"@type":"WebSite","@id":"https:\/\/www.notibras.com\/site\/#website","url":"https:\/\/www.notibras.com\/site\/","name":"Notibras","description":"Not\u00edcias de Bras\u00edlia, do Brasil e do Mundo","publisher":{"@id":"https:\/\/www.notibras.com\/site\/#organization"},"potentialAction":[{"@type":"SearchAction","target":{"@type":"EntryPoint","urlTemplate":"https:\/\/www.notibras.com\/site\/?s={search_term_string}"},"query-input":{"@type":"PropertyValueSpecification","valueRequired":true,"valueName":"search_term_string"}}],"inLanguage":"pt-BR"},{"@type":"Organization","@id":"https:\/\/www.notibras.com\/site\/#organization","name":"Grupo Notibras de Comunica\u00e7\u00e3o","url":"https:\/\/www.notibras.com\/site\/","logo":{"@type":"ImageObject","inLanguage":"pt-BR","@id":"https:\/\/www.notibras.com\/site\/#\/schema\/logo\/image\/","url":"https:\/\/www.notibras.com\/site\/wp-content\/uploads\/2023\/01\/notibras23.png","contentUrl":"https:\/\/www.notibras.com\/site\/wp-content\/uploads\/2023\/01\/notibras23.png","width":350,"height":87,"caption":"Grupo Notibras de Comunica\u00e7\u00e3o"},"image":{"@id":"https:\/\/www.notibras.com\/site\/#\/schema\/logo\/image\/"},"sameAs":["https:\/\/www.facebook.com\/notibras\/","https:\/\/x.com\/Notibras","https:\/\/www.instagram.com\/notibras\/"]},{"@type":"Person","@id":"https:\/\/www.notibras.com\/site\/#\/schema\/person\/36ab0979449956132d3e5b517ea76ac8","name":"Reda\u00e7\u00e3o","image":{"@type":"ImageObject","inLanguage":"pt-BR","@id":"https:\/\/secure.gravatar.com\/avatar\/e0a867bdedb85fd243eadf09663511f96fc81e0720a4a42581f334ad4303aa6b?s=96&d=mm&r=g","url":"https:\/\/secure.gravatar.com\/avatar\/e0a867bdedb85fd243eadf09663511f96fc81e0720a4a42581f334ad4303aa6b?s=96&d=mm&r=g","contentUrl":"https:\/\/secure.gravatar.com\/avatar\/e0a867bdedb85fd243eadf09663511f96fc81e0720a4a42581f334ad4303aa6b?s=96&d=mm&r=g","caption":"Reda\u00e7\u00e3o"}}]}},"amp_enabled":true,"_links":{"self":[{"href":"https:\/\/www.notibras.com\/site\/wp-json\/wp\/v2\/posts\/312213","targetHints":{"allow":["GET"]}}],"collection":[{"href":"https:\/\/www.notibras.com\/site\/wp-json\/wp\/v2\/posts"}],"about":[{"href":"https:\/\/www.notibras.com\/site\/wp-json\/wp\/v2\/types\/post"}],"author":[{"embeddable":true,"href":"https:\/\/www.notibras.com\/site\/wp-json\/wp\/v2\/users\/2"}],"replies":[{"embeddable":true,"href":"https:\/\/www.notibras.com\/site\/wp-json\/wp\/v2\/comments?post=312213"}],"version-history":[{"count":1,"href":"https:\/\/www.notibras.com\/site\/wp-json\/wp\/v2\/posts\/312213\/revisions"}],"predecessor-version":[{"id":312215,"href":"https:\/\/www.notibras.com\/site\/wp-json\/wp\/v2\/posts\/312213\/revisions\/312215"}],"wp:featuredmedia":[{"embeddable":true,"href":"https:\/\/www.notibras.com\/site\/wp-json\/wp\/v2\/media\/312214"}],"wp:attachment":[{"href":"https:\/\/www.notibras.com\/site\/wp-json\/wp\/v2\/media?parent=312213"}],"wp:term":[{"taxonomy":"category","embeddable":true,"href":"https:\/\/www.notibras.com\/site\/wp-json\/wp\/v2\/categories?post=312213"},{"taxonomy":"post_tag","embeddable":true,"href":"https:\/\/www.notibras.com\/site\/wp-json\/wp\/v2\/tags?post=312213"}],"curies":[{"name":"wp","href":"https:\/\/api.w.org\/{rel}","templated":true}]}}