{"id":312224,"date":"2023-09-05T00:00:50","date_gmt":"2023-09-05T03:00:50","guid":{"rendered":"https:\/\/www.notibras.com\/site\/?p=312224"},"modified":"2023-09-05T06:35:00","modified_gmt":"2023-09-05T09:35:00","slug":"campanha-tenta-aproximar-os-jovens-dos-urologistas","status":"publish","type":"post","link":"https:\/\/www.notibras.com\/site\/campanha-tenta-aproximar-os-jovens-dos-urologistas\/","title":{"rendered":"Campanha tenta aproximar os jovens dos urologistas"},"content":{"rendered":"<p>Para incentivar cuidados com a sa\u00fade entre meninos e adolescentes de 9 a 14 anos, a Sociedade Brasileira de Urologia (SBU) realiza, durante todo o m\u00eas de setembro, a 6\u00aa edi\u00e7\u00e3o da Campanha #VemProUro, que este ano aborda as principais quest\u00f5es que afetam essa faixa et\u00e1ria.<\/p>\n<p>Pelas redes sociais, ser\u00e3o abordadas d\u00favidas sobre sexualidade, infec\u00e7\u00f5es sexualmente transmiss\u00edveis (ISTs) e a import\u00e2ncia da vacina\u00e7\u00e3o contra o HPV (Papilomav\u00edrus Humano).<\/p>\n<p>&#8220;A dificuldade de trazer os adolescentes para um cuidado maior com sua sa\u00fade ficou extremamente evidente quando come\u00e7amos a comparar os \u00edndices de vacina\u00e7\u00e3o contra o HPV, que \u00e9 muito maior nas meninas do que nos meninos&#8221;, disse o presidente da entidade, Alfredo Canalini, em entrevista \u00e0 Ag\u00eancia Brasil.<\/p>\n<p>&#8220;Apesar de a vacina ser gratuita e estar dispon\u00edvel no Sistema \u00danico de Sa\u00fade (SUS), os meninos n\u00e3o procuravam se imunizar.\u201d<\/p>\n<p>A vacina contra o HPV se destina a meninos e meninas de 9 a 14 anos, mas a ades\u00e3o dos meninos ainda \u00e9 baixa. Entre eles, a taxa de vacina\u00e7\u00e3o da primeira dose \u00e9 de 52% e da segunda dose, de 36%, enquanto a meta recomendada \u00e9 95%.<\/p>\n<p>O HPV \u00e9 um v\u00edrus que infecta pele ou mucosas das \u00e1reas oral, genital ou anal, tanto de homens quanto de mulheres, provocando verrugas anogenitais e c\u00e2ncer, dependendo do tipo de v\u00edrus. \u00c9 uma infec\u00e7\u00e3o sexualmente transmiss\u00edvel (IST). Dois tipos de HPV (16 e 18) causam 70% dos c\u00e2nceres do colo do \u00fatero e les\u00f5es pr\u00e9-cancerosas.<\/p>\n<p>Os urologistas da SBU analisaram os n\u00fameros de atendimento na sa\u00fade p\u00fablica de meninos e meninas, na faixa et\u00e1ria de 12 a 18 anos. \u201cObservamos que o n\u00famero de meninas que se consultam na rede p\u00fablica \u00e9 18 vezes maior que o de meninos&#8221;, informou Canalini.<\/p>\n<p><strong>Sexualidade<\/strong><br \/>\nOutra pesquisa, feita sobre sexualidade, para descobrir como o adolescente se informa sobre o assunto, revelou que nem sempre a fonte era segura.<\/p>\n<p>\u201cNem era com o professor na escola, nem dentro de casa. Parece que a conversa com os meninos acaba ficando meio tabu. Ent\u00e3o, os meninos ou se informam com os garotos mais velhos, o que nem sempre \u00e9 uma troca de informa\u00e7\u00f5es verdadeiras; na maioria das vezes, s\u00e3o informa\u00e7\u00f5es equivocadas, ou se informa pela internet, que \u00e9 pior ainda.\u201d<\/p>\n<p>Segundo Alfredo Canalini, a SBU tem o dever de conscientizar as pessoas que n\u00e3o \u00e9 assim que se lida com a sa\u00fade dos meninos. \u201cPorque isso \u00e9 um ato que come\u00e7a a se prolongar ao longo da vida. O pr\u00f3prio homem adulto s\u00f3 procura o m\u00e9dico quando est\u00e1 sentindo alguma coisa. E quando o sintoma aparece, muitas vezes j\u00e1 \u00e9 uma doen\u00e7a que est\u00e1 avan\u00e7ada.\u201d<\/p>\n<p>A campanha #VemProUro est\u00e1 muito focada neste ano na quest\u00e3o da sexualidade, da contracep\u00e7\u00e3o, no uso de drogas. O urologista afirmou que a libera\u00e7\u00e3o do uso da maconha, por exemplo, tem que ser muito bem discutida, at\u00e9 para que os adolescentes possam fazer as suas op\u00e7\u00f5es, se eles querem aquilo ou n\u00e3o. Informa\u00e7\u00e3o \u00e9 tudo\u201d.<\/p>\n<p>O mesmo se aplica ao cigarro, apontou Canalini. J\u00e1 existem evid\u00eancias de que o cigarro causa c\u00e2ncer. Mas as pessoas t\u00eam de ser informadas sobre os riscos a que est\u00e3o se expondo pelo uso do tabaco e seus derivados. Em rela\u00e7\u00e3o ao cigarro, por exemplo, o relat\u00f3rio Covitel2, lan\u00e7ado em junho deste ano, que monitora os fatores de risco para doen\u00e7as cr\u00f4nicas no Brasil, revela que a maior preval\u00eancia de experimenta\u00e7\u00e3o do cigarro eletr\u00f4nico ocorre entre os jovens de 18 a 24 anos, com 23,9% no primeiro trimestre de 2023. No primeiro trimestre do ano passado, a taxa nessa faixa et\u00e1ria era mais baixa (19,7%).<\/p>\n<p>A SBU lembra que a venda de cigarro eletr\u00f4nico no Brasil \u00e9 proibida e que, apesar disso, o dispositivo tem se popularizado entre os jovens que, muitas vezes, desconhecem os seus malef\u00edcios.\u201cS\u00e3o temas importantes e t\u00eam de ser trazidos \u00e0 tona, que educam o menino para toda uma atitude de sa\u00fade e cuidar do pr\u00f3prio organismo\u201d.<\/p>\n<p>Segundo o m\u00e9dico, atualmente, h\u00e1 muitos meninos novos se tornando pais sem que estejam emocionalmente nem financeiramente preparados para isso. \u201cN\u00e3o t\u00eam maturidade para arcar com a obriga\u00e7\u00e3o, nem com a beleza da paternidade. \u00c9 uma oportunidade que se perde.\u201d<\/p>\n<p><strong>Cultura<\/strong><br \/>\nO presidente da SBU considera que essa defici\u00eancia \u00e9 cultural, porque os pais tamb\u00e9m n\u00e3o se cuidam e, por isso, muitas vezes, n\u00e3o se preocupam em levar os filhos a cuidarem da sa\u00fade. Ao contr\u00e1rio das mulheres que levam as filhas quando entram na puberdade, no ginecologista para fazer exames e se informar. O mesmo n\u00e3o acontece com o pai em rela\u00e7\u00e3o ao filho.<\/p>\n<p>\u201cO homem n\u00e3o tem esse cuidado, come\u00e7ando pela higiene do \u00f3rg\u00e3o genital. H\u00e1 pais que se preocupam com a sa\u00fade dos filhos em termos de imuniza\u00e7\u00e3o, mas n\u00e3o v\u00ea como o filho est\u00e1 urinando, se est\u00e1 lavando direito o p\u00eanis\u201d.<\/p>\n<p>A falta de higiene \u00e9 uma das causas do c\u00e2ncer de p\u00eanis, que tem levado muitos homens \u00e0 amputa\u00e7\u00e3o do membro. A entidade defende a import\u00e2ncia de se criar no homem, desde a adolesc\u00eancia, a cultura da preven\u00e7\u00e3o de doen\u00e7as e da rotina de ir ao m\u00e9dico para prevenir e evitar problemas, como as mulheres j\u00e1 fazem tradicionalmente.<\/p>\n<p>Durante todo o m\u00eas de setembro, a sociedade vai abordar, em seu canal nas redes sociais Instagram, Facebook e TikTok (@portaldaurologia), temas em linguagem pertinente \u00e0 faixa et\u00e1ria em v\u00eddeos e lives. No pr\u00f3ximo dia 11, \u00e0s 20h, especialistas se reunir\u00e3o no Instagram para a palestra \u00c1lcool e cigarro eletr\u00f4nico na adolesc\u00eancia. No dia 25, no mesmo hor\u00e1rio, o tema ser\u00e1 Sexualidade na adolesc\u00eancia.<\/p>\n<p><strong>Infec\u00e7\u00f5es<\/strong><br \/>\nDe acordo com a SBU, outro problema que amea\u00e7a os jovens s\u00e3o as infec\u00e7\u00f5es sexualmente transmiss\u00edveis (ISTs), que exigem o uso de preservativos nas rela\u00e7\u00f5es sexuais e a volta do conceito do sexo seguro.<\/p>\n<p>Pesquisa divulgada pelo Instituto Brasileiro de Geografia e Estat\u00edstica (IBGE), em 2022, revela que no per\u00edodo de 2009 a 2019, o percentual de escolares que usaram preservativo na \u00faltima rela\u00e7\u00e3o sexual caiu de 69,1% para 53,5% entre as meninas e de 74,1% para 62,8% entre os meninos.<\/p>\n<p>Alfredo Canalini afirmou que, sem prote\u00e7\u00e3o, os jovens ficam suscet\u00edveis a infec\u00e7\u00f5es como a gonorreia e a clam\u00eddia que podem causar infertilidade, ao HPV que \u00e9 fator de risco para o c\u00e2ncer, \u00e0 s\u00edfilis que, se n\u00e3o tratada, pode gerar problemas card\u00edacos e neurol\u00f3gicos, ao HIV, a herpes, entre outras doen\u00e7as.<\/p>\n<p>Os meninos e meninas adolescentes de hoje n\u00e3o vivenciaram a pandemia de HIV\/Aids, na d\u00e9cada de 1980. Naquela \u00e9poca, o Minist\u00e9rio da Sa\u00fade se empenhou na divulga\u00e7\u00e3o do uso de preservativo para evitar a contamina\u00e7\u00e3o pelo v\u00edrus. Canalini defendeu que essas campanhas t\u00eam de voltar para conscientiza\u00e7\u00e3o do sexo seguro, diante do aumento que se percebe das infec\u00e7\u00f5es sexualmente transmiss\u00edveis, como HPV, hepatites, s\u00edfilis. \u201cE, junto com isso, vai a quest\u00e3o da paternidade respons\u00e1vel\u201d, indicou.<\/p>\n<p>Entre as d\u00favidas que o adolescente pode tirar em uma consulta est\u00e3o preven\u00e7\u00e3o a Infec\u00e7\u00f5es sexualmente transmiss\u00edveis; c\u00e2ncer de test\u00edculo; inflama\u00e7\u00e3o na cabe\u00e7a do p\u00eanis e prep\u00facio; fimose; ejacula\u00e7\u00e3o precoce; veias dilatadas nos test\u00edculos, ou varicocele; efeitos de anabolizantes; atraso da puberdade; tamanho do p\u00eanis; vacina\u00e7\u00e3o; paternidade respons\u00e1vel e preven\u00e7\u00e3o de gravidez indesejada; orienta\u00e7\u00f5es a respeito do in\u00edcio da vida sexual.<\/p>\n","protected":false},"excerpt":{"rendered":"<p>Para incentivar cuidados com a sa\u00fade entre meninos e adolescentes de 9 a 14 anos, a Sociedade Brasileira de Urologia (SBU) realiza, durante todo o m\u00eas de setembro, a 6\u00aa edi\u00e7\u00e3o da Campanha #VemProUro, que este ano aborda as principais quest\u00f5es que afetam essa faixa et\u00e1ria. Pelas redes sociais, ser\u00e3o abordadas d\u00favidas sobre sexualidade, infec\u00e7\u00f5es [&hellip;]<\/p>\n","protected":false},"author":2,"featured_media":312225,"comment_status":"closed","ping_status":"closed","sticky":false,"template":"","format":"standard","meta":{"_acf_changed":false,"footnotes":""},"categories":[161],"tags":[],"class_list":["post-312224","post","type-post","status-publish","format-standard","has-post-thumbnail","hentry","category-quadradinho-em-foco"],"acf":[],"yoast_head":"<!-- This site is optimized with the Yoast SEO plugin v27.2 - https:\/\/yoast.com\/product\/yoast-seo-wordpress\/ -->\n<title>Campanha tenta aproximar os jovens dos urologistas - Notibras<\/title>\n<meta name=\"robots\" content=\"index, follow, max-snippet:-1, max-image-preview:large, max-video-preview:-1\" \/>\n<link rel=\"canonical\" href=\"https:\/\/www.notibras.com\/site\/campanha-tenta-aproximar-os-jovens-dos-urologistas\/\" \/>\n<meta property=\"og:locale\" content=\"pt_BR\" \/>\n<meta property=\"og:type\" content=\"article\" \/>\n<meta property=\"og:title\" content=\"Campanha tenta aproximar os jovens dos urologistas - Notibras\" \/>\n<meta property=\"og:description\" content=\"Para incentivar cuidados com a sa\u00fade entre meninos e adolescentes de 9 a 14 anos, a Sociedade Brasileira de Urologia (SBU) realiza, durante todo o m\u00eas de setembro, a 6\u00aa edi\u00e7\u00e3o da Campanha #VemProUro, que este ano aborda as principais quest\u00f5es que afetam essa faixa et\u00e1ria. Pelas redes sociais, ser\u00e3o abordadas d\u00favidas sobre sexualidade, infec\u00e7\u00f5es [&hellip;]\" \/>\n<meta property=\"og:url\" content=\"https:\/\/www.notibras.com\/site\/campanha-tenta-aproximar-os-jovens-dos-urologistas\/\" \/>\n<meta property=\"og:site_name\" content=\"Notibras\" \/>\n<meta property=\"article:publisher\" content=\"https:\/\/www.facebook.com\/notibras\/\" \/>\n<meta property=\"article:published_time\" content=\"2023-09-05T03:00:50+00:00\" \/>\n<meta property=\"article:modified_time\" content=\"2023-09-05T09:35:00+00:00\" \/>\n<meta property=\"og:image\" content=\"https:\/\/www.notibras.com\/site\/wp-content\/uploads\/2023\/09\/mcamg_abr_10052019_9625.jpg\" \/>\n\t<meta property=\"og:image:width\" content=\"1170\" \/>\n\t<meta property=\"og:image:height\" content=\"700\" \/>\n\t<meta property=\"og:image:type\" content=\"image\/jpeg\" \/>\n<meta name=\"author\" content=\"Reda\u00e7\u00e3o\" \/>\n<meta name=\"twitter:card\" content=\"summary_large_image\" \/>\n<meta name=\"twitter:creator\" content=\"@Notibras\" \/>\n<meta name=\"twitter:site\" content=\"@Notibras\" \/>\n<meta name=\"twitter:label1\" content=\"Escrito por\" \/>\n\t<meta name=\"twitter:data1\" content=\"Reda\u00e7\u00e3o\" \/>\n\t<meta name=\"twitter:label2\" content=\"Est. tempo de leitura\" \/>\n\t<meta name=\"twitter:data2\" content=\"7 minutos\" \/>\n<script type=\"application\/ld+json\" class=\"yoast-schema-graph\">{\"@context\":\"https:\/\/schema.org\",\"@graph\":[{\"@type\":\"Article\",\"@id\":\"https:\/\/www.notibras.com\/site\/campanha-tenta-aproximar-os-jovens-dos-urologistas\/#article\",\"isPartOf\":{\"@id\":\"https:\/\/www.notibras.com\/site\/campanha-tenta-aproximar-os-jovens-dos-urologistas\/\"},\"author\":{\"name\":\"Reda\u00e7\u00e3o\",\"@id\":\"https:\/\/www.notibras.com\/site\/#\/schema\/person\/36ab0979449956132d3e5b517ea76ac8\"},\"headline\":\"Campanha tenta aproximar os jovens dos urologistas\",\"datePublished\":\"2023-09-05T03:00:50+00:00\",\"dateModified\":\"2023-09-05T09:35:00+00:00\",\"mainEntityOfPage\":{\"@id\":\"https:\/\/www.notibras.com\/site\/campanha-tenta-aproximar-os-jovens-dos-urologistas\/\"},\"wordCount\":1304,\"publisher\":{\"@id\":\"https:\/\/www.notibras.com\/site\/#organization\"},\"image\":{\"@id\":\"https:\/\/www.notibras.com\/site\/campanha-tenta-aproximar-os-jovens-dos-urologistas\/#primaryimage\"},\"thumbnailUrl\":\"https:\/\/www.notibras.com\/site\/wp-content\/uploads\/2023\/09\/mcamg_abr_10052019_9625.jpg\",\"articleSection\":[\"Quadradinho em Foco\"],\"inLanguage\":\"pt-BR\"},{\"@type\":\"WebPage\",\"@id\":\"https:\/\/www.notibras.com\/site\/campanha-tenta-aproximar-os-jovens-dos-urologistas\/\",\"url\":\"https:\/\/www.notibras.com\/site\/campanha-tenta-aproximar-os-jovens-dos-urologistas\/\",\"name\":\"Campanha tenta aproximar os jovens dos urologistas - Notibras\",\"isPartOf\":{\"@id\":\"https:\/\/www.notibras.com\/site\/#website\"},\"primaryImageOfPage\":{\"@id\":\"https:\/\/www.notibras.com\/site\/campanha-tenta-aproximar-os-jovens-dos-urologistas\/#primaryimage\"},\"image\":{\"@id\":\"https:\/\/www.notibras.com\/site\/campanha-tenta-aproximar-os-jovens-dos-urologistas\/#primaryimage\"},\"thumbnailUrl\":\"https:\/\/www.notibras.com\/site\/wp-content\/uploads\/2023\/09\/mcamg_abr_10052019_9625.jpg\",\"datePublished\":\"2023-09-05T03:00:50+00:00\",\"dateModified\":\"2023-09-05T09:35:00+00:00\",\"breadcrumb\":{\"@id\":\"https:\/\/www.notibras.com\/site\/campanha-tenta-aproximar-os-jovens-dos-urologistas\/#breadcrumb\"},\"inLanguage\":\"pt-BR\",\"potentialAction\":[{\"@type\":\"ReadAction\",\"target\":[\"https:\/\/www.notibras.com\/site\/campanha-tenta-aproximar-os-jovens-dos-urologistas\/\"]}]},{\"@type\":\"ImageObject\",\"inLanguage\":\"pt-BR\",\"@id\":\"https:\/\/www.notibras.com\/site\/campanha-tenta-aproximar-os-jovens-dos-urologistas\/#primaryimage\",\"url\":\"https:\/\/www.notibras.com\/site\/wp-content\/uploads\/2023\/09\/mcamg_abr_10052019_9625.jpg\",\"contentUrl\":\"https:\/\/www.notibras.com\/site\/wp-content\/uploads\/2023\/09\/mcamg_abr_10052019_9625.jpg\",\"width\":1170,\"height\":700,\"caption\":\"Alunos saindo de escola na Estrutural, no Distrito Federal\"},{\"@type\":\"BreadcrumbList\",\"@id\":\"https:\/\/www.notibras.com\/site\/campanha-tenta-aproximar-os-jovens-dos-urologistas\/#breadcrumb\",\"itemListElement\":[{\"@type\":\"ListItem\",\"position\":1,\"name\":\"In\u00edcio\",\"item\":\"https:\/\/www.notibras.com\/site\/\"},{\"@type\":\"ListItem\",\"position\":2,\"name\":\"Campanha tenta aproximar os jovens dos urologistas\"}]},{\"@type\":\"WebSite\",\"@id\":\"https:\/\/www.notibras.com\/site\/#website\",\"url\":\"https:\/\/www.notibras.com\/site\/\",\"name\":\"Notibras\",\"description\":\"Not\u00edcias de Bras\u00edlia, do Brasil e do Mundo\",\"publisher\":{\"@id\":\"https:\/\/www.notibras.com\/site\/#organization\"},\"potentialAction\":[{\"@type\":\"SearchAction\",\"target\":{\"@type\":\"EntryPoint\",\"urlTemplate\":\"https:\/\/www.notibras.com\/site\/?s={search_term_string}\"},\"query-input\":{\"@type\":\"PropertyValueSpecification\",\"valueRequired\":true,\"valueName\":\"search_term_string\"}}],\"inLanguage\":\"pt-BR\"},{\"@type\":\"Organization\",\"@id\":\"https:\/\/www.notibras.com\/site\/#organization\",\"name\":\"Grupo Notibras de Comunica\u00e7\u00e3o\",\"url\":\"https:\/\/www.notibras.com\/site\/\",\"logo\":{\"@type\":\"ImageObject\",\"inLanguage\":\"pt-BR\",\"@id\":\"https:\/\/www.notibras.com\/site\/#\/schema\/logo\/image\/\",\"url\":\"https:\/\/www.notibras.com\/site\/wp-content\/uploads\/2023\/01\/notibras23.png\",\"contentUrl\":\"https:\/\/www.notibras.com\/site\/wp-content\/uploads\/2023\/01\/notibras23.png\",\"width\":350,\"height\":87,\"caption\":\"Grupo Notibras de Comunica\u00e7\u00e3o\"},\"image\":{\"@id\":\"https:\/\/www.notibras.com\/site\/#\/schema\/logo\/image\/\"},\"sameAs\":[\"https:\/\/www.facebook.com\/notibras\/\",\"https:\/\/x.com\/Notibras\",\"https:\/\/www.instagram.com\/notibras\/\"]},{\"@type\":\"Person\",\"@id\":\"https:\/\/www.notibras.com\/site\/#\/schema\/person\/36ab0979449956132d3e5b517ea76ac8\",\"name\":\"Reda\u00e7\u00e3o\",\"image\":{\"@type\":\"ImageObject\",\"inLanguage\":\"pt-BR\",\"@id\":\"https:\/\/secure.gravatar.com\/avatar\/e0a867bdedb85fd243eadf09663511f96fc81e0720a4a42581f334ad4303aa6b?s=96&d=mm&r=g\",\"url\":\"https:\/\/secure.gravatar.com\/avatar\/e0a867bdedb85fd243eadf09663511f96fc81e0720a4a42581f334ad4303aa6b?s=96&d=mm&r=g\",\"contentUrl\":\"https:\/\/secure.gravatar.com\/avatar\/e0a867bdedb85fd243eadf09663511f96fc81e0720a4a42581f334ad4303aa6b?s=96&d=mm&r=g\",\"caption\":\"Reda\u00e7\u00e3o\"}}]}<\/script>\n<!-- \/ Yoast SEO plugin. -->","yoast_head_json":{"title":"Campanha tenta aproximar os jovens dos urologistas - Notibras","robots":{"index":"index","follow":"follow","max-snippet":"max-snippet:-1","max-image-preview":"max-image-preview:large","max-video-preview":"max-video-preview:-1"},"canonical":"https:\/\/www.notibras.com\/site\/campanha-tenta-aproximar-os-jovens-dos-urologistas\/","og_locale":"pt_BR","og_type":"article","og_title":"Campanha tenta aproximar os jovens dos urologistas - Notibras","og_description":"Para incentivar cuidados com a sa\u00fade entre meninos e adolescentes de 9 a 14 anos, a Sociedade Brasileira de Urologia (SBU) realiza, durante todo o m\u00eas de setembro, a 6\u00aa edi\u00e7\u00e3o da Campanha #VemProUro, que este ano aborda as principais quest\u00f5es que afetam essa faixa et\u00e1ria. Pelas redes sociais, ser\u00e3o abordadas d\u00favidas sobre sexualidade, infec\u00e7\u00f5es [&hellip;]","og_url":"https:\/\/www.notibras.com\/site\/campanha-tenta-aproximar-os-jovens-dos-urologistas\/","og_site_name":"Notibras","article_publisher":"https:\/\/www.facebook.com\/notibras\/","article_published_time":"2023-09-05T03:00:50+00:00","article_modified_time":"2023-09-05T09:35:00+00:00","og_image":[{"width":1170,"height":700,"url":"https:\/\/www.notibras.com\/site\/wp-content\/uploads\/2023\/09\/mcamg_abr_10052019_9625.jpg","type":"image\/jpeg"}],"author":"Reda\u00e7\u00e3o","twitter_card":"summary_large_image","twitter_creator":"@Notibras","twitter_site":"@Notibras","twitter_misc":{"Escrito por":"Reda\u00e7\u00e3o","Est. tempo de leitura":"7 minutos"},"schema":{"@context":"https:\/\/schema.org","@graph":[{"@type":"Article","@id":"https:\/\/www.notibras.com\/site\/campanha-tenta-aproximar-os-jovens-dos-urologistas\/#article","isPartOf":{"@id":"https:\/\/www.notibras.com\/site\/campanha-tenta-aproximar-os-jovens-dos-urologistas\/"},"author":{"name":"Reda\u00e7\u00e3o","@id":"https:\/\/www.notibras.com\/site\/#\/schema\/person\/36ab0979449956132d3e5b517ea76ac8"},"headline":"Campanha tenta aproximar os jovens dos urologistas","datePublished":"2023-09-05T03:00:50+00:00","dateModified":"2023-09-05T09:35:00+00:00","mainEntityOfPage":{"@id":"https:\/\/www.notibras.com\/site\/campanha-tenta-aproximar-os-jovens-dos-urologistas\/"},"wordCount":1304,"publisher":{"@id":"https:\/\/www.notibras.com\/site\/#organization"},"image":{"@id":"https:\/\/www.notibras.com\/site\/campanha-tenta-aproximar-os-jovens-dos-urologistas\/#primaryimage"},"thumbnailUrl":"https:\/\/www.notibras.com\/site\/wp-content\/uploads\/2023\/09\/mcamg_abr_10052019_9625.jpg","articleSection":["Quadradinho em Foco"],"inLanguage":"pt-BR"},{"@type":"WebPage","@id":"https:\/\/www.notibras.com\/site\/campanha-tenta-aproximar-os-jovens-dos-urologistas\/","url":"https:\/\/www.notibras.com\/site\/campanha-tenta-aproximar-os-jovens-dos-urologistas\/","name":"Campanha tenta aproximar os jovens dos urologistas - Notibras","isPartOf":{"@id":"https:\/\/www.notibras.com\/site\/#website"},"primaryImageOfPage":{"@id":"https:\/\/www.notibras.com\/site\/campanha-tenta-aproximar-os-jovens-dos-urologistas\/#primaryimage"},"image":{"@id":"https:\/\/www.notibras.com\/site\/campanha-tenta-aproximar-os-jovens-dos-urologistas\/#primaryimage"},"thumbnailUrl":"https:\/\/www.notibras.com\/site\/wp-content\/uploads\/2023\/09\/mcamg_abr_10052019_9625.jpg","datePublished":"2023-09-05T03:00:50+00:00","dateModified":"2023-09-05T09:35:00+00:00","breadcrumb":{"@id":"https:\/\/www.notibras.com\/site\/campanha-tenta-aproximar-os-jovens-dos-urologistas\/#breadcrumb"},"inLanguage":"pt-BR","potentialAction":[{"@type":"ReadAction","target":["https:\/\/www.notibras.com\/site\/campanha-tenta-aproximar-os-jovens-dos-urologistas\/"]}]},{"@type":"ImageObject","inLanguage":"pt-BR","@id":"https:\/\/www.notibras.com\/site\/campanha-tenta-aproximar-os-jovens-dos-urologistas\/#primaryimage","url":"https:\/\/www.notibras.com\/site\/wp-content\/uploads\/2023\/09\/mcamg_abr_10052019_9625.jpg","contentUrl":"https:\/\/www.notibras.com\/site\/wp-content\/uploads\/2023\/09\/mcamg_abr_10052019_9625.jpg","width":1170,"height":700,"caption":"Alunos saindo de escola na Estrutural, no Distrito Federal"},{"@type":"BreadcrumbList","@id":"https:\/\/www.notibras.com\/site\/campanha-tenta-aproximar-os-jovens-dos-urologistas\/#breadcrumb","itemListElement":[{"@type":"ListItem","position":1,"name":"In\u00edcio","item":"https:\/\/www.notibras.com\/site\/"},{"@type":"ListItem","position":2,"name":"Campanha tenta aproximar os jovens dos urologistas"}]},{"@type":"WebSite","@id":"https:\/\/www.notibras.com\/site\/#website","url":"https:\/\/www.notibras.com\/site\/","name":"Notibras","description":"Not\u00edcias de Bras\u00edlia, do Brasil e do Mundo","publisher":{"@id":"https:\/\/www.notibras.com\/site\/#organization"},"potentialAction":[{"@type":"SearchAction","target":{"@type":"EntryPoint","urlTemplate":"https:\/\/www.notibras.com\/site\/?s={search_term_string}"},"query-input":{"@type":"PropertyValueSpecification","valueRequired":true,"valueName":"search_term_string"}}],"inLanguage":"pt-BR"},{"@type":"Organization","@id":"https:\/\/www.notibras.com\/site\/#organization","name":"Grupo Notibras de Comunica\u00e7\u00e3o","url":"https:\/\/www.notibras.com\/site\/","logo":{"@type":"ImageObject","inLanguage":"pt-BR","@id":"https:\/\/www.notibras.com\/site\/#\/schema\/logo\/image\/","url":"https:\/\/www.notibras.com\/site\/wp-content\/uploads\/2023\/01\/notibras23.png","contentUrl":"https:\/\/www.notibras.com\/site\/wp-content\/uploads\/2023\/01\/notibras23.png","width":350,"height":87,"caption":"Grupo Notibras de Comunica\u00e7\u00e3o"},"image":{"@id":"https:\/\/www.notibras.com\/site\/#\/schema\/logo\/image\/"},"sameAs":["https:\/\/www.facebook.com\/notibras\/","https:\/\/x.com\/Notibras","https:\/\/www.instagram.com\/notibras\/"]},{"@type":"Person","@id":"https:\/\/www.notibras.com\/site\/#\/schema\/person\/36ab0979449956132d3e5b517ea76ac8","name":"Reda\u00e7\u00e3o","image":{"@type":"ImageObject","inLanguage":"pt-BR","@id":"https:\/\/secure.gravatar.com\/avatar\/e0a867bdedb85fd243eadf09663511f96fc81e0720a4a42581f334ad4303aa6b?s=96&d=mm&r=g","url":"https:\/\/secure.gravatar.com\/avatar\/e0a867bdedb85fd243eadf09663511f96fc81e0720a4a42581f334ad4303aa6b?s=96&d=mm&r=g","contentUrl":"https:\/\/secure.gravatar.com\/avatar\/e0a867bdedb85fd243eadf09663511f96fc81e0720a4a42581f334ad4303aa6b?s=96&d=mm&r=g","caption":"Reda\u00e7\u00e3o"}}]}},"amp_enabled":true,"_links":{"self":[{"href":"https:\/\/www.notibras.com\/site\/wp-json\/wp\/v2\/posts\/312224","targetHints":{"allow":["GET"]}}],"collection":[{"href":"https:\/\/www.notibras.com\/site\/wp-json\/wp\/v2\/posts"}],"about":[{"href":"https:\/\/www.notibras.com\/site\/wp-json\/wp\/v2\/types\/post"}],"author":[{"embeddable":true,"href":"https:\/\/www.notibras.com\/site\/wp-json\/wp\/v2\/users\/2"}],"replies":[{"embeddable":true,"href":"https:\/\/www.notibras.com\/site\/wp-json\/wp\/v2\/comments?post=312224"}],"version-history":[{"count":1,"href":"https:\/\/www.notibras.com\/site\/wp-json\/wp\/v2\/posts\/312224\/revisions"}],"predecessor-version":[{"id":312226,"href":"https:\/\/www.notibras.com\/site\/wp-json\/wp\/v2\/posts\/312224\/revisions\/312226"}],"wp:featuredmedia":[{"embeddable":true,"href":"https:\/\/www.notibras.com\/site\/wp-json\/wp\/v2\/media\/312225"}],"wp:attachment":[{"href":"https:\/\/www.notibras.com\/site\/wp-json\/wp\/v2\/media?parent=312224"}],"wp:term":[{"taxonomy":"category","embeddable":true,"href":"https:\/\/www.notibras.com\/site\/wp-json\/wp\/v2\/categories?post=312224"},{"taxonomy":"post_tag","embeddable":true,"href":"https:\/\/www.notibras.com\/site\/wp-json\/wp\/v2\/tags?post=312224"}],"curies":[{"name":"wp","href":"https:\/\/api.w.org\/{rel}","templated":true}]}}