{"id":312307,"date":"2023-09-06T06:50:11","date_gmt":"2023-09-06T09:50:11","guid":{"rendered":"https:\/\/www.notibras.com\/site\/?p=312307"},"modified":"2023-09-06T07:58:06","modified_gmt":"2023-09-06T10:58:06","slug":"programa-do-governo-levara-politicas-publicas-a-idosos","status":"publish","type":"post","link":"https:\/\/www.notibras.com\/site\/programa-do-governo-levara-politicas-publicas-a-idosos\/","title":{"rendered":"Programa do governo levar\u00e1 pol\u00edticas p\u00fablicas a idosos"},"content":{"rendered":"<p>O Minist\u00e9rio dos Direitos Humanos e Cidadania criou o Programa Envelhecer nos Territ\u00f3rios, com o objetivo de tornar as pol\u00edticas p\u00fablicas para a pessoa idosa mais efetivas nos locais onde essa popula\u00e7\u00e3o vive. A medida foi institu\u00edda por meio de portaria publicada no Di\u00e1rio Oficial da Uni\u00e3o.<\/p>\n<p>Na cerim\u00f4nia de assinatura da portaria, o ministro dos Direitos Humanos e Cidadania, S\u00edlvio Almeida, destacou a import\u00e2ncia de n\u00e3o apenas consolidar as pol\u00edticas p\u00fablicas, mas tamb\u00e9m de fortalec\u00ea-las. \u201cDefendo a capilariza\u00e7\u00e3o das pol\u00edticas de direitos humanos para que elas n\u00e3o ocorram apenas em Bras\u00edlia, mas em contato direto com os estados, o Distrito Federal e os munic\u00edpios\u201d, disse.<\/p>\n<p>De acordo com a Pesquisa Nacional por Amostra de Domic\u00edlios Cont\u00ednua (PNAD Cont\u00ednua), divulgada pelo IBGE em 2022, a parcela da popula\u00e7\u00e3o acima dos 60 anos de idade passou de 11,3% para 14,7% em 10 anos. Os locais onde essa popula\u00e7\u00e3o vive, associados aos indicadores de priva\u00e7\u00e3o socioecon\u00f4mica e de desigualdade social, servir\u00e3o de par\u00e2metro para a escolha dos munic\u00edpios onde o programa chegar\u00e1 primeiro.<\/p>\n<p>As a\u00e7\u00f5es do Programa Envelhecer nos Territ\u00f3rios buscar\u00e3o qualificar e equipar \u00f3rg\u00e3os estaduais, distrital e municipais para tornar as pol\u00edticas de direitos humanos voltadas \u00e0 pessoa idosa mais efetivas. Tamb\u00e9m est\u00e3o previstas a identifica\u00e7\u00e3o, articula\u00e7\u00e3o e capacita\u00e7\u00e3o de agentes locais para fortalecer a participa\u00e7\u00e3o social na forma de conselhos que busquem solu\u00e7\u00f5es para as viola\u00e7\u00f5es de direitos humanos de pessoas idosas.<\/p>\n<p><strong>Agentes<\/strong><br \/>\nAs capacita\u00e7\u00f5es ser\u00e3o viabilizadas por meio articula\u00e7\u00e3o com a gest\u00e3o p\u00fablica local, as institui\u00e7\u00f5es federais de Ensino Superior (IFES) e os conselhos municipais e estaduais de Direitos das Pessoas Idosas. O programa tamb\u00e9m prev\u00ea que sejam baseadas na educa\u00e7\u00e3o popular e interprofissional, com dura\u00e7\u00e3o de no m\u00ednimo 40 horas te\u00f3ricas presenciais e 80 horas mensais pr\u00e1ticas, nos territ\u00f3rios onde vivem as pessoas idosas.<\/p>\n<p>Depois de capacitados, os agentes locais atuar\u00e3o por 12 meses como articuladores de conselhos e \u00f3rg\u00e3os gestores das pol\u00edticas de direitos humanos. Eles tamb\u00e9m acompanhar\u00e3o o alcance das pol\u00edticas aos grupos de pessoas idosas, na propor\u00e7\u00e3o de 150 a 200 pessoas, para cada agente local.<\/p>\n","protected":false},"excerpt":{"rendered":"<p>O Minist\u00e9rio dos Direitos Humanos e Cidadania criou o Programa Envelhecer nos Territ\u00f3rios, com o objetivo de tornar as pol\u00edticas p\u00fablicas para a pessoa idosa mais efetivas nos locais onde essa popula\u00e7\u00e3o vive. A medida foi institu\u00edda por meio de portaria publicada no Di\u00e1rio Oficial da Uni\u00e3o. Na cerim\u00f4nia de assinatura da portaria, o ministro [&hellip;]<\/p>\n","protected":false},"author":2,"featured_media":312308,"comment_status":"closed","ping_status":"closed","sticky":false,"template":"","format":"standard","meta":{"_acf_changed":false,"footnotes":""},"categories":[161],"tags":[95],"class_list":["post-312307","post","type-post","status-publish","format-standard","has-post-thumbnail","hentry","category-quadradinho-em-foco","tag-capa"],"acf":[],"yoast_head":"<!-- This site is optimized with the Yoast SEO plugin v27.2 - https:\/\/yoast.com\/product\/yoast-seo-wordpress\/ -->\n<title>Programa do governo levar\u00e1 pol\u00edticas p\u00fablicas a idosos - Notibras<\/title>\n<meta name=\"robots\" content=\"index, follow, max-snippet:-1, max-image-preview:large, max-video-preview:-1\" \/>\n<link rel=\"canonical\" href=\"https:\/\/www.notibras.com\/site\/programa-do-governo-levara-politicas-publicas-a-idosos\/\" \/>\n<meta property=\"og:locale\" content=\"pt_BR\" \/>\n<meta property=\"og:type\" content=\"article\" \/>\n<meta property=\"og:title\" content=\"Programa do governo levar\u00e1 pol\u00edticas p\u00fablicas a idosos - Notibras\" \/>\n<meta property=\"og:description\" content=\"O Minist\u00e9rio dos Direitos Humanos e Cidadania criou o Programa Envelhecer nos Territ\u00f3rios, com o objetivo de tornar as pol\u00edticas p\u00fablicas para a pessoa idosa mais efetivas nos locais onde essa popula\u00e7\u00e3o vive. A medida foi institu\u00edda por meio de portaria publicada no Di\u00e1rio Oficial da Uni\u00e3o. Na cerim\u00f4nia de assinatura da portaria, o ministro [&hellip;]\" \/>\n<meta property=\"og:url\" content=\"https:\/\/www.notibras.com\/site\/programa-do-governo-levara-politicas-publicas-a-idosos\/\" \/>\n<meta property=\"og:site_name\" content=\"Notibras\" \/>\n<meta property=\"article:publisher\" content=\"https:\/\/www.facebook.com\/notibras\/\" \/>\n<meta property=\"article:published_time\" content=\"2023-09-06T09:50:11+00:00\" \/>\n<meta property=\"article:modified_time\" content=\"2023-09-06T10:58:06+00:00\" \/>\n<meta property=\"og:image\" content=\"https:\/\/www.notibras.com\/site\/wp-content\/uploads\/2023\/09\/idosos_tecnologia_2.jpg\" \/>\n\t<meta property=\"og:image:width\" content=\"1170\" \/>\n\t<meta property=\"og:image:height\" content=\"700\" \/>\n\t<meta property=\"og:image:type\" content=\"image\/jpeg\" \/>\n<meta name=\"author\" content=\"Reda\u00e7\u00e3o\" \/>\n<meta name=\"twitter:card\" content=\"summary_large_image\" \/>\n<meta name=\"twitter:creator\" content=\"@Notibras\" \/>\n<meta name=\"twitter:site\" content=\"@Notibras\" \/>\n<meta name=\"twitter:label1\" content=\"Escrito por\" \/>\n\t<meta name=\"twitter:data1\" content=\"Reda\u00e7\u00e3o\" \/>\n\t<meta name=\"twitter:label2\" content=\"Est. tempo de leitura\" \/>\n\t<meta name=\"twitter:data2\" content=\"2 minutos\" \/>\n<script type=\"application\/ld+json\" class=\"yoast-schema-graph\">{\"@context\":\"https:\/\/schema.org\",\"@graph\":[{\"@type\":\"Article\",\"@id\":\"https:\/\/www.notibras.com\/site\/programa-do-governo-levara-politicas-publicas-a-idosos\/#article\",\"isPartOf\":{\"@id\":\"https:\/\/www.notibras.com\/site\/programa-do-governo-levara-politicas-publicas-a-idosos\/\"},\"author\":{\"name\":\"Reda\u00e7\u00e3o\",\"@id\":\"https:\/\/www.notibras.com\/site\/#\/schema\/person\/36ab0979449956132d3e5b517ea76ac8\"},\"headline\":\"Programa do governo levar\u00e1 pol\u00edticas p\u00fablicas a idosos\",\"datePublished\":\"2023-09-06T09:50:11+00:00\",\"dateModified\":\"2023-09-06T10:58:06+00:00\",\"mainEntityOfPage\":{\"@id\":\"https:\/\/www.notibras.com\/site\/programa-do-governo-levara-politicas-publicas-a-idosos\/\"},\"wordCount\":404,\"publisher\":{\"@id\":\"https:\/\/www.notibras.com\/site\/#organization\"},\"image\":{\"@id\":\"https:\/\/www.notibras.com\/site\/programa-do-governo-levara-politicas-publicas-a-idosos\/#primaryimage\"},\"thumbnailUrl\":\"https:\/\/www.notibras.com\/site\/wp-content\/uploads\/2023\/09\/idosos_tecnologia_2.jpg\",\"keywords\":[\"capa\"],\"articleSection\":[\"Quadradinho em Foco\"],\"inLanguage\":\"pt-BR\"},{\"@type\":\"WebPage\",\"@id\":\"https:\/\/www.notibras.com\/site\/programa-do-governo-levara-politicas-publicas-a-idosos\/\",\"url\":\"https:\/\/www.notibras.com\/site\/programa-do-governo-levara-politicas-publicas-a-idosos\/\",\"name\":\"Programa do governo levar\u00e1 pol\u00edticas p\u00fablicas a idosos - Notibras\",\"isPartOf\":{\"@id\":\"https:\/\/www.notibras.com\/site\/#website\"},\"primaryImageOfPage\":{\"@id\":\"https:\/\/www.notibras.com\/site\/programa-do-governo-levara-politicas-publicas-a-idosos\/#primaryimage\"},\"image\":{\"@id\":\"https:\/\/www.notibras.com\/site\/programa-do-governo-levara-politicas-publicas-a-idosos\/#primaryimage\"},\"thumbnailUrl\":\"https:\/\/www.notibras.com\/site\/wp-content\/uploads\/2023\/09\/idosos_tecnologia_2.jpg\",\"datePublished\":\"2023-09-06T09:50:11+00:00\",\"dateModified\":\"2023-09-06T10:58:06+00:00\",\"breadcrumb\":{\"@id\":\"https:\/\/www.notibras.com\/site\/programa-do-governo-levara-politicas-publicas-a-idosos\/#breadcrumb\"},\"inLanguage\":\"pt-BR\",\"potentialAction\":[{\"@type\":\"ReadAction\",\"target\":[\"https:\/\/www.notibras.com\/site\/programa-do-governo-levara-politicas-publicas-a-idosos\/\"]}]},{\"@type\":\"ImageObject\",\"inLanguage\":\"pt-BR\",\"@id\":\"https:\/\/www.notibras.com\/site\/programa-do-governo-levara-politicas-publicas-a-idosos\/#primaryimage\",\"url\":\"https:\/\/www.notibras.com\/site\/wp-content\/uploads\/2023\/09\/idosos_tecnologia_2.jpg\",\"contentUrl\":\"https:\/\/www.notibras.com\/site\/wp-content\/uploads\/2023\/09\/idosos_tecnologia_2.jpg\",\"width\":1170,\"height\":700},{\"@type\":\"BreadcrumbList\",\"@id\":\"https:\/\/www.notibras.com\/site\/programa-do-governo-levara-politicas-publicas-a-idosos\/#breadcrumb\",\"itemListElement\":[{\"@type\":\"ListItem\",\"position\":1,\"name\":\"In\u00edcio\",\"item\":\"https:\/\/www.notibras.com\/site\/\"},{\"@type\":\"ListItem\",\"position\":2,\"name\":\"Programa do governo levar\u00e1 pol\u00edticas p\u00fablicas a idosos\"}]},{\"@type\":\"WebSite\",\"@id\":\"https:\/\/www.notibras.com\/site\/#website\",\"url\":\"https:\/\/www.notibras.com\/site\/\",\"name\":\"Notibras\",\"description\":\"Not\u00edcias de Bras\u00edlia, do Brasil e do Mundo\",\"publisher\":{\"@id\":\"https:\/\/www.notibras.com\/site\/#organization\"},\"potentialAction\":[{\"@type\":\"SearchAction\",\"target\":{\"@type\":\"EntryPoint\",\"urlTemplate\":\"https:\/\/www.notibras.com\/site\/?s={search_term_string}\"},\"query-input\":{\"@type\":\"PropertyValueSpecification\",\"valueRequired\":true,\"valueName\":\"search_term_string\"}}],\"inLanguage\":\"pt-BR\"},{\"@type\":\"Organization\",\"@id\":\"https:\/\/www.notibras.com\/site\/#organization\",\"name\":\"Grupo Notibras de Comunica\u00e7\u00e3o\",\"url\":\"https:\/\/www.notibras.com\/site\/\",\"logo\":{\"@type\":\"ImageObject\",\"inLanguage\":\"pt-BR\",\"@id\":\"https:\/\/www.notibras.com\/site\/#\/schema\/logo\/image\/\",\"url\":\"https:\/\/www.notibras.com\/site\/wp-content\/uploads\/2023\/01\/notibras23.png\",\"contentUrl\":\"https:\/\/www.notibras.com\/site\/wp-content\/uploads\/2023\/01\/notibras23.png\",\"width\":350,\"height\":87,\"caption\":\"Grupo Notibras de Comunica\u00e7\u00e3o\"},\"image\":{\"@id\":\"https:\/\/www.notibras.com\/site\/#\/schema\/logo\/image\/\"},\"sameAs\":[\"https:\/\/www.facebook.com\/notibras\/\",\"https:\/\/x.com\/Notibras\",\"https:\/\/www.instagram.com\/notibras\/\"]},{\"@type\":\"Person\",\"@id\":\"https:\/\/www.notibras.com\/site\/#\/schema\/person\/36ab0979449956132d3e5b517ea76ac8\",\"name\":\"Reda\u00e7\u00e3o\",\"image\":{\"@type\":\"ImageObject\",\"inLanguage\":\"pt-BR\",\"@id\":\"https:\/\/secure.gravatar.com\/avatar\/e0a867bdedb85fd243eadf09663511f96fc81e0720a4a42581f334ad4303aa6b?s=96&d=mm&r=g\",\"url\":\"https:\/\/secure.gravatar.com\/avatar\/e0a867bdedb85fd243eadf09663511f96fc81e0720a4a42581f334ad4303aa6b?s=96&d=mm&r=g\",\"contentUrl\":\"https:\/\/secure.gravatar.com\/avatar\/e0a867bdedb85fd243eadf09663511f96fc81e0720a4a42581f334ad4303aa6b?s=96&d=mm&r=g\",\"caption\":\"Reda\u00e7\u00e3o\"}}]}<\/script>\n<!-- \/ Yoast SEO plugin. -->","yoast_head_json":{"title":"Programa do governo levar\u00e1 pol\u00edticas p\u00fablicas a idosos - Notibras","robots":{"index":"index","follow":"follow","max-snippet":"max-snippet:-1","max-image-preview":"max-image-preview:large","max-video-preview":"max-video-preview:-1"},"canonical":"https:\/\/www.notibras.com\/site\/programa-do-governo-levara-politicas-publicas-a-idosos\/","og_locale":"pt_BR","og_type":"article","og_title":"Programa do governo levar\u00e1 pol\u00edticas p\u00fablicas a idosos - Notibras","og_description":"O Minist\u00e9rio dos Direitos Humanos e Cidadania criou o Programa Envelhecer nos Territ\u00f3rios, com o objetivo de tornar as pol\u00edticas p\u00fablicas para a pessoa idosa mais efetivas nos locais onde essa popula\u00e7\u00e3o vive. A medida foi institu\u00edda por meio de portaria publicada no Di\u00e1rio Oficial da Uni\u00e3o. Na cerim\u00f4nia de assinatura da portaria, o ministro [&hellip;]","og_url":"https:\/\/www.notibras.com\/site\/programa-do-governo-levara-politicas-publicas-a-idosos\/","og_site_name":"Notibras","article_publisher":"https:\/\/www.facebook.com\/notibras\/","article_published_time":"2023-09-06T09:50:11+00:00","article_modified_time":"2023-09-06T10:58:06+00:00","og_image":[{"width":1170,"height":700,"url":"https:\/\/www.notibras.com\/site\/wp-content\/uploads\/2023\/09\/idosos_tecnologia_2.jpg","type":"image\/jpeg"}],"author":"Reda\u00e7\u00e3o","twitter_card":"summary_large_image","twitter_creator":"@Notibras","twitter_site":"@Notibras","twitter_misc":{"Escrito por":"Reda\u00e7\u00e3o","Est. tempo de leitura":"2 minutos"},"schema":{"@context":"https:\/\/schema.org","@graph":[{"@type":"Article","@id":"https:\/\/www.notibras.com\/site\/programa-do-governo-levara-politicas-publicas-a-idosos\/#article","isPartOf":{"@id":"https:\/\/www.notibras.com\/site\/programa-do-governo-levara-politicas-publicas-a-idosos\/"},"author":{"name":"Reda\u00e7\u00e3o","@id":"https:\/\/www.notibras.com\/site\/#\/schema\/person\/36ab0979449956132d3e5b517ea76ac8"},"headline":"Programa do governo levar\u00e1 pol\u00edticas p\u00fablicas a idosos","datePublished":"2023-09-06T09:50:11+00:00","dateModified":"2023-09-06T10:58:06+00:00","mainEntityOfPage":{"@id":"https:\/\/www.notibras.com\/site\/programa-do-governo-levara-politicas-publicas-a-idosos\/"},"wordCount":404,"publisher":{"@id":"https:\/\/www.notibras.com\/site\/#organization"},"image":{"@id":"https:\/\/www.notibras.com\/site\/programa-do-governo-levara-politicas-publicas-a-idosos\/#primaryimage"},"thumbnailUrl":"https:\/\/www.notibras.com\/site\/wp-content\/uploads\/2023\/09\/idosos_tecnologia_2.jpg","keywords":["capa"],"articleSection":["Quadradinho em Foco"],"inLanguage":"pt-BR"},{"@type":"WebPage","@id":"https:\/\/www.notibras.com\/site\/programa-do-governo-levara-politicas-publicas-a-idosos\/","url":"https:\/\/www.notibras.com\/site\/programa-do-governo-levara-politicas-publicas-a-idosos\/","name":"Programa do governo levar\u00e1 pol\u00edticas p\u00fablicas a idosos - Notibras","isPartOf":{"@id":"https:\/\/www.notibras.com\/site\/#website"},"primaryImageOfPage":{"@id":"https:\/\/www.notibras.com\/site\/programa-do-governo-levara-politicas-publicas-a-idosos\/#primaryimage"},"image":{"@id":"https:\/\/www.notibras.com\/site\/programa-do-governo-levara-politicas-publicas-a-idosos\/#primaryimage"},"thumbnailUrl":"https:\/\/www.notibras.com\/site\/wp-content\/uploads\/2023\/09\/idosos_tecnologia_2.jpg","datePublished":"2023-09-06T09:50:11+00:00","dateModified":"2023-09-06T10:58:06+00:00","breadcrumb":{"@id":"https:\/\/www.notibras.com\/site\/programa-do-governo-levara-politicas-publicas-a-idosos\/#breadcrumb"},"inLanguage":"pt-BR","potentialAction":[{"@type":"ReadAction","target":["https:\/\/www.notibras.com\/site\/programa-do-governo-levara-politicas-publicas-a-idosos\/"]}]},{"@type":"ImageObject","inLanguage":"pt-BR","@id":"https:\/\/www.notibras.com\/site\/programa-do-governo-levara-politicas-publicas-a-idosos\/#primaryimage","url":"https:\/\/www.notibras.com\/site\/wp-content\/uploads\/2023\/09\/idosos_tecnologia_2.jpg","contentUrl":"https:\/\/www.notibras.com\/site\/wp-content\/uploads\/2023\/09\/idosos_tecnologia_2.jpg","width":1170,"height":700},{"@type":"BreadcrumbList","@id":"https:\/\/www.notibras.com\/site\/programa-do-governo-levara-politicas-publicas-a-idosos\/#breadcrumb","itemListElement":[{"@type":"ListItem","position":1,"name":"In\u00edcio","item":"https:\/\/www.notibras.com\/site\/"},{"@type":"ListItem","position":2,"name":"Programa do governo levar\u00e1 pol\u00edticas p\u00fablicas a idosos"}]},{"@type":"WebSite","@id":"https:\/\/www.notibras.com\/site\/#website","url":"https:\/\/www.notibras.com\/site\/","name":"Notibras","description":"Not\u00edcias de Bras\u00edlia, do Brasil e do Mundo","publisher":{"@id":"https:\/\/www.notibras.com\/site\/#organization"},"potentialAction":[{"@type":"SearchAction","target":{"@type":"EntryPoint","urlTemplate":"https:\/\/www.notibras.com\/site\/?s={search_term_string}"},"query-input":{"@type":"PropertyValueSpecification","valueRequired":true,"valueName":"search_term_string"}}],"inLanguage":"pt-BR"},{"@type":"Organization","@id":"https:\/\/www.notibras.com\/site\/#organization","name":"Grupo Notibras de Comunica\u00e7\u00e3o","url":"https:\/\/www.notibras.com\/site\/","logo":{"@type":"ImageObject","inLanguage":"pt-BR","@id":"https:\/\/www.notibras.com\/site\/#\/schema\/logo\/image\/","url":"https:\/\/www.notibras.com\/site\/wp-content\/uploads\/2023\/01\/notibras23.png","contentUrl":"https:\/\/www.notibras.com\/site\/wp-content\/uploads\/2023\/01\/notibras23.png","width":350,"height":87,"caption":"Grupo Notibras de Comunica\u00e7\u00e3o"},"image":{"@id":"https:\/\/www.notibras.com\/site\/#\/schema\/logo\/image\/"},"sameAs":["https:\/\/www.facebook.com\/notibras\/","https:\/\/x.com\/Notibras","https:\/\/www.instagram.com\/notibras\/"]},{"@type":"Person","@id":"https:\/\/www.notibras.com\/site\/#\/schema\/person\/36ab0979449956132d3e5b517ea76ac8","name":"Reda\u00e7\u00e3o","image":{"@type":"ImageObject","inLanguage":"pt-BR","@id":"https:\/\/secure.gravatar.com\/avatar\/e0a867bdedb85fd243eadf09663511f96fc81e0720a4a42581f334ad4303aa6b?s=96&d=mm&r=g","url":"https:\/\/secure.gravatar.com\/avatar\/e0a867bdedb85fd243eadf09663511f96fc81e0720a4a42581f334ad4303aa6b?s=96&d=mm&r=g","contentUrl":"https:\/\/secure.gravatar.com\/avatar\/e0a867bdedb85fd243eadf09663511f96fc81e0720a4a42581f334ad4303aa6b?s=96&d=mm&r=g","caption":"Reda\u00e7\u00e3o"}}]}},"amp_enabled":true,"_links":{"self":[{"href":"https:\/\/www.notibras.com\/site\/wp-json\/wp\/v2\/posts\/312307","targetHints":{"allow":["GET"]}}],"collection":[{"href":"https:\/\/www.notibras.com\/site\/wp-json\/wp\/v2\/posts"}],"about":[{"href":"https:\/\/www.notibras.com\/site\/wp-json\/wp\/v2\/types\/post"}],"author":[{"embeddable":true,"href":"https:\/\/www.notibras.com\/site\/wp-json\/wp\/v2\/users\/2"}],"replies":[{"embeddable":true,"href":"https:\/\/www.notibras.com\/site\/wp-json\/wp\/v2\/comments?post=312307"}],"version-history":[{"count":1,"href":"https:\/\/www.notibras.com\/site\/wp-json\/wp\/v2\/posts\/312307\/revisions"}],"predecessor-version":[{"id":312309,"href":"https:\/\/www.notibras.com\/site\/wp-json\/wp\/v2\/posts\/312307\/revisions\/312309"}],"wp:featuredmedia":[{"embeddable":true,"href":"https:\/\/www.notibras.com\/site\/wp-json\/wp\/v2\/media\/312308"}],"wp:attachment":[{"href":"https:\/\/www.notibras.com\/site\/wp-json\/wp\/v2\/media?parent=312307"}],"wp:term":[{"taxonomy":"category","embeddable":true,"href":"https:\/\/www.notibras.com\/site\/wp-json\/wp\/v2\/categories?post=312307"},{"taxonomy":"post_tag","embeddable":true,"href":"https:\/\/www.notibras.com\/site\/wp-json\/wp\/v2\/tags?post=312307"}],"curies":[{"name":"wp","href":"https:\/\/api.w.org\/{rel}","templated":true}]}}