{"id":312359,"date":"2023-09-07T08:18:30","date_gmt":"2023-09-07T11:18:30","guid":{"rendered":"https:\/\/www.notibras.com\/site\/?p=312359"},"modified":"2023-09-07T11:26:39","modified_gmt":"2023-09-07T14:26:39","slug":"riscado-do-mapa-velho-ranzinza-fica-com-bela-e-isa","status":"publish","type":"post","link":"https:\/\/www.notibras.com\/site\/riscado-do-mapa-velho-ranzinza-fica-com-bela-e-isa\/","title":{"rendered":"Riscado do mapa, velho ranzinza fica com Bela e Isa"},"content":{"rendered":"<p>Genival era conhecido como o velho dos cachorros. N\u00e3o que possu\u00edsse muitos, mas, n\u00e3o raro, era visto conversando com um ou outro na rua. Sempre acompanhado de Bela e Isa, suas duas vira-latas, ele era quase um ermit\u00e3o. Quase! N\u00e3o que n\u00e3o tivesse amigos, at\u00e9 os tinha. N\u00e3o muitos, \u00e9 verdade, talvez por conta do seu g\u00eanio um pouco dif\u00edcil. Na verdade, muitos do bairro o consideravam intrag\u00e1vel.<\/p>\n<p>No edif\u00edcio onde morava, Genival vivia se metendo em confus\u00e3o com os vizinhos. Seja por conta do lixo org\u00e2nico misturado ao recicl\u00e1vel, seja por algu\u00e9m ter estacionado o autom\u00f3vel bem em cima da faixa, seja at\u00e9 mesmo por conta dos sons mais animados de alguns fazendo amor sem ter inten\u00e7\u00e3o de procriar. Uma verdadeira afronta aos bons costumes, o velho, cheio de raz\u00e3o, reclamava com veem\u00eancia.<\/p>\n<p>Aposentado h\u00e1 quase duas d\u00e9cadas, o ranzinza conseguiu arrumar confus\u00e3o at\u00e9 com o padre Pl\u00ednio, um homem quase santo, segundo o testemunho de todos que o conheciam. Pois foi num domingo, durante a missa de s\u00e9timo, eis que o velho interrompeu a fala de elogios \u00e0 finada Doroteia. Genival n\u00e3o aguentou ouvir o padre Pl\u00ednio dizer que a falecida faria muita falta, mas que seria acolhida no Reino dos C\u00e9us.<\/p>\n<p>&#8211; Aquela bruxa vai direto pros Quintos do Inferno!!!<\/p>\n<p>Foi um mal-estar completo na igreja. Todos, inclusive o Francisco, que at\u00e9 se dava com o Genival, ficaram constrangidos. Mesmo assim, tentou colocar panos quentes naquela situa\u00e7\u00e3o. No entanto, antes que falasse alguma coisa, eis que o Genival se levanta e vai embora sem se despedir de quem quer que seja. Dizem que at\u00e9 Jesus, esculpido no enorme crucifixo de madeira logo acima do altar, teria ficado pasmo.<\/p>\n<p>N\u00e3o demorou, a not\u00edcia desse imbr\u00f3glio correu todo o bairro. A p\u00e9ssima fama de Genival, como se isso fosse poss\u00edvel, piorou ainda mais. Os mais exaltados cuspiam no ch\u00e3o quando o viam passar, nem que fosse pela cal\u00e7ada do outro lado da rua. Ningu\u00e9m queria mais contato com o velho rabugento. Ningu\u00e9m o convidava nem para enterros, quanto mais para comemora\u00e7\u00f5es. Ele havia sido exclu\u00eddo de tudo, at\u00e9 dos grupos de WhatsApp. Nada de vida social para o encrenqueiro. Aquilo estava chegando a um ponto insuport\u00e1vel, quando, ent\u00e3o, o bondoso padre resolveu ter um particular com o Genival.<\/p>\n<p>Dizem que o encontro entre o religioso e a ovelha desgarrada teria acontecido numa esquina da cidade conhecida por n\u00e3o ter esquinas. L\u00e1 estava o Genival, acompanhado das insepar\u00e1veis Bela e Isa. Ele conversava eloquentemente com as duas, quando o padre Pl\u00ednio se aproximou. Assim que percebeu a presen\u00e7a do sacerdote, Genival voltou seus olhos para as cachorras e continuou a tagarelar. O padre, a despeito de tal atitude de desd\u00e9m, insistiu em conversar com o velho.<\/p>\n<p>&#8211; Genival, voc\u00ea quer conversar?<\/p>\n<p>&#8211; J\u00e1 estou conversando com as minhas amigas.<\/p>\n<p>&#8211; Sim, percebi. Mas voc\u00ea n\u00e3o quer mais conversar com as pessoas?<\/p>\n<p>&#8211; N\u00e3o! Agora s\u00f3 converso com os cachorros.<\/p>\n<p>&#8211; Meu filho, mas por qu\u00ea?<\/p>\n<p>&#8211; Padre, amo os c\u00e3es porque eles nunca me cancelam.<\/p>\n","protected":false},"excerpt":{"rendered":"<p>Genival era conhecido como o velho dos cachorros. N\u00e3o que possu\u00edsse muitos, mas, n\u00e3o raro, era visto conversando com um ou outro na rua. Sempre acompanhado de Bela e Isa, suas duas vira-latas, ele era quase um ermit\u00e3o. Quase! N\u00e3o que n\u00e3o tivesse amigos, at\u00e9 os tinha. N\u00e3o muitos, \u00e9 verdade, talvez por conta do [&hellip;]<\/p>\n","protected":false},"author":2,"featured_media":312361,"comment_status":"closed","ping_status":"closed","sticky":false,"template":"","format":"standard","meta":{"_acf_changed":false,"footnotes":""},"categories":[161],"tags":[],"class_list":["post-312359","post","type-post","status-publish","format-standard","has-post-thumbnail","hentry","category-quadradinho-em-foco"],"acf":[],"yoast_head":"<!-- This site is optimized with the Yoast SEO plugin v27.2 - https:\/\/yoast.com\/product\/yoast-seo-wordpress\/ -->\n<title>Riscado do mapa, velho ranzinza fica com Bela e Isa - Notibras<\/title>\n<meta name=\"robots\" content=\"index, follow, max-snippet:-1, max-image-preview:large, max-video-preview:-1\" \/>\n<link rel=\"canonical\" href=\"https:\/\/www.notibras.com\/site\/riscado-do-mapa-velho-ranzinza-fica-com-bela-e-isa\/\" \/>\n<meta property=\"og:locale\" content=\"pt_BR\" \/>\n<meta property=\"og:type\" content=\"article\" \/>\n<meta property=\"og:title\" content=\"Riscado do mapa, velho ranzinza fica com Bela e Isa - Notibras\" \/>\n<meta property=\"og:description\" content=\"Genival era conhecido como o velho dos cachorros. N\u00e3o que possu\u00edsse muitos, mas, n\u00e3o raro, era visto conversando com um ou outro na rua. Sempre acompanhado de Bela e Isa, suas duas vira-latas, ele era quase um ermit\u00e3o. Quase! N\u00e3o que n\u00e3o tivesse amigos, at\u00e9 os tinha. N\u00e3o muitos, \u00e9 verdade, talvez por conta do [&hellip;]\" \/>\n<meta property=\"og:url\" content=\"https:\/\/www.notibras.com\/site\/riscado-do-mapa-velho-ranzinza-fica-com-bela-e-isa\/\" \/>\n<meta property=\"og:site_name\" content=\"Notibras\" \/>\n<meta property=\"article:publisher\" content=\"https:\/\/www.facebook.com\/notibras\/\" \/>\n<meta property=\"article:published_time\" content=\"2023-09-07T11:18:30+00:00\" \/>\n<meta property=\"article:modified_time\" content=\"2023-09-07T14:26:39+00:00\" \/>\n<meta property=\"og:image\" content=\"https:\/\/www.notibras.com\/site\/wp-content\/uploads\/2023\/09\/geca.png\" \/>\n\t<meta property=\"og:image:width\" content=\"685\" \/>\n\t<meta property=\"og:image:height\" content=\"360\" \/>\n\t<meta property=\"og:image:type\" content=\"image\/png\" \/>\n<meta name=\"author\" content=\"Reda\u00e7\u00e3o\" \/>\n<meta name=\"twitter:card\" content=\"summary_large_image\" \/>\n<meta name=\"twitter:creator\" content=\"@Notibras\" \/>\n<meta name=\"twitter:site\" content=\"@Notibras\" \/>\n<meta name=\"twitter:label1\" content=\"Escrito por\" \/>\n\t<meta name=\"twitter:data1\" content=\"Reda\u00e7\u00e3o\" \/>\n\t<meta name=\"twitter:label2\" content=\"Est. tempo de leitura\" \/>\n\t<meta name=\"twitter:data2\" content=\"3 minutos\" \/>\n<script type=\"application\/ld+json\" class=\"yoast-schema-graph\">{\"@context\":\"https:\/\/schema.org\",\"@graph\":[{\"@type\":\"Article\",\"@id\":\"https:\/\/www.notibras.com\/site\/riscado-do-mapa-velho-ranzinza-fica-com-bela-e-isa\/#article\",\"isPartOf\":{\"@id\":\"https:\/\/www.notibras.com\/site\/riscado-do-mapa-velho-ranzinza-fica-com-bela-e-isa\/\"},\"author\":{\"name\":\"Reda\u00e7\u00e3o\",\"@id\":\"https:\/\/www.notibras.com\/site\/#\/schema\/person\/36ab0979449956132d3e5b517ea76ac8\"},\"headline\":\"Riscado do mapa, velho ranzinza fica com Bela e Isa\",\"datePublished\":\"2023-09-07T11:18:30+00:00\",\"dateModified\":\"2023-09-07T14:26:39+00:00\",\"mainEntityOfPage\":{\"@id\":\"https:\/\/www.notibras.com\/site\/riscado-do-mapa-velho-ranzinza-fica-com-bela-e-isa\/\"},\"wordCount\":561,\"publisher\":{\"@id\":\"https:\/\/www.notibras.com\/site\/#organization\"},\"image\":{\"@id\":\"https:\/\/www.notibras.com\/site\/riscado-do-mapa-velho-ranzinza-fica-com-bela-e-isa\/#primaryimage\"},\"thumbnailUrl\":\"https:\/\/www.notibras.com\/site\/wp-content\/uploads\/2023\/09\/geca.png\",\"articleSection\":[\"Quadradinho em Foco\"],\"inLanguage\":\"pt-BR\"},{\"@type\":\"WebPage\",\"@id\":\"https:\/\/www.notibras.com\/site\/riscado-do-mapa-velho-ranzinza-fica-com-bela-e-isa\/\",\"url\":\"https:\/\/www.notibras.com\/site\/riscado-do-mapa-velho-ranzinza-fica-com-bela-e-isa\/\",\"name\":\"Riscado do mapa, velho ranzinza fica com Bela e Isa - Notibras\",\"isPartOf\":{\"@id\":\"https:\/\/www.notibras.com\/site\/#website\"},\"primaryImageOfPage\":{\"@id\":\"https:\/\/www.notibras.com\/site\/riscado-do-mapa-velho-ranzinza-fica-com-bela-e-isa\/#primaryimage\"},\"image\":{\"@id\":\"https:\/\/www.notibras.com\/site\/riscado-do-mapa-velho-ranzinza-fica-com-bela-e-isa\/#primaryimage\"},\"thumbnailUrl\":\"https:\/\/www.notibras.com\/site\/wp-content\/uploads\/2023\/09\/geca.png\",\"datePublished\":\"2023-09-07T11:18:30+00:00\",\"dateModified\":\"2023-09-07T14:26:39+00:00\",\"breadcrumb\":{\"@id\":\"https:\/\/www.notibras.com\/site\/riscado-do-mapa-velho-ranzinza-fica-com-bela-e-isa\/#breadcrumb\"},\"inLanguage\":\"pt-BR\",\"potentialAction\":[{\"@type\":\"ReadAction\",\"target\":[\"https:\/\/www.notibras.com\/site\/riscado-do-mapa-velho-ranzinza-fica-com-bela-e-isa\/\"]}]},{\"@type\":\"ImageObject\",\"inLanguage\":\"pt-BR\",\"@id\":\"https:\/\/www.notibras.com\/site\/riscado-do-mapa-velho-ranzinza-fica-com-bela-e-isa\/#primaryimage\",\"url\":\"https:\/\/www.notibras.com\/site\/wp-content\/uploads\/2023\/09\/geca.png\",\"contentUrl\":\"https:\/\/www.notibras.com\/site\/wp-content\/uploads\/2023\/09\/geca.png\",\"width\":685,\"height\":360},{\"@type\":\"BreadcrumbList\",\"@id\":\"https:\/\/www.notibras.com\/site\/riscado-do-mapa-velho-ranzinza-fica-com-bela-e-isa\/#breadcrumb\",\"itemListElement\":[{\"@type\":\"ListItem\",\"position\":1,\"name\":\"In\u00edcio\",\"item\":\"https:\/\/www.notibras.com\/site\/\"},{\"@type\":\"ListItem\",\"position\":2,\"name\":\"Riscado do mapa, velho ranzinza fica com Bela e Isa\"}]},{\"@type\":\"WebSite\",\"@id\":\"https:\/\/www.notibras.com\/site\/#website\",\"url\":\"https:\/\/www.notibras.com\/site\/\",\"name\":\"Notibras\",\"description\":\"Not\u00edcias de Bras\u00edlia, do Brasil e do Mundo\",\"publisher\":{\"@id\":\"https:\/\/www.notibras.com\/site\/#organization\"},\"potentialAction\":[{\"@type\":\"SearchAction\",\"target\":{\"@type\":\"EntryPoint\",\"urlTemplate\":\"https:\/\/www.notibras.com\/site\/?s={search_term_string}\"},\"query-input\":{\"@type\":\"PropertyValueSpecification\",\"valueRequired\":true,\"valueName\":\"search_term_string\"}}],\"inLanguage\":\"pt-BR\"},{\"@type\":\"Organization\",\"@id\":\"https:\/\/www.notibras.com\/site\/#organization\",\"name\":\"Grupo Notibras de Comunica\u00e7\u00e3o\",\"url\":\"https:\/\/www.notibras.com\/site\/\",\"logo\":{\"@type\":\"ImageObject\",\"inLanguage\":\"pt-BR\",\"@id\":\"https:\/\/www.notibras.com\/site\/#\/schema\/logo\/image\/\",\"url\":\"https:\/\/www.notibras.com\/site\/wp-content\/uploads\/2023\/01\/notibras23.png\",\"contentUrl\":\"https:\/\/www.notibras.com\/site\/wp-content\/uploads\/2023\/01\/notibras23.png\",\"width\":350,\"height\":87,\"caption\":\"Grupo Notibras de Comunica\u00e7\u00e3o\"},\"image\":{\"@id\":\"https:\/\/www.notibras.com\/site\/#\/schema\/logo\/image\/\"},\"sameAs\":[\"https:\/\/www.facebook.com\/notibras\/\",\"https:\/\/x.com\/Notibras\",\"https:\/\/www.instagram.com\/notibras\/\"]},{\"@type\":\"Person\",\"@id\":\"https:\/\/www.notibras.com\/site\/#\/schema\/person\/36ab0979449956132d3e5b517ea76ac8\",\"name\":\"Reda\u00e7\u00e3o\",\"image\":{\"@type\":\"ImageObject\",\"inLanguage\":\"pt-BR\",\"@id\":\"https:\/\/secure.gravatar.com\/avatar\/e0a867bdedb85fd243eadf09663511f96fc81e0720a4a42581f334ad4303aa6b?s=96&d=mm&r=g\",\"url\":\"https:\/\/secure.gravatar.com\/avatar\/e0a867bdedb85fd243eadf09663511f96fc81e0720a4a42581f334ad4303aa6b?s=96&d=mm&r=g\",\"contentUrl\":\"https:\/\/secure.gravatar.com\/avatar\/e0a867bdedb85fd243eadf09663511f96fc81e0720a4a42581f334ad4303aa6b?s=96&d=mm&r=g\",\"caption\":\"Reda\u00e7\u00e3o\"}}]}<\/script>\n<!-- \/ Yoast SEO plugin. -->","yoast_head_json":{"title":"Riscado do mapa, velho ranzinza fica com Bela e Isa - Notibras","robots":{"index":"index","follow":"follow","max-snippet":"max-snippet:-1","max-image-preview":"max-image-preview:large","max-video-preview":"max-video-preview:-1"},"canonical":"https:\/\/www.notibras.com\/site\/riscado-do-mapa-velho-ranzinza-fica-com-bela-e-isa\/","og_locale":"pt_BR","og_type":"article","og_title":"Riscado do mapa, velho ranzinza fica com Bela e Isa - Notibras","og_description":"Genival era conhecido como o velho dos cachorros. N\u00e3o que possu\u00edsse muitos, mas, n\u00e3o raro, era visto conversando com um ou outro na rua. Sempre acompanhado de Bela e Isa, suas duas vira-latas, ele era quase um ermit\u00e3o. Quase! N\u00e3o que n\u00e3o tivesse amigos, at\u00e9 os tinha. N\u00e3o muitos, \u00e9 verdade, talvez por conta do [&hellip;]","og_url":"https:\/\/www.notibras.com\/site\/riscado-do-mapa-velho-ranzinza-fica-com-bela-e-isa\/","og_site_name":"Notibras","article_publisher":"https:\/\/www.facebook.com\/notibras\/","article_published_time":"2023-09-07T11:18:30+00:00","article_modified_time":"2023-09-07T14:26:39+00:00","og_image":[{"width":685,"height":360,"url":"https:\/\/www.notibras.com\/site\/wp-content\/uploads\/2023\/09\/geca.png","type":"image\/png"}],"author":"Reda\u00e7\u00e3o","twitter_card":"summary_large_image","twitter_creator":"@Notibras","twitter_site":"@Notibras","twitter_misc":{"Escrito por":"Reda\u00e7\u00e3o","Est. tempo de leitura":"3 minutos"},"schema":{"@context":"https:\/\/schema.org","@graph":[{"@type":"Article","@id":"https:\/\/www.notibras.com\/site\/riscado-do-mapa-velho-ranzinza-fica-com-bela-e-isa\/#article","isPartOf":{"@id":"https:\/\/www.notibras.com\/site\/riscado-do-mapa-velho-ranzinza-fica-com-bela-e-isa\/"},"author":{"name":"Reda\u00e7\u00e3o","@id":"https:\/\/www.notibras.com\/site\/#\/schema\/person\/36ab0979449956132d3e5b517ea76ac8"},"headline":"Riscado do mapa, velho ranzinza fica com Bela e Isa","datePublished":"2023-09-07T11:18:30+00:00","dateModified":"2023-09-07T14:26:39+00:00","mainEntityOfPage":{"@id":"https:\/\/www.notibras.com\/site\/riscado-do-mapa-velho-ranzinza-fica-com-bela-e-isa\/"},"wordCount":561,"publisher":{"@id":"https:\/\/www.notibras.com\/site\/#organization"},"image":{"@id":"https:\/\/www.notibras.com\/site\/riscado-do-mapa-velho-ranzinza-fica-com-bela-e-isa\/#primaryimage"},"thumbnailUrl":"https:\/\/www.notibras.com\/site\/wp-content\/uploads\/2023\/09\/geca.png","articleSection":["Quadradinho em Foco"],"inLanguage":"pt-BR"},{"@type":"WebPage","@id":"https:\/\/www.notibras.com\/site\/riscado-do-mapa-velho-ranzinza-fica-com-bela-e-isa\/","url":"https:\/\/www.notibras.com\/site\/riscado-do-mapa-velho-ranzinza-fica-com-bela-e-isa\/","name":"Riscado do mapa, velho ranzinza fica com Bela e Isa - Notibras","isPartOf":{"@id":"https:\/\/www.notibras.com\/site\/#website"},"primaryImageOfPage":{"@id":"https:\/\/www.notibras.com\/site\/riscado-do-mapa-velho-ranzinza-fica-com-bela-e-isa\/#primaryimage"},"image":{"@id":"https:\/\/www.notibras.com\/site\/riscado-do-mapa-velho-ranzinza-fica-com-bela-e-isa\/#primaryimage"},"thumbnailUrl":"https:\/\/www.notibras.com\/site\/wp-content\/uploads\/2023\/09\/geca.png","datePublished":"2023-09-07T11:18:30+00:00","dateModified":"2023-09-07T14:26:39+00:00","breadcrumb":{"@id":"https:\/\/www.notibras.com\/site\/riscado-do-mapa-velho-ranzinza-fica-com-bela-e-isa\/#breadcrumb"},"inLanguage":"pt-BR","potentialAction":[{"@type":"ReadAction","target":["https:\/\/www.notibras.com\/site\/riscado-do-mapa-velho-ranzinza-fica-com-bela-e-isa\/"]}]},{"@type":"ImageObject","inLanguage":"pt-BR","@id":"https:\/\/www.notibras.com\/site\/riscado-do-mapa-velho-ranzinza-fica-com-bela-e-isa\/#primaryimage","url":"https:\/\/www.notibras.com\/site\/wp-content\/uploads\/2023\/09\/geca.png","contentUrl":"https:\/\/www.notibras.com\/site\/wp-content\/uploads\/2023\/09\/geca.png","width":685,"height":360},{"@type":"BreadcrumbList","@id":"https:\/\/www.notibras.com\/site\/riscado-do-mapa-velho-ranzinza-fica-com-bela-e-isa\/#breadcrumb","itemListElement":[{"@type":"ListItem","position":1,"name":"In\u00edcio","item":"https:\/\/www.notibras.com\/site\/"},{"@type":"ListItem","position":2,"name":"Riscado do mapa, velho ranzinza fica com Bela e Isa"}]},{"@type":"WebSite","@id":"https:\/\/www.notibras.com\/site\/#website","url":"https:\/\/www.notibras.com\/site\/","name":"Notibras","description":"Not\u00edcias de Bras\u00edlia, do Brasil e do Mundo","publisher":{"@id":"https:\/\/www.notibras.com\/site\/#organization"},"potentialAction":[{"@type":"SearchAction","target":{"@type":"EntryPoint","urlTemplate":"https:\/\/www.notibras.com\/site\/?s={search_term_string}"},"query-input":{"@type":"PropertyValueSpecification","valueRequired":true,"valueName":"search_term_string"}}],"inLanguage":"pt-BR"},{"@type":"Organization","@id":"https:\/\/www.notibras.com\/site\/#organization","name":"Grupo Notibras de Comunica\u00e7\u00e3o","url":"https:\/\/www.notibras.com\/site\/","logo":{"@type":"ImageObject","inLanguage":"pt-BR","@id":"https:\/\/www.notibras.com\/site\/#\/schema\/logo\/image\/","url":"https:\/\/www.notibras.com\/site\/wp-content\/uploads\/2023\/01\/notibras23.png","contentUrl":"https:\/\/www.notibras.com\/site\/wp-content\/uploads\/2023\/01\/notibras23.png","width":350,"height":87,"caption":"Grupo Notibras de Comunica\u00e7\u00e3o"},"image":{"@id":"https:\/\/www.notibras.com\/site\/#\/schema\/logo\/image\/"},"sameAs":["https:\/\/www.facebook.com\/notibras\/","https:\/\/x.com\/Notibras","https:\/\/www.instagram.com\/notibras\/"]},{"@type":"Person","@id":"https:\/\/www.notibras.com\/site\/#\/schema\/person\/36ab0979449956132d3e5b517ea76ac8","name":"Reda\u00e7\u00e3o","image":{"@type":"ImageObject","inLanguage":"pt-BR","@id":"https:\/\/secure.gravatar.com\/avatar\/e0a867bdedb85fd243eadf09663511f96fc81e0720a4a42581f334ad4303aa6b?s=96&d=mm&r=g","url":"https:\/\/secure.gravatar.com\/avatar\/e0a867bdedb85fd243eadf09663511f96fc81e0720a4a42581f334ad4303aa6b?s=96&d=mm&r=g","contentUrl":"https:\/\/secure.gravatar.com\/avatar\/e0a867bdedb85fd243eadf09663511f96fc81e0720a4a42581f334ad4303aa6b?s=96&d=mm&r=g","caption":"Reda\u00e7\u00e3o"}}]}},"amp_enabled":true,"_links":{"self":[{"href":"https:\/\/www.notibras.com\/site\/wp-json\/wp\/v2\/posts\/312359","targetHints":{"allow":["GET"]}}],"collection":[{"href":"https:\/\/www.notibras.com\/site\/wp-json\/wp\/v2\/posts"}],"about":[{"href":"https:\/\/www.notibras.com\/site\/wp-json\/wp\/v2\/types\/post"}],"author":[{"embeddable":true,"href":"https:\/\/www.notibras.com\/site\/wp-json\/wp\/v2\/users\/2"}],"replies":[{"embeddable":true,"href":"https:\/\/www.notibras.com\/site\/wp-json\/wp\/v2\/comments?post=312359"}],"version-history":[{"count":3,"href":"https:\/\/www.notibras.com\/site\/wp-json\/wp\/v2\/posts\/312359\/revisions"}],"predecessor-version":[{"id":312404,"href":"https:\/\/www.notibras.com\/site\/wp-json\/wp\/v2\/posts\/312359\/revisions\/312404"}],"wp:featuredmedia":[{"embeddable":true,"href":"https:\/\/www.notibras.com\/site\/wp-json\/wp\/v2\/media\/312361"}],"wp:attachment":[{"href":"https:\/\/www.notibras.com\/site\/wp-json\/wp\/v2\/media?parent=312359"}],"wp:term":[{"taxonomy":"category","embeddable":true,"href":"https:\/\/www.notibras.com\/site\/wp-json\/wp\/v2\/categories?post=312359"},{"taxonomy":"post_tag","embeddable":true,"href":"https:\/\/www.notibras.com\/site\/wp-json\/wp\/v2\/tags?post=312359"}],"curies":[{"name":"wp","href":"https:\/\/api.w.org\/{rel}","templated":true}]}}