{"id":312366,"date":"2023-09-07T00:00:34","date_gmt":"2023-09-07T03:00:34","guid":{"rendered":"https:\/\/www.notibras.com\/site\/?p=312366"},"modified":"2023-09-07T08:37:04","modified_gmt":"2023-09-07T11:37:04","slug":"prf-intensifica-acao-em-pontos-de-alto-indice-de-acidentes","status":"publish","type":"post","link":"https:\/\/www.notibras.com\/site\/prf-intensifica-acao-em-pontos-de-alto-indice-de-acidentes\/","title":{"rendered":"PRF intensifica a\u00e7\u00e3o em pontos de alto \u00edndice de acidentes"},"content":{"rendered":"<p>Durante o feriado prolongado, entre os dias 7 e 10 de setembro, a Pol\u00edcia Rodovi\u00e1ria Federal (PRF) ter\u00e1 refor\u00e7o no policiamento ostensivo e preventivo em locais e hor\u00e1rios com maior incid\u00eancia de acidentes graves e de criminalidade nas rodovias federais. As a\u00e7\u00f5es fazem parte da Opera\u00e7\u00e3o Independ\u00eancia 2023 e visam garantir a seguran\u00e7a e fluidez dos usu\u00e1rios.<\/p>\n<p>\u201cOs feriados prolongados tendem a registrar um aumento do fluxo de tr\u00e2nsito nas rodovias e, consequentemente, da viol\u00eancia no tr\u00e2nsito, podendo contribuir para um aumento na quantidade de acidentes graves, feridos e \u00f3bitos\u201d, informou.<\/p>\n<p>A opera\u00e7\u00e3o faz parte do calend\u00e1rio nacional da PRF e acontecer\u00e1, simultaneamente, em todo o pa\u00eds. Combate \u00e0 embriaguez ao volante, fiscaliza\u00e7\u00e3o de ultrapassagens indevidas e controle de excesso de velocidade s\u00e3o algumas das atividades priorizadas durante a a\u00e7\u00e3o.<\/p>\n<p>Para reduzir o risco de acidentes, a PRF orienta que, antes de pegar a estrada, os motoristas fa\u00e7am a revis\u00e3o preventiva no ve\u00edculo, o que inclui a checagem da calibragem dos pneus, do sistema de ilumina\u00e7\u00e3o, dos equipamentos obrigat\u00f3rios, do n\u00edvel do \u00f3leo e da \u00e1gua, entre outros. O uso da cadeirinha para beb\u00eas e crian\u00e7as tamb\u00e9m \u00e9 imprescind\u00edvel.<\/p>\n<p>A cada tr\u00eas ou quatro horas de percurso tamb\u00e9m \u00e9 recomendado uma pausa para descanso ou para revezar o condutor do ve\u00edculo. O cumprimento das leis de tr\u00e2nsito \u00e9 essencial, incluindo limites de velocidade, sinaliza\u00e7\u00f5es e regras de ultrapassagem.<\/p>\n<p>A PRF alerta ainda que a bebida alco\u00f3lica reduz a capacidade psicomotora e afeta diretamente a seguran\u00e7a na dire\u00e7\u00e3o. \u201cJamais dirija ap\u00f3s ter ingerido \u00e1lcool\u201d, destacou.<\/p>\n<p>Em caso de emerg\u00eancia nas rodovias federais, os usu\u00e1rios podem ligar para o 191.<\/p>\n","protected":false},"excerpt":{"rendered":"<p>Durante o feriado prolongado, entre os dias 7 e 10 de setembro, a Pol\u00edcia Rodovi\u00e1ria Federal (PRF) ter\u00e1 refor\u00e7o no policiamento ostensivo e preventivo em locais e hor\u00e1rios com maior incid\u00eancia de acidentes graves e de criminalidade nas rodovias federais. As a\u00e7\u00f5es fazem parte da Opera\u00e7\u00e3o Independ\u00eancia 2023 e visam garantir a seguran\u00e7a e fluidez [&hellip;]<\/p>\n","protected":false},"author":2,"featured_media":312367,"comment_status":"closed","ping_status":"closed","sticky":false,"template":"","format":"standard","meta":{"_acf_changed":false,"footnotes":""},"categories":[161],"tags":[],"class_list":["post-312366","post","type-post","status-publish","format-standard","has-post-thumbnail","hentry","category-quadradinho-em-foco"],"acf":[],"yoast_head":"<!-- This site is optimized with the Yoast SEO plugin v27.2 - https:\/\/yoast.com\/product\/yoast-seo-wordpress\/ -->\n<title>PRF intensifica a\u00e7\u00e3o em pontos de alto \u00edndice de acidentes - Notibras<\/title>\n<meta name=\"robots\" content=\"index, follow, max-snippet:-1, max-image-preview:large, max-video-preview:-1\" \/>\n<link rel=\"canonical\" href=\"https:\/\/www.notibras.com\/site\/prf-intensifica-acao-em-pontos-de-alto-indice-de-acidentes\/\" \/>\n<meta property=\"og:locale\" content=\"pt_BR\" \/>\n<meta property=\"og:type\" content=\"article\" \/>\n<meta property=\"og:title\" content=\"PRF intensifica a\u00e7\u00e3o em pontos de alto \u00edndice de acidentes - Notibras\" \/>\n<meta property=\"og:description\" content=\"Durante o feriado prolongado, entre os dias 7 e 10 de setembro, a Pol\u00edcia Rodovi\u00e1ria Federal (PRF) ter\u00e1 refor\u00e7o no policiamento ostensivo e preventivo em locais e hor\u00e1rios com maior incid\u00eancia de acidentes graves e de criminalidade nas rodovias federais. As a\u00e7\u00f5es fazem parte da Opera\u00e7\u00e3o Independ\u00eancia 2023 e visam garantir a seguran\u00e7a e fluidez [&hellip;]\" \/>\n<meta property=\"og:url\" content=\"https:\/\/www.notibras.com\/site\/prf-intensifica-acao-em-pontos-de-alto-indice-de-acidentes\/\" \/>\n<meta property=\"og:site_name\" content=\"Notibras\" \/>\n<meta property=\"article:publisher\" content=\"https:\/\/www.facebook.com\/notibras\/\" \/>\n<meta property=\"article:published_time\" content=\"2023-09-07T03:00:34+00:00\" \/>\n<meta property=\"article:modified_time\" content=\"2023-09-07T11:37:04+00:00\" \/>\n<meta property=\"og:image\" content=\"https:\/\/www.notibras.com\/site\/wp-content\/uploads\/2023\/09\/whatsapp_image_2021-12-29_at_11.11.48-1.jpeg\" \/>\n\t<meta property=\"og:image:width\" content=\"1170\" \/>\n\t<meta property=\"og:image:height\" content=\"700\" \/>\n\t<meta property=\"og:image:type\" content=\"image\/jpeg\" \/>\n<meta name=\"author\" content=\"Reda\u00e7\u00e3o\" \/>\n<meta name=\"twitter:card\" content=\"summary_large_image\" \/>\n<meta name=\"twitter:creator\" content=\"@Notibras\" \/>\n<meta name=\"twitter:site\" content=\"@Notibras\" \/>\n<meta name=\"twitter:label1\" content=\"Escrito por\" \/>\n\t<meta name=\"twitter:data1\" content=\"Reda\u00e7\u00e3o\" \/>\n\t<meta name=\"twitter:label2\" content=\"Est. tempo de leitura\" \/>\n\t<meta name=\"twitter:data2\" content=\"2 minutos\" \/>\n<script type=\"application\/ld+json\" class=\"yoast-schema-graph\">{\"@context\":\"https:\/\/schema.org\",\"@graph\":[{\"@type\":\"Article\",\"@id\":\"https:\/\/www.notibras.com\/site\/prf-intensifica-acao-em-pontos-de-alto-indice-de-acidentes\/#article\",\"isPartOf\":{\"@id\":\"https:\/\/www.notibras.com\/site\/prf-intensifica-acao-em-pontos-de-alto-indice-de-acidentes\/\"},\"author\":{\"name\":\"Reda\u00e7\u00e3o\",\"@id\":\"https:\/\/www.notibras.com\/site\/#\/schema\/person\/36ab0979449956132d3e5b517ea76ac8\"},\"headline\":\"PRF intensifica a\u00e7\u00e3o em pontos de alto \u00edndice de acidentes\",\"datePublished\":\"2023-09-07T03:00:34+00:00\",\"dateModified\":\"2023-09-07T11:37:04+00:00\",\"mainEntityOfPage\":{\"@id\":\"https:\/\/www.notibras.com\/site\/prf-intensifica-acao-em-pontos-de-alto-indice-de-acidentes\/\"},\"wordCount\":311,\"publisher\":{\"@id\":\"https:\/\/www.notibras.com\/site\/#organization\"},\"image\":{\"@id\":\"https:\/\/www.notibras.com\/site\/prf-intensifica-acao-em-pontos-de-alto-indice-de-acidentes\/#primaryimage\"},\"thumbnailUrl\":\"https:\/\/www.notibras.com\/site\/wp-content\/uploads\/2023\/09\/whatsapp_image_2021-12-29_at_11.11.48-1.jpeg\",\"articleSection\":[\"Quadradinho em Foco\"],\"inLanguage\":\"pt-BR\"},{\"@type\":\"WebPage\",\"@id\":\"https:\/\/www.notibras.com\/site\/prf-intensifica-acao-em-pontos-de-alto-indice-de-acidentes\/\",\"url\":\"https:\/\/www.notibras.com\/site\/prf-intensifica-acao-em-pontos-de-alto-indice-de-acidentes\/\",\"name\":\"PRF intensifica a\u00e7\u00e3o em pontos de alto \u00edndice de acidentes - Notibras\",\"isPartOf\":{\"@id\":\"https:\/\/www.notibras.com\/site\/#website\"},\"primaryImageOfPage\":{\"@id\":\"https:\/\/www.notibras.com\/site\/prf-intensifica-acao-em-pontos-de-alto-indice-de-acidentes\/#primaryimage\"},\"image\":{\"@id\":\"https:\/\/www.notibras.com\/site\/prf-intensifica-acao-em-pontos-de-alto-indice-de-acidentes\/#primaryimage\"},\"thumbnailUrl\":\"https:\/\/www.notibras.com\/site\/wp-content\/uploads\/2023\/09\/whatsapp_image_2021-12-29_at_11.11.48-1.jpeg\",\"datePublished\":\"2023-09-07T03:00:34+00:00\",\"dateModified\":\"2023-09-07T11:37:04+00:00\",\"breadcrumb\":{\"@id\":\"https:\/\/www.notibras.com\/site\/prf-intensifica-acao-em-pontos-de-alto-indice-de-acidentes\/#breadcrumb\"},\"inLanguage\":\"pt-BR\",\"potentialAction\":[{\"@type\":\"ReadAction\",\"target\":[\"https:\/\/www.notibras.com\/site\/prf-intensifica-acao-em-pontos-de-alto-indice-de-acidentes\/\"]}]},{\"@type\":\"ImageObject\",\"inLanguage\":\"pt-BR\",\"@id\":\"https:\/\/www.notibras.com\/site\/prf-intensifica-acao-em-pontos-de-alto-indice-de-acidentes\/#primaryimage\",\"url\":\"https:\/\/www.notibras.com\/site\/wp-content\/uploads\/2023\/09\/whatsapp_image_2021-12-29_at_11.11.48-1.jpeg\",\"contentUrl\":\"https:\/\/www.notibras.com\/site\/wp-content\/uploads\/2023\/09\/whatsapp_image_2021-12-29_at_11.11.48-1.jpeg\",\"width\":1170,\"height\":700},{\"@type\":\"BreadcrumbList\",\"@id\":\"https:\/\/www.notibras.com\/site\/prf-intensifica-acao-em-pontos-de-alto-indice-de-acidentes\/#breadcrumb\",\"itemListElement\":[{\"@type\":\"ListItem\",\"position\":1,\"name\":\"In\u00edcio\",\"item\":\"https:\/\/www.notibras.com\/site\/\"},{\"@type\":\"ListItem\",\"position\":2,\"name\":\"PRF intensifica a\u00e7\u00e3o em pontos de alto \u00edndice de acidentes\"}]},{\"@type\":\"WebSite\",\"@id\":\"https:\/\/www.notibras.com\/site\/#website\",\"url\":\"https:\/\/www.notibras.com\/site\/\",\"name\":\"Notibras\",\"description\":\"Not\u00edcias de Bras\u00edlia, do Brasil e do Mundo\",\"publisher\":{\"@id\":\"https:\/\/www.notibras.com\/site\/#organization\"},\"potentialAction\":[{\"@type\":\"SearchAction\",\"target\":{\"@type\":\"EntryPoint\",\"urlTemplate\":\"https:\/\/www.notibras.com\/site\/?s={search_term_string}\"},\"query-input\":{\"@type\":\"PropertyValueSpecification\",\"valueRequired\":true,\"valueName\":\"search_term_string\"}}],\"inLanguage\":\"pt-BR\"},{\"@type\":\"Organization\",\"@id\":\"https:\/\/www.notibras.com\/site\/#organization\",\"name\":\"Grupo Notibras de Comunica\u00e7\u00e3o\",\"url\":\"https:\/\/www.notibras.com\/site\/\",\"logo\":{\"@type\":\"ImageObject\",\"inLanguage\":\"pt-BR\",\"@id\":\"https:\/\/www.notibras.com\/site\/#\/schema\/logo\/image\/\",\"url\":\"https:\/\/www.notibras.com\/site\/wp-content\/uploads\/2023\/01\/notibras23.png\",\"contentUrl\":\"https:\/\/www.notibras.com\/site\/wp-content\/uploads\/2023\/01\/notibras23.png\",\"width\":350,\"height\":87,\"caption\":\"Grupo Notibras de Comunica\u00e7\u00e3o\"},\"image\":{\"@id\":\"https:\/\/www.notibras.com\/site\/#\/schema\/logo\/image\/\"},\"sameAs\":[\"https:\/\/www.facebook.com\/notibras\/\",\"https:\/\/x.com\/Notibras\",\"https:\/\/www.instagram.com\/notibras\/\"]},{\"@type\":\"Person\",\"@id\":\"https:\/\/www.notibras.com\/site\/#\/schema\/person\/36ab0979449956132d3e5b517ea76ac8\",\"name\":\"Reda\u00e7\u00e3o\",\"image\":{\"@type\":\"ImageObject\",\"inLanguage\":\"pt-BR\",\"@id\":\"https:\/\/secure.gravatar.com\/avatar\/e0a867bdedb85fd243eadf09663511f96fc81e0720a4a42581f334ad4303aa6b?s=96&d=mm&r=g\",\"url\":\"https:\/\/secure.gravatar.com\/avatar\/e0a867bdedb85fd243eadf09663511f96fc81e0720a4a42581f334ad4303aa6b?s=96&d=mm&r=g\",\"contentUrl\":\"https:\/\/secure.gravatar.com\/avatar\/e0a867bdedb85fd243eadf09663511f96fc81e0720a4a42581f334ad4303aa6b?s=96&d=mm&r=g\",\"caption\":\"Reda\u00e7\u00e3o\"}}]}<\/script>\n<!-- \/ Yoast SEO plugin. -->","yoast_head_json":{"title":"PRF intensifica a\u00e7\u00e3o em pontos de alto \u00edndice de acidentes - Notibras","robots":{"index":"index","follow":"follow","max-snippet":"max-snippet:-1","max-image-preview":"max-image-preview:large","max-video-preview":"max-video-preview:-1"},"canonical":"https:\/\/www.notibras.com\/site\/prf-intensifica-acao-em-pontos-de-alto-indice-de-acidentes\/","og_locale":"pt_BR","og_type":"article","og_title":"PRF intensifica a\u00e7\u00e3o em pontos de alto \u00edndice de acidentes - Notibras","og_description":"Durante o feriado prolongado, entre os dias 7 e 10 de setembro, a Pol\u00edcia Rodovi\u00e1ria Federal (PRF) ter\u00e1 refor\u00e7o no policiamento ostensivo e preventivo em locais e hor\u00e1rios com maior incid\u00eancia de acidentes graves e de criminalidade nas rodovias federais. As a\u00e7\u00f5es fazem parte da Opera\u00e7\u00e3o Independ\u00eancia 2023 e visam garantir a seguran\u00e7a e fluidez [&hellip;]","og_url":"https:\/\/www.notibras.com\/site\/prf-intensifica-acao-em-pontos-de-alto-indice-de-acidentes\/","og_site_name":"Notibras","article_publisher":"https:\/\/www.facebook.com\/notibras\/","article_published_time":"2023-09-07T03:00:34+00:00","article_modified_time":"2023-09-07T11:37:04+00:00","og_image":[{"width":1170,"height":700,"url":"https:\/\/www.notibras.com\/site\/wp-content\/uploads\/2023\/09\/whatsapp_image_2021-12-29_at_11.11.48-1.jpeg","type":"image\/jpeg"}],"author":"Reda\u00e7\u00e3o","twitter_card":"summary_large_image","twitter_creator":"@Notibras","twitter_site":"@Notibras","twitter_misc":{"Escrito por":"Reda\u00e7\u00e3o","Est. tempo de leitura":"2 minutos"},"schema":{"@context":"https:\/\/schema.org","@graph":[{"@type":"Article","@id":"https:\/\/www.notibras.com\/site\/prf-intensifica-acao-em-pontos-de-alto-indice-de-acidentes\/#article","isPartOf":{"@id":"https:\/\/www.notibras.com\/site\/prf-intensifica-acao-em-pontos-de-alto-indice-de-acidentes\/"},"author":{"name":"Reda\u00e7\u00e3o","@id":"https:\/\/www.notibras.com\/site\/#\/schema\/person\/36ab0979449956132d3e5b517ea76ac8"},"headline":"PRF intensifica a\u00e7\u00e3o em pontos de alto \u00edndice de acidentes","datePublished":"2023-09-07T03:00:34+00:00","dateModified":"2023-09-07T11:37:04+00:00","mainEntityOfPage":{"@id":"https:\/\/www.notibras.com\/site\/prf-intensifica-acao-em-pontos-de-alto-indice-de-acidentes\/"},"wordCount":311,"publisher":{"@id":"https:\/\/www.notibras.com\/site\/#organization"},"image":{"@id":"https:\/\/www.notibras.com\/site\/prf-intensifica-acao-em-pontos-de-alto-indice-de-acidentes\/#primaryimage"},"thumbnailUrl":"https:\/\/www.notibras.com\/site\/wp-content\/uploads\/2023\/09\/whatsapp_image_2021-12-29_at_11.11.48-1.jpeg","articleSection":["Quadradinho em Foco"],"inLanguage":"pt-BR"},{"@type":"WebPage","@id":"https:\/\/www.notibras.com\/site\/prf-intensifica-acao-em-pontos-de-alto-indice-de-acidentes\/","url":"https:\/\/www.notibras.com\/site\/prf-intensifica-acao-em-pontos-de-alto-indice-de-acidentes\/","name":"PRF intensifica a\u00e7\u00e3o em pontos de alto \u00edndice de acidentes - Notibras","isPartOf":{"@id":"https:\/\/www.notibras.com\/site\/#website"},"primaryImageOfPage":{"@id":"https:\/\/www.notibras.com\/site\/prf-intensifica-acao-em-pontos-de-alto-indice-de-acidentes\/#primaryimage"},"image":{"@id":"https:\/\/www.notibras.com\/site\/prf-intensifica-acao-em-pontos-de-alto-indice-de-acidentes\/#primaryimage"},"thumbnailUrl":"https:\/\/www.notibras.com\/site\/wp-content\/uploads\/2023\/09\/whatsapp_image_2021-12-29_at_11.11.48-1.jpeg","datePublished":"2023-09-07T03:00:34+00:00","dateModified":"2023-09-07T11:37:04+00:00","breadcrumb":{"@id":"https:\/\/www.notibras.com\/site\/prf-intensifica-acao-em-pontos-de-alto-indice-de-acidentes\/#breadcrumb"},"inLanguage":"pt-BR","potentialAction":[{"@type":"ReadAction","target":["https:\/\/www.notibras.com\/site\/prf-intensifica-acao-em-pontos-de-alto-indice-de-acidentes\/"]}]},{"@type":"ImageObject","inLanguage":"pt-BR","@id":"https:\/\/www.notibras.com\/site\/prf-intensifica-acao-em-pontos-de-alto-indice-de-acidentes\/#primaryimage","url":"https:\/\/www.notibras.com\/site\/wp-content\/uploads\/2023\/09\/whatsapp_image_2021-12-29_at_11.11.48-1.jpeg","contentUrl":"https:\/\/www.notibras.com\/site\/wp-content\/uploads\/2023\/09\/whatsapp_image_2021-12-29_at_11.11.48-1.jpeg","width":1170,"height":700},{"@type":"BreadcrumbList","@id":"https:\/\/www.notibras.com\/site\/prf-intensifica-acao-em-pontos-de-alto-indice-de-acidentes\/#breadcrumb","itemListElement":[{"@type":"ListItem","position":1,"name":"In\u00edcio","item":"https:\/\/www.notibras.com\/site\/"},{"@type":"ListItem","position":2,"name":"PRF intensifica a\u00e7\u00e3o em pontos de alto \u00edndice de acidentes"}]},{"@type":"WebSite","@id":"https:\/\/www.notibras.com\/site\/#website","url":"https:\/\/www.notibras.com\/site\/","name":"Notibras","description":"Not\u00edcias de Bras\u00edlia, do Brasil e do Mundo","publisher":{"@id":"https:\/\/www.notibras.com\/site\/#organization"},"potentialAction":[{"@type":"SearchAction","target":{"@type":"EntryPoint","urlTemplate":"https:\/\/www.notibras.com\/site\/?s={search_term_string}"},"query-input":{"@type":"PropertyValueSpecification","valueRequired":true,"valueName":"search_term_string"}}],"inLanguage":"pt-BR"},{"@type":"Organization","@id":"https:\/\/www.notibras.com\/site\/#organization","name":"Grupo Notibras de Comunica\u00e7\u00e3o","url":"https:\/\/www.notibras.com\/site\/","logo":{"@type":"ImageObject","inLanguage":"pt-BR","@id":"https:\/\/www.notibras.com\/site\/#\/schema\/logo\/image\/","url":"https:\/\/www.notibras.com\/site\/wp-content\/uploads\/2023\/01\/notibras23.png","contentUrl":"https:\/\/www.notibras.com\/site\/wp-content\/uploads\/2023\/01\/notibras23.png","width":350,"height":87,"caption":"Grupo Notibras de Comunica\u00e7\u00e3o"},"image":{"@id":"https:\/\/www.notibras.com\/site\/#\/schema\/logo\/image\/"},"sameAs":["https:\/\/www.facebook.com\/notibras\/","https:\/\/x.com\/Notibras","https:\/\/www.instagram.com\/notibras\/"]},{"@type":"Person","@id":"https:\/\/www.notibras.com\/site\/#\/schema\/person\/36ab0979449956132d3e5b517ea76ac8","name":"Reda\u00e7\u00e3o","image":{"@type":"ImageObject","inLanguage":"pt-BR","@id":"https:\/\/secure.gravatar.com\/avatar\/e0a867bdedb85fd243eadf09663511f96fc81e0720a4a42581f334ad4303aa6b?s=96&d=mm&r=g","url":"https:\/\/secure.gravatar.com\/avatar\/e0a867bdedb85fd243eadf09663511f96fc81e0720a4a42581f334ad4303aa6b?s=96&d=mm&r=g","contentUrl":"https:\/\/secure.gravatar.com\/avatar\/e0a867bdedb85fd243eadf09663511f96fc81e0720a4a42581f334ad4303aa6b?s=96&d=mm&r=g","caption":"Reda\u00e7\u00e3o"}}]}},"amp_enabled":true,"_links":{"self":[{"href":"https:\/\/www.notibras.com\/site\/wp-json\/wp\/v2\/posts\/312366","targetHints":{"allow":["GET"]}}],"collection":[{"href":"https:\/\/www.notibras.com\/site\/wp-json\/wp\/v2\/posts"}],"about":[{"href":"https:\/\/www.notibras.com\/site\/wp-json\/wp\/v2\/types\/post"}],"author":[{"embeddable":true,"href":"https:\/\/www.notibras.com\/site\/wp-json\/wp\/v2\/users\/2"}],"replies":[{"embeddable":true,"href":"https:\/\/www.notibras.com\/site\/wp-json\/wp\/v2\/comments?post=312366"}],"version-history":[{"count":1,"href":"https:\/\/www.notibras.com\/site\/wp-json\/wp\/v2\/posts\/312366\/revisions"}],"predecessor-version":[{"id":312368,"href":"https:\/\/www.notibras.com\/site\/wp-json\/wp\/v2\/posts\/312366\/revisions\/312368"}],"wp:featuredmedia":[{"embeddable":true,"href":"https:\/\/www.notibras.com\/site\/wp-json\/wp\/v2\/media\/312367"}],"wp:attachment":[{"href":"https:\/\/www.notibras.com\/site\/wp-json\/wp\/v2\/media?parent=312366"}],"wp:term":[{"taxonomy":"category","embeddable":true,"href":"https:\/\/www.notibras.com\/site\/wp-json\/wp\/v2\/categories?post=312366"},{"taxonomy":"post_tag","embeddable":true,"href":"https:\/\/www.notibras.com\/site\/wp-json\/wp\/v2\/tags?post=312366"}],"curies":[{"name":"wp","href":"https:\/\/api.w.org\/{rel}","templated":true}]}}