{"id":312369,"date":"2023-09-07T00:00:00","date_gmt":"2023-09-07T03:00:00","guid":{"rendered":"https:\/\/www.notibras.com\/site\/?p=312369"},"modified":"2023-09-07T08:59:46","modified_gmt":"2023-09-07T11:59:46","slug":"projeto-preve-volta-dos-parcelamentos-de-dividas-do-fies","status":"publish","type":"post","link":"https:\/\/www.notibras.com\/site\/projeto-preve-volta-dos-parcelamentos-de-dividas-do-fies\/","title":{"rendered":"Projeto prev\u00ea volta dos parcelamentos de d\u00edvidas do Fies"},"content":{"rendered":"<p>Estudantes que t\u00eam d\u00edvidas do Fundo de Financiamento Estudantil (Fies) poder\u00e3o contar com parcelamentos especiais. A medida est\u00e1 em projeto de lei que foi aprovado na C\u00e2mara dos Deputados e que agora segue para an\u00e1lise no Senado Federal. O projeto tamb\u00e9m fixa um teto para os aportes feitos pelas institui\u00e7\u00f5es privadas de ensino que t\u00eam alunos beneficiados pelo programa.<\/p>\n<p>O projeto de lei estabelece a reabertura de parcelamento das d\u00edvidas com as mesmas condi\u00e7\u00f5es estipuladas na legisla\u00e7\u00e3o para aqueles que estavam devendo em 30 de dezembro de 2021. A proposta \u00e9 que a nova data de refer\u00eancia seja 30 de junho de 2023.<\/p>\n<p>Pelo texto aprovado, estudantes com d\u00edvidas poder\u00e3o ter descontos de 12% a 99% do valor principal dependendo do tempo que est\u00e3o devendo e das condi\u00e7\u00f5es financeiras. Poder\u00e3o tamb\u00e9m, a depender dos casos, parcelar as d\u00edvidas em at\u00e9 150 vezes. Aqueles que est\u00e3o inscritos no Cad\u00danico ou que tenham sido benefici\u00e1rios do Aux\u00edlio Emergencial 2021 ter\u00e3o condi\u00e7\u00f5es especiais.<\/p>\n<p>\u201cO texto vem da necessidade de aprovar r\u00e1pido e de permitir essa renegocia\u00e7\u00e3o mais r\u00e1pida. Muitos estudantes est\u00e3o em situa\u00e7\u00e3o de inadimpl\u00eancia\u201d, diz a relatora, deputada Fl\u00e1via Morais (PDT-GO).<\/p>\n<p>O Projeto de Lei 4172\/23 foi enviado ao Congresso Nacional pelo governo federal e trata do Pacto Nacional pela Retomada de Obras e de Servi\u00e7os de Engenharia Destinados \u00e0 Educa\u00e7\u00e3o B\u00e1sica e Profissionalizante e \u00e0 Sa\u00fade. Morais apresentou um substitutivo, que foi o texto aprovado, que incluiu mudan\u00e7as na pol\u00edtica cultural Aldir Blanc e no Fies.<\/p>\n<p><strong>Aportes das institui\u00e7\u00f5es de ensino<\/strong><br \/>\nAl\u00e9m do trecho que trata do refinanciamento, o projeto de lei muda o percentual de aporte das institui\u00e7\u00f5es privadas de ensino participantes do Fies no chamado Fundo Garantidor do Fies (FG-Fies). O fundo \u00e9 respons\u00e1vel por cobrir o rombo com os n\u00e3o pagamentos do Fies.<\/p>\n<p>A porcentagem de contribui\u00e7\u00e3o at\u00e9 o quinto ano de ades\u00e3o ao programa \u00e9 mantida. Do sexto ano de ades\u00e3o ao programa em diante, as institui\u00e7\u00f5es de ensino ter\u00e3o de aportar entre 10% e 27,5% das mensalidades. O valor varia em fun\u00e7\u00e3o de crit\u00e9rios estabelecidos em regulamento.<\/p>\n<p>Atualmente, as institui\u00e7\u00f5es devem aportar com um percentual calculado em fun\u00e7\u00e3o da inadimpl\u00eancia comparada ao valor mensal esperado de pagamento pelo financiado.<\/p>\n<p>Segundo a deputada, o texto inicial estipulava um teto de at\u00e9 40%. J\u00e1 as institui\u00e7\u00f5es de ensino pleiteavam uma redu\u00e7\u00e3o para at\u00e9 25%.<\/p>\n<p>Em nota, a Associa\u00e7\u00e3o Nacional das Universidades Particulares (ANUP) diz que a redu\u00e7\u00e3o do teto \u201cainda n\u00e3o resolve o problema na sua totalidade. No modelo atual, algumas institui\u00e7\u00f5es chegam a contribuir com 60% ou mais, o que tem comprometido a sa\u00fade financeira das mantenedoras, sobretudo as menores\u201d. Segundo a associa\u00e7\u00e3o, a inadimpl\u00eancia chega hoje a 50% dos contratos.<\/p>\n<p><strong>Fies Social<\/strong><br \/>\nCriado em 1999, o Fies oferece financiamento a estudantes de baixa renda em institui\u00e7\u00f5es particulares de ensino a condi\u00e7\u00f5es mais favor\u00e1veis que as de mercado. O programa, que chegou a firmar, em 2014, mais de 732 mil contratos, sofreu, desde 2015, uma s\u00e9rie de mudan\u00e7as e enxugamentos.<\/p>\n<p>Um dos principais motivos para as mudan\u00e7as nas regras do Fies, de acordo com gest\u00f5es anteriores do Minist\u00e9rio da Educa\u00e7\u00e3o (MEC), foi a alta inadimpl\u00eancia, ou seja, estudantes que contratam o financiamento e n\u00e3o conseguem quitar as d\u00edvidas.<\/p>\n<p>O MEC agora pretende retomar o car\u00e1ter social do programa. A pasta dever\u00e1 lan\u00e7ar, em breve, o Fies Social, que ir\u00e1 cobrir 100% dos custos das mensalidades em institui\u00e7\u00f5es privadas de ensino superior. Em entrevista ao Revista Bras\u00edlia, na R\u00e1dio Nacional, o avaliador do Instituto Nacional de Estudos e Pesquisas Educacionais An\u00edsio Teixeira (Inep), Rodrigo Bouyer, detalhou o programa, que segundo ele, est\u00e1 em fase de estudos econ\u00f4micos.<\/p>\n<p>\u201cO Fies Social vem consertar ajustes que foram feitos em 2018 no programa, que limitaram o programa. O programa deixou de ser um programa de acesso para ser um programa de exclus\u00e3o. Essa n\u00e3o \u00e9 a filosofia do financiamento estudantil\u201d, disse Bouyer. \u201cO Fies Social \u00e9 uma tentativa de retornar o programa para um programa de acesso em que o estudante poder\u00e1 conseguir cursar o seu ensino superior de forma 100% gratuita enquanto estuda\u201d, acrescentou.<\/p>\n","protected":false},"excerpt":{"rendered":"<p>Estudantes que t\u00eam d\u00edvidas do Fundo de Financiamento Estudantil (Fies) poder\u00e3o contar com parcelamentos especiais. A medida est\u00e1 em projeto de lei que foi aprovado na C\u00e2mara dos Deputados e que agora segue para an\u00e1lise no Senado Federal. O projeto tamb\u00e9m fixa um teto para os aportes feitos pelas institui\u00e7\u00f5es privadas de ensino que t\u00eam [&hellip;]<\/p>\n","protected":false},"author":2,"featured_media":312370,"comment_status":"closed","ping_status":"closed","sticky":false,"template":"","format":"standard","meta":{"_acf_changed":false,"footnotes":""},"categories":[161],"tags":[],"class_list":["post-312369","post","type-post","status-publish","format-standard","has-post-thumbnail","hentry","category-quadradinho-em-foco"],"acf":[],"yoast_head":"<!-- This site is optimized with the Yoast SEO plugin v27.2 - https:\/\/yoast.com\/product\/yoast-seo-wordpress\/ -->\n<title>Projeto prev\u00ea volta dos parcelamentos de d\u00edvidas do Fies - Notibras<\/title>\n<meta name=\"robots\" content=\"index, follow, max-snippet:-1, max-image-preview:large, max-video-preview:-1\" \/>\n<link rel=\"canonical\" href=\"https:\/\/www.notibras.com\/site\/projeto-preve-volta-dos-parcelamentos-de-dividas-do-fies\/\" \/>\n<meta property=\"og:locale\" content=\"pt_BR\" \/>\n<meta property=\"og:type\" content=\"article\" \/>\n<meta property=\"og:title\" content=\"Projeto prev\u00ea volta dos parcelamentos de d\u00edvidas do Fies - Notibras\" \/>\n<meta property=\"og:description\" content=\"Estudantes que t\u00eam d\u00edvidas do Fundo de Financiamento Estudantil (Fies) poder\u00e3o contar com parcelamentos especiais. A medida est\u00e1 em projeto de lei que foi aprovado na C\u00e2mara dos Deputados e que agora segue para an\u00e1lise no Senado Federal. O projeto tamb\u00e9m fixa um teto para os aportes feitos pelas institui\u00e7\u00f5es privadas de ensino que t\u00eam [&hellip;]\" \/>\n<meta property=\"og:url\" content=\"https:\/\/www.notibras.com\/site\/projeto-preve-volta-dos-parcelamentos-de-dividas-do-fies\/\" \/>\n<meta property=\"og:site_name\" content=\"Notibras\" \/>\n<meta property=\"article:publisher\" content=\"https:\/\/www.facebook.com\/notibras\/\" \/>\n<meta property=\"article:published_time\" content=\"2023-09-07T03:00:00+00:00\" \/>\n<meta property=\"article:modified_time\" content=\"2023-09-07T11:59:46+00:00\" \/>\n<meta property=\"og:image\" content=\"https:\/\/www.notibras.com\/site\/wp-content\/uploads\/2023\/09\/enem_vac_abr_2811214306.jpg\" \/>\n\t<meta property=\"og:image:width\" content=\"1170\" \/>\n\t<meta property=\"og:image:height\" content=\"700\" \/>\n\t<meta property=\"og:image:type\" content=\"image\/jpeg\" \/>\n<meta name=\"author\" content=\"Reda\u00e7\u00e3o\" \/>\n<meta name=\"twitter:card\" content=\"summary_large_image\" \/>\n<meta name=\"twitter:creator\" content=\"@Notibras\" \/>\n<meta name=\"twitter:site\" content=\"@Notibras\" \/>\n<meta name=\"twitter:label1\" content=\"Escrito por\" \/>\n\t<meta name=\"twitter:data1\" content=\"Reda\u00e7\u00e3o\" \/>\n\t<meta name=\"twitter:label2\" content=\"Est. tempo de leitura\" \/>\n\t<meta name=\"twitter:data2\" content=\"4 minutos\" \/>\n<script type=\"application\/ld+json\" class=\"yoast-schema-graph\">{\"@context\":\"https:\/\/schema.org\",\"@graph\":[{\"@type\":\"Article\",\"@id\":\"https:\/\/www.notibras.com\/site\/projeto-preve-volta-dos-parcelamentos-de-dividas-do-fies\/#article\",\"isPartOf\":{\"@id\":\"https:\/\/www.notibras.com\/site\/projeto-preve-volta-dos-parcelamentos-de-dividas-do-fies\/\"},\"author\":{\"name\":\"Reda\u00e7\u00e3o\",\"@id\":\"https:\/\/www.notibras.com\/site\/#\/schema\/person\/36ab0979449956132d3e5b517ea76ac8\"},\"headline\":\"Projeto prev\u00ea volta dos parcelamentos de d\u00edvidas do Fies\",\"datePublished\":\"2023-09-07T03:00:00+00:00\",\"dateModified\":\"2023-09-07T11:59:46+00:00\",\"mainEntityOfPage\":{\"@id\":\"https:\/\/www.notibras.com\/site\/projeto-preve-volta-dos-parcelamentos-de-dividas-do-fies\/\"},\"wordCount\":738,\"publisher\":{\"@id\":\"https:\/\/www.notibras.com\/site\/#organization\"},\"image\":{\"@id\":\"https:\/\/www.notibras.com\/site\/projeto-preve-volta-dos-parcelamentos-de-dividas-do-fies\/#primaryimage\"},\"thumbnailUrl\":\"https:\/\/www.notibras.com\/site\/wp-content\/uploads\/2023\/09\/enem_vac_abr_2811214306.jpg\",\"articleSection\":[\"Quadradinho em Foco\"],\"inLanguage\":\"pt-BR\"},{\"@type\":\"WebPage\",\"@id\":\"https:\/\/www.notibras.com\/site\/projeto-preve-volta-dos-parcelamentos-de-dividas-do-fies\/\",\"url\":\"https:\/\/www.notibras.com\/site\/projeto-preve-volta-dos-parcelamentos-de-dividas-do-fies\/\",\"name\":\"Projeto prev\u00ea volta dos parcelamentos de d\u00edvidas do Fies - Notibras\",\"isPartOf\":{\"@id\":\"https:\/\/www.notibras.com\/site\/#website\"},\"primaryImageOfPage\":{\"@id\":\"https:\/\/www.notibras.com\/site\/projeto-preve-volta-dos-parcelamentos-de-dividas-do-fies\/#primaryimage\"},\"image\":{\"@id\":\"https:\/\/www.notibras.com\/site\/projeto-preve-volta-dos-parcelamentos-de-dividas-do-fies\/#primaryimage\"},\"thumbnailUrl\":\"https:\/\/www.notibras.com\/site\/wp-content\/uploads\/2023\/09\/enem_vac_abr_2811214306.jpg\",\"datePublished\":\"2023-09-07T03:00:00+00:00\",\"dateModified\":\"2023-09-07T11:59:46+00:00\",\"breadcrumb\":{\"@id\":\"https:\/\/www.notibras.com\/site\/projeto-preve-volta-dos-parcelamentos-de-dividas-do-fies\/#breadcrumb\"},\"inLanguage\":\"pt-BR\",\"potentialAction\":[{\"@type\":\"ReadAction\",\"target\":[\"https:\/\/www.notibras.com\/site\/projeto-preve-volta-dos-parcelamentos-de-dividas-do-fies\/\"]}]},{\"@type\":\"ImageObject\",\"inLanguage\":\"pt-BR\",\"@id\":\"https:\/\/www.notibras.com\/site\/projeto-preve-volta-dos-parcelamentos-de-dividas-do-fies\/#primaryimage\",\"url\":\"https:\/\/www.notibras.com\/site\/wp-content\/uploads\/2023\/09\/enem_vac_abr_2811214306.jpg\",\"contentUrl\":\"https:\/\/www.notibras.com\/site\/wp-content\/uploads\/2023\/09\/enem_vac_abr_2811214306.jpg\",\"width\":1170,\"height\":700,\"caption\":\"Participantes do Exame Nacional do Ensino M\u00e9dio (Enem) 2021 fazem, neste domingo (28), segundo dia de avalia\u00e7\u00e3o, provas de matem\u00e1tica e de ci\u00eancia da natureza.\"},{\"@type\":\"BreadcrumbList\",\"@id\":\"https:\/\/www.notibras.com\/site\/projeto-preve-volta-dos-parcelamentos-de-dividas-do-fies\/#breadcrumb\",\"itemListElement\":[{\"@type\":\"ListItem\",\"position\":1,\"name\":\"In\u00edcio\",\"item\":\"https:\/\/www.notibras.com\/site\/\"},{\"@type\":\"ListItem\",\"position\":2,\"name\":\"Projeto prev\u00ea volta dos parcelamentos de d\u00edvidas do Fies\"}]},{\"@type\":\"WebSite\",\"@id\":\"https:\/\/www.notibras.com\/site\/#website\",\"url\":\"https:\/\/www.notibras.com\/site\/\",\"name\":\"Notibras\",\"description\":\"Not\u00edcias de Bras\u00edlia, do Brasil e do Mundo\",\"publisher\":{\"@id\":\"https:\/\/www.notibras.com\/site\/#organization\"},\"potentialAction\":[{\"@type\":\"SearchAction\",\"target\":{\"@type\":\"EntryPoint\",\"urlTemplate\":\"https:\/\/www.notibras.com\/site\/?s={search_term_string}\"},\"query-input\":{\"@type\":\"PropertyValueSpecification\",\"valueRequired\":true,\"valueName\":\"search_term_string\"}}],\"inLanguage\":\"pt-BR\"},{\"@type\":\"Organization\",\"@id\":\"https:\/\/www.notibras.com\/site\/#organization\",\"name\":\"Grupo Notibras de Comunica\u00e7\u00e3o\",\"url\":\"https:\/\/www.notibras.com\/site\/\",\"logo\":{\"@type\":\"ImageObject\",\"inLanguage\":\"pt-BR\",\"@id\":\"https:\/\/www.notibras.com\/site\/#\/schema\/logo\/image\/\",\"url\":\"https:\/\/www.notibras.com\/site\/wp-content\/uploads\/2023\/01\/notibras23.png\",\"contentUrl\":\"https:\/\/www.notibras.com\/site\/wp-content\/uploads\/2023\/01\/notibras23.png\",\"width\":350,\"height\":87,\"caption\":\"Grupo Notibras de Comunica\u00e7\u00e3o\"},\"image\":{\"@id\":\"https:\/\/www.notibras.com\/site\/#\/schema\/logo\/image\/\"},\"sameAs\":[\"https:\/\/www.facebook.com\/notibras\/\",\"https:\/\/x.com\/Notibras\",\"https:\/\/www.instagram.com\/notibras\/\"]},{\"@type\":\"Person\",\"@id\":\"https:\/\/www.notibras.com\/site\/#\/schema\/person\/36ab0979449956132d3e5b517ea76ac8\",\"name\":\"Reda\u00e7\u00e3o\",\"image\":{\"@type\":\"ImageObject\",\"inLanguage\":\"pt-BR\",\"@id\":\"https:\/\/secure.gravatar.com\/avatar\/e0a867bdedb85fd243eadf09663511f96fc81e0720a4a42581f334ad4303aa6b?s=96&d=mm&r=g\",\"url\":\"https:\/\/secure.gravatar.com\/avatar\/e0a867bdedb85fd243eadf09663511f96fc81e0720a4a42581f334ad4303aa6b?s=96&d=mm&r=g\",\"contentUrl\":\"https:\/\/secure.gravatar.com\/avatar\/e0a867bdedb85fd243eadf09663511f96fc81e0720a4a42581f334ad4303aa6b?s=96&d=mm&r=g\",\"caption\":\"Reda\u00e7\u00e3o\"}}]}<\/script>\n<!-- \/ Yoast SEO plugin. -->","yoast_head_json":{"title":"Projeto prev\u00ea volta dos parcelamentos de d\u00edvidas do Fies - Notibras","robots":{"index":"index","follow":"follow","max-snippet":"max-snippet:-1","max-image-preview":"max-image-preview:large","max-video-preview":"max-video-preview:-1"},"canonical":"https:\/\/www.notibras.com\/site\/projeto-preve-volta-dos-parcelamentos-de-dividas-do-fies\/","og_locale":"pt_BR","og_type":"article","og_title":"Projeto prev\u00ea volta dos parcelamentos de d\u00edvidas do Fies - Notibras","og_description":"Estudantes que t\u00eam d\u00edvidas do Fundo de Financiamento Estudantil (Fies) poder\u00e3o contar com parcelamentos especiais. A medida est\u00e1 em projeto de lei que foi aprovado na C\u00e2mara dos Deputados e que agora segue para an\u00e1lise no Senado Federal. O projeto tamb\u00e9m fixa um teto para os aportes feitos pelas institui\u00e7\u00f5es privadas de ensino que t\u00eam [&hellip;]","og_url":"https:\/\/www.notibras.com\/site\/projeto-preve-volta-dos-parcelamentos-de-dividas-do-fies\/","og_site_name":"Notibras","article_publisher":"https:\/\/www.facebook.com\/notibras\/","article_published_time":"2023-09-07T03:00:00+00:00","article_modified_time":"2023-09-07T11:59:46+00:00","og_image":[{"width":1170,"height":700,"url":"https:\/\/www.notibras.com\/site\/wp-content\/uploads\/2023\/09\/enem_vac_abr_2811214306.jpg","type":"image\/jpeg"}],"author":"Reda\u00e7\u00e3o","twitter_card":"summary_large_image","twitter_creator":"@Notibras","twitter_site":"@Notibras","twitter_misc":{"Escrito por":"Reda\u00e7\u00e3o","Est. tempo de leitura":"4 minutos"},"schema":{"@context":"https:\/\/schema.org","@graph":[{"@type":"Article","@id":"https:\/\/www.notibras.com\/site\/projeto-preve-volta-dos-parcelamentos-de-dividas-do-fies\/#article","isPartOf":{"@id":"https:\/\/www.notibras.com\/site\/projeto-preve-volta-dos-parcelamentos-de-dividas-do-fies\/"},"author":{"name":"Reda\u00e7\u00e3o","@id":"https:\/\/www.notibras.com\/site\/#\/schema\/person\/36ab0979449956132d3e5b517ea76ac8"},"headline":"Projeto prev\u00ea volta dos parcelamentos de d\u00edvidas do Fies","datePublished":"2023-09-07T03:00:00+00:00","dateModified":"2023-09-07T11:59:46+00:00","mainEntityOfPage":{"@id":"https:\/\/www.notibras.com\/site\/projeto-preve-volta-dos-parcelamentos-de-dividas-do-fies\/"},"wordCount":738,"publisher":{"@id":"https:\/\/www.notibras.com\/site\/#organization"},"image":{"@id":"https:\/\/www.notibras.com\/site\/projeto-preve-volta-dos-parcelamentos-de-dividas-do-fies\/#primaryimage"},"thumbnailUrl":"https:\/\/www.notibras.com\/site\/wp-content\/uploads\/2023\/09\/enem_vac_abr_2811214306.jpg","articleSection":["Quadradinho em Foco"],"inLanguage":"pt-BR"},{"@type":"WebPage","@id":"https:\/\/www.notibras.com\/site\/projeto-preve-volta-dos-parcelamentos-de-dividas-do-fies\/","url":"https:\/\/www.notibras.com\/site\/projeto-preve-volta-dos-parcelamentos-de-dividas-do-fies\/","name":"Projeto prev\u00ea volta dos parcelamentos de d\u00edvidas do Fies - Notibras","isPartOf":{"@id":"https:\/\/www.notibras.com\/site\/#website"},"primaryImageOfPage":{"@id":"https:\/\/www.notibras.com\/site\/projeto-preve-volta-dos-parcelamentos-de-dividas-do-fies\/#primaryimage"},"image":{"@id":"https:\/\/www.notibras.com\/site\/projeto-preve-volta-dos-parcelamentos-de-dividas-do-fies\/#primaryimage"},"thumbnailUrl":"https:\/\/www.notibras.com\/site\/wp-content\/uploads\/2023\/09\/enem_vac_abr_2811214306.jpg","datePublished":"2023-09-07T03:00:00+00:00","dateModified":"2023-09-07T11:59:46+00:00","breadcrumb":{"@id":"https:\/\/www.notibras.com\/site\/projeto-preve-volta-dos-parcelamentos-de-dividas-do-fies\/#breadcrumb"},"inLanguage":"pt-BR","potentialAction":[{"@type":"ReadAction","target":["https:\/\/www.notibras.com\/site\/projeto-preve-volta-dos-parcelamentos-de-dividas-do-fies\/"]}]},{"@type":"ImageObject","inLanguage":"pt-BR","@id":"https:\/\/www.notibras.com\/site\/projeto-preve-volta-dos-parcelamentos-de-dividas-do-fies\/#primaryimage","url":"https:\/\/www.notibras.com\/site\/wp-content\/uploads\/2023\/09\/enem_vac_abr_2811214306.jpg","contentUrl":"https:\/\/www.notibras.com\/site\/wp-content\/uploads\/2023\/09\/enem_vac_abr_2811214306.jpg","width":1170,"height":700,"caption":"Participantes do Exame Nacional do Ensino M\u00e9dio (Enem) 2021 fazem, neste domingo (28), segundo dia de avalia\u00e7\u00e3o, provas de matem\u00e1tica e de ci\u00eancia da natureza."},{"@type":"BreadcrumbList","@id":"https:\/\/www.notibras.com\/site\/projeto-preve-volta-dos-parcelamentos-de-dividas-do-fies\/#breadcrumb","itemListElement":[{"@type":"ListItem","position":1,"name":"In\u00edcio","item":"https:\/\/www.notibras.com\/site\/"},{"@type":"ListItem","position":2,"name":"Projeto prev\u00ea volta dos parcelamentos de d\u00edvidas do Fies"}]},{"@type":"WebSite","@id":"https:\/\/www.notibras.com\/site\/#website","url":"https:\/\/www.notibras.com\/site\/","name":"Notibras","description":"Not\u00edcias de Bras\u00edlia, do Brasil e do Mundo","publisher":{"@id":"https:\/\/www.notibras.com\/site\/#organization"},"potentialAction":[{"@type":"SearchAction","target":{"@type":"EntryPoint","urlTemplate":"https:\/\/www.notibras.com\/site\/?s={search_term_string}"},"query-input":{"@type":"PropertyValueSpecification","valueRequired":true,"valueName":"search_term_string"}}],"inLanguage":"pt-BR"},{"@type":"Organization","@id":"https:\/\/www.notibras.com\/site\/#organization","name":"Grupo Notibras de Comunica\u00e7\u00e3o","url":"https:\/\/www.notibras.com\/site\/","logo":{"@type":"ImageObject","inLanguage":"pt-BR","@id":"https:\/\/www.notibras.com\/site\/#\/schema\/logo\/image\/","url":"https:\/\/www.notibras.com\/site\/wp-content\/uploads\/2023\/01\/notibras23.png","contentUrl":"https:\/\/www.notibras.com\/site\/wp-content\/uploads\/2023\/01\/notibras23.png","width":350,"height":87,"caption":"Grupo Notibras de Comunica\u00e7\u00e3o"},"image":{"@id":"https:\/\/www.notibras.com\/site\/#\/schema\/logo\/image\/"},"sameAs":["https:\/\/www.facebook.com\/notibras\/","https:\/\/x.com\/Notibras","https:\/\/www.instagram.com\/notibras\/"]},{"@type":"Person","@id":"https:\/\/www.notibras.com\/site\/#\/schema\/person\/36ab0979449956132d3e5b517ea76ac8","name":"Reda\u00e7\u00e3o","image":{"@type":"ImageObject","inLanguage":"pt-BR","@id":"https:\/\/secure.gravatar.com\/avatar\/e0a867bdedb85fd243eadf09663511f96fc81e0720a4a42581f334ad4303aa6b?s=96&d=mm&r=g","url":"https:\/\/secure.gravatar.com\/avatar\/e0a867bdedb85fd243eadf09663511f96fc81e0720a4a42581f334ad4303aa6b?s=96&d=mm&r=g","contentUrl":"https:\/\/secure.gravatar.com\/avatar\/e0a867bdedb85fd243eadf09663511f96fc81e0720a4a42581f334ad4303aa6b?s=96&d=mm&r=g","caption":"Reda\u00e7\u00e3o"}}]}},"amp_enabled":true,"_links":{"self":[{"href":"https:\/\/www.notibras.com\/site\/wp-json\/wp\/v2\/posts\/312369","targetHints":{"allow":["GET"]}}],"collection":[{"href":"https:\/\/www.notibras.com\/site\/wp-json\/wp\/v2\/posts"}],"about":[{"href":"https:\/\/www.notibras.com\/site\/wp-json\/wp\/v2\/types\/post"}],"author":[{"embeddable":true,"href":"https:\/\/www.notibras.com\/site\/wp-json\/wp\/v2\/users\/2"}],"replies":[{"embeddable":true,"href":"https:\/\/www.notibras.com\/site\/wp-json\/wp\/v2\/comments?post=312369"}],"version-history":[{"count":1,"href":"https:\/\/www.notibras.com\/site\/wp-json\/wp\/v2\/posts\/312369\/revisions"}],"predecessor-version":[{"id":312371,"href":"https:\/\/www.notibras.com\/site\/wp-json\/wp\/v2\/posts\/312369\/revisions\/312371"}],"wp:featuredmedia":[{"embeddable":true,"href":"https:\/\/www.notibras.com\/site\/wp-json\/wp\/v2\/media\/312370"}],"wp:attachment":[{"href":"https:\/\/www.notibras.com\/site\/wp-json\/wp\/v2\/media?parent=312369"}],"wp:term":[{"taxonomy":"category","embeddable":true,"href":"https:\/\/www.notibras.com\/site\/wp-json\/wp\/v2\/categories?post=312369"},{"taxonomy":"post_tag","embeddable":true,"href":"https:\/\/www.notibras.com\/site\/wp-json\/wp\/v2\/tags?post=312369"}],"curies":[{"name":"wp","href":"https:\/\/api.w.org\/{rel}","templated":true}]}}