{"id":312375,"date":"2023-09-07T19:08:39","date_gmt":"2023-09-07T22:08:39","guid":{"rendered":"https:\/\/www.notibras.com\/site\/?p=312375"},"modified":"2023-09-08T09:10:01","modified_gmt":"2023-09-08T12:10:01","slug":"feira-online-oferece-9-mil-vagas-a-pessoas-com-deficiencia","status":"publish","type":"post","link":"https:\/\/www.notibras.com\/site\/feira-online-oferece-9-mil-vagas-a-pessoas-com-deficiencia\/","title":{"rendered":"Feira online oferece 9 mil vagas a pessoas com defici\u00eancia"},"content":{"rendered":"<p>A quarta edi\u00e7\u00e3o da Inclui PcD, feira de empregabilidade para pessoas com defici\u00eancia, que ser\u00e1 realizada de 20 a 22 deste m\u00eas, j\u00e1 contabiliza 3.500 vagas em empresas como Azul, BASF, Bosch, Gerdau, Globo, EY, Heineken, Nexa, Pepsico, Grupo Soma, GPA, Nivea e Ra\u00edzen, entre outras. Empresas e candidatos ainda podem se cadastrar gratuitamente para participar da feira online neste endere\u00e7o.<\/p>\n<p>Criada em alus\u00e3o ao Dia Nacional da Luta da Pessoa com Defici\u00eancia, comemorado em 21 de setembro, a feira \u00e9 realizada pela startup Egalite, especializada na inclus\u00e3o de pessoas com defici\u00eancia no mercado de trabalho. A feira cria uma ponte entre profissionais PcDs e aposta em conex\u00e3o, inclus\u00e3o e capacita\u00e7\u00e3o.<\/p>\n<p>A iniciativa, que surgiu em 2020, visa a reduzir os impactos causados pela pandemia da covid-19, disse \u00e0 Ag\u00eancia Brasil o fundador da startup, Guilherme Braga. Naquele ano, a base de dados da empresa tinha 50 mil candidatos.<\/p>\n<p>\u201cA gente percebeu, em 2020, muito por conta da pandemia, que as empresas estavam olhando para dentro e reduziram muito as oportunidades de emprego para pessoas com defici\u00eancia. Ent\u00e3o, a gente aproveitou a data do 21 de setembro para trazer uma conscientiza\u00e7\u00e3o sobre o tema e fazer com que as companhias criassem vagas direcionadas para PcDs.\u201d.<\/p>\n<p>De acordo com Braga, o resultado foi \u201cmuito legal\u201d. No primeiro ano, foram ofertadas mais de 5 mil vagas para pessoas com defici\u00eancia s e mais de 200 empresas participaram. \u201cConseguimos atingir nosso objetivo e estamos partindo para a quarta edi\u00e7\u00e3o da Inclui PcD.\u201d<\/p>\n<p><strong>Plataforma<\/strong><br \/>\nNesta edi\u00e7\u00e3o, a feira trar\u00e1 uma novidade, que \u00e9 a possibilidade de as empresas contratarem PcDs durante o ano inteiro e n\u00e3o somente uma vez no ano. Isso poder\u00e1 ser feito pela plataforma incluipcd.com.br, que ser\u00e1 lan\u00e7ada oficialmente durante o evento. A Egalite vai continuar realizando a feira em comemora\u00e7\u00e3o ao 21 de setembro, mas as vagas estar\u00e3o dispon\u00edveis durante todo o ano.<\/p>\n<p>A meta da 4\u00aa Inclui PcD \u00e9 oferecer 9 mil vagas, que devem ser inscritas pelas empresas at\u00e9 o pr\u00f3ximo dia 15. J\u00e1 os candidatos poder\u00e3o se inscrever at\u00e9 o t\u00e9rmino da feira. Durante todo o per\u00edodo do evento, s\u00e3o oferecidas capacita\u00e7\u00f5es diversas aos candidatos, dadas por especialistas e disponibilizadas tamb\u00e9m de forma gratuita. As capacita\u00e7\u00f5es podem ser acompanhadas pelo site. O conte\u00fado vem sendo aproveitado tamb\u00e9m por muitas empresas. O objetivo \u00e9 conectar as organiza\u00e7\u00f5es com os candidatos. As vagas come\u00e7aram a ser disponibilizadas no dia 1\u00ba deste m\u00eas e v\u00e3o ficar abertas at\u00e9 o fim do m\u00eas.<\/p>\n<p>Braga disse acreditar que a feira atingir\u00e1 o objetivo de ofertar 9 mil vagas nesta edi\u00e7\u00e3o. \u201cOntem, estava em 2.500, j\u00e1 foi para 3.500, e a gente tem a expectativa de finalizar esta semana com mais de 5 mil vagas. O engajamento vai crescendo \u00e0 medida que a feira se aproxima\u201d. No momento, j\u00e1 s\u00e3o 504 empresas cadastradas.<\/p>\n<p><strong>Amadurecimento<\/strong><br \/>\nNa avalia\u00e7\u00e3o de Guilherme Braga, a ideia de inclus\u00e3o est\u00e1 amadurecendo nas empresas brasileiras. \u201cCom certeza. A gente v\u00ea, ano a ano, o n\u00famero de inclus\u00f5es aumentar. Claro que o ritmo poderia ser mais acelerado, mas hoje existem mais de 5 mil pessoas com defici\u00eancia no mercado formal de trabalho. Entendemos que a quest\u00e3o de cultura e o pr\u00f3prio interesse das empresas sobre o tema vem crescendo muito, n\u00e3o s\u00f3 por uma quest\u00e3o legal da Lei de Cotas, mas tamb\u00e9m pela companhia acreditar na valoriza\u00e7\u00e3o da diversidade e inclus\u00e3o dentro das organiza\u00e7\u00f5es.\u201d<\/p>\n<p><strong>Egalite<\/strong><br \/>\nCriada em 2010, a Egalite \u00e9 uma startup especializada na inclus\u00e3o de pessoas com defici\u00eancia no mercado de trabalho. A empresa j\u00e1 capacitou e empregou mais de 14 mil pessoas em todo o pa\u00eds.<\/p>\n<p>Em 2017, foi a primeira empresa do Brasil premiada no Global Grand Challenges Awards (Pr\u00eamio Grandes Desafios Globais) e, no mesmo ano, foi considerada uma das dez startups mais atrativas do Brasil, de acordo com o ranking das 100 Open Startups.<\/p>\n","protected":false},"excerpt":{"rendered":"<p>A quarta edi\u00e7\u00e3o da Inclui PcD, feira de empregabilidade para pessoas com defici\u00eancia, que ser\u00e1 realizada de 20 a 22 deste m\u00eas, j\u00e1 contabiliza 3.500 vagas em empresas como Azul, BASF, Bosch, Gerdau, Globo, EY, Heineken, Nexa, Pepsico, Grupo Soma, GPA, Nivea e Ra\u00edzen, entre outras. Empresas e candidatos ainda podem se cadastrar gratuitamente para [&hellip;]<\/p>\n","protected":false},"author":2,"featured_media":312376,"comment_status":"closed","ping_status":"closed","sticky":false,"template":"","format":"standard","meta":{"_acf_changed":false,"footnotes":""},"categories":[161],"tags":[],"class_list":["post-312375","post","type-post","status-publish","format-standard","has-post-thumbnail","hentry","category-quadradinho-em-foco"],"acf":[],"yoast_head":"<!-- This site is optimized with the Yoast SEO plugin v27.2 - https:\/\/yoast.com\/product\/yoast-seo-wordpress\/ -->\n<title>Feira online oferece 9 mil vagas a pessoas com defici\u00eancia - Notibras<\/title>\n<meta name=\"robots\" content=\"index, follow, max-snippet:-1, max-image-preview:large, max-video-preview:-1\" \/>\n<link rel=\"canonical\" href=\"https:\/\/www.notibras.com\/site\/feira-online-oferece-9-mil-vagas-a-pessoas-com-deficiencia\/\" \/>\n<meta property=\"og:locale\" content=\"pt_BR\" \/>\n<meta property=\"og:type\" content=\"article\" \/>\n<meta property=\"og:title\" content=\"Feira online oferece 9 mil vagas a pessoas com defici\u00eancia - Notibras\" \/>\n<meta property=\"og:description\" content=\"A quarta edi\u00e7\u00e3o da Inclui PcD, feira de empregabilidade para pessoas com defici\u00eancia, que ser\u00e1 realizada de 20 a 22 deste m\u00eas, j\u00e1 contabiliza 3.500 vagas em empresas como Azul, BASF, Bosch, Gerdau, Globo, EY, Heineken, Nexa, Pepsico, Grupo Soma, GPA, Nivea e Ra\u00edzen, entre outras. Empresas e candidatos ainda podem se cadastrar gratuitamente para [&hellip;]\" \/>\n<meta property=\"og:url\" content=\"https:\/\/www.notibras.com\/site\/feira-online-oferece-9-mil-vagas-a-pessoas-com-deficiencia\/\" \/>\n<meta property=\"og:site_name\" content=\"Notibras\" \/>\n<meta property=\"article:publisher\" content=\"https:\/\/www.facebook.com\/notibras\/\" \/>\n<meta property=\"article:published_time\" content=\"2023-09-07T22:08:39+00:00\" \/>\n<meta property=\"article:modified_time\" content=\"2023-09-08T12:10:01+00:00\" \/>\n<meta property=\"og:image\" content=\"https:\/\/www.notibras.com\/site\/wp-content\/uploads\/2023\/09\/1091562-df_img_9488.jpg\" \/>\n\t<meta property=\"og:image:width\" content=\"1170\" \/>\n\t<meta property=\"og:image:height\" content=\"700\" \/>\n\t<meta property=\"og:image:type\" content=\"image\/jpeg\" \/>\n<meta name=\"author\" content=\"Reda\u00e7\u00e3o\" \/>\n<meta name=\"twitter:card\" content=\"summary_large_image\" \/>\n<meta name=\"twitter:creator\" content=\"@Notibras\" \/>\n<meta name=\"twitter:site\" content=\"@Notibras\" \/>\n<meta name=\"twitter:label1\" content=\"Escrito por\" \/>\n\t<meta name=\"twitter:data1\" content=\"Reda\u00e7\u00e3o\" \/>\n\t<meta name=\"twitter:label2\" content=\"Est. tempo de leitura\" \/>\n\t<meta name=\"twitter:data2\" content=\"4 minutos\" \/>\n<script type=\"application\/ld+json\" class=\"yoast-schema-graph\">{\"@context\":\"https:\/\/schema.org\",\"@graph\":[{\"@type\":\"Article\",\"@id\":\"https:\/\/www.notibras.com\/site\/feira-online-oferece-9-mil-vagas-a-pessoas-com-deficiencia\/#article\",\"isPartOf\":{\"@id\":\"https:\/\/www.notibras.com\/site\/feira-online-oferece-9-mil-vagas-a-pessoas-com-deficiencia\/\"},\"author\":{\"name\":\"Reda\u00e7\u00e3o\",\"@id\":\"https:\/\/www.notibras.com\/site\/#\/schema\/person\/36ab0979449956132d3e5b517ea76ac8\"},\"headline\":\"Feira online oferece 9 mil vagas a pessoas com defici\u00eancia\",\"datePublished\":\"2023-09-07T22:08:39+00:00\",\"dateModified\":\"2023-09-08T12:10:01+00:00\",\"mainEntityOfPage\":{\"@id\":\"https:\/\/www.notibras.com\/site\/feira-online-oferece-9-mil-vagas-a-pessoas-com-deficiencia\/\"},\"wordCount\":677,\"publisher\":{\"@id\":\"https:\/\/www.notibras.com\/site\/#organization\"},\"image\":{\"@id\":\"https:\/\/www.notibras.com\/site\/feira-online-oferece-9-mil-vagas-a-pessoas-com-deficiencia\/#primaryimage\"},\"thumbnailUrl\":\"https:\/\/www.notibras.com\/site\/wp-content\/uploads\/2023\/09\/1091562-df_img_9488.jpg\",\"articleSection\":[\"Quadradinho em Foco\"],\"inLanguage\":\"pt-BR\"},{\"@type\":\"WebPage\",\"@id\":\"https:\/\/www.notibras.com\/site\/feira-online-oferece-9-mil-vagas-a-pessoas-com-deficiencia\/\",\"url\":\"https:\/\/www.notibras.com\/site\/feira-online-oferece-9-mil-vagas-a-pessoas-com-deficiencia\/\",\"name\":\"Feira online oferece 9 mil vagas a pessoas com defici\u00eancia - Notibras\",\"isPartOf\":{\"@id\":\"https:\/\/www.notibras.com\/site\/#website\"},\"primaryImageOfPage\":{\"@id\":\"https:\/\/www.notibras.com\/site\/feira-online-oferece-9-mil-vagas-a-pessoas-com-deficiencia\/#primaryimage\"},\"image\":{\"@id\":\"https:\/\/www.notibras.com\/site\/feira-online-oferece-9-mil-vagas-a-pessoas-com-deficiencia\/#primaryimage\"},\"thumbnailUrl\":\"https:\/\/www.notibras.com\/site\/wp-content\/uploads\/2023\/09\/1091562-df_img_9488.jpg\",\"datePublished\":\"2023-09-07T22:08:39+00:00\",\"dateModified\":\"2023-09-08T12:10:01+00:00\",\"breadcrumb\":{\"@id\":\"https:\/\/www.notibras.com\/site\/feira-online-oferece-9-mil-vagas-a-pessoas-com-deficiencia\/#breadcrumb\"},\"inLanguage\":\"pt-BR\",\"potentialAction\":[{\"@type\":\"ReadAction\",\"target\":[\"https:\/\/www.notibras.com\/site\/feira-online-oferece-9-mil-vagas-a-pessoas-com-deficiencia\/\"]}]},{\"@type\":\"ImageObject\",\"inLanguage\":\"pt-BR\",\"@id\":\"https:\/\/www.notibras.com\/site\/feira-online-oferece-9-mil-vagas-a-pessoas-com-deficiencia\/#primaryimage\",\"url\":\"https:\/\/www.notibras.com\/site\/wp-content\/uploads\/2023\/09\/1091562-df_img_9488.jpg\",\"contentUrl\":\"https:\/\/www.notibras.com\/site\/wp-content\/uploads\/2023\/09\/1091562-df_img_9488.jpg\",\"width\":1170,\"height\":700,\"caption\":\"Bras\u00edlia - A Coordena\u00e7\u00e3o de Pessoas com Defici\u00eancia (Promodef) do DF realiza atividades em comemora\u00e7\u00e3o ao Dia Nacional de Luta da Pessoa com Defici\u00eancia, na esta\u00e7\u00e3o 112 Sul do metr\u00f4 (Marcelo Camargo\/Ag\u00eancia Brasil)\"},{\"@type\":\"BreadcrumbList\",\"@id\":\"https:\/\/www.notibras.com\/site\/feira-online-oferece-9-mil-vagas-a-pessoas-com-deficiencia\/#breadcrumb\",\"itemListElement\":[{\"@type\":\"ListItem\",\"position\":1,\"name\":\"In\u00edcio\",\"item\":\"https:\/\/www.notibras.com\/site\/\"},{\"@type\":\"ListItem\",\"position\":2,\"name\":\"Feira online oferece 9 mil vagas a pessoas com defici\u00eancia\"}]},{\"@type\":\"WebSite\",\"@id\":\"https:\/\/www.notibras.com\/site\/#website\",\"url\":\"https:\/\/www.notibras.com\/site\/\",\"name\":\"Notibras\",\"description\":\"Not\u00edcias de Bras\u00edlia, do Brasil e do Mundo\",\"publisher\":{\"@id\":\"https:\/\/www.notibras.com\/site\/#organization\"},\"potentialAction\":[{\"@type\":\"SearchAction\",\"target\":{\"@type\":\"EntryPoint\",\"urlTemplate\":\"https:\/\/www.notibras.com\/site\/?s={search_term_string}\"},\"query-input\":{\"@type\":\"PropertyValueSpecification\",\"valueRequired\":true,\"valueName\":\"search_term_string\"}}],\"inLanguage\":\"pt-BR\"},{\"@type\":\"Organization\",\"@id\":\"https:\/\/www.notibras.com\/site\/#organization\",\"name\":\"Grupo Notibras de Comunica\u00e7\u00e3o\",\"url\":\"https:\/\/www.notibras.com\/site\/\",\"logo\":{\"@type\":\"ImageObject\",\"inLanguage\":\"pt-BR\",\"@id\":\"https:\/\/www.notibras.com\/site\/#\/schema\/logo\/image\/\",\"url\":\"https:\/\/www.notibras.com\/site\/wp-content\/uploads\/2023\/01\/notibras23.png\",\"contentUrl\":\"https:\/\/www.notibras.com\/site\/wp-content\/uploads\/2023\/01\/notibras23.png\",\"width\":350,\"height\":87,\"caption\":\"Grupo Notibras de Comunica\u00e7\u00e3o\"},\"image\":{\"@id\":\"https:\/\/www.notibras.com\/site\/#\/schema\/logo\/image\/\"},\"sameAs\":[\"https:\/\/www.facebook.com\/notibras\/\",\"https:\/\/x.com\/Notibras\",\"https:\/\/www.instagram.com\/notibras\/\"]},{\"@type\":\"Person\",\"@id\":\"https:\/\/www.notibras.com\/site\/#\/schema\/person\/36ab0979449956132d3e5b517ea76ac8\",\"name\":\"Reda\u00e7\u00e3o\",\"image\":{\"@type\":\"ImageObject\",\"inLanguage\":\"pt-BR\",\"@id\":\"https:\/\/secure.gravatar.com\/avatar\/e0a867bdedb85fd243eadf09663511f96fc81e0720a4a42581f334ad4303aa6b?s=96&d=mm&r=g\",\"url\":\"https:\/\/secure.gravatar.com\/avatar\/e0a867bdedb85fd243eadf09663511f96fc81e0720a4a42581f334ad4303aa6b?s=96&d=mm&r=g\",\"contentUrl\":\"https:\/\/secure.gravatar.com\/avatar\/e0a867bdedb85fd243eadf09663511f96fc81e0720a4a42581f334ad4303aa6b?s=96&d=mm&r=g\",\"caption\":\"Reda\u00e7\u00e3o\"}}]}<\/script>\n<!-- \/ Yoast SEO plugin. -->","yoast_head_json":{"title":"Feira online oferece 9 mil vagas a pessoas com defici\u00eancia - Notibras","robots":{"index":"index","follow":"follow","max-snippet":"max-snippet:-1","max-image-preview":"max-image-preview:large","max-video-preview":"max-video-preview:-1"},"canonical":"https:\/\/www.notibras.com\/site\/feira-online-oferece-9-mil-vagas-a-pessoas-com-deficiencia\/","og_locale":"pt_BR","og_type":"article","og_title":"Feira online oferece 9 mil vagas a pessoas com defici\u00eancia - Notibras","og_description":"A quarta edi\u00e7\u00e3o da Inclui PcD, feira de empregabilidade para pessoas com defici\u00eancia, que ser\u00e1 realizada de 20 a 22 deste m\u00eas, j\u00e1 contabiliza 3.500 vagas em empresas como Azul, BASF, Bosch, Gerdau, Globo, EY, Heineken, Nexa, Pepsico, Grupo Soma, GPA, Nivea e Ra\u00edzen, entre outras. Empresas e candidatos ainda podem se cadastrar gratuitamente para [&hellip;]","og_url":"https:\/\/www.notibras.com\/site\/feira-online-oferece-9-mil-vagas-a-pessoas-com-deficiencia\/","og_site_name":"Notibras","article_publisher":"https:\/\/www.facebook.com\/notibras\/","article_published_time":"2023-09-07T22:08:39+00:00","article_modified_time":"2023-09-08T12:10:01+00:00","og_image":[{"width":1170,"height":700,"url":"https:\/\/www.notibras.com\/site\/wp-content\/uploads\/2023\/09\/1091562-df_img_9488.jpg","type":"image\/jpeg"}],"author":"Reda\u00e7\u00e3o","twitter_card":"summary_large_image","twitter_creator":"@Notibras","twitter_site":"@Notibras","twitter_misc":{"Escrito por":"Reda\u00e7\u00e3o","Est. tempo de leitura":"4 minutos"},"schema":{"@context":"https:\/\/schema.org","@graph":[{"@type":"Article","@id":"https:\/\/www.notibras.com\/site\/feira-online-oferece-9-mil-vagas-a-pessoas-com-deficiencia\/#article","isPartOf":{"@id":"https:\/\/www.notibras.com\/site\/feira-online-oferece-9-mil-vagas-a-pessoas-com-deficiencia\/"},"author":{"name":"Reda\u00e7\u00e3o","@id":"https:\/\/www.notibras.com\/site\/#\/schema\/person\/36ab0979449956132d3e5b517ea76ac8"},"headline":"Feira online oferece 9 mil vagas a pessoas com defici\u00eancia","datePublished":"2023-09-07T22:08:39+00:00","dateModified":"2023-09-08T12:10:01+00:00","mainEntityOfPage":{"@id":"https:\/\/www.notibras.com\/site\/feira-online-oferece-9-mil-vagas-a-pessoas-com-deficiencia\/"},"wordCount":677,"publisher":{"@id":"https:\/\/www.notibras.com\/site\/#organization"},"image":{"@id":"https:\/\/www.notibras.com\/site\/feira-online-oferece-9-mil-vagas-a-pessoas-com-deficiencia\/#primaryimage"},"thumbnailUrl":"https:\/\/www.notibras.com\/site\/wp-content\/uploads\/2023\/09\/1091562-df_img_9488.jpg","articleSection":["Quadradinho em Foco"],"inLanguage":"pt-BR"},{"@type":"WebPage","@id":"https:\/\/www.notibras.com\/site\/feira-online-oferece-9-mil-vagas-a-pessoas-com-deficiencia\/","url":"https:\/\/www.notibras.com\/site\/feira-online-oferece-9-mil-vagas-a-pessoas-com-deficiencia\/","name":"Feira online oferece 9 mil vagas a pessoas com defici\u00eancia - Notibras","isPartOf":{"@id":"https:\/\/www.notibras.com\/site\/#website"},"primaryImageOfPage":{"@id":"https:\/\/www.notibras.com\/site\/feira-online-oferece-9-mil-vagas-a-pessoas-com-deficiencia\/#primaryimage"},"image":{"@id":"https:\/\/www.notibras.com\/site\/feira-online-oferece-9-mil-vagas-a-pessoas-com-deficiencia\/#primaryimage"},"thumbnailUrl":"https:\/\/www.notibras.com\/site\/wp-content\/uploads\/2023\/09\/1091562-df_img_9488.jpg","datePublished":"2023-09-07T22:08:39+00:00","dateModified":"2023-09-08T12:10:01+00:00","breadcrumb":{"@id":"https:\/\/www.notibras.com\/site\/feira-online-oferece-9-mil-vagas-a-pessoas-com-deficiencia\/#breadcrumb"},"inLanguage":"pt-BR","potentialAction":[{"@type":"ReadAction","target":["https:\/\/www.notibras.com\/site\/feira-online-oferece-9-mil-vagas-a-pessoas-com-deficiencia\/"]}]},{"@type":"ImageObject","inLanguage":"pt-BR","@id":"https:\/\/www.notibras.com\/site\/feira-online-oferece-9-mil-vagas-a-pessoas-com-deficiencia\/#primaryimage","url":"https:\/\/www.notibras.com\/site\/wp-content\/uploads\/2023\/09\/1091562-df_img_9488.jpg","contentUrl":"https:\/\/www.notibras.com\/site\/wp-content\/uploads\/2023\/09\/1091562-df_img_9488.jpg","width":1170,"height":700,"caption":"Bras\u00edlia - A Coordena\u00e7\u00e3o de Pessoas com Defici\u00eancia (Promodef) do DF realiza atividades em comemora\u00e7\u00e3o ao Dia Nacional de Luta da Pessoa com Defici\u00eancia, na esta\u00e7\u00e3o 112 Sul do metr\u00f4 (Marcelo Camargo\/Ag\u00eancia Brasil)"},{"@type":"BreadcrumbList","@id":"https:\/\/www.notibras.com\/site\/feira-online-oferece-9-mil-vagas-a-pessoas-com-deficiencia\/#breadcrumb","itemListElement":[{"@type":"ListItem","position":1,"name":"In\u00edcio","item":"https:\/\/www.notibras.com\/site\/"},{"@type":"ListItem","position":2,"name":"Feira online oferece 9 mil vagas a pessoas com defici\u00eancia"}]},{"@type":"WebSite","@id":"https:\/\/www.notibras.com\/site\/#website","url":"https:\/\/www.notibras.com\/site\/","name":"Notibras","description":"Not\u00edcias de Bras\u00edlia, do Brasil e do Mundo","publisher":{"@id":"https:\/\/www.notibras.com\/site\/#organization"},"potentialAction":[{"@type":"SearchAction","target":{"@type":"EntryPoint","urlTemplate":"https:\/\/www.notibras.com\/site\/?s={search_term_string}"},"query-input":{"@type":"PropertyValueSpecification","valueRequired":true,"valueName":"search_term_string"}}],"inLanguage":"pt-BR"},{"@type":"Organization","@id":"https:\/\/www.notibras.com\/site\/#organization","name":"Grupo Notibras de Comunica\u00e7\u00e3o","url":"https:\/\/www.notibras.com\/site\/","logo":{"@type":"ImageObject","inLanguage":"pt-BR","@id":"https:\/\/www.notibras.com\/site\/#\/schema\/logo\/image\/","url":"https:\/\/www.notibras.com\/site\/wp-content\/uploads\/2023\/01\/notibras23.png","contentUrl":"https:\/\/www.notibras.com\/site\/wp-content\/uploads\/2023\/01\/notibras23.png","width":350,"height":87,"caption":"Grupo Notibras de Comunica\u00e7\u00e3o"},"image":{"@id":"https:\/\/www.notibras.com\/site\/#\/schema\/logo\/image\/"},"sameAs":["https:\/\/www.facebook.com\/notibras\/","https:\/\/x.com\/Notibras","https:\/\/www.instagram.com\/notibras\/"]},{"@type":"Person","@id":"https:\/\/www.notibras.com\/site\/#\/schema\/person\/36ab0979449956132d3e5b517ea76ac8","name":"Reda\u00e7\u00e3o","image":{"@type":"ImageObject","inLanguage":"pt-BR","@id":"https:\/\/secure.gravatar.com\/avatar\/e0a867bdedb85fd243eadf09663511f96fc81e0720a4a42581f334ad4303aa6b?s=96&d=mm&r=g","url":"https:\/\/secure.gravatar.com\/avatar\/e0a867bdedb85fd243eadf09663511f96fc81e0720a4a42581f334ad4303aa6b?s=96&d=mm&r=g","contentUrl":"https:\/\/secure.gravatar.com\/avatar\/e0a867bdedb85fd243eadf09663511f96fc81e0720a4a42581f334ad4303aa6b?s=96&d=mm&r=g","caption":"Reda\u00e7\u00e3o"}}]}},"amp_enabled":true,"_links":{"self":[{"href":"https:\/\/www.notibras.com\/site\/wp-json\/wp\/v2\/posts\/312375","targetHints":{"allow":["GET"]}}],"collection":[{"href":"https:\/\/www.notibras.com\/site\/wp-json\/wp\/v2\/posts"}],"about":[{"href":"https:\/\/www.notibras.com\/site\/wp-json\/wp\/v2\/types\/post"}],"author":[{"embeddable":true,"href":"https:\/\/www.notibras.com\/site\/wp-json\/wp\/v2\/users\/2"}],"replies":[{"embeddable":true,"href":"https:\/\/www.notibras.com\/site\/wp-json\/wp\/v2\/comments?post=312375"}],"version-history":[{"count":1,"href":"https:\/\/www.notibras.com\/site\/wp-json\/wp\/v2\/posts\/312375\/revisions"}],"predecessor-version":[{"id":312377,"href":"https:\/\/www.notibras.com\/site\/wp-json\/wp\/v2\/posts\/312375\/revisions\/312377"}],"wp:featuredmedia":[{"embeddable":true,"href":"https:\/\/www.notibras.com\/site\/wp-json\/wp\/v2\/media\/312376"}],"wp:attachment":[{"href":"https:\/\/www.notibras.com\/site\/wp-json\/wp\/v2\/media?parent=312375"}],"wp:term":[{"taxonomy":"category","embeddable":true,"href":"https:\/\/www.notibras.com\/site\/wp-json\/wp\/v2\/categories?post=312375"},{"taxonomy":"post_tag","embeddable":true,"href":"https:\/\/www.notibras.com\/site\/wp-json\/wp\/v2\/tags?post=312375"}],"curies":[{"name":"wp","href":"https:\/\/api.w.org\/{rel}","templated":true}]}}