{"id":312420,"date":"2023-09-08T06:50:15","date_gmt":"2023-09-08T09:50:15","guid":{"rendered":"https:\/\/www.notibras.com\/site\/?p=312420"},"modified":"2023-09-07T22:58:58","modified_gmt":"2023-09-08T01:58:58","slug":"7-de-setembro-resgata-democracia-e-harmonia","status":"publish","type":"post","link":"https:\/\/www.notibras.com\/site\/7-de-setembro-resgata-democracia-e-harmonia\/","title":{"rendered":"7 de Setembro resgata democracia e harmonia"},"content":{"rendered":"<p>7A decis\u00e3o do governo do presidente Luiz In\u00e1cio Lula da Silva de colocar como tema da semana da P\u00e1tria o slogan Democracia, Soberania e Uni\u00e3o sinaliza para a volta da principal data comemorativa \u00e0 tem\u00e1tica republicana e para a harmonia, ap\u00f3s a mudan\u00e7a no perfil do desfile nos \u00faltimos anos, quando a celebra\u00e7\u00e3o do 7 de setembro foi usada politicamente pelo ent\u00e3o presidente Jair Bolsonaro para amea\u00e7ar institui\u00e7\u00f5es democr\u00e1ticas. A opini\u00e3o \u00e9 de especialistas ouvidos pela <em>Ag\u00eancia Brasil.<\/em><\/p>\n<p>Para o professor Heraldo Makrakis, p\u00f3s-doutor em Estudos Estrat\u00e9gicos Internacionais pela Universidade Federal do Rio Grande do Sul e doutor em Ci\u00eancias Militares pela Escola de Comando e Estado-Maior do Ex\u00e9rcito, o governo acertou ao escolher um tema que refor\u00e7a o sentido de democracia.<\/p>\n<p>\u201cTodo ato c\u00edvico tem seu cunho pol\u00edtico, no entanto, ele deve ser realizado de forma protocolar, como todo ato de governo. O que parece diferenciar a proposta atual das as anteriores, fazendo alus\u00e3o ao governo Jair Bolsonaro, \u00e9 que o tema dado de antem\u00e3o indica ser mais republicano, porque tem um tema representando pre\u00e2mbulo constitucional e n\u00e3o grandes discursos sobre p\u00e1tria, fam\u00edlia e Deus que s\u00e3o tem\u00e1ticas sem v\u00ednculo com um ponto protocolar da Constitui\u00e7\u00e3o.\u201d<\/p>\n<p>O professor diz ainda que o ex-presidente usava o espa\u00e7o institucional em seu benef\u00edcio, alimentando a ret\u00f3rica de que as For\u00e7as Armadas estavam subordinadas a ele, n\u00e3o ao cargo que ocupava, e para atacar advers\u00e1rios.<\/p>\n<p>\u201cIsso \u00e9 uma ret\u00f3rica para o seu p\u00fablico e foi feita, no meu entendimento, de uma forma desconcertante. Se de um lado ele afirmava que jogava dentro das quatro linhas da Constitui\u00e7\u00e3o Federal, do outro utilizava o palanque e o momento c\u00edvico-pol\u00edtico, que deveria ser protocolar, para destratar autoridades. N\u00e3o me parece adequado e nada protocolar\u201d, pontuou.<\/p>\n<p><strong>\u00canfase na democracia<\/strong><br \/>\nO pesquisador do Instituto Tricontinental de Pesquisa Social, que conta com pesquisadores do Brasil, Argentina e \u00cdndia, e doutorando em Ci\u00eancias Sociais pela Universidade Federal de Campina Grande (UFCG) Ananias Oliveira tem avalia\u00e7\u00e3o similar. Oliveira que pesquisa sobre militares, democracia e pol\u00edtica, disse \u00e0 Ag\u00eancia Brasil que a tem\u00e1tica consolida a ideia de respeito e democracia.<\/p>\n<p>\u201cA tem\u00e1tica escolhida para 7 de setembro \u00e9 muito interessante porque d\u00e1 \u00eanfase \u00e0 democracia, \u00e0 soberania e \u00e0 uni\u00e3o, ou seja, o entendimento de paz e de respeito e tamb\u00e9m \u00e0 soberania\u201d, afirmou.<\/p>\n<p>\u201cA gente tem que entender que h\u00e1 uma concep\u00e7\u00e3o de democracia nossa, da sociedade civil, e a dos militares e isso tem que ser trabalhado. Esse distanciamento tem que ser feito. O que o Bolsonaro fazia era atentar contra a democracia em um dia que era para inspirar a Democracia\u201d, completou Oliveira que apontou ainda que as a\u00e7\u00f5es do ex-presidente contavam com \u201canu\u00eancia e apoio dos militares ou de militares de alta patente, das c\u00fapulas hier\u00e1rquicas\u201d.<\/p>\n<p>Oliveira considera ainda que, ao desdobrar o desfile em quatro eixos tem\u00e1ticos \u2013 Paz e Soberania, Ci\u00eancia e Tecnologia, Sa\u00fade e Vacina\u00e7\u00e3o e Defesa da Amaz\u00f4nia \u2013, o presidente Luiz In\u00e1cio Lula da Silva fez uma importante contraposi\u00e7\u00e3o ao governo anterior, mostrando o que \u00e9 \u201cviver na democracia\u201d.<\/p>\n<p>\u201cAcho importante o Lula fazer isso em contraposi\u00e7\u00e3o ao que foi o desastroso governo do Bolsonaro. E essa contraposi\u00e7\u00e3o \u00e9 essencial para mostrarmos como \u00e9 viver na democracia, para mostrar como \u00e9 viver sem estar em estado de guerra, porque, antes, a popula\u00e7\u00e3o era sempre atacada. O que Lula faz com isso \u00e9 trazer uma ideia de paz, de harmonia, entre os entes, a sociedade\u201d, afirmou.<\/p>\n<p><strong>Doutrina militar<\/strong><br \/>\nO historiador e professor da Universidade Federal Fluminense (UFF) Daniel Aar\u00e3o Reis considera que o tema \u00e9 importante, ainda mais considerando os atos antidemocr\u00e1ticos de 8 de janeiro, que contaram com a participa\u00e7\u00e3o de militares.<\/p>\n<p>\u201cCertamente, vamos ter uma atmosfera diferente da que prevalecia durante o governo Bolsonaro. Mas ainda penso que, no que diz respeito aos militares, a democracia brasileira precisa avan\u00e7ar muito no sentido de fazer com que os militares e a sociedade passem a considerar os fardados como funcion\u00e1rios p\u00fablicos fardados, nada menos, nada mais do que isso. A ideia dos militares como anjos tutelares da Rep\u00fablica enraizou-se muito e ser\u00e1 um trabalho de f\u00f4lego reverter isso\u201d, disse Reis.<\/p>\n<p>Para o historiador, o Brasil ainda conviver\u00e1 com a sombra da tutela ou do golpismo militar enquanto a forma\u00e7\u00e3o dos integrantes das For\u00e7as Armadas n\u00e3o passar por uma profunda reformula\u00e7\u00e3o da doutrina, ainda baseada nos resqu\u00edcios da guerra fria e na ideia do \u201cinimigo interno\u201d.<\/p>\n<p>\u201cPrecisamos come\u00e7ar pela reformata\u00e7\u00e3o dos curr\u00edculos militares, condicionados ainda, em grande medida, pela cultura da guerra fria e de suas atualiza\u00e7\u00f5es: guerra h\u00edbrida, etc. A chave de tudo encontra-se na forma\u00e7\u00e3o dos militares, a come\u00e7ar pelas Agulhas Negras e pelas demais escolas de forma\u00e7\u00e3o de oficiais. Eles s\u00e3o ensinados a manter esta tradi\u00e7\u00e3o de anjos tutelares. Enquanto isso n\u00e3o mudar, a rep\u00fablica democr\u00e1tica n\u00e3o se consolida\u201d, disse.<\/p>\n<p>A reformula\u00e7\u00e3o da doutrina tamb\u00e9m \u00e9 apontada por Makrakis e Oliveira como essencial para redesenhar o papel que as For\u00e7as Armadas devem cumprir no Estado.<\/p>\n<p>\u201cH\u00e1 um entendimento org\u00e2nico para o comportamento dos militares e, nos meus ensaios, ele se deve muito \u00e0s doutrinas militares \u2013 como a doutrina da guerra da quarta gera\u00e7\u00e3o [em que o inimigo n\u00e3o \u00e9 necessariamente outra na\u00e7\u00e3o, podendo ser um grupo terrorista ou organiza\u00e7\u00f5es criminosas] \u2013 e ao gerencialismo, doutrinas que, para os militares, \u00e9 a realidade revelada. Ent\u00e3o a quest\u00e3o \u00e9: se est\u00e1 na doutrina, o militar n\u00e3o questiona. Se est\u00e1 na doutrina e algu\u00e9m vai dar uma palestra de que os militares s\u00e3o um poder moderador, ele \u2018firmou doutrina\u2019, como se diz, e isso vai fazer parte do sistema de doutrina dos militares e eles jamais v\u00e3o questionar esses pontos\u201d, refletiu Makrakis.<\/p>\n<p>Oliveira aponta que o pensamento militar \u00e9 condicionado para que eles se vejam como tutores da democracia, uma constru\u00e7\u00e3o que vem desde a proclama\u00e7\u00e3o da Rep\u00fablica.<\/p>\n<p>\u201cO problema \u00e9 que eles entendem que tem que participar quase como um quarto poder ou como um poder de tutela no projeto nacional, no projeto de pa\u00eds\u201d, disse Oliveira.<\/p>\n<p>\u201cTemos que mudar a compreens\u00e3o de defesa, a ideia de defesa nacional para que o lugar dos militares seja bem espec\u00edfico: eles s\u00e3o t\u00e9cnicos, s\u00e3o operacionais. Eles t\u00eam que participar ativamente e intelectualmente da concep\u00e7\u00e3o de parte da estrat\u00e9gia de defesa nacional, mas a estrat\u00e9gia de defesa nacional, programa, projeto de na\u00e7\u00e3o, s\u00e3o elementos do governo civil, do estado civil. Eles s\u00e3o a parte t\u00e9cnica operacional da defesa\u201d, afirmou.<\/p>\n<p>Para o pesquisador essa mudan\u00e7a passa pela reformula\u00e7\u00e3o do curr\u00edculo e das escolas de forma\u00e7\u00e3o, como a Academia Militar das Agulhas Negras (Aman).<\/p>\n<p>\u201cIsso envolve reformular curr\u00edculo da Aman, plano de estrat\u00e9gia de defesa com participa\u00e7\u00e3o da sociedade civil e desmilitarizar o estado, especialmente o Minist\u00e9rio da Defesa. Ele \u00e9 um \u00f3rg\u00e3o civil, mas boa parte dos cargos ainda s\u00e3o de militares na alta c\u00fapula\u201d, disse.<\/p>\n<p>\u201cA gente tem que recolocar ou colocar as For\u00e7as Armadas dentro do papel institucional que lhes cabe, mas que foi sendo precarizado nas rela\u00e7\u00f5es entre o governo civil e os militares ao longo dos \u00faltimos anos. Quando [o ex-presidente] Michel Temer nomeia para a Defesa um general [Joaquim Silva e Luna] ele desvirtua, ataca a democracia, as institui\u00e7\u00f5es democr\u00e1ticas, porque o Minist\u00e9rio da Defesa \u00e9 uma forma de controle civil das For\u00e7as Armadas\u201d, concluiu Oliveira.<\/p>\n<p><strong>Atos antidemocr\u00e1ticos<\/strong><br \/>\nUma das consequ\u00eancias dessa politiza\u00e7\u00e3o das For\u00e7as Armadas pode ser observada, segundo Oliveira, no comportamento dos militares em rela\u00e7\u00e3o aos acampamentos em frente aos quart\u00e9is e nos atos antidemocr\u00e1ticos de 8 de janeiro, que contaram com a participa\u00e7\u00e3o ativa de militares.<\/p>\n<p>\u201cAs For\u00e7as Armadas foram negligentes de maneira proposital com os acampamentos. Acredito que o Ex\u00e9rcito n\u00e3o esperava um evento daquele porte, acho que eles previam que poderia acontecer alguma coisa, mas n\u00e3o daquele porte e daquela maneira e ficou claro que eles acobertaram os golpistas. Eles acobertaram, participaram ativamente porque protegeram e isso fez com que a sociedade percebesse eles como participantes daquele 8 de janeiro, principalmente o Ex\u00e9rcito. As c\u00fapulas hier\u00e1rquicas tentam negar, mas o fato \u00e9 que deixaram terroristas em frente aos quart\u00e9is e n\u00e3o fizeram nada para tir\u00e1-los de l\u00e1\u201d, afirmou.<\/p>\n<p>Para Makrakis \u00e9 preciso que a sociedade compreenda que o controle civil sobre as For\u00e7as Armadas \u00e9 um mecanismo adotado em democracias modernas.<\/p>\n<p>\u201cAs carreiras que s\u00e3o t\u00edpicas de estado [como os militares], por essas particularidades, possuem um estatuto pr\u00f3prio que tem que ter mecanismos para serrem fiscalizados. Nas na\u00e7\u00f5es democr\u00e1ticas em que existe o conceito de controle civil sobre as for\u00e7as militares, isso n\u00e3o significa civil dando ordem para os militares, isso implica justamente mecanismos para verificar se h\u00e1 as politicas publicas que incluem o cumprimento desse estatuto est\u00e3o sendo seguidas\u201d, disse.<\/p>\n","protected":false},"excerpt":{"rendered":"<p>7A decis\u00e3o do governo do presidente Luiz In\u00e1cio Lula da Silva de colocar como tema da semana da P\u00e1tria o slogan Democracia, Soberania e Uni\u00e3o sinaliza para a volta da principal data comemorativa \u00e0 tem\u00e1tica republicana e para a harmonia, ap\u00f3s a mudan\u00e7a no perfil do desfile nos \u00faltimos anos, quando a celebra\u00e7\u00e3o do 7 [&hellip;]<\/p>\n","protected":false},"author":2,"featured_media":312421,"comment_status":"closed","ping_status":"closed","sticky":false,"template":"","format":"standard","meta":{"_acf_changed":false,"footnotes":""},"categories":[161],"tags":[95],"class_list":["post-312420","post","type-post","status-publish","format-standard","has-post-thumbnail","hentry","category-quadradinho-em-foco","tag-capa"],"acf":[],"yoast_head":"<!-- This site is optimized with the Yoast SEO plugin v27.2 - https:\/\/yoast.com\/product\/yoast-seo-wordpress\/ -->\n<title>7 de Setembro resgata democracia e harmonia - Notibras<\/title>\n<meta name=\"robots\" content=\"index, follow, max-snippet:-1, max-image-preview:large, max-video-preview:-1\" \/>\n<link rel=\"canonical\" href=\"https:\/\/www.notibras.com\/site\/7-de-setembro-resgata-democracia-e-harmonia\/\" \/>\n<meta property=\"og:locale\" content=\"pt_BR\" \/>\n<meta property=\"og:type\" content=\"article\" \/>\n<meta property=\"og:title\" content=\"7 de Setembro resgata democracia e harmonia - Notibras\" \/>\n<meta property=\"og:description\" content=\"7A decis\u00e3o do governo do presidente Luiz In\u00e1cio Lula da Silva de colocar como tema da semana da P\u00e1tria o slogan Democracia, Soberania e Uni\u00e3o sinaliza para a volta da principal data comemorativa \u00e0 tem\u00e1tica republicana e para a harmonia, ap\u00f3s a mudan\u00e7a no perfil do desfile nos \u00faltimos anos, quando a celebra\u00e7\u00e3o do 7 [&hellip;]\" \/>\n<meta property=\"og:url\" content=\"https:\/\/www.notibras.com\/site\/7-de-setembro-resgata-democracia-e-harmonia\/\" \/>\n<meta property=\"og:site_name\" content=\"Notibras\" \/>\n<meta property=\"article:publisher\" content=\"https:\/\/www.facebook.com\/notibras\/\" \/>\n<meta property=\"article:published_time\" content=\"2023-09-08T09:50:15+00:00\" \/>\n<meta property=\"og:image\" content=\"https:\/\/www.notibras.com\/site\/wp-content\/uploads\/2023\/09\/07092023-124a3104.jpg\" \/>\n\t<meta property=\"og:image:width\" content=\"1170\" \/>\n\t<meta property=\"og:image:height\" content=\"700\" \/>\n\t<meta property=\"og:image:type\" content=\"image\/jpeg\" \/>\n<meta name=\"author\" content=\"Reda\u00e7\u00e3o\" \/>\n<meta name=\"twitter:card\" content=\"summary_large_image\" \/>\n<meta name=\"twitter:creator\" content=\"@Notibras\" \/>\n<meta name=\"twitter:site\" content=\"@Notibras\" \/>\n<meta name=\"twitter:label1\" content=\"Escrito por\" \/>\n\t<meta name=\"twitter:data1\" content=\"Reda\u00e7\u00e3o\" \/>\n\t<meta name=\"twitter:label2\" content=\"Est. tempo de leitura\" \/>\n\t<meta name=\"twitter:data2\" content=\"8 minutos\" \/>\n<script type=\"application\/ld+json\" class=\"yoast-schema-graph\">{\"@context\":\"https:\/\/schema.org\",\"@graph\":[{\"@type\":\"Article\",\"@id\":\"https:\/\/www.notibras.com\/site\/7-de-setembro-resgata-democracia-e-harmonia\/#article\",\"isPartOf\":{\"@id\":\"https:\/\/www.notibras.com\/site\/7-de-setembro-resgata-democracia-e-harmonia\/\"},\"author\":{\"name\":\"Reda\u00e7\u00e3o\",\"@id\":\"https:\/\/www.notibras.com\/site\/#\/schema\/person\/36ab0979449956132d3e5b517ea76ac8\"},\"headline\":\"7 de Setembro resgata democracia e harmonia\",\"datePublished\":\"2023-09-08T09:50:15+00:00\",\"mainEntityOfPage\":{\"@id\":\"https:\/\/www.notibras.com\/site\/7-de-setembro-resgata-democracia-e-harmonia\/\"},\"wordCount\":1572,\"publisher\":{\"@id\":\"https:\/\/www.notibras.com\/site\/#organization\"},\"image\":{\"@id\":\"https:\/\/www.notibras.com\/site\/7-de-setembro-resgata-democracia-e-harmonia\/#primaryimage\"},\"thumbnailUrl\":\"https:\/\/www.notibras.com\/site\/wp-content\/uploads\/2023\/09\/07092023-124a3104.jpg\",\"keywords\":[\"capa\"],\"articleSection\":[\"Quadradinho em Foco\"],\"inLanguage\":\"pt-BR\"},{\"@type\":\"WebPage\",\"@id\":\"https:\/\/www.notibras.com\/site\/7-de-setembro-resgata-democracia-e-harmonia\/\",\"url\":\"https:\/\/www.notibras.com\/site\/7-de-setembro-resgata-democracia-e-harmonia\/\",\"name\":\"7 de Setembro resgata democracia e harmonia - Notibras\",\"isPartOf\":{\"@id\":\"https:\/\/www.notibras.com\/site\/#website\"},\"primaryImageOfPage\":{\"@id\":\"https:\/\/www.notibras.com\/site\/7-de-setembro-resgata-democracia-e-harmonia\/#primaryimage\"},\"image\":{\"@id\":\"https:\/\/www.notibras.com\/site\/7-de-setembro-resgata-democracia-e-harmonia\/#primaryimage\"},\"thumbnailUrl\":\"https:\/\/www.notibras.com\/site\/wp-content\/uploads\/2023\/09\/07092023-124a3104.jpg\",\"datePublished\":\"2023-09-08T09:50:15+00:00\",\"breadcrumb\":{\"@id\":\"https:\/\/www.notibras.com\/site\/7-de-setembro-resgata-democracia-e-harmonia\/#breadcrumb\"},\"inLanguage\":\"pt-BR\",\"potentialAction\":[{\"@type\":\"ReadAction\",\"target\":[\"https:\/\/www.notibras.com\/site\/7-de-setembro-resgata-democracia-e-harmonia\/\"]}]},{\"@type\":\"ImageObject\",\"inLanguage\":\"pt-BR\",\"@id\":\"https:\/\/www.notibras.com\/site\/7-de-setembro-resgata-democracia-e-harmonia\/#primaryimage\",\"url\":\"https:\/\/www.notibras.com\/site\/wp-content\/uploads\/2023\/09\/07092023-124a3104.jpg\",\"contentUrl\":\"https:\/\/www.notibras.com\/site\/wp-content\/uploads\/2023\/09\/07092023-124a3104.jpg\",\"width\":1170,\"height\":700,\"caption\":\"Bras\u00edlia, 07\/09\/2023 Desfile de 7 De Setembro no Eixo Monumental em Bras\u00edlia Foto: Fabio Rodrigues-Pozzebom\/ Ag\u00eancia Brasil\"},{\"@type\":\"BreadcrumbList\",\"@id\":\"https:\/\/www.notibras.com\/site\/7-de-setembro-resgata-democracia-e-harmonia\/#breadcrumb\",\"itemListElement\":[{\"@type\":\"ListItem\",\"position\":1,\"name\":\"In\u00edcio\",\"item\":\"https:\/\/www.notibras.com\/site\/\"},{\"@type\":\"ListItem\",\"position\":2,\"name\":\"7 de Setembro resgata democracia e harmonia\"}]},{\"@type\":\"WebSite\",\"@id\":\"https:\/\/www.notibras.com\/site\/#website\",\"url\":\"https:\/\/www.notibras.com\/site\/\",\"name\":\"Notibras\",\"description\":\"Not\u00edcias de Bras\u00edlia, do Brasil e do Mundo\",\"publisher\":{\"@id\":\"https:\/\/www.notibras.com\/site\/#organization\"},\"potentialAction\":[{\"@type\":\"SearchAction\",\"target\":{\"@type\":\"EntryPoint\",\"urlTemplate\":\"https:\/\/www.notibras.com\/site\/?s={search_term_string}\"},\"query-input\":{\"@type\":\"PropertyValueSpecification\",\"valueRequired\":true,\"valueName\":\"search_term_string\"}}],\"inLanguage\":\"pt-BR\"},{\"@type\":\"Organization\",\"@id\":\"https:\/\/www.notibras.com\/site\/#organization\",\"name\":\"Grupo Notibras de Comunica\u00e7\u00e3o\",\"url\":\"https:\/\/www.notibras.com\/site\/\",\"logo\":{\"@type\":\"ImageObject\",\"inLanguage\":\"pt-BR\",\"@id\":\"https:\/\/www.notibras.com\/site\/#\/schema\/logo\/image\/\",\"url\":\"https:\/\/www.notibras.com\/site\/wp-content\/uploads\/2023\/01\/notibras23.png\",\"contentUrl\":\"https:\/\/www.notibras.com\/site\/wp-content\/uploads\/2023\/01\/notibras23.png\",\"width\":350,\"height\":87,\"caption\":\"Grupo Notibras de Comunica\u00e7\u00e3o\"},\"image\":{\"@id\":\"https:\/\/www.notibras.com\/site\/#\/schema\/logo\/image\/\"},\"sameAs\":[\"https:\/\/www.facebook.com\/notibras\/\",\"https:\/\/x.com\/Notibras\",\"https:\/\/www.instagram.com\/notibras\/\"]},{\"@type\":\"Person\",\"@id\":\"https:\/\/www.notibras.com\/site\/#\/schema\/person\/36ab0979449956132d3e5b517ea76ac8\",\"name\":\"Reda\u00e7\u00e3o\",\"image\":{\"@type\":\"ImageObject\",\"inLanguage\":\"pt-BR\",\"@id\":\"https:\/\/secure.gravatar.com\/avatar\/e0a867bdedb85fd243eadf09663511f96fc81e0720a4a42581f334ad4303aa6b?s=96&d=mm&r=g\",\"url\":\"https:\/\/secure.gravatar.com\/avatar\/e0a867bdedb85fd243eadf09663511f96fc81e0720a4a42581f334ad4303aa6b?s=96&d=mm&r=g\",\"contentUrl\":\"https:\/\/secure.gravatar.com\/avatar\/e0a867bdedb85fd243eadf09663511f96fc81e0720a4a42581f334ad4303aa6b?s=96&d=mm&r=g\",\"caption\":\"Reda\u00e7\u00e3o\"}}]}<\/script>\n<!-- \/ Yoast SEO plugin. -->","yoast_head_json":{"title":"7 de Setembro resgata democracia e harmonia - Notibras","robots":{"index":"index","follow":"follow","max-snippet":"max-snippet:-1","max-image-preview":"max-image-preview:large","max-video-preview":"max-video-preview:-1"},"canonical":"https:\/\/www.notibras.com\/site\/7-de-setembro-resgata-democracia-e-harmonia\/","og_locale":"pt_BR","og_type":"article","og_title":"7 de Setembro resgata democracia e harmonia - Notibras","og_description":"7A decis\u00e3o do governo do presidente Luiz In\u00e1cio Lula da Silva de colocar como tema da semana da P\u00e1tria o slogan Democracia, Soberania e Uni\u00e3o sinaliza para a volta da principal data comemorativa \u00e0 tem\u00e1tica republicana e para a harmonia, ap\u00f3s a mudan\u00e7a no perfil do desfile nos \u00faltimos anos, quando a celebra\u00e7\u00e3o do 7 [&hellip;]","og_url":"https:\/\/www.notibras.com\/site\/7-de-setembro-resgata-democracia-e-harmonia\/","og_site_name":"Notibras","article_publisher":"https:\/\/www.facebook.com\/notibras\/","article_published_time":"2023-09-08T09:50:15+00:00","og_image":[{"width":1170,"height":700,"url":"https:\/\/www.notibras.com\/site\/wp-content\/uploads\/2023\/09\/07092023-124a3104.jpg","type":"image\/jpeg"}],"author":"Reda\u00e7\u00e3o","twitter_card":"summary_large_image","twitter_creator":"@Notibras","twitter_site":"@Notibras","twitter_misc":{"Escrito por":"Reda\u00e7\u00e3o","Est. tempo de leitura":"8 minutos"},"schema":{"@context":"https:\/\/schema.org","@graph":[{"@type":"Article","@id":"https:\/\/www.notibras.com\/site\/7-de-setembro-resgata-democracia-e-harmonia\/#article","isPartOf":{"@id":"https:\/\/www.notibras.com\/site\/7-de-setembro-resgata-democracia-e-harmonia\/"},"author":{"name":"Reda\u00e7\u00e3o","@id":"https:\/\/www.notibras.com\/site\/#\/schema\/person\/36ab0979449956132d3e5b517ea76ac8"},"headline":"7 de Setembro resgata democracia e harmonia","datePublished":"2023-09-08T09:50:15+00:00","mainEntityOfPage":{"@id":"https:\/\/www.notibras.com\/site\/7-de-setembro-resgata-democracia-e-harmonia\/"},"wordCount":1572,"publisher":{"@id":"https:\/\/www.notibras.com\/site\/#organization"},"image":{"@id":"https:\/\/www.notibras.com\/site\/7-de-setembro-resgata-democracia-e-harmonia\/#primaryimage"},"thumbnailUrl":"https:\/\/www.notibras.com\/site\/wp-content\/uploads\/2023\/09\/07092023-124a3104.jpg","keywords":["capa"],"articleSection":["Quadradinho em Foco"],"inLanguage":"pt-BR"},{"@type":"WebPage","@id":"https:\/\/www.notibras.com\/site\/7-de-setembro-resgata-democracia-e-harmonia\/","url":"https:\/\/www.notibras.com\/site\/7-de-setembro-resgata-democracia-e-harmonia\/","name":"7 de Setembro resgata democracia e harmonia - Notibras","isPartOf":{"@id":"https:\/\/www.notibras.com\/site\/#website"},"primaryImageOfPage":{"@id":"https:\/\/www.notibras.com\/site\/7-de-setembro-resgata-democracia-e-harmonia\/#primaryimage"},"image":{"@id":"https:\/\/www.notibras.com\/site\/7-de-setembro-resgata-democracia-e-harmonia\/#primaryimage"},"thumbnailUrl":"https:\/\/www.notibras.com\/site\/wp-content\/uploads\/2023\/09\/07092023-124a3104.jpg","datePublished":"2023-09-08T09:50:15+00:00","breadcrumb":{"@id":"https:\/\/www.notibras.com\/site\/7-de-setembro-resgata-democracia-e-harmonia\/#breadcrumb"},"inLanguage":"pt-BR","potentialAction":[{"@type":"ReadAction","target":["https:\/\/www.notibras.com\/site\/7-de-setembro-resgata-democracia-e-harmonia\/"]}]},{"@type":"ImageObject","inLanguage":"pt-BR","@id":"https:\/\/www.notibras.com\/site\/7-de-setembro-resgata-democracia-e-harmonia\/#primaryimage","url":"https:\/\/www.notibras.com\/site\/wp-content\/uploads\/2023\/09\/07092023-124a3104.jpg","contentUrl":"https:\/\/www.notibras.com\/site\/wp-content\/uploads\/2023\/09\/07092023-124a3104.jpg","width":1170,"height":700,"caption":"Bras\u00edlia, 07\/09\/2023 Desfile de 7 De Setembro no Eixo Monumental em Bras\u00edlia Foto: Fabio Rodrigues-Pozzebom\/ Ag\u00eancia Brasil"},{"@type":"BreadcrumbList","@id":"https:\/\/www.notibras.com\/site\/7-de-setembro-resgata-democracia-e-harmonia\/#breadcrumb","itemListElement":[{"@type":"ListItem","position":1,"name":"In\u00edcio","item":"https:\/\/www.notibras.com\/site\/"},{"@type":"ListItem","position":2,"name":"7 de Setembro resgata democracia e harmonia"}]},{"@type":"WebSite","@id":"https:\/\/www.notibras.com\/site\/#website","url":"https:\/\/www.notibras.com\/site\/","name":"Notibras","description":"Not\u00edcias de Bras\u00edlia, do Brasil e do Mundo","publisher":{"@id":"https:\/\/www.notibras.com\/site\/#organization"},"potentialAction":[{"@type":"SearchAction","target":{"@type":"EntryPoint","urlTemplate":"https:\/\/www.notibras.com\/site\/?s={search_term_string}"},"query-input":{"@type":"PropertyValueSpecification","valueRequired":true,"valueName":"search_term_string"}}],"inLanguage":"pt-BR"},{"@type":"Organization","@id":"https:\/\/www.notibras.com\/site\/#organization","name":"Grupo Notibras de Comunica\u00e7\u00e3o","url":"https:\/\/www.notibras.com\/site\/","logo":{"@type":"ImageObject","inLanguage":"pt-BR","@id":"https:\/\/www.notibras.com\/site\/#\/schema\/logo\/image\/","url":"https:\/\/www.notibras.com\/site\/wp-content\/uploads\/2023\/01\/notibras23.png","contentUrl":"https:\/\/www.notibras.com\/site\/wp-content\/uploads\/2023\/01\/notibras23.png","width":350,"height":87,"caption":"Grupo Notibras de Comunica\u00e7\u00e3o"},"image":{"@id":"https:\/\/www.notibras.com\/site\/#\/schema\/logo\/image\/"},"sameAs":["https:\/\/www.facebook.com\/notibras\/","https:\/\/x.com\/Notibras","https:\/\/www.instagram.com\/notibras\/"]},{"@type":"Person","@id":"https:\/\/www.notibras.com\/site\/#\/schema\/person\/36ab0979449956132d3e5b517ea76ac8","name":"Reda\u00e7\u00e3o","image":{"@type":"ImageObject","inLanguage":"pt-BR","@id":"https:\/\/secure.gravatar.com\/avatar\/e0a867bdedb85fd243eadf09663511f96fc81e0720a4a42581f334ad4303aa6b?s=96&d=mm&r=g","url":"https:\/\/secure.gravatar.com\/avatar\/e0a867bdedb85fd243eadf09663511f96fc81e0720a4a42581f334ad4303aa6b?s=96&d=mm&r=g","contentUrl":"https:\/\/secure.gravatar.com\/avatar\/e0a867bdedb85fd243eadf09663511f96fc81e0720a4a42581f334ad4303aa6b?s=96&d=mm&r=g","caption":"Reda\u00e7\u00e3o"}}]}},"amp_enabled":true,"_links":{"self":[{"href":"https:\/\/www.notibras.com\/site\/wp-json\/wp\/v2\/posts\/312420","targetHints":{"allow":["GET"]}}],"collection":[{"href":"https:\/\/www.notibras.com\/site\/wp-json\/wp\/v2\/posts"}],"about":[{"href":"https:\/\/www.notibras.com\/site\/wp-json\/wp\/v2\/types\/post"}],"author":[{"embeddable":true,"href":"https:\/\/www.notibras.com\/site\/wp-json\/wp\/v2\/users\/2"}],"replies":[{"embeddable":true,"href":"https:\/\/www.notibras.com\/site\/wp-json\/wp\/v2\/comments?post=312420"}],"version-history":[{"count":1,"href":"https:\/\/www.notibras.com\/site\/wp-json\/wp\/v2\/posts\/312420\/revisions"}],"predecessor-version":[{"id":312422,"href":"https:\/\/www.notibras.com\/site\/wp-json\/wp\/v2\/posts\/312420\/revisions\/312422"}],"wp:featuredmedia":[{"embeddable":true,"href":"https:\/\/www.notibras.com\/site\/wp-json\/wp\/v2\/media\/312421"}],"wp:attachment":[{"href":"https:\/\/www.notibras.com\/site\/wp-json\/wp\/v2\/media?parent=312420"}],"wp:term":[{"taxonomy":"category","embeddable":true,"href":"https:\/\/www.notibras.com\/site\/wp-json\/wp\/v2\/categories?post=312420"},{"taxonomy":"post_tag","embeddable":true,"href":"https:\/\/www.notibras.com\/site\/wp-json\/wp\/v2\/tags?post=312420"}],"curies":[{"name":"wp","href":"https:\/\/api.w.org\/{rel}","templated":true}]}}