{"id":312469,"date":"2023-09-08T12:30:02","date_gmt":"2023-09-08T15:30:02","guid":{"rendered":"https:\/\/www.notibras.com\/site\/?p=312469"},"modified":"2023-09-08T12:30:02","modified_gmt":"2023-09-08T15:30:02","slug":"novos-casos-de-covid-19-provocam-alerta-de-vacinacao","status":"publish","type":"post","link":"https:\/\/www.notibras.com\/site\/novos-casos-de-covid-19-provocam-alerta-de-vacinacao\/","title":{"rendered":"Novos casos de Covid-19 provocam alerta de vacina\u00e7\u00e3o"},"content":{"rendered":"<p>A chegada de uma nova subvariante da covid-19 no Distrito Federal e o aumento do n\u00famero de casos confirmados da doen\u00e7a n\u00e3o s\u00e3o motivos para p\u00e2nico, mas ligam um sinal de alerta para a import\u00e2ncia da vacina\u00e7\u00e3o e da etiqueta respirat\u00f3ria. \u00c9 o que mostra o novo boletim epidemiol\u00f3gico de covid-19, divulgado pela Secretaria de Sa\u00fade na v\u00e9spera do feriado de 7 de Setembro.<\/p>\n<p>Entre os dias 27 de agosto e 3 de setembro, o Distrito Federal registrou 626 novos casos de covid-19. Na semana epidemiol\u00f3gica anterior, foram 497 novos casos. Isso fez o \u00edndice R(t), a taxa de transmiss\u00e3o da doen\u00e7a, chegar a 1,36. Na pr\u00e1tica, cada grupo de 100 pacientes contaminados ir\u00e1 transmitir a doen\u00e7a para outros 136, o que significa uma acelera\u00e7\u00e3o da pandemia, ainda que com n\u00fameros absolutos baixos.<\/p>\n<p>O subsecret\u00e1rio de Vigil\u00e2ncia em Sa\u00fade Divino Valero, diz que essa eleva\u00e7\u00e3o no n\u00famero de casos n\u00e3o est\u00e1 necessariamente relacionada \u00e0 subvariante \u00c9ris, confirmada em agosto no Distrito Federal. \u201cAt\u00e9 o momento, n\u00e3o \u00e9 poss\u00edvel confirmar que o aumento esteja associado \u00e0 nova subvariante, pois das amostras coletadas, apenas uma foi positiva para ela\u201d, explica.<\/p>\n<p>Essa nova subvariante da \u00d4micron, denominada de EG.5.1, apelidada internacionalmente de \u00c9ris, j\u00e1 circula pelo menos desde fevereiro, tendo sido confirmada em mais de 50 pa\u00edses. No Brasil, o primeiro caso reportado foi no estado de S\u00e3o Paulo, onde a confirma\u00e7\u00e3o ocorreu em 17 de agosto. N\u00e3o h\u00e1 indicativo de que a subvariante seja mais letal ou mais contagiosa que a \u00d4micron, variante identificada no DF pela primeira vez em dezembro de 2021.<\/p>\n<p>Divino Valero, por\u00e9m, alerta que este per\u00edodo do ano no Distrito Federal pode levar a um aumento do n\u00famero de casos de doen\u00e7as respirat\u00f3rias, incluindo a covid-19 e a gripe. \u201cEstamos em um per\u00edodo sazonal de circula\u00e7\u00e3o de v\u00edrus circulat\u00f3rios e o pr\u00f3prio Minist\u00e9rio da Sa\u00fade estima que, nas pr\u00f3ximas semanas, vamos continuar com esse aumento\u201d, afirma. Para evitar contamina\u00e7\u00e3o, as principais dicas continuam sendo as medidas de higiene, etiqueta respirat\u00f3ria e vacina\u00e7\u00e3o.<\/p>\n<p>A m\u00e9dia da cobertura vacinal contra a covid-19 \u00e9 de 81,9% para uma dose e de 78,7% para as duas doses. Todas as faixas et\u00e1rias acima dos 12 anos de idade est\u00e3o com pelo menos 81,2% de cobertura para as duas doses. No entanto, somente 51,3% da popula\u00e7\u00e3o retornou \u00e0s unidades de sa\u00fade para receber pelo menos um refor\u00e7o.<\/p>\n<p>Entre as crian\u00e7as, a situa\u00e7\u00e3o \u00e9 mais preocupante: 43,9% dos meninos e meninas de 5 a 11 anos n\u00e3o tomaram a segunda dose. O \u00edndice sobe para 82,7% para os de 3 e 4 anos e 90,4% para os beb\u00eas de um ano a seis meses. O \u00fanico caso confirmado da subvariante \u00c9ris no DF foi de uma menina na faixa et\u00e1ria de at\u00e9 dois anos.<\/p>\n<p>Embora as crian\u00e7as de 5 a 11 anos possam receber uma dose de refor\u00e7o, apenas somente 11,8% j\u00e1 foram levadas a um local de vacina\u00e7\u00e3o. Isso, por si s\u00f3, aumenta a necessidade de conscientiza\u00e7\u00e3o de pais e respons\u00e1veis.<\/p>\n<p>A secretaria conta com cerca de 100 locais de vacina\u00e7\u00e3o de segunda a sexta-feira com oferta de imunizantes contra a covid-19. Tamb\u00e9m h\u00e1 a\u00e7\u00f5es aos fins de semana e em locais de grande concentra\u00e7\u00e3o de pessoas, como escolas, shoppings e feiras. Tamb\u00e9m s\u00e3o disponibilizadas vacinas contra a gripe e outras doen\u00e7as (febre amarela, HPV, t\u00e9tano, sarampo e coqueluche, por exemplo).<\/p>\n","protected":false},"excerpt":{"rendered":"<p>A chegada de uma nova subvariante da covid-19 no Distrito Federal e o aumento do n\u00famero de casos confirmados da doen\u00e7a n\u00e3o s\u00e3o motivos para p\u00e2nico, mas ligam um sinal de alerta para a import\u00e2ncia da vacina\u00e7\u00e3o e da etiqueta respirat\u00f3ria. \u00c9 o que mostra o novo boletim epidemiol\u00f3gico de covid-19, divulgado pela Secretaria de [&hellip;]<\/p>\n","protected":false},"author":2,"featured_media":312470,"comment_status":"closed","ping_status":"closed","sticky":false,"template":"","format":"standard","meta":{"_acf_changed":false,"footnotes":""},"categories":[161],"tags":[95],"class_list":["post-312469","post","type-post","status-publish","format-standard","has-post-thumbnail","hentry","category-quadradinho-em-foco","tag-capa"],"acf":[],"yoast_head":"<!-- This site is optimized with the Yoast SEO plugin v27.2 - https:\/\/yoast.com\/product\/yoast-seo-wordpress\/ -->\n<title>Novos casos de Covid-19 provocam alerta de vacina\u00e7\u00e3o - Notibras<\/title>\n<meta name=\"robots\" content=\"index, follow, max-snippet:-1, max-image-preview:large, max-video-preview:-1\" \/>\n<link rel=\"canonical\" href=\"https:\/\/www.notibras.com\/site\/novos-casos-de-covid-19-provocam-alerta-de-vacinacao\/\" \/>\n<meta property=\"og:locale\" content=\"pt_BR\" \/>\n<meta property=\"og:type\" content=\"article\" \/>\n<meta property=\"og:title\" content=\"Novos casos de Covid-19 provocam alerta de vacina\u00e7\u00e3o - Notibras\" \/>\n<meta property=\"og:description\" content=\"A chegada de uma nova subvariante da covid-19 no Distrito Federal e o aumento do n\u00famero de casos confirmados da doen\u00e7a n\u00e3o s\u00e3o motivos para p\u00e2nico, mas ligam um sinal de alerta para a import\u00e2ncia da vacina\u00e7\u00e3o e da etiqueta respirat\u00f3ria. \u00c9 o que mostra o novo boletim epidemiol\u00f3gico de covid-19, divulgado pela Secretaria de [&hellip;]\" \/>\n<meta property=\"og:url\" content=\"https:\/\/www.notibras.com\/site\/novos-casos-de-covid-19-provocam-alerta-de-vacinacao\/\" \/>\n<meta property=\"og:site_name\" content=\"Notibras\" \/>\n<meta property=\"article:publisher\" content=\"https:\/\/www.facebook.com\/notibras\/\" \/>\n<meta property=\"article:published_time\" content=\"2023-09-08T15:30:02+00:00\" \/>\n<meta property=\"og:image\" content=\"https:\/\/www.notibras.com\/site\/wp-content\/uploads\/2023\/09\/covidavanco.jpg\" \/>\n\t<meta property=\"og:image:width\" content=\"1920\" \/>\n\t<meta property=\"og:image:height\" content=\"1280\" \/>\n\t<meta property=\"og:image:type\" content=\"image\/jpeg\" \/>\n<meta name=\"author\" content=\"Reda\u00e7\u00e3o\" \/>\n<meta name=\"twitter:card\" content=\"summary_large_image\" \/>\n<meta name=\"twitter:creator\" content=\"@Notibras\" \/>\n<meta name=\"twitter:site\" content=\"@Notibras\" \/>\n<meta name=\"twitter:label1\" content=\"Escrito por\" \/>\n\t<meta name=\"twitter:data1\" content=\"Reda\u00e7\u00e3o\" \/>\n\t<meta name=\"twitter:label2\" content=\"Est. tempo de leitura\" \/>\n\t<meta name=\"twitter:data2\" content=\"4 minutos\" \/>\n<script type=\"application\/ld+json\" class=\"yoast-schema-graph\">{\"@context\":\"https:\/\/schema.org\",\"@graph\":[{\"@type\":\"Article\",\"@id\":\"https:\/\/www.notibras.com\/site\/novos-casos-de-covid-19-provocam-alerta-de-vacinacao\/#article\",\"isPartOf\":{\"@id\":\"https:\/\/www.notibras.com\/site\/novos-casos-de-covid-19-provocam-alerta-de-vacinacao\/\"},\"author\":{\"name\":\"Reda\u00e7\u00e3o\",\"@id\":\"https:\/\/www.notibras.com\/site\/#\/schema\/person\/36ab0979449956132d3e5b517ea76ac8\"},\"headline\":\"Novos casos de Covid-19 provocam alerta de vacina\u00e7\u00e3o\",\"datePublished\":\"2023-09-08T15:30:02+00:00\",\"mainEntityOfPage\":{\"@id\":\"https:\/\/www.notibras.com\/site\/novos-casos-de-covid-19-provocam-alerta-de-vacinacao\/\"},\"wordCount\":604,\"publisher\":{\"@id\":\"https:\/\/www.notibras.com\/site\/#organization\"},\"image\":{\"@id\":\"https:\/\/www.notibras.com\/site\/novos-casos-de-covid-19-provocam-alerta-de-vacinacao\/#primaryimage\"},\"thumbnailUrl\":\"https:\/\/www.notibras.com\/site\/wp-content\/uploads\/2023\/09\/covidavanco.jpg\",\"keywords\":[\"capa\"],\"articleSection\":[\"Quadradinho em Foco\"],\"inLanguage\":\"pt-BR\"},{\"@type\":\"WebPage\",\"@id\":\"https:\/\/www.notibras.com\/site\/novos-casos-de-covid-19-provocam-alerta-de-vacinacao\/\",\"url\":\"https:\/\/www.notibras.com\/site\/novos-casos-de-covid-19-provocam-alerta-de-vacinacao\/\",\"name\":\"Novos casos de Covid-19 provocam alerta de vacina\u00e7\u00e3o - Notibras\",\"isPartOf\":{\"@id\":\"https:\/\/www.notibras.com\/site\/#website\"},\"primaryImageOfPage\":{\"@id\":\"https:\/\/www.notibras.com\/site\/novos-casos-de-covid-19-provocam-alerta-de-vacinacao\/#primaryimage\"},\"image\":{\"@id\":\"https:\/\/www.notibras.com\/site\/novos-casos-de-covid-19-provocam-alerta-de-vacinacao\/#primaryimage\"},\"thumbnailUrl\":\"https:\/\/www.notibras.com\/site\/wp-content\/uploads\/2023\/09\/covidavanco.jpg\",\"datePublished\":\"2023-09-08T15:30:02+00:00\",\"breadcrumb\":{\"@id\":\"https:\/\/www.notibras.com\/site\/novos-casos-de-covid-19-provocam-alerta-de-vacinacao\/#breadcrumb\"},\"inLanguage\":\"pt-BR\",\"potentialAction\":[{\"@type\":\"ReadAction\",\"target\":[\"https:\/\/www.notibras.com\/site\/novos-casos-de-covid-19-provocam-alerta-de-vacinacao\/\"]}]},{\"@type\":\"ImageObject\",\"inLanguage\":\"pt-BR\",\"@id\":\"https:\/\/www.notibras.com\/site\/novos-casos-de-covid-19-provocam-alerta-de-vacinacao\/#primaryimage\",\"url\":\"https:\/\/www.notibras.com\/site\/wp-content\/uploads\/2023\/09\/covidavanco.jpg\",\"contentUrl\":\"https:\/\/www.notibras.com\/site\/wp-content\/uploads\/2023\/09\/covidavanco.jpg\",\"width\":1920,\"height\":1280},{\"@type\":\"BreadcrumbList\",\"@id\":\"https:\/\/www.notibras.com\/site\/novos-casos-de-covid-19-provocam-alerta-de-vacinacao\/#breadcrumb\",\"itemListElement\":[{\"@type\":\"ListItem\",\"position\":1,\"name\":\"In\u00edcio\",\"item\":\"https:\/\/www.notibras.com\/site\/\"},{\"@type\":\"ListItem\",\"position\":2,\"name\":\"Novos casos de Covid-19 provocam alerta de vacina\u00e7\u00e3o\"}]},{\"@type\":\"WebSite\",\"@id\":\"https:\/\/www.notibras.com\/site\/#website\",\"url\":\"https:\/\/www.notibras.com\/site\/\",\"name\":\"Notibras\",\"description\":\"Not\u00edcias de Bras\u00edlia, do Brasil e do Mundo\",\"publisher\":{\"@id\":\"https:\/\/www.notibras.com\/site\/#organization\"},\"potentialAction\":[{\"@type\":\"SearchAction\",\"target\":{\"@type\":\"EntryPoint\",\"urlTemplate\":\"https:\/\/www.notibras.com\/site\/?s={search_term_string}\"},\"query-input\":{\"@type\":\"PropertyValueSpecification\",\"valueRequired\":true,\"valueName\":\"search_term_string\"}}],\"inLanguage\":\"pt-BR\"},{\"@type\":\"Organization\",\"@id\":\"https:\/\/www.notibras.com\/site\/#organization\",\"name\":\"Grupo Notibras de Comunica\u00e7\u00e3o\",\"url\":\"https:\/\/www.notibras.com\/site\/\",\"logo\":{\"@type\":\"ImageObject\",\"inLanguage\":\"pt-BR\",\"@id\":\"https:\/\/www.notibras.com\/site\/#\/schema\/logo\/image\/\",\"url\":\"https:\/\/www.notibras.com\/site\/wp-content\/uploads\/2023\/01\/notibras23.png\",\"contentUrl\":\"https:\/\/www.notibras.com\/site\/wp-content\/uploads\/2023\/01\/notibras23.png\",\"width\":350,\"height\":87,\"caption\":\"Grupo Notibras de Comunica\u00e7\u00e3o\"},\"image\":{\"@id\":\"https:\/\/www.notibras.com\/site\/#\/schema\/logo\/image\/\"},\"sameAs\":[\"https:\/\/www.facebook.com\/notibras\/\",\"https:\/\/x.com\/Notibras\",\"https:\/\/www.instagram.com\/notibras\/\"]},{\"@type\":\"Person\",\"@id\":\"https:\/\/www.notibras.com\/site\/#\/schema\/person\/36ab0979449956132d3e5b517ea76ac8\",\"name\":\"Reda\u00e7\u00e3o\",\"image\":{\"@type\":\"ImageObject\",\"inLanguage\":\"pt-BR\",\"@id\":\"https:\/\/secure.gravatar.com\/avatar\/e0a867bdedb85fd243eadf09663511f96fc81e0720a4a42581f334ad4303aa6b?s=96&d=mm&r=g\",\"url\":\"https:\/\/secure.gravatar.com\/avatar\/e0a867bdedb85fd243eadf09663511f96fc81e0720a4a42581f334ad4303aa6b?s=96&d=mm&r=g\",\"contentUrl\":\"https:\/\/secure.gravatar.com\/avatar\/e0a867bdedb85fd243eadf09663511f96fc81e0720a4a42581f334ad4303aa6b?s=96&d=mm&r=g\",\"caption\":\"Reda\u00e7\u00e3o\"}}]}<\/script>\n<!-- \/ Yoast SEO plugin. -->","yoast_head_json":{"title":"Novos casos de Covid-19 provocam alerta de vacina\u00e7\u00e3o - Notibras","robots":{"index":"index","follow":"follow","max-snippet":"max-snippet:-1","max-image-preview":"max-image-preview:large","max-video-preview":"max-video-preview:-1"},"canonical":"https:\/\/www.notibras.com\/site\/novos-casos-de-covid-19-provocam-alerta-de-vacinacao\/","og_locale":"pt_BR","og_type":"article","og_title":"Novos casos de Covid-19 provocam alerta de vacina\u00e7\u00e3o - Notibras","og_description":"A chegada de uma nova subvariante da covid-19 no Distrito Federal e o aumento do n\u00famero de casos confirmados da doen\u00e7a n\u00e3o s\u00e3o motivos para p\u00e2nico, mas ligam um sinal de alerta para a import\u00e2ncia da vacina\u00e7\u00e3o e da etiqueta respirat\u00f3ria. \u00c9 o que mostra o novo boletim epidemiol\u00f3gico de covid-19, divulgado pela Secretaria de [&hellip;]","og_url":"https:\/\/www.notibras.com\/site\/novos-casos-de-covid-19-provocam-alerta-de-vacinacao\/","og_site_name":"Notibras","article_publisher":"https:\/\/www.facebook.com\/notibras\/","article_published_time":"2023-09-08T15:30:02+00:00","og_image":[{"width":1920,"height":1280,"url":"https:\/\/www.notibras.com\/site\/wp-content\/uploads\/2023\/09\/covidavanco.jpg","type":"image\/jpeg"}],"author":"Reda\u00e7\u00e3o","twitter_card":"summary_large_image","twitter_creator":"@Notibras","twitter_site":"@Notibras","twitter_misc":{"Escrito por":"Reda\u00e7\u00e3o","Est. tempo de leitura":"4 minutos"},"schema":{"@context":"https:\/\/schema.org","@graph":[{"@type":"Article","@id":"https:\/\/www.notibras.com\/site\/novos-casos-de-covid-19-provocam-alerta-de-vacinacao\/#article","isPartOf":{"@id":"https:\/\/www.notibras.com\/site\/novos-casos-de-covid-19-provocam-alerta-de-vacinacao\/"},"author":{"name":"Reda\u00e7\u00e3o","@id":"https:\/\/www.notibras.com\/site\/#\/schema\/person\/36ab0979449956132d3e5b517ea76ac8"},"headline":"Novos casos de Covid-19 provocam alerta de vacina\u00e7\u00e3o","datePublished":"2023-09-08T15:30:02+00:00","mainEntityOfPage":{"@id":"https:\/\/www.notibras.com\/site\/novos-casos-de-covid-19-provocam-alerta-de-vacinacao\/"},"wordCount":604,"publisher":{"@id":"https:\/\/www.notibras.com\/site\/#organization"},"image":{"@id":"https:\/\/www.notibras.com\/site\/novos-casos-de-covid-19-provocam-alerta-de-vacinacao\/#primaryimage"},"thumbnailUrl":"https:\/\/www.notibras.com\/site\/wp-content\/uploads\/2023\/09\/covidavanco.jpg","keywords":["capa"],"articleSection":["Quadradinho em Foco"],"inLanguage":"pt-BR"},{"@type":"WebPage","@id":"https:\/\/www.notibras.com\/site\/novos-casos-de-covid-19-provocam-alerta-de-vacinacao\/","url":"https:\/\/www.notibras.com\/site\/novos-casos-de-covid-19-provocam-alerta-de-vacinacao\/","name":"Novos casos de Covid-19 provocam alerta de vacina\u00e7\u00e3o - Notibras","isPartOf":{"@id":"https:\/\/www.notibras.com\/site\/#website"},"primaryImageOfPage":{"@id":"https:\/\/www.notibras.com\/site\/novos-casos-de-covid-19-provocam-alerta-de-vacinacao\/#primaryimage"},"image":{"@id":"https:\/\/www.notibras.com\/site\/novos-casos-de-covid-19-provocam-alerta-de-vacinacao\/#primaryimage"},"thumbnailUrl":"https:\/\/www.notibras.com\/site\/wp-content\/uploads\/2023\/09\/covidavanco.jpg","datePublished":"2023-09-08T15:30:02+00:00","breadcrumb":{"@id":"https:\/\/www.notibras.com\/site\/novos-casos-de-covid-19-provocam-alerta-de-vacinacao\/#breadcrumb"},"inLanguage":"pt-BR","potentialAction":[{"@type":"ReadAction","target":["https:\/\/www.notibras.com\/site\/novos-casos-de-covid-19-provocam-alerta-de-vacinacao\/"]}]},{"@type":"ImageObject","inLanguage":"pt-BR","@id":"https:\/\/www.notibras.com\/site\/novos-casos-de-covid-19-provocam-alerta-de-vacinacao\/#primaryimage","url":"https:\/\/www.notibras.com\/site\/wp-content\/uploads\/2023\/09\/covidavanco.jpg","contentUrl":"https:\/\/www.notibras.com\/site\/wp-content\/uploads\/2023\/09\/covidavanco.jpg","width":1920,"height":1280},{"@type":"BreadcrumbList","@id":"https:\/\/www.notibras.com\/site\/novos-casos-de-covid-19-provocam-alerta-de-vacinacao\/#breadcrumb","itemListElement":[{"@type":"ListItem","position":1,"name":"In\u00edcio","item":"https:\/\/www.notibras.com\/site\/"},{"@type":"ListItem","position":2,"name":"Novos casos de Covid-19 provocam alerta de vacina\u00e7\u00e3o"}]},{"@type":"WebSite","@id":"https:\/\/www.notibras.com\/site\/#website","url":"https:\/\/www.notibras.com\/site\/","name":"Notibras","description":"Not\u00edcias de Bras\u00edlia, do Brasil e do Mundo","publisher":{"@id":"https:\/\/www.notibras.com\/site\/#organization"},"potentialAction":[{"@type":"SearchAction","target":{"@type":"EntryPoint","urlTemplate":"https:\/\/www.notibras.com\/site\/?s={search_term_string}"},"query-input":{"@type":"PropertyValueSpecification","valueRequired":true,"valueName":"search_term_string"}}],"inLanguage":"pt-BR"},{"@type":"Organization","@id":"https:\/\/www.notibras.com\/site\/#organization","name":"Grupo Notibras de Comunica\u00e7\u00e3o","url":"https:\/\/www.notibras.com\/site\/","logo":{"@type":"ImageObject","inLanguage":"pt-BR","@id":"https:\/\/www.notibras.com\/site\/#\/schema\/logo\/image\/","url":"https:\/\/www.notibras.com\/site\/wp-content\/uploads\/2023\/01\/notibras23.png","contentUrl":"https:\/\/www.notibras.com\/site\/wp-content\/uploads\/2023\/01\/notibras23.png","width":350,"height":87,"caption":"Grupo Notibras de Comunica\u00e7\u00e3o"},"image":{"@id":"https:\/\/www.notibras.com\/site\/#\/schema\/logo\/image\/"},"sameAs":["https:\/\/www.facebook.com\/notibras\/","https:\/\/x.com\/Notibras","https:\/\/www.instagram.com\/notibras\/"]},{"@type":"Person","@id":"https:\/\/www.notibras.com\/site\/#\/schema\/person\/36ab0979449956132d3e5b517ea76ac8","name":"Reda\u00e7\u00e3o","image":{"@type":"ImageObject","inLanguage":"pt-BR","@id":"https:\/\/secure.gravatar.com\/avatar\/e0a867bdedb85fd243eadf09663511f96fc81e0720a4a42581f334ad4303aa6b?s=96&d=mm&r=g","url":"https:\/\/secure.gravatar.com\/avatar\/e0a867bdedb85fd243eadf09663511f96fc81e0720a4a42581f334ad4303aa6b?s=96&d=mm&r=g","contentUrl":"https:\/\/secure.gravatar.com\/avatar\/e0a867bdedb85fd243eadf09663511f96fc81e0720a4a42581f334ad4303aa6b?s=96&d=mm&r=g","caption":"Reda\u00e7\u00e3o"}}]}},"amp_enabled":true,"_links":{"self":[{"href":"https:\/\/www.notibras.com\/site\/wp-json\/wp\/v2\/posts\/312469","targetHints":{"allow":["GET"]}}],"collection":[{"href":"https:\/\/www.notibras.com\/site\/wp-json\/wp\/v2\/posts"}],"about":[{"href":"https:\/\/www.notibras.com\/site\/wp-json\/wp\/v2\/types\/post"}],"author":[{"embeddable":true,"href":"https:\/\/www.notibras.com\/site\/wp-json\/wp\/v2\/users\/2"}],"replies":[{"embeddable":true,"href":"https:\/\/www.notibras.com\/site\/wp-json\/wp\/v2\/comments?post=312469"}],"version-history":[{"count":1,"href":"https:\/\/www.notibras.com\/site\/wp-json\/wp\/v2\/posts\/312469\/revisions"}],"predecessor-version":[{"id":312471,"href":"https:\/\/www.notibras.com\/site\/wp-json\/wp\/v2\/posts\/312469\/revisions\/312471"}],"wp:featuredmedia":[{"embeddable":true,"href":"https:\/\/www.notibras.com\/site\/wp-json\/wp\/v2\/media\/312470"}],"wp:attachment":[{"href":"https:\/\/www.notibras.com\/site\/wp-json\/wp\/v2\/media?parent=312469"}],"wp:term":[{"taxonomy":"category","embeddable":true,"href":"https:\/\/www.notibras.com\/site\/wp-json\/wp\/v2\/categories?post=312469"},{"taxonomy":"post_tag","embeddable":true,"href":"https:\/\/www.notibras.com\/site\/wp-json\/wp\/v2\/tags?post=312469"}],"curies":[{"name":"wp","href":"https:\/\/api.w.org\/{rel}","templated":true}]}}