{"id":31247,"date":"2014-12-15T18:58:59","date_gmt":"2014-12-15T21:58:59","guid":{"rendered":"http:\/\/www.notibras.com\/site\/?p=31247"},"modified":"2014-12-15T23:10:35","modified_gmt":"2014-12-16T02:10:35","slug":"medico-diz-que-recebeu-r-1-milhao-por-engano-do-ministerio-da-saude","status":"publish","type":"post","link":"https:\/\/www.notibras.com\/site\/medico-diz-que-recebeu-r-1-milhao-por-engano-do-ministerio-da-saude\/","title":{"rendered":"M\u00e9dico recebe errado e devolve R$ 1 milh\u00e3o ao SUS"},"content":{"rendered":"<p>Um m\u00e9dico de Salvador, propriet\u00e1rio de uma cl\u00ednica que presta servi\u00e7o ao SUS, recebeu por engano na conta banc\u00e1ria da unidade de s\u00e1ude um dep\u00f3sito de quase R$ 1 milh\u00e3o, feito pelo Minist\u00e9rio da Sa\u00fade. Roberto Jacobino, dono da cl\u00ednica Lithocenter Hospital Dia, localizada no bairro da Gra\u00e7a, conta que o dep\u00f3sito foi feito em 11 de novembro, mas desconfiou do valor repassado que, segundo ele, est\u00e1 bem acima da quantia de R$ 50 mil que costuma receber do SUS. As informa\u00e7\u00f5es s\u00e3o do <em>G1<\/em>.<\/p>\n<p><img loading=\"lazy\" decoding=\"async\" class=\"alignnone size-full wp-image-31248\" src=\"http:\/\/www.notibras.com\/site\/wp-content\/uploads\/2014\/12\/extrato.jpg\" alt=\"extrato\" width=\"620\" height=\"465\" srcset=\"https:\/\/www.notibras.com\/site\/wp-content\/uploads\/2014\/12\/extrato.jpg 620w, https:\/\/www.notibras.com\/site\/wp-content\/uploads\/2014\/12\/extrato-300x225.jpg 300w, https:\/\/www.notibras.com\/site\/wp-content\/uploads\/2014\/12\/extrato-80x60.jpg 80w, https:\/\/www.notibras.com\/site\/wp-content\/uploads\/2014\/12\/extrato-265x198.jpg 265w, https:\/\/www.notibras.com\/site\/wp-content\/uploads\/2014\/12\/extrato-560x420.jpg 560w\" sizes=\"auto, (max-width: 620px) 100vw, 620px\" \/><\/p>\n<blockquote><p>\u201cTemos que ser honestos. Se o dinheiro n\u00e3o \u00e9 meu, tenho que devolver&#8221;, afirmou Roberto. O m\u00e9dico conta que, ao perceber o erro, foi at\u00e9 uma ag\u00eancia da Caixa Econ\u00f4mica Federal e procurou a gerente da unidade, que se surpreendeu com a quantia, mas confirmou que o dep\u00f3sito de R$ 999 mil foi feito pelo Minist\u00e9rio da Sa\u00fade. O problema ficou ainda mais complicado quando, 17 dias ap\u00f3s o dep\u00f3sito, o valor foi estornado da conta da cl\u00ednica, e o m\u00e9dico n\u00e3o sabe onde o dinheiro foi parar.<\/p><\/blockquote>\n<p>&#8220;Foi feito um estorno da conta da empresa 17 dias depois que o dinheiro foi depositado. Mas eles n\u00e3o poderiam ter tirado o dinheiro da minha conta ap\u00f3s o prazo de 24 horas, porque s\u00f3 com autoriza\u00e7\u00e3o do titular \u00e9 que o valor pode ser estornado. Agora, estamos aguardando para saber qual o promotor que vai direcionar o processo. Quero saber onde foi parar o dinheiro&#8221;, afirma.<\/p>\n<p>Roberto revelou que na \u00faltima quinta-feira (11), ele recebeu uma correspond\u00eancia do Ministerio da Sa\u00fade. &#8220;Dizia que o dinheiro foi colocado indevidamente na conta e que eles autorizaram a Caixa a retirar o valor da minha conta&#8221;, afirma. Entretanto, o m\u00e9dico questiona o fato do Minist\u00e9rio ter autonomia para fazer uma movimenta\u00e7\u00e3o em contas banc\u00e1rias de terceiros. &#8220;Eles n\u00e3o podem fazer isso porque eu sou o repons\u00e1vel pela minha conta&#8221;, diz.<\/p>\n<p>O Minist\u00e9rio P\u00fablico Federal informou nesta segunda-feira (15), por meio da assessoria de comunica\u00e7\u00e3o, que o processo ainda est\u00e1 sob an\u00e1lise do procurador F\u00e1bio Loula, que tem um prazo de at\u00e9 30 dias para ingressar com uma a\u00e7\u00e3o na Justi\u00e7a ou optar pelo arquivamento do caso.<\/p>\n<p>O <em>G1 <\/em>tamb\u00e9m entrou em contato com o Minist\u00e9rio da Sa\u00fade, que informou que os dep\u00f3sitos s\u00e3o de responsabilidade da Caixa Econ\u00f4mica Federal. A Caixa, por sua vez, afirmou em nota que informa\u00e7\u00f5es sobre movimenta\u00e7\u00f5es financeiras s\u00e3o protegidas legalmente por sigilo banc\u00e1rio.<\/p>\n","protected":false},"excerpt":{"rendered":"<p>Um m\u00e9dico de Salvador, propriet\u00e1rio de uma cl\u00ednica que presta servi\u00e7o ao SUS, recebeu por engano na conta banc\u00e1ria da unidade de s\u00e1ude um dep\u00f3sito de quase R$ 1 milh\u00e3o, feito pelo Minist\u00e9rio da Sa\u00fade. Roberto Jacobino, dono da cl\u00ednica Lithocenter Hospital Dia, localizada no bairro da Gra\u00e7a, conta que o dep\u00f3sito foi feito em [&hellip;]<\/p>\n","protected":false},"author":1,"featured_media":31248,"comment_status":"open","ping_status":"closed","sticky":false,"template":"","format":"standard","meta":{"_acf_changed":false,"footnotes":""},"categories":[16],"tags":[],"class_list":["post-31247","post","type-post","status-publish","format-standard","has-post-thumbnail","hentry","category-brasil"],"acf":[],"yoast_head":"<!-- This site is optimized with the Yoast SEO plugin v27.2 - https:\/\/yoast.com\/product\/yoast-seo-wordpress\/ -->\n<title>M\u00e9dico recebe errado e devolve R$ 1 milh\u00e3o ao SUS - Notibras<\/title>\n<meta name=\"robots\" content=\"index, follow, max-snippet:-1, max-image-preview:large, max-video-preview:-1\" \/>\n<link rel=\"canonical\" href=\"https:\/\/www.notibras.com\/site\/medico-diz-que-recebeu-r-1-milhao-por-engano-do-ministerio-da-saude\/\" \/>\n<meta property=\"og:locale\" content=\"pt_BR\" \/>\n<meta property=\"og:type\" content=\"article\" \/>\n<meta property=\"og:title\" content=\"M\u00e9dico recebe errado e devolve R$ 1 milh\u00e3o ao SUS - Notibras\" \/>\n<meta property=\"og:description\" content=\"Um m\u00e9dico de Salvador, propriet\u00e1rio de uma cl\u00ednica que presta servi\u00e7o ao SUS, recebeu por engano na conta banc\u00e1ria da unidade de s\u00e1ude um dep\u00f3sito de quase R$ 1 milh\u00e3o, feito pelo Minist\u00e9rio da Sa\u00fade. Roberto Jacobino, dono da cl\u00ednica Lithocenter Hospital Dia, localizada no bairro da Gra\u00e7a, conta que o dep\u00f3sito foi feito em [&hellip;]\" \/>\n<meta property=\"og:url\" content=\"https:\/\/www.notibras.com\/site\/medico-diz-que-recebeu-r-1-milhao-por-engano-do-ministerio-da-saude\/\" \/>\n<meta property=\"og:site_name\" content=\"Notibras\" \/>\n<meta property=\"article:publisher\" content=\"https:\/\/www.facebook.com\/notibras\/\" \/>\n<meta property=\"article:published_time\" content=\"2014-12-15T21:58:59+00:00\" \/>\n<meta property=\"article:modified_time\" content=\"2014-12-16T02:10:35+00:00\" \/>\n<meta property=\"og:image\" content=\"https:\/\/www.notibras.com\/site\/wp-content\/uploads\/2014\/12\/extrato.jpg\" \/>\n\t<meta property=\"og:image:width\" content=\"620\" \/>\n\t<meta property=\"og:image:height\" content=\"465\" \/>\n\t<meta property=\"og:image:type\" content=\"image\/jpeg\" \/>\n<meta name=\"author\" content=\"Reda\u00e7\u00e3o\" \/>\n<meta name=\"twitter:card\" content=\"summary_large_image\" \/>\n<meta name=\"twitter:creator\" content=\"@Notibras\" \/>\n<meta name=\"twitter:site\" content=\"@Notibras\" \/>\n<meta name=\"twitter:label1\" content=\"Escrito por\" \/>\n\t<meta name=\"twitter:data1\" content=\"Reda\u00e7\u00e3o\" \/>\n\t<meta name=\"twitter:label2\" content=\"Est. tempo de leitura\" \/>\n\t<meta name=\"twitter:data2\" content=\"2 minutos\" \/>\n<script type=\"application\/ld+json\" class=\"yoast-schema-graph\">{\"@context\":\"https:\/\/schema.org\",\"@graph\":[{\"@type\":\"Article\",\"@id\":\"https:\/\/www.notibras.com\/site\/medico-diz-que-recebeu-r-1-milhao-por-engano-do-ministerio-da-saude\/#article\",\"isPartOf\":{\"@id\":\"https:\/\/www.notibras.com\/site\/medico-diz-que-recebeu-r-1-milhao-por-engano-do-ministerio-da-saude\/\"},\"author\":{\"name\":\"Reda\u00e7\u00e3o\",\"@id\":\"https:\/\/www.notibras.com\/site\/#\/schema\/person\/00b8e1aa08f9ef6563e878c5159d01cf\"},\"headline\":\"M\u00e9dico recebe errado e devolve R$ 1 milh\u00e3o ao SUS\",\"datePublished\":\"2014-12-15T21:58:59+00:00\",\"dateModified\":\"2014-12-16T02:10:35+00:00\",\"mainEntityOfPage\":{\"@id\":\"https:\/\/www.notibras.com\/site\/medico-diz-que-recebeu-r-1-milhao-por-engano-do-ministerio-da-saude\/\"},\"wordCount\":453,\"commentCount\":0,\"publisher\":{\"@id\":\"https:\/\/www.notibras.com\/site\/#organization\"},\"image\":{\"@id\":\"https:\/\/www.notibras.com\/site\/medico-diz-que-recebeu-r-1-milhao-por-engano-do-ministerio-da-saude\/#primaryimage\"},\"thumbnailUrl\":\"https:\/\/www.notibras.com\/site\/wp-content\/uploads\/2014\/12\/extrato.jpg\",\"articleSection\":[\"Brasil\"],\"inLanguage\":\"pt-BR\",\"potentialAction\":[{\"@type\":\"CommentAction\",\"name\":\"Comment\",\"target\":[\"https:\/\/www.notibras.com\/site\/medico-diz-que-recebeu-r-1-milhao-por-engano-do-ministerio-da-saude\/#respond\"]}]},{\"@type\":\"WebPage\",\"@id\":\"https:\/\/www.notibras.com\/site\/medico-diz-que-recebeu-r-1-milhao-por-engano-do-ministerio-da-saude\/\",\"url\":\"https:\/\/www.notibras.com\/site\/medico-diz-que-recebeu-r-1-milhao-por-engano-do-ministerio-da-saude\/\",\"name\":\"M\u00e9dico recebe errado e devolve R$ 1 milh\u00e3o ao SUS - Notibras\",\"isPartOf\":{\"@id\":\"https:\/\/www.notibras.com\/site\/#website\"},\"primaryImageOfPage\":{\"@id\":\"https:\/\/www.notibras.com\/site\/medico-diz-que-recebeu-r-1-milhao-por-engano-do-ministerio-da-saude\/#primaryimage\"},\"image\":{\"@id\":\"https:\/\/www.notibras.com\/site\/medico-diz-que-recebeu-r-1-milhao-por-engano-do-ministerio-da-saude\/#primaryimage\"},\"thumbnailUrl\":\"https:\/\/www.notibras.com\/site\/wp-content\/uploads\/2014\/12\/extrato.jpg\",\"datePublished\":\"2014-12-15T21:58:59+00:00\",\"dateModified\":\"2014-12-16T02:10:35+00:00\",\"breadcrumb\":{\"@id\":\"https:\/\/www.notibras.com\/site\/medico-diz-que-recebeu-r-1-milhao-por-engano-do-ministerio-da-saude\/#breadcrumb\"},\"inLanguage\":\"pt-BR\",\"potentialAction\":[{\"@type\":\"ReadAction\",\"target\":[\"https:\/\/www.notibras.com\/site\/medico-diz-que-recebeu-r-1-milhao-por-engano-do-ministerio-da-saude\/\"]}]},{\"@type\":\"ImageObject\",\"inLanguage\":\"pt-BR\",\"@id\":\"https:\/\/www.notibras.com\/site\/medico-diz-que-recebeu-r-1-milhao-por-engano-do-ministerio-da-saude\/#primaryimage\",\"url\":\"https:\/\/www.notibras.com\/site\/wp-content\/uploads\/2014\/12\/extrato.jpg\",\"contentUrl\":\"https:\/\/www.notibras.com\/site\/wp-content\/uploads\/2014\/12\/extrato.jpg\",\"width\":620,\"height\":465},{\"@type\":\"BreadcrumbList\",\"@id\":\"https:\/\/www.notibras.com\/site\/medico-diz-que-recebeu-r-1-milhao-por-engano-do-ministerio-da-saude\/#breadcrumb\",\"itemListElement\":[{\"@type\":\"ListItem\",\"position\":1,\"name\":\"In\u00edcio\",\"item\":\"https:\/\/www.notibras.com\/site\/\"},{\"@type\":\"ListItem\",\"position\":2,\"name\":\"M\u00e9dico recebe errado e devolve R$ 1 milh\u00e3o ao SUS\"}]},{\"@type\":\"WebSite\",\"@id\":\"https:\/\/www.notibras.com\/site\/#website\",\"url\":\"https:\/\/www.notibras.com\/site\/\",\"name\":\"Notibras\",\"description\":\"Not\u00edcias de Bras\u00edlia, do Brasil e do Mundo\",\"publisher\":{\"@id\":\"https:\/\/www.notibras.com\/site\/#organization\"},\"potentialAction\":[{\"@type\":\"SearchAction\",\"target\":{\"@type\":\"EntryPoint\",\"urlTemplate\":\"https:\/\/www.notibras.com\/site\/?s={search_term_string}\"},\"query-input\":{\"@type\":\"PropertyValueSpecification\",\"valueRequired\":true,\"valueName\":\"search_term_string\"}}],\"inLanguage\":\"pt-BR\"},{\"@type\":\"Organization\",\"@id\":\"https:\/\/www.notibras.com\/site\/#organization\",\"name\":\"Grupo Notibras de Comunica\u00e7\u00e3o\",\"url\":\"https:\/\/www.notibras.com\/site\/\",\"logo\":{\"@type\":\"ImageObject\",\"inLanguage\":\"pt-BR\",\"@id\":\"https:\/\/www.notibras.com\/site\/#\/schema\/logo\/image\/\",\"url\":\"https:\/\/www.notibras.com\/site\/wp-content\/uploads\/2023\/01\/notibras23.png\",\"contentUrl\":\"https:\/\/www.notibras.com\/site\/wp-content\/uploads\/2023\/01\/notibras23.png\",\"width\":350,\"height\":87,\"caption\":\"Grupo Notibras de Comunica\u00e7\u00e3o\"},\"image\":{\"@id\":\"https:\/\/www.notibras.com\/site\/#\/schema\/logo\/image\/\"},\"sameAs\":[\"https:\/\/www.facebook.com\/notibras\/\",\"https:\/\/x.com\/Notibras\",\"https:\/\/www.instagram.com\/notibras\/\"]},{\"@type\":\"Person\",\"@id\":\"https:\/\/www.notibras.com\/site\/#\/schema\/person\/00b8e1aa08f9ef6563e878c5159d01cf\",\"name\":\"Reda\u00e7\u00e3o\",\"image\":{\"@type\":\"ImageObject\",\"inLanguage\":\"pt-BR\",\"@id\":\"https:\/\/secure.gravatar.com\/avatar\/ac5a707d5b47784a5ed426c6e213e201423c750890f64e4c379114dade67dfb9?s=96&d=mm&r=g\",\"url\":\"https:\/\/secure.gravatar.com\/avatar\/ac5a707d5b47784a5ed426c6e213e201423c750890f64e4c379114dade67dfb9?s=96&d=mm&r=g\",\"contentUrl\":\"https:\/\/secure.gravatar.com\/avatar\/ac5a707d5b47784a5ed426c6e213e201423c750890f64e4c379114dade67dfb9?s=96&d=mm&r=g\",\"caption\":\"Reda\u00e7\u00e3o\"}}]}<\/script>\n<!-- \/ Yoast SEO plugin. -->","yoast_head_json":{"title":"M\u00e9dico recebe errado e devolve R$ 1 milh\u00e3o ao SUS - Notibras","robots":{"index":"index","follow":"follow","max-snippet":"max-snippet:-1","max-image-preview":"max-image-preview:large","max-video-preview":"max-video-preview:-1"},"canonical":"https:\/\/www.notibras.com\/site\/medico-diz-que-recebeu-r-1-milhao-por-engano-do-ministerio-da-saude\/","og_locale":"pt_BR","og_type":"article","og_title":"M\u00e9dico recebe errado e devolve R$ 1 milh\u00e3o ao SUS - Notibras","og_description":"Um m\u00e9dico de Salvador, propriet\u00e1rio de uma cl\u00ednica que presta servi\u00e7o ao SUS, recebeu por engano na conta banc\u00e1ria da unidade de s\u00e1ude um dep\u00f3sito de quase R$ 1 milh\u00e3o, feito pelo Minist\u00e9rio da Sa\u00fade. Roberto Jacobino, dono da cl\u00ednica Lithocenter Hospital Dia, localizada no bairro da Gra\u00e7a, conta que o dep\u00f3sito foi feito em [&hellip;]","og_url":"https:\/\/www.notibras.com\/site\/medico-diz-que-recebeu-r-1-milhao-por-engano-do-ministerio-da-saude\/","og_site_name":"Notibras","article_publisher":"https:\/\/www.facebook.com\/notibras\/","article_published_time":"2014-12-15T21:58:59+00:00","article_modified_time":"2014-12-16T02:10:35+00:00","og_image":[{"width":620,"height":465,"url":"https:\/\/www.notibras.com\/site\/wp-content\/uploads\/2014\/12\/extrato.jpg","type":"image\/jpeg"}],"author":"Reda\u00e7\u00e3o","twitter_card":"summary_large_image","twitter_creator":"@Notibras","twitter_site":"@Notibras","twitter_misc":{"Escrito por":"Reda\u00e7\u00e3o","Est. tempo de leitura":"2 minutos"},"schema":{"@context":"https:\/\/schema.org","@graph":[{"@type":"Article","@id":"https:\/\/www.notibras.com\/site\/medico-diz-que-recebeu-r-1-milhao-por-engano-do-ministerio-da-saude\/#article","isPartOf":{"@id":"https:\/\/www.notibras.com\/site\/medico-diz-que-recebeu-r-1-milhao-por-engano-do-ministerio-da-saude\/"},"author":{"name":"Reda\u00e7\u00e3o","@id":"https:\/\/www.notibras.com\/site\/#\/schema\/person\/00b8e1aa08f9ef6563e878c5159d01cf"},"headline":"M\u00e9dico recebe errado e devolve R$ 1 milh\u00e3o ao SUS","datePublished":"2014-12-15T21:58:59+00:00","dateModified":"2014-12-16T02:10:35+00:00","mainEntityOfPage":{"@id":"https:\/\/www.notibras.com\/site\/medico-diz-que-recebeu-r-1-milhao-por-engano-do-ministerio-da-saude\/"},"wordCount":453,"commentCount":0,"publisher":{"@id":"https:\/\/www.notibras.com\/site\/#organization"},"image":{"@id":"https:\/\/www.notibras.com\/site\/medico-diz-que-recebeu-r-1-milhao-por-engano-do-ministerio-da-saude\/#primaryimage"},"thumbnailUrl":"https:\/\/www.notibras.com\/site\/wp-content\/uploads\/2014\/12\/extrato.jpg","articleSection":["Brasil"],"inLanguage":"pt-BR","potentialAction":[{"@type":"CommentAction","name":"Comment","target":["https:\/\/www.notibras.com\/site\/medico-diz-que-recebeu-r-1-milhao-por-engano-do-ministerio-da-saude\/#respond"]}]},{"@type":"WebPage","@id":"https:\/\/www.notibras.com\/site\/medico-diz-que-recebeu-r-1-milhao-por-engano-do-ministerio-da-saude\/","url":"https:\/\/www.notibras.com\/site\/medico-diz-que-recebeu-r-1-milhao-por-engano-do-ministerio-da-saude\/","name":"M\u00e9dico recebe errado e devolve R$ 1 milh\u00e3o ao SUS - Notibras","isPartOf":{"@id":"https:\/\/www.notibras.com\/site\/#website"},"primaryImageOfPage":{"@id":"https:\/\/www.notibras.com\/site\/medico-diz-que-recebeu-r-1-milhao-por-engano-do-ministerio-da-saude\/#primaryimage"},"image":{"@id":"https:\/\/www.notibras.com\/site\/medico-diz-que-recebeu-r-1-milhao-por-engano-do-ministerio-da-saude\/#primaryimage"},"thumbnailUrl":"https:\/\/www.notibras.com\/site\/wp-content\/uploads\/2014\/12\/extrato.jpg","datePublished":"2014-12-15T21:58:59+00:00","dateModified":"2014-12-16T02:10:35+00:00","breadcrumb":{"@id":"https:\/\/www.notibras.com\/site\/medico-diz-que-recebeu-r-1-milhao-por-engano-do-ministerio-da-saude\/#breadcrumb"},"inLanguage":"pt-BR","potentialAction":[{"@type":"ReadAction","target":["https:\/\/www.notibras.com\/site\/medico-diz-que-recebeu-r-1-milhao-por-engano-do-ministerio-da-saude\/"]}]},{"@type":"ImageObject","inLanguage":"pt-BR","@id":"https:\/\/www.notibras.com\/site\/medico-diz-que-recebeu-r-1-milhao-por-engano-do-ministerio-da-saude\/#primaryimage","url":"https:\/\/www.notibras.com\/site\/wp-content\/uploads\/2014\/12\/extrato.jpg","contentUrl":"https:\/\/www.notibras.com\/site\/wp-content\/uploads\/2014\/12\/extrato.jpg","width":620,"height":465},{"@type":"BreadcrumbList","@id":"https:\/\/www.notibras.com\/site\/medico-diz-que-recebeu-r-1-milhao-por-engano-do-ministerio-da-saude\/#breadcrumb","itemListElement":[{"@type":"ListItem","position":1,"name":"In\u00edcio","item":"https:\/\/www.notibras.com\/site\/"},{"@type":"ListItem","position":2,"name":"M\u00e9dico recebe errado e devolve R$ 1 milh\u00e3o ao SUS"}]},{"@type":"WebSite","@id":"https:\/\/www.notibras.com\/site\/#website","url":"https:\/\/www.notibras.com\/site\/","name":"Notibras","description":"Not\u00edcias de Bras\u00edlia, do Brasil e do Mundo","publisher":{"@id":"https:\/\/www.notibras.com\/site\/#organization"},"potentialAction":[{"@type":"SearchAction","target":{"@type":"EntryPoint","urlTemplate":"https:\/\/www.notibras.com\/site\/?s={search_term_string}"},"query-input":{"@type":"PropertyValueSpecification","valueRequired":true,"valueName":"search_term_string"}}],"inLanguage":"pt-BR"},{"@type":"Organization","@id":"https:\/\/www.notibras.com\/site\/#organization","name":"Grupo Notibras de Comunica\u00e7\u00e3o","url":"https:\/\/www.notibras.com\/site\/","logo":{"@type":"ImageObject","inLanguage":"pt-BR","@id":"https:\/\/www.notibras.com\/site\/#\/schema\/logo\/image\/","url":"https:\/\/www.notibras.com\/site\/wp-content\/uploads\/2023\/01\/notibras23.png","contentUrl":"https:\/\/www.notibras.com\/site\/wp-content\/uploads\/2023\/01\/notibras23.png","width":350,"height":87,"caption":"Grupo Notibras de Comunica\u00e7\u00e3o"},"image":{"@id":"https:\/\/www.notibras.com\/site\/#\/schema\/logo\/image\/"},"sameAs":["https:\/\/www.facebook.com\/notibras\/","https:\/\/x.com\/Notibras","https:\/\/www.instagram.com\/notibras\/"]},{"@type":"Person","@id":"https:\/\/www.notibras.com\/site\/#\/schema\/person\/00b8e1aa08f9ef6563e878c5159d01cf","name":"Reda\u00e7\u00e3o","image":{"@type":"ImageObject","inLanguage":"pt-BR","@id":"https:\/\/secure.gravatar.com\/avatar\/ac5a707d5b47784a5ed426c6e213e201423c750890f64e4c379114dade67dfb9?s=96&d=mm&r=g","url":"https:\/\/secure.gravatar.com\/avatar\/ac5a707d5b47784a5ed426c6e213e201423c750890f64e4c379114dade67dfb9?s=96&d=mm&r=g","contentUrl":"https:\/\/secure.gravatar.com\/avatar\/ac5a707d5b47784a5ed426c6e213e201423c750890f64e4c379114dade67dfb9?s=96&d=mm&r=g","caption":"Reda\u00e7\u00e3o"}}]}},"amp_enabled":true,"_links":{"self":[{"href":"https:\/\/www.notibras.com\/site\/wp-json\/wp\/v2\/posts\/31247","targetHints":{"allow":["GET"]}}],"collection":[{"href":"https:\/\/www.notibras.com\/site\/wp-json\/wp\/v2\/posts"}],"about":[{"href":"https:\/\/www.notibras.com\/site\/wp-json\/wp\/v2\/types\/post"}],"author":[{"embeddable":true,"href":"https:\/\/www.notibras.com\/site\/wp-json\/wp\/v2\/users\/1"}],"replies":[{"embeddable":true,"href":"https:\/\/www.notibras.com\/site\/wp-json\/wp\/v2\/comments?post=31247"}],"version-history":[{"count":0,"href":"https:\/\/www.notibras.com\/site\/wp-json\/wp\/v2\/posts\/31247\/revisions"}],"wp:featuredmedia":[{"embeddable":true,"href":"https:\/\/www.notibras.com\/site\/wp-json\/wp\/v2\/media\/31248"}],"wp:attachment":[{"href":"https:\/\/www.notibras.com\/site\/wp-json\/wp\/v2\/media?parent=31247"}],"wp:term":[{"taxonomy":"category","embeddable":true,"href":"https:\/\/www.notibras.com\/site\/wp-json\/wp\/v2\/categories?post=31247"},{"taxonomy":"post_tag","embeddable":true,"href":"https:\/\/www.notibras.com\/site\/wp-json\/wp\/v2\/tags?post=31247"}],"curies":[{"name":"wp","href":"https:\/\/api.w.org\/{rel}","templated":true}]}}