{"id":312472,"date":"2023-09-09T06:49:23","date_gmt":"2023-09-09T09:49:23","guid":{"rendered":"https:\/\/www.notibras.com\/site\/?p=312472"},"modified":"2023-09-09T07:04:55","modified_gmt":"2023-09-09T10:04:55","slug":"pelo-de-cachorro-desfaz-tristeza-de-bolso-vazio","status":"publish","type":"post","link":"https:\/\/www.notibras.com\/site\/pelo-de-cachorro-desfaz-tristeza-de-bolso-vazio\/","title":{"rendered":"Pelo de cachorro desfaz tristeza de bolso vazio"},"content":{"rendered":"<p>Jo\u00e3o havia nascido em uma fam\u00edlia pobre. Todos eram pobres, alguns at\u00e9 muito pobres. Ele tamb\u00e9m cresceu nessa fam\u00edlia pobre, j\u00e1 que ningu\u00e9m conquistou muitos degraus na escalada para a fortuna. Uma prima, bem distante, teria conseguido um emprego em uma reparti\u00e7\u00e3o p\u00fablica. Todavia, Jo\u00e3o nem a conhecia, s\u00f3 ouvira falar. Talvez, ele pensasse, essa prima fosse apenas inven\u00e7\u00e3o da fam\u00edlia para se apegar a uma esperan\u00e7a, mesmo que inalcan\u00e7\u00e1vel.<\/p>\n<p>&#8211; Larga esse cachorro, Jo\u00e3o! Olha a sua roupa cheia de pelo!<\/p>\n<p>O menino n\u00e3o tinha coragem de encarar a m\u00e3e, abaixava a cabe\u00e7a e a torcia levemente para encontrar os acolhedores olhos da av\u00f3, sentada ao fundo em uma cadeira com um \u00faltimo peda\u00e7o de p\u00e3o dan\u00e7ando na boca vazia de dentes. A velha, com um leve gesto da sua face enrugada, levava aconchego ao cora\u00e7\u00e3o do menino.<\/p>\n<p>Jo\u00e3o ia para a escola logo cedo, voltava com a barriga roncando na hora do almo\u00e7o. Nem isso o impedia de gastar alguns minutos no quintal com o Popoco, o cachorro da fam\u00edlia. Esse tempo o distra\u00eda tanto, que nem mais se lembrava da fome que sentiu durante a \u00faltima aula.<\/p>\n<p>&#8211; Larga esse cachorro, Jo\u00e3o! Vai lavar as m\u00e3os pra comer!<\/p>\n<p>Ele obedecia, mas n\u00e3o antes de segurar, com suas m\u00e3os encardidas, a cabe\u00e7a do Popoco e lhe dizer: &#8220;Depois a gente brinca mais&#8221;.<\/p>\n<p>O tempo passou depressa, o Popoco, j\u00e1 praticamente sem dentes como a av\u00f3, ainda esperava pelo Jo\u00e3o voltar para casa. Os dois passavam algum tempo juntos, mas n\u00e3o tanto como nos idos de crian\u00e7a. As m\u00e3os do Jo\u00e3o, agora grandes, continuavam a segurar a cabe\u00e7a do Popoco: &#8220;Depois a gente brinca mais&#8221;.<\/p>\n<p>A av\u00f3 e o Popoco n\u00e3o tardaram para deixarem aquela fam\u00edlia. Isso aconteceu praticamente na mesma \u00e9poca. O Jo\u00e3o, de uma s\u00f3 vez, havia perdido o seu companheiro de travessuras de longa data e aqueles olhos que sempre apaziguaram as ang\u00fastias do seu cora\u00e7\u00e3o.<\/p>\n<p>Jo\u00e3o conheceu Aurora, que trabalhava praticamente ao seu lado. Os dois sa\u00edram algumas vezes e, poucos meses ap\u00f3s, j\u00e1 estavam morando juntos. A mo\u00e7a ficou gr\u00e1vida da Maria, que nasceu logo no in\u00edcio de mar\u00e7o. N\u00e3o tardou, a menina j\u00e1 corria pelo quintal, o mesmo quintal em que, certa \u00e9poca, o Popoco e o Jo\u00e3o tamb\u00e9m se divertiram.<\/p>\n<p>Foi num fim de tarde de uma sexta-feira em que aquela bolinha de pelos chegou nos bra\u00e7os do Jo\u00e3o. Maria correu para ver o que era aquela coisa que se mexia nas m\u00e3os do pai. A menina e o cachorrinho criaram uma conex\u00e3o logo de cara. Passaram a brincar todos os dias no quintal.<\/p>\n<p>&#8211; Larga esse cachorro, Maria! Vai lavar as m\u00e3os pra comer! &#8211; dizia a m\u00e3e.<\/p>\n<p>A menina buscava os olhos do pai, que lhe sorria. Ele sabia, como a sua av\u00f3 um dia lhe contou com o seu olhar: H\u00e1 dois tipos de pessoas no mundo: as infelizes e aquelas que t\u00eam pelos na roupa.<\/p>\n","protected":false},"excerpt":{"rendered":"<p>Jo\u00e3o havia nascido em uma fam\u00edlia pobre. Todos eram pobres, alguns at\u00e9 muito pobres. Ele tamb\u00e9m cresceu nessa fam\u00edlia pobre, j\u00e1 que ningu\u00e9m conquistou muitos degraus na escalada para a fortuna. Uma prima, bem distante, teria conseguido um emprego em uma reparti\u00e7\u00e3o p\u00fablica. Todavia, Jo\u00e3o nem a conhecia, s\u00f3 ouvira falar. Talvez, ele pensasse, essa [&hellip;]<\/p>\n","protected":false},"author":2,"featured_media":312473,"comment_status":"closed","ping_status":"closed","sticky":false,"template":"","format":"standard","meta":{"_acf_changed":false,"footnotes":""},"categories":[161],"tags":[],"class_list":["post-312472","post","type-post","status-publish","format-standard","has-post-thumbnail","hentry","category-quadradinho-em-foco"],"acf":[],"yoast_head":"<!-- This site is optimized with the Yoast SEO plugin v27.2 - https:\/\/yoast.com\/product\/yoast-seo-wordpress\/ -->\n<title>Pelo de cachorro desfaz tristeza de bolso vazio - Notibras<\/title>\n<meta name=\"robots\" content=\"index, follow, max-snippet:-1, max-image-preview:large, max-video-preview:-1\" \/>\n<link rel=\"canonical\" href=\"https:\/\/www.notibras.com\/site\/pelo-de-cachorro-desfaz-tristeza-de-bolso-vazio\/\" \/>\n<meta property=\"og:locale\" content=\"pt_BR\" \/>\n<meta property=\"og:type\" content=\"article\" \/>\n<meta property=\"og:title\" content=\"Pelo de cachorro desfaz tristeza de bolso vazio - Notibras\" \/>\n<meta property=\"og:description\" content=\"Jo\u00e3o havia nascido em uma fam\u00edlia pobre. Todos eram pobres, alguns at\u00e9 muito pobres. Ele tamb\u00e9m cresceu nessa fam\u00edlia pobre, j\u00e1 que ningu\u00e9m conquistou muitos degraus na escalada para a fortuna. Uma prima, bem distante, teria conseguido um emprego em uma reparti\u00e7\u00e3o p\u00fablica. Todavia, Jo\u00e3o nem a conhecia, s\u00f3 ouvira falar. Talvez, ele pensasse, essa [&hellip;]\" \/>\n<meta property=\"og:url\" content=\"https:\/\/www.notibras.com\/site\/pelo-de-cachorro-desfaz-tristeza-de-bolso-vazio\/\" \/>\n<meta property=\"og:site_name\" content=\"Notibras\" \/>\n<meta property=\"article:publisher\" content=\"https:\/\/www.facebook.com\/notibras\/\" \/>\n<meta property=\"article:published_time\" content=\"2023-09-09T09:49:23+00:00\" \/>\n<meta property=\"article:modified_time\" content=\"2023-09-09T10:04:55+00:00\" \/>\n<meta property=\"og:image\" content=\"https:\/\/www.notibras.com\/site\/wp-content\/uploads\/2023\/09\/dudufotos.jpg\" \/>\n\t<meta property=\"og:image:width\" content=\"1320\" \/>\n\t<meta property=\"og:image:height\" content=\"990\" \/>\n\t<meta property=\"og:image:type\" content=\"image\/jpeg\" \/>\n<meta name=\"author\" content=\"Reda\u00e7\u00e3o\" \/>\n<meta name=\"twitter:card\" content=\"summary_large_image\" \/>\n<meta name=\"twitter:creator\" content=\"@Notibras\" \/>\n<meta name=\"twitter:site\" content=\"@Notibras\" \/>\n<meta name=\"twitter:label1\" content=\"Escrito por\" \/>\n\t<meta name=\"twitter:data1\" content=\"Reda\u00e7\u00e3o\" \/>\n\t<meta name=\"twitter:label2\" content=\"Est. tempo de leitura\" \/>\n\t<meta name=\"twitter:data2\" content=\"3 minutos\" \/>\n<script type=\"application\/ld+json\" class=\"yoast-schema-graph\">{\"@context\":\"https:\/\/schema.org\",\"@graph\":[{\"@type\":\"Article\",\"@id\":\"https:\/\/www.notibras.com\/site\/pelo-de-cachorro-desfaz-tristeza-de-bolso-vazio\/#article\",\"isPartOf\":{\"@id\":\"https:\/\/www.notibras.com\/site\/pelo-de-cachorro-desfaz-tristeza-de-bolso-vazio\/\"},\"author\":{\"name\":\"Reda\u00e7\u00e3o\",\"@id\":\"https:\/\/www.notibras.com\/site\/#\/schema\/person\/36ab0979449956132d3e5b517ea76ac8\"},\"headline\":\"Pelo de cachorro desfaz tristeza de bolso vazio\",\"datePublished\":\"2023-09-09T09:49:23+00:00\",\"dateModified\":\"2023-09-09T10:04:55+00:00\",\"mainEntityOfPage\":{\"@id\":\"https:\/\/www.notibras.com\/site\/pelo-de-cachorro-desfaz-tristeza-de-bolso-vazio\/\"},\"wordCount\":552,\"publisher\":{\"@id\":\"https:\/\/www.notibras.com\/site\/#organization\"},\"image\":{\"@id\":\"https:\/\/www.notibras.com\/site\/pelo-de-cachorro-desfaz-tristeza-de-bolso-vazio\/#primaryimage\"},\"thumbnailUrl\":\"https:\/\/www.notibras.com\/site\/wp-content\/uploads\/2023\/09\/dudufotos.jpg\",\"articleSection\":[\"Quadradinho em Foco\"],\"inLanguage\":\"pt-BR\"},{\"@type\":\"WebPage\",\"@id\":\"https:\/\/www.notibras.com\/site\/pelo-de-cachorro-desfaz-tristeza-de-bolso-vazio\/\",\"url\":\"https:\/\/www.notibras.com\/site\/pelo-de-cachorro-desfaz-tristeza-de-bolso-vazio\/\",\"name\":\"Pelo de cachorro desfaz tristeza de bolso vazio - Notibras\",\"isPartOf\":{\"@id\":\"https:\/\/www.notibras.com\/site\/#website\"},\"primaryImageOfPage\":{\"@id\":\"https:\/\/www.notibras.com\/site\/pelo-de-cachorro-desfaz-tristeza-de-bolso-vazio\/#primaryimage\"},\"image\":{\"@id\":\"https:\/\/www.notibras.com\/site\/pelo-de-cachorro-desfaz-tristeza-de-bolso-vazio\/#primaryimage\"},\"thumbnailUrl\":\"https:\/\/www.notibras.com\/site\/wp-content\/uploads\/2023\/09\/dudufotos.jpg\",\"datePublished\":\"2023-09-09T09:49:23+00:00\",\"dateModified\":\"2023-09-09T10:04:55+00:00\",\"breadcrumb\":{\"@id\":\"https:\/\/www.notibras.com\/site\/pelo-de-cachorro-desfaz-tristeza-de-bolso-vazio\/#breadcrumb\"},\"inLanguage\":\"pt-BR\",\"potentialAction\":[{\"@type\":\"ReadAction\",\"target\":[\"https:\/\/www.notibras.com\/site\/pelo-de-cachorro-desfaz-tristeza-de-bolso-vazio\/\"]}]},{\"@type\":\"ImageObject\",\"inLanguage\":\"pt-BR\",\"@id\":\"https:\/\/www.notibras.com\/site\/pelo-de-cachorro-desfaz-tristeza-de-bolso-vazio\/#primaryimage\",\"url\":\"https:\/\/www.notibras.com\/site\/wp-content\/uploads\/2023\/09\/dudufotos.jpg\",\"contentUrl\":\"https:\/\/www.notibras.com\/site\/wp-content\/uploads\/2023\/09\/dudufotos.jpg\",\"width\":1320,\"height\":990},{\"@type\":\"BreadcrumbList\",\"@id\":\"https:\/\/www.notibras.com\/site\/pelo-de-cachorro-desfaz-tristeza-de-bolso-vazio\/#breadcrumb\",\"itemListElement\":[{\"@type\":\"ListItem\",\"position\":1,\"name\":\"In\u00edcio\",\"item\":\"https:\/\/www.notibras.com\/site\/\"},{\"@type\":\"ListItem\",\"position\":2,\"name\":\"Pelo de cachorro desfaz tristeza de bolso vazio\"}]},{\"@type\":\"WebSite\",\"@id\":\"https:\/\/www.notibras.com\/site\/#website\",\"url\":\"https:\/\/www.notibras.com\/site\/\",\"name\":\"Notibras\",\"description\":\"Not\u00edcias de Bras\u00edlia, do Brasil e do Mundo\",\"publisher\":{\"@id\":\"https:\/\/www.notibras.com\/site\/#organization\"},\"potentialAction\":[{\"@type\":\"SearchAction\",\"target\":{\"@type\":\"EntryPoint\",\"urlTemplate\":\"https:\/\/www.notibras.com\/site\/?s={search_term_string}\"},\"query-input\":{\"@type\":\"PropertyValueSpecification\",\"valueRequired\":true,\"valueName\":\"search_term_string\"}}],\"inLanguage\":\"pt-BR\"},{\"@type\":\"Organization\",\"@id\":\"https:\/\/www.notibras.com\/site\/#organization\",\"name\":\"Grupo Notibras de Comunica\u00e7\u00e3o\",\"url\":\"https:\/\/www.notibras.com\/site\/\",\"logo\":{\"@type\":\"ImageObject\",\"inLanguage\":\"pt-BR\",\"@id\":\"https:\/\/www.notibras.com\/site\/#\/schema\/logo\/image\/\",\"url\":\"https:\/\/www.notibras.com\/site\/wp-content\/uploads\/2023\/01\/notibras23.png\",\"contentUrl\":\"https:\/\/www.notibras.com\/site\/wp-content\/uploads\/2023\/01\/notibras23.png\",\"width\":350,\"height\":87,\"caption\":\"Grupo Notibras de Comunica\u00e7\u00e3o\"},\"image\":{\"@id\":\"https:\/\/www.notibras.com\/site\/#\/schema\/logo\/image\/\"},\"sameAs\":[\"https:\/\/www.facebook.com\/notibras\/\",\"https:\/\/x.com\/Notibras\",\"https:\/\/www.instagram.com\/notibras\/\"]},{\"@type\":\"Person\",\"@id\":\"https:\/\/www.notibras.com\/site\/#\/schema\/person\/36ab0979449956132d3e5b517ea76ac8\",\"name\":\"Reda\u00e7\u00e3o\",\"image\":{\"@type\":\"ImageObject\",\"inLanguage\":\"pt-BR\",\"@id\":\"https:\/\/secure.gravatar.com\/avatar\/e0a867bdedb85fd243eadf09663511f96fc81e0720a4a42581f334ad4303aa6b?s=96&d=mm&r=g\",\"url\":\"https:\/\/secure.gravatar.com\/avatar\/e0a867bdedb85fd243eadf09663511f96fc81e0720a4a42581f334ad4303aa6b?s=96&d=mm&r=g\",\"contentUrl\":\"https:\/\/secure.gravatar.com\/avatar\/e0a867bdedb85fd243eadf09663511f96fc81e0720a4a42581f334ad4303aa6b?s=96&d=mm&r=g\",\"caption\":\"Reda\u00e7\u00e3o\"}}]}<\/script>\n<!-- \/ Yoast SEO plugin. -->","yoast_head_json":{"title":"Pelo de cachorro desfaz tristeza de bolso vazio - Notibras","robots":{"index":"index","follow":"follow","max-snippet":"max-snippet:-1","max-image-preview":"max-image-preview:large","max-video-preview":"max-video-preview:-1"},"canonical":"https:\/\/www.notibras.com\/site\/pelo-de-cachorro-desfaz-tristeza-de-bolso-vazio\/","og_locale":"pt_BR","og_type":"article","og_title":"Pelo de cachorro desfaz tristeza de bolso vazio - Notibras","og_description":"Jo\u00e3o havia nascido em uma fam\u00edlia pobre. Todos eram pobres, alguns at\u00e9 muito pobres. Ele tamb\u00e9m cresceu nessa fam\u00edlia pobre, j\u00e1 que ningu\u00e9m conquistou muitos degraus na escalada para a fortuna. Uma prima, bem distante, teria conseguido um emprego em uma reparti\u00e7\u00e3o p\u00fablica. Todavia, Jo\u00e3o nem a conhecia, s\u00f3 ouvira falar. Talvez, ele pensasse, essa [&hellip;]","og_url":"https:\/\/www.notibras.com\/site\/pelo-de-cachorro-desfaz-tristeza-de-bolso-vazio\/","og_site_name":"Notibras","article_publisher":"https:\/\/www.facebook.com\/notibras\/","article_published_time":"2023-09-09T09:49:23+00:00","article_modified_time":"2023-09-09T10:04:55+00:00","og_image":[{"width":1320,"height":990,"url":"https:\/\/www.notibras.com\/site\/wp-content\/uploads\/2023\/09\/dudufotos.jpg","type":"image\/jpeg"}],"author":"Reda\u00e7\u00e3o","twitter_card":"summary_large_image","twitter_creator":"@Notibras","twitter_site":"@Notibras","twitter_misc":{"Escrito por":"Reda\u00e7\u00e3o","Est. tempo de leitura":"3 minutos"},"schema":{"@context":"https:\/\/schema.org","@graph":[{"@type":"Article","@id":"https:\/\/www.notibras.com\/site\/pelo-de-cachorro-desfaz-tristeza-de-bolso-vazio\/#article","isPartOf":{"@id":"https:\/\/www.notibras.com\/site\/pelo-de-cachorro-desfaz-tristeza-de-bolso-vazio\/"},"author":{"name":"Reda\u00e7\u00e3o","@id":"https:\/\/www.notibras.com\/site\/#\/schema\/person\/36ab0979449956132d3e5b517ea76ac8"},"headline":"Pelo de cachorro desfaz tristeza de bolso vazio","datePublished":"2023-09-09T09:49:23+00:00","dateModified":"2023-09-09T10:04:55+00:00","mainEntityOfPage":{"@id":"https:\/\/www.notibras.com\/site\/pelo-de-cachorro-desfaz-tristeza-de-bolso-vazio\/"},"wordCount":552,"publisher":{"@id":"https:\/\/www.notibras.com\/site\/#organization"},"image":{"@id":"https:\/\/www.notibras.com\/site\/pelo-de-cachorro-desfaz-tristeza-de-bolso-vazio\/#primaryimage"},"thumbnailUrl":"https:\/\/www.notibras.com\/site\/wp-content\/uploads\/2023\/09\/dudufotos.jpg","articleSection":["Quadradinho em Foco"],"inLanguage":"pt-BR"},{"@type":"WebPage","@id":"https:\/\/www.notibras.com\/site\/pelo-de-cachorro-desfaz-tristeza-de-bolso-vazio\/","url":"https:\/\/www.notibras.com\/site\/pelo-de-cachorro-desfaz-tristeza-de-bolso-vazio\/","name":"Pelo de cachorro desfaz tristeza de bolso vazio - Notibras","isPartOf":{"@id":"https:\/\/www.notibras.com\/site\/#website"},"primaryImageOfPage":{"@id":"https:\/\/www.notibras.com\/site\/pelo-de-cachorro-desfaz-tristeza-de-bolso-vazio\/#primaryimage"},"image":{"@id":"https:\/\/www.notibras.com\/site\/pelo-de-cachorro-desfaz-tristeza-de-bolso-vazio\/#primaryimage"},"thumbnailUrl":"https:\/\/www.notibras.com\/site\/wp-content\/uploads\/2023\/09\/dudufotos.jpg","datePublished":"2023-09-09T09:49:23+00:00","dateModified":"2023-09-09T10:04:55+00:00","breadcrumb":{"@id":"https:\/\/www.notibras.com\/site\/pelo-de-cachorro-desfaz-tristeza-de-bolso-vazio\/#breadcrumb"},"inLanguage":"pt-BR","potentialAction":[{"@type":"ReadAction","target":["https:\/\/www.notibras.com\/site\/pelo-de-cachorro-desfaz-tristeza-de-bolso-vazio\/"]}]},{"@type":"ImageObject","inLanguage":"pt-BR","@id":"https:\/\/www.notibras.com\/site\/pelo-de-cachorro-desfaz-tristeza-de-bolso-vazio\/#primaryimage","url":"https:\/\/www.notibras.com\/site\/wp-content\/uploads\/2023\/09\/dudufotos.jpg","contentUrl":"https:\/\/www.notibras.com\/site\/wp-content\/uploads\/2023\/09\/dudufotos.jpg","width":1320,"height":990},{"@type":"BreadcrumbList","@id":"https:\/\/www.notibras.com\/site\/pelo-de-cachorro-desfaz-tristeza-de-bolso-vazio\/#breadcrumb","itemListElement":[{"@type":"ListItem","position":1,"name":"In\u00edcio","item":"https:\/\/www.notibras.com\/site\/"},{"@type":"ListItem","position":2,"name":"Pelo de cachorro desfaz tristeza de bolso vazio"}]},{"@type":"WebSite","@id":"https:\/\/www.notibras.com\/site\/#website","url":"https:\/\/www.notibras.com\/site\/","name":"Notibras","description":"Not\u00edcias de Bras\u00edlia, do Brasil e do Mundo","publisher":{"@id":"https:\/\/www.notibras.com\/site\/#organization"},"potentialAction":[{"@type":"SearchAction","target":{"@type":"EntryPoint","urlTemplate":"https:\/\/www.notibras.com\/site\/?s={search_term_string}"},"query-input":{"@type":"PropertyValueSpecification","valueRequired":true,"valueName":"search_term_string"}}],"inLanguage":"pt-BR"},{"@type":"Organization","@id":"https:\/\/www.notibras.com\/site\/#organization","name":"Grupo Notibras de Comunica\u00e7\u00e3o","url":"https:\/\/www.notibras.com\/site\/","logo":{"@type":"ImageObject","inLanguage":"pt-BR","@id":"https:\/\/www.notibras.com\/site\/#\/schema\/logo\/image\/","url":"https:\/\/www.notibras.com\/site\/wp-content\/uploads\/2023\/01\/notibras23.png","contentUrl":"https:\/\/www.notibras.com\/site\/wp-content\/uploads\/2023\/01\/notibras23.png","width":350,"height":87,"caption":"Grupo Notibras de Comunica\u00e7\u00e3o"},"image":{"@id":"https:\/\/www.notibras.com\/site\/#\/schema\/logo\/image\/"},"sameAs":["https:\/\/www.facebook.com\/notibras\/","https:\/\/x.com\/Notibras","https:\/\/www.instagram.com\/notibras\/"]},{"@type":"Person","@id":"https:\/\/www.notibras.com\/site\/#\/schema\/person\/36ab0979449956132d3e5b517ea76ac8","name":"Reda\u00e7\u00e3o","image":{"@type":"ImageObject","inLanguage":"pt-BR","@id":"https:\/\/secure.gravatar.com\/avatar\/e0a867bdedb85fd243eadf09663511f96fc81e0720a4a42581f334ad4303aa6b?s=96&d=mm&r=g","url":"https:\/\/secure.gravatar.com\/avatar\/e0a867bdedb85fd243eadf09663511f96fc81e0720a4a42581f334ad4303aa6b?s=96&d=mm&r=g","contentUrl":"https:\/\/secure.gravatar.com\/avatar\/e0a867bdedb85fd243eadf09663511f96fc81e0720a4a42581f334ad4303aa6b?s=96&d=mm&r=g","caption":"Reda\u00e7\u00e3o"}}]}},"amp_enabled":true,"_links":{"self":[{"href":"https:\/\/www.notibras.com\/site\/wp-json\/wp\/v2\/posts\/312472","targetHints":{"allow":["GET"]}}],"collection":[{"href":"https:\/\/www.notibras.com\/site\/wp-json\/wp\/v2\/posts"}],"about":[{"href":"https:\/\/www.notibras.com\/site\/wp-json\/wp\/v2\/types\/post"}],"author":[{"embeddable":true,"href":"https:\/\/www.notibras.com\/site\/wp-json\/wp\/v2\/users\/2"}],"replies":[{"embeddable":true,"href":"https:\/\/www.notibras.com\/site\/wp-json\/wp\/v2\/comments?post=312472"}],"version-history":[{"count":6,"href":"https:\/\/www.notibras.com\/site\/wp-json\/wp\/v2\/posts\/312472\/revisions"}],"predecessor-version":[{"id":312489,"href":"https:\/\/www.notibras.com\/site\/wp-json\/wp\/v2\/posts\/312472\/revisions\/312489"}],"wp:featuredmedia":[{"embeddable":true,"href":"https:\/\/www.notibras.com\/site\/wp-json\/wp\/v2\/media\/312473"}],"wp:attachment":[{"href":"https:\/\/www.notibras.com\/site\/wp-json\/wp\/v2\/media?parent=312472"}],"wp:term":[{"taxonomy":"category","embeddable":true,"href":"https:\/\/www.notibras.com\/site\/wp-json\/wp\/v2\/categories?post=312472"},{"taxonomy":"post_tag","embeddable":true,"href":"https:\/\/www.notibras.com\/site\/wp-json\/wp\/v2\/tags?post=312472"}],"curies":[{"name":"wp","href":"https:\/\/api.w.org\/{rel}","templated":true}]}}