{"id":312522,"date":"2023-09-09T06:37:28","date_gmt":"2023-09-09T09:37:28","guid":{"rendered":"https:\/\/www.notibras.com\/site\/?p=312522"},"modified":"2023-09-09T11:40:04","modified_gmt":"2023-09-09T14:40:04","slug":"rotatividade-de-profissionais-impacta-cobertura-vacinal","status":"publish","type":"post","link":"https:\/\/www.notibras.com\/site\/rotatividade-de-profissionais-impacta-cobertura-vacinal\/","title":{"rendered":"Rotatividade de profissionais impacta cobertura vacinal"},"content":{"rendered":"<p>O pediatra Juarez Cunha entrou na rede p\u00fablica de sa\u00fade de Porto Alegre em 1985 e participou dos esfor\u00e7os finais da elimina\u00e7\u00e3o da poliomielite no Brasil, doen\u00e7a que teve o \u00faltimo caso registrado em 1989 no pa\u00eds. Durante 15 anos atuando na ponta, em uma unidade de sa\u00fade pequena na periferia, ele conta que tinha uma equipe unida e engajada na imuniza\u00e7\u00e3o.<\/p>\n<p>&#8220;Era um grupo de concursados, todos funcion\u00e1rios p\u00fablicos do munic\u00edpio, que constru\u00edam suas carreiras ali. Fiquei durante muito tempo em unidade de sa\u00fade, depois fui trabalhar em programas de vigil\u00e2ncia, e depois com mortalidade infantil&#8221;, lembra o m\u00e9dico, que se aposentou na carreira de servidor p\u00fablico e atua como consultor e diretor da Sociedade Brasileira de Imuniza\u00e7\u00f5es (SBIm). &#8220;As vacinas me acompanharam em todos os 43 anos de profiss\u00e3o&#8221;.<\/p>\n<p>A presen\u00e7a de trabalhadores experientes, entretanto, n\u00e3o \u00e9 mais a regra nas salas de vacina no Brasil. A alta rotatividade de profissionais nesses postos de trabalho est\u00e1 entre os problemas apontados por especialistas que avaliam as causas da queda nas coberturas vacinais. As dificuldades se agravam com a complexidade cada vez maior do calend\u00e1rio vacinal, que chega a ter 20 vacinas atualmente, e com a crescente inseguran\u00e7a espalhada pelos grupos de pessoas que s\u00e3o contra vacinas, os antivacinistas, nas redes sociais.<\/p>\n<p>&#8220;A sala de vacina\u00e7\u00e3o ficou uma \u00e1rea da unidade de sa\u00fade que tem uma demanda muito grande de forma\u00e7\u00e3o, de rotinas. Se voc\u00ea tem uma alta rotatividade, isso atrapalha muito a performance desse local&#8221;, avalia Cunha.<\/p>\n<p>&#8220;Quando a gente inicia com o PNI na d\u00e9cada de 1970, a gente tinha BCG, p\u00f3lio oral, tr\u00edplice bacteriana e sarampo. Eram quatro vacinas. E o registro era manual. Atualmente a gente tem uma quantidade muito grande de vacinas ofertadas e tem que alimentar os sistemas do Minist\u00e9rio da Sa\u00fade. E tem que ter toda a responsabilidade pela rede de frios, para que as vacinas sejam adequadamente conservadas. \u00c9 um trabalho que se tornou bastante complexo&#8221;.<\/p>\n<p>Lidar com toda essa log\u00edstica e com as rotinas corretamente requer uma capacita\u00e7\u00e3o s\u00f3lida, que \u00e9 prejudicada quando ocorre a troca constante dos profissionais respons\u00e1veis pela vacina\u00e7\u00e3o. &#8220;A alta rotatividade tem diversos motivos, inclusive desvaloriza\u00e7\u00e3o dos profissionais, terceiriza\u00e7\u00e3o. A gente acaba tendo uma alta rotatividade, o que \u00e9 p\u00e9ssimo. Quando as pessoas est\u00e3o capacitadas ou seguras do que est\u00e3o fazendo s\u00e3o deslocadas para outros locais e atividades. Isso interfere na performance das coberturas vacinais&#8221;.<\/p>\n<p><strong>Carreiras<\/strong><br \/>\nIntegrante da coordena\u00e7\u00e3o de epidemiologia da Associa\u00e7\u00e3o Brasileira de Sa\u00fade Coletiva (Abrasco), Maria Rita Donalisio diz acreditar que esse \u00e9 um problema s\u00e9rio a ser enfrentado para a retomada das altas coberturas vacinais.<\/p>\n<p>&#8220;Com tanto investimento na produ\u00e7\u00e3o de insumos nacionais, com o minist\u00e9rio garantindo a continuidade dos fluxos, garantindo a cadeia de frios, mas chega na ponta, a gente n\u00e3o garante a qualidade&#8221;.<\/p>\n<p>A m\u00e9dica defende que \u00e9 com o fortalecimento da aten\u00e7\u00e3o prim\u00e1ria que \u00e9 poss\u00edvel garantir a melhora desse servi\u00e7o e a integralidade do cuidado. Em vez disso, ela v\u00ea uma prioriza\u00e7\u00e3o a atendimentos eventuais de casos agudos, como em unidades de pronto atendimento, onde as possibilidades de confer\u00eancia da caderneta de vacina\u00e7\u00e3o, por exemplo, s\u00e3o muito menores.<\/p>\n<p>&#8220;\u00c9 preciso investimento em carreira, estabilidade, concurso p\u00fablico, para que esses profissionais possam ser treinados e cada vez mais adquirirem experi\u00eancia e serem refer\u00eancia na vacina\u00e7\u00e3o. Investir nos profissionais, por meio de concursos e carreiras, por meio de remunera\u00e7\u00e3o justa, \u00e9 investir no SUS e no PNI&#8221;, afirma.<\/p>\n<p>&#8220;N\u00e3o \u00e9 f\u00e1cil conferir uma caderneta de vacina\u00e7\u00e3o. \u00c9 uma tarefa complexa e que precisa de treinamento&#8221;, conclui.<\/p>\n<p><strong>Inseguran\u00e7a<\/strong><br \/>\nA enfermeira e diretora da Sociedade Brasileira de Imuniza\u00e7\u00f5es (SBIm) Mayra Moura trabalha com a capacita\u00e7\u00e3o de profissionais da ponta, incluindo os da sala de vacina. Al\u00e9m da dificuldade de gerir o trabalho em si, ela acrescenta que profissionais pouco experientes ou mal capacitados tamb\u00e9m n\u00e3o transmitem seguran\u00e7a \u00e0 popula\u00e7\u00e3o, que cada vez mais busca os postos de sa\u00fade com d\u00favidas espalhadas na internet.<\/p>\n<p>\u201cSe voc\u00ea n\u00e3o responder \u00e0s perguntas das pessoas, e se voc\u00ea n\u00e3o acredita ou n\u00e3o tem seguran\u00e7a do que voc\u00ea est\u00e1 falando, a gente perde a oportunidade, deixa aquela pessoa ir embora e reduz a ades\u00e3o da popula\u00e7\u00e3o\u201d, afirma. \u201cEssa rotatividade [de profissionais] \u00e9 um problema cr\u00f4nico. O tema vacina \u00e9 um tema complexo. N\u00e3o que seja dif\u00edcil, mas exige estudo, exige dedica\u00e7\u00e3o, exige tempo. E a forma\u00e7\u00e3o desses profissionais dedica um tempo pequeno perto do que \u00e9 preciso. A grande maioria sai de um curso t\u00e9cnico ou de uma faculdade com um conhecimento raso e b\u00e1sico. E quando vai trabalhar na sala de vacina precisa se capacitar. Leva tempo at\u00e9 ele ter pr\u00e1tica suficiente para bater o olho em uma caderneta de vacina\u00e7\u00e3o e saber o que tem que fazer. Com a rotatividade, ele n\u00e3o tem esse tempo\u201d.<\/p>\n<p>Mayra Moura afirma que a necessidade dessa capacita\u00e7\u00e3o mais aprofundada tamb\u00e9m acaba afastando profissionais como t\u00e9cnicos de enfermagem, que muitas vezes precisam ter mais de um emprego e n\u00e3o disp\u00f5em de tempo para estudar o suficiente. A valoriza\u00e7\u00e3o dessas carreiras, portanto, \u00e9 um caminho para melhorar a qualidade do servi\u00e7o nas salas de vacina.<\/p>\n<p>\u201cEssa j\u00e1 \u00e9 uma luta principalmente da enfermagem, com o piso salarial, que j\u00e1 \u00e9 tentado h\u00e1 mais de 20 anos. Para que a gente consiga ter uma dedica\u00e7\u00e3o melhor ao trabalho dele e n\u00e3o precise ter dois ou tr\u00eas empregos para se sustentar. E, com isso, teria tempo para se dedicar. E a valoriza\u00e7\u00e3o n\u00e3o \u00e9 salarial. A valoriza\u00e7\u00e3o passa por capacita\u00e7\u00e3o tamb\u00e9m. Passa por enxergar que o profissional precisa de uma capacita\u00e7\u00e3o, de uma supervis\u00e3o, que precisa de atualiza\u00e7\u00e3o. N\u00e3o adianta capacitar e cinco anos depois a pessoa ainda n\u00e3o ter uma atualiza\u00e7\u00e3o\u201d. \u200b<\/p>\n<p><strong>Desafio<\/strong><br \/>\nA fixa\u00e7\u00e3o de profissionais na aten\u00e7\u00e3o b\u00e1sica \u00e9 uma necessidade que est\u00e1 no radar do Minist\u00e9rio da Sa\u00fade, que tem entre suas linhas de a\u00e7\u00e3o o pr\u00f3prio programa Mais M\u00e9dicos. Em entrevista \u00e0 R\u00e1dio Nacional da EBC, a ministra N\u00edsia Trindade classifica como fundamental o papel dos profissionais da ponta, que s\u00e3o aqueles que fazem a vacina\u00e7\u00e3o acontecer.<\/p>\n<p>&#8220;Isso s\u00f3 \u00e9 poss\u00edvel com profissionais qualificados. Sabemos que, em muitas \u00e1reas, essa rotatividade \u00e9 maior, o que aumenta a nossa responsabilidade para ter planos de fixa\u00e7\u00e3o dos trabalhadores no Sistema \u00danico de Sa\u00fade, apoiar munic\u00edpios nessa iniciativa. Temos feito isso, mas sabemos que o desafio realmente \u00e9 enorme. E, principalmente, trabalhar com plano focado em educa\u00e7\u00e3o em campo, em forma\u00e7\u00e3o em campo.<\/p>\n<p>Al\u00e9m da sala de vacina, a ministra sublinha tamb\u00e9m a necessidade de capacita\u00e7\u00e3o dos agentes comunit\u00e1rios de sa\u00fade e agentes de endemias, que v\u00e3o a campo aumentando a capilaridade do Programa Nacional de Imuniza\u00e7\u00f5es e do Sistema \u00danico de Sa\u00fade.<\/p>\n<p>&#8220;N\u00f3s apoiamos a forma\u00e7\u00e3o de agentes comunit\u00e1rios de sa\u00fade e agentes de endemias, e agora j\u00e1 vamos apoiar uma segunda turma pelo Minist\u00e9rio da Sa\u00fade. A lei que os considera profissionais de sa\u00fade foi sancionada pelo presidente Lula no in\u00edcio da gest\u00e3o. E, com isso, n\u00f3s esperamos envolver n\u00e3o s\u00f3 esses profissionais, mas os profissionais da enfermagem, que s\u00e3o centrais nesse processo de avan\u00e7ar nessas a\u00e7\u00f5es de preven\u00e7\u00e3o e promo\u00e7\u00e3o da sa\u00fade&#8221;.<\/p>\n","protected":false},"excerpt":{"rendered":"<p>O pediatra Juarez Cunha entrou na rede p\u00fablica de sa\u00fade de Porto Alegre em 1985 e participou dos esfor\u00e7os finais da elimina\u00e7\u00e3o da poliomielite no Brasil, doen\u00e7a que teve o \u00faltimo caso registrado em 1989 no pa\u00eds. Durante 15 anos atuando na ponta, em uma unidade de sa\u00fade pequena na periferia, ele conta que tinha [&hellip;]<\/p>\n","protected":false},"author":2,"featured_media":312523,"comment_status":"closed","ping_status":"closed","sticky":false,"template":"","format":"standard","meta":{"_acf_changed":false,"footnotes":""},"categories":[161],"tags":[],"class_list":["post-312522","post","type-post","status-publish","format-standard","has-post-thumbnail","hentry","category-quadradinho-em-foco"],"acf":[],"yoast_head":"<!-- This site is optimized with the Yoast SEO plugin v27.2 - https:\/\/yoast.com\/product\/yoast-seo-wordpress\/ -->\n<title>Rotatividade de profissionais impacta cobertura vacinal - Notibras<\/title>\n<meta name=\"robots\" content=\"index, follow, max-snippet:-1, max-image-preview:large, max-video-preview:-1\" \/>\n<link rel=\"canonical\" href=\"https:\/\/www.notibras.com\/site\/rotatividade-de-profissionais-impacta-cobertura-vacinal\/\" \/>\n<meta property=\"og:locale\" content=\"pt_BR\" \/>\n<meta property=\"og:type\" content=\"article\" \/>\n<meta property=\"og:title\" content=\"Rotatividade de profissionais impacta cobertura vacinal - Notibras\" \/>\n<meta property=\"og:description\" content=\"O pediatra Juarez Cunha entrou na rede p\u00fablica de sa\u00fade de Porto Alegre em 1985 e participou dos esfor\u00e7os finais da elimina\u00e7\u00e3o da poliomielite no Brasil, doen\u00e7a que teve o \u00faltimo caso registrado em 1989 no pa\u00eds. Durante 15 anos atuando na ponta, em uma unidade de sa\u00fade pequena na periferia, ele conta que tinha [&hellip;]\" \/>\n<meta property=\"og:url\" content=\"https:\/\/www.notibras.com\/site\/rotatividade-de-profissionais-impacta-cobertura-vacinal\/\" \/>\n<meta property=\"og:site_name\" content=\"Notibras\" \/>\n<meta property=\"article:publisher\" content=\"https:\/\/www.facebook.com\/notibras\/\" \/>\n<meta property=\"article:published_time\" content=\"2023-09-09T09:37:28+00:00\" \/>\n<meta property=\"article:modified_time\" content=\"2023-09-09T14:40:04+00:00\" \/>\n<meta property=\"og:image\" content=\"https:\/\/www.notibras.com\/site\/wp-content\/uploads\/2023\/09\/124a9806.jpg\" \/>\n\t<meta property=\"og:image:width\" content=\"1170\" \/>\n\t<meta property=\"og:image:height\" content=\"700\" \/>\n\t<meta property=\"og:image:type\" content=\"image\/jpeg\" \/>\n<meta name=\"author\" content=\"Reda\u00e7\u00e3o\" \/>\n<meta name=\"twitter:card\" content=\"summary_large_image\" \/>\n<meta name=\"twitter:creator\" content=\"@Notibras\" \/>\n<meta name=\"twitter:site\" content=\"@Notibras\" \/>\n<meta name=\"twitter:label1\" content=\"Escrito por\" \/>\n\t<meta name=\"twitter:data1\" content=\"Reda\u00e7\u00e3o\" \/>\n\t<meta name=\"twitter:label2\" content=\"Est. tempo de leitura\" \/>\n\t<meta name=\"twitter:data2\" content=\"7 minutos\" \/>\n<script type=\"application\/ld+json\" class=\"yoast-schema-graph\">{\"@context\":\"https:\/\/schema.org\",\"@graph\":[{\"@type\":\"Article\",\"@id\":\"https:\/\/www.notibras.com\/site\/rotatividade-de-profissionais-impacta-cobertura-vacinal\/#article\",\"isPartOf\":{\"@id\":\"https:\/\/www.notibras.com\/site\/rotatividade-de-profissionais-impacta-cobertura-vacinal\/\"},\"author\":{\"name\":\"Reda\u00e7\u00e3o\",\"@id\":\"https:\/\/www.notibras.com\/site\/#\/schema\/person\/36ab0979449956132d3e5b517ea76ac8\"},\"headline\":\"Rotatividade de profissionais impacta cobertura vacinal\",\"datePublished\":\"2023-09-09T09:37:28+00:00\",\"dateModified\":\"2023-09-09T14:40:04+00:00\",\"mainEntityOfPage\":{\"@id\":\"https:\/\/www.notibras.com\/site\/rotatividade-de-profissionais-impacta-cobertura-vacinal\/\"},\"wordCount\":1304,\"publisher\":{\"@id\":\"https:\/\/www.notibras.com\/site\/#organization\"},\"image\":{\"@id\":\"https:\/\/www.notibras.com\/site\/rotatividade-de-profissionais-impacta-cobertura-vacinal\/#primaryimage\"},\"thumbnailUrl\":\"https:\/\/www.notibras.com\/site\/wp-content\/uploads\/2023\/09\/124a9806.jpg\",\"articleSection\":[\"Quadradinho em Foco\"],\"inLanguage\":\"pt-BR\"},{\"@type\":\"WebPage\",\"@id\":\"https:\/\/www.notibras.com\/site\/rotatividade-de-profissionais-impacta-cobertura-vacinal\/\",\"url\":\"https:\/\/www.notibras.com\/site\/rotatividade-de-profissionais-impacta-cobertura-vacinal\/\",\"name\":\"Rotatividade de profissionais impacta cobertura vacinal - Notibras\",\"isPartOf\":{\"@id\":\"https:\/\/www.notibras.com\/site\/#website\"},\"primaryImageOfPage\":{\"@id\":\"https:\/\/www.notibras.com\/site\/rotatividade-de-profissionais-impacta-cobertura-vacinal\/#primaryimage\"},\"image\":{\"@id\":\"https:\/\/www.notibras.com\/site\/rotatividade-de-profissionais-impacta-cobertura-vacinal\/#primaryimage\"},\"thumbnailUrl\":\"https:\/\/www.notibras.com\/site\/wp-content\/uploads\/2023\/09\/124a9806.jpg\",\"datePublished\":\"2023-09-09T09:37:28+00:00\",\"dateModified\":\"2023-09-09T14:40:04+00:00\",\"breadcrumb\":{\"@id\":\"https:\/\/www.notibras.com\/site\/rotatividade-de-profissionais-impacta-cobertura-vacinal\/#breadcrumb\"},\"inLanguage\":\"pt-BR\",\"potentialAction\":[{\"@type\":\"ReadAction\",\"target\":[\"https:\/\/www.notibras.com\/site\/rotatividade-de-profissionais-impacta-cobertura-vacinal\/\"]}]},{\"@type\":\"ImageObject\",\"inLanguage\":\"pt-BR\",\"@id\":\"https:\/\/www.notibras.com\/site\/rotatividade-de-profissionais-impacta-cobertura-vacinal\/#primaryimage\",\"url\":\"https:\/\/www.notibras.com\/site\/wp-content\/uploads\/2023\/09\/124a9806.jpg\",\"contentUrl\":\"https:\/\/www.notibras.com\/site\/wp-content\/uploads\/2023\/09\/124a9806.jpg\",\"width\":1170,\"height\":700,\"caption\":\"Bras\u00edlia (DF), 26.08.2023 - Minist\u00e9rio da Sa\u00fade lan\u00e7ou, no Zool\u00f3gico de Bras\u00edlia, a campanha de multivacina\u00e7\u00e3o no Distrito Federal. Foto: Jos\u00e9 Cruz\/Ag\u00eancia Brasil\"},{\"@type\":\"BreadcrumbList\",\"@id\":\"https:\/\/www.notibras.com\/site\/rotatividade-de-profissionais-impacta-cobertura-vacinal\/#breadcrumb\",\"itemListElement\":[{\"@type\":\"ListItem\",\"position\":1,\"name\":\"In\u00edcio\",\"item\":\"https:\/\/www.notibras.com\/site\/\"},{\"@type\":\"ListItem\",\"position\":2,\"name\":\"Rotatividade de profissionais impacta cobertura vacinal\"}]},{\"@type\":\"WebSite\",\"@id\":\"https:\/\/www.notibras.com\/site\/#website\",\"url\":\"https:\/\/www.notibras.com\/site\/\",\"name\":\"Notibras\",\"description\":\"Not\u00edcias de Bras\u00edlia, do Brasil e do Mundo\",\"publisher\":{\"@id\":\"https:\/\/www.notibras.com\/site\/#organization\"},\"potentialAction\":[{\"@type\":\"SearchAction\",\"target\":{\"@type\":\"EntryPoint\",\"urlTemplate\":\"https:\/\/www.notibras.com\/site\/?s={search_term_string}\"},\"query-input\":{\"@type\":\"PropertyValueSpecification\",\"valueRequired\":true,\"valueName\":\"search_term_string\"}}],\"inLanguage\":\"pt-BR\"},{\"@type\":\"Organization\",\"@id\":\"https:\/\/www.notibras.com\/site\/#organization\",\"name\":\"Grupo Notibras de Comunica\u00e7\u00e3o\",\"url\":\"https:\/\/www.notibras.com\/site\/\",\"logo\":{\"@type\":\"ImageObject\",\"inLanguage\":\"pt-BR\",\"@id\":\"https:\/\/www.notibras.com\/site\/#\/schema\/logo\/image\/\",\"url\":\"https:\/\/www.notibras.com\/site\/wp-content\/uploads\/2023\/01\/notibras23.png\",\"contentUrl\":\"https:\/\/www.notibras.com\/site\/wp-content\/uploads\/2023\/01\/notibras23.png\",\"width\":350,\"height\":87,\"caption\":\"Grupo Notibras de Comunica\u00e7\u00e3o\"},\"image\":{\"@id\":\"https:\/\/www.notibras.com\/site\/#\/schema\/logo\/image\/\"},\"sameAs\":[\"https:\/\/www.facebook.com\/notibras\/\",\"https:\/\/x.com\/Notibras\",\"https:\/\/www.instagram.com\/notibras\/\"]},{\"@type\":\"Person\",\"@id\":\"https:\/\/www.notibras.com\/site\/#\/schema\/person\/36ab0979449956132d3e5b517ea76ac8\",\"name\":\"Reda\u00e7\u00e3o\",\"image\":{\"@type\":\"ImageObject\",\"inLanguage\":\"pt-BR\",\"@id\":\"https:\/\/secure.gravatar.com\/avatar\/e0a867bdedb85fd243eadf09663511f96fc81e0720a4a42581f334ad4303aa6b?s=96&d=mm&r=g\",\"url\":\"https:\/\/secure.gravatar.com\/avatar\/e0a867bdedb85fd243eadf09663511f96fc81e0720a4a42581f334ad4303aa6b?s=96&d=mm&r=g\",\"contentUrl\":\"https:\/\/secure.gravatar.com\/avatar\/e0a867bdedb85fd243eadf09663511f96fc81e0720a4a42581f334ad4303aa6b?s=96&d=mm&r=g\",\"caption\":\"Reda\u00e7\u00e3o\"}}]}<\/script>\n<!-- \/ Yoast SEO plugin. -->","yoast_head_json":{"title":"Rotatividade de profissionais impacta cobertura vacinal - Notibras","robots":{"index":"index","follow":"follow","max-snippet":"max-snippet:-1","max-image-preview":"max-image-preview:large","max-video-preview":"max-video-preview:-1"},"canonical":"https:\/\/www.notibras.com\/site\/rotatividade-de-profissionais-impacta-cobertura-vacinal\/","og_locale":"pt_BR","og_type":"article","og_title":"Rotatividade de profissionais impacta cobertura vacinal - Notibras","og_description":"O pediatra Juarez Cunha entrou na rede p\u00fablica de sa\u00fade de Porto Alegre em 1985 e participou dos esfor\u00e7os finais da elimina\u00e7\u00e3o da poliomielite no Brasil, doen\u00e7a que teve o \u00faltimo caso registrado em 1989 no pa\u00eds. Durante 15 anos atuando na ponta, em uma unidade de sa\u00fade pequena na periferia, ele conta que tinha [&hellip;]","og_url":"https:\/\/www.notibras.com\/site\/rotatividade-de-profissionais-impacta-cobertura-vacinal\/","og_site_name":"Notibras","article_publisher":"https:\/\/www.facebook.com\/notibras\/","article_published_time":"2023-09-09T09:37:28+00:00","article_modified_time":"2023-09-09T14:40:04+00:00","og_image":[{"width":1170,"height":700,"url":"https:\/\/www.notibras.com\/site\/wp-content\/uploads\/2023\/09\/124a9806.jpg","type":"image\/jpeg"}],"author":"Reda\u00e7\u00e3o","twitter_card":"summary_large_image","twitter_creator":"@Notibras","twitter_site":"@Notibras","twitter_misc":{"Escrito por":"Reda\u00e7\u00e3o","Est. tempo de leitura":"7 minutos"},"schema":{"@context":"https:\/\/schema.org","@graph":[{"@type":"Article","@id":"https:\/\/www.notibras.com\/site\/rotatividade-de-profissionais-impacta-cobertura-vacinal\/#article","isPartOf":{"@id":"https:\/\/www.notibras.com\/site\/rotatividade-de-profissionais-impacta-cobertura-vacinal\/"},"author":{"name":"Reda\u00e7\u00e3o","@id":"https:\/\/www.notibras.com\/site\/#\/schema\/person\/36ab0979449956132d3e5b517ea76ac8"},"headline":"Rotatividade de profissionais impacta cobertura vacinal","datePublished":"2023-09-09T09:37:28+00:00","dateModified":"2023-09-09T14:40:04+00:00","mainEntityOfPage":{"@id":"https:\/\/www.notibras.com\/site\/rotatividade-de-profissionais-impacta-cobertura-vacinal\/"},"wordCount":1304,"publisher":{"@id":"https:\/\/www.notibras.com\/site\/#organization"},"image":{"@id":"https:\/\/www.notibras.com\/site\/rotatividade-de-profissionais-impacta-cobertura-vacinal\/#primaryimage"},"thumbnailUrl":"https:\/\/www.notibras.com\/site\/wp-content\/uploads\/2023\/09\/124a9806.jpg","articleSection":["Quadradinho em Foco"],"inLanguage":"pt-BR"},{"@type":"WebPage","@id":"https:\/\/www.notibras.com\/site\/rotatividade-de-profissionais-impacta-cobertura-vacinal\/","url":"https:\/\/www.notibras.com\/site\/rotatividade-de-profissionais-impacta-cobertura-vacinal\/","name":"Rotatividade de profissionais impacta cobertura vacinal - Notibras","isPartOf":{"@id":"https:\/\/www.notibras.com\/site\/#website"},"primaryImageOfPage":{"@id":"https:\/\/www.notibras.com\/site\/rotatividade-de-profissionais-impacta-cobertura-vacinal\/#primaryimage"},"image":{"@id":"https:\/\/www.notibras.com\/site\/rotatividade-de-profissionais-impacta-cobertura-vacinal\/#primaryimage"},"thumbnailUrl":"https:\/\/www.notibras.com\/site\/wp-content\/uploads\/2023\/09\/124a9806.jpg","datePublished":"2023-09-09T09:37:28+00:00","dateModified":"2023-09-09T14:40:04+00:00","breadcrumb":{"@id":"https:\/\/www.notibras.com\/site\/rotatividade-de-profissionais-impacta-cobertura-vacinal\/#breadcrumb"},"inLanguage":"pt-BR","potentialAction":[{"@type":"ReadAction","target":["https:\/\/www.notibras.com\/site\/rotatividade-de-profissionais-impacta-cobertura-vacinal\/"]}]},{"@type":"ImageObject","inLanguage":"pt-BR","@id":"https:\/\/www.notibras.com\/site\/rotatividade-de-profissionais-impacta-cobertura-vacinal\/#primaryimage","url":"https:\/\/www.notibras.com\/site\/wp-content\/uploads\/2023\/09\/124a9806.jpg","contentUrl":"https:\/\/www.notibras.com\/site\/wp-content\/uploads\/2023\/09\/124a9806.jpg","width":1170,"height":700,"caption":"Bras\u00edlia (DF), 26.08.2023 - Minist\u00e9rio da Sa\u00fade lan\u00e7ou, no Zool\u00f3gico de Bras\u00edlia, a campanha de multivacina\u00e7\u00e3o no Distrito Federal. Foto: Jos\u00e9 Cruz\/Ag\u00eancia Brasil"},{"@type":"BreadcrumbList","@id":"https:\/\/www.notibras.com\/site\/rotatividade-de-profissionais-impacta-cobertura-vacinal\/#breadcrumb","itemListElement":[{"@type":"ListItem","position":1,"name":"In\u00edcio","item":"https:\/\/www.notibras.com\/site\/"},{"@type":"ListItem","position":2,"name":"Rotatividade de profissionais impacta cobertura vacinal"}]},{"@type":"WebSite","@id":"https:\/\/www.notibras.com\/site\/#website","url":"https:\/\/www.notibras.com\/site\/","name":"Notibras","description":"Not\u00edcias de Bras\u00edlia, do Brasil e do Mundo","publisher":{"@id":"https:\/\/www.notibras.com\/site\/#organization"},"potentialAction":[{"@type":"SearchAction","target":{"@type":"EntryPoint","urlTemplate":"https:\/\/www.notibras.com\/site\/?s={search_term_string}"},"query-input":{"@type":"PropertyValueSpecification","valueRequired":true,"valueName":"search_term_string"}}],"inLanguage":"pt-BR"},{"@type":"Organization","@id":"https:\/\/www.notibras.com\/site\/#organization","name":"Grupo Notibras de Comunica\u00e7\u00e3o","url":"https:\/\/www.notibras.com\/site\/","logo":{"@type":"ImageObject","inLanguage":"pt-BR","@id":"https:\/\/www.notibras.com\/site\/#\/schema\/logo\/image\/","url":"https:\/\/www.notibras.com\/site\/wp-content\/uploads\/2023\/01\/notibras23.png","contentUrl":"https:\/\/www.notibras.com\/site\/wp-content\/uploads\/2023\/01\/notibras23.png","width":350,"height":87,"caption":"Grupo Notibras de Comunica\u00e7\u00e3o"},"image":{"@id":"https:\/\/www.notibras.com\/site\/#\/schema\/logo\/image\/"},"sameAs":["https:\/\/www.facebook.com\/notibras\/","https:\/\/x.com\/Notibras","https:\/\/www.instagram.com\/notibras\/"]},{"@type":"Person","@id":"https:\/\/www.notibras.com\/site\/#\/schema\/person\/36ab0979449956132d3e5b517ea76ac8","name":"Reda\u00e7\u00e3o","image":{"@type":"ImageObject","inLanguage":"pt-BR","@id":"https:\/\/secure.gravatar.com\/avatar\/e0a867bdedb85fd243eadf09663511f96fc81e0720a4a42581f334ad4303aa6b?s=96&d=mm&r=g","url":"https:\/\/secure.gravatar.com\/avatar\/e0a867bdedb85fd243eadf09663511f96fc81e0720a4a42581f334ad4303aa6b?s=96&d=mm&r=g","contentUrl":"https:\/\/secure.gravatar.com\/avatar\/e0a867bdedb85fd243eadf09663511f96fc81e0720a4a42581f334ad4303aa6b?s=96&d=mm&r=g","caption":"Reda\u00e7\u00e3o"}}]}},"amp_enabled":true,"_links":{"self":[{"href":"https:\/\/www.notibras.com\/site\/wp-json\/wp\/v2\/posts\/312522","targetHints":{"allow":["GET"]}}],"collection":[{"href":"https:\/\/www.notibras.com\/site\/wp-json\/wp\/v2\/posts"}],"about":[{"href":"https:\/\/www.notibras.com\/site\/wp-json\/wp\/v2\/types\/post"}],"author":[{"embeddable":true,"href":"https:\/\/www.notibras.com\/site\/wp-json\/wp\/v2\/users\/2"}],"replies":[{"embeddable":true,"href":"https:\/\/www.notibras.com\/site\/wp-json\/wp\/v2\/comments?post=312522"}],"version-history":[{"count":1,"href":"https:\/\/www.notibras.com\/site\/wp-json\/wp\/v2\/posts\/312522\/revisions"}],"predecessor-version":[{"id":312524,"href":"https:\/\/www.notibras.com\/site\/wp-json\/wp\/v2\/posts\/312522\/revisions\/312524"}],"wp:featuredmedia":[{"embeddable":true,"href":"https:\/\/www.notibras.com\/site\/wp-json\/wp\/v2\/media\/312523"}],"wp:attachment":[{"href":"https:\/\/www.notibras.com\/site\/wp-json\/wp\/v2\/media?parent=312522"}],"wp:term":[{"taxonomy":"category","embeddable":true,"href":"https:\/\/www.notibras.com\/site\/wp-json\/wp\/v2\/categories?post=312522"},{"taxonomy":"post_tag","embeddable":true,"href":"https:\/\/www.notibras.com\/site\/wp-json\/wp\/v2\/tags?post=312522"}],"curies":[{"name":"wp","href":"https:\/\/api.w.org\/{rel}","templated":true}]}}