{"id":312529,"date":"2023-09-09T00:00:58","date_gmt":"2023-09-09T03:00:58","guid":{"rendered":"https:\/\/www.notibras.com\/site\/?p=312529"},"modified":"2023-09-09T11:59:49","modified_gmt":"2023-09-09T14:59:49","slug":"liminar-libera-reajuste-no-plano-de-saude-de-servidor","status":"publish","type":"post","link":"https:\/\/www.notibras.com\/site\/liminar-libera-reajuste-no-plano-de-saude-de-servidor\/","title":{"rendered":"Liminar libera reajuste no plano de sa\u00fade de servidor"},"content":{"rendered":"<p>Desembargadora do Tribunal de Justi\u00e7a concedeu liminar que autoriza aplica\u00e7\u00e3o de reajuste ao plano de sa\u00fade dos servidores do DF, conv\u00eanio gerido pelo Instituto de Assist\u00eancia \u00e0 Sa\u00fade dos Servidores do Distrito Federal (INAS), at\u00e9 julgamento final da a\u00e7\u00e3o.<\/p>\n<p>A a\u00e7\u00e3o coletiva que pede a suspens\u00e3o do reajuste, por ilegalidade material e formal, foi proposta pelo Sindicato dos M\u00e9dicos do DF, que teve a solicita\u00e7\u00e3o temporariamente atendida pela 6\u00aa Vara da Fazenda P\u00fablica do DF (0709802-52.2023.8.07.0018). No processo, os autores pediam a suspens\u00e3o da Portaria 102\/2023 e que fossem mantidas as normas implementadas pela Portaria 06\/2020.<\/p>\n<p>Conforme os autos, a portaria questionada foi editada em 11 de agosto deste ano, pela Diretora Presidente do INAS, e fixou os valores de contribui\u00e7\u00e3o mensal dos benefici\u00e1rios do Plano de Assist\u00eancia Suplementar \u00e0 Sa\u00fade (GDF SA\u00daDE), que entrariam em vigor em 1\u00aa de setembro de 2023. Ainda segundo os autores, a Diretora Presidente n\u00e3o teria compet\u00eancia para alterar os percentuais m\u00e1ximo e m\u00ednimo das contribui\u00e7\u00f5es, pois essa compet\u00eancia \u00e9 irrenunci\u00e1vel e cabe ao Poder Executivo, a partir de provoca\u00e7\u00e3o do Conselho de Administra\u00e7\u00e3o do INAS.<\/p>\n<p>No recurso apresentado ao TJDFT, o INAS argumenta que a decis\u00e3o desconsiderou regra prevista na Lei 3.831\/06, que imp\u00f5e ao Diretor-Presidente do \u00f3rg\u00e3o o poder-dever de agir em casos excepcionais, que possam acarretar interrup\u00e7\u00e3o e preju\u00edzo ao atendimento ao benefici\u00e1rio. Informa que, diante dos estudos atuariais, foi demonstrado perigo imediato de insufici\u00eancia de recursos, uma vez que, mantendo o custeio atual, haver\u00e1 um d\u00e9ficit de quase R$ 148 milh\u00f5es. Refor\u00e7a que n\u00e3o se pode exigir que as mensalidades se mantenham eternamente congeladas.<\/p>\n<p>Os recorrentes alegam, ainda, que os valores anteriores foram fixados por portaria, uma praxe administrativa, que possui valor jur\u00eddico. Al\u00e9m disso, o sindicato seria omisso em indicar nomes para compor o Conselho de Administra\u00e7\u00e3o. Por fim, destaca que a Portaria 102\/2023 poder\u00e1 ser convalidada pelo Conselho ou por autoridade que superior ao representante m\u00e1ximo da autarquia.<\/p>\n<p>Ao analisar o caso, a Desembargadora verificou que, ap\u00f3s a publica\u00e7\u00e3o da Portaria 102, foi publicado o Decreto Distrital 44.908, de 30\/8\/2023, emitido pelo Governador do Distrito Federal, com os mesmos \u00edndices fixados pela referida Portaria. \u201c\u00c9 fato incontroverso que o Conselho de Administra\u00e7\u00e3o ainda n\u00e3o foi criado. O agravante [INAS] alega omiss\u00e3o do sindicato em indicar os nomes, que atendam os requisitos legais. Independentemente dos motivos, o fato \u00e9 que o Conselho de Administra\u00e7\u00e3o n\u00e3o existe ainda. Desse modo, n\u00e3o seria poss\u00edvel majorar as contribui\u00e7\u00f5es mensais dos participantes do plano de sa\u00fade\u201d, avaliou.<\/p>\n<p>No entanto, de acordo com a magistrada, o d\u00e9ficit financeiro do plano de sa\u00fade \u00e9 milion\u00e1rio, uma vez que os valores das contribui\u00e7\u00f5es dos participantes s\u00e3o insuficientes para manter as despesas do plano de sa\u00fade, conforme estudos atuariais juntados ao processo. \u201cA situa\u00e7\u00e3o f\u00e1tica pode levar \u00e0 interrup\u00e7\u00e3o e ao preju\u00edzo dos servi\u00e7os prestados, o que autoriza a atua\u00e7\u00e3o excepcional da Diretoria Executiva para contornar tal situa\u00e7\u00e3o, conforme prev\u00ea a legisla\u00e7\u00e3o\u201d, entende a julgadora.<\/p>\n<p>Al\u00e9m disso, a relatora observou que, segundo a lei que rege o conv\u00eanio, o Diretor-Presidente \u00e9 equiparado, para todos os efeitos, aos secret\u00e1rios de estado, sendo assim, \u201co ato administrativo impugnado, prima facie, n\u00e3o violou o ordenamento jur\u00eddico e, assim, deve produzir os seus regulares efeitos at\u00e9 o julgamento de m\u00e9rito do presente recurso, quando, ent\u00e3o, a quest\u00e3o ser\u00e1 analisada com a profundidade necess\u00e1ria no julgamento pelo colegiado\u201d, concluiu.<\/p>\n","protected":false},"excerpt":{"rendered":"<p>Desembargadora do Tribunal de Justi\u00e7a concedeu liminar que autoriza aplica\u00e7\u00e3o de reajuste ao plano de sa\u00fade dos servidores do DF, conv\u00eanio gerido pelo Instituto de Assist\u00eancia \u00e0 Sa\u00fade dos Servidores do Distrito Federal (INAS), at\u00e9 julgamento final da a\u00e7\u00e3o. A a\u00e7\u00e3o coletiva que pede a suspens\u00e3o do reajuste, por ilegalidade material e formal, foi proposta [&hellip;]<\/p>\n","protected":false},"author":2,"featured_media":309619,"comment_status":"closed","ping_status":"closed","sticky":false,"template":"","format":"standard","meta":{"_acf_changed":false,"footnotes":""},"categories":[161],"tags":[],"class_list":["post-312529","post","type-post","status-publish","format-standard","has-post-thumbnail","hentry","category-quadradinho-em-foco"],"acf":[],"yoast_head":"<!-- This site is optimized with the Yoast SEO plugin v27.2 - https:\/\/yoast.com\/product\/yoast-seo-wordpress\/ -->\n<title>Liminar libera reajuste no plano de sa\u00fade de servidor - Notibras<\/title>\n<meta name=\"robots\" content=\"index, follow, max-snippet:-1, max-image-preview:large, max-video-preview:-1\" \/>\n<link rel=\"canonical\" href=\"https:\/\/www.notibras.com\/site\/liminar-libera-reajuste-no-plano-de-saude-de-servidor\/\" \/>\n<meta property=\"og:locale\" content=\"pt_BR\" \/>\n<meta property=\"og:type\" content=\"article\" \/>\n<meta property=\"og:title\" content=\"Liminar libera reajuste no plano de sa\u00fade de servidor - Notibras\" \/>\n<meta property=\"og:description\" content=\"Desembargadora do Tribunal de Justi\u00e7a concedeu liminar que autoriza aplica\u00e7\u00e3o de reajuste ao plano de sa\u00fade dos servidores do DF, conv\u00eanio gerido pelo Instituto de Assist\u00eancia \u00e0 Sa\u00fade dos Servidores do Distrito Federal (INAS), at\u00e9 julgamento final da a\u00e7\u00e3o. A a\u00e7\u00e3o coletiva que pede a suspens\u00e3o do reajuste, por ilegalidade material e formal, foi proposta [&hellip;]\" \/>\n<meta property=\"og:url\" content=\"https:\/\/www.notibras.com\/site\/liminar-libera-reajuste-no-plano-de-saude-de-servidor\/\" \/>\n<meta property=\"og:site_name\" content=\"Notibras\" \/>\n<meta property=\"article:publisher\" content=\"https:\/\/www.facebook.com\/notibras\/\" \/>\n<meta property=\"article:published_time\" content=\"2023-09-09T03:00:58+00:00\" \/>\n<meta property=\"article:modified_time\" content=\"2023-09-09T14:59:49+00:00\" \/>\n<meta property=\"og:image\" content=\"https:\/\/www.notibras.com\/site\/wp-content\/uploads\/2023\/07\/revalida_mcamgo_abr_100720211818-4.jpg\" \/>\n\t<meta property=\"og:image:width\" content=\"1170\" \/>\n\t<meta property=\"og:image:height\" content=\"700\" \/>\n\t<meta property=\"og:image:type\" content=\"image\/jpeg\" \/>\n<meta name=\"author\" content=\"Reda\u00e7\u00e3o\" \/>\n<meta name=\"twitter:card\" content=\"summary_large_image\" \/>\n<meta name=\"twitter:creator\" content=\"@Notibras\" \/>\n<meta name=\"twitter:site\" content=\"@Notibras\" \/>\n<meta name=\"twitter:label1\" content=\"Escrito por\" \/>\n\t<meta name=\"twitter:data1\" content=\"Reda\u00e7\u00e3o\" \/>\n\t<meta name=\"twitter:label2\" content=\"Est. tempo de leitura\" \/>\n\t<meta name=\"twitter:data2\" content=\"4 minutos\" \/>\n<script type=\"application\/ld+json\" class=\"yoast-schema-graph\">{\"@context\":\"https:\/\/schema.org\",\"@graph\":[{\"@type\":\"Article\",\"@id\":\"https:\/\/www.notibras.com\/site\/liminar-libera-reajuste-no-plano-de-saude-de-servidor\/#article\",\"isPartOf\":{\"@id\":\"https:\/\/www.notibras.com\/site\/liminar-libera-reajuste-no-plano-de-saude-de-servidor\/\"},\"author\":{\"name\":\"Reda\u00e7\u00e3o\",\"@id\":\"https:\/\/www.notibras.com\/site\/#\/schema\/person\/36ab0979449956132d3e5b517ea76ac8\"},\"headline\":\"Liminar libera reajuste no plano de sa\u00fade de servidor\",\"datePublished\":\"2023-09-09T03:00:58+00:00\",\"dateModified\":\"2023-09-09T14:59:49+00:00\",\"mainEntityOfPage\":{\"@id\":\"https:\/\/www.notibras.com\/site\/liminar-libera-reajuste-no-plano-de-saude-de-servidor\/\"},\"wordCount\":623,\"publisher\":{\"@id\":\"https:\/\/www.notibras.com\/site\/#organization\"},\"image\":{\"@id\":\"https:\/\/www.notibras.com\/site\/liminar-libera-reajuste-no-plano-de-saude-de-servidor\/#primaryimage\"},\"thumbnailUrl\":\"https:\/\/www.notibras.com\/site\/wp-content\/uploads\/2023\/07\/revalida_mcamgo_abr_100720211818-4.jpg\",\"articleSection\":[\"Quadradinho em Foco\"],\"inLanguage\":\"pt-BR\"},{\"@type\":\"WebPage\",\"@id\":\"https:\/\/www.notibras.com\/site\/liminar-libera-reajuste-no-plano-de-saude-de-servidor\/\",\"url\":\"https:\/\/www.notibras.com\/site\/liminar-libera-reajuste-no-plano-de-saude-de-servidor\/\",\"name\":\"Liminar libera reajuste no plano de sa\u00fade de servidor - Notibras\",\"isPartOf\":{\"@id\":\"https:\/\/www.notibras.com\/site\/#website\"},\"primaryImageOfPage\":{\"@id\":\"https:\/\/www.notibras.com\/site\/liminar-libera-reajuste-no-plano-de-saude-de-servidor\/#primaryimage\"},\"image\":{\"@id\":\"https:\/\/www.notibras.com\/site\/liminar-libera-reajuste-no-plano-de-saude-de-servidor\/#primaryimage\"},\"thumbnailUrl\":\"https:\/\/www.notibras.com\/site\/wp-content\/uploads\/2023\/07\/revalida_mcamgo_abr_100720211818-4.jpg\",\"datePublished\":\"2023-09-09T03:00:58+00:00\",\"dateModified\":\"2023-09-09T14:59:49+00:00\",\"breadcrumb\":{\"@id\":\"https:\/\/www.notibras.com\/site\/liminar-libera-reajuste-no-plano-de-saude-de-servidor\/#breadcrumb\"},\"inLanguage\":\"pt-BR\",\"potentialAction\":[{\"@type\":\"ReadAction\",\"target\":[\"https:\/\/www.notibras.com\/site\/liminar-libera-reajuste-no-plano-de-saude-de-servidor\/\"]}]},{\"@type\":\"ImageObject\",\"inLanguage\":\"pt-BR\",\"@id\":\"https:\/\/www.notibras.com\/site\/liminar-libera-reajuste-no-plano-de-saude-de-servidor\/#primaryimage\",\"url\":\"https:\/\/www.notibras.com\/site\/wp-content\/uploads\/2023\/07\/revalida_mcamgo_abr_100720211818-4.jpg\",\"contentUrl\":\"https:\/\/www.notibras.com\/site\/wp-content\/uploads\/2023\/07\/revalida_mcamgo_abr_100720211818-4.jpg\",\"width\":1170,\"height\":700,\"caption\":\"M\u00e9dicos chegam ao local de prova para a segunda etapa do Exame Nacional de Revalida\u00e7\u00e3o de Diplomas M\u00e9dicos Expedidos por Institui\u00e7\u00e3o de Educa\u00e7\u00e3o Superior Estrangeira (Revalida) 2020, em Bras\u00edlia.\"},{\"@type\":\"BreadcrumbList\",\"@id\":\"https:\/\/www.notibras.com\/site\/liminar-libera-reajuste-no-plano-de-saude-de-servidor\/#breadcrumb\",\"itemListElement\":[{\"@type\":\"ListItem\",\"position\":1,\"name\":\"In\u00edcio\",\"item\":\"https:\/\/www.notibras.com\/site\/\"},{\"@type\":\"ListItem\",\"position\":2,\"name\":\"Liminar libera reajuste no plano de sa\u00fade de servidor\"}]},{\"@type\":\"WebSite\",\"@id\":\"https:\/\/www.notibras.com\/site\/#website\",\"url\":\"https:\/\/www.notibras.com\/site\/\",\"name\":\"Notibras\",\"description\":\"Not\u00edcias de Bras\u00edlia, do Brasil e do Mundo\",\"publisher\":{\"@id\":\"https:\/\/www.notibras.com\/site\/#organization\"},\"potentialAction\":[{\"@type\":\"SearchAction\",\"target\":{\"@type\":\"EntryPoint\",\"urlTemplate\":\"https:\/\/www.notibras.com\/site\/?s={search_term_string}\"},\"query-input\":{\"@type\":\"PropertyValueSpecification\",\"valueRequired\":true,\"valueName\":\"search_term_string\"}}],\"inLanguage\":\"pt-BR\"},{\"@type\":\"Organization\",\"@id\":\"https:\/\/www.notibras.com\/site\/#organization\",\"name\":\"Grupo Notibras de Comunica\u00e7\u00e3o\",\"url\":\"https:\/\/www.notibras.com\/site\/\",\"logo\":{\"@type\":\"ImageObject\",\"inLanguage\":\"pt-BR\",\"@id\":\"https:\/\/www.notibras.com\/site\/#\/schema\/logo\/image\/\",\"url\":\"https:\/\/www.notibras.com\/site\/wp-content\/uploads\/2023\/01\/notibras23.png\",\"contentUrl\":\"https:\/\/www.notibras.com\/site\/wp-content\/uploads\/2023\/01\/notibras23.png\",\"width\":350,\"height\":87,\"caption\":\"Grupo Notibras de Comunica\u00e7\u00e3o\"},\"image\":{\"@id\":\"https:\/\/www.notibras.com\/site\/#\/schema\/logo\/image\/\"},\"sameAs\":[\"https:\/\/www.facebook.com\/notibras\/\",\"https:\/\/x.com\/Notibras\",\"https:\/\/www.instagram.com\/notibras\/\"]},{\"@type\":\"Person\",\"@id\":\"https:\/\/www.notibras.com\/site\/#\/schema\/person\/36ab0979449956132d3e5b517ea76ac8\",\"name\":\"Reda\u00e7\u00e3o\",\"image\":{\"@type\":\"ImageObject\",\"inLanguage\":\"pt-BR\",\"@id\":\"https:\/\/secure.gravatar.com\/avatar\/e0a867bdedb85fd243eadf09663511f96fc81e0720a4a42581f334ad4303aa6b?s=96&d=mm&r=g\",\"url\":\"https:\/\/secure.gravatar.com\/avatar\/e0a867bdedb85fd243eadf09663511f96fc81e0720a4a42581f334ad4303aa6b?s=96&d=mm&r=g\",\"contentUrl\":\"https:\/\/secure.gravatar.com\/avatar\/e0a867bdedb85fd243eadf09663511f96fc81e0720a4a42581f334ad4303aa6b?s=96&d=mm&r=g\",\"caption\":\"Reda\u00e7\u00e3o\"}}]}<\/script>\n<!-- \/ Yoast SEO plugin. -->","yoast_head_json":{"title":"Liminar libera reajuste no plano de sa\u00fade de servidor - Notibras","robots":{"index":"index","follow":"follow","max-snippet":"max-snippet:-1","max-image-preview":"max-image-preview:large","max-video-preview":"max-video-preview:-1"},"canonical":"https:\/\/www.notibras.com\/site\/liminar-libera-reajuste-no-plano-de-saude-de-servidor\/","og_locale":"pt_BR","og_type":"article","og_title":"Liminar libera reajuste no plano de sa\u00fade de servidor - Notibras","og_description":"Desembargadora do Tribunal de Justi\u00e7a concedeu liminar que autoriza aplica\u00e7\u00e3o de reajuste ao plano de sa\u00fade dos servidores do DF, conv\u00eanio gerido pelo Instituto de Assist\u00eancia \u00e0 Sa\u00fade dos Servidores do Distrito Federal (INAS), at\u00e9 julgamento final da a\u00e7\u00e3o. A a\u00e7\u00e3o coletiva que pede a suspens\u00e3o do reajuste, por ilegalidade material e formal, foi proposta [&hellip;]","og_url":"https:\/\/www.notibras.com\/site\/liminar-libera-reajuste-no-plano-de-saude-de-servidor\/","og_site_name":"Notibras","article_publisher":"https:\/\/www.facebook.com\/notibras\/","article_published_time":"2023-09-09T03:00:58+00:00","article_modified_time":"2023-09-09T14:59:49+00:00","og_image":[{"width":1170,"height":700,"url":"https:\/\/www.notibras.com\/site\/wp-content\/uploads\/2023\/07\/revalida_mcamgo_abr_100720211818-4.jpg","type":"image\/jpeg"}],"author":"Reda\u00e7\u00e3o","twitter_card":"summary_large_image","twitter_creator":"@Notibras","twitter_site":"@Notibras","twitter_misc":{"Escrito por":"Reda\u00e7\u00e3o","Est. tempo de leitura":"4 minutos"},"schema":{"@context":"https:\/\/schema.org","@graph":[{"@type":"Article","@id":"https:\/\/www.notibras.com\/site\/liminar-libera-reajuste-no-plano-de-saude-de-servidor\/#article","isPartOf":{"@id":"https:\/\/www.notibras.com\/site\/liminar-libera-reajuste-no-plano-de-saude-de-servidor\/"},"author":{"name":"Reda\u00e7\u00e3o","@id":"https:\/\/www.notibras.com\/site\/#\/schema\/person\/36ab0979449956132d3e5b517ea76ac8"},"headline":"Liminar libera reajuste no plano de sa\u00fade de servidor","datePublished":"2023-09-09T03:00:58+00:00","dateModified":"2023-09-09T14:59:49+00:00","mainEntityOfPage":{"@id":"https:\/\/www.notibras.com\/site\/liminar-libera-reajuste-no-plano-de-saude-de-servidor\/"},"wordCount":623,"publisher":{"@id":"https:\/\/www.notibras.com\/site\/#organization"},"image":{"@id":"https:\/\/www.notibras.com\/site\/liminar-libera-reajuste-no-plano-de-saude-de-servidor\/#primaryimage"},"thumbnailUrl":"https:\/\/www.notibras.com\/site\/wp-content\/uploads\/2023\/07\/revalida_mcamgo_abr_100720211818-4.jpg","articleSection":["Quadradinho em Foco"],"inLanguage":"pt-BR"},{"@type":"WebPage","@id":"https:\/\/www.notibras.com\/site\/liminar-libera-reajuste-no-plano-de-saude-de-servidor\/","url":"https:\/\/www.notibras.com\/site\/liminar-libera-reajuste-no-plano-de-saude-de-servidor\/","name":"Liminar libera reajuste no plano de sa\u00fade de servidor - Notibras","isPartOf":{"@id":"https:\/\/www.notibras.com\/site\/#website"},"primaryImageOfPage":{"@id":"https:\/\/www.notibras.com\/site\/liminar-libera-reajuste-no-plano-de-saude-de-servidor\/#primaryimage"},"image":{"@id":"https:\/\/www.notibras.com\/site\/liminar-libera-reajuste-no-plano-de-saude-de-servidor\/#primaryimage"},"thumbnailUrl":"https:\/\/www.notibras.com\/site\/wp-content\/uploads\/2023\/07\/revalida_mcamgo_abr_100720211818-4.jpg","datePublished":"2023-09-09T03:00:58+00:00","dateModified":"2023-09-09T14:59:49+00:00","breadcrumb":{"@id":"https:\/\/www.notibras.com\/site\/liminar-libera-reajuste-no-plano-de-saude-de-servidor\/#breadcrumb"},"inLanguage":"pt-BR","potentialAction":[{"@type":"ReadAction","target":["https:\/\/www.notibras.com\/site\/liminar-libera-reajuste-no-plano-de-saude-de-servidor\/"]}]},{"@type":"ImageObject","inLanguage":"pt-BR","@id":"https:\/\/www.notibras.com\/site\/liminar-libera-reajuste-no-plano-de-saude-de-servidor\/#primaryimage","url":"https:\/\/www.notibras.com\/site\/wp-content\/uploads\/2023\/07\/revalida_mcamgo_abr_100720211818-4.jpg","contentUrl":"https:\/\/www.notibras.com\/site\/wp-content\/uploads\/2023\/07\/revalida_mcamgo_abr_100720211818-4.jpg","width":1170,"height":700,"caption":"M\u00e9dicos chegam ao local de prova para a segunda etapa do Exame Nacional de Revalida\u00e7\u00e3o de Diplomas M\u00e9dicos Expedidos por Institui\u00e7\u00e3o de Educa\u00e7\u00e3o Superior Estrangeira (Revalida) 2020, em Bras\u00edlia."},{"@type":"BreadcrumbList","@id":"https:\/\/www.notibras.com\/site\/liminar-libera-reajuste-no-plano-de-saude-de-servidor\/#breadcrumb","itemListElement":[{"@type":"ListItem","position":1,"name":"In\u00edcio","item":"https:\/\/www.notibras.com\/site\/"},{"@type":"ListItem","position":2,"name":"Liminar libera reajuste no plano de sa\u00fade de servidor"}]},{"@type":"WebSite","@id":"https:\/\/www.notibras.com\/site\/#website","url":"https:\/\/www.notibras.com\/site\/","name":"Notibras","description":"Not\u00edcias de Bras\u00edlia, do Brasil e do Mundo","publisher":{"@id":"https:\/\/www.notibras.com\/site\/#organization"},"potentialAction":[{"@type":"SearchAction","target":{"@type":"EntryPoint","urlTemplate":"https:\/\/www.notibras.com\/site\/?s={search_term_string}"},"query-input":{"@type":"PropertyValueSpecification","valueRequired":true,"valueName":"search_term_string"}}],"inLanguage":"pt-BR"},{"@type":"Organization","@id":"https:\/\/www.notibras.com\/site\/#organization","name":"Grupo Notibras de Comunica\u00e7\u00e3o","url":"https:\/\/www.notibras.com\/site\/","logo":{"@type":"ImageObject","inLanguage":"pt-BR","@id":"https:\/\/www.notibras.com\/site\/#\/schema\/logo\/image\/","url":"https:\/\/www.notibras.com\/site\/wp-content\/uploads\/2023\/01\/notibras23.png","contentUrl":"https:\/\/www.notibras.com\/site\/wp-content\/uploads\/2023\/01\/notibras23.png","width":350,"height":87,"caption":"Grupo Notibras de Comunica\u00e7\u00e3o"},"image":{"@id":"https:\/\/www.notibras.com\/site\/#\/schema\/logo\/image\/"},"sameAs":["https:\/\/www.facebook.com\/notibras\/","https:\/\/x.com\/Notibras","https:\/\/www.instagram.com\/notibras\/"]},{"@type":"Person","@id":"https:\/\/www.notibras.com\/site\/#\/schema\/person\/36ab0979449956132d3e5b517ea76ac8","name":"Reda\u00e7\u00e3o","image":{"@type":"ImageObject","inLanguage":"pt-BR","@id":"https:\/\/secure.gravatar.com\/avatar\/e0a867bdedb85fd243eadf09663511f96fc81e0720a4a42581f334ad4303aa6b?s=96&d=mm&r=g","url":"https:\/\/secure.gravatar.com\/avatar\/e0a867bdedb85fd243eadf09663511f96fc81e0720a4a42581f334ad4303aa6b?s=96&d=mm&r=g","contentUrl":"https:\/\/secure.gravatar.com\/avatar\/e0a867bdedb85fd243eadf09663511f96fc81e0720a4a42581f334ad4303aa6b?s=96&d=mm&r=g","caption":"Reda\u00e7\u00e3o"}}]}},"amp_enabled":true,"_links":{"self":[{"href":"https:\/\/www.notibras.com\/site\/wp-json\/wp\/v2\/posts\/312529","targetHints":{"allow":["GET"]}}],"collection":[{"href":"https:\/\/www.notibras.com\/site\/wp-json\/wp\/v2\/posts"}],"about":[{"href":"https:\/\/www.notibras.com\/site\/wp-json\/wp\/v2\/types\/post"}],"author":[{"embeddable":true,"href":"https:\/\/www.notibras.com\/site\/wp-json\/wp\/v2\/users\/2"}],"replies":[{"embeddable":true,"href":"https:\/\/www.notibras.com\/site\/wp-json\/wp\/v2\/comments?post=312529"}],"version-history":[{"count":1,"href":"https:\/\/www.notibras.com\/site\/wp-json\/wp\/v2\/posts\/312529\/revisions"}],"predecessor-version":[{"id":312530,"href":"https:\/\/www.notibras.com\/site\/wp-json\/wp\/v2\/posts\/312529\/revisions\/312530"}],"wp:featuredmedia":[{"embeddable":true,"href":"https:\/\/www.notibras.com\/site\/wp-json\/wp\/v2\/media\/309619"}],"wp:attachment":[{"href":"https:\/\/www.notibras.com\/site\/wp-json\/wp\/v2\/media?parent=312529"}],"wp:term":[{"taxonomy":"category","embeddable":true,"href":"https:\/\/www.notibras.com\/site\/wp-json\/wp\/v2\/categories?post=312529"},{"taxonomy":"post_tag","embeddable":true,"href":"https:\/\/www.notibras.com\/site\/wp-json\/wp\/v2\/tags?post=312529"}],"curies":[{"name":"wp","href":"https:\/\/api.w.org\/{rel}","templated":true}]}}