{"id":312574,"date":"2023-09-10T00:00:10","date_gmt":"2023-09-10T03:00:10","guid":{"rendered":"https:\/\/www.notibras.com\/site\/?p=312574"},"modified":"2023-09-10T07:37:39","modified_gmt":"2023-09-10T10:37:39","slug":"extracao-de-velhos-pinheiros-condenados-entra-na-fase-final","status":"publish","type":"post","link":"https:\/\/www.notibras.com\/site\/extracao-de-velhos-pinheiros-condenados-entra-na-fase-final\/","title":{"rendered":"Extra\u00e7\u00e3o de velhos pinheiros &#8216;condenados&#8217; entra na fase final"},"content":{"rendered":"<p>A opera\u00e7\u00e3o de retirada dos pinheiros do Parque da Cidade est\u00e1 chegando ao fim. Do total de 1 mil 628 pinheiros, quase 1 mil 400 j\u00e1 foram arrancados. Cerca de 50 pessoas atuam diariamente na supress\u00e3o, remo\u00e7\u00e3o de troncos e de lenha, transportando o material por meio de seis carrocerias. A \u00e1rea da retirada \u00e9 equivalente a 6,2 hectares, ou seja, de aproximadamente seis campos de futebol oficiais.<\/p>\n<p>Os pinheiros cortados desde 3 de agosto t\u00eam sido armazenados no Viveiro II da Novacap, no Setor de Oficinas Norte, pr\u00f3ximo \u00e0 \u00c1gua Mineral. De acordo com a Companhia Urbanizadora da Nova Capital, os 6.126,46 m\u00b3 de madeira retirados seguir\u00e3o para leil\u00e3o p\u00fablico.<\/p>\n<p>A retirada dos pinheiros visa \u00e0 seguran\u00e7a da popula\u00e7\u00e3o que frequenta o parque e tamb\u00e9m tem car\u00e1ter de adequa\u00e7\u00e3o ambiental. De acordo com o engenheiro florestal da Novacap Leonardo Rangel da Costa, muitas daquelas \u00e1rvores, que possuem em m\u00e9dia 27,7 metros de altura, apresentam risco de queda, rachaduras, buracos, ferimentos, fungos, brocas, cupins, entre outros problemas.<\/p>\n<p>\u201cNossa preocupa\u00e7\u00e3o \u00e9 entregar o parque com seguran\u00e7a para a popula\u00e7\u00e3o\u201d, explica o engenheiro. \u201cAs \u00e1rvores j\u00e1 estavam em decl\u00ednio da sua vida. Era um local agrad\u00e1vel, mas, devido ao risco de acidentes, a solu\u00e7\u00e3o \u00e9 a retirada desses pinheiros.\u201d<\/p>\n<p>Segundo os t\u00e9cnicos, os pinheiros haviam sido plantados com a previs\u00e3o de durar 20 anos no local, e muitos possuem 40 anos. Al\u00e9m disso, n\u00e3o s\u00e3o \u00e1rvores t\u00edpicas do Cerrado, apresentando, portanto, impacto negativo sobre outras esp\u00e9cies.<\/p>\n<p><strong>Restaura\u00e7\u00e3o da flora<\/strong><br \/>\nSegundo maior parque urbano do mundo, o Parque da Cidade Sarah Kubitschek ter\u00e1 o projeto original, criado pelo paisagista Roberto Burle Marx, retomado, com base em estudos t\u00e9cnicos junto ao Instituto Bras\u00edlia Ambiental.<\/p>\n<p>A proposta ser\u00e1 colocada em pr\u00e1tica ap\u00f3s a supress\u00e3o dos 1.628 pinheiros da \u00e1rea do bosque, localizado entre os estacionamentos 4 e 5. Ap\u00f3s toda a retirada, ser\u00e1 feito um plantio de esp\u00e9cies do Cerrado nos locais designados.<\/p>\n<p>Fernando Salgueiro, 61 anos, que pedala no Parque da Cidade todos os dias desde 1989, elogia a iniciativa. \u201cAqui estava perigoso com os pinheiros caindo, inclusive para as pessoas que ficavam na \u00e1rea das churrasqueiras\u201d, aponta. O ciclista acrescenta que a retirada vai abrir espa\u00e7o para o replantio de \u00e1rvores com sombra. \u201cO parque precisa, aqui \u00e9 o Cerrado de Bras\u00edlia\u201d, define.<\/p>\n","protected":false},"excerpt":{"rendered":"<p>A opera\u00e7\u00e3o de retirada dos pinheiros do Parque da Cidade est\u00e1 chegando ao fim. Do total de 1 mil 628 pinheiros, quase 1 mil 400 j\u00e1 foram arrancados. Cerca de 50 pessoas atuam diariamente na supress\u00e3o, remo\u00e7\u00e3o de troncos e de lenha, transportando o material por meio de seis carrocerias. A \u00e1rea da retirada \u00e9 [&hellip;]<\/p>\n","protected":false},"author":2,"featured_media":312575,"comment_status":"closed","ping_status":"closed","sticky":false,"template":"","format":"standard","meta":{"_acf_changed":false,"footnotes":""},"categories":[161],"tags":[],"class_list":["post-312574","post","type-post","status-publish","format-standard","has-post-thumbnail","hentry","category-quadradinho-em-foco"],"acf":[],"yoast_head":"<!-- This site is optimized with the Yoast SEO plugin v27.2 - https:\/\/yoast.com\/product\/yoast-seo-wordpress\/ -->\n<title>Extra\u00e7\u00e3o de velhos pinheiros &#039;condenados&#039; entra na fase final - Notibras<\/title>\n<meta name=\"robots\" content=\"index, follow, max-snippet:-1, max-image-preview:large, max-video-preview:-1\" \/>\n<link rel=\"canonical\" href=\"https:\/\/www.notibras.com\/site\/extracao-de-velhos-pinheiros-condenados-entra-na-fase-final\/\" \/>\n<meta property=\"og:locale\" content=\"pt_BR\" \/>\n<meta property=\"og:type\" content=\"article\" \/>\n<meta property=\"og:title\" content=\"Extra\u00e7\u00e3o de velhos pinheiros &#039;condenados&#039; entra na fase final - Notibras\" \/>\n<meta property=\"og:description\" content=\"A opera\u00e7\u00e3o de retirada dos pinheiros do Parque da Cidade est\u00e1 chegando ao fim. Do total de 1 mil 628 pinheiros, quase 1 mil 400 j\u00e1 foram arrancados. Cerca de 50 pessoas atuam diariamente na supress\u00e3o, remo\u00e7\u00e3o de troncos e de lenha, transportando o material por meio de seis carrocerias. A \u00e1rea da retirada \u00e9 [&hellip;]\" \/>\n<meta property=\"og:url\" content=\"https:\/\/www.notibras.com\/site\/extracao-de-velhos-pinheiros-condenados-entra-na-fase-final\/\" \/>\n<meta property=\"og:site_name\" content=\"Notibras\" \/>\n<meta property=\"article:publisher\" content=\"https:\/\/www.facebook.com\/notibras\/\" \/>\n<meta property=\"article:published_time\" content=\"2023-09-10T03:00:10+00:00\" \/>\n<meta property=\"article:modified_time\" content=\"2023-09-10T10:37:39+00:00\" \/>\n<meta property=\"og:image\" content=\"https:\/\/www.notibras.com\/site\/wp-content\/uploads\/2023\/09\/pinheiros.parque.jpg\" \/>\n\t<meta property=\"og:image:width\" content=\"1536\" \/>\n\t<meta property=\"og:image:height\" content=\"1024\" \/>\n\t<meta property=\"og:image:type\" content=\"image\/jpeg\" \/>\n<meta name=\"author\" content=\"Reda\u00e7\u00e3o\" \/>\n<meta name=\"twitter:card\" content=\"summary_large_image\" \/>\n<meta name=\"twitter:creator\" content=\"@Notibras\" \/>\n<meta name=\"twitter:site\" content=\"@Notibras\" \/>\n<meta name=\"twitter:label1\" content=\"Escrito por\" \/>\n\t<meta name=\"twitter:data1\" content=\"Reda\u00e7\u00e3o\" \/>\n\t<meta name=\"twitter:label2\" content=\"Est. tempo de leitura\" \/>\n\t<meta name=\"twitter:data2\" content=\"3 minutos\" \/>\n<script type=\"application\/ld+json\" class=\"yoast-schema-graph\">{\"@context\":\"https:\/\/schema.org\",\"@graph\":[{\"@type\":\"Article\",\"@id\":\"https:\/\/www.notibras.com\/site\/extracao-de-velhos-pinheiros-condenados-entra-na-fase-final\/#article\",\"isPartOf\":{\"@id\":\"https:\/\/www.notibras.com\/site\/extracao-de-velhos-pinheiros-condenados-entra-na-fase-final\/\"},\"author\":{\"name\":\"Reda\u00e7\u00e3o\",\"@id\":\"https:\/\/www.notibras.com\/site\/#\/schema\/person\/36ab0979449956132d3e5b517ea76ac8\"},\"headline\":\"Extra\u00e7\u00e3o de velhos pinheiros &#8216;condenados&#8217; entra na fase final\",\"datePublished\":\"2023-09-10T03:00:10+00:00\",\"dateModified\":\"2023-09-10T10:37:39+00:00\",\"mainEntityOfPage\":{\"@id\":\"https:\/\/www.notibras.com\/site\/extracao-de-velhos-pinheiros-condenados-entra-na-fase-final\/\"},\"wordCount\":405,\"publisher\":{\"@id\":\"https:\/\/www.notibras.com\/site\/#organization\"},\"image\":{\"@id\":\"https:\/\/www.notibras.com\/site\/extracao-de-velhos-pinheiros-condenados-entra-na-fase-final\/#primaryimage\"},\"thumbnailUrl\":\"https:\/\/www.notibras.com\/site\/wp-content\/uploads\/2023\/09\/pinheiros.parque.jpg\",\"articleSection\":[\"Quadradinho em Foco\"],\"inLanguage\":\"pt-BR\"},{\"@type\":\"WebPage\",\"@id\":\"https:\/\/www.notibras.com\/site\/extracao-de-velhos-pinheiros-condenados-entra-na-fase-final\/\",\"url\":\"https:\/\/www.notibras.com\/site\/extracao-de-velhos-pinheiros-condenados-entra-na-fase-final\/\",\"name\":\"Extra\u00e7\u00e3o de velhos pinheiros 'condenados' entra na fase final - Notibras\",\"isPartOf\":{\"@id\":\"https:\/\/www.notibras.com\/site\/#website\"},\"primaryImageOfPage\":{\"@id\":\"https:\/\/www.notibras.com\/site\/extracao-de-velhos-pinheiros-condenados-entra-na-fase-final\/#primaryimage\"},\"image\":{\"@id\":\"https:\/\/www.notibras.com\/site\/extracao-de-velhos-pinheiros-condenados-entra-na-fase-final\/#primaryimage\"},\"thumbnailUrl\":\"https:\/\/www.notibras.com\/site\/wp-content\/uploads\/2023\/09\/pinheiros.parque.jpg\",\"datePublished\":\"2023-09-10T03:00:10+00:00\",\"dateModified\":\"2023-09-10T10:37:39+00:00\",\"breadcrumb\":{\"@id\":\"https:\/\/www.notibras.com\/site\/extracao-de-velhos-pinheiros-condenados-entra-na-fase-final\/#breadcrumb\"},\"inLanguage\":\"pt-BR\",\"potentialAction\":[{\"@type\":\"ReadAction\",\"target\":[\"https:\/\/www.notibras.com\/site\/extracao-de-velhos-pinheiros-condenados-entra-na-fase-final\/\"]}]},{\"@type\":\"ImageObject\",\"inLanguage\":\"pt-BR\",\"@id\":\"https:\/\/www.notibras.com\/site\/extracao-de-velhos-pinheiros-condenados-entra-na-fase-final\/#primaryimage\",\"url\":\"https:\/\/www.notibras.com\/site\/wp-content\/uploads\/2023\/09\/pinheiros.parque.jpg\",\"contentUrl\":\"https:\/\/www.notibras.com\/site\/wp-content\/uploads\/2023\/09\/pinheiros.parque.jpg\",\"width\":1536,\"height\":1024},{\"@type\":\"BreadcrumbList\",\"@id\":\"https:\/\/www.notibras.com\/site\/extracao-de-velhos-pinheiros-condenados-entra-na-fase-final\/#breadcrumb\",\"itemListElement\":[{\"@type\":\"ListItem\",\"position\":1,\"name\":\"In\u00edcio\",\"item\":\"https:\/\/www.notibras.com\/site\/\"},{\"@type\":\"ListItem\",\"position\":2,\"name\":\"Extra\u00e7\u00e3o de velhos pinheiros &#8216;condenados&#8217; entra na fase final\"}]},{\"@type\":\"WebSite\",\"@id\":\"https:\/\/www.notibras.com\/site\/#website\",\"url\":\"https:\/\/www.notibras.com\/site\/\",\"name\":\"Notibras\",\"description\":\"Not\u00edcias de Bras\u00edlia, do Brasil e do Mundo\",\"publisher\":{\"@id\":\"https:\/\/www.notibras.com\/site\/#organization\"},\"potentialAction\":[{\"@type\":\"SearchAction\",\"target\":{\"@type\":\"EntryPoint\",\"urlTemplate\":\"https:\/\/www.notibras.com\/site\/?s={search_term_string}\"},\"query-input\":{\"@type\":\"PropertyValueSpecification\",\"valueRequired\":true,\"valueName\":\"search_term_string\"}}],\"inLanguage\":\"pt-BR\"},{\"@type\":\"Organization\",\"@id\":\"https:\/\/www.notibras.com\/site\/#organization\",\"name\":\"Grupo Notibras de Comunica\u00e7\u00e3o\",\"url\":\"https:\/\/www.notibras.com\/site\/\",\"logo\":{\"@type\":\"ImageObject\",\"inLanguage\":\"pt-BR\",\"@id\":\"https:\/\/www.notibras.com\/site\/#\/schema\/logo\/image\/\",\"url\":\"https:\/\/www.notibras.com\/site\/wp-content\/uploads\/2023\/01\/notibras23.png\",\"contentUrl\":\"https:\/\/www.notibras.com\/site\/wp-content\/uploads\/2023\/01\/notibras23.png\",\"width\":350,\"height\":87,\"caption\":\"Grupo Notibras de Comunica\u00e7\u00e3o\"},\"image\":{\"@id\":\"https:\/\/www.notibras.com\/site\/#\/schema\/logo\/image\/\"},\"sameAs\":[\"https:\/\/www.facebook.com\/notibras\/\",\"https:\/\/x.com\/Notibras\",\"https:\/\/www.instagram.com\/notibras\/\"]},{\"@type\":\"Person\",\"@id\":\"https:\/\/www.notibras.com\/site\/#\/schema\/person\/36ab0979449956132d3e5b517ea76ac8\",\"name\":\"Reda\u00e7\u00e3o\",\"image\":{\"@type\":\"ImageObject\",\"inLanguage\":\"pt-BR\",\"@id\":\"https:\/\/secure.gravatar.com\/avatar\/e0a867bdedb85fd243eadf09663511f96fc81e0720a4a42581f334ad4303aa6b?s=96&d=mm&r=g\",\"url\":\"https:\/\/secure.gravatar.com\/avatar\/e0a867bdedb85fd243eadf09663511f96fc81e0720a4a42581f334ad4303aa6b?s=96&d=mm&r=g\",\"contentUrl\":\"https:\/\/secure.gravatar.com\/avatar\/e0a867bdedb85fd243eadf09663511f96fc81e0720a4a42581f334ad4303aa6b?s=96&d=mm&r=g\",\"caption\":\"Reda\u00e7\u00e3o\"}}]}<\/script>\n<!-- \/ Yoast SEO plugin. -->","yoast_head_json":{"title":"Extra\u00e7\u00e3o de velhos pinheiros 'condenados' entra na fase final - Notibras","robots":{"index":"index","follow":"follow","max-snippet":"max-snippet:-1","max-image-preview":"max-image-preview:large","max-video-preview":"max-video-preview:-1"},"canonical":"https:\/\/www.notibras.com\/site\/extracao-de-velhos-pinheiros-condenados-entra-na-fase-final\/","og_locale":"pt_BR","og_type":"article","og_title":"Extra\u00e7\u00e3o de velhos pinheiros 'condenados' entra na fase final - Notibras","og_description":"A opera\u00e7\u00e3o de retirada dos pinheiros do Parque da Cidade est\u00e1 chegando ao fim. Do total de 1 mil 628 pinheiros, quase 1 mil 400 j\u00e1 foram arrancados. Cerca de 50 pessoas atuam diariamente na supress\u00e3o, remo\u00e7\u00e3o de troncos e de lenha, transportando o material por meio de seis carrocerias. A \u00e1rea da retirada \u00e9 [&hellip;]","og_url":"https:\/\/www.notibras.com\/site\/extracao-de-velhos-pinheiros-condenados-entra-na-fase-final\/","og_site_name":"Notibras","article_publisher":"https:\/\/www.facebook.com\/notibras\/","article_published_time":"2023-09-10T03:00:10+00:00","article_modified_time":"2023-09-10T10:37:39+00:00","og_image":[{"width":1536,"height":1024,"url":"https:\/\/www.notibras.com\/site\/wp-content\/uploads\/2023\/09\/pinheiros.parque.jpg","type":"image\/jpeg"}],"author":"Reda\u00e7\u00e3o","twitter_card":"summary_large_image","twitter_creator":"@Notibras","twitter_site":"@Notibras","twitter_misc":{"Escrito por":"Reda\u00e7\u00e3o","Est. tempo de leitura":"3 minutos"},"schema":{"@context":"https:\/\/schema.org","@graph":[{"@type":"Article","@id":"https:\/\/www.notibras.com\/site\/extracao-de-velhos-pinheiros-condenados-entra-na-fase-final\/#article","isPartOf":{"@id":"https:\/\/www.notibras.com\/site\/extracao-de-velhos-pinheiros-condenados-entra-na-fase-final\/"},"author":{"name":"Reda\u00e7\u00e3o","@id":"https:\/\/www.notibras.com\/site\/#\/schema\/person\/36ab0979449956132d3e5b517ea76ac8"},"headline":"Extra\u00e7\u00e3o de velhos pinheiros &#8216;condenados&#8217; entra na fase final","datePublished":"2023-09-10T03:00:10+00:00","dateModified":"2023-09-10T10:37:39+00:00","mainEntityOfPage":{"@id":"https:\/\/www.notibras.com\/site\/extracao-de-velhos-pinheiros-condenados-entra-na-fase-final\/"},"wordCount":405,"publisher":{"@id":"https:\/\/www.notibras.com\/site\/#organization"},"image":{"@id":"https:\/\/www.notibras.com\/site\/extracao-de-velhos-pinheiros-condenados-entra-na-fase-final\/#primaryimage"},"thumbnailUrl":"https:\/\/www.notibras.com\/site\/wp-content\/uploads\/2023\/09\/pinheiros.parque.jpg","articleSection":["Quadradinho em Foco"],"inLanguage":"pt-BR"},{"@type":"WebPage","@id":"https:\/\/www.notibras.com\/site\/extracao-de-velhos-pinheiros-condenados-entra-na-fase-final\/","url":"https:\/\/www.notibras.com\/site\/extracao-de-velhos-pinheiros-condenados-entra-na-fase-final\/","name":"Extra\u00e7\u00e3o de velhos pinheiros 'condenados' entra na fase final - Notibras","isPartOf":{"@id":"https:\/\/www.notibras.com\/site\/#website"},"primaryImageOfPage":{"@id":"https:\/\/www.notibras.com\/site\/extracao-de-velhos-pinheiros-condenados-entra-na-fase-final\/#primaryimage"},"image":{"@id":"https:\/\/www.notibras.com\/site\/extracao-de-velhos-pinheiros-condenados-entra-na-fase-final\/#primaryimage"},"thumbnailUrl":"https:\/\/www.notibras.com\/site\/wp-content\/uploads\/2023\/09\/pinheiros.parque.jpg","datePublished":"2023-09-10T03:00:10+00:00","dateModified":"2023-09-10T10:37:39+00:00","breadcrumb":{"@id":"https:\/\/www.notibras.com\/site\/extracao-de-velhos-pinheiros-condenados-entra-na-fase-final\/#breadcrumb"},"inLanguage":"pt-BR","potentialAction":[{"@type":"ReadAction","target":["https:\/\/www.notibras.com\/site\/extracao-de-velhos-pinheiros-condenados-entra-na-fase-final\/"]}]},{"@type":"ImageObject","inLanguage":"pt-BR","@id":"https:\/\/www.notibras.com\/site\/extracao-de-velhos-pinheiros-condenados-entra-na-fase-final\/#primaryimage","url":"https:\/\/www.notibras.com\/site\/wp-content\/uploads\/2023\/09\/pinheiros.parque.jpg","contentUrl":"https:\/\/www.notibras.com\/site\/wp-content\/uploads\/2023\/09\/pinheiros.parque.jpg","width":1536,"height":1024},{"@type":"BreadcrumbList","@id":"https:\/\/www.notibras.com\/site\/extracao-de-velhos-pinheiros-condenados-entra-na-fase-final\/#breadcrumb","itemListElement":[{"@type":"ListItem","position":1,"name":"In\u00edcio","item":"https:\/\/www.notibras.com\/site\/"},{"@type":"ListItem","position":2,"name":"Extra\u00e7\u00e3o de velhos pinheiros &#8216;condenados&#8217; entra na fase final"}]},{"@type":"WebSite","@id":"https:\/\/www.notibras.com\/site\/#website","url":"https:\/\/www.notibras.com\/site\/","name":"Notibras","description":"Not\u00edcias de Bras\u00edlia, do Brasil e do Mundo","publisher":{"@id":"https:\/\/www.notibras.com\/site\/#organization"},"potentialAction":[{"@type":"SearchAction","target":{"@type":"EntryPoint","urlTemplate":"https:\/\/www.notibras.com\/site\/?s={search_term_string}"},"query-input":{"@type":"PropertyValueSpecification","valueRequired":true,"valueName":"search_term_string"}}],"inLanguage":"pt-BR"},{"@type":"Organization","@id":"https:\/\/www.notibras.com\/site\/#organization","name":"Grupo Notibras de Comunica\u00e7\u00e3o","url":"https:\/\/www.notibras.com\/site\/","logo":{"@type":"ImageObject","inLanguage":"pt-BR","@id":"https:\/\/www.notibras.com\/site\/#\/schema\/logo\/image\/","url":"https:\/\/www.notibras.com\/site\/wp-content\/uploads\/2023\/01\/notibras23.png","contentUrl":"https:\/\/www.notibras.com\/site\/wp-content\/uploads\/2023\/01\/notibras23.png","width":350,"height":87,"caption":"Grupo Notibras de Comunica\u00e7\u00e3o"},"image":{"@id":"https:\/\/www.notibras.com\/site\/#\/schema\/logo\/image\/"},"sameAs":["https:\/\/www.facebook.com\/notibras\/","https:\/\/x.com\/Notibras","https:\/\/www.instagram.com\/notibras\/"]},{"@type":"Person","@id":"https:\/\/www.notibras.com\/site\/#\/schema\/person\/36ab0979449956132d3e5b517ea76ac8","name":"Reda\u00e7\u00e3o","image":{"@type":"ImageObject","inLanguage":"pt-BR","@id":"https:\/\/secure.gravatar.com\/avatar\/e0a867bdedb85fd243eadf09663511f96fc81e0720a4a42581f334ad4303aa6b?s=96&d=mm&r=g","url":"https:\/\/secure.gravatar.com\/avatar\/e0a867bdedb85fd243eadf09663511f96fc81e0720a4a42581f334ad4303aa6b?s=96&d=mm&r=g","contentUrl":"https:\/\/secure.gravatar.com\/avatar\/e0a867bdedb85fd243eadf09663511f96fc81e0720a4a42581f334ad4303aa6b?s=96&d=mm&r=g","caption":"Reda\u00e7\u00e3o"}}]}},"amp_enabled":true,"_links":{"self":[{"href":"https:\/\/www.notibras.com\/site\/wp-json\/wp\/v2\/posts\/312574","targetHints":{"allow":["GET"]}}],"collection":[{"href":"https:\/\/www.notibras.com\/site\/wp-json\/wp\/v2\/posts"}],"about":[{"href":"https:\/\/www.notibras.com\/site\/wp-json\/wp\/v2\/types\/post"}],"author":[{"embeddable":true,"href":"https:\/\/www.notibras.com\/site\/wp-json\/wp\/v2\/users\/2"}],"replies":[{"embeddable":true,"href":"https:\/\/www.notibras.com\/site\/wp-json\/wp\/v2\/comments?post=312574"}],"version-history":[{"count":1,"href":"https:\/\/www.notibras.com\/site\/wp-json\/wp\/v2\/posts\/312574\/revisions"}],"predecessor-version":[{"id":312576,"href":"https:\/\/www.notibras.com\/site\/wp-json\/wp\/v2\/posts\/312574\/revisions\/312576"}],"wp:featuredmedia":[{"embeddable":true,"href":"https:\/\/www.notibras.com\/site\/wp-json\/wp\/v2\/media\/312575"}],"wp:attachment":[{"href":"https:\/\/www.notibras.com\/site\/wp-json\/wp\/v2\/media?parent=312574"}],"wp:term":[{"taxonomy":"category","embeddable":true,"href":"https:\/\/www.notibras.com\/site\/wp-json\/wp\/v2\/categories?post=312574"},{"taxonomy":"post_tag","embeddable":true,"href":"https:\/\/www.notibras.com\/site\/wp-json\/wp\/v2\/tags?post=312574"}],"curies":[{"name":"wp","href":"https:\/\/api.w.org\/{rel}","templated":true}]}}