{"id":312577,"date":"2023-09-10T00:44:45","date_gmt":"2023-09-10T03:44:45","guid":{"rendered":"https:\/\/www.notibras.com\/site\/?p=312577"},"modified":"2023-09-10T07:46:03","modified_gmt":"2023-09-10T10:46:03","slug":"arruda-decide-recorrer-da-decisao-de-condenacao","status":"publish","type":"post","link":"https:\/\/www.notibras.com\/site\/arruda-decide-recorrer-da-decisao-de-condenacao\/","title":{"rendered":"Arruda decide recorrer da decis\u00e3o de condena\u00e7\u00e3o"},"content":{"rendered":"<p>O ex-governador Jos\u00e9 Roberto Arruda vai recorrer da mais nova condena\u00e7\u00e3o que lhe foi imposta pelo Tribunal de Justi\u00e7a, no processo conhecido como Caixa de Pandora. Ele e outros r\u00e9us foram condenados por improbidade em suposto esquema de corrup\u00e7\u00e3o de parlamentares em meados de 2009.<\/p>\n<p>As penas consistem em integral ressarcimento dos danos aos cofres p\u00fablicos, suspens\u00e3o dos direitos pol\u00edticos, multa e proibi\u00e7\u00e3o de contratar com o poder p\u00fablico ou de receber incentivos fiscais ou credit\u00edcios.<\/p>\n<p>Na den\u00fancia, o Minist\u00e9rio P\u00fablico descreve que, naquele ano, foi deflagrada a opera\u00e7\u00e3o \u201cCaixa de Pandora\u201d com cumprimento de mandados de busca e apreens\u00e3o, seguidos de outros desdobramentos.<\/p>\n<p>Por meio dessa opera\u00e7\u00e3o, foi revelada a exist\u00eancia de organiza\u00e7\u00e3o criminosa no Governo do Distrito Federal. Ainda segundo o MP, o ent\u00e3o Secret\u00e1rio de Estado de Assuntos Institucionais, Durval Barbosa, descreveu detalhes do funcionamento da organiza\u00e7\u00e3o criminosa.<\/p>\n<p>O processo aponta a exist\u00eancia de um esquema de arrecada\u00e7\u00e3o e distribui\u00e7\u00e3o de propinas destinadas a parlamentares da C\u00e2mara Legislativa em troca de apoio pol\u00edtico a Arruda. Filmagens revelam os momentos em que operadores do esquema tratavam de assuntos de interesse da organiza\u00e7\u00e3o criminosa, como o pagamento e recebimento de dinheiro il\u00edcito.<\/p>\n<p>A capta\u00e7\u00e3o ambiental explicitou a rotina de atua\u00e7\u00e3o dos agentes, no esquema pagamento de mensal\u00e3o a deputados distritais. A den\u00fancia tamb\u00e9m faz men\u00e7\u00e3o a controle de pagamento de deputados, bem como a um \u201cengendrado esquema de corrup\u00e7\u00e3o e enriquecimento il\u00edcito, que come\u00e7a com a arrecada\u00e7\u00e3o de dinheiro, obtido por um sistema de contrata\u00e7\u00f5es p\u00fablicas viciadas\u201d.<\/p>\n","protected":false},"excerpt":{"rendered":"<p>O ex-governador Jos\u00e9 Roberto Arruda vai recorrer da mais nova condena\u00e7\u00e3o que lhe foi imposta pelo Tribunal de Justi\u00e7a, no processo conhecido como Caixa de Pandora. Ele e outros r\u00e9us foram condenados por improbidade em suposto esquema de corrup\u00e7\u00e3o de parlamentares em meados de 2009. As penas consistem em integral ressarcimento dos danos aos cofres [&hellip;]<\/p>\n","protected":false},"author":2,"featured_media":289829,"comment_status":"closed","ping_status":"closed","sticky":false,"template":"","format":"standard","meta":{"_acf_changed":false,"footnotes":""},"categories":[161],"tags":[],"class_list":["post-312577","post","type-post","status-publish","format-standard","has-post-thumbnail","hentry","category-quadradinho-em-foco"],"acf":[],"yoast_head":"<!-- This site is optimized with the Yoast SEO plugin v27.2 - https:\/\/yoast.com\/product\/yoast-seo-wordpress\/ -->\n<title>Arruda decide recorrer da decis\u00e3o de condena\u00e7\u00e3o - Notibras<\/title>\n<meta name=\"robots\" content=\"index, follow, max-snippet:-1, max-image-preview:large, max-video-preview:-1\" \/>\n<link rel=\"canonical\" href=\"https:\/\/www.notibras.com\/site\/arruda-decide-recorrer-da-decisao-de-condenacao\/\" \/>\n<meta property=\"og:locale\" content=\"pt_BR\" \/>\n<meta property=\"og:type\" content=\"article\" \/>\n<meta property=\"og:title\" content=\"Arruda decide recorrer da decis\u00e3o de condena\u00e7\u00e3o - Notibras\" \/>\n<meta property=\"og:description\" content=\"O ex-governador Jos\u00e9 Roberto Arruda vai recorrer da mais nova condena\u00e7\u00e3o que lhe foi imposta pelo Tribunal de Justi\u00e7a, no processo conhecido como Caixa de Pandora. Ele e outros r\u00e9us foram condenados por improbidade em suposto esquema de corrup\u00e7\u00e3o de parlamentares em meados de 2009. As penas consistem em integral ressarcimento dos danos aos cofres [&hellip;]\" \/>\n<meta property=\"og:url\" content=\"https:\/\/www.notibras.com\/site\/arruda-decide-recorrer-da-decisao-de-condenacao\/\" \/>\n<meta property=\"og:site_name\" content=\"Notibras\" \/>\n<meta property=\"article:publisher\" content=\"https:\/\/www.facebook.com\/notibras\/\" \/>\n<meta property=\"article:published_time\" content=\"2023-09-10T03:44:45+00:00\" \/>\n<meta property=\"article:modified_time\" content=\"2023-09-10T10:46:03+00:00\" \/>\n<meta property=\"og:image\" content=\"https:\/\/www.notibras.com\/site\/wp-content\/uploads\/2022\/08\/arruda_vale_esta-1.jpg\" \/>\n\t<meta property=\"og:image:width\" content=\"1170\" \/>\n\t<meta property=\"og:image:height\" content=\"700\" \/>\n\t<meta property=\"og:image:type\" content=\"image\/jpeg\" \/>\n<meta name=\"author\" content=\"Reda\u00e7\u00e3o\" \/>\n<meta name=\"twitter:card\" content=\"summary_large_image\" \/>\n<meta name=\"twitter:creator\" content=\"@Notibras\" \/>\n<meta name=\"twitter:site\" content=\"@Notibras\" \/>\n<meta name=\"twitter:label1\" content=\"Escrito por\" \/>\n\t<meta name=\"twitter:data1\" content=\"Reda\u00e7\u00e3o\" \/>\n\t<meta name=\"twitter:label2\" content=\"Est. tempo de leitura\" \/>\n\t<meta name=\"twitter:data2\" content=\"2 minutos\" \/>\n<script type=\"application\/ld+json\" class=\"yoast-schema-graph\">{\"@context\":\"https:\/\/schema.org\",\"@graph\":[{\"@type\":\"Article\",\"@id\":\"https:\/\/www.notibras.com\/site\/arruda-decide-recorrer-da-decisao-de-condenacao\/#article\",\"isPartOf\":{\"@id\":\"https:\/\/www.notibras.com\/site\/arruda-decide-recorrer-da-decisao-de-condenacao\/\"},\"author\":{\"name\":\"Reda\u00e7\u00e3o\",\"@id\":\"https:\/\/www.notibras.com\/site\/#\/schema\/person\/36ab0979449956132d3e5b517ea76ac8\"},\"headline\":\"Arruda decide recorrer da decis\u00e3o de condena\u00e7\u00e3o\",\"datePublished\":\"2023-09-10T03:44:45+00:00\",\"dateModified\":\"2023-09-10T10:46:03+00:00\",\"mainEntityOfPage\":{\"@id\":\"https:\/\/www.notibras.com\/site\/arruda-decide-recorrer-da-decisao-de-condenacao\/\"},\"wordCount\":296,\"publisher\":{\"@id\":\"https:\/\/www.notibras.com\/site\/#organization\"},\"image\":{\"@id\":\"https:\/\/www.notibras.com\/site\/arruda-decide-recorrer-da-decisao-de-condenacao\/#primaryimage\"},\"thumbnailUrl\":\"https:\/\/www.notibras.com\/site\/wp-content\/uploads\/2022\/08\/arruda_vale_esta-1.jpg\",\"articleSection\":[\"Quadradinho em Foco\"],\"inLanguage\":\"pt-BR\"},{\"@type\":\"WebPage\",\"@id\":\"https:\/\/www.notibras.com\/site\/arruda-decide-recorrer-da-decisao-de-condenacao\/\",\"url\":\"https:\/\/www.notibras.com\/site\/arruda-decide-recorrer-da-decisao-de-condenacao\/\",\"name\":\"Arruda decide recorrer da decis\u00e3o de condena\u00e7\u00e3o - Notibras\",\"isPartOf\":{\"@id\":\"https:\/\/www.notibras.com\/site\/#website\"},\"primaryImageOfPage\":{\"@id\":\"https:\/\/www.notibras.com\/site\/arruda-decide-recorrer-da-decisao-de-condenacao\/#primaryimage\"},\"image\":{\"@id\":\"https:\/\/www.notibras.com\/site\/arruda-decide-recorrer-da-decisao-de-condenacao\/#primaryimage\"},\"thumbnailUrl\":\"https:\/\/www.notibras.com\/site\/wp-content\/uploads\/2022\/08\/arruda_vale_esta-1.jpg\",\"datePublished\":\"2023-09-10T03:44:45+00:00\",\"dateModified\":\"2023-09-10T10:46:03+00:00\",\"breadcrumb\":{\"@id\":\"https:\/\/www.notibras.com\/site\/arruda-decide-recorrer-da-decisao-de-condenacao\/#breadcrumb\"},\"inLanguage\":\"pt-BR\",\"potentialAction\":[{\"@type\":\"ReadAction\",\"target\":[\"https:\/\/www.notibras.com\/site\/arruda-decide-recorrer-da-decisao-de-condenacao\/\"]}]},{\"@type\":\"ImageObject\",\"inLanguage\":\"pt-BR\",\"@id\":\"https:\/\/www.notibras.com\/site\/arruda-decide-recorrer-da-decisao-de-condenacao\/#primaryimage\",\"url\":\"https:\/\/www.notibras.com\/site\/wp-content\/uploads\/2022\/08\/arruda_vale_esta-1.jpg\",\"contentUrl\":\"https:\/\/www.notibras.com\/site\/wp-content\/uploads\/2022\/08\/arruda_vale_esta-1.jpg\",\"width\":1170,\"height\":700},{\"@type\":\"BreadcrumbList\",\"@id\":\"https:\/\/www.notibras.com\/site\/arruda-decide-recorrer-da-decisao-de-condenacao\/#breadcrumb\",\"itemListElement\":[{\"@type\":\"ListItem\",\"position\":1,\"name\":\"In\u00edcio\",\"item\":\"https:\/\/www.notibras.com\/site\/\"},{\"@type\":\"ListItem\",\"position\":2,\"name\":\"Arruda decide recorrer da decis\u00e3o de condena\u00e7\u00e3o\"}]},{\"@type\":\"WebSite\",\"@id\":\"https:\/\/www.notibras.com\/site\/#website\",\"url\":\"https:\/\/www.notibras.com\/site\/\",\"name\":\"Notibras\",\"description\":\"Not\u00edcias de Bras\u00edlia, do Brasil e do Mundo\",\"publisher\":{\"@id\":\"https:\/\/www.notibras.com\/site\/#organization\"},\"potentialAction\":[{\"@type\":\"SearchAction\",\"target\":{\"@type\":\"EntryPoint\",\"urlTemplate\":\"https:\/\/www.notibras.com\/site\/?s={search_term_string}\"},\"query-input\":{\"@type\":\"PropertyValueSpecification\",\"valueRequired\":true,\"valueName\":\"search_term_string\"}}],\"inLanguage\":\"pt-BR\"},{\"@type\":\"Organization\",\"@id\":\"https:\/\/www.notibras.com\/site\/#organization\",\"name\":\"Grupo Notibras de Comunica\u00e7\u00e3o\",\"url\":\"https:\/\/www.notibras.com\/site\/\",\"logo\":{\"@type\":\"ImageObject\",\"inLanguage\":\"pt-BR\",\"@id\":\"https:\/\/www.notibras.com\/site\/#\/schema\/logo\/image\/\",\"url\":\"https:\/\/www.notibras.com\/site\/wp-content\/uploads\/2023\/01\/notibras23.png\",\"contentUrl\":\"https:\/\/www.notibras.com\/site\/wp-content\/uploads\/2023\/01\/notibras23.png\",\"width\":350,\"height\":87,\"caption\":\"Grupo Notibras de Comunica\u00e7\u00e3o\"},\"image\":{\"@id\":\"https:\/\/www.notibras.com\/site\/#\/schema\/logo\/image\/\"},\"sameAs\":[\"https:\/\/www.facebook.com\/notibras\/\",\"https:\/\/x.com\/Notibras\",\"https:\/\/www.instagram.com\/notibras\/\"]},{\"@type\":\"Person\",\"@id\":\"https:\/\/www.notibras.com\/site\/#\/schema\/person\/36ab0979449956132d3e5b517ea76ac8\",\"name\":\"Reda\u00e7\u00e3o\",\"image\":{\"@type\":\"ImageObject\",\"inLanguage\":\"pt-BR\",\"@id\":\"https:\/\/secure.gravatar.com\/avatar\/e0a867bdedb85fd243eadf09663511f96fc81e0720a4a42581f334ad4303aa6b?s=96&d=mm&r=g\",\"url\":\"https:\/\/secure.gravatar.com\/avatar\/e0a867bdedb85fd243eadf09663511f96fc81e0720a4a42581f334ad4303aa6b?s=96&d=mm&r=g\",\"contentUrl\":\"https:\/\/secure.gravatar.com\/avatar\/e0a867bdedb85fd243eadf09663511f96fc81e0720a4a42581f334ad4303aa6b?s=96&d=mm&r=g\",\"caption\":\"Reda\u00e7\u00e3o\"}}]}<\/script>\n<!-- \/ Yoast SEO plugin. -->","yoast_head_json":{"title":"Arruda decide recorrer da decis\u00e3o de condena\u00e7\u00e3o - Notibras","robots":{"index":"index","follow":"follow","max-snippet":"max-snippet:-1","max-image-preview":"max-image-preview:large","max-video-preview":"max-video-preview:-1"},"canonical":"https:\/\/www.notibras.com\/site\/arruda-decide-recorrer-da-decisao-de-condenacao\/","og_locale":"pt_BR","og_type":"article","og_title":"Arruda decide recorrer da decis\u00e3o de condena\u00e7\u00e3o - Notibras","og_description":"O ex-governador Jos\u00e9 Roberto Arruda vai recorrer da mais nova condena\u00e7\u00e3o que lhe foi imposta pelo Tribunal de Justi\u00e7a, no processo conhecido como Caixa de Pandora. Ele e outros r\u00e9us foram condenados por improbidade em suposto esquema de corrup\u00e7\u00e3o de parlamentares em meados de 2009. As penas consistem em integral ressarcimento dos danos aos cofres [&hellip;]","og_url":"https:\/\/www.notibras.com\/site\/arruda-decide-recorrer-da-decisao-de-condenacao\/","og_site_name":"Notibras","article_publisher":"https:\/\/www.facebook.com\/notibras\/","article_published_time":"2023-09-10T03:44:45+00:00","article_modified_time":"2023-09-10T10:46:03+00:00","og_image":[{"width":1170,"height":700,"url":"https:\/\/www.notibras.com\/site\/wp-content\/uploads\/2022\/08\/arruda_vale_esta-1.jpg","type":"image\/jpeg"}],"author":"Reda\u00e7\u00e3o","twitter_card":"summary_large_image","twitter_creator":"@Notibras","twitter_site":"@Notibras","twitter_misc":{"Escrito por":"Reda\u00e7\u00e3o","Est. tempo de leitura":"2 minutos"},"schema":{"@context":"https:\/\/schema.org","@graph":[{"@type":"Article","@id":"https:\/\/www.notibras.com\/site\/arruda-decide-recorrer-da-decisao-de-condenacao\/#article","isPartOf":{"@id":"https:\/\/www.notibras.com\/site\/arruda-decide-recorrer-da-decisao-de-condenacao\/"},"author":{"name":"Reda\u00e7\u00e3o","@id":"https:\/\/www.notibras.com\/site\/#\/schema\/person\/36ab0979449956132d3e5b517ea76ac8"},"headline":"Arruda decide recorrer da decis\u00e3o de condena\u00e7\u00e3o","datePublished":"2023-09-10T03:44:45+00:00","dateModified":"2023-09-10T10:46:03+00:00","mainEntityOfPage":{"@id":"https:\/\/www.notibras.com\/site\/arruda-decide-recorrer-da-decisao-de-condenacao\/"},"wordCount":296,"publisher":{"@id":"https:\/\/www.notibras.com\/site\/#organization"},"image":{"@id":"https:\/\/www.notibras.com\/site\/arruda-decide-recorrer-da-decisao-de-condenacao\/#primaryimage"},"thumbnailUrl":"https:\/\/www.notibras.com\/site\/wp-content\/uploads\/2022\/08\/arruda_vale_esta-1.jpg","articleSection":["Quadradinho em Foco"],"inLanguage":"pt-BR"},{"@type":"WebPage","@id":"https:\/\/www.notibras.com\/site\/arruda-decide-recorrer-da-decisao-de-condenacao\/","url":"https:\/\/www.notibras.com\/site\/arruda-decide-recorrer-da-decisao-de-condenacao\/","name":"Arruda decide recorrer da decis\u00e3o de condena\u00e7\u00e3o - Notibras","isPartOf":{"@id":"https:\/\/www.notibras.com\/site\/#website"},"primaryImageOfPage":{"@id":"https:\/\/www.notibras.com\/site\/arruda-decide-recorrer-da-decisao-de-condenacao\/#primaryimage"},"image":{"@id":"https:\/\/www.notibras.com\/site\/arruda-decide-recorrer-da-decisao-de-condenacao\/#primaryimage"},"thumbnailUrl":"https:\/\/www.notibras.com\/site\/wp-content\/uploads\/2022\/08\/arruda_vale_esta-1.jpg","datePublished":"2023-09-10T03:44:45+00:00","dateModified":"2023-09-10T10:46:03+00:00","breadcrumb":{"@id":"https:\/\/www.notibras.com\/site\/arruda-decide-recorrer-da-decisao-de-condenacao\/#breadcrumb"},"inLanguage":"pt-BR","potentialAction":[{"@type":"ReadAction","target":["https:\/\/www.notibras.com\/site\/arruda-decide-recorrer-da-decisao-de-condenacao\/"]}]},{"@type":"ImageObject","inLanguage":"pt-BR","@id":"https:\/\/www.notibras.com\/site\/arruda-decide-recorrer-da-decisao-de-condenacao\/#primaryimage","url":"https:\/\/www.notibras.com\/site\/wp-content\/uploads\/2022\/08\/arruda_vale_esta-1.jpg","contentUrl":"https:\/\/www.notibras.com\/site\/wp-content\/uploads\/2022\/08\/arruda_vale_esta-1.jpg","width":1170,"height":700},{"@type":"BreadcrumbList","@id":"https:\/\/www.notibras.com\/site\/arruda-decide-recorrer-da-decisao-de-condenacao\/#breadcrumb","itemListElement":[{"@type":"ListItem","position":1,"name":"In\u00edcio","item":"https:\/\/www.notibras.com\/site\/"},{"@type":"ListItem","position":2,"name":"Arruda decide recorrer da decis\u00e3o de condena\u00e7\u00e3o"}]},{"@type":"WebSite","@id":"https:\/\/www.notibras.com\/site\/#website","url":"https:\/\/www.notibras.com\/site\/","name":"Notibras","description":"Not\u00edcias de Bras\u00edlia, do Brasil e do Mundo","publisher":{"@id":"https:\/\/www.notibras.com\/site\/#organization"},"potentialAction":[{"@type":"SearchAction","target":{"@type":"EntryPoint","urlTemplate":"https:\/\/www.notibras.com\/site\/?s={search_term_string}"},"query-input":{"@type":"PropertyValueSpecification","valueRequired":true,"valueName":"search_term_string"}}],"inLanguage":"pt-BR"},{"@type":"Organization","@id":"https:\/\/www.notibras.com\/site\/#organization","name":"Grupo Notibras de Comunica\u00e7\u00e3o","url":"https:\/\/www.notibras.com\/site\/","logo":{"@type":"ImageObject","inLanguage":"pt-BR","@id":"https:\/\/www.notibras.com\/site\/#\/schema\/logo\/image\/","url":"https:\/\/www.notibras.com\/site\/wp-content\/uploads\/2023\/01\/notibras23.png","contentUrl":"https:\/\/www.notibras.com\/site\/wp-content\/uploads\/2023\/01\/notibras23.png","width":350,"height":87,"caption":"Grupo Notibras de Comunica\u00e7\u00e3o"},"image":{"@id":"https:\/\/www.notibras.com\/site\/#\/schema\/logo\/image\/"},"sameAs":["https:\/\/www.facebook.com\/notibras\/","https:\/\/x.com\/Notibras","https:\/\/www.instagram.com\/notibras\/"]},{"@type":"Person","@id":"https:\/\/www.notibras.com\/site\/#\/schema\/person\/36ab0979449956132d3e5b517ea76ac8","name":"Reda\u00e7\u00e3o","image":{"@type":"ImageObject","inLanguage":"pt-BR","@id":"https:\/\/secure.gravatar.com\/avatar\/e0a867bdedb85fd243eadf09663511f96fc81e0720a4a42581f334ad4303aa6b?s=96&d=mm&r=g","url":"https:\/\/secure.gravatar.com\/avatar\/e0a867bdedb85fd243eadf09663511f96fc81e0720a4a42581f334ad4303aa6b?s=96&d=mm&r=g","contentUrl":"https:\/\/secure.gravatar.com\/avatar\/e0a867bdedb85fd243eadf09663511f96fc81e0720a4a42581f334ad4303aa6b?s=96&d=mm&r=g","caption":"Reda\u00e7\u00e3o"}}]}},"amp_enabled":true,"_links":{"self":[{"href":"https:\/\/www.notibras.com\/site\/wp-json\/wp\/v2\/posts\/312577","targetHints":{"allow":["GET"]}}],"collection":[{"href":"https:\/\/www.notibras.com\/site\/wp-json\/wp\/v2\/posts"}],"about":[{"href":"https:\/\/www.notibras.com\/site\/wp-json\/wp\/v2\/types\/post"}],"author":[{"embeddable":true,"href":"https:\/\/www.notibras.com\/site\/wp-json\/wp\/v2\/users\/2"}],"replies":[{"embeddable":true,"href":"https:\/\/www.notibras.com\/site\/wp-json\/wp\/v2\/comments?post=312577"}],"version-history":[{"count":2,"href":"https:\/\/www.notibras.com\/site\/wp-json\/wp\/v2\/posts\/312577\/revisions"}],"predecessor-version":[{"id":312579,"href":"https:\/\/www.notibras.com\/site\/wp-json\/wp\/v2\/posts\/312577\/revisions\/312579"}],"wp:featuredmedia":[{"embeddable":true,"href":"https:\/\/www.notibras.com\/site\/wp-json\/wp\/v2\/media\/289829"}],"wp:attachment":[{"href":"https:\/\/www.notibras.com\/site\/wp-json\/wp\/v2\/media?parent=312577"}],"wp:term":[{"taxonomy":"category","embeddable":true,"href":"https:\/\/www.notibras.com\/site\/wp-json\/wp\/v2\/categories?post=312577"},{"taxonomy":"post_tag","embeddable":true,"href":"https:\/\/www.notibras.com\/site\/wp-json\/wp\/v2\/tags?post=312577"}],"curies":[{"name":"wp","href":"https:\/\/api.w.org\/{rel}","templated":true}]}}