{"id":312584,"date":"2023-09-10T00:00:57","date_gmt":"2023-09-10T03:00:57","guid":{"rendered":"https:\/\/www.notibras.com\/site\/?p=312584"},"modified":"2023-09-10T07:59:57","modified_gmt":"2023-09-10T10:59:57","slug":"condominio-indenizara-morador-que-ficou-preso-em-elevador","status":"publish","type":"post","link":"https:\/\/www.notibras.com\/site\/condominio-indenizara-morador-que-ficou-preso-em-elevador\/","title":{"rendered":"Condom\u00ednio indenizar\u00e1 morador que ficou preso em elevador"},"content":{"rendered":"<p>A 2\u00aa Turma Recursal dos Juizados Especiais do Distrito Federal manteve decis\u00e3o que condenou o Condom\u00ednio do Edif\u00edcio Residencial Ravel, em \u00c1guas Claras, a indenizar cond\u00f4mino que ficou preso em elevador. A decis\u00e3o fixou a pena de R$ 2.000,00 por danos morais.<\/p>\n<p>O processo detalha que, no dia 13 de janeiro de 2023, o morador residente no 10\u00ba andar do pr\u00e9dio, ao utilizar o elevador do condom\u00ednio, ficou confinado por quase uma hora, ap\u00f3s o equipamento apresentar defeito.<\/p>\n<p>O homem s\u00f3 conseguiu sair, ap\u00f3s acionamento do Corpo de Bombeiros. Consta que o mau funcionamento do elevador j\u00e1 havia sido alvo de reclama\u00e7\u00f5es pelos moradores.<\/p>\n<p>Na defesa, o condom\u00ednio alega que n\u00e3o houve dano moral a ser indenizado e solicita o reconhecimento de litig\u00e2ncia de m\u00e1-f\u00e9. J\u00e1 a Justi\u00e7a explica que \u00e9 dever do condom\u00ednio manter seus maquin\u00e1rios em bom estado de conserva\u00e7\u00e3o e que n\u00e3o consta no processo a prova de regular manuten\u00e7\u00e3o do elevador.<\/p>\n<p>Tamb\u00e9m ressaltou o fato de o r\u00e9u n\u00e3o ter agido proativamente no sentido de acionar a empresa respons\u00e1vel pela manuten\u00e7\u00e3o do equipamento, a fim de liberar o morador, impondo-se a interven\u00e7\u00e3o do Corpo de Bombeiros para resgat\u00e1-lo.<\/p>\n<p>Por fim, a Turma Recursal afirma que o elevador \u00e9 bem comum do condom\u00ednio, que est\u00e1 obrigado a promover a sua manuten\u00e7\u00e3o e, quando n\u00e3o o faz, sujeita-se a reparar eventuais danos causados pelos usu\u00e1rios.<\/p>\n<p>Portanto, para a Ju\u00edza relatora \u201cresta n\u00edtida a viola\u00e7\u00e3o \u00e0 integridade ps\u00edquica do recorrido, pois ficou por quase 1 (uma) hora confinado em elevador, sob a responsabilidade do recorrente, o que causa grande afli\u00e7\u00e3o e ultrapassa a esfera dos eventos cotidianos e denota potencial de malferir direito da personalidade, reclamando repara\u00e7\u00e3o\u201d.<\/p>\n","protected":false},"excerpt":{"rendered":"<p>A 2\u00aa Turma Recursal dos Juizados Especiais do Distrito Federal manteve decis\u00e3o que condenou o Condom\u00ednio do Edif\u00edcio Residencial Ravel, em \u00c1guas Claras, a indenizar cond\u00f4mino que ficou preso em elevador. A decis\u00e3o fixou a pena de R$ 2.000,00 por danos morais. O processo detalha que, no dia 13 de janeiro de 2023, o morador [&hellip;]<\/p>\n","protected":false},"author":2,"featured_media":312586,"comment_status":"closed","ping_status":"closed","sticky":false,"template":"","format":"standard","meta":{"_acf_changed":false,"footnotes":""},"categories":[161],"tags":[],"class_list":["post-312584","post","type-post","status-publish","format-standard","has-post-thumbnail","hentry","category-quadradinho-em-foco"],"acf":[],"yoast_head":"<!-- This site is optimized with the Yoast SEO plugin v27.2 - https:\/\/yoast.com\/product\/yoast-seo-wordpress\/ -->\n<title>Condom\u00ednio indenizar\u00e1 morador que ficou preso em elevador - Notibras<\/title>\n<meta name=\"robots\" content=\"index, follow, max-snippet:-1, max-image-preview:large, max-video-preview:-1\" \/>\n<link rel=\"canonical\" href=\"https:\/\/www.notibras.com\/site\/condominio-indenizara-morador-que-ficou-preso-em-elevador\/\" \/>\n<meta property=\"og:locale\" content=\"pt_BR\" \/>\n<meta property=\"og:type\" content=\"article\" \/>\n<meta property=\"og:title\" content=\"Condom\u00ednio indenizar\u00e1 morador que ficou preso em elevador - Notibras\" \/>\n<meta property=\"og:description\" content=\"A 2\u00aa Turma Recursal dos Juizados Especiais do Distrito Federal manteve decis\u00e3o que condenou o Condom\u00ednio do Edif\u00edcio Residencial Ravel, em \u00c1guas Claras, a indenizar cond\u00f4mino que ficou preso em elevador. A decis\u00e3o fixou a pena de R$ 2.000,00 por danos morais. O processo detalha que, no dia 13 de janeiro de 2023, o morador [&hellip;]\" \/>\n<meta property=\"og:url\" content=\"https:\/\/www.notibras.com\/site\/condominio-indenizara-morador-que-ficou-preso-em-elevador\/\" \/>\n<meta property=\"og:site_name\" content=\"Notibras\" \/>\n<meta property=\"article:publisher\" content=\"https:\/\/www.facebook.com\/notibras\/\" \/>\n<meta property=\"article:published_time\" content=\"2023-09-10T03:00:57+00:00\" \/>\n<meta property=\"article:modified_time\" content=\"2023-09-10T10:59:57+00:00\" \/>\n<meta property=\"og:image\" content=\"https:\/\/www.notibras.com\/site\/wp-content\/uploads\/2023\/09\/manutencao-preventiva-elevadores.jpg\" \/>\n\t<meta property=\"og:image:width\" content=\"780\" \/>\n\t<meta property=\"og:image:height\" content=\"520\" \/>\n\t<meta property=\"og:image:type\" content=\"image\/jpeg\" \/>\n<meta name=\"author\" content=\"Reda\u00e7\u00e3o\" \/>\n<meta name=\"twitter:card\" content=\"summary_large_image\" \/>\n<meta name=\"twitter:creator\" content=\"@Notibras\" \/>\n<meta name=\"twitter:site\" content=\"@Notibras\" \/>\n<meta name=\"twitter:label1\" content=\"Escrito por\" \/>\n\t<meta name=\"twitter:data1\" content=\"Reda\u00e7\u00e3o\" \/>\n\t<meta name=\"twitter:label2\" content=\"Est. tempo de leitura\" \/>\n\t<meta name=\"twitter:data2\" content=\"2 minutos\" \/>\n<script type=\"application\/ld+json\" class=\"yoast-schema-graph\">{\"@context\":\"https:\/\/schema.org\",\"@graph\":[{\"@type\":\"Article\",\"@id\":\"https:\/\/www.notibras.com\/site\/condominio-indenizara-morador-que-ficou-preso-em-elevador\/#article\",\"isPartOf\":{\"@id\":\"https:\/\/www.notibras.com\/site\/condominio-indenizara-morador-que-ficou-preso-em-elevador\/\"},\"author\":{\"name\":\"Reda\u00e7\u00e3o\",\"@id\":\"https:\/\/www.notibras.com\/site\/#\/schema\/person\/36ab0979449956132d3e5b517ea76ac8\"},\"headline\":\"Condom\u00ednio indenizar\u00e1 morador que ficou preso em elevador\",\"datePublished\":\"2023-09-10T03:00:57+00:00\",\"dateModified\":\"2023-09-10T10:59:57+00:00\",\"mainEntityOfPage\":{\"@id\":\"https:\/\/www.notibras.com\/site\/condominio-indenizara-morador-que-ficou-preso-em-elevador\/\"},\"wordCount\":315,\"publisher\":{\"@id\":\"https:\/\/www.notibras.com\/site\/#organization\"},\"image\":{\"@id\":\"https:\/\/www.notibras.com\/site\/condominio-indenizara-morador-que-ficou-preso-em-elevador\/#primaryimage\"},\"thumbnailUrl\":\"https:\/\/www.notibras.com\/site\/wp-content\/uploads\/2023\/09\/manutencao-preventiva-elevadores.jpg\",\"articleSection\":[\"Quadradinho em Foco\"],\"inLanguage\":\"pt-BR\"},{\"@type\":\"WebPage\",\"@id\":\"https:\/\/www.notibras.com\/site\/condominio-indenizara-morador-que-ficou-preso-em-elevador\/\",\"url\":\"https:\/\/www.notibras.com\/site\/condominio-indenizara-morador-que-ficou-preso-em-elevador\/\",\"name\":\"Condom\u00ednio indenizar\u00e1 morador que ficou preso em elevador - Notibras\",\"isPartOf\":{\"@id\":\"https:\/\/www.notibras.com\/site\/#website\"},\"primaryImageOfPage\":{\"@id\":\"https:\/\/www.notibras.com\/site\/condominio-indenizara-morador-que-ficou-preso-em-elevador\/#primaryimage\"},\"image\":{\"@id\":\"https:\/\/www.notibras.com\/site\/condominio-indenizara-morador-que-ficou-preso-em-elevador\/#primaryimage\"},\"thumbnailUrl\":\"https:\/\/www.notibras.com\/site\/wp-content\/uploads\/2023\/09\/manutencao-preventiva-elevadores.jpg\",\"datePublished\":\"2023-09-10T03:00:57+00:00\",\"dateModified\":\"2023-09-10T10:59:57+00:00\",\"breadcrumb\":{\"@id\":\"https:\/\/www.notibras.com\/site\/condominio-indenizara-morador-que-ficou-preso-em-elevador\/#breadcrumb\"},\"inLanguage\":\"pt-BR\",\"potentialAction\":[{\"@type\":\"ReadAction\",\"target\":[\"https:\/\/www.notibras.com\/site\/condominio-indenizara-morador-que-ficou-preso-em-elevador\/\"]}]},{\"@type\":\"ImageObject\",\"inLanguage\":\"pt-BR\",\"@id\":\"https:\/\/www.notibras.com\/site\/condominio-indenizara-morador-que-ficou-preso-em-elevador\/#primaryimage\",\"url\":\"https:\/\/www.notibras.com\/site\/wp-content\/uploads\/2023\/09\/manutencao-preventiva-elevadores.jpg\",\"contentUrl\":\"https:\/\/www.notibras.com\/site\/wp-content\/uploads\/2023\/09\/manutencao-preventiva-elevadores.jpg\",\"width\":780,\"height\":520},{\"@type\":\"BreadcrumbList\",\"@id\":\"https:\/\/www.notibras.com\/site\/condominio-indenizara-morador-que-ficou-preso-em-elevador\/#breadcrumb\",\"itemListElement\":[{\"@type\":\"ListItem\",\"position\":1,\"name\":\"In\u00edcio\",\"item\":\"https:\/\/www.notibras.com\/site\/\"},{\"@type\":\"ListItem\",\"position\":2,\"name\":\"Condom\u00ednio indenizar\u00e1 morador que ficou preso em elevador\"}]},{\"@type\":\"WebSite\",\"@id\":\"https:\/\/www.notibras.com\/site\/#website\",\"url\":\"https:\/\/www.notibras.com\/site\/\",\"name\":\"Notibras\",\"description\":\"Not\u00edcias de Bras\u00edlia, do Brasil e do Mundo\",\"publisher\":{\"@id\":\"https:\/\/www.notibras.com\/site\/#organization\"},\"potentialAction\":[{\"@type\":\"SearchAction\",\"target\":{\"@type\":\"EntryPoint\",\"urlTemplate\":\"https:\/\/www.notibras.com\/site\/?s={search_term_string}\"},\"query-input\":{\"@type\":\"PropertyValueSpecification\",\"valueRequired\":true,\"valueName\":\"search_term_string\"}}],\"inLanguage\":\"pt-BR\"},{\"@type\":\"Organization\",\"@id\":\"https:\/\/www.notibras.com\/site\/#organization\",\"name\":\"Grupo Notibras de Comunica\u00e7\u00e3o\",\"url\":\"https:\/\/www.notibras.com\/site\/\",\"logo\":{\"@type\":\"ImageObject\",\"inLanguage\":\"pt-BR\",\"@id\":\"https:\/\/www.notibras.com\/site\/#\/schema\/logo\/image\/\",\"url\":\"https:\/\/www.notibras.com\/site\/wp-content\/uploads\/2023\/01\/notibras23.png\",\"contentUrl\":\"https:\/\/www.notibras.com\/site\/wp-content\/uploads\/2023\/01\/notibras23.png\",\"width\":350,\"height\":87,\"caption\":\"Grupo Notibras de Comunica\u00e7\u00e3o\"},\"image\":{\"@id\":\"https:\/\/www.notibras.com\/site\/#\/schema\/logo\/image\/\"},\"sameAs\":[\"https:\/\/www.facebook.com\/notibras\/\",\"https:\/\/x.com\/Notibras\",\"https:\/\/www.instagram.com\/notibras\/\"]},{\"@type\":\"Person\",\"@id\":\"https:\/\/www.notibras.com\/site\/#\/schema\/person\/36ab0979449956132d3e5b517ea76ac8\",\"name\":\"Reda\u00e7\u00e3o\",\"image\":{\"@type\":\"ImageObject\",\"inLanguage\":\"pt-BR\",\"@id\":\"https:\/\/secure.gravatar.com\/avatar\/e0a867bdedb85fd243eadf09663511f96fc81e0720a4a42581f334ad4303aa6b?s=96&d=mm&r=g\",\"url\":\"https:\/\/secure.gravatar.com\/avatar\/e0a867bdedb85fd243eadf09663511f96fc81e0720a4a42581f334ad4303aa6b?s=96&d=mm&r=g\",\"contentUrl\":\"https:\/\/secure.gravatar.com\/avatar\/e0a867bdedb85fd243eadf09663511f96fc81e0720a4a42581f334ad4303aa6b?s=96&d=mm&r=g\",\"caption\":\"Reda\u00e7\u00e3o\"}}]}<\/script>\n<!-- \/ Yoast SEO plugin. -->","yoast_head_json":{"title":"Condom\u00ednio indenizar\u00e1 morador que ficou preso em elevador - Notibras","robots":{"index":"index","follow":"follow","max-snippet":"max-snippet:-1","max-image-preview":"max-image-preview:large","max-video-preview":"max-video-preview:-1"},"canonical":"https:\/\/www.notibras.com\/site\/condominio-indenizara-morador-que-ficou-preso-em-elevador\/","og_locale":"pt_BR","og_type":"article","og_title":"Condom\u00ednio indenizar\u00e1 morador que ficou preso em elevador - Notibras","og_description":"A 2\u00aa Turma Recursal dos Juizados Especiais do Distrito Federal manteve decis\u00e3o que condenou o Condom\u00ednio do Edif\u00edcio Residencial Ravel, em \u00c1guas Claras, a indenizar cond\u00f4mino que ficou preso em elevador. A decis\u00e3o fixou a pena de R$ 2.000,00 por danos morais. O processo detalha que, no dia 13 de janeiro de 2023, o morador [&hellip;]","og_url":"https:\/\/www.notibras.com\/site\/condominio-indenizara-morador-que-ficou-preso-em-elevador\/","og_site_name":"Notibras","article_publisher":"https:\/\/www.facebook.com\/notibras\/","article_published_time":"2023-09-10T03:00:57+00:00","article_modified_time":"2023-09-10T10:59:57+00:00","og_image":[{"width":780,"height":520,"url":"https:\/\/www.notibras.com\/site\/wp-content\/uploads\/2023\/09\/manutencao-preventiva-elevadores.jpg","type":"image\/jpeg"}],"author":"Reda\u00e7\u00e3o","twitter_card":"summary_large_image","twitter_creator":"@Notibras","twitter_site":"@Notibras","twitter_misc":{"Escrito por":"Reda\u00e7\u00e3o","Est. tempo de leitura":"2 minutos"},"schema":{"@context":"https:\/\/schema.org","@graph":[{"@type":"Article","@id":"https:\/\/www.notibras.com\/site\/condominio-indenizara-morador-que-ficou-preso-em-elevador\/#article","isPartOf":{"@id":"https:\/\/www.notibras.com\/site\/condominio-indenizara-morador-que-ficou-preso-em-elevador\/"},"author":{"name":"Reda\u00e7\u00e3o","@id":"https:\/\/www.notibras.com\/site\/#\/schema\/person\/36ab0979449956132d3e5b517ea76ac8"},"headline":"Condom\u00ednio indenizar\u00e1 morador que ficou preso em elevador","datePublished":"2023-09-10T03:00:57+00:00","dateModified":"2023-09-10T10:59:57+00:00","mainEntityOfPage":{"@id":"https:\/\/www.notibras.com\/site\/condominio-indenizara-morador-que-ficou-preso-em-elevador\/"},"wordCount":315,"publisher":{"@id":"https:\/\/www.notibras.com\/site\/#organization"},"image":{"@id":"https:\/\/www.notibras.com\/site\/condominio-indenizara-morador-que-ficou-preso-em-elevador\/#primaryimage"},"thumbnailUrl":"https:\/\/www.notibras.com\/site\/wp-content\/uploads\/2023\/09\/manutencao-preventiva-elevadores.jpg","articleSection":["Quadradinho em Foco"],"inLanguage":"pt-BR"},{"@type":"WebPage","@id":"https:\/\/www.notibras.com\/site\/condominio-indenizara-morador-que-ficou-preso-em-elevador\/","url":"https:\/\/www.notibras.com\/site\/condominio-indenizara-morador-que-ficou-preso-em-elevador\/","name":"Condom\u00ednio indenizar\u00e1 morador que ficou preso em elevador - Notibras","isPartOf":{"@id":"https:\/\/www.notibras.com\/site\/#website"},"primaryImageOfPage":{"@id":"https:\/\/www.notibras.com\/site\/condominio-indenizara-morador-que-ficou-preso-em-elevador\/#primaryimage"},"image":{"@id":"https:\/\/www.notibras.com\/site\/condominio-indenizara-morador-que-ficou-preso-em-elevador\/#primaryimage"},"thumbnailUrl":"https:\/\/www.notibras.com\/site\/wp-content\/uploads\/2023\/09\/manutencao-preventiva-elevadores.jpg","datePublished":"2023-09-10T03:00:57+00:00","dateModified":"2023-09-10T10:59:57+00:00","breadcrumb":{"@id":"https:\/\/www.notibras.com\/site\/condominio-indenizara-morador-que-ficou-preso-em-elevador\/#breadcrumb"},"inLanguage":"pt-BR","potentialAction":[{"@type":"ReadAction","target":["https:\/\/www.notibras.com\/site\/condominio-indenizara-morador-que-ficou-preso-em-elevador\/"]}]},{"@type":"ImageObject","inLanguage":"pt-BR","@id":"https:\/\/www.notibras.com\/site\/condominio-indenizara-morador-que-ficou-preso-em-elevador\/#primaryimage","url":"https:\/\/www.notibras.com\/site\/wp-content\/uploads\/2023\/09\/manutencao-preventiva-elevadores.jpg","contentUrl":"https:\/\/www.notibras.com\/site\/wp-content\/uploads\/2023\/09\/manutencao-preventiva-elevadores.jpg","width":780,"height":520},{"@type":"BreadcrumbList","@id":"https:\/\/www.notibras.com\/site\/condominio-indenizara-morador-que-ficou-preso-em-elevador\/#breadcrumb","itemListElement":[{"@type":"ListItem","position":1,"name":"In\u00edcio","item":"https:\/\/www.notibras.com\/site\/"},{"@type":"ListItem","position":2,"name":"Condom\u00ednio indenizar\u00e1 morador que ficou preso em elevador"}]},{"@type":"WebSite","@id":"https:\/\/www.notibras.com\/site\/#website","url":"https:\/\/www.notibras.com\/site\/","name":"Notibras","description":"Not\u00edcias de Bras\u00edlia, do Brasil e do Mundo","publisher":{"@id":"https:\/\/www.notibras.com\/site\/#organization"},"potentialAction":[{"@type":"SearchAction","target":{"@type":"EntryPoint","urlTemplate":"https:\/\/www.notibras.com\/site\/?s={search_term_string}"},"query-input":{"@type":"PropertyValueSpecification","valueRequired":true,"valueName":"search_term_string"}}],"inLanguage":"pt-BR"},{"@type":"Organization","@id":"https:\/\/www.notibras.com\/site\/#organization","name":"Grupo Notibras de Comunica\u00e7\u00e3o","url":"https:\/\/www.notibras.com\/site\/","logo":{"@type":"ImageObject","inLanguage":"pt-BR","@id":"https:\/\/www.notibras.com\/site\/#\/schema\/logo\/image\/","url":"https:\/\/www.notibras.com\/site\/wp-content\/uploads\/2023\/01\/notibras23.png","contentUrl":"https:\/\/www.notibras.com\/site\/wp-content\/uploads\/2023\/01\/notibras23.png","width":350,"height":87,"caption":"Grupo Notibras de Comunica\u00e7\u00e3o"},"image":{"@id":"https:\/\/www.notibras.com\/site\/#\/schema\/logo\/image\/"},"sameAs":["https:\/\/www.facebook.com\/notibras\/","https:\/\/x.com\/Notibras","https:\/\/www.instagram.com\/notibras\/"]},{"@type":"Person","@id":"https:\/\/www.notibras.com\/site\/#\/schema\/person\/36ab0979449956132d3e5b517ea76ac8","name":"Reda\u00e7\u00e3o","image":{"@type":"ImageObject","inLanguage":"pt-BR","@id":"https:\/\/secure.gravatar.com\/avatar\/e0a867bdedb85fd243eadf09663511f96fc81e0720a4a42581f334ad4303aa6b?s=96&d=mm&r=g","url":"https:\/\/secure.gravatar.com\/avatar\/e0a867bdedb85fd243eadf09663511f96fc81e0720a4a42581f334ad4303aa6b?s=96&d=mm&r=g","contentUrl":"https:\/\/secure.gravatar.com\/avatar\/e0a867bdedb85fd243eadf09663511f96fc81e0720a4a42581f334ad4303aa6b?s=96&d=mm&r=g","caption":"Reda\u00e7\u00e3o"}}]}},"amp_enabled":true,"_links":{"self":[{"href":"https:\/\/www.notibras.com\/site\/wp-json\/wp\/v2\/posts\/312584","targetHints":{"allow":["GET"]}}],"collection":[{"href":"https:\/\/www.notibras.com\/site\/wp-json\/wp\/v2\/posts"}],"about":[{"href":"https:\/\/www.notibras.com\/site\/wp-json\/wp\/v2\/types\/post"}],"author":[{"embeddable":true,"href":"https:\/\/www.notibras.com\/site\/wp-json\/wp\/v2\/users\/2"}],"replies":[{"embeddable":true,"href":"https:\/\/www.notibras.com\/site\/wp-json\/wp\/v2\/comments?post=312584"}],"version-history":[{"count":1,"href":"https:\/\/www.notibras.com\/site\/wp-json\/wp\/v2\/posts\/312584\/revisions"}],"predecessor-version":[{"id":312587,"href":"https:\/\/www.notibras.com\/site\/wp-json\/wp\/v2\/posts\/312584\/revisions\/312587"}],"wp:featuredmedia":[{"embeddable":true,"href":"https:\/\/www.notibras.com\/site\/wp-json\/wp\/v2\/media\/312586"}],"wp:attachment":[{"href":"https:\/\/www.notibras.com\/site\/wp-json\/wp\/v2\/media?parent=312584"}],"wp:term":[{"taxonomy":"category","embeddable":true,"href":"https:\/\/www.notibras.com\/site\/wp-json\/wp\/v2\/categories?post=312584"},{"taxonomy":"post_tag","embeddable":true,"href":"https:\/\/www.notibras.com\/site\/wp-json\/wp\/v2\/tags?post=312584"}],"curies":[{"name":"wp","href":"https:\/\/api.w.org\/{rel}","templated":true}]}}