{"id":31263,"date":"2014-12-15T23:02:14","date_gmt":"2014-12-16T02:02:14","guid":{"rendered":"http:\/\/www.notibras.com\/site\/?p=31263"},"modified":"2014-12-15T23:02:46","modified_gmt":"2014-12-16T02:02:46","slug":"dolar-dispara-e-bate-em-270-maior-taxa-registrada-em-10-anos","status":"publish","type":"post","link":"https:\/\/www.notibras.com\/site\/dolar-dispara-e-bate-em-270-maior-taxa-registrada-em-10-anos\/","title":{"rendered":"D\u00f3lar dispara e bate em 2,70 reais, maior taxa registrada em 10 anos"},"content":{"rendered":"<p>Uma semana ap\u00f3s ultrapassar R$ 2,60, a moeda norte-americana encosta em R$ 2,70. O d\u00f3lar comercial encerrou a segunda-feira (15) vendido a R$ 2,685, com alta de R$ 0,034 (1,29%). O valor \u00e9 o mais alto desde 29 de mar\u00e7o de 2005, quando a cota\u00e7\u00e3o tinha fechado em R$ 2,702.<\/p>\n<p>O dia foi marcado pela volatilidade no mercado financeiro. Durante toda a sess\u00e3o, a moeda operou em alta, mas o movimento se intensificou por volta das 12h30. Na m\u00e1xima do dia, por volta das 15h, a moeda chegou a atingir R$ 2,695. O d\u00f3lar acumula alta de 4,42% em dezembro e de 13,9% no ano.<\/p>\n<blockquote><p>O d\u00f3lar n\u00e3o tem ca\u00eddo apesar de o Comit\u00ea de Pol\u00edtica Monet\u00e1ria do Banco Central (Copom) ter aumentado a taxa Selic (juros b\u00e1sicos da economia) para 11,75% ao ano. Em tese, os juros dom\u00e9sticos mais altos ajudam a derrubar o d\u00f3lar, porque ampliam a diferen\u00e7a das taxas brasileiras em rela\u00e7\u00e3o \u00e0s dos Estados Unidos, tornando o Brasil mais atrativo para aplicadores internacionais.<\/p><\/blockquote>\n<p>O dia tamb\u00e9m foi de turbul\u00eancia na Bolsa de Valores. O Ibovespa, \u00edndice da Bolsa de Valores de S\u00e3o Paulo, fechou a sess\u00e3o com queda de 2,05%, no menor n\u00edvel desde mar\u00e7o deste ano. As a\u00e7\u00f5es da Petrobras, as mais negociadas, ca\u00edram 9,2%<\/p>\n","protected":false},"excerpt":{"rendered":"<p>Uma semana ap\u00f3s ultrapassar R$ 2,60, a moeda norte-americana encosta em R$ 2,70. O d\u00f3lar comercial encerrou a segunda-feira (15) vendido a R$ 2,685, com alta de R$ 0,034 (1,29%). O valor \u00e9 o mais alto desde 29 de mar\u00e7o de 2005, quando a cota\u00e7\u00e3o tinha fechado em R$ 2,702. O dia foi marcado pela [&hellip;]<\/p>\n","protected":false},"author":2,"featured_media":31264,"comment_status":"open","ping_status":"closed","sticky":false,"template":"","format":"standard","meta":{"_acf_changed":false,"footnotes":""},"categories":[16],"tags":[],"class_list":["post-31263","post","type-post","status-publish","format-standard","has-post-thumbnail","hentry","category-brasil"],"acf":[],"yoast_head":"<!-- This site is optimized with the Yoast SEO plugin v27.2 - https:\/\/yoast.com\/product\/yoast-seo-wordpress\/ -->\n<title>D\u00f3lar dispara e bate em 2,70 reais, maior taxa registrada em 10 anos - Notibras<\/title>\n<meta name=\"robots\" content=\"index, follow, max-snippet:-1, max-image-preview:large, max-video-preview:-1\" \/>\n<link rel=\"canonical\" href=\"https:\/\/www.notibras.com\/site\/dolar-dispara-e-bate-em-270-maior-taxa-registrada-em-10-anos\/\" \/>\n<meta property=\"og:locale\" content=\"pt_BR\" \/>\n<meta property=\"og:type\" content=\"article\" \/>\n<meta property=\"og:title\" content=\"D\u00f3lar dispara e bate em 2,70 reais, maior taxa registrada em 10 anos - Notibras\" \/>\n<meta property=\"og:description\" content=\"Uma semana ap\u00f3s ultrapassar R$ 2,60, a moeda norte-americana encosta em R$ 2,70. O d\u00f3lar comercial encerrou a segunda-feira (15) vendido a R$ 2,685, com alta de R$ 0,034 (1,29%). O valor \u00e9 o mais alto desde 29 de mar\u00e7o de 2005, quando a cota\u00e7\u00e3o tinha fechado em R$ 2,702. O dia foi marcado pela [&hellip;]\" \/>\n<meta property=\"og:url\" content=\"https:\/\/www.notibras.com\/site\/dolar-dispara-e-bate-em-270-maior-taxa-registrada-em-10-anos\/\" \/>\n<meta property=\"og:site_name\" content=\"Notibras\" \/>\n<meta property=\"article:publisher\" content=\"https:\/\/www.facebook.com\/notibras\/\" \/>\n<meta property=\"article:published_time\" content=\"2014-12-16T02:02:14+00:00\" \/>\n<meta property=\"article:modified_time\" content=\"2014-12-16T02:02:46+00:00\" \/>\n<meta name=\"author\" content=\"Reda\u00e7\u00e3o\" \/>\n<meta name=\"twitter:card\" content=\"summary_large_image\" \/>\n<meta name=\"twitter:creator\" content=\"@Notibras\" \/>\n<meta name=\"twitter:site\" content=\"@Notibras\" \/>\n<meta name=\"twitter:label1\" content=\"Escrito por\" \/>\n\t<meta name=\"twitter:data1\" content=\"Reda\u00e7\u00e3o\" \/>\n\t<meta name=\"twitter:label2\" content=\"Est. tempo de leitura\" \/>\n\t<meta name=\"twitter:data2\" content=\"1 minuto\" \/>\n<script type=\"application\/ld+json\" class=\"yoast-schema-graph\">{\"@context\":\"https:\/\/schema.org\",\"@graph\":[{\"@type\":\"Article\",\"@id\":\"https:\/\/www.notibras.com\/site\/dolar-dispara-e-bate-em-270-maior-taxa-registrada-em-10-anos\/#article\",\"isPartOf\":{\"@id\":\"https:\/\/www.notibras.com\/site\/dolar-dispara-e-bate-em-270-maior-taxa-registrada-em-10-anos\/\"},\"author\":{\"name\":\"Reda\u00e7\u00e3o\",\"@id\":\"https:\/\/www.notibras.com\/site\/#\/schema\/person\/36ab0979449956132d3e5b517ea76ac8\"},\"headline\":\"D\u00f3lar dispara e bate em 2,70 reais, maior taxa registrada em 10 anos\",\"datePublished\":\"2014-12-16T02:02:14+00:00\",\"dateModified\":\"2014-12-16T02:02:46+00:00\",\"mainEntityOfPage\":{\"@id\":\"https:\/\/www.notibras.com\/site\/dolar-dispara-e-bate-em-270-maior-taxa-registrada-em-10-anos\/\"},\"wordCount\":231,\"commentCount\":0,\"publisher\":{\"@id\":\"https:\/\/www.notibras.com\/site\/#organization\"},\"image\":{\"@id\":\"https:\/\/www.notibras.com\/site\/dolar-dispara-e-bate-em-270-maior-taxa-registrada-em-10-anos\/#primaryimage\"},\"thumbnailUrl\":\"https:\/\/www.notibras.com\/site\/wp-content\/uploads\/2014\/12\/dolar.jpg.bmp\",\"articleSection\":[\"Brasil\"],\"inLanguage\":\"pt-BR\",\"potentialAction\":[{\"@type\":\"CommentAction\",\"name\":\"Comment\",\"target\":[\"https:\/\/www.notibras.com\/site\/dolar-dispara-e-bate-em-270-maior-taxa-registrada-em-10-anos\/#respond\"]}]},{\"@type\":\"WebPage\",\"@id\":\"https:\/\/www.notibras.com\/site\/dolar-dispara-e-bate-em-270-maior-taxa-registrada-em-10-anos\/\",\"url\":\"https:\/\/www.notibras.com\/site\/dolar-dispara-e-bate-em-270-maior-taxa-registrada-em-10-anos\/\",\"name\":\"D\u00f3lar dispara e bate em 2,70 reais, maior taxa registrada em 10 anos - Notibras\",\"isPartOf\":{\"@id\":\"https:\/\/www.notibras.com\/site\/#website\"},\"primaryImageOfPage\":{\"@id\":\"https:\/\/www.notibras.com\/site\/dolar-dispara-e-bate-em-270-maior-taxa-registrada-em-10-anos\/#primaryimage\"},\"image\":{\"@id\":\"https:\/\/www.notibras.com\/site\/dolar-dispara-e-bate-em-270-maior-taxa-registrada-em-10-anos\/#primaryimage\"},\"thumbnailUrl\":\"https:\/\/www.notibras.com\/site\/wp-content\/uploads\/2014\/12\/dolar.jpg.bmp\",\"datePublished\":\"2014-12-16T02:02:14+00:00\",\"dateModified\":\"2014-12-16T02:02:46+00:00\",\"breadcrumb\":{\"@id\":\"https:\/\/www.notibras.com\/site\/dolar-dispara-e-bate-em-270-maior-taxa-registrada-em-10-anos\/#breadcrumb\"},\"inLanguage\":\"pt-BR\",\"potentialAction\":[{\"@type\":\"ReadAction\",\"target\":[\"https:\/\/www.notibras.com\/site\/dolar-dispara-e-bate-em-270-maior-taxa-registrada-em-10-anos\/\"]}]},{\"@type\":\"ImageObject\",\"inLanguage\":\"pt-BR\",\"@id\":\"https:\/\/www.notibras.com\/site\/dolar-dispara-e-bate-em-270-maior-taxa-registrada-em-10-anos\/#primaryimage\",\"url\":\"https:\/\/www.notibras.com\/site\/wp-content\/uploads\/2014\/12\/dolar.jpg.bmp\",\"contentUrl\":\"https:\/\/www.notibras.com\/site\/wp-content\/uploads\/2014\/12\/dolar.jpg.bmp\",\"width\":640,\"height\":480},{\"@type\":\"BreadcrumbList\",\"@id\":\"https:\/\/www.notibras.com\/site\/dolar-dispara-e-bate-em-270-maior-taxa-registrada-em-10-anos\/#breadcrumb\",\"itemListElement\":[{\"@type\":\"ListItem\",\"position\":1,\"name\":\"In\u00edcio\",\"item\":\"https:\/\/www.notibras.com\/site\/\"},{\"@type\":\"ListItem\",\"position\":2,\"name\":\"D\u00f3lar dispara e bate em 2,70 reais, maior taxa registrada em 10 anos\"}]},{\"@type\":\"WebSite\",\"@id\":\"https:\/\/www.notibras.com\/site\/#website\",\"url\":\"https:\/\/www.notibras.com\/site\/\",\"name\":\"Notibras\",\"description\":\"Not\u00edcias de Bras\u00edlia, do Brasil e do Mundo\",\"publisher\":{\"@id\":\"https:\/\/www.notibras.com\/site\/#organization\"},\"potentialAction\":[{\"@type\":\"SearchAction\",\"target\":{\"@type\":\"EntryPoint\",\"urlTemplate\":\"https:\/\/www.notibras.com\/site\/?s={search_term_string}\"},\"query-input\":{\"@type\":\"PropertyValueSpecification\",\"valueRequired\":true,\"valueName\":\"search_term_string\"}}],\"inLanguage\":\"pt-BR\"},{\"@type\":\"Organization\",\"@id\":\"https:\/\/www.notibras.com\/site\/#organization\",\"name\":\"Grupo Notibras de Comunica\u00e7\u00e3o\",\"url\":\"https:\/\/www.notibras.com\/site\/\",\"logo\":{\"@type\":\"ImageObject\",\"inLanguage\":\"pt-BR\",\"@id\":\"https:\/\/www.notibras.com\/site\/#\/schema\/logo\/image\/\",\"url\":\"https:\/\/www.notibras.com\/site\/wp-content\/uploads\/2023\/01\/notibras23.png\",\"contentUrl\":\"https:\/\/www.notibras.com\/site\/wp-content\/uploads\/2023\/01\/notibras23.png\",\"width\":350,\"height\":87,\"caption\":\"Grupo Notibras de Comunica\u00e7\u00e3o\"},\"image\":{\"@id\":\"https:\/\/www.notibras.com\/site\/#\/schema\/logo\/image\/\"},\"sameAs\":[\"https:\/\/www.facebook.com\/notibras\/\",\"https:\/\/x.com\/Notibras\",\"https:\/\/www.instagram.com\/notibras\/\"]},{\"@type\":\"Person\",\"@id\":\"https:\/\/www.notibras.com\/site\/#\/schema\/person\/36ab0979449956132d3e5b517ea76ac8\",\"name\":\"Reda\u00e7\u00e3o\",\"image\":{\"@type\":\"ImageObject\",\"inLanguage\":\"pt-BR\",\"@id\":\"https:\/\/secure.gravatar.com\/avatar\/e0a867bdedb85fd243eadf09663511f96fc81e0720a4a42581f334ad4303aa6b?s=96&d=mm&r=g\",\"url\":\"https:\/\/secure.gravatar.com\/avatar\/e0a867bdedb85fd243eadf09663511f96fc81e0720a4a42581f334ad4303aa6b?s=96&d=mm&r=g\",\"contentUrl\":\"https:\/\/secure.gravatar.com\/avatar\/e0a867bdedb85fd243eadf09663511f96fc81e0720a4a42581f334ad4303aa6b?s=96&d=mm&r=g\",\"caption\":\"Reda\u00e7\u00e3o\"}}]}<\/script>\n<!-- \/ Yoast SEO plugin. -->","yoast_head_json":{"title":"D\u00f3lar dispara e bate em 2,70 reais, maior taxa registrada em 10 anos - Notibras","robots":{"index":"index","follow":"follow","max-snippet":"max-snippet:-1","max-image-preview":"max-image-preview:large","max-video-preview":"max-video-preview:-1"},"canonical":"https:\/\/www.notibras.com\/site\/dolar-dispara-e-bate-em-270-maior-taxa-registrada-em-10-anos\/","og_locale":"pt_BR","og_type":"article","og_title":"D\u00f3lar dispara e bate em 2,70 reais, maior taxa registrada em 10 anos - Notibras","og_description":"Uma semana ap\u00f3s ultrapassar R$ 2,60, a moeda norte-americana encosta em R$ 2,70. O d\u00f3lar comercial encerrou a segunda-feira (15) vendido a R$ 2,685, com alta de R$ 0,034 (1,29%). O valor \u00e9 o mais alto desde 29 de mar\u00e7o de 2005, quando a cota\u00e7\u00e3o tinha fechado em R$ 2,702. O dia foi marcado pela [&hellip;]","og_url":"https:\/\/www.notibras.com\/site\/dolar-dispara-e-bate-em-270-maior-taxa-registrada-em-10-anos\/","og_site_name":"Notibras","article_publisher":"https:\/\/www.facebook.com\/notibras\/","article_published_time":"2014-12-16T02:02:14+00:00","article_modified_time":"2014-12-16T02:02:46+00:00","author":"Reda\u00e7\u00e3o","twitter_card":"summary_large_image","twitter_creator":"@Notibras","twitter_site":"@Notibras","twitter_misc":{"Escrito por":"Reda\u00e7\u00e3o","Est. tempo de leitura":"1 minuto"},"schema":{"@context":"https:\/\/schema.org","@graph":[{"@type":"Article","@id":"https:\/\/www.notibras.com\/site\/dolar-dispara-e-bate-em-270-maior-taxa-registrada-em-10-anos\/#article","isPartOf":{"@id":"https:\/\/www.notibras.com\/site\/dolar-dispara-e-bate-em-270-maior-taxa-registrada-em-10-anos\/"},"author":{"name":"Reda\u00e7\u00e3o","@id":"https:\/\/www.notibras.com\/site\/#\/schema\/person\/36ab0979449956132d3e5b517ea76ac8"},"headline":"D\u00f3lar dispara e bate em 2,70 reais, maior taxa registrada em 10 anos","datePublished":"2014-12-16T02:02:14+00:00","dateModified":"2014-12-16T02:02:46+00:00","mainEntityOfPage":{"@id":"https:\/\/www.notibras.com\/site\/dolar-dispara-e-bate-em-270-maior-taxa-registrada-em-10-anos\/"},"wordCount":231,"commentCount":0,"publisher":{"@id":"https:\/\/www.notibras.com\/site\/#organization"},"image":{"@id":"https:\/\/www.notibras.com\/site\/dolar-dispara-e-bate-em-270-maior-taxa-registrada-em-10-anos\/#primaryimage"},"thumbnailUrl":"https:\/\/www.notibras.com\/site\/wp-content\/uploads\/2014\/12\/dolar.jpg.bmp","articleSection":["Brasil"],"inLanguage":"pt-BR","potentialAction":[{"@type":"CommentAction","name":"Comment","target":["https:\/\/www.notibras.com\/site\/dolar-dispara-e-bate-em-270-maior-taxa-registrada-em-10-anos\/#respond"]}]},{"@type":"WebPage","@id":"https:\/\/www.notibras.com\/site\/dolar-dispara-e-bate-em-270-maior-taxa-registrada-em-10-anos\/","url":"https:\/\/www.notibras.com\/site\/dolar-dispara-e-bate-em-270-maior-taxa-registrada-em-10-anos\/","name":"D\u00f3lar dispara e bate em 2,70 reais, maior taxa registrada em 10 anos - Notibras","isPartOf":{"@id":"https:\/\/www.notibras.com\/site\/#website"},"primaryImageOfPage":{"@id":"https:\/\/www.notibras.com\/site\/dolar-dispara-e-bate-em-270-maior-taxa-registrada-em-10-anos\/#primaryimage"},"image":{"@id":"https:\/\/www.notibras.com\/site\/dolar-dispara-e-bate-em-270-maior-taxa-registrada-em-10-anos\/#primaryimage"},"thumbnailUrl":"https:\/\/www.notibras.com\/site\/wp-content\/uploads\/2014\/12\/dolar.jpg.bmp","datePublished":"2014-12-16T02:02:14+00:00","dateModified":"2014-12-16T02:02:46+00:00","breadcrumb":{"@id":"https:\/\/www.notibras.com\/site\/dolar-dispara-e-bate-em-270-maior-taxa-registrada-em-10-anos\/#breadcrumb"},"inLanguage":"pt-BR","potentialAction":[{"@type":"ReadAction","target":["https:\/\/www.notibras.com\/site\/dolar-dispara-e-bate-em-270-maior-taxa-registrada-em-10-anos\/"]}]},{"@type":"ImageObject","inLanguage":"pt-BR","@id":"https:\/\/www.notibras.com\/site\/dolar-dispara-e-bate-em-270-maior-taxa-registrada-em-10-anos\/#primaryimage","url":"https:\/\/www.notibras.com\/site\/wp-content\/uploads\/2014\/12\/dolar.jpg.bmp","contentUrl":"https:\/\/www.notibras.com\/site\/wp-content\/uploads\/2014\/12\/dolar.jpg.bmp","width":640,"height":480},{"@type":"BreadcrumbList","@id":"https:\/\/www.notibras.com\/site\/dolar-dispara-e-bate-em-270-maior-taxa-registrada-em-10-anos\/#breadcrumb","itemListElement":[{"@type":"ListItem","position":1,"name":"In\u00edcio","item":"https:\/\/www.notibras.com\/site\/"},{"@type":"ListItem","position":2,"name":"D\u00f3lar dispara e bate em 2,70 reais, maior taxa registrada em 10 anos"}]},{"@type":"WebSite","@id":"https:\/\/www.notibras.com\/site\/#website","url":"https:\/\/www.notibras.com\/site\/","name":"Notibras","description":"Not\u00edcias de Bras\u00edlia, do Brasil e do Mundo","publisher":{"@id":"https:\/\/www.notibras.com\/site\/#organization"},"potentialAction":[{"@type":"SearchAction","target":{"@type":"EntryPoint","urlTemplate":"https:\/\/www.notibras.com\/site\/?s={search_term_string}"},"query-input":{"@type":"PropertyValueSpecification","valueRequired":true,"valueName":"search_term_string"}}],"inLanguage":"pt-BR"},{"@type":"Organization","@id":"https:\/\/www.notibras.com\/site\/#organization","name":"Grupo Notibras de Comunica\u00e7\u00e3o","url":"https:\/\/www.notibras.com\/site\/","logo":{"@type":"ImageObject","inLanguage":"pt-BR","@id":"https:\/\/www.notibras.com\/site\/#\/schema\/logo\/image\/","url":"https:\/\/www.notibras.com\/site\/wp-content\/uploads\/2023\/01\/notibras23.png","contentUrl":"https:\/\/www.notibras.com\/site\/wp-content\/uploads\/2023\/01\/notibras23.png","width":350,"height":87,"caption":"Grupo Notibras de Comunica\u00e7\u00e3o"},"image":{"@id":"https:\/\/www.notibras.com\/site\/#\/schema\/logo\/image\/"},"sameAs":["https:\/\/www.facebook.com\/notibras\/","https:\/\/x.com\/Notibras","https:\/\/www.instagram.com\/notibras\/"]},{"@type":"Person","@id":"https:\/\/www.notibras.com\/site\/#\/schema\/person\/36ab0979449956132d3e5b517ea76ac8","name":"Reda\u00e7\u00e3o","image":{"@type":"ImageObject","inLanguage":"pt-BR","@id":"https:\/\/secure.gravatar.com\/avatar\/e0a867bdedb85fd243eadf09663511f96fc81e0720a4a42581f334ad4303aa6b?s=96&d=mm&r=g","url":"https:\/\/secure.gravatar.com\/avatar\/e0a867bdedb85fd243eadf09663511f96fc81e0720a4a42581f334ad4303aa6b?s=96&d=mm&r=g","contentUrl":"https:\/\/secure.gravatar.com\/avatar\/e0a867bdedb85fd243eadf09663511f96fc81e0720a4a42581f334ad4303aa6b?s=96&d=mm&r=g","caption":"Reda\u00e7\u00e3o"}}]}},"amp_enabled":true,"_links":{"self":[{"href":"https:\/\/www.notibras.com\/site\/wp-json\/wp\/v2\/posts\/31263","targetHints":{"allow":["GET"]}}],"collection":[{"href":"https:\/\/www.notibras.com\/site\/wp-json\/wp\/v2\/posts"}],"about":[{"href":"https:\/\/www.notibras.com\/site\/wp-json\/wp\/v2\/types\/post"}],"author":[{"embeddable":true,"href":"https:\/\/www.notibras.com\/site\/wp-json\/wp\/v2\/users\/2"}],"replies":[{"embeddable":true,"href":"https:\/\/www.notibras.com\/site\/wp-json\/wp\/v2\/comments?post=31263"}],"version-history":[{"count":0,"href":"https:\/\/www.notibras.com\/site\/wp-json\/wp\/v2\/posts\/31263\/revisions"}],"wp:featuredmedia":[{"embeddable":true,"href":"https:\/\/www.notibras.com\/site\/wp-json\/wp\/v2\/media\/31264"}],"wp:attachment":[{"href":"https:\/\/www.notibras.com\/site\/wp-json\/wp\/v2\/media?parent=31263"}],"wp:term":[{"taxonomy":"category","embeddable":true,"href":"https:\/\/www.notibras.com\/site\/wp-json\/wp\/v2\/categories?post=31263"},{"taxonomy":"post_tag","embeddable":true,"href":"https:\/\/www.notibras.com\/site\/wp-json\/wp\/v2\/tags?post=31263"}],"curies":[{"name":"wp","href":"https:\/\/api.w.org\/{rel}","templated":true}]}}