{"id":312644,"date":"2023-09-11T07:22:53","date_gmt":"2023-09-11T10:22:53","guid":{"rendered":"https:\/\/www.notibras.com\/site\/?p=312644"},"modified":"2023-09-11T09:08:30","modified_gmt":"2023-09-11T12:08:30","slug":"cuidar-so-da-amazonia-e-sentenca-de-morte-para-o-cerrado","status":"publish","type":"post","link":"https:\/\/www.notibras.com\/site\/cuidar-so-da-amazonia-e-sentenca-de-morte-para-o-cerrado\/","title":{"rendered":"Cuidar s\u00f3 da Amaz\u00f4nia \u00e9 senten\u00e7a de morte para o Cerrado"},"content":{"rendered":"<p>O dia 11 de setembro marca o dia da savana mais biodiversa do planeta: o Cerrado brasileiro. O bioma ocupa 24% do territ\u00f3rio nacional e est\u00e1 presente em 11 estados e no Distrito Federal, indo do Paran\u00e1 at\u00e9 Rond\u00f4nia, passando por S\u00e3o Paulo, Bahia e Maranh\u00e3o.<\/p>\n<p>Apesar da grande import\u00e2ncia do bioma para a preserva\u00e7\u00e3o da fauna, da flora e dos povos origin\u00e1rios, especialistas ouvidos pela Ag\u00eancia Brasil que estudam o Cerrado fazem um alerta: o avan\u00e7o da agropecu\u00e1ria de exporta\u00e7\u00e3o junto com a tese do Bioma de Sacrif\u00edcio t\u00eam colocado em risco o futuro da savana brasileira.<\/p>\n<p>Estudos indicam que a maior parte do desmatamento do Cerrado ocorre na regi\u00e3o do Matopiba, \u00e1rea de fronteira agr\u00edcola que engloba os estados do Maranh\u00e3o, de Tocantins, do Piau\u00ed e da Bahia \u2013 o termo surge da jun\u00e7\u00e3o da primeira s\u00edlaba desses estados.<\/p>\n<p>Entre janeiro e julho de 2023, 85% do desmatamento do bioma ocorreu no Matopiba, segundo an\u00e1lise do Instituto de Pesquisa Ambiental da Amaz\u00f4nia (Ipam) que, apesar do nome, tamb\u00e9m tem o Cerrado como objeto de estudo.<\/p>\n<p>A pesquisadora do Observat\u00f3rio do Matopiba Patr\u00edcia da Silva destacou que o Cerrado tem sido considerado por estudiosos como uma zona de &#8220;sacrif\u00edcio&#8221;.<\/p>\n<p>\u201cA gente tem costume de olhar muito para a Amaz\u00f4nia e vai sendo mais permissivo com o que acontece no Cerrado, embora o Cerrado seja o ber\u00e7o das \u00e1guas do Brasil e onde nascem oito das 12 bacias hidrogr\u00e1ficas mais importantes do pa\u00eds\u201d, destacou.<\/p>\n<p><strong>Desmatamento<\/strong><br \/>\nEnquanto o desmatamento na Amaz\u00f4nia diminuiu 42,5% entre janeiro e julho deste ano, no Cerrado ele cresceu 21,7% em rela\u00e7\u00e3o ao mesmo per\u00edodo de 2022. Ou seja, foram desmatados 582 mil hectares de Cerrado at\u00e9 julho deste ano, uma \u00e1rea semelhante ao tamanho do Distrito Federal. Cada hectare equivale a um campo de futebol.<\/p>\n<p>Para o ge\u00f3grafo e doutor em Ci\u00eancias Florestais Yuri Salmona, diretor-executivo do Instituto Cerrados, o desmatamento vem crescendo nos \u00faltimos anos porque o Cerrado \u00e9 um bioma desprotegido, onde a governan\u00e7a ambiental foi deixada nas m\u00e3os do setor privado e dos governos estaduais.<\/p>\n<p>Para Salmona, existe uma ideia, difundida inclusive internacionalmente, de que a Amaz\u00f4nia resolve a agenda ambiental brasileira.<\/p>\n<p>\u201cEm contrapartida, o Estado brasileiro e a sociedade brasileira constru\u00edram o ide\u00e1rio de que o Cerrado \u00e9 um bioma de sacrif\u00edcio. Ent\u00e3o, vamos sacrificar esse bioma em nome do agroneg\u00f3cio e em nome da pr\u00f3pria preserva\u00e7\u00e3o da Amaz\u00f4nia. Da\u00ed voc\u00ea v\u00ea uma din\u00e2mica de que o desmatamento que iria para Amaz\u00f4nia vem para o Cerrado\u201d, explicou.<\/p>\n<p>O diretor do Instituto Cerrados acrescentou que essa vis\u00e3o n\u00e3o faz sentido porque o Cerrado abastece as bacias amaz\u00f4nicas por meio do rio Xingu e da bacia Tocantins-Araguaia,. \u201cA \u00e1gua que corre no rio Amazonas e abastece a bacia amaz\u00f4nica, em boa parte, prov\u00e9m do Cerrado\u201d, concluiu o especialista que defendeu que Amaz\u00f4nia e Cerrado s\u00e3o \u201cbiomas irm\u00e3os\u201d.<\/p>\n<p><strong>Agroneg\u00f3cio<\/strong><br \/>\nAtualmente, metade da \u00e1rea do Cerrado \u00e9 ocupada pela produ\u00e7\u00e3o de animais e gr\u00e3os. Em 1985, a agropecu\u00e1ria ocupava pouco mais de um ter\u00e7o (34%) do bioma, segundo estudo do MapBiomas. O levantamento feito com dados de sat\u00e9lites revelou que, entre 1985 e 2022, a savana brasileira perdeu 25% da sua vegeta\u00e7\u00e3o nativa para o desmatamento.<\/p>\n<p>E a tend\u00eancia \u00e9 de que o desmatamento continue, uma vez que h\u00e1 previs\u00e3o de expans\u00e3o da agropecu\u00e1ria no Cerrado nos pr\u00f3ximos anos, segundo pesquisa do Minist\u00e9rio da Agricultura e Pecu\u00e1ria (Mapa). A pasta prev\u00ea um aumento de 37% na produ\u00e7\u00e3o de gr\u00e3os no Matopiba em dez anos. Com isso, o setor deve aumentar a \u00e1rea explorada em 17%, o que representa uma expans\u00e3o da fronteira agr\u00edcola de 1,6 milh\u00e3o de hectares no per\u00edodo.<\/p>\n<p>A produ\u00e7\u00e3o agropecu\u00e1ria que predomina no Matopiba \u00e9 realizada por grandes empresas, com investimentos internacionais, que produzem gr\u00e3os em larga escala, com produ\u00e7\u00e3o altamente mecanizada, e voltada para exporta\u00e7\u00e3o das chamadas commodities, que s\u00e3o mat\u00e9rias-primas em estado bruto, segundo a pesquisadora Patr\u00edcia da Silva.<\/p>\n<p><strong>Desafios<\/strong><br \/>\nO diretor-executivo do IPAM, Andr\u00e9 Guimar\u00e3es, considera que o elevado grau de desmatamento do Cerrado coloca o bioma em \u201calt\u00edssimo risco\u201d. Segundo ele, diferentemente da Amaz\u00f4nia, onde o desmatamento se concentra em terras p\u00fablicas, no Cerrado a maior parte \u00e9 em fazendas privadas, o que exige outro tipo de a\u00e7\u00e3o do Estado.<\/p>\n<p>\u201cN\u00f3s estamos falhando enquanto Estado brasileiro ao n\u00e3o regulamentar os artigos do C\u00f3digo Florestal que geram incentivos para que o propriet\u00e1rio privado desista do seu direito de desmatar\u201d, destacou.<\/p>\n<p>O C\u00f3digo Florestal, enquanto limita o desmatamento a 20% da propriedade privada na Amaz\u00f4nia, no Cerrado ele permite um desmatamento de at\u00e9 80% da propriedade. \u201cIsso traz uma dificuldade para reduzir o desmatamento. No Cerrado, eles podem desmatar legalmente\u201d, destaca Ane Alencar, coordenadora do MapBiomas Cerrado.<\/p>\n<p>\u201cNo Cerrado, a quest\u00e3o vai muito al\u00e9m de ser s\u00f3 uma quest\u00e3o legal, passa por uma quest\u00e3o de boas pr\u00e1ticas, de incentivo ao melhor reaproveitamento das \u00e1reas j\u00e1 desmatadas e de maior efici\u00eancia na produ\u00e7\u00e3o dessas \u00e1reas. Ent\u00e3o, \u00e9 um desafio bem maior do que na Amaz\u00f4nia\u201d, afirma.<\/p>\n<p>Por outro lado, a pesquisadora Patr\u00edcia da Silva pondera que mesmo os desmatamentos tidos como legais est\u00e3o com irregularidades.<\/p>\n<p>\u201cAs pesquisas que a gente tem feito apontam que, embora tenha uma boa parte desse desmatamento que sejam \u201clegais\u201d, ou seja, possuam Autoriza\u00e7\u00e3o de Supress\u00e3o de Vegeta\u00e7\u00e3o (ASV), essas autoriza\u00e7\u00f5es apresentam problemas e irregularidades na sua expedi\u00e7\u00e3o\u201d.<\/p>\n<p><strong>MMA<\/strong><br \/>\nEm audi\u00eancia p\u00fablica no Senado no final de agosto, a ministra do Meio Ambiente Marina Silva informou que a pasta est\u00e1 preparando um novo plano contra o desmatamento do Cerrado que deve ser colocado para consulta p\u00fablico neste m\u00eas de setembro.<\/p>\n<p>Ao mesmo tempo, Marina destacou que o plano n\u00e3o ter\u00e1 sucesso sem participa\u00e7\u00e3o dos estados:<\/p>\n<p>\u201cConsiderando que mais de 70% dos desmatamentos que est\u00e3o acontecendo no Cerrado t\u00eam a licen\u00e7a para desmatar, o que n\u00f3s vamos precisar \u00e9, digamos, revisitar essas licen\u00e7as para saber o n\u00edvel de legalidade delas\u201d.<\/p>\n<p>Nossa reportagem procurou a Frente Parlamentar Agropecu\u00e1ria (FPA) e a Confedera\u00e7\u00e3o Nacional da Agricultura (CNA) para se posicionarem sobre o desmatamento do bioma para a produ\u00e7\u00e3o agr\u00edcola, mas n\u00e3o obteve retorno at\u00e9 a publica\u00e7\u00e3o desta reportagem.<\/p>\n","protected":false},"excerpt":{"rendered":"<p>O dia 11 de setembro marca o dia da savana mais biodiversa do planeta: o Cerrado brasileiro. O bioma ocupa 24% do territ\u00f3rio nacional e est\u00e1 presente em 11 estados e no Distrito Federal, indo do Paran\u00e1 at\u00e9 Rond\u00f4nia, passando por S\u00e3o Paulo, Bahia e Maranh\u00e3o. Apesar da grande import\u00e2ncia do bioma para a preserva\u00e7\u00e3o [&hellip;]<\/p>\n","protected":false},"author":2,"featured_media":312645,"comment_status":"closed","ping_status":"closed","sticky":false,"template":"","format":"standard","meta":{"_acf_changed":false,"footnotes":""},"categories":[161],"tags":[],"class_list":["post-312644","post","type-post","status-publish","format-standard","has-post-thumbnail","hentry","category-quadradinho-em-foco"],"acf":[],"yoast_head":"<!-- This site is optimized with the Yoast SEO plugin v27.2 - https:\/\/yoast.com\/product\/yoast-seo-wordpress\/ -->\n<title>Cuidar s\u00f3 da Amaz\u00f4nia \u00e9 senten\u00e7a de morte para o Cerrado - Notibras<\/title>\n<meta name=\"robots\" content=\"index, follow, max-snippet:-1, max-image-preview:large, max-video-preview:-1\" \/>\n<link rel=\"canonical\" href=\"https:\/\/www.notibras.com\/site\/cuidar-so-da-amazonia-e-sentenca-de-morte-para-o-cerrado\/\" \/>\n<meta property=\"og:locale\" content=\"pt_BR\" \/>\n<meta property=\"og:type\" content=\"article\" \/>\n<meta property=\"og:title\" content=\"Cuidar s\u00f3 da Amaz\u00f4nia \u00e9 senten\u00e7a de morte para o Cerrado - Notibras\" \/>\n<meta property=\"og:description\" content=\"O dia 11 de setembro marca o dia da savana mais biodiversa do planeta: o Cerrado brasileiro. O bioma ocupa 24% do territ\u00f3rio nacional e est\u00e1 presente em 11 estados e no Distrito Federal, indo do Paran\u00e1 at\u00e9 Rond\u00f4nia, passando por S\u00e3o Paulo, Bahia e Maranh\u00e3o. Apesar da grande import\u00e2ncia do bioma para a preserva\u00e7\u00e3o [&hellip;]\" \/>\n<meta property=\"og:url\" content=\"https:\/\/www.notibras.com\/site\/cuidar-so-da-amazonia-e-sentenca-de-morte-para-o-cerrado\/\" \/>\n<meta property=\"og:site_name\" content=\"Notibras\" \/>\n<meta property=\"article:publisher\" content=\"https:\/\/www.facebook.com\/notibras\/\" \/>\n<meta property=\"article:published_time\" content=\"2023-09-11T10:22:53+00:00\" \/>\n<meta property=\"article:modified_time\" content=\"2023-09-11T12:08:30+00:00\" \/>\n<meta property=\"og:image\" content=\"https:\/\/www.notibras.com\/site\/wp-content\/uploads\/2023\/09\/regiao_conhecida_como_mar_de_morros_do_distrito_federal.jpg\" \/>\n\t<meta property=\"og:image:width\" content=\"1170\" \/>\n\t<meta property=\"og:image:height\" content=\"700\" \/>\n\t<meta property=\"og:image:type\" content=\"image\/jpeg\" \/>\n<meta name=\"author\" content=\"Reda\u00e7\u00e3o\" \/>\n<meta name=\"twitter:card\" content=\"summary_large_image\" \/>\n<meta name=\"twitter:creator\" content=\"@Notibras\" \/>\n<meta name=\"twitter:site\" content=\"@Notibras\" \/>\n<meta name=\"twitter:label1\" content=\"Escrito por\" \/>\n\t<meta name=\"twitter:data1\" content=\"Reda\u00e7\u00e3o\" \/>\n\t<meta name=\"twitter:label2\" content=\"Est. tempo de leitura\" \/>\n\t<meta name=\"twitter:data2\" content=\"6 minutos\" \/>\n<script type=\"application\/ld+json\" class=\"yoast-schema-graph\">{\"@context\":\"https:\/\/schema.org\",\"@graph\":[{\"@type\":\"Article\",\"@id\":\"https:\/\/www.notibras.com\/site\/cuidar-so-da-amazonia-e-sentenca-de-morte-para-o-cerrado\/#article\",\"isPartOf\":{\"@id\":\"https:\/\/www.notibras.com\/site\/cuidar-so-da-amazonia-e-sentenca-de-morte-para-o-cerrado\/\"},\"author\":{\"name\":\"Reda\u00e7\u00e3o\",\"@id\":\"https:\/\/www.notibras.com\/site\/#\/schema\/person\/36ab0979449956132d3e5b517ea76ac8\"},\"headline\":\"Cuidar s\u00f3 da Amaz\u00f4nia \u00e9 senten\u00e7a de morte para o Cerrado\",\"datePublished\":\"2023-09-11T10:22:53+00:00\",\"dateModified\":\"2023-09-11T12:08:30+00:00\",\"mainEntityOfPage\":{\"@id\":\"https:\/\/www.notibras.com\/site\/cuidar-so-da-amazonia-e-sentenca-de-morte-para-o-cerrado\/\"},\"wordCount\":1116,\"publisher\":{\"@id\":\"https:\/\/www.notibras.com\/site\/#organization\"},\"image\":{\"@id\":\"https:\/\/www.notibras.com\/site\/cuidar-so-da-amazonia-e-sentenca-de-morte-para-o-cerrado\/#primaryimage\"},\"thumbnailUrl\":\"https:\/\/www.notibras.com\/site\/wp-content\/uploads\/2023\/09\/regiao_conhecida_como_mar_de_morros_do_distrito_federal.jpg\",\"articleSection\":[\"Quadradinho em Foco\"],\"inLanguage\":\"pt-BR\"},{\"@type\":\"WebPage\",\"@id\":\"https:\/\/www.notibras.com\/site\/cuidar-so-da-amazonia-e-sentenca-de-morte-para-o-cerrado\/\",\"url\":\"https:\/\/www.notibras.com\/site\/cuidar-so-da-amazonia-e-sentenca-de-morte-para-o-cerrado\/\",\"name\":\"Cuidar s\u00f3 da Amaz\u00f4nia \u00e9 senten\u00e7a de morte para o Cerrado - Notibras\",\"isPartOf\":{\"@id\":\"https:\/\/www.notibras.com\/site\/#website\"},\"primaryImageOfPage\":{\"@id\":\"https:\/\/www.notibras.com\/site\/cuidar-so-da-amazonia-e-sentenca-de-morte-para-o-cerrado\/#primaryimage\"},\"image\":{\"@id\":\"https:\/\/www.notibras.com\/site\/cuidar-so-da-amazonia-e-sentenca-de-morte-para-o-cerrado\/#primaryimage\"},\"thumbnailUrl\":\"https:\/\/www.notibras.com\/site\/wp-content\/uploads\/2023\/09\/regiao_conhecida_como_mar_de_morros_do_distrito_federal.jpg\",\"datePublished\":\"2023-09-11T10:22:53+00:00\",\"dateModified\":\"2023-09-11T12:08:30+00:00\",\"breadcrumb\":{\"@id\":\"https:\/\/www.notibras.com\/site\/cuidar-so-da-amazonia-e-sentenca-de-morte-para-o-cerrado\/#breadcrumb\"},\"inLanguage\":\"pt-BR\",\"potentialAction\":[{\"@type\":\"ReadAction\",\"target\":[\"https:\/\/www.notibras.com\/site\/cuidar-so-da-amazonia-e-sentenca-de-morte-para-o-cerrado\/\"]}]},{\"@type\":\"ImageObject\",\"inLanguage\":\"pt-BR\",\"@id\":\"https:\/\/www.notibras.com\/site\/cuidar-so-da-amazonia-e-sentenca-de-morte-para-o-cerrado\/#primaryimage\",\"url\":\"https:\/\/www.notibras.com\/site\/wp-content\/uploads\/2023\/09\/regiao_conhecida_como_mar_de_morros_do_distrito_federal.jpg\",\"contentUrl\":\"https:\/\/www.notibras.com\/site\/wp-content\/uploads\/2023\/09\/regiao_conhecida_como_mar_de_morros_do_distrito_federal.jpg\",\"width\":1170,\"height\":700},{\"@type\":\"BreadcrumbList\",\"@id\":\"https:\/\/www.notibras.com\/site\/cuidar-so-da-amazonia-e-sentenca-de-morte-para-o-cerrado\/#breadcrumb\",\"itemListElement\":[{\"@type\":\"ListItem\",\"position\":1,\"name\":\"In\u00edcio\",\"item\":\"https:\/\/www.notibras.com\/site\/\"},{\"@type\":\"ListItem\",\"position\":2,\"name\":\"Cuidar s\u00f3 da Amaz\u00f4nia \u00e9 senten\u00e7a de morte para o Cerrado\"}]},{\"@type\":\"WebSite\",\"@id\":\"https:\/\/www.notibras.com\/site\/#website\",\"url\":\"https:\/\/www.notibras.com\/site\/\",\"name\":\"Notibras\",\"description\":\"Not\u00edcias de Bras\u00edlia, do Brasil e do Mundo\",\"publisher\":{\"@id\":\"https:\/\/www.notibras.com\/site\/#organization\"},\"potentialAction\":[{\"@type\":\"SearchAction\",\"target\":{\"@type\":\"EntryPoint\",\"urlTemplate\":\"https:\/\/www.notibras.com\/site\/?s={search_term_string}\"},\"query-input\":{\"@type\":\"PropertyValueSpecification\",\"valueRequired\":true,\"valueName\":\"search_term_string\"}}],\"inLanguage\":\"pt-BR\"},{\"@type\":\"Organization\",\"@id\":\"https:\/\/www.notibras.com\/site\/#organization\",\"name\":\"Grupo Notibras de Comunica\u00e7\u00e3o\",\"url\":\"https:\/\/www.notibras.com\/site\/\",\"logo\":{\"@type\":\"ImageObject\",\"inLanguage\":\"pt-BR\",\"@id\":\"https:\/\/www.notibras.com\/site\/#\/schema\/logo\/image\/\",\"url\":\"https:\/\/www.notibras.com\/site\/wp-content\/uploads\/2023\/01\/notibras23.png\",\"contentUrl\":\"https:\/\/www.notibras.com\/site\/wp-content\/uploads\/2023\/01\/notibras23.png\",\"width\":350,\"height\":87,\"caption\":\"Grupo Notibras de Comunica\u00e7\u00e3o\"},\"image\":{\"@id\":\"https:\/\/www.notibras.com\/site\/#\/schema\/logo\/image\/\"},\"sameAs\":[\"https:\/\/www.facebook.com\/notibras\/\",\"https:\/\/x.com\/Notibras\",\"https:\/\/www.instagram.com\/notibras\/\"]},{\"@type\":\"Person\",\"@id\":\"https:\/\/www.notibras.com\/site\/#\/schema\/person\/36ab0979449956132d3e5b517ea76ac8\",\"name\":\"Reda\u00e7\u00e3o\",\"image\":{\"@type\":\"ImageObject\",\"inLanguage\":\"pt-BR\",\"@id\":\"https:\/\/secure.gravatar.com\/avatar\/e0a867bdedb85fd243eadf09663511f96fc81e0720a4a42581f334ad4303aa6b?s=96&d=mm&r=g\",\"url\":\"https:\/\/secure.gravatar.com\/avatar\/e0a867bdedb85fd243eadf09663511f96fc81e0720a4a42581f334ad4303aa6b?s=96&d=mm&r=g\",\"contentUrl\":\"https:\/\/secure.gravatar.com\/avatar\/e0a867bdedb85fd243eadf09663511f96fc81e0720a4a42581f334ad4303aa6b?s=96&d=mm&r=g\",\"caption\":\"Reda\u00e7\u00e3o\"}}]}<\/script>\n<!-- \/ Yoast SEO plugin. -->","yoast_head_json":{"title":"Cuidar s\u00f3 da Amaz\u00f4nia \u00e9 senten\u00e7a de morte para o Cerrado - Notibras","robots":{"index":"index","follow":"follow","max-snippet":"max-snippet:-1","max-image-preview":"max-image-preview:large","max-video-preview":"max-video-preview:-1"},"canonical":"https:\/\/www.notibras.com\/site\/cuidar-so-da-amazonia-e-sentenca-de-morte-para-o-cerrado\/","og_locale":"pt_BR","og_type":"article","og_title":"Cuidar s\u00f3 da Amaz\u00f4nia \u00e9 senten\u00e7a de morte para o Cerrado - Notibras","og_description":"O dia 11 de setembro marca o dia da savana mais biodiversa do planeta: o Cerrado brasileiro. O bioma ocupa 24% do territ\u00f3rio nacional e est\u00e1 presente em 11 estados e no Distrito Federal, indo do Paran\u00e1 at\u00e9 Rond\u00f4nia, passando por S\u00e3o Paulo, Bahia e Maranh\u00e3o. Apesar da grande import\u00e2ncia do bioma para a preserva\u00e7\u00e3o [&hellip;]","og_url":"https:\/\/www.notibras.com\/site\/cuidar-so-da-amazonia-e-sentenca-de-morte-para-o-cerrado\/","og_site_name":"Notibras","article_publisher":"https:\/\/www.facebook.com\/notibras\/","article_published_time":"2023-09-11T10:22:53+00:00","article_modified_time":"2023-09-11T12:08:30+00:00","og_image":[{"width":1170,"height":700,"url":"https:\/\/www.notibras.com\/site\/wp-content\/uploads\/2023\/09\/regiao_conhecida_como_mar_de_morros_do_distrito_federal.jpg","type":"image\/jpeg"}],"author":"Reda\u00e7\u00e3o","twitter_card":"summary_large_image","twitter_creator":"@Notibras","twitter_site":"@Notibras","twitter_misc":{"Escrito por":"Reda\u00e7\u00e3o","Est. tempo de leitura":"6 minutos"},"schema":{"@context":"https:\/\/schema.org","@graph":[{"@type":"Article","@id":"https:\/\/www.notibras.com\/site\/cuidar-so-da-amazonia-e-sentenca-de-morte-para-o-cerrado\/#article","isPartOf":{"@id":"https:\/\/www.notibras.com\/site\/cuidar-so-da-amazonia-e-sentenca-de-morte-para-o-cerrado\/"},"author":{"name":"Reda\u00e7\u00e3o","@id":"https:\/\/www.notibras.com\/site\/#\/schema\/person\/36ab0979449956132d3e5b517ea76ac8"},"headline":"Cuidar s\u00f3 da Amaz\u00f4nia \u00e9 senten\u00e7a de morte para o Cerrado","datePublished":"2023-09-11T10:22:53+00:00","dateModified":"2023-09-11T12:08:30+00:00","mainEntityOfPage":{"@id":"https:\/\/www.notibras.com\/site\/cuidar-so-da-amazonia-e-sentenca-de-morte-para-o-cerrado\/"},"wordCount":1116,"publisher":{"@id":"https:\/\/www.notibras.com\/site\/#organization"},"image":{"@id":"https:\/\/www.notibras.com\/site\/cuidar-so-da-amazonia-e-sentenca-de-morte-para-o-cerrado\/#primaryimage"},"thumbnailUrl":"https:\/\/www.notibras.com\/site\/wp-content\/uploads\/2023\/09\/regiao_conhecida_como_mar_de_morros_do_distrito_federal.jpg","articleSection":["Quadradinho em Foco"],"inLanguage":"pt-BR"},{"@type":"WebPage","@id":"https:\/\/www.notibras.com\/site\/cuidar-so-da-amazonia-e-sentenca-de-morte-para-o-cerrado\/","url":"https:\/\/www.notibras.com\/site\/cuidar-so-da-amazonia-e-sentenca-de-morte-para-o-cerrado\/","name":"Cuidar s\u00f3 da Amaz\u00f4nia \u00e9 senten\u00e7a de morte para o Cerrado - Notibras","isPartOf":{"@id":"https:\/\/www.notibras.com\/site\/#website"},"primaryImageOfPage":{"@id":"https:\/\/www.notibras.com\/site\/cuidar-so-da-amazonia-e-sentenca-de-morte-para-o-cerrado\/#primaryimage"},"image":{"@id":"https:\/\/www.notibras.com\/site\/cuidar-so-da-amazonia-e-sentenca-de-morte-para-o-cerrado\/#primaryimage"},"thumbnailUrl":"https:\/\/www.notibras.com\/site\/wp-content\/uploads\/2023\/09\/regiao_conhecida_como_mar_de_morros_do_distrito_federal.jpg","datePublished":"2023-09-11T10:22:53+00:00","dateModified":"2023-09-11T12:08:30+00:00","breadcrumb":{"@id":"https:\/\/www.notibras.com\/site\/cuidar-so-da-amazonia-e-sentenca-de-morte-para-o-cerrado\/#breadcrumb"},"inLanguage":"pt-BR","potentialAction":[{"@type":"ReadAction","target":["https:\/\/www.notibras.com\/site\/cuidar-so-da-amazonia-e-sentenca-de-morte-para-o-cerrado\/"]}]},{"@type":"ImageObject","inLanguage":"pt-BR","@id":"https:\/\/www.notibras.com\/site\/cuidar-so-da-amazonia-e-sentenca-de-morte-para-o-cerrado\/#primaryimage","url":"https:\/\/www.notibras.com\/site\/wp-content\/uploads\/2023\/09\/regiao_conhecida_como_mar_de_morros_do_distrito_federal.jpg","contentUrl":"https:\/\/www.notibras.com\/site\/wp-content\/uploads\/2023\/09\/regiao_conhecida_como_mar_de_morros_do_distrito_federal.jpg","width":1170,"height":700},{"@type":"BreadcrumbList","@id":"https:\/\/www.notibras.com\/site\/cuidar-so-da-amazonia-e-sentenca-de-morte-para-o-cerrado\/#breadcrumb","itemListElement":[{"@type":"ListItem","position":1,"name":"In\u00edcio","item":"https:\/\/www.notibras.com\/site\/"},{"@type":"ListItem","position":2,"name":"Cuidar s\u00f3 da Amaz\u00f4nia \u00e9 senten\u00e7a de morte para o Cerrado"}]},{"@type":"WebSite","@id":"https:\/\/www.notibras.com\/site\/#website","url":"https:\/\/www.notibras.com\/site\/","name":"Notibras","description":"Not\u00edcias de Bras\u00edlia, do Brasil e do Mundo","publisher":{"@id":"https:\/\/www.notibras.com\/site\/#organization"},"potentialAction":[{"@type":"SearchAction","target":{"@type":"EntryPoint","urlTemplate":"https:\/\/www.notibras.com\/site\/?s={search_term_string}"},"query-input":{"@type":"PropertyValueSpecification","valueRequired":true,"valueName":"search_term_string"}}],"inLanguage":"pt-BR"},{"@type":"Organization","@id":"https:\/\/www.notibras.com\/site\/#organization","name":"Grupo Notibras de Comunica\u00e7\u00e3o","url":"https:\/\/www.notibras.com\/site\/","logo":{"@type":"ImageObject","inLanguage":"pt-BR","@id":"https:\/\/www.notibras.com\/site\/#\/schema\/logo\/image\/","url":"https:\/\/www.notibras.com\/site\/wp-content\/uploads\/2023\/01\/notibras23.png","contentUrl":"https:\/\/www.notibras.com\/site\/wp-content\/uploads\/2023\/01\/notibras23.png","width":350,"height":87,"caption":"Grupo Notibras de Comunica\u00e7\u00e3o"},"image":{"@id":"https:\/\/www.notibras.com\/site\/#\/schema\/logo\/image\/"},"sameAs":["https:\/\/www.facebook.com\/notibras\/","https:\/\/x.com\/Notibras","https:\/\/www.instagram.com\/notibras\/"]},{"@type":"Person","@id":"https:\/\/www.notibras.com\/site\/#\/schema\/person\/36ab0979449956132d3e5b517ea76ac8","name":"Reda\u00e7\u00e3o","image":{"@type":"ImageObject","inLanguage":"pt-BR","@id":"https:\/\/secure.gravatar.com\/avatar\/e0a867bdedb85fd243eadf09663511f96fc81e0720a4a42581f334ad4303aa6b?s=96&d=mm&r=g","url":"https:\/\/secure.gravatar.com\/avatar\/e0a867bdedb85fd243eadf09663511f96fc81e0720a4a42581f334ad4303aa6b?s=96&d=mm&r=g","contentUrl":"https:\/\/secure.gravatar.com\/avatar\/e0a867bdedb85fd243eadf09663511f96fc81e0720a4a42581f334ad4303aa6b?s=96&d=mm&r=g","caption":"Reda\u00e7\u00e3o"}}]}},"amp_enabled":true,"_links":{"self":[{"href":"https:\/\/www.notibras.com\/site\/wp-json\/wp\/v2\/posts\/312644","targetHints":{"allow":["GET"]}}],"collection":[{"href":"https:\/\/www.notibras.com\/site\/wp-json\/wp\/v2\/posts"}],"about":[{"href":"https:\/\/www.notibras.com\/site\/wp-json\/wp\/v2\/types\/post"}],"author":[{"embeddable":true,"href":"https:\/\/www.notibras.com\/site\/wp-json\/wp\/v2\/users\/2"}],"replies":[{"embeddable":true,"href":"https:\/\/www.notibras.com\/site\/wp-json\/wp\/v2\/comments?post=312644"}],"version-history":[{"count":1,"href":"https:\/\/www.notibras.com\/site\/wp-json\/wp\/v2\/posts\/312644\/revisions"}],"predecessor-version":[{"id":312646,"href":"https:\/\/www.notibras.com\/site\/wp-json\/wp\/v2\/posts\/312644\/revisions\/312646"}],"wp:featuredmedia":[{"embeddable":true,"href":"https:\/\/www.notibras.com\/site\/wp-json\/wp\/v2\/media\/312645"}],"wp:attachment":[{"href":"https:\/\/www.notibras.com\/site\/wp-json\/wp\/v2\/media?parent=312644"}],"wp:term":[{"taxonomy":"category","embeddable":true,"href":"https:\/\/www.notibras.com\/site\/wp-json\/wp\/v2\/categories?post=312644"},{"taxonomy":"post_tag","embeddable":true,"href":"https:\/\/www.notibras.com\/site\/wp-json\/wp\/v2\/tags?post=312644"}],"curies":[{"name":"wp","href":"https:\/\/api.w.org\/{rel}","templated":true}]}}