{"id":312648,"date":"2023-09-11T07:20:57","date_gmt":"2023-09-11T10:20:57","guid":{"rendered":"https:\/\/www.notibras.com\/site\/?p=312648"},"modified":"2023-09-11T09:20:59","modified_gmt":"2023-09-11T12:20:59","slug":"desmatamento-ameaca-seguranca-hidrica-de-todo-o-brasil","status":"publish","type":"post","link":"https:\/\/www.notibras.com\/site\/desmatamento-ameaca-seguranca-hidrica-de-todo-o-brasil\/","title":{"rendered":"Desmatamento amea\u00e7a seguran\u00e7a h\u00eddrica de todo o Brasil"},"content":{"rendered":"<p>&#8220;Uns anos atr\u00e1s, o rio aqui da gente s\u00f3 ia baixar bastante no final de agosto para setembro. Hoje n\u00e3o. Parou a chuva, com oito dias ele [n\u00edvel do rio] j\u00e1 t\u00e1 l\u00e1 embaixo porque n\u00e3o tem mais quem sustenta as \u00e1guas. Os brejos j\u00e1 diminu\u00edram a vaz\u00e3o porque o Cerrado foi desmatado nas cabeceiras, n\u00e3o tem mais Cerrado.\u201d<\/p>\n<p>A den\u00fancia em forma de lamento \u00e9 do agricultor Ad\u00e3o Batista Gomes, de 61 anos, que viveu toda a vida na zona rural do munic\u00edpio Formosa do Rio Preto, no oeste baiano.<\/p>\n<p>O agricultor Jamilton Santos de Magalh\u00e3es, de 40 anos, conhecido como Carreirinha, \u00e9 l\u00edder comunit\u00e1rio em Correntina, tamb\u00e9m no oeste do estado, e conta que a morte de nascentes na regi\u00e3o se tornou frequente a partir da d\u00e9cada de 1990.<\/p>\n<p>\u201cCome\u00e7ou o desmatamento, dois ou tr\u00eas anos depois come\u00e7a o secamento das nascentes. Tem fam\u00edlias que t\u00eam mais de 200 anos morando nesse territ\u00f3rio. N\u00e3o tinha morte frequente de nascente antes\u201d.<\/p>\n<p>A regi\u00e3o onde Carreirinha e Ad\u00e3o moram \u00e9 uma das que registra os maiores n\u00edveis de desmatamento do Cerrado, provocado principalmente pela expans\u00e3o da fronteira agr\u00edcola do Matopiba, \u00e1rea que engloba parte dos estados do Maranh\u00e3o, de Tocantins, do Piau\u00ed e da Bahia \u2013 o termo surge da jun\u00e7\u00e3o da primeira s\u00edlaba desses quatro estados.<\/p>\n<p>Considerado o ber\u00e7o das \u00e1guas do Brasil, o Cerrado \u00e9 a origem das nascentes de oito das 12 bacias hidrogr\u00e1ficas mais importantes do pa\u00eds. \u00c9 tamb\u00e9m o segundo maior reservat\u00f3rio subterr\u00e2neo de \u00e1gua do mundo, formado pelos aqu\u00edferos Guarani e Urucuia.<\/p>\n<p>Al\u00e9m disso, fornece cerca de 70% da \u00e1gua do Rio S\u00e3o Francisco e 47% da \u00e1gua do Rio Paran\u00e1, que abastece a hidrel\u00e9trica de Itaipu. Suas \u00e1guas s\u00e3o importantes ainda para Bol\u00edvia, Paraguai, Argentina e Uruguai. Essas informa\u00e7\u00f5es s\u00e3o do estudo publicado pela revista cient\u00edfica Sustainability que apontou os riscos que o desmatamento do bioma pode causar para a seguran\u00e7a h\u00eddrica e energ\u00e9tica do pa\u00eds.<\/p>\n<p><strong>Menos \u00e1gua<\/strong><br \/>\nUm dos pesquisadores do estudo, o doutor em Ci\u00eancias Florestais Yuri Salmona, explicou \u00e0 Ag\u00eancia Brasil que as longas ra\u00edzes das \u00e1rvores t\u00edpicas do Cerrado podem chegar a 15 metros de profundidade e fazem o bioma ser conhecido como \u201cfloresta invertida\u201d. Essas ra\u00edzes s\u00e3o respons\u00e1veis por levar a \u00e1gua das chuvas at\u00e9 o fundo do solo que, durante o per\u00edodo seco, vai liberando novamente a \u00e1gua.<\/p>\n<p>\u201cEssa \u00e1gua vai se acumulando nesse subsolo ou escorrendo entre os rios. Ela vai abastecer o Paran\u00e1, o Jequitinhonha, o Araguaia, o Tocantins, entre outros rios. A quebra dessa din\u00e2mica proporcionada pelo desmatamento, que interfere na capacidade de infiltrar essa \u00e1gua, faz com que a \u00e1gua escorra superficialmente, causando eros\u00e3o, com excesso de vaz\u00e3o nas chuvas e escassez na seca\u201d, explicou o diretor-executivo do Instituto Cerrados.<\/p>\n<p>Yuri alertou que a situa\u00e7\u00e3o se agrava com o consumo de \u00e1gua para irriga\u00e7\u00e3o do agroneg\u00f3cio durante o per\u00edodo da seca. \u201cEle [agricultor] est\u00e1 inviabilizando o futuro do pr\u00f3prio neg\u00f3cio dele, porque a gente precisa do Cerrado em p\u00e9 para continuar produzindo a \u00e1gua\u201d, destacou.<\/p>\n<p>O estudo analisou o comportamento de 81 bacias hidrogr\u00e1ficas do Cerrado, e calculou que essas bacias perderam, em m\u00e9dia, 15,4% da vaz\u00e3o dos rios entre 1985 e 2022. Para 2050, a previs\u00e3o da pesquisa \u00e9 de que a redu\u00e7\u00e3o na vaz\u00e3o das \u00e1guas dessas bacias chegue a 34% do que j\u00e1 foi um dia, \u201cmesmo com diminui\u00e7\u00e3o do desmatamento\u201d.<\/p>\n<p><strong>Exporta\u00e7\u00e3o de \u00e1gua<\/strong><br \/>\n&#8220;A \u00e1gua segue sendo exportada para China, Uni\u00e3o Europeia e Estados Unidos em forma de &#8216;\u00e1gua virtual&#8217;, ou seja: \u00e1gua consumida na produ\u00e7\u00e3o dos gr\u00e3os e carne&#8221;, cita a pesquisa referindo-se \u00e0s commoditie exportadas pelo Brasil.<\/p>\n<p>Segundo a Ag\u00eancia Nacional de \u00c1guas (ANA), 49,8% da \u00e1gua consumida no pa\u00eds em 2019 foi com a irriga\u00e7\u00e3o da agricultura.<\/p>\n<p>A coordenadora do MapBiomas Cerrado Ane Alencar destacou que as outorgas para o uso da \u00e1gua no Cerrado n\u00e3o s\u00e3o transparentes. \u201cA gente n\u00e3o sabe quais os crit\u00e9rios, se existe um limite para fornecer essas outorgas. Tem pouca transpar\u00eancia sobre isso\u201d, destacou.<\/p>\n<p>\u201cDe fato, o que acaba acontecendo \u00e9 que a \u00e1gua \u2013 que \u00e9 um bem para ser usado por todos \u2013, est\u00e1 sendo usada para a produ\u00e7\u00e3o agr\u00edcola e acaba sendo exportada. A gente t\u00e1 exportando um recurso natural super importante e fazendo o uso desse recurso de qualquer forma\u201d.<\/p>\n<p><strong>Crises de \u00e1gua<\/strong><br \/>\nOnde o uso da \u00e1gua \u00e9 intenso na irriga\u00e7\u00e3o de larga escala, popula\u00e7\u00f5es locais t\u00eam denunciado a redu\u00e7\u00e3o das vaz\u00f5es dos rios, como no caso do munic\u00edpio de Correntina (BA), onde milhares foram \u00e0s ruas, em 2017, denunciar o uso excessivo de \u00e1gua pelo agroneg\u00f3cio.<\/p>\n<p>Em 2018, moradores chegaram a tentar impedir a instala\u00e7\u00e3o de dragas em rios realizada por fazendeiros.<\/p>\n<p>Na avalia\u00e7\u00e3o da coordenadora do Programa Cerrado e Caatinga do Instituto Sociedade, Popula\u00e7\u00e3o e Natureza (ISPN) Isabel Azevedo, que trabalha apoiando comunidades tradicionais do Matopiba, as outorgas para uso de \u00e1gua e as autoriza\u00e7\u00f5es para supress\u00e3o da vegeta\u00e7\u00e3o na regi\u00e3o s\u00e3o fornecidas sem controle adequado.<\/p>\n<p>&#8220;Est\u00e1 muito irregular esse sistema. O governo federal n\u00e3o est\u00e1 monitorando nada, est\u00e1 tudo por conta dos estados, \u00e9 cada um por si e as secretarias ambientais s\u00e3o cooptadas pelo agroneg\u00f3cio&#8221;, denunciou.<\/p>\n","protected":false},"excerpt":{"rendered":"<p>&#8220;Uns anos atr\u00e1s, o rio aqui da gente s\u00f3 ia baixar bastante no final de agosto para setembro. Hoje n\u00e3o. Parou a chuva, com oito dias ele [n\u00edvel do rio] j\u00e1 t\u00e1 l\u00e1 embaixo porque n\u00e3o tem mais quem sustenta as \u00e1guas. Os brejos j\u00e1 diminu\u00edram a vaz\u00e3o porque o Cerrado foi desmatado nas cabeceiras, [&hellip;]<\/p>\n","protected":false},"author":2,"featured_media":312649,"comment_status":"closed","ping_status":"closed","sticky":false,"template":"","format":"standard","meta":{"_acf_changed":false,"footnotes":""},"categories":[161],"tags":[],"class_list":["post-312648","post","type-post","status-publish","format-standard","has-post-thumbnail","hentry","category-quadradinho-em-foco"],"acf":[],"yoast_head":"<!-- This site is optimized with the Yoast SEO plugin v27.2 - https:\/\/yoast.com\/product\/yoast-seo-wordpress\/ -->\n<title>Desmatamento amea\u00e7a seguran\u00e7a h\u00eddrica de todo o Brasil - Notibras<\/title>\n<meta name=\"robots\" content=\"index, follow, max-snippet:-1, max-image-preview:large, max-video-preview:-1\" \/>\n<link rel=\"canonical\" href=\"https:\/\/www.notibras.com\/site\/desmatamento-ameaca-seguranca-hidrica-de-todo-o-brasil\/\" \/>\n<meta property=\"og:locale\" content=\"pt_BR\" \/>\n<meta property=\"og:type\" content=\"article\" \/>\n<meta property=\"og:title\" content=\"Desmatamento amea\u00e7a seguran\u00e7a h\u00eddrica de todo o Brasil - Notibras\" \/>\n<meta property=\"og:description\" content=\"&#8220;Uns anos atr\u00e1s, o rio aqui da gente s\u00f3 ia baixar bastante no final de agosto para setembro. Hoje n\u00e3o. Parou a chuva, com oito dias ele [n\u00edvel do rio] j\u00e1 t\u00e1 l\u00e1 embaixo porque n\u00e3o tem mais quem sustenta as \u00e1guas. Os brejos j\u00e1 diminu\u00edram a vaz\u00e3o porque o Cerrado foi desmatado nas cabeceiras, [&hellip;]\" \/>\n<meta property=\"og:url\" content=\"https:\/\/www.notibras.com\/site\/desmatamento-ameaca-seguranca-hidrica-de-todo-o-brasil\/\" \/>\n<meta property=\"og:site_name\" content=\"Notibras\" \/>\n<meta property=\"article:publisher\" content=\"https:\/\/www.facebook.com\/notibras\/\" \/>\n<meta property=\"article:published_time\" content=\"2023-09-11T10:20:57+00:00\" \/>\n<meta property=\"article:modified_time\" content=\"2023-09-11T12:20:59+00:00\" \/>\n<meta property=\"og:image\" content=\"https:\/\/www.notibras.com\/site\/wp-content\/uploads\/2023\/09\/mc_chapada-dos-veadeiros-alto-do-paraiso-goias_00612022016.jpg\" \/>\n\t<meta property=\"og:image:width\" content=\"1170\" \/>\n\t<meta property=\"og:image:height\" content=\"700\" \/>\n\t<meta property=\"og:image:type\" content=\"image\/jpeg\" \/>\n<meta name=\"author\" content=\"Reda\u00e7\u00e3o\" \/>\n<meta name=\"twitter:card\" content=\"summary_large_image\" \/>\n<meta name=\"twitter:creator\" content=\"@Notibras\" \/>\n<meta name=\"twitter:site\" content=\"@Notibras\" \/>\n<meta name=\"twitter:label1\" content=\"Escrito por\" \/>\n\t<meta name=\"twitter:data1\" content=\"Reda\u00e7\u00e3o\" \/>\n\t<meta name=\"twitter:label2\" content=\"Est. tempo de leitura\" \/>\n\t<meta name=\"twitter:data2\" content=\"5 minutos\" \/>\n<script type=\"application\/ld+json\" class=\"yoast-schema-graph\">{\"@context\":\"https:\/\/schema.org\",\"@graph\":[{\"@type\":\"Article\",\"@id\":\"https:\/\/www.notibras.com\/site\/desmatamento-ameaca-seguranca-hidrica-de-todo-o-brasil\/#article\",\"isPartOf\":{\"@id\":\"https:\/\/www.notibras.com\/site\/desmatamento-ameaca-seguranca-hidrica-de-todo-o-brasil\/\"},\"author\":{\"name\":\"Reda\u00e7\u00e3o\",\"@id\":\"https:\/\/www.notibras.com\/site\/#\/schema\/person\/36ab0979449956132d3e5b517ea76ac8\"},\"headline\":\"Desmatamento amea\u00e7a seguran\u00e7a h\u00eddrica de todo o Brasil\",\"datePublished\":\"2023-09-11T10:20:57+00:00\",\"dateModified\":\"2023-09-11T12:20:59+00:00\",\"mainEntityOfPage\":{\"@id\":\"https:\/\/www.notibras.com\/site\/desmatamento-ameaca-seguranca-hidrica-de-todo-o-brasil\/\"},\"wordCount\":940,\"publisher\":{\"@id\":\"https:\/\/www.notibras.com\/site\/#organization\"},\"image\":{\"@id\":\"https:\/\/www.notibras.com\/site\/desmatamento-ameaca-seguranca-hidrica-de-todo-o-brasil\/#primaryimage\"},\"thumbnailUrl\":\"https:\/\/www.notibras.com\/site\/wp-content\/uploads\/2023\/09\/mc_chapada-dos-veadeiros-alto-do-paraiso-goias_00612022016.jpg\",\"articleSection\":[\"Quadradinho em Foco\"],\"inLanguage\":\"pt-BR\"},{\"@type\":\"WebPage\",\"@id\":\"https:\/\/www.notibras.com\/site\/desmatamento-ameaca-seguranca-hidrica-de-todo-o-brasil\/\",\"url\":\"https:\/\/www.notibras.com\/site\/desmatamento-ameaca-seguranca-hidrica-de-todo-o-brasil\/\",\"name\":\"Desmatamento amea\u00e7a seguran\u00e7a h\u00eddrica de todo o Brasil - Notibras\",\"isPartOf\":{\"@id\":\"https:\/\/www.notibras.com\/site\/#website\"},\"primaryImageOfPage\":{\"@id\":\"https:\/\/www.notibras.com\/site\/desmatamento-ameaca-seguranca-hidrica-de-todo-o-brasil\/#primaryimage\"},\"image\":{\"@id\":\"https:\/\/www.notibras.com\/site\/desmatamento-ameaca-seguranca-hidrica-de-todo-o-brasil\/#primaryimage\"},\"thumbnailUrl\":\"https:\/\/www.notibras.com\/site\/wp-content\/uploads\/2023\/09\/mc_chapada-dos-veadeiros-alto-do-paraiso-goias_00612022016.jpg\",\"datePublished\":\"2023-09-11T10:20:57+00:00\",\"dateModified\":\"2023-09-11T12:20:59+00:00\",\"breadcrumb\":{\"@id\":\"https:\/\/www.notibras.com\/site\/desmatamento-ameaca-seguranca-hidrica-de-todo-o-brasil\/#breadcrumb\"},\"inLanguage\":\"pt-BR\",\"potentialAction\":[{\"@type\":\"ReadAction\",\"target\":[\"https:\/\/www.notibras.com\/site\/desmatamento-ameaca-seguranca-hidrica-de-todo-o-brasil\/\"]}]},{\"@type\":\"ImageObject\",\"inLanguage\":\"pt-BR\",\"@id\":\"https:\/\/www.notibras.com\/site\/desmatamento-ameaca-seguranca-hidrica-de-todo-o-brasil\/#primaryimage\",\"url\":\"https:\/\/www.notibras.com\/site\/wp-content\/uploads\/2023\/09\/mc_chapada-dos-veadeiros-alto-do-paraiso-goias_00612022016.jpg\",\"contentUrl\":\"https:\/\/www.notibras.com\/site\/wp-content\/uploads\/2023\/09\/mc_chapada-dos-veadeiros-alto-do-paraiso-goias_00612022016.jpg\",\"width\":1170,\"height\":700,\"caption\":\"Chapada dos Veadeiros\"},{\"@type\":\"BreadcrumbList\",\"@id\":\"https:\/\/www.notibras.com\/site\/desmatamento-ameaca-seguranca-hidrica-de-todo-o-brasil\/#breadcrumb\",\"itemListElement\":[{\"@type\":\"ListItem\",\"position\":1,\"name\":\"In\u00edcio\",\"item\":\"https:\/\/www.notibras.com\/site\/\"},{\"@type\":\"ListItem\",\"position\":2,\"name\":\"Desmatamento amea\u00e7a seguran\u00e7a h\u00eddrica de todo o Brasil\"}]},{\"@type\":\"WebSite\",\"@id\":\"https:\/\/www.notibras.com\/site\/#website\",\"url\":\"https:\/\/www.notibras.com\/site\/\",\"name\":\"Notibras\",\"description\":\"Not\u00edcias de Bras\u00edlia, do Brasil e do Mundo\",\"publisher\":{\"@id\":\"https:\/\/www.notibras.com\/site\/#organization\"},\"potentialAction\":[{\"@type\":\"SearchAction\",\"target\":{\"@type\":\"EntryPoint\",\"urlTemplate\":\"https:\/\/www.notibras.com\/site\/?s={search_term_string}\"},\"query-input\":{\"@type\":\"PropertyValueSpecification\",\"valueRequired\":true,\"valueName\":\"search_term_string\"}}],\"inLanguage\":\"pt-BR\"},{\"@type\":\"Organization\",\"@id\":\"https:\/\/www.notibras.com\/site\/#organization\",\"name\":\"Grupo Notibras de Comunica\u00e7\u00e3o\",\"url\":\"https:\/\/www.notibras.com\/site\/\",\"logo\":{\"@type\":\"ImageObject\",\"inLanguage\":\"pt-BR\",\"@id\":\"https:\/\/www.notibras.com\/site\/#\/schema\/logo\/image\/\",\"url\":\"https:\/\/www.notibras.com\/site\/wp-content\/uploads\/2023\/01\/notibras23.png\",\"contentUrl\":\"https:\/\/www.notibras.com\/site\/wp-content\/uploads\/2023\/01\/notibras23.png\",\"width\":350,\"height\":87,\"caption\":\"Grupo Notibras de Comunica\u00e7\u00e3o\"},\"image\":{\"@id\":\"https:\/\/www.notibras.com\/site\/#\/schema\/logo\/image\/\"},\"sameAs\":[\"https:\/\/www.facebook.com\/notibras\/\",\"https:\/\/x.com\/Notibras\",\"https:\/\/www.instagram.com\/notibras\/\"]},{\"@type\":\"Person\",\"@id\":\"https:\/\/www.notibras.com\/site\/#\/schema\/person\/36ab0979449956132d3e5b517ea76ac8\",\"name\":\"Reda\u00e7\u00e3o\",\"image\":{\"@type\":\"ImageObject\",\"inLanguage\":\"pt-BR\",\"@id\":\"https:\/\/secure.gravatar.com\/avatar\/e0a867bdedb85fd243eadf09663511f96fc81e0720a4a42581f334ad4303aa6b?s=96&d=mm&r=g\",\"url\":\"https:\/\/secure.gravatar.com\/avatar\/e0a867bdedb85fd243eadf09663511f96fc81e0720a4a42581f334ad4303aa6b?s=96&d=mm&r=g\",\"contentUrl\":\"https:\/\/secure.gravatar.com\/avatar\/e0a867bdedb85fd243eadf09663511f96fc81e0720a4a42581f334ad4303aa6b?s=96&d=mm&r=g\",\"caption\":\"Reda\u00e7\u00e3o\"}}]}<\/script>\n<!-- \/ Yoast SEO plugin. -->","yoast_head_json":{"title":"Desmatamento amea\u00e7a seguran\u00e7a h\u00eddrica de todo o Brasil - Notibras","robots":{"index":"index","follow":"follow","max-snippet":"max-snippet:-1","max-image-preview":"max-image-preview:large","max-video-preview":"max-video-preview:-1"},"canonical":"https:\/\/www.notibras.com\/site\/desmatamento-ameaca-seguranca-hidrica-de-todo-o-brasil\/","og_locale":"pt_BR","og_type":"article","og_title":"Desmatamento amea\u00e7a seguran\u00e7a h\u00eddrica de todo o Brasil - Notibras","og_description":"&#8220;Uns anos atr\u00e1s, o rio aqui da gente s\u00f3 ia baixar bastante no final de agosto para setembro. Hoje n\u00e3o. Parou a chuva, com oito dias ele [n\u00edvel do rio] j\u00e1 t\u00e1 l\u00e1 embaixo porque n\u00e3o tem mais quem sustenta as \u00e1guas. Os brejos j\u00e1 diminu\u00edram a vaz\u00e3o porque o Cerrado foi desmatado nas cabeceiras, [&hellip;]","og_url":"https:\/\/www.notibras.com\/site\/desmatamento-ameaca-seguranca-hidrica-de-todo-o-brasil\/","og_site_name":"Notibras","article_publisher":"https:\/\/www.facebook.com\/notibras\/","article_published_time":"2023-09-11T10:20:57+00:00","article_modified_time":"2023-09-11T12:20:59+00:00","og_image":[{"width":1170,"height":700,"url":"https:\/\/www.notibras.com\/site\/wp-content\/uploads\/2023\/09\/mc_chapada-dos-veadeiros-alto-do-paraiso-goias_00612022016.jpg","type":"image\/jpeg"}],"author":"Reda\u00e7\u00e3o","twitter_card":"summary_large_image","twitter_creator":"@Notibras","twitter_site":"@Notibras","twitter_misc":{"Escrito por":"Reda\u00e7\u00e3o","Est. tempo de leitura":"5 minutos"},"schema":{"@context":"https:\/\/schema.org","@graph":[{"@type":"Article","@id":"https:\/\/www.notibras.com\/site\/desmatamento-ameaca-seguranca-hidrica-de-todo-o-brasil\/#article","isPartOf":{"@id":"https:\/\/www.notibras.com\/site\/desmatamento-ameaca-seguranca-hidrica-de-todo-o-brasil\/"},"author":{"name":"Reda\u00e7\u00e3o","@id":"https:\/\/www.notibras.com\/site\/#\/schema\/person\/36ab0979449956132d3e5b517ea76ac8"},"headline":"Desmatamento amea\u00e7a seguran\u00e7a h\u00eddrica de todo o Brasil","datePublished":"2023-09-11T10:20:57+00:00","dateModified":"2023-09-11T12:20:59+00:00","mainEntityOfPage":{"@id":"https:\/\/www.notibras.com\/site\/desmatamento-ameaca-seguranca-hidrica-de-todo-o-brasil\/"},"wordCount":940,"publisher":{"@id":"https:\/\/www.notibras.com\/site\/#organization"},"image":{"@id":"https:\/\/www.notibras.com\/site\/desmatamento-ameaca-seguranca-hidrica-de-todo-o-brasil\/#primaryimage"},"thumbnailUrl":"https:\/\/www.notibras.com\/site\/wp-content\/uploads\/2023\/09\/mc_chapada-dos-veadeiros-alto-do-paraiso-goias_00612022016.jpg","articleSection":["Quadradinho em Foco"],"inLanguage":"pt-BR"},{"@type":"WebPage","@id":"https:\/\/www.notibras.com\/site\/desmatamento-ameaca-seguranca-hidrica-de-todo-o-brasil\/","url":"https:\/\/www.notibras.com\/site\/desmatamento-ameaca-seguranca-hidrica-de-todo-o-brasil\/","name":"Desmatamento amea\u00e7a seguran\u00e7a h\u00eddrica de todo o Brasil - Notibras","isPartOf":{"@id":"https:\/\/www.notibras.com\/site\/#website"},"primaryImageOfPage":{"@id":"https:\/\/www.notibras.com\/site\/desmatamento-ameaca-seguranca-hidrica-de-todo-o-brasil\/#primaryimage"},"image":{"@id":"https:\/\/www.notibras.com\/site\/desmatamento-ameaca-seguranca-hidrica-de-todo-o-brasil\/#primaryimage"},"thumbnailUrl":"https:\/\/www.notibras.com\/site\/wp-content\/uploads\/2023\/09\/mc_chapada-dos-veadeiros-alto-do-paraiso-goias_00612022016.jpg","datePublished":"2023-09-11T10:20:57+00:00","dateModified":"2023-09-11T12:20:59+00:00","breadcrumb":{"@id":"https:\/\/www.notibras.com\/site\/desmatamento-ameaca-seguranca-hidrica-de-todo-o-brasil\/#breadcrumb"},"inLanguage":"pt-BR","potentialAction":[{"@type":"ReadAction","target":["https:\/\/www.notibras.com\/site\/desmatamento-ameaca-seguranca-hidrica-de-todo-o-brasil\/"]}]},{"@type":"ImageObject","inLanguage":"pt-BR","@id":"https:\/\/www.notibras.com\/site\/desmatamento-ameaca-seguranca-hidrica-de-todo-o-brasil\/#primaryimage","url":"https:\/\/www.notibras.com\/site\/wp-content\/uploads\/2023\/09\/mc_chapada-dos-veadeiros-alto-do-paraiso-goias_00612022016.jpg","contentUrl":"https:\/\/www.notibras.com\/site\/wp-content\/uploads\/2023\/09\/mc_chapada-dos-veadeiros-alto-do-paraiso-goias_00612022016.jpg","width":1170,"height":700,"caption":"Chapada dos Veadeiros"},{"@type":"BreadcrumbList","@id":"https:\/\/www.notibras.com\/site\/desmatamento-ameaca-seguranca-hidrica-de-todo-o-brasil\/#breadcrumb","itemListElement":[{"@type":"ListItem","position":1,"name":"In\u00edcio","item":"https:\/\/www.notibras.com\/site\/"},{"@type":"ListItem","position":2,"name":"Desmatamento amea\u00e7a seguran\u00e7a h\u00eddrica de todo o Brasil"}]},{"@type":"WebSite","@id":"https:\/\/www.notibras.com\/site\/#website","url":"https:\/\/www.notibras.com\/site\/","name":"Notibras","description":"Not\u00edcias de Bras\u00edlia, do Brasil e do Mundo","publisher":{"@id":"https:\/\/www.notibras.com\/site\/#organization"},"potentialAction":[{"@type":"SearchAction","target":{"@type":"EntryPoint","urlTemplate":"https:\/\/www.notibras.com\/site\/?s={search_term_string}"},"query-input":{"@type":"PropertyValueSpecification","valueRequired":true,"valueName":"search_term_string"}}],"inLanguage":"pt-BR"},{"@type":"Organization","@id":"https:\/\/www.notibras.com\/site\/#organization","name":"Grupo Notibras de Comunica\u00e7\u00e3o","url":"https:\/\/www.notibras.com\/site\/","logo":{"@type":"ImageObject","inLanguage":"pt-BR","@id":"https:\/\/www.notibras.com\/site\/#\/schema\/logo\/image\/","url":"https:\/\/www.notibras.com\/site\/wp-content\/uploads\/2023\/01\/notibras23.png","contentUrl":"https:\/\/www.notibras.com\/site\/wp-content\/uploads\/2023\/01\/notibras23.png","width":350,"height":87,"caption":"Grupo Notibras de Comunica\u00e7\u00e3o"},"image":{"@id":"https:\/\/www.notibras.com\/site\/#\/schema\/logo\/image\/"},"sameAs":["https:\/\/www.facebook.com\/notibras\/","https:\/\/x.com\/Notibras","https:\/\/www.instagram.com\/notibras\/"]},{"@type":"Person","@id":"https:\/\/www.notibras.com\/site\/#\/schema\/person\/36ab0979449956132d3e5b517ea76ac8","name":"Reda\u00e7\u00e3o","image":{"@type":"ImageObject","inLanguage":"pt-BR","@id":"https:\/\/secure.gravatar.com\/avatar\/e0a867bdedb85fd243eadf09663511f96fc81e0720a4a42581f334ad4303aa6b?s=96&d=mm&r=g","url":"https:\/\/secure.gravatar.com\/avatar\/e0a867bdedb85fd243eadf09663511f96fc81e0720a4a42581f334ad4303aa6b?s=96&d=mm&r=g","contentUrl":"https:\/\/secure.gravatar.com\/avatar\/e0a867bdedb85fd243eadf09663511f96fc81e0720a4a42581f334ad4303aa6b?s=96&d=mm&r=g","caption":"Reda\u00e7\u00e3o"}}]}},"amp_enabled":true,"_links":{"self":[{"href":"https:\/\/www.notibras.com\/site\/wp-json\/wp\/v2\/posts\/312648","targetHints":{"allow":["GET"]}}],"collection":[{"href":"https:\/\/www.notibras.com\/site\/wp-json\/wp\/v2\/posts"}],"about":[{"href":"https:\/\/www.notibras.com\/site\/wp-json\/wp\/v2\/types\/post"}],"author":[{"embeddable":true,"href":"https:\/\/www.notibras.com\/site\/wp-json\/wp\/v2\/users\/2"}],"replies":[{"embeddable":true,"href":"https:\/\/www.notibras.com\/site\/wp-json\/wp\/v2\/comments?post=312648"}],"version-history":[{"count":1,"href":"https:\/\/www.notibras.com\/site\/wp-json\/wp\/v2\/posts\/312648\/revisions"}],"predecessor-version":[{"id":312650,"href":"https:\/\/www.notibras.com\/site\/wp-json\/wp\/v2\/posts\/312648\/revisions\/312650"}],"wp:featuredmedia":[{"embeddable":true,"href":"https:\/\/www.notibras.com\/site\/wp-json\/wp\/v2\/media\/312649"}],"wp:attachment":[{"href":"https:\/\/www.notibras.com\/site\/wp-json\/wp\/v2\/media?parent=312648"}],"wp:term":[{"taxonomy":"category","embeddable":true,"href":"https:\/\/www.notibras.com\/site\/wp-json\/wp\/v2\/categories?post=312648"},{"taxonomy":"post_tag","embeddable":true,"href":"https:\/\/www.notibras.com\/site\/wp-json\/wp\/v2\/tags?post=312648"}],"curies":[{"name":"wp","href":"https:\/\/api.w.org\/{rel}","templated":true}]}}