{"id":312654,"date":"2023-09-11T07:31:45","date_gmt":"2023-09-11T10:31:45","guid":{"rendered":"https:\/\/www.notibras.com\/site\/?p=312654"},"modified":"2023-09-11T09:34:09","modified_gmt":"2023-09-11T12:34:09","slug":"assassinato-de-ana-lidia-completa-50-anos-de-silencios","status":"publish","type":"post","link":"https:\/\/www.notibras.com\/site\/assassinato-de-ana-lidia-completa-50-anos-de-silencios\/","title":{"rendered":"Assassinato de Ana L\u00eddia completa 50 anos de sil\u00eancios"},"content":{"rendered":"<p>Uma dor intraduz\u00edvel. Um trauma brasileiro imensur\u00e1vel. O sil\u00eancio e o medo t\u00edpicos de um momento de ditadura. \u201cEu nunca vi um sil\u00eancio como aquele. Era um sil\u00eancio sepulcral. As pessoas n\u00e3o precisavam falar. Elas s\u00f3 olhavam e cada uma sabia o que a outra estava pensando e sentindo\u201d, lembra a professora universit\u00e1ria Ros\u00e2ngela Vieira Rocha, hoje, aos 70 anos de idade, em entrevista \u00e0 Ag\u00eancia Brasil. Ela era amiga da fam\u00edlia de Ana L\u00eddia Braga, menina de apenas 7 anos de idade, que foi capturada, torturada e morta (e ainda depois violentada sexualmente), em Bras\u00edlia, naquele 11 de setembro de 1973.<\/p>\n<p>Cinquenta anos depois, a crueldade se torna ainda mais inacredit\u00e1vel diante da impunidade e da investiga\u00e7\u00e3o falha. Segundo o processo guardado pelo Tribunal de Justi\u00e7a do Distrito Federal, no dia 11, por volta de 13h50, a menina, que era filha ca\u00e7ula dos servidores p\u00fablicos \u00c1lvaro Braga e Eloyza Rossi Braga, desapareceu na porta de um col\u00e9gio particular (Madre Carmen Salles) na Asa Norte, em Bras\u00edlia. O processo, que tramitou na 7\u00aa Vara Criminal e no Tribunal do J\u00fari de Bras\u00edlia, aponta que testemunhas viram que um homem loiro e alto levou a menina da escola naquela tarde.<\/p>\n<p>O mundo desabou quando a empregada da fam\u00edlia foi busc\u00e1-la e recebeu a informa\u00e7\u00e3o que a menina n\u00e3o esteve nas aulas naquele dia. Ainda de acordo com o processo, a fam\u00edlia chegou a receber dois telefonemas com pedido de resgate. No dia seguinte, o corpo da crian\u00e7a morta foi encontrado em uma valeta, nua, coberta por terra, os cabelos cortados e sinais de viol\u00eancia f\u00edsica e sexual. A estimativa dos peritos \u00e9 que Ana L\u00eddia tenha sido assassinada \u00e0s 6h da manh\u00e3 do dia 12.<\/p>\n<p>Na ocasi\u00e3o, o inqu\u00e9rito policial apontou que um funcion\u00e1rio p\u00fablico, Raimundo Lacerda Duque (que trabalhava com a m\u00e3e da menina), de 30 anos, e o irm\u00e3o de Ana L\u00eddia, o estudante \u00c1lvaro Henrique Braga, de 18 anos, foram os respons\u00e1veis pelo crime.<\/p>\n<p>Duque era subordinado \u00e0 m\u00e3e de Ana L\u00eddia no Departamento Administrativo do Servi\u00e7o P\u00fablico (Dasp). Segundo o processo, o rapaz era usu\u00e1rio de drogas. Ele fugiu depois que as investiga\u00e7\u00f5es indicavam a participa\u00e7\u00e3o dele no crime. Eles chegaram a ser presos, mas foram absolvidos, em 1974, por \u201cfalta de provas\u201d. Duque morreu de alcoolismo em 2005 . O irm\u00e3o da menina, \u00c1lvaro, \u00e9 m\u00e9dico angiologista no Rio de Janeiro. Por telefone, ele disse \u00e0 Ag\u00eancia Brasil que n\u00e3o gostaria de falar sobre o caso.<\/p>\n<p>A ent\u00e3o estudante de jornalismo Ros\u00e2ngela Vieira Rocha era amiga de escola de Cristina Elizabeth Braga, que tinha 20 anos, irm\u00e3 mais velha da menina Ana L\u00eddia. Ros\u00e2ngela frequentava a casa da fam\u00edlia. \u201cEu lembro da voz da Ana L\u00eddia. Ela sempre conversava com a gente. A menina era cercada de muito carinho por parte da irm\u00e3 e de todos. O tempo n\u00e3o tirou da gente essas lembran\u00e7as fortes\u201d, disse, emocionada, em entrevista \u00e0 Ag\u00eancia Brasil.<\/p>\n<p>Depois da morte da menina, Ros\u00e2ngela nunca mais viu Cristina (que era estudante de sociologia) ou a fam\u00edlia dela. \u201cLembro que eram todos muito carinhosos com a menina tamb\u00e9m em fun\u00e7\u00e3o da diferen\u00e7a de idade. Ana L\u00eddia tinha uma voz fininha, era muito engra\u00e7ada e n\u00e3o tinha timidez. Loirinha com os olhos azuis, que viviam com as revistinhas do Pateta\u201d.<\/p>\n<p>Ros\u00e2ngela recorda que a fam\u00edlia tinha um piano na sala de casa com a foto da m\u00e3e gr\u00e1vida de Ana L\u00eddia. Outra lembran\u00e7a \u00e9 que Duque, acusado pelo Minist\u00e9rio P\u00fablico pelo assassinato, antes havia passado a conviver com a fam\u00edlia a partir do apoio que Eloyza resolveu prestar ao funcion\u00e1rio, que era usu\u00e1rio de drogas. Quando chegou a not\u00edcia do desaparecimento e da morte, conforme Ros\u00e2ngela recorda, houve um grande desespero da fam\u00edlia.<\/p>\n<p>Uma vizinha da fam\u00edlia na Asa Norte, Lunamar Queiroz, que atualmente trabalha como artes\u00e3, recorda de um momento marcante, sobre quando o irm\u00e3o soube pela pol\u00edcia que a irm\u00e3 estava morta. &#8220;N\u00f3s escutamos o grito dele imediatamente. Eu escuto at\u00e9 hoje aquele grito de horror&#8221;.<\/p>\n<p><strong>Cerceamento<\/strong><br \/>\nA tristeza, naqueles dias, n\u00e3o podia ser expressada de forma mais enf\u00e1tica, segundo Ros\u00e2ngela Vieira, porque havia medo. Havia receio de realiza\u00e7\u00e3o de protestos, mas a cidade estava at\u00f4nita. \u201cOlh\u00e1vamos uns para os outros e chor\u00e1vamos. Mas a imprensa noticiou o fato com superficialidade. Como estudante de jornalismo, sab\u00edamos que a profiss\u00e3o era cerceada. Era tudo muito dif\u00edcil.\u201d<\/p>\n<p>O Brasil vivia a ditadura do governo de Em\u00edlio Garrastazu M\u00e9dici. A mesma certeza do cerceamento tem o jornalista e pesquisador Roberto Seabra. Ele escreveu o livro Sil\u00eancio na Cidade, uma obra de fic\u00e7\u00e3o totalmente inspirada no que pesquisou sobre o crime.<\/p>\n<p>Para escrever, ele trocou os nomes das personagens em vista de n\u00e3o haver respostas oficiais, nem de familiares, que tamb\u00e9m silenciaram a respeito do epis\u00f3dio. Assim, no livro, o nome Ana L\u00eddia foi trocado por Ana Clara, por exemplo. O pai do jornalista, inclusive, era policial na ocasi\u00e3o do crime e dizia ao filho que n\u00e3o faltavam provas, mas sim vontade de concluir o inqu\u00e9rito.<\/p>\n<p><strong>Sil\u00eancio<\/strong><br \/>\n\u201cMeu pai falava que havia um caminh\u00e3o de provas e que n\u00e3o investigavam porque n\u00e3o queriam. A investiga\u00e7\u00e3o foi interrompida e a imprensa foi proibida de falar sobre o tema. Por que proibir a cobertura do assassinato de uma crian\u00e7a de sete anos?\u201d Ele atribui a situa\u00e7\u00e3o ao fato do pa\u00eds viver uma ditadura militar e estranhamente haver ordens para um silenciamento.<\/p>\n<p>O caso ganhou mais mist\u00e9rio quando a imprensa passou a divulgar um suposto envolvimento do filho do ent\u00e3o ministro da Justi\u00e7a, Alfredo Buzaid J\u00fanior, e do filho do senador Eduardo Rezende, Eduardo Eurico Rezende. A partir dessas repercuss\u00f5es, como explicam pesquisadores do caso, a censura mostrou sua m\u00e3o mais forte.<\/p>\n<p>A pesquisa \u00e9 complexa porque, em 1974, o Departamento de Pol\u00edcia Federal encaminhou aos ve\u00edculos de comunica\u00e7\u00e3o uma \u201cordem superior\u201d que tornava proibida a divulga\u00e7\u00e3o do caso Ana L\u00eddia.<\/p>\n<p>Seabra investigou o tema durante cinco anos e utilizou at\u00e9 a documenta\u00e7\u00e3o de uma Comiss\u00e3o Parlamentar de Inqu\u00e9rito (CPI), do ano de 1974, formada na C\u00e2mara para investigar o tr\u00e1fico de drogas em Bras\u00edlia. Ele ouviu de outros colegas jornalistas que a investiga\u00e7\u00e3o do caso n\u00e3o seria prioridade na cobertura. \u201cA investiga\u00e7\u00e3o foi mal feita, a imprensa foi proibida de cobrir o assunto e o Minist\u00e9rio P\u00fablico foi afastado do caso.\u201d<\/p>\n<p><strong>Sil\u00eancio ruidoso<\/strong><br \/>\nPerto do final do governo militar, em 1982, o processo foi reaberto. \u201cMas o caso n\u00e3o evoluiu porque tudo foi mal instru\u00eddo\u201d. A fam\u00edlia nunca se comunicou com o escritor nem respondeu os pedidos de entrevistas. Ao ligar o epis\u00f3dio ao silenciamento movido por autoridades, Seabra diz que recebe xingamentos.<\/p>\n<p>\u201cUm dos argumentos que o pessoal usa pra me atacar nas redes sociais \u00e9 que hoje morreriam mais crian\u00e7as do que naquele tempo. Se n\u00e3o houvesse impunidade, n\u00e3o estar\u00edamos falando sobre este silenciamento at\u00e9 hoje\u201d.<\/p>\n<p>Seabra entende que a visibilidade \u00e9 fundamental para a hist\u00f3ria ao mostrar que a censura \u00e9 capaz de ocultar direitos b\u00e1sicos de cidadania, como o de encontrar os culpados de um crime. \u201cEu n\u00e3o quero que meus filhos cres\u00e7am achando que Ana L\u00eddia era uma santa. Era uma crian\u00e7a de sete anos que foi assassinada e os criminosos nunca foram descobertos. Um crime contra inf\u00e2ncia e de g\u00eanero.&#8221;<\/p>\n<p>A professora de hist\u00f3ria Joelma Rodrigues da Silva, da Universidade de Bras\u00edlia, escreveu a tese Amorda\u00e7adas e ruidosas, sobre hist\u00f3rias de crian\u00e7as v\u00edtimas de crimes horrendos como o de Ana L\u00eddia e que passaram a ser cultuadas como \u201csantas\u201d. Ela contextualiza que, em maio de 1973, a menina Araceli, de 8 anos, tamb\u00e9m havia sido estuprada e morta.<\/p>\n<p>\u201cEm ambos os casos, pessoas influentes da pol\u00edtica foram envolvidas. Trata-se de um ano de viol\u00eancia da ditadura n\u00e3o s\u00f3 no Brasil, mas tamb\u00e9m na Am\u00e9rica Latina. A gente tem um contexto de viol\u00eancia e de sil\u00eancio. Um sil\u00eancio ruidoso. \u00c9 um sil\u00eancio que grita.\u201d<\/p>\n<p>A professora Joelma acrescenta que uma estrat\u00e9gia do Estado ditador da ocasi\u00e3o foi aproveitar o caso de Ana L\u00eddia para investir contra e atribuir culpas a \u201cdrogados\u201d e \u201chomossexuais\u201d, e ao final, n\u00e3o prenderem ningu\u00e9m. \u201cH\u00e1 suspeitas que ca\u00edram sobre filhos de autoridades e, ent\u00e3o, desviaram do assunto.\u201d<\/p>\n<p>Diante da inefic\u00e1cia do Estado, a sociedade, conforme avalia a pesquisadora, passou a santificar essas crian\u00e7as violentadas e mortas. \u201cAqui em Bras\u00edlia, h\u00e1 uma fila de pessoas com presentes para chegar ao t\u00famulo de Ana L\u00eddia. A sacraliza\u00e7\u00e3o dessas meninas mortas acaba servindo \u00e0 l\u00f3gica de silenciamento\u201d. No entender da pesquisadora, quando se constr\u00f3i a imagem de \u201csanta\u201d, a estrutura de impunidade pode ganhar espa\u00e7o.<\/p>\n","protected":false},"excerpt":{"rendered":"<p>Uma dor intraduz\u00edvel. Um trauma brasileiro imensur\u00e1vel. O sil\u00eancio e o medo t\u00edpicos de um momento de ditadura. \u201cEu nunca vi um sil\u00eancio como aquele. Era um sil\u00eancio sepulcral. As pessoas n\u00e3o precisavam falar. Elas s\u00f3 olhavam e cada uma sabia o que a outra estava pensando e sentindo\u201d, lembra a professora universit\u00e1ria Ros\u00e2ngela Vieira [&hellip;]<\/p>\n","protected":false},"author":2,"featured_media":312655,"comment_status":"closed","ping_status":"closed","sticky":false,"template":"","format":"standard","meta":{"_acf_changed":false,"footnotes":""},"categories":[161],"tags":[],"class_list":["post-312654","post","type-post","status-publish","format-standard","has-post-thumbnail","hentry","category-quadradinho-em-foco"],"acf":[],"yoast_head":"<!-- This site is optimized with the Yoast SEO plugin v27.2 - https:\/\/yoast.com\/product\/yoast-seo-wordpress\/ -->\n<title>Assassinato de Ana L\u00eddia completa 50 anos de sil\u00eancios - Notibras<\/title>\n<meta name=\"robots\" content=\"index, follow, max-snippet:-1, max-image-preview:large, max-video-preview:-1\" \/>\n<link rel=\"canonical\" href=\"https:\/\/www.notibras.com\/site\/assassinato-de-ana-lidia-completa-50-anos-de-silencios\/\" \/>\n<meta property=\"og:locale\" content=\"pt_BR\" \/>\n<meta property=\"og:type\" content=\"article\" \/>\n<meta property=\"og:title\" content=\"Assassinato de Ana L\u00eddia completa 50 anos de sil\u00eancios - Notibras\" \/>\n<meta property=\"og:description\" content=\"Uma dor intraduz\u00edvel. Um trauma brasileiro imensur\u00e1vel. O sil\u00eancio e o medo t\u00edpicos de um momento de ditadura. \u201cEu nunca vi um sil\u00eancio como aquele. Era um sil\u00eancio sepulcral. As pessoas n\u00e3o precisavam falar. Elas s\u00f3 olhavam e cada uma sabia o que a outra estava pensando e sentindo\u201d, lembra a professora universit\u00e1ria Ros\u00e2ngela Vieira [&hellip;]\" \/>\n<meta property=\"og:url\" content=\"https:\/\/www.notibras.com\/site\/assassinato-de-ana-lidia-completa-50-anos-de-silencios\/\" \/>\n<meta property=\"og:site_name\" content=\"Notibras\" \/>\n<meta property=\"article:publisher\" content=\"https:\/\/www.facebook.com\/notibras\/\" \/>\n<meta property=\"article:published_time\" content=\"2023-09-11T10:31:45+00:00\" \/>\n<meta property=\"article:modified_time\" content=\"2023-09-11T12:34:09+00:00\" \/>\n<meta property=\"og:image\" content=\"https:\/\/www.notibras.com\/site\/wp-content\/uploads\/2023\/09\/ana.jpg\" \/>\n\t<meta property=\"og:image:width\" content=\"1170\" \/>\n\t<meta property=\"og:image:height\" content=\"700\" \/>\n\t<meta property=\"og:image:type\" content=\"image\/jpeg\" \/>\n<meta name=\"author\" content=\"Reda\u00e7\u00e3o\" \/>\n<meta name=\"twitter:card\" content=\"summary_large_image\" \/>\n<meta name=\"twitter:creator\" content=\"@Notibras\" \/>\n<meta name=\"twitter:site\" content=\"@Notibras\" \/>\n<meta name=\"twitter:label1\" content=\"Escrito por\" \/>\n\t<meta name=\"twitter:data1\" content=\"Reda\u00e7\u00e3o\" \/>\n\t<meta name=\"twitter:label2\" content=\"Est. tempo de leitura\" \/>\n\t<meta name=\"twitter:data2\" content=\"8 minutos\" \/>\n<script type=\"application\/ld+json\" class=\"yoast-schema-graph\">{\"@context\":\"https:\/\/schema.org\",\"@graph\":[{\"@type\":\"Article\",\"@id\":\"https:\/\/www.notibras.com\/site\/assassinato-de-ana-lidia-completa-50-anos-de-silencios\/#article\",\"isPartOf\":{\"@id\":\"https:\/\/www.notibras.com\/site\/assassinato-de-ana-lidia-completa-50-anos-de-silencios\/\"},\"author\":{\"name\":\"Reda\u00e7\u00e3o\",\"@id\":\"https:\/\/www.notibras.com\/site\/#\/schema\/person\/36ab0979449956132d3e5b517ea76ac8\"},\"headline\":\"Assassinato de Ana L\u00eddia completa 50 anos de sil\u00eancios\",\"datePublished\":\"2023-09-11T10:31:45+00:00\",\"dateModified\":\"2023-09-11T12:34:09+00:00\",\"mainEntityOfPage\":{\"@id\":\"https:\/\/www.notibras.com\/site\/assassinato-de-ana-lidia-completa-50-anos-de-silencios\/\"},\"wordCount\":1579,\"publisher\":{\"@id\":\"https:\/\/www.notibras.com\/site\/#organization\"},\"image\":{\"@id\":\"https:\/\/www.notibras.com\/site\/assassinato-de-ana-lidia-completa-50-anos-de-silencios\/#primaryimage\"},\"thumbnailUrl\":\"https:\/\/www.notibras.com\/site\/wp-content\/uploads\/2023\/09\/ana.jpg\",\"articleSection\":[\"Quadradinho em Foco\"],\"inLanguage\":\"pt-BR\"},{\"@type\":\"WebPage\",\"@id\":\"https:\/\/www.notibras.com\/site\/assassinato-de-ana-lidia-completa-50-anos-de-silencios\/\",\"url\":\"https:\/\/www.notibras.com\/site\/assassinato-de-ana-lidia-completa-50-anos-de-silencios\/\",\"name\":\"Assassinato de Ana L\u00eddia completa 50 anos de sil\u00eancios - Notibras\",\"isPartOf\":{\"@id\":\"https:\/\/www.notibras.com\/site\/#website\"},\"primaryImageOfPage\":{\"@id\":\"https:\/\/www.notibras.com\/site\/assassinato-de-ana-lidia-completa-50-anos-de-silencios\/#primaryimage\"},\"image\":{\"@id\":\"https:\/\/www.notibras.com\/site\/assassinato-de-ana-lidia-completa-50-anos-de-silencios\/#primaryimage\"},\"thumbnailUrl\":\"https:\/\/www.notibras.com\/site\/wp-content\/uploads\/2023\/09\/ana.jpg\",\"datePublished\":\"2023-09-11T10:31:45+00:00\",\"dateModified\":\"2023-09-11T12:34:09+00:00\",\"breadcrumb\":{\"@id\":\"https:\/\/www.notibras.com\/site\/assassinato-de-ana-lidia-completa-50-anos-de-silencios\/#breadcrumb\"},\"inLanguage\":\"pt-BR\",\"potentialAction\":[{\"@type\":\"ReadAction\",\"target\":[\"https:\/\/www.notibras.com\/site\/assassinato-de-ana-lidia-completa-50-anos-de-silencios\/\"]}]},{\"@type\":\"ImageObject\",\"inLanguage\":\"pt-BR\",\"@id\":\"https:\/\/www.notibras.com\/site\/assassinato-de-ana-lidia-completa-50-anos-de-silencios\/#primaryimage\",\"url\":\"https:\/\/www.notibras.com\/site\/wp-content\/uploads\/2023\/09\/ana.jpg\",\"contentUrl\":\"https:\/\/www.notibras.com\/site\/wp-content\/uploads\/2023\/09\/ana.jpg\",\"width\":1170,\"height\":700,\"caption\":\"Bras\u00edlia (DF) 10\/09\/2023 - Especial Ana L\u00eddia 50 anos, fotografia de lembran\u00e7a da escola de Ana L\u00eddia. Foto: Arquivo Pessoal\/Divulga\u00e7\u00e3o\"},{\"@type\":\"BreadcrumbList\",\"@id\":\"https:\/\/www.notibras.com\/site\/assassinato-de-ana-lidia-completa-50-anos-de-silencios\/#breadcrumb\",\"itemListElement\":[{\"@type\":\"ListItem\",\"position\":1,\"name\":\"In\u00edcio\",\"item\":\"https:\/\/www.notibras.com\/site\/\"},{\"@type\":\"ListItem\",\"position\":2,\"name\":\"Assassinato de Ana L\u00eddia completa 50 anos de sil\u00eancios\"}]},{\"@type\":\"WebSite\",\"@id\":\"https:\/\/www.notibras.com\/site\/#website\",\"url\":\"https:\/\/www.notibras.com\/site\/\",\"name\":\"Notibras\",\"description\":\"Not\u00edcias de Bras\u00edlia, do Brasil e do Mundo\",\"publisher\":{\"@id\":\"https:\/\/www.notibras.com\/site\/#organization\"},\"potentialAction\":[{\"@type\":\"SearchAction\",\"target\":{\"@type\":\"EntryPoint\",\"urlTemplate\":\"https:\/\/www.notibras.com\/site\/?s={search_term_string}\"},\"query-input\":{\"@type\":\"PropertyValueSpecification\",\"valueRequired\":true,\"valueName\":\"search_term_string\"}}],\"inLanguage\":\"pt-BR\"},{\"@type\":\"Organization\",\"@id\":\"https:\/\/www.notibras.com\/site\/#organization\",\"name\":\"Grupo Notibras de Comunica\u00e7\u00e3o\",\"url\":\"https:\/\/www.notibras.com\/site\/\",\"logo\":{\"@type\":\"ImageObject\",\"inLanguage\":\"pt-BR\",\"@id\":\"https:\/\/www.notibras.com\/site\/#\/schema\/logo\/image\/\",\"url\":\"https:\/\/www.notibras.com\/site\/wp-content\/uploads\/2023\/01\/notibras23.png\",\"contentUrl\":\"https:\/\/www.notibras.com\/site\/wp-content\/uploads\/2023\/01\/notibras23.png\",\"width\":350,\"height\":87,\"caption\":\"Grupo Notibras de Comunica\u00e7\u00e3o\"},\"image\":{\"@id\":\"https:\/\/www.notibras.com\/site\/#\/schema\/logo\/image\/\"},\"sameAs\":[\"https:\/\/www.facebook.com\/notibras\/\",\"https:\/\/x.com\/Notibras\",\"https:\/\/www.instagram.com\/notibras\/\"]},{\"@type\":\"Person\",\"@id\":\"https:\/\/www.notibras.com\/site\/#\/schema\/person\/36ab0979449956132d3e5b517ea76ac8\",\"name\":\"Reda\u00e7\u00e3o\",\"image\":{\"@type\":\"ImageObject\",\"inLanguage\":\"pt-BR\",\"@id\":\"https:\/\/secure.gravatar.com\/avatar\/e0a867bdedb85fd243eadf09663511f96fc81e0720a4a42581f334ad4303aa6b?s=96&d=mm&r=g\",\"url\":\"https:\/\/secure.gravatar.com\/avatar\/e0a867bdedb85fd243eadf09663511f96fc81e0720a4a42581f334ad4303aa6b?s=96&d=mm&r=g\",\"contentUrl\":\"https:\/\/secure.gravatar.com\/avatar\/e0a867bdedb85fd243eadf09663511f96fc81e0720a4a42581f334ad4303aa6b?s=96&d=mm&r=g\",\"caption\":\"Reda\u00e7\u00e3o\"}}]}<\/script>\n<!-- \/ Yoast SEO plugin. -->","yoast_head_json":{"title":"Assassinato de Ana L\u00eddia completa 50 anos de sil\u00eancios - Notibras","robots":{"index":"index","follow":"follow","max-snippet":"max-snippet:-1","max-image-preview":"max-image-preview:large","max-video-preview":"max-video-preview:-1"},"canonical":"https:\/\/www.notibras.com\/site\/assassinato-de-ana-lidia-completa-50-anos-de-silencios\/","og_locale":"pt_BR","og_type":"article","og_title":"Assassinato de Ana L\u00eddia completa 50 anos de sil\u00eancios - Notibras","og_description":"Uma dor intraduz\u00edvel. Um trauma brasileiro imensur\u00e1vel. O sil\u00eancio e o medo t\u00edpicos de um momento de ditadura. \u201cEu nunca vi um sil\u00eancio como aquele. Era um sil\u00eancio sepulcral. As pessoas n\u00e3o precisavam falar. Elas s\u00f3 olhavam e cada uma sabia o que a outra estava pensando e sentindo\u201d, lembra a professora universit\u00e1ria Ros\u00e2ngela Vieira [&hellip;]","og_url":"https:\/\/www.notibras.com\/site\/assassinato-de-ana-lidia-completa-50-anos-de-silencios\/","og_site_name":"Notibras","article_publisher":"https:\/\/www.facebook.com\/notibras\/","article_published_time":"2023-09-11T10:31:45+00:00","article_modified_time":"2023-09-11T12:34:09+00:00","og_image":[{"width":1170,"height":700,"url":"https:\/\/www.notibras.com\/site\/wp-content\/uploads\/2023\/09\/ana.jpg","type":"image\/jpeg"}],"author":"Reda\u00e7\u00e3o","twitter_card":"summary_large_image","twitter_creator":"@Notibras","twitter_site":"@Notibras","twitter_misc":{"Escrito por":"Reda\u00e7\u00e3o","Est. tempo de leitura":"8 minutos"},"schema":{"@context":"https:\/\/schema.org","@graph":[{"@type":"Article","@id":"https:\/\/www.notibras.com\/site\/assassinato-de-ana-lidia-completa-50-anos-de-silencios\/#article","isPartOf":{"@id":"https:\/\/www.notibras.com\/site\/assassinato-de-ana-lidia-completa-50-anos-de-silencios\/"},"author":{"name":"Reda\u00e7\u00e3o","@id":"https:\/\/www.notibras.com\/site\/#\/schema\/person\/36ab0979449956132d3e5b517ea76ac8"},"headline":"Assassinato de Ana L\u00eddia completa 50 anos de sil\u00eancios","datePublished":"2023-09-11T10:31:45+00:00","dateModified":"2023-09-11T12:34:09+00:00","mainEntityOfPage":{"@id":"https:\/\/www.notibras.com\/site\/assassinato-de-ana-lidia-completa-50-anos-de-silencios\/"},"wordCount":1579,"publisher":{"@id":"https:\/\/www.notibras.com\/site\/#organization"},"image":{"@id":"https:\/\/www.notibras.com\/site\/assassinato-de-ana-lidia-completa-50-anos-de-silencios\/#primaryimage"},"thumbnailUrl":"https:\/\/www.notibras.com\/site\/wp-content\/uploads\/2023\/09\/ana.jpg","articleSection":["Quadradinho em Foco"],"inLanguage":"pt-BR"},{"@type":"WebPage","@id":"https:\/\/www.notibras.com\/site\/assassinato-de-ana-lidia-completa-50-anos-de-silencios\/","url":"https:\/\/www.notibras.com\/site\/assassinato-de-ana-lidia-completa-50-anos-de-silencios\/","name":"Assassinato de Ana L\u00eddia completa 50 anos de sil\u00eancios - Notibras","isPartOf":{"@id":"https:\/\/www.notibras.com\/site\/#website"},"primaryImageOfPage":{"@id":"https:\/\/www.notibras.com\/site\/assassinato-de-ana-lidia-completa-50-anos-de-silencios\/#primaryimage"},"image":{"@id":"https:\/\/www.notibras.com\/site\/assassinato-de-ana-lidia-completa-50-anos-de-silencios\/#primaryimage"},"thumbnailUrl":"https:\/\/www.notibras.com\/site\/wp-content\/uploads\/2023\/09\/ana.jpg","datePublished":"2023-09-11T10:31:45+00:00","dateModified":"2023-09-11T12:34:09+00:00","breadcrumb":{"@id":"https:\/\/www.notibras.com\/site\/assassinato-de-ana-lidia-completa-50-anos-de-silencios\/#breadcrumb"},"inLanguage":"pt-BR","potentialAction":[{"@type":"ReadAction","target":["https:\/\/www.notibras.com\/site\/assassinato-de-ana-lidia-completa-50-anos-de-silencios\/"]}]},{"@type":"ImageObject","inLanguage":"pt-BR","@id":"https:\/\/www.notibras.com\/site\/assassinato-de-ana-lidia-completa-50-anos-de-silencios\/#primaryimage","url":"https:\/\/www.notibras.com\/site\/wp-content\/uploads\/2023\/09\/ana.jpg","contentUrl":"https:\/\/www.notibras.com\/site\/wp-content\/uploads\/2023\/09\/ana.jpg","width":1170,"height":700,"caption":"Bras\u00edlia (DF) 10\/09\/2023 - Especial Ana L\u00eddia 50 anos, fotografia de lembran\u00e7a da escola de Ana L\u00eddia. Foto: Arquivo Pessoal\/Divulga\u00e7\u00e3o"},{"@type":"BreadcrumbList","@id":"https:\/\/www.notibras.com\/site\/assassinato-de-ana-lidia-completa-50-anos-de-silencios\/#breadcrumb","itemListElement":[{"@type":"ListItem","position":1,"name":"In\u00edcio","item":"https:\/\/www.notibras.com\/site\/"},{"@type":"ListItem","position":2,"name":"Assassinato de Ana L\u00eddia completa 50 anos de sil\u00eancios"}]},{"@type":"WebSite","@id":"https:\/\/www.notibras.com\/site\/#website","url":"https:\/\/www.notibras.com\/site\/","name":"Notibras","description":"Not\u00edcias de Bras\u00edlia, do Brasil e do Mundo","publisher":{"@id":"https:\/\/www.notibras.com\/site\/#organization"},"potentialAction":[{"@type":"SearchAction","target":{"@type":"EntryPoint","urlTemplate":"https:\/\/www.notibras.com\/site\/?s={search_term_string}"},"query-input":{"@type":"PropertyValueSpecification","valueRequired":true,"valueName":"search_term_string"}}],"inLanguage":"pt-BR"},{"@type":"Organization","@id":"https:\/\/www.notibras.com\/site\/#organization","name":"Grupo Notibras de Comunica\u00e7\u00e3o","url":"https:\/\/www.notibras.com\/site\/","logo":{"@type":"ImageObject","inLanguage":"pt-BR","@id":"https:\/\/www.notibras.com\/site\/#\/schema\/logo\/image\/","url":"https:\/\/www.notibras.com\/site\/wp-content\/uploads\/2023\/01\/notibras23.png","contentUrl":"https:\/\/www.notibras.com\/site\/wp-content\/uploads\/2023\/01\/notibras23.png","width":350,"height":87,"caption":"Grupo Notibras de Comunica\u00e7\u00e3o"},"image":{"@id":"https:\/\/www.notibras.com\/site\/#\/schema\/logo\/image\/"},"sameAs":["https:\/\/www.facebook.com\/notibras\/","https:\/\/x.com\/Notibras","https:\/\/www.instagram.com\/notibras\/"]},{"@type":"Person","@id":"https:\/\/www.notibras.com\/site\/#\/schema\/person\/36ab0979449956132d3e5b517ea76ac8","name":"Reda\u00e7\u00e3o","image":{"@type":"ImageObject","inLanguage":"pt-BR","@id":"https:\/\/secure.gravatar.com\/avatar\/e0a867bdedb85fd243eadf09663511f96fc81e0720a4a42581f334ad4303aa6b?s=96&d=mm&r=g","url":"https:\/\/secure.gravatar.com\/avatar\/e0a867bdedb85fd243eadf09663511f96fc81e0720a4a42581f334ad4303aa6b?s=96&d=mm&r=g","contentUrl":"https:\/\/secure.gravatar.com\/avatar\/e0a867bdedb85fd243eadf09663511f96fc81e0720a4a42581f334ad4303aa6b?s=96&d=mm&r=g","caption":"Reda\u00e7\u00e3o"}}]}},"amp_enabled":true,"_links":{"self":[{"href":"https:\/\/www.notibras.com\/site\/wp-json\/wp\/v2\/posts\/312654","targetHints":{"allow":["GET"]}}],"collection":[{"href":"https:\/\/www.notibras.com\/site\/wp-json\/wp\/v2\/posts"}],"about":[{"href":"https:\/\/www.notibras.com\/site\/wp-json\/wp\/v2\/types\/post"}],"author":[{"embeddable":true,"href":"https:\/\/www.notibras.com\/site\/wp-json\/wp\/v2\/users\/2"}],"replies":[{"embeddable":true,"href":"https:\/\/www.notibras.com\/site\/wp-json\/wp\/v2\/comments?post=312654"}],"version-history":[{"count":1,"href":"https:\/\/www.notibras.com\/site\/wp-json\/wp\/v2\/posts\/312654\/revisions"}],"predecessor-version":[{"id":312656,"href":"https:\/\/www.notibras.com\/site\/wp-json\/wp\/v2\/posts\/312654\/revisions\/312656"}],"wp:featuredmedia":[{"embeddable":true,"href":"https:\/\/www.notibras.com\/site\/wp-json\/wp\/v2\/media\/312655"}],"wp:attachment":[{"href":"https:\/\/www.notibras.com\/site\/wp-json\/wp\/v2\/media?parent=312654"}],"wp:term":[{"taxonomy":"category","embeddable":true,"href":"https:\/\/www.notibras.com\/site\/wp-json\/wp\/v2\/categories?post=312654"},{"taxonomy":"post_tag","embeddable":true,"href":"https:\/\/www.notibras.com\/site\/wp-json\/wp\/v2\/tags?post=312654"}],"curies":[{"name":"wp","href":"https:\/\/api.w.org\/{rel}","templated":true}]}}