{"id":312715,"date":"2023-09-12T00:00:11","date_gmt":"2023-09-12T03:00:11","guid":{"rendered":"https:\/\/www.notibras.com\/site\/?p=312715"},"modified":"2023-09-12T08:08:43","modified_gmt":"2023-09-12T11:08:43","slug":"hora-de-conhecer-cultura-sabores-e-povos-do-cerrado","status":"publish","type":"post","link":"https:\/\/www.notibras.com\/site\/hora-de-conhecer-cultura-sabores-e-povos-do-cerrado\/","title":{"rendered":"Hora de conhecer cultura, sabores e povos do Cerrado"},"content":{"rendered":"<p>Na semana em que se celebra o Dia do Cerrado, a capital brasileira receber\u00e1 um dos maiores eventos sobre pol\u00edtica, cultura e meio ambiente do bioma, que ocupa nada menos do que 24% do territ\u00f3rio nacional e est\u00e1 presente em 11 estados e no Distrito Federal, indo do Paran\u00e1 at\u00e9 Rond\u00f4nia, passando por S\u00e3o Paulo, Bahia e Maranh\u00e3o. O 10\u00ba Encontro e Feira dos Povos do Cerrado ocorre de 13 a 16 de setembro, na regi\u00e3o da Torre de TV.<\/p>\n<p>Com o tema Cerrado: Conex\u00e3o de Povos, Culturas e Biomas, o evento promete reunir cerca de 10 mil pessoas, incluindo representantes quilombolas, ind\u00edgenas, quebradeiras de coco baba\u00e7u, geraizeiros, entre outros povos tradicionais, definidos como comunidades herdeiras dos \u201csaberes ancestrais e tradicionais que guiam, h\u00e1 in\u00fameras gera\u00e7\u00f5es, o manejo das matas e paisagens que fazem dessa rica savana uma das regi\u00f5es mais biodiversas do mundo\u201d, segundo o conceito elaborado na publica\u00e7\u00e3o Saberes dos Povos do Cerrado e Biodiversidade.<\/p>\n<p>A programa\u00e7\u00e3o, segundo a Rede Cerrado, que organiza o encontro, inclui discuss\u00f5es sobre combate ao desmatamento, gest\u00e3o dos recursos h\u00eddricos, filantropia para o Cerrado, apresenta\u00e7\u00f5es culturais e feira de comercializa\u00e7\u00e3o de produtos da sociobiodiversidade.<\/p>\n<p>&#8220;O evento ser\u00e1 uma imers\u00e3o profunda na defesa do bioma e vai reunir cerca de 500 representantes de comunidades e povos tradicionais do Cerrado. A feira, que ser\u00e1 realizada paralelamente ao encontro com a venda de produtos das cadeias socioprodutivas do bioma, espera uma circula\u00e7\u00e3o di\u00e1ria de 10 mil pessoas para conhecer um festival de cores, sons e sabores da cultura da regi\u00e3o&#8221;, diz texto sobre o encontro.<\/p>\n<p>Como parte da mobiliza\u00e7\u00e3o pol\u00edtica, participantes v\u00e3o se mobilizar, nesta quarta-feira (13), em audi\u00eancia p\u00fablica na C\u00e2mara dos Deputados para discutir a Proposta de Emenda Constitucional (PEC) 504\/2010, que prop\u00f5e a inclus\u00e3o do Cerrado e da Caatinga entre os biomas considerados patrim\u00f4nio nacional pela Constitui\u00e7\u00e3o Federal. O tema da audi\u00eancia \u00e9 Cerrado e Caatinga, patrim\u00f4nios do Brasil: riqueza presente, heran\u00e7a futura\u201d. J\u00e1 a abertura oficial do evento ser\u00e1 no dia 14, \u00e0s 16h, com a presen\u00e7a da ministra do Meio Ambiente e Mudan\u00e7a do Clima, Marina Silva.<\/p>\n<p>Est\u00e3o previstas oficinas, debates e mesas redondas sobre pol\u00edticas p\u00fablicas, mudan\u00e7a do clima, medicinas tradicionais, autodefini\u00e7\u00e3o e autodemarca\u00e7\u00e3o de povos e comunidades tradicionais, filantropia comunit\u00e1ria entre outros temas. A atriz Let\u00edcia Sabatella far\u00e1 um show musical no dia 13. Personalidades como Marcos Palmeira, Greg\u00f3rio Duvivier, Giovanna Nader e Maria Paula j\u00e1 confirmaram presen\u00e7as. Artistas e grupos musicais como P\u00e9 de Cerrado, Saci W\u00e9r\u00e9, Pereira da Viola, entre outros, est\u00e3o na programa\u00e7\u00e3o. Apresenta\u00e7\u00f5es teatrais, de cultura popular como fiandeiras, canto de roda, quilombolas e ind\u00edgenas s\u00e3o outras atra\u00e7\u00f5es confirmadas.<\/p>\n<p>Considerado o ber\u00e7o das \u00e1guas do Brasil, o Cerrado \u00e9 a origem das nascentes de oito das 12 bacias hidrogr\u00e1ficas mais importantes do pa\u00eds. \u00c9 tamb\u00e9m o segundo maior reservat\u00f3rio subterr\u00e2neo de \u00e1gua do mundo, formado pelos aqu\u00edferos Guarani e Urucuia. Apesar da import\u00e2ncia para a seguran\u00e7a h\u00eddrica e agr\u00edcola do pa\u00eds, o bioma tem sido um dos mais devastados ao longo das \u00faltimas d\u00e9cadas, e viu o cen\u00e1rio piorar nos \u00faltimos anos, principalmente na regi\u00e3o conhecida como Matopiba &#8211; acr\u00f4nimo que se refere aos estados do Maranh\u00e3o, Tocantins, Piau\u00ed e Bahia.<\/p>\n<p>Realizadora da feira, a Rede Cerrado \u00e9 composta por 60 organiza\u00e7\u00f5es, em conjunto com mais de 300 parcerias, e tem como objetivo unificar vozes e esfor\u00e7os para conservar e enaltecer a riqueza do Cerrado. O evento tam\u00e9m conta com apoio de entidades como o Instituto Sociedade, Popula\u00e7\u00e3o e Natureza, Instituto de Pesquisa da Amaz\u00f4nia, WWF Brasil, Instituto Cerrados, Instituto Terra Azul, Funatura e dos minist\u00e9rios do Meio Ambiente, do Desenvolvimento Agr\u00e1rio e Agricultura Familiar e do Desenvolvimento e Assist\u00eancia Social, Fam\u00edlia e Combate \u00e0 Fome, al\u00e9m do Servi\u00e7o Social da Ind\u00fastria.<\/p>\n","protected":false},"excerpt":{"rendered":"<p>Na semana em que se celebra o Dia do Cerrado, a capital brasileira receber\u00e1 um dos maiores eventos sobre pol\u00edtica, cultura e meio ambiente do bioma, que ocupa nada menos do que 24% do territ\u00f3rio nacional e est\u00e1 presente em 11 estados e no Distrito Federal, indo do Paran\u00e1 at\u00e9 Rond\u00f4nia, passando por S\u00e3o Paulo, [&hellip;]<\/p>\n","protected":false},"author":2,"featured_media":312716,"comment_status":"closed","ping_status":"closed","sticky":false,"template":"","format":"standard","meta":{"_acf_changed":false,"footnotes":""},"categories":[161],"tags":[95],"class_list":["post-312715","post","type-post","status-publish","format-standard","has-post-thumbnail","hentry","category-quadradinho-em-foco","tag-capa"],"acf":[],"yoast_head":"<!-- This site is optimized with the Yoast SEO plugin v27.2 - https:\/\/yoast.com\/product\/yoast-seo-wordpress\/ -->\n<title>Hora de conhecer cultura, sabores e povos do Cerrado - Notibras<\/title>\n<meta name=\"robots\" content=\"index, follow, max-snippet:-1, max-image-preview:large, max-video-preview:-1\" \/>\n<link rel=\"canonical\" href=\"https:\/\/www.notibras.com\/site\/hora-de-conhecer-cultura-sabores-e-povos-do-cerrado\/\" \/>\n<meta property=\"og:locale\" content=\"pt_BR\" \/>\n<meta property=\"og:type\" content=\"article\" \/>\n<meta property=\"og:title\" content=\"Hora de conhecer cultura, sabores e povos do Cerrado - Notibras\" \/>\n<meta property=\"og:description\" content=\"Na semana em que se celebra o Dia do Cerrado, a capital brasileira receber\u00e1 um dos maiores eventos sobre pol\u00edtica, cultura e meio ambiente do bioma, que ocupa nada menos do que 24% do territ\u00f3rio nacional e est\u00e1 presente em 11 estados e no Distrito Federal, indo do Paran\u00e1 at\u00e9 Rond\u00f4nia, passando por S\u00e3o Paulo, [&hellip;]\" \/>\n<meta property=\"og:url\" content=\"https:\/\/www.notibras.com\/site\/hora-de-conhecer-cultura-sabores-e-povos-do-cerrado\/\" \/>\n<meta property=\"og:site_name\" content=\"Notibras\" \/>\n<meta property=\"article:publisher\" content=\"https:\/\/www.facebook.com\/notibras\/\" \/>\n<meta property=\"article:published_time\" content=\"2023-09-12T03:00:11+00:00\" \/>\n<meta property=\"article:modified_time\" content=\"2023-09-12T11:08:43+00:00\" \/>\n<meta property=\"og:image\" content=\"https:\/\/www.notibras.com\/site\/wp-content\/uploads\/2023\/09\/ja_3458.jpg\" \/>\n\t<meta property=\"og:image:width\" content=\"1170\" \/>\n\t<meta property=\"og:image:height\" content=\"700\" \/>\n\t<meta property=\"og:image:type\" content=\"image\/jpeg\" \/>\n<meta name=\"author\" content=\"Reda\u00e7\u00e3o\" \/>\n<meta name=\"twitter:card\" content=\"summary_large_image\" \/>\n<meta name=\"twitter:creator\" content=\"@Notibras\" \/>\n<meta name=\"twitter:site\" content=\"@Notibras\" \/>\n<meta name=\"twitter:label1\" content=\"Escrito por\" \/>\n\t<meta name=\"twitter:data1\" content=\"Reda\u00e7\u00e3o\" \/>\n\t<meta name=\"twitter:label2\" content=\"Est. tempo de leitura\" \/>\n\t<meta name=\"twitter:data2\" content=\"4 minutos\" \/>\n<script type=\"application\/ld+json\" class=\"yoast-schema-graph\">{\"@context\":\"https:\/\/schema.org\",\"@graph\":[{\"@type\":\"Article\",\"@id\":\"https:\/\/www.notibras.com\/site\/hora-de-conhecer-cultura-sabores-e-povos-do-cerrado\/#article\",\"isPartOf\":{\"@id\":\"https:\/\/www.notibras.com\/site\/hora-de-conhecer-cultura-sabores-e-povos-do-cerrado\/\"},\"author\":{\"name\":\"Reda\u00e7\u00e3o\",\"@id\":\"https:\/\/www.notibras.com\/site\/#\/schema\/person\/36ab0979449956132d3e5b517ea76ac8\"},\"headline\":\"Hora de conhecer cultura, sabores e povos do Cerrado\",\"datePublished\":\"2023-09-12T03:00:11+00:00\",\"dateModified\":\"2023-09-12T11:08:43+00:00\",\"mainEntityOfPage\":{\"@id\":\"https:\/\/www.notibras.com\/site\/hora-de-conhecer-cultura-sabores-e-povos-do-cerrado\/\"},\"wordCount\":690,\"publisher\":{\"@id\":\"https:\/\/www.notibras.com\/site\/#organization\"},\"image\":{\"@id\":\"https:\/\/www.notibras.com\/site\/hora-de-conhecer-cultura-sabores-e-povos-do-cerrado\/#primaryimage\"},\"thumbnailUrl\":\"https:\/\/www.notibras.com\/site\/wp-content\/uploads\/2023\/09\/ja_3458.jpg\",\"keywords\":[\"capa\"],\"articleSection\":[\"Quadradinho em Foco\"],\"inLanguage\":\"pt-BR\"},{\"@type\":\"WebPage\",\"@id\":\"https:\/\/www.notibras.com\/site\/hora-de-conhecer-cultura-sabores-e-povos-do-cerrado\/\",\"url\":\"https:\/\/www.notibras.com\/site\/hora-de-conhecer-cultura-sabores-e-povos-do-cerrado\/\",\"name\":\"Hora de conhecer cultura, sabores e povos do Cerrado - Notibras\",\"isPartOf\":{\"@id\":\"https:\/\/www.notibras.com\/site\/#website\"},\"primaryImageOfPage\":{\"@id\":\"https:\/\/www.notibras.com\/site\/hora-de-conhecer-cultura-sabores-e-povos-do-cerrado\/#primaryimage\"},\"image\":{\"@id\":\"https:\/\/www.notibras.com\/site\/hora-de-conhecer-cultura-sabores-e-povos-do-cerrado\/#primaryimage\"},\"thumbnailUrl\":\"https:\/\/www.notibras.com\/site\/wp-content\/uploads\/2023\/09\/ja_3458.jpg\",\"datePublished\":\"2023-09-12T03:00:11+00:00\",\"dateModified\":\"2023-09-12T11:08:43+00:00\",\"breadcrumb\":{\"@id\":\"https:\/\/www.notibras.com\/site\/hora-de-conhecer-cultura-sabores-e-povos-do-cerrado\/#breadcrumb\"},\"inLanguage\":\"pt-BR\",\"potentialAction\":[{\"@type\":\"ReadAction\",\"target\":[\"https:\/\/www.notibras.com\/site\/hora-de-conhecer-cultura-sabores-e-povos-do-cerrado\/\"]}]},{\"@type\":\"ImageObject\",\"inLanguage\":\"pt-BR\",\"@id\":\"https:\/\/www.notibras.com\/site\/hora-de-conhecer-cultura-sabores-e-povos-do-cerrado\/#primaryimage\",\"url\":\"https:\/\/www.notibras.com\/site\/wp-content\/uploads\/2023\/09\/ja_3458.jpg\",\"contentUrl\":\"https:\/\/www.notibras.com\/site\/wp-content\/uploads\/2023\/09\/ja_3458.jpg\",\"width\":1170,\"height\":700,\"caption\":\"Cavalcante (GO) 12\/09\/2023 - Vista do cerrado na Comunidade quilombola Kalunga do Engenho II. O cerrado\u00a0\u00e9 um dos cinco grandes\u00a0biomas\u00a0do Brasil, cobrindo cerca de 25% do territ\u00f3rio nacional e perfazendo uma \u00e1rea entre 1,8 e 2 milh\u00f5es de km2 Foto: Jo\u00e9dson Alves\/Ag\u00eancia Brasil\"},{\"@type\":\"BreadcrumbList\",\"@id\":\"https:\/\/www.notibras.com\/site\/hora-de-conhecer-cultura-sabores-e-povos-do-cerrado\/#breadcrumb\",\"itemListElement\":[{\"@type\":\"ListItem\",\"position\":1,\"name\":\"In\u00edcio\",\"item\":\"https:\/\/www.notibras.com\/site\/\"},{\"@type\":\"ListItem\",\"position\":2,\"name\":\"Hora de conhecer cultura, sabores e povos do Cerrado\"}]},{\"@type\":\"WebSite\",\"@id\":\"https:\/\/www.notibras.com\/site\/#website\",\"url\":\"https:\/\/www.notibras.com\/site\/\",\"name\":\"Notibras\",\"description\":\"Not\u00edcias de Bras\u00edlia, do Brasil e do Mundo\",\"publisher\":{\"@id\":\"https:\/\/www.notibras.com\/site\/#organization\"},\"potentialAction\":[{\"@type\":\"SearchAction\",\"target\":{\"@type\":\"EntryPoint\",\"urlTemplate\":\"https:\/\/www.notibras.com\/site\/?s={search_term_string}\"},\"query-input\":{\"@type\":\"PropertyValueSpecification\",\"valueRequired\":true,\"valueName\":\"search_term_string\"}}],\"inLanguage\":\"pt-BR\"},{\"@type\":\"Organization\",\"@id\":\"https:\/\/www.notibras.com\/site\/#organization\",\"name\":\"Grupo Notibras de Comunica\u00e7\u00e3o\",\"url\":\"https:\/\/www.notibras.com\/site\/\",\"logo\":{\"@type\":\"ImageObject\",\"inLanguage\":\"pt-BR\",\"@id\":\"https:\/\/www.notibras.com\/site\/#\/schema\/logo\/image\/\",\"url\":\"https:\/\/www.notibras.com\/site\/wp-content\/uploads\/2023\/01\/notibras23.png\",\"contentUrl\":\"https:\/\/www.notibras.com\/site\/wp-content\/uploads\/2023\/01\/notibras23.png\",\"width\":350,\"height\":87,\"caption\":\"Grupo Notibras de Comunica\u00e7\u00e3o\"},\"image\":{\"@id\":\"https:\/\/www.notibras.com\/site\/#\/schema\/logo\/image\/\"},\"sameAs\":[\"https:\/\/www.facebook.com\/notibras\/\",\"https:\/\/x.com\/Notibras\",\"https:\/\/www.instagram.com\/notibras\/\"]},{\"@type\":\"Person\",\"@id\":\"https:\/\/www.notibras.com\/site\/#\/schema\/person\/36ab0979449956132d3e5b517ea76ac8\",\"name\":\"Reda\u00e7\u00e3o\",\"image\":{\"@type\":\"ImageObject\",\"inLanguage\":\"pt-BR\",\"@id\":\"https:\/\/secure.gravatar.com\/avatar\/e0a867bdedb85fd243eadf09663511f96fc81e0720a4a42581f334ad4303aa6b?s=96&d=mm&r=g\",\"url\":\"https:\/\/secure.gravatar.com\/avatar\/e0a867bdedb85fd243eadf09663511f96fc81e0720a4a42581f334ad4303aa6b?s=96&d=mm&r=g\",\"contentUrl\":\"https:\/\/secure.gravatar.com\/avatar\/e0a867bdedb85fd243eadf09663511f96fc81e0720a4a42581f334ad4303aa6b?s=96&d=mm&r=g\",\"caption\":\"Reda\u00e7\u00e3o\"}}]}<\/script>\n<!-- \/ Yoast SEO plugin. -->","yoast_head_json":{"title":"Hora de conhecer cultura, sabores e povos do Cerrado - Notibras","robots":{"index":"index","follow":"follow","max-snippet":"max-snippet:-1","max-image-preview":"max-image-preview:large","max-video-preview":"max-video-preview:-1"},"canonical":"https:\/\/www.notibras.com\/site\/hora-de-conhecer-cultura-sabores-e-povos-do-cerrado\/","og_locale":"pt_BR","og_type":"article","og_title":"Hora de conhecer cultura, sabores e povos do Cerrado - Notibras","og_description":"Na semana em que se celebra o Dia do Cerrado, a capital brasileira receber\u00e1 um dos maiores eventos sobre pol\u00edtica, cultura e meio ambiente do bioma, que ocupa nada menos do que 24% do territ\u00f3rio nacional e est\u00e1 presente em 11 estados e no Distrito Federal, indo do Paran\u00e1 at\u00e9 Rond\u00f4nia, passando por S\u00e3o Paulo, [&hellip;]","og_url":"https:\/\/www.notibras.com\/site\/hora-de-conhecer-cultura-sabores-e-povos-do-cerrado\/","og_site_name":"Notibras","article_publisher":"https:\/\/www.facebook.com\/notibras\/","article_published_time":"2023-09-12T03:00:11+00:00","article_modified_time":"2023-09-12T11:08:43+00:00","og_image":[{"width":1170,"height":700,"url":"https:\/\/www.notibras.com\/site\/wp-content\/uploads\/2023\/09\/ja_3458.jpg","type":"image\/jpeg"}],"author":"Reda\u00e7\u00e3o","twitter_card":"summary_large_image","twitter_creator":"@Notibras","twitter_site":"@Notibras","twitter_misc":{"Escrito por":"Reda\u00e7\u00e3o","Est. tempo de leitura":"4 minutos"},"schema":{"@context":"https:\/\/schema.org","@graph":[{"@type":"Article","@id":"https:\/\/www.notibras.com\/site\/hora-de-conhecer-cultura-sabores-e-povos-do-cerrado\/#article","isPartOf":{"@id":"https:\/\/www.notibras.com\/site\/hora-de-conhecer-cultura-sabores-e-povos-do-cerrado\/"},"author":{"name":"Reda\u00e7\u00e3o","@id":"https:\/\/www.notibras.com\/site\/#\/schema\/person\/36ab0979449956132d3e5b517ea76ac8"},"headline":"Hora de conhecer cultura, sabores e povos do Cerrado","datePublished":"2023-09-12T03:00:11+00:00","dateModified":"2023-09-12T11:08:43+00:00","mainEntityOfPage":{"@id":"https:\/\/www.notibras.com\/site\/hora-de-conhecer-cultura-sabores-e-povos-do-cerrado\/"},"wordCount":690,"publisher":{"@id":"https:\/\/www.notibras.com\/site\/#organization"},"image":{"@id":"https:\/\/www.notibras.com\/site\/hora-de-conhecer-cultura-sabores-e-povos-do-cerrado\/#primaryimage"},"thumbnailUrl":"https:\/\/www.notibras.com\/site\/wp-content\/uploads\/2023\/09\/ja_3458.jpg","keywords":["capa"],"articleSection":["Quadradinho em Foco"],"inLanguage":"pt-BR"},{"@type":"WebPage","@id":"https:\/\/www.notibras.com\/site\/hora-de-conhecer-cultura-sabores-e-povos-do-cerrado\/","url":"https:\/\/www.notibras.com\/site\/hora-de-conhecer-cultura-sabores-e-povos-do-cerrado\/","name":"Hora de conhecer cultura, sabores e povos do Cerrado - Notibras","isPartOf":{"@id":"https:\/\/www.notibras.com\/site\/#website"},"primaryImageOfPage":{"@id":"https:\/\/www.notibras.com\/site\/hora-de-conhecer-cultura-sabores-e-povos-do-cerrado\/#primaryimage"},"image":{"@id":"https:\/\/www.notibras.com\/site\/hora-de-conhecer-cultura-sabores-e-povos-do-cerrado\/#primaryimage"},"thumbnailUrl":"https:\/\/www.notibras.com\/site\/wp-content\/uploads\/2023\/09\/ja_3458.jpg","datePublished":"2023-09-12T03:00:11+00:00","dateModified":"2023-09-12T11:08:43+00:00","breadcrumb":{"@id":"https:\/\/www.notibras.com\/site\/hora-de-conhecer-cultura-sabores-e-povos-do-cerrado\/#breadcrumb"},"inLanguage":"pt-BR","potentialAction":[{"@type":"ReadAction","target":["https:\/\/www.notibras.com\/site\/hora-de-conhecer-cultura-sabores-e-povos-do-cerrado\/"]}]},{"@type":"ImageObject","inLanguage":"pt-BR","@id":"https:\/\/www.notibras.com\/site\/hora-de-conhecer-cultura-sabores-e-povos-do-cerrado\/#primaryimage","url":"https:\/\/www.notibras.com\/site\/wp-content\/uploads\/2023\/09\/ja_3458.jpg","contentUrl":"https:\/\/www.notibras.com\/site\/wp-content\/uploads\/2023\/09\/ja_3458.jpg","width":1170,"height":700,"caption":"Cavalcante (GO) 12\/09\/2023 - Vista do cerrado na Comunidade quilombola Kalunga do Engenho II. O cerrado\u00a0\u00e9 um dos cinco grandes\u00a0biomas\u00a0do Brasil, cobrindo cerca de 25% do territ\u00f3rio nacional e perfazendo uma \u00e1rea entre 1,8 e 2 milh\u00f5es de km2 Foto: Jo\u00e9dson Alves\/Ag\u00eancia Brasil"},{"@type":"BreadcrumbList","@id":"https:\/\/www.notibras.com\/site\/hora-de-conhecer-cultura-sabores-e-povos-do-cerrado\/#breadcrumb","itemListElement":[{"@type":"ListItem","position":1,"name":"In\u00edcio","item":"https:\/\/www.notibras.com\/site\/"},{"@type":"ListItem","position":2,"name":"Hora de conhecer cultura, sabores e povos do Cerrado"}]},{"@type":"WebSite","@id":"https:\/\/www.notibras.com\/site\/#website","url":"https:\/\/www.notibras.com\/site\/","name":"Notibras","description":"Not\u00edcias de Bras\u00edlia, do Brasil e do Mundo","publisher":{"@id":"https:\/\/www.notibras.com\/site\/#organization"},"potentialAction":[{"@type":"SearchAction","target":{"@type":"EntryPoint","urlTemplate":"https:\/\/www.notibras.com\/site\/?s={search_term_string}"},"query-input":{"@type":"PropertyValueSpecification","valueRequired":true,"valueName":"search_term_string"}}],"inLanguage":"pt-BR"},{"@type":"Organization","@id":"https:\/\/www.notibras.com\/site\/#organization","name":"Grupo Notibras de Comunica\u00e7\u00e3o","url":"https:\/\/www.notibras.com\/site\/","logo":{"@type":"ImageObject","inLanguage":"pt-BR","@id":"https:\/\/www.notibras.com\/site\/#\/schema\/logo\/image\/","url":"https:\/\/www.notibras.com\/site\/wp-content\/uploads\/2023\/01\/notibras23.png","contentUrl":"https:\/\/www.notibras.com\/site\/wp-content\/uploads\/2023\/01\/notibras23.png","width":350,"height":87,"caption":"Grupo Notibras de Comunica\u00e7\u00e3o"},"image":{"@id":"https:\/\/www.notibras.com\/site\/#\/schema\/logo\/image\/"},"sameAs":["https:\/\/www.facebook.com\/notibras\/","https:\/\/x.com\/Notibras","https:\/\/www.instagram.com\/notibras\/"]},{"@type":"Person","@id":"https:\/\/www.notibras.com\/site\/#\/schema\/person\/36ab0979449956132d3e5b517ea76ac8","name":"Reda\u00e7\u00e3o","image":{"@type":"ImageObject","inLanguage":"pt-BR","@id":"https:\/\/secure.gravatar.com\/avatar\/e0a867bdedb85fd243eadf09663511f96fc81e0720a4a42581f334ad4303aa6b?s=96&d=mm&r=g","url":"https:\/\/secure.gravatar.com\/avatar\/e0a867bdedb85fd243eadf09663511f96fc81e0720a4a42581f334ad4303aa6b?s=96&d=mm&r=g","contentUrl":"https:\/\/secure.gravatar.com\/avatar\/e0a867bdedb85fd243eadf09663511f96fc81e0720a4a42581f334ad4303aa6b?s=96&d=mm&r=g","caption":"Reda\u00e7\u00e3o"}}]}},"amp_enabled":true,"_links":{"self":[{"href":"https:\/\/www.notibras.com\/site\/wp-json\/wp\/v2\/posts\/312715","targetHints":{"allow":["GET"]}}],"collection":[{"href":"https:\/\/www.notibras.com\/site\/wp-json\/wp\/v2\/posts"}],"about":[{"href":"https:\/\/www.notibras.com\/site\/wp-json\/wp\/v2\/types\/post"}],"author":[{"embeddable":true,"href":"https:\/\/www.notibras.com\/site\/wp-json\/wp\/v2\/users\/2"}],"replies":[{"embeddable":true,"href":"https:\/\/www.notibras.com\/site\/wp-json\/wp\/v2\/comments?post=312715"}],"version-history":[{"count":1,"href":"https:\/\/www.notibras.com\/site\/wp-json\/wp\/v2\/posts\/312715\/revisions"}],"predecessor-version":[{"id":312717,"href":"https:\/\/www.notibras.com\/site\/wp-json\/wp\/v2\/posts\/312715\/revisions\/312717"}],"wp:featuredmedia":[{"embeddable":true,"href":"https:\/\/www.notibras.com\/site\/wp-json\/wp\/v2\/media\/312716"}],"wp:attachment":[{"href":"https:\/\/www.notibras.com\/site\/wp-json\/wp\/v2\/media?parent=312715"}],"wp:term":[{"taxonomy":"category","embeddable":true,"href":"https:\/\/www.notibras.com\/site\/wp-json\/wp\/v2\/categories?post=312715"},{"taxonomy":"post_tag","embeddable":true,"href":"https:\/\/www.notibras.com\/site\/wp-json\/wp\/v2\/tags?post=312715"}],"curies":[{"name":"wp","href":"https:\/\/api.w.org\/{rel}","templated":true}]}}