{"id":312733,"date":"2023-09-12T00:00:34","date_gmt":"2023-09-12T03:00:34","guid":{"rendered":"https:\/\/www.notibras.com\/site\/?p=312733"},"modified":"2023-09-12T08:47:27","modified_gmt":"2023-09-12T11:47:27","slug":"stf-da-aval-para-que-trabalhador-pague-sindicato","status":"publish","type":"post","link":"https:\/\/www.notibras.com\/site\/stf-da-aval-para-que-trabalhador-pague-sindicato\/","title":{"rendered":"STF d\u00e1 aval para que trabalhador pague sindicato"},"content":{"rendered":"<p>O Supremo Tribunal Federal (STF) validou nesta segunda-feira (11) a legalidade da contribui\u00e7\u00e3o assistencial para custear o funcionamento de sindicatos.<\/p>\n<p>O caso espec\u00edfico julgado pela Corte trata da possibilidade de cobran\u00e7a nos casos de trabalhadores n\u00e3o filiados aos sindicatos e de forma obrigat\u00f3ria por meio de acordo e conven\u00e7\u00e3o coletiva de trabalho.<\/p>\n<p>A contribui\u00e7\u00e3o assistencial n\u00e3o se confunde com a contribui\u00e7\u00e3o sindical, mais conhecida como imposto sindical, que foi extinto com a reforma trabalhista de 2017 e n\u00e3o est\u00e1 sendo analisado pelos ministros neste julgamento.<\/p>\n<p>O julgamento foi iniciado em 2020 e, ap\u00f3s diversos pedidos de vista, foi finalizado hoje.<\/p>\n<p>A maioria dos ministros seguiu voto proferido pelo relator, ministro Gilmar Mendes, em 2020. Para o ministro, a cobran\u00e7a \u00e9 constitucional e uma tese deve ser definida para balizar o julgamento da quest\u00e3o pelo Judici\u00e1rio de todo o pa\u00eds.<\/p>\n<p>O caso voltou \u00e0 tona em fun\u00e7\u00e3o de um recurso apresentado pelos sindicatos envolvidos no julgamento. Na vota\u00e7\u00e3o, Mendes mudou seu entendimento em rela\u00e7\u00e3o ao julgamento da quest\u00e3o em 2017, quando o Supremo entendeu que a cobran\u00e7a da contribui\u00e7\u00e3o assistencial era inconstitucional.<\/p>\n<p>No entendimento de Mendes, a falta da cobran\u00e7a enfraquece o sistema sindical. O julgamento ocorreu no plen\u00e1rio virtual, modalidade na qual os ministros inserem os votos no sistema eletr\u00f4nico do STF e n\u00e3o h\u00e1 delibera\u00e7\u00e3o presencial.<\/p>\n","protected":false},"excerpt":{"rendered":"<p>O Supremo Tribunal Federal (STF) validou nesta segunda-feira (11) a legalidade da contribui\u00e7\u00e3o assistencial para custear o funcionamento de sindicatos. O caso espec\u00edfico julgado pela Corte trata da possibilidade de cobran\u00e7a nos casos de trabalhadores n\u00e3o filiados aos sindicatos e de forma obrigat\u00f3ria por meio de acordo e conven\u00e7\u00e3o coletiva de trabalho. A contribui\u00e7\u00e3o assistencial [&hellip;]<\/p>\n","protected":false},"author":2,"featured_media":311021,"comment_status":"closed","ping_status":"closed","sticky":false,"template":"","format":"standard","meta":{"_acf_changed":false,"footnotes":""},"categories":[161],"tags":[],"class_list":["post-312733","post","type-post","status-publish","format-standard","has-post-thumbnail","hentry","category-quadradinho-em-foco"],"acf":[],"yoast_head":"<!-- This site is optimized with the Yoast SEO plugin v27.2 - https:\/\/yoast.com\/product\/yoast-seo-wordpress\/ -->\n<title>STF d\u00e1 aval para que trabalhador pague sindicato - Notibras<\/title>\n<meta name=\"robots\" content=\"index, follow, max-snippet:-1, max-image-preview:large, max-video-preview:-1\" \/>\n<link rel=\"canonical\" href=\"https:\/\/www.notibras.com\/site\/stf-da-aval-para-que-trabalhador-pague-sindicato\/\" \/>\n<meta property=\"og:locale\" content=\"pt_BR\" \/>\n<meta property=\"og:type\" content=\"article\" \/>\n<meta property=\"og:title\" content=\"STF d\u00e1 aval para que trabalhador pague sindicato - Notibras\" \/>\n<meta property=\"og:description\" content=\"O Supremo Tribunal Federal (STF) validou nesta segunda-feira (11) a legalidade da contribui\u00e7\u00e3o assistencial para custear o funcionamento de sindicatos. O caso espec\u00edfico julgado pela Corte trata da possibilidade de cobran\u00e7a nos casos de trabalhadores n\u00e3o filiados aos sindicatos e de forma obrigat\u00f3ria por meio de acordo e conven\u00e7\u00e3o coletiva de trabalho. A contribui\u00e7\u00e3o assistencial [&hellip;]\" \/>\n<meta property=\"og:url\" content=\"https:\/\/www.notibras.com\/site\/stf-da-aval-para-que-trabalhador-pague-sindicato\/\" \/>\n<meta property=\"og:site_name\" content=\"Notibras\" \/>\n<meta property=\"article:publisher\" content=\"https:\/\/www.facebook.com\/notibras\/\" \/>\n<meta property=\"article:published_time\" content=\"2023-09-12T03:00:34+00:00\" \/>\n<meta property=\"article:modified_time\" content=\"2023-09-12T11:47:27+00:00\" \/>\n<meta property=\"og:image\" content=\"https:\/\/www.notibras.com\/site\/wp-content\/uploads\/2023\/08\/economia_1609210412_0-11.jpg\" \/>\n\t<meta property=\"og:image:width\" content=\"1170\" \/>\n\t<meta property=\"og:image:height\" content=\"700\" \/>\n\t<meta property=\"og:image:type\" content=\"image\/jpeg\" \/>\n<meta name=\"author\" content=\"Reda\u00e7\u00e3o\" \/>\n<meta name=\"twitter:card\" content=\"summary_large_image\" \/>\n<meta name=\"twitter:creator\" content=\"@Notibras\" \/>\n<meta name=\"twitter:site\" content=\"@Notibras\" \/>\n<meta name=\"twitter:label1\" content=\"Escrito por\" \/>\n\t<meta name=\"twitter:data1\" content=\"Reda\u00e7\u00e3o\" \/>\n\t<meta name=\"twitter:label2\" content=\"Est. tempo de leitura\" \/>\n\t<meta name=\"twitter:data2\" content=\"2 minutos\" \/>\n<script type=\"application\/ld+json\" class=\"yoast-schema-graph\">{\"@context\":\"https:\/\/schema.org\",\"@graph\":[{\"@type\":\"Article\",\"@id\":\"https:\/\/www.notibras.com\/site\/stf-da-aval-para-que-trabalhador-pague-sindicato\/#article\",\"isPartOf\":{\"@id\":\"https:\/\/www.notibras.com\/site\/stf-da-aval-para-que-trabalhador-pague-sindicato\/\"},\"author\":{\"name\":\"Reda\u00e7\u00e3o\",\"@id\":\"https:\/\/www.notibras.com\/site\/#\/schema\/person\/36ab0979449956132d3e5b517ea76ac8\"},\"headline\":\"STF d\u00e1 aval para que trabalhador pague sindicato\",\"datePublished\":\"2023-09-12T03:00:34+00:00\",\"dateModified\":\"2023-09-12T11:47:27+00:00\",\"mainEntityOfPage\":{\"@id\":\"https:\/\/www.notibras.com\/site\/stf-da-aval-para-que-trabalhador-pague-sindicato\/\"},\"wordCount\":244,\"publisher\":{\"@id\":\"https:\/\/www.notibras.com\/site\/#organization\"},\"image\":{\"@id\":\"https:\/\/www.notibras.com\/site\/stf-da-aval-para-que-trabalhador-pague-sindicato\/#primaryimage\"},\"thumbnailUrl\":\"https:\/\/www.notibras.com\/site\/wp-content\/uploads\/2023\/08\/economia_1609210412_0-11.jpg\",\"articleSection\":[\"Quadradinho em Foco\"],\"inLanguage\":\"pt-BR\"},{\"@type\":\"WebPage\",\"@id\":\"https:\/\/www.notibras.com\/site\/stf-da-aval-para-que-trabalhador-pague-sindicato\/\",\"url\":\"https:\/\/www.notibras.com\/site\/stf-da-aval-para-que-trabalhador-pague-sindicato\/\",\"name\":\"STF d\u00e1 aval para que trabalhador pague sindicato - Notibras\",\"isPartOf\":{\"@id\":\"https:\/\/www.notibras.com\/site\/#website\"},\"primaryImageOfPage\":{\"@id\":\"https:\/\/www.notibras.com\/site\/stf-da-aval-para-que-trabalhador-pague-sindicato\/#primaryimage\"},\"image\":{\"@id\":\"https:\/\/www.notibras.com\/site\/stf-da-aval-para-que-trabalhador-pague-sindicato\/#primaryimage\"},\"thumbnailUrl\":\"https:\/\/www.notibras.com\/site\/wp-content\/uploads\/2023\/08\/economia_1609210412_0-11.jpg\",\"datePublished\":\"2023-09-12T03:00:34+00:00\",\"dateModified\":\"2023-09-12T11:47:27+00:00\",\"breadcrumb\":{\"@id\":\"https:\/\/www.notibras.com\/site\/stf-da-aval-para-que-trabalhador-pague-sindicato\/#breadcrumb\"},\"inLanguage\":\"pt-BR\",\"potentialAction\":[{\"@type\":\"ReadAction\",\"target\":[\"https:\/\/www.notibras.com\/site\/stf-da-aval-para-que-trabalhador-pague-sindicato\/\"]}]},{\"@type\":\"ImageObject\",\"inLanguage\":\"pt-BR\",\"@id\":\"https:\/\/www.notibras.com\/site\/stf-da-aval-para-que-trabalhador-pague-sindicato\/#primaryimage\",\"url\":\"https:\/\/www.notibras.com\/site\/wp-content\/uploads\/2023\/08\/economia_1609210412_0-11.jpg\",\"contentUrl\":\"https:\/\/www.notibras.com\/site\/wp-content\/uploads\/2023\/08\/economia_1609210412_0-11.jpg\",\"width\":1170,\"height\":700},{\"@type\":\"BreadcrumbList\",\"@id\":\"https:\/\/www.notibras.com\/site\/stf-da-aval-para-que-trabalhador-pague-sindicato\/#breadcrumb\",\"itemListElement\":[{\"@type\":\"ListItem\",\"position\":1,\"name\":\"In\u00edcio\",\"item\":\"https:\/\/www.notibras.com\/site\/\"},{\"@type\":\"ListItem\",\"position\":2,\"name\":\"STF d\u00e1 aval para que trabalhador pague sindicato\"}]},{\"@type\":\"WebSite\",\"@id\":\"https:\/\/www.notibras.com\/site\/#website\",\"url\":\"https:\/\/www.notibras.com\/site\/\",\"name\":\"Notibras\",\"description\":\"Not\u00edcias de Bras\u00edlia, do Brasil e do Mundo\",\"publisher\":{\"@id\":\"https:\/\/www.notibras.com\/site\/#organization\"},\"potentialAction\":[{\"@type\":\"SearchAction\",\"target\":{\"@type\":\"EntryPoint\",\"urlTemplate\":\"https:\/\/www.notibras.com\/site\/?s={search_term_string}\"},\"query-input\":{\"@type\":\"PropertyValueSpecification\",\"valueRequired\":true,\"valueName\":\"search_term_string\"}}],\"inLanguage\":\"pt-BR\"},{\"@type\":\"Organization\",\"@id\":\"https:\/\/www.notibras.com\/site\/#organization\",\"name\":\"Grupo Notibras de Comunica\u00e7\u00e3o\",\"url\":\"https:\/\/www.notibras.com\/site\/\",\"logo\":{\"@type\":\"ImageObject\",\"inLanguage\":\"pt-BR\",\"@id\":\"https:\/\/www.notibras.com\/site\/#\/schema\/logo\/image\/\",\"url\":\"https:\/\/www.notibras.com\/site\/wp-content\/uploads\/2023\/01\/notibras23.png\",\"contentUrl\":\"https:\/\/www.notibras.com\/site\/wp-content\/uploads\/2023\/01\/notibras23.png\",\"width\":350,\"height\":87,\"caption\":\"Grupo Notibras de Comunica\u00e7\u00e3o\"},\"image\":{\"@id\":\"https:\/\/www.notibras.com\/site\/#\/schema\/logo\/image\/\"},\"sameAs\":[\"https:\/\/www.facebook.com\/notibras\/\",\"https:\/\/x.com\/Notibras\",\"https:\/\/www.instagram.com\/notibras\/\"]},{\"@type\":\"Person\",\"@id\":\"https:\/\/www.notibras.com\/site\/#\/schema\/person\/36ab0979449956132d3e5b517ea76ac8\",\"name\":\"Reda\u00e7\u00e3o\",\"image\":{\"@type\":\"ImageObject\",\"inLanguage\":\"pt-BR\",\"@id\":\"https:\/\/secure.gravatar.com\/avatar\/e0a867bdedb85fd243eadf09663511f96fc81e0720a4a42581f334ad4303aa6b?s=96&d=mm&r=g\",\"url\":\"https:\/\/secure.gravatar.com\/avatar\/e0a867bdedb85fd243eadf09663511f96fc81e0720a4a42581f334ad4303aa6b?s=96&d=mm&r=g\",\"contentUrl\":\"https:\/\/secure.gravatar.com\/avatar\/e0a867bdedb85fd243eadf09663511f96fc81e0720a4a42581f334ad4303aa6b?s=96&d=mm&r=g\",\"caption\":\"Reda\u00e7\u00e3o\"}}]}<\/script>\n<!-- \/ Yoast SEO plugin. -->","yoast_head_json":{"title":"STF d\u00e1 aval para que trabalhador pague sindicato - Notibras","robots":{"index":"index","follow":"follow","max-snippet":"max-snippet:-1","max-image-preview":"max-image-preview:large","max-video-preview":"max-video-preview:-1"},"canonical":"https:\/\/www.notibras.com\/site\/stf-da-aval-para-que-trabalhador-pague-sindicato\/","og_locale":"pt_BR","og_type":"article","og_title":"STF d\u00e1 aval para que trabalhador pague sindicato - Notibras","og_description":"O Supremo Tribunal Federal (STF) validou nesta segunda-feira (11) a legalidade da contribui\u00e7\u00e3o assistencial para custear o funcionamento de sindicatos. O caso espec\u00edfico julgado pela Corte trata da possibilidade de cobran\u00e7a nos casos de trabalhadores n\u00e3o filiados aos sindicatos e de forma obrigat\u00f3ria por meio de acordo e conven\u00e7\u00e3o coletiva de trabalho. A contribui\u00e7\u00e3o assistencial [&hellip;]","og_url":"https:\/\/www.notibras.com\/site\/stf-da-aval-para-que-trabalhador-pague-sindicato\/","og_site_name":"Notibras","article_publisher":"https:\/\/www.facebook.com\/notibras\/","article_published_time":"2023-09-12T03:00:34+00:00","article_modified_time":"2023-09-12T11:47:27+00:00","og_image":[{"width":1170,"height":700,"url":"https:\/\/www.notibras.com\/site\/wp-content\/uploads\/2023\/08\/economia_1609210412_0-11.jpg","type":"image\/jpeg"}],"author":"Reda\u00e7\u00e3o","twitter_card":"summary_large_image","twitter_creator":"@Notibras","twitter_site":"@Notibras","twitter_misc":{"Escrito por":"Reda\u00e7\u00e3o","Est. tempo de leitura":"2 minutos"},"schema":{"@context":"https:\/\/schema.org","@graph":[{"@type":"Article","@id":"https:\/\/www.notibras.com\/site\/stf-da-aval-para-que-trabalhador-pague-sindicato\/#article","isPartOf":{"@id":"https:\/\/www.notibras.com\/site\/stf-da-aval-para-que-trabalhador-pague-sindicato\/"},"author":{"name":"Reda\u00e7\u00e3o","@id":"https:\/\/www.notibras.com\/site\/#\/schema\/person\/36ab0979449956132d3e5b517ea76ac8"},"headline":"STF d\u00e1 aval para que trabalhador pague sindicato","datePublished":"2023-09-12T03:00:34+00:00","dateModified":"2023-09-12T11:47:27+00:00","mainEntityOfPage":{"@id":"https:\/\/www.notibras.com\/site\/stf-da-aval-para-que-trabalhador-pague-sindicato\/"},"wordCount":244,"publisher":{"@id":"https:\/\/www.notibras.com\/site\/#organization"},"image":{"@id":"https:\/\/www.notibras.com\/site\/stf-da-aval-para-que-trabalhador-pague-sindicato\/#primaryimage"},"thumbnailUrl":"https:\/\/www.notibras.com\/site\/wp-content\/uploads\/2023\/08\/economia_1609210412_0-11.jpg","articleSection":["Quadradinho em Foco"],"inLanguage":"pt-BR"},{"@type":"WebPage","@id":"https:\/\/www.notibras.com\/site\/stf-da-aval-para-que-trabalhador-pague-sindicato\/","url":"https:\/\/www.notibras.com\/site\/stf-da-aval-para-que-trabalhador-pague-sindicato\/","name":"STF d\u00e1 aval para que trabalhador pague sindicato - Notibras","isPartOf":{"@id":"https:\/\/www.notibras.com\/site\/#website"},"primaryImageOfPage":{"@id":"https:\/\/www.notibras.com\/site\/stf-da-aval-para-que-trabalhador-pague-sindicato\/#primaryimage"},"image":{"@id":"https:\/\/www.notibras.com\/site\/stf-da-aval-para-que-trabalhador-pague-sindicato\/#primaryimage"},"thumbnailUrl":"https:\/\/www.notibras.com\/site\/wp-content\/uploads\/2023\/08\/economia_1609210412_0-11.jpg","datePublished":"2023-09-12T03:00:34+00:00","dateModified":"2023-09-12T11:47:27+00:00","breadcrumb":{"@id":"https:\/\/www.notibras.com\/site\/stf-da-aval-para-que-trabalhador-pague-sindicato\/#breadcrumb"},"inLanguage":"pt-BR","potentialAction":[{"@type":"ReadAction","target":["https:\/\/www.notibras.com\/site\/stf-da-aval-para-que-trabalhador-pague-sindicato\/"]}]},{"@type":"ImageObject","inLanguage":"pt-BR","@id":"https:\/\/www.notibras.com\/site\/stf-da-aval-para-que-trabalhador-pague-sindicato\/#primaryimage","url":"https:\/\/www.notibras.com\/site\/wp-content\/uploads\/2023\/08\/economia_1609210412_0-11.jpg","contentUrl":"https:\/\/www.notibras.com\/site\/wp-content\/uploads\/2023\/08\/economia_1609210412_0-11.jpg","width":1170,"height":700},{"@type":"BreadcrumbList","@id":"https:\/\/www.notibras.com\/site\/stf-da-aval-para-que-trabalhador-pague-sindicato\/#breadcrumb","itemListElement":[{"@type":"ListItem","position":1,"name":"In\u00edcio","item":"https:\/\/www.notibras.com\/site\/"},{"@type":"ListItem","position":2,"name":"STF d\u00e1 aval para que trabalhador pague sindicato"}]},{"@type":"WebSite","@id":"https:\/\/www.notibras.com\/site\/#website","url":"https:\/\/www.notibras.com\/site\/","name":"Notibras","description":"Not\u00edcias de Bras\u00edlia, do Brasil e do Mundo","publisher":{"@id":"https:\/\/www.notibras.com\/site\/#organization"},"potentialAction":[{"@type":"SearchAction","target":{"@type":"EntryPoint","urlTemplate":"https:\/\/www.notibras.com\/site\/?s={search_term_string}"},"query-input":{"@type":"PropertyValueSpecification","valueRequired":true,"valueName":"search_term_string"}}],"inLanguage":"pt-BR"},{"@type":"Organization","@id":"https:\/\/www.notibras.com\/site\/#organization","name":"Grupo Notibras de Comunica\u00e7\u00e3o","url":"https:\/\/www.notibras.com\/site\/","logo":{"@type":"ImageObject","inLanguage":"pt-BR","@id":"https:\/\/www.notibras.com\/site\/#\/schema\/logo\/image\/","url":"https:\/\/www.notibras.com\/site\/wp-content\/uploads\/2023\/01\/notibras23.png","contentUrl":"https:\/\/www.notibras.com\/site\/wp-content\/uploads\/2023\/01\/notibras23.png","width":350,"height":87,"caption":"Grupo Notibras de Comunica\u00e7\u00e3o"},"image":{"@id":"https:\/\/www.notibras.com\/site\/#\/schema\/logo\/image\/"},"sameAs":["https:\/\/www.facebook.com\/notibras\/","https:\/\/x.com\/Notibras","https:\/\/www.instagram.com\/notibras\/"]},{"@type":"Person","@id":"https:\/\/www.notibras.com\/site\/#\/schema\/person\/36ab0979449956132d3e5b517ea76ac8","name":"Reda\u00e7\u00e3o","image":{"@type":"ImageObject","inLanguage":"pt-BR","@id":"https:\/\/secure.gravatar.com\/avatar\/e0a867bdedb85fd243eadf09663511f96fc81e0720a4a42581f334ad4303aa6b?s=96&d=mm&r=g","url":"https:\/\/secure.gravatar.com\/avatar\/e0a867bdedb85fd243eadf09663511f96fc81e0720a4a42581f334ad4303aa6b?s=96&d=mm&r=g","contentUrl":"https:\/\/secure.gravatar.com\/avatar\/e0a867bdedb85fd243eadf09663511f96fc81e0720a4a42581f334ad4303aa6b?s=96&d=mm&r=g","caption":"Reda\u00e7\u00e3o"}}]}},"amp_enabled":true,"_links":{"self":[{"href":"https:\/\/www.notibras.com\/site\/wp-json\/wp\/v2\/posts\/312733","targetHints":{"allow":["GET"]}}],"collection":[{"href":"https:\/\/www.notibras.com\/site\/wp-json\/wp\/v2\/posts"}],"about":[{"href":"https:\/\/www.notibras.com\/site\/wp-json\/wp\/v2\/types\/post"}],"author":[{"embeddable":true,"href":"https:\/\/www.notibras.com\/site\/wp-json\/wp\/v2\/users\/2"}],"replies":[{"embeddable":true,"href":"https:\/\/www.notibras.com\/site\/wp-json\/wp\/v2\/comments?post=312733"}],"version-history":[{"count":1,"href":"https:\/\/www.notibras.com\/site\/wp-json\/wp\/v2\/posts\/312733\/revisions"}],"predecessor-version":[{"id":312734,"href":"https:\/\/www.notibras.com\/site\/wp-json\/wp\/v2\/posts\/312733\/revisions\/312734"}],"wp:featuredmedia":[{"embeddable":true,"href":"https:\/\/www.notibras.com\/site\/wp-json\/wp\/v2\/media\/311021"}],"wp:attachment":[{"href":"https:\/\/www.notibras.com\/site\/wp-json\/wp\/v2\/media?parent=312733"}],"wp:term":[{"taxonomy":"category","embeddable":true,"href":"https:\/\/www.notibras.com\/site\/wp-json\/wp\/v2\/categories?post=312733"},{"taxonomy":"post_tag","embeddable":true,"href":"https:\/\/www.notibras.com\/site\/wp-json\/wp\/v2\/tags?post=312733"}],"curies":[{"name":"wp","href":"https:\/\/api.w.org\/{rel}","templated":true}]}}