{"id":312747,"date":"2023-09-12T00:00:23","date_gmt":"2023-09-12T03:00:23","guid":{"rendered":"https:\/\/www.notibras.com\/site\/?p=312747"},"modified":"2023-09-12T09:38:18","modified_gmt":"2023-09-12T12:38:18","slug":"governo-quer-evitar-licenca-ambiental-de-longo-prazo","status":"publish","type":"post","link":"https:\/\/www.notibras.com\/site\/governo-quer-evitar-licenca-ambiental-de-longo-prazo\/","title":{"rendered":"Governo quer evitar licen\u00e7a ambiental de longo prazo"},"content":{"rendered":"<p>A ministra do Meio Ambiente e Mudan\u00e7a do Clima (MMA), Marina Silva, disse, nesta segunda-feira (11), que as licen\u00e7as ambientais no Matopiba s\u00e3o, muitas vezes, usadas para especula\u00e7\u00e3o de venda das terras. A regi\u00e3o \u00e9 formada por \u00e1reas de Cerrado dos estados do Maranh\u00e3o, Tocantins, Piau\u00ed e Bahia e grande produtora de gr\u00e3os, como soja e milho.<\/p>\n<p>\u201cForam identificadas, no passado, as licen\u00e7as dadas com um per\u00edodo muito estendido, de tr\u00eas at\u00e9 quatro anos. Essas licen\u00e7as n\u00e3o eram imediatamente usadas, mas estavam sendo usadas para especula\u00e7\u00e3o de venda dessas terras. Quando voc\u00ea tem uma \u00e1rea com uma licen\u00e7a j\u00e1 concedida, eleva muito o valor daquela propriedade, ent\u00e3o, eram licen\u00e7as especulativas.\u201d<\/p>\n<p>Diante do uso das licen\u00e7as de forma especulativa, Marina Silva informou que a pasta avalia o prazo das licen\u00e7as concedidas.<\/p>\n<p>\u201cEstamos trabalhando um caminho para evitar essas licen\u00e7as [ambientais] por um per\u00edodo muito longo. E o esfor\u00e7o de disputar outros usos para essas \u00e1reas, que n\u00e3o seja o de converter o Cerrado com atividades que fa\u00e7am a sua remo\u00e7\u00e3o\u201d, diz a ministra.<\/p>\n<p>Marina Silva destacou ainda que a Secretaria Extraordin\u00e1ria de Controle do Desmatamento e Ordenamento Ambiental Territorial do MMA, em conjunto com o Instituto Chico Mendes de Conserva\u00e7\u00e3o da Biodiversidade (ICMBio), tem dialogado com os secret\u00e1rios de meio ambiente estaduais e municipais, da regi\u00e3o. \u201cEles j\u00e1 est\u00e3o nos passando todas as informa\u00e7\u00f5es do que \u00e9 desmatamento legal e do que \u00e9 ilegal\u201d, adiantou a ministra.<\/p>\n<p>A declara\u00e7\u00e3o da ministra Marina Silva foi dada durante a celebra\u00e7\u00e3o do Dia Nacional do Cerrado, comemorado no Parque Nacional de Bras\u00edlia.<\/p>\n<p>Na ocasi\u00e3o, a ministra Marina Silva plantou uma muda de ip\u00ea na unidade de conserva\u00e7\u00e3o, juntamente com o presidente do Instituto Chico Mendes de Conserva\u00e7\u00e3o da Biodiversidade (ICMBio), Mauro Pires, e com a secret\u00e1ria Nacional de Biodiversidade, Florestas e Direitos Animais do MMA, Rita de C\u00e1ssia Mesquita.<\/p>\n<p>\u201cTodos os biomas s\u00e3o importantes e, n\u00f3s sabemos disso. Mas, sem o Cerrado n\u00f3s vamos perder a principal fonte de alimenta\u00e7\u00e3o h\u00eddrica do nosso pa\u00eds\u201d, declarou a ministra Marina Silva.<\/p>\n<p><strong>Redu\u00e7\u00e3o do desmatamento<\/strong><br \/>\nA ministra recordou que o governo tem trabalhado, desde janeiro deste ano, para reduzir os n\u00edveis de desmatamento do bioma, que v\u00eam aumentando, impactado, sobretudo, pelo agroneg\u00f3cio. \u201cN\u00f3s tivemos um crescimento no in\u00edcio do ano. A partir de julho e agosto, n\u00f3s notamos uma diferen\u00e7a. Tivemos em julho, um aumento muito significativo e, em seguida, uma s\u00e9rie de medidas foram tomadas junto com os governos dos estados, as secretarias de meio ambiente e j\u00e1 conseguimos dar uma estabilizada. A partir de agora \u00e9 fazer [o desmatamento] cair tamb\u00e9m [no cerrado], como j\u00e1 aconteceu na mata atl\u00e2ntica e na Amaz\u00f4nia,\u201d planeja a ministra Marina Silva.<\/p>\n<p>Marina Silva defendeu o uso sustent\u00e1vel do Cerrado, a partir do aumento da produtividade do agroneg\u00f3cio sem a necessidade de explora\u00e7\u00e3o de novas \u00e1reas do bioma, como forma de frear o desmatamento e degrada\u00e7\u00e3o.<\/p>\n<p>\u201cO que n\u00f3s podemos fazer \u00e9 aumentar a produ\u00e7\u00e3o, por ganho de produtividade. O bom \u00e9 que n\u00f3s j\u00e1 temos tecnologia suficiente para dobrar a produ\u00e7\u00e3o e at\u00e9 triplicar, sem precisar abrir novas \u00e1reas.\u201d<\/p>\n<p><strong>Dia do Cerrado<\/strong><br \/>\nComo parte da comemora\u00e7\u00e3o do Dia Nacional do Cerrado, o MMA planeja lan\u00e7ar, nesta quarta-feira (13), na C\u00e2mara dos Deputados, a consulta p\u00fablica do Plano de A\u00e7\u00e3o para Preven\u00e7\u00e3o e Controle do Desmatamento e das Queimadas no Bioma Cerrado, o PP Cerrado. Ap\u00f3s a avalia\u00e7\u00e3o do MMA sobre as sugest\u00f5es apresentadas na consulta p\u00fablica, o minist\u00e9rio prev\u00ea o lan\u00e7amento do PP Cerrado, ainda, em outubro.<\/p>\n<p>O cerrado \u00e9 um dos seis biomas do Brasil e cobre cerca de 25% do territ\u00f3rio nacional. O bioma perfaz uma \u00e1rea de aproximadamente 2 milh\u00f5es de km\u00b2, em 11 estados: Goi\u00e1s, Tocantins, Mato Grosso do Sul, sul do Mato Grosso, oeste de Minas Gerais, Distrito Federal, oeste da Bahia, sul do Maranh\u00e3o, oeste do Piau\u00ed e pequenas por\u00e7\u00f5es de S\u00e3o Paulo e do Paran\u00e1.<\/p>\n<p>O cerrado \u00e9 a segunda maior forma\u00e7\u00e3o vegetal do pa\u00eds, atr\u00e1s somente da floresta amaz\u00f4nica. Hoje, 7,5% das terras do bioma est\u00e3o protegidas em unidades de conserva\u00e7\u00e3o coordenadas pelo ICMBio, por\u00e9m, o \u00f3rg\u00e3o estuda ampliar essa cobertura de prote\u00e7\u00e3o em todos os biomas, inclusive o cerrado.<\/p>\n<p>O cerrado se concentra, principalmente, no Planalto Central brasileiro, o bioma \u00e9 importante na quest\u00e3o h\u00eddrica brasileira.<\/p>\n<p>A \u00e1rea abriga, tamb\u00e9m, as nascentes de grandes bacias hidrogr\u00e1ficas do continente, com as dos rios S\u00e3o Francisco, na Serra da Canastra (MG); e Araguaia, na Serra de Caiap\u00f3, na divisa do Mato Grosso e Goi\u00e1s.<\/p>\n<p>A secret\u00e1ria Nacional de Biodiversidade, Florestas e Direitos Animais do MMA, Rita Mesquita, defendeu a preserva\u00e7\u00e3o do bioma. \u201cO cerrado tem importantes reposit\u00f3rios da biodiversidade e, tamb\u00e9m, s\u00e3o o que chamamos de ber\u00e7os das \u00e1guas. \u00c9 importante ter essas \u00e1reas protegidas e ter a conex\u00e3o com a sociedade, com os usu\u00e1rios para que todos compreendam a import\u00e2ncia da conserva\u00e7\u00e3o da natureza para o nosso pr\u00f3prio bem-estar\u201d, afirmou Rita.<\/p>\n<p><strong>Plano de Manejo<\/strong><br \/>\nAinda como celebra\u00e7\u00e3o do cerrado, o ICMBio aprovou, nesta segunda-feira, o novo Plano de Manejo do Parque Nacional de Bras\u00edlia, situado no Distrito Federal, no centro do bioma.<\/p>\n<p>A unidade de conserva\u00e7\u00e3o, apelidada de \u00c1gua Mineral, foi criada em 1961, inicialmente com 30 mil hectares. Em 2006, na primeira gest\u00e3o de Marina Silva como ministra do Meio Ambiente, os limites do parque nacional foram ampliados em 12 mil hectares e, atualmente, ocupa a \u00e1rea total de 42.355 hectares.<\/p>\n<p>Agora, o novo plano de manejo da unidade vai permitir, tamb\u00e9m na \u00e1rea incorporada, al\u00e9m da realiza\u00e7\u00e3o de pesquisas cient\u00edficas, o desenvolvimento de atividades de educa\u00e7\u00e3o ambiental, bem como o turismo ecol\u00f3gico do p\u00fablico em geral, em atra\u00e7\u00f5es como as piscinas de \u00e1guas correntes naturais e as trilhas para pr\u00e1tica de caminhada e de mountain bike.<\/p>\n<p>\u201cCom o novo plano de manejo do parque, n\u00f3s vamos poder ampliar os usos, as bases sustent\u00e1veis. Quando mais a popula\u00e7\u00e3o tiver contato, de forma respeitosa com o parque, mais ele se torna importante para a comunidade e mais ser\u00e1 preservado\u201d, destacou a ministra<\/p>\n<p>O presidente do ICMBio, Mauro Pires, v\u00ea vantagens no contato do p\u00fablico com a natureza. \u201cQuem conhece, conserva\u201d A import\u00e2ncia de o parque estar aberto para receber a visita\u00e7\u00e3o \u00e9 exatamente aproximar a popula\u00e7\u00e3o da regi\u00e3o. O Parque Nacional de Bras\u00edlia est\u00e1 no cora\u00e7\u00e3o da cidade. Portanto, \u00e9 um parque urbano. \u00c9 importante que as pessoas conhe\u00e7am as belezas do cerrado, tenham contato com a natureza, com a paisagem, com as \u00e1rvores, com os animais.\u201d<\/p>\n<p>&#8220;A nossa expectativa \u00e9 que com a educa\u00e7\u00e3o ambiental, as pessoas estejam mais engajadas na conserva\u00e7\u00e3o do pr\u00f3prio parque, mas na verdade, com a conserva\u00e7\u00e3o do pr\u00f3prio bioma\u201d, diz o presidente do ICMBio, Mauro Pires.<\/p>\n<p><strong>Cartilha<\/strong><br \/>\nNo mesmo evento de celebra\u00e7\u00e3o do Dia Nacional do Cerrado, o Instituto Semeia, com a colabora\u00e7\u00e3o do ICMBio, do Banco Nacional de Desenvolvimento Econ\u00f4mico e Social (BNDES) e do Programa de Parcerias de Investimentos (PPI) do Governo Federal, lan\u00e7ou a cartilha \u201cParques naturais e parcerias: perguntas e respostas para a sociedade\u201d.<\/p>\n<p>A publica\u00e7\u00e3o explica o que s\u00e3o os parques naturais, como funciona a gest\u00e3o desses espa\u00e7os, esclarece d\u00favidas sobre as parcerias privadas, principalmente as concess\u00f5es de parques naturais.<\/p>\n<p>No formato de perguntas e respostas para a sociedade, a cartilha ainda apresenta um breve hist\u00f3rico das \u00e1reas protegidas e aponta a import\u00e2ncia de conserv\u00e1-las. A gerente de projetos do Instituto Semeia, B\u00e1rbara Matos, menciona como surgiu a necessidade de produzir o documento. \u201cA gente foi vendo algumas perguntas recorrentes da sociedade e de gestores p\u00fablicos sobre o que \u00e9 a concess\u00e3o. N\u00f3s entendemos ser interessante e pontual fazer um documento que esclarecesse essas perguntas, com uma linguagem de f\u00e1cil acesso ao usu\u00e1rio do parque, ao gestor e a quem mais se interessar na sociedade\u201d.<\/p>\n","protected":false},"excerpt":{"rendered":"<p>A ministra do Meio Ambiente e Mudan\u00e7a do Clima (MMA), Marina Silva, disse, nesta segunda-feira (11), que as licen\u00e7as ambientais no Matopiba s\u00e3o, muitas vezes, usadas para especula\u00e7\u00e3o de venda das terras. A regi\u00e3o \u00e9 formada por \u00e1reas de Cerrado dos estados do Maranh\u00e3o, Tocantins, Piau\u00ed e Bahia e grande produtora de gr\u00e3os, como soja [&hellip;]<\/p>\n","protected":false},"author":2,"featured_media":312748,"comment_status":"closed","ping_status":"closed","sticky":false,"template":"","format":"standard","meta":{"_acf_changed":false,"footnotes":""},"categories":[161],"tags":[],"class_list":["post-312747","post","type-post","status-publish","format-standard","has-post-thumbnail","hentry","category-quadradinho-em-foco"],"acf":[],"yoast_head":"<!-- This site is optimized with the Yoast SEO plugin v27.2 - https:\/\/yoast.com\/product\/yoast-seo-wordpress\/ -->\n<title>Governo quer evitar licen\u00e7a ambiental de longo prazo - Notibras<\/title>\n<meta name=\"robots\" content=\"index, follow, max-snippet:-1, max-image-preview:large, max-video-preview:-1\" \/>\n<link rel=\"canonical\" href=\"https:\/\/www.notibras.com\/site\/governo-quer-evitar-licenca-ambiental-de-longo-prazo\/\" \/>\n<meta property=\"og:locale\" content=\"pt_BR\" \/>\n<meta property=\"og:type\" content=\"article\" \/>\n<meta property=\"og:title\" content=\"Governo quer evitar licen\u00e7a ambiental de longo prazo - Notibras\" \/>\n<meta property=\"og:description\" content=\"A ministra do Meio Ambiente e Mudan\u00e7a do Clima (MMA), Marina Silva, disse, nesta segunda-feira (11), que as licen\u00e7as ambientais no Matopiba s\u00e3o, muitas vezes, usadas para especula\u00e7\u00e3o de venda das terras. A regi\u00e3o \u00e9 formada por \u00e1reas de Cerrado dos estados do Maranh\u00e3o, Tocantins, Piau\u00ed e Bahia e grande produtora de gr\u00e3os, como soja [&hellip;]\" \/>\n<meta property=\"og:url\" content=\"https:\/\/www.notibras.com\/site\/governo-quer-evitar-licenca-ambiental-de-longo-prazo\/\" \/>\n<meta property=\"og:site_name\" content=\"Notibras\" \/>\n<meta property=\"article:publisher\" content=\"https:\/\/www.facebook.com\/notibras\/\" \/>\n<meta property=\"article:published_time\" content=\"2023-09-12T03:00:23+00:00\" \/>\n<meta property=\"article:modified_time\" content=\"2023-09-12T12:38:18+00:00\" \/>\n<meta property=\"og:image\" content=\"https:\/\/www.notibras.com\/site\/wp-content\/uploads\/2023\/09\/img_3116.jpg\" \/>\n\t<meta property=\"og:image:width\" content=\"1170\" \/>\n\t<meta property=\"og:image:height\" content=\"700\" \/>\n\t<meta property=\"og:image:type\" content=\"image\/jpeg\" \/>\n<meta name=\"author\" content=\"Reda\u00e7\u00e3o\" \/>\n<meta name=\"twitter:card\" content=\"summary_large_image\" \/>\n<meta name=\"twitter:creator\" content=\"@Notibras\" \/>\n<meta name=\"twitter:site\" content=\"@Notibras\" \/>\n<meta name=\"twitter:label1\" content=\"Escrito por\" \/>\n\t<meta name=\"twitter:data1\" content=\"Reda\u00e7\u00e3o\" \/>\n\t<meta name=\"twitter:label2\" content=\"Est. tempo de leitura\" \/>\n\t<meta name=\"twitter:data2\" content=\"8 minutos\" \/>\n<script type=\"application\/ld+json\" class=\"yoast-schema-graph\">{\"@context\":\"https:\/\/schema.org\",\"@graph\":[{\"@type\":\"Article\",\"@id\":\"https:\/\/www.notibras.com\/site\/governo-quer-evitar-licenca-ambiental-de-longo-prazo\/#article\",\"isPartOf\":{\"@id\":\"https:\/\/www.notibras.com\/site\/governo-quer-evitar-licenca-ambiental-de-longo-prazo\/\"},\"author\":{\"name\":\"Reda\u00e7\u00e3o\",\"@id\":\"https:\/\/www.notibras.com\/site\/#\/schema\/person\/36ab0979449956132d3e5b517ea76ac8\"},\"headline\":\"Governo quer evitar licen\u00e7a ambiental de longo prazo\",\"datePublished\":\"2023-09-12T03:00:23+00:00\",\"dateModified\":\"2023-09-12T12:38:18+00:00\",\"mainEntityOfPage\":{\"@id\":\"https:\/\/www.notibras.com\/site\/governo-quer-evitar-licenca-ambiental-de-longo-prazo\/\"},\"wordCount\":1414,\"publisher\":{\"@id\":\"https:\/\/www.notibras.com\/site\/#organization\"},\"image\":{\"@id\":\"https:\/\/www.notibras.com\/site\/governo-quer-evitar-licenca-ambiental-de-longo-prazo\/#primaryimage\"},\"thumbnailUrl\":\"https:\/\/www.notibras.com\/site\/wp-content\/uploads\/2023\/09\/img_3116.jpg\",\"articleSection\":[\"Quadradinho em Foco\"],\"inLanguage\":\"pt-BR\"},{\"@type\":\"WebPage\",\"@id\":\"https:\/\/www.notibras.com\/site\/governo-quer-evitar-licenca-ambiental-de-longo-prazo\/\",\"url\":\"https:\/\/www.notibras.com\/site\/governo-quer-evitar-licenca-ambiental-de-longo-prazo\/\",\"name\":\"Governo quer evitar licen\u00e7a ambiental de longo prazo - Notibras\",\"isPartOf\":{\"@id\":\"https:\/\/www.notibras.com\/site\/#website\"},\"primaryImageOfPage\":{\"@id\":\"https:\/\/www.notibras.com\/site\/governo-quer-evitar-licenca-ambiental-de-longo-prazo\/#primaryimage\"},\"image\":{\"@id\":\"https:\/\/www.notibras.com\/site\/governo-quer-evitar-licenca-ambiental-de-longo-prazo\/#primaryimage\"},\"thumbnailUrl\":\"https:\/\/www.notibras.com\/site\/wp-content\/uploads\/2023\/09\/img_3116.jpg\",\"datePublished\":\"2023-09-12T03:00:23+00:00\",\"dateModified\":\"2023-09-12T12:38:18+00:00\",\"breadcrumb\":{\"@id\":\"https:\/\/www.notibras.com\/site\/governo-quer-evitar-licenca-ambiental-de-longo-prazo\/#breadcrumb\"},\"inLanguage\":\"pt-BR\",\"potentialAction\":[{\"@type\":\"ReadAction\",\"target\":[\"https:\/\/www.notibras.com\/site\/governo-quer-evitar-licenca-ambiental-de-longo-prazo\/\"]}]},{\"@type\":\"ImageObject\",\"inLanguage\":\"pt-BR\",\"@id\":\"https:\/\/www.notibras.com\/site\/governo-quer-evitar-licenca-ambiental-de-longo-prazo\/#primaryimage\",\"url\":\"https:\/\/www.notibras.com\/site\/wp-content\/uploads\/2023\/09\/img_3116.jpg\",\"contentUrl\":\"https:\/\/www.notibras.com\/site\/wp-content\/uploads\/2023\/09\/img_3116.jpg\",\"width\":1170,\"height\":700,\"caption\":\"Bras\u00edlia (DF), 11\/09\/2023, A ministra do Meio Ambiente e Mudan\u00e7a do Clima, Marina Silva, e o presidente do ICMBio, Mauro Pires, plantam \u00e1rvore, durante assinatura do Plano de Manejo do Parque Nacional de Bras\u00edlia. Foto: Ant\u00f4nio Cruz\/Ag\u00eancia Brasil\"},{\"@type\":\"BreadcrumbList\",\"@id\":\"https:\/\/www.notibras.com\/site\/governo-quer-evitar-licenca-ambiental-de-longo-prazo\/#breadcrumb\",\"itemListElement\":[{\"@type\":\"ListItem\",\"position\":1,\"name\":\"In\u00edcio\",\"item\":\"https:\/\/www.notibras.com\/site\/\"},{\"@type\":\"ListItem\",\"position\":2,\"name\":\"Governo quer evitar licen\u00e7a ambiental de longo prazo\"}]},{\"@type\":\"WebSite\",\"@id\":\"https:\/\/www.notibras.com\/site\/#website\",\"url\":\"https:\/\/www.notibras.com\/site\/\",\"name\":\"Notibras\",\"description\":\"Not\u00edcias de Bras\u00edlia, do Brasil e do Mundo\",\"publisher\":{\"@id\":\"https:\/\/www.notibras.com\/site\/#organization\"},\"potentialAction\":[{\"@type\":\"SearchAction\",\"target\":{\"@type\":\"EntryPoint\",\"urlTemplate\":\"https:\/\/www.notibras.com\/site\/?s={search_term_string}\"},\"query-input\":{\"@type\":\"PropertyValueSpecification\",\"valueRequired\":true,\"valueName\":\"search_term_string\"}}],\"inLanguage\":\"pt-BR\"},{\"@type\":\"Organization\",\"@id\":\"https:\/\/www.notibras.com\/site\/#organization\",\"name\":\"Grupo Notibras de Comunica\u00e7\u00e3o\",\"url\":\"https:\/\/www.notibras.com\/site\/\",\"logo\":{\"@type\":\"ImageObject\",\"inLanguage\":\"pt-BR\",\"@id\":\"https:\/\/www.notibras.com\/site\/#\/schema\/logo\/image\/\",\"url\":\"https:\/\/www.notibras.com\/site\/wp-content\/uploads\/2023\/01\/notibras23.png\",\"contentUrl\":\"https:\/\/www.notibras.com\/site\/wp-content\/uploads\/2023\/01\/notibras23.png\",\"width\":350,\"height\":87,\"caption\":\"Grupo Notibras de Comunica\u00e7\u00e3o\"},\"image\":{\"@id\":\"https:\/\/www.notibras.com\/site\/#\/schema\/logo\/image\/\"},\"sameAs\":[\"https:\/\/www.facebook.com\/notibras\/\",\"https:\/\/x.com\/Notibras\",\"https:\/\/www.instagram.com\/notibras\/\"]},{\"@type\":\"Person\",\"@id\":\"https:\/\/www.notibras.com\/site\/#\/schema\/person\/36ab0979449956132d3e5b517ea76ac8\",\"name\":\"Reda\u00e7\u00e3o\",\"image\":{\"@type\":\"ImageObject\",\"inLanguage\":\"pt-BR\",\"@id\":\"https:\/\/secure.gravatar.com\/avatar\/e0a867bdedb85fd243eadf09663511f96fc81e0720a4a42581f334ad4303aa6b?s=96&d=mm&r=g\",\"url\":\"https:\/\/secure.gravatar.com\/avatar\/e0a867bdedb85fd243eadf09663511f96fc81e0720a4a42581f334ad4303aa6b?s=96&d=mm&r=g\",\"contentUrl\":\"https:\/\/secure.gravatar.com\/avatar\/e0a867bdedb85fd243eadf09663511f96fc81e0720a4a42581f334ad4303aa6b?s=96&d=mm&r=g\",\"caption\":\"Reda\u00e7\u00e3o\"}}]}<\/script>\n<!-- \/ Yoast SEO plugin. -->","yoast_head_json":{"title":"Governo quer evitar licen\u00e7a ambiental de longo prazo - Notibras","robots":{"index":"index","follow":"follow","max-snippet":"max-snippet:-1","max-image-preview":"max-image-preview:large","max-video-preview":"max-video-preview:-1"},"canonical":"https:\/\/www.notibras.com\/site\/governo-quer-evitar-licenca-ambiental-de-longo-prazo\/","og_locale":"pt_BR","og_type":"article","og_title":"Governo quer evitar licen\u00e7a ambiental de longo prazo - Notibras","og_description":"A ministra do Meio Ambiente e Mudan\u00e7a do Clima (MMA), Marina Silva, disse, nesta segunda-feira (11), que as licen\u00e7as ambientais no Matopiba s\u00e3o, muitas vezes, usadas para especula\u00e7\u00e3o de venda das terras. A regi\u00e3o \u00e9 formada por \u00e1reas de Cerrado dos estados do Maranh\u00e3o, Tocantins, Piau\u00ed e Bahia e grande produtora de gr\u00e3os, como soja [&hellip;]","og_url":"https:\/\/www.notibras.com\/site\/governo-quer-evitar-licenca-ambiental-de-longo-prazo\/","og_site_name":"Notibras","article_publisher":"https:\/\/www.facebook.com\/notibras\/","article_published_time":"2023-09-12T03:00:23+00:00","article_modified_time":"2023-09-12T12:38:18+00:00","og_image":[{"width":1170,"height":700,"url":"https:\/\/www.notibras.com\/site\/wp-content\/uploads\/2023\/09\/img_3116.jpg","type":"image\/jpeg"}],"author":"Reda\u00e7\u00e3o","twitter_card":"summary_large_image","twitter_creator":"@Notibras","twitter_site":"@Notibras","twitter_misc":{"Escrito por":"Reda\u00e7\u00e3o","Est. tempo de leitura":"8 minutos"},"schema":{"@context":"https:\/\/schema.org","@graph":[{"@type":"Article","@id":"https:\/\/www.notibras.com\/site\/governo-quer-evitar-licenca-ambiental-de-longo-prazo\/#article","isPartOf":{"@id":"https:\/\/www.notibras.com\/site\/governo-quer-evitar-licenca-ambiental-de-longo-prazo\/"},"author":{"name":"Reda\u00e7\u00e3o","@id":"https:\/\/www.notibras.com\/site\/#\/schema\/person\/36ab0979449956132d3e5b517ea76ac8"},"headline":"Governo quer evitar licen\u00e7a ambiental de longo prazo","datePublished":"2023-09-12T03:00:23+00:00","dateModified":"2023-09-12T12:38:18+00:00","mainEntityOfPage":{"@id":"https:\/\/www.notibras.com\/site\/governo-quer-evitar-licenca-ambiental-de-longo-prazo\/"},"wordCount":1414,"publisher":{"@id":"https:\/\/www.notibras.com\/site\/#organization"},"image":{"@id":"https:\/\/www.notibras.com\/site\/governo-quer-evitar-licenca-ambiental-de-longo-prazo\/#primaryimage"},"thumbnailUrl":"https:\/\/www.notibras.com\/site\/wp-content\/uploads\/2023\/09\/img_3116.jpg","articleSection":["Quadradinho em Foco"],"inLanguage":"pt-BR"},{"@type":"WebPage","@id":"https:\/\/www.notibras.com\/site\/governo-quer-evitar-licenca-ambiental-de-longo-prazo\/","url":"https:\/\/www.notibras.com\/site\/governo-quer-evitar-licenca-ambiental-de-longo-prazo\/","name":"Governo quer evitar licen\u00e7a ambiental de longo prazo - Notibras","isPartOf":{"@id":"https:\/\/www.notibras.com\/site\/#website"},"primaryImageOfPage":{"@id":"https:\/\/www.notibras.com\/site\/governo-quer-evitar-licenca-ambiental-de-longo-prazo\/#primaryimage"},"image":{"@id":"https:\/\/www.notibras.com\/site\/governo-quer-evitar-licenca-ambiental-de-longo-prazo\/#primaryimage"},"thumbnailUrl":"https:\/\/www.notibras.com\/site\/wp-content\/uploads\/2023\/09\/img_3116.jpg","datePublished":"2023-09-12T03:00:23+00:00","dateModified":"2023-09-12T12:38:18+00:00","breadcrumb":{"@id":"https:\/\/www.notibras.com\/site\/governo-quer-evitar-licenca-ambiental-de-longo-prazo\/#breadcrumb"},"inLanguage":"pt-BR","potentialAction":[{"@type":"ReadAction","target":["https:\/\/www.notibras.com\/site\/governo-quer-evitar-licenca-ambiental-de-longo-prazo\/"]}]},{"@type":"ImageObject","inLanguage":"pt-BR","@id":"https:\/\/www.notibras.com\/site\/governo-quer-evitar-licenca-ambiental-de-longo-prazo\/#primaryimage","url":"https:\/\/www.notibras.com\/site\/wp-content\/uploads\/2023\/09\/img_3116.jpg","contentUrl":"https:\/\/www.notibras.com\/site\/wp-content\/uploads\/2023\/09\/img_3116.jpg","width":1170,"height":700,"caption":"Bras\u00edlia (DF), 11\/09\/2023, A ministra do Meio Ambiente e Mudan\u00e7a do Clima, Marina Silva, e o presidente do ICMBio, Mauro Pires, plantam \u00e1rvore, durante assinatura do Plano de Manejo do Parque Nacional de Bras\u00edlia. Foto: Ant\u00f4nio Cruz\/Ag\u00eancia Brasil"},{"@type":"BreadcrumbList","@id":"https:\/\/www.notibras.com\/site\/governo-quer-evitar-licenca-ambiental-de-longo-prazo\/#breadcrumb","itemListElement":[{"@type":"ListItem","position":1,"name":"In\u00edcio","item":"https:\/\/www.notibras.com\/site\/"},{"@type":"ListItem","position":2,"name":"Governo quer evitar licen\u00e7a ambiental de longo prazo"}]},{"@type":"WebSite","@id":"https:\/\/www.notibras.com\/site\/#website","url":"https:\/\/www.notibras.com\/site\/","name":"Notibras","description":"Not\u00edcias de Bras\u00edlia, do Brasil e do Mundo","publisher":{"@id":"https:\/\/www.notibras.com\/site\/#organization"},"potentialAction":[{"@type":"SearchAction","target":{"@type":"EntryPoint","urlTemplate":"https:\/\/www.notibras.com\/site\/?s={search_term_string}"},"query-input":{"@type":"PropertyValueSpecification","valueRequired":true,"valueName":"search_term_string"}}],"inLanguage":"pt-BR"},{"@type":"Organization","@id":"https:\/\/www.notibras.com\/site\/#organization","name":"Grupo Notibras de Comunica\u00e7\u00e3o","url":"https:\/\/www.notibras.com\/site\/","logo":{"@type":"ImageObject","inLanguage":"pt-BR","@id":"https:\/\/www.notibras.com\/site\/#\/schema\/logo\/image\/","url":"https:\/\/www.notibras.com\/site\/wp-content\/uploads\/2023\/01\/notibras23.png","contentUrl":"https:\/\/www.notibras.com\/site\/wp-content\/uploads\/2023\/01\/notibras23.png","width":350,"height":87,"caption":"Grupo Notibras de Comunica\u00e7\u00e3o"},"image":{"@id":"https:\/\/www.notibras.com\/site\/#\/schema\/logo\/image\/"},"sameAs":["https:\/\/www.facebook.com\/notibras\/","https:\/\/x.com\/Notibras","https:\/\/www.instagram.com\/notibras\/"]},{"@type":"Person","@id":"https:\/\/www.notibras.com\/site\/#\/schema\/person\/36ab0979449956132d3e5b517ea76ac8","name":"Reda\u00e7\u00e3o","image":{"@type":"ImageObject","inLanguage":"pt-BR","@id":"https:\/\/secure.gravatar.com\/avatar\/e0a867bdedb85fd243eadf09663511f96fc81e0720a4a42581f334ad4303aa6b?s=96&d=mm&r=g","url":"https:\/\/secure.gravatar.com\/avatar\/e0a867bdedb85fd243eadf09663511f96fc81e0720a4a42581f334ad4303aa6b?s=96&d=mm&r=g","contentUrl":"https:\/\/secure.gravatar.com\/avatar\/e0a867bdedb85fd243eadf09663511f96fc81e0720a4a42581f334ad4303aa6b?s=96&d=mm&r=g","caption":"Reda\u00e7\u00e3o"}}]}},"amp_enabled":true,"_links":{"self":[{"href":"https:\/\/www.notibras.com\/site\/wp-json\/wp\/v2\/posts\/312747","targetHints":{"allow":["GET"]}}],"collection":[{"href":"https:\/\/www.notibras.com\/site\/wp-json\/wp\/v2\/posts"}],"about":[{"href":"https:\/\/www.notibras.com\/site\/wp-json\/wp\/v2\/types\/post"}],"author":[{"embeddable":true,"href":"https:\/\/www.notibras.com\/site\/wp-json\/wp\/v2\/users\/2"}],"replies":[{"embeddable":true,"href":"https:\/\/www.notibras.com\/site\/wp-json\/wp\/v2\/comments?post=312747"}],"version-history":[{"count":1,"href":"https:\/\/www.notibras.com\/site\/wp-json\/wp\/v2\/posts\/312747\/revisions"}],"predecessor-version":[{"id":312749,"href":"https:\/\/www.notibras.com\/site\/wp-json\/wp\/v2\/posts\/312747\/revisions\/312749"}],"wp:featuredmedia":[{"embeddable":true,"href":"https:\/\/www.notibras.com\/site\/wp-json\/wp\/v2\/media\/312748"}],"wp:attachment":[{"href":"https:\/\/www.notibras.com\/site\/wp-json\/wp\/v2\/media?parent=312747"}],"wp:term":[{"taxonomy":"category","embeddable":true,"href":"https:\/\/www.notibras.com\/site\/wp-json\/wp\/v2\/categories?post=312747"},{"taxonomy":"post_tag","embeddable":true,"href":"https:\/\/www.notibras.com\/site\/wp-json\/wp\/v2\/tags?post=312747"}],"curies":[{"name":"wp","href":"https:\/\/api.w.org\/{rel}","templated":true}]}}