{"id":31275,"date":"2014-12-15T23:17:29","date_gmt":"2014-12-16T02:17:29","guid":{"rendered":"http:\/\/www.notibras.com\/site\/?p=31275"},"modified":"2014-12-16T10:50:08","modified_gmt":"2014-12-16T13:50:08","slug":"camara-discute-projeto-e-salario-de-parlamentar-e-ministro-deve-chegar-a-36-mil","status":"publish","type":"post","link":"https:\/\/www.notibras.com\/site\/camara-discute-projeto-e-salario-de-parlamentar-e-ministro-deve-chegar-a-36-mil\/","title":{"rendered":"C\u00e2mara v\u00ea projeto que d\u00e1 a parlamentar sal\u00e1rio de 36 mil"},"content":{"rendered":"<div class=\"content\">\n<p>A C\u00e2mara dos Deputados dever\u00e1 aprovar nesta ter\u00e7a-feira 16 projeto de decreto legislativo reajustando os sal\u00e1rios de parlamentares, ministros, presidente e vice-presidente da Rep\u00fablica para R$ 33,7 mil ou R$ 35,9 mil por m\u00eas, a partir de 1\u00ba de fevereiro do ano que vem. Na semana passada, o presidente da C\u00e2mara,Henrique Eduardo Alves (PMDB-RN), firmou entendimento com o chefe da Casa Civil da Presid\u00eancia da Rep\u00fablica, Aloizio Mercadante, de que o reajuste deveria ser a reposi\u00e7\u00e3o do \u00cdndice de Pre\u00e7os ao Consumidor Amplo (IPCA) dos \u00faltimos quatro anos.<\/p>\n<p>Pelo acerto entre Henrique Alves e Mercadante, deputados, senadores, ministros, vice-presidente e presidente da Rep\u00fablica passariam a ter vencimentos de R$ 33,7 mil. O aumento teria como base a reposi\u00e7\u00e3o dos 26% do IPCA acumulado nos \u00faltimos quatro anos. No entanto, a proposta n\u00e3o \u00e9 consensual no Senado, nem na C\u00e2mara. Muitos parlamentares defendem reajuste igual ao proposto pelo Supremo Tribunal Federal (STF) para os ministros da Corte, que resultaria em sal\u00e1rio de R$ 35,9 mil.<\/p>\n<blockquote><p>Os projetos que reajustam os sal\u00e1rios do Judici\u00e1rio e do Minist\u00e9rio P\u00fablico da Uni\u00e3o (MPU) j\u00e1 foram aprovados em comiss\u00e3o da C\u00e2mara e dependem agora de aprova\u00e7\u00e3o no plen\u00e1rio da Casa. Se os projetos de reajuste do Legislativo, do Executivo, do Judici\u00e1rio e do MPU forem aprovados amanh\u00e3 pela C\u00e2mara, dever\u00e3o ser votados quarta-feira (17) no Senado. A Constitui\u00e7\u00e3o estabelece que o reajuste dos sal\u00e1rios dos parlamentares seja aprovado no final da legislatura para valer na legislatura seguinte.<\/p><\/blockquote>\n<p>Antes da vota\u00e7\u00e3o do projeto de decreto legislativo, o presidente da C\u00e2mara dever\u00e1 continuar com as negocia\u00e7\u00f5es para defini\u00e7\u00e3o do reajuste. Firmado o acordo do percentual, o texto ser\u00e1 elaborado pela Mesa Diretora da C\u00e2mara e levado \u00e0 vota\u00e7\u00e3o no plen\u00e1rio da Casa. Atualmente, deputados, senadores, ministros do Poder Executivo, vice-presidente e presidente da Rep\u00fablica recebem mensalmente R$ 26,7 mil e os ministros do STF e o procurador-geral da Rep\u00fablica, 29,4 mil.<\/p>\n<header>\n<div class=\"node-info\"><strong>Iolando Louren\u00e7o, ABr<\/strong><\/div>\n<\/header>\n<\/div>\n","protected":false},"excerpt":{"rendered":"<p>A C\u00e2mara dos Deputados dever\u00e1 aprovar nesta ter\u00e7a-feira 16 projeto de decreto legislativo reajustando os sal\u00e1rios de parlamentares, ministros, presidente e vice-presidente da Rep\u00fablica para R$ 33,7 mil ou R$ 35,9 mil por m\u00eas, a partir de 1\u00ba de fevereiro do ano que vem. Na semana passada, o presidente da C\u00e2mara,Henrique Eduardo Alves (PMDB-RN), firmou [&hellip;]<\/p>\n","protected":false},"author":2,"featured_media":31276,"comment_status":"open","ping_status":"closed","sticky":false,"template":"","format":"standard","meta":{"_acf_changed":false,"footnotes":""},"categories":[16],"tags":[],"class_list":["post-31275","post","type-post","status-publish","format-standard","has-post-thumbnail","hentry","category-brasil"],"acf":[],"yoast_head":"<!-- This site is optimized with the Yoast SEO plugin v27.2 - https:\/\/yoast.com\/product\/yoast-seo-wordpress\/ -->\n<title>C\u00e2mara v\u00ea projeto que d\u00e1 a parlamentar sal\u00e1rio de 36 mil - Notibras<\/title>\n<meta name=\"robots\" content=\"index, follow, max-snippet:-1, max-image-preview:large, max-video-preview:-1\" \/>\n<link rel=\"canonical\" href=\"https:\/\/www.notibras.com\/site\/camara-discute-projeto-e-salario-de-parlamentar-e-ministro-deve-chegar-a-36-mil\/\" \/>\n<meta property=\"og:locale\" content=\"pt_BR\" \/>\n<meta property=\"og:type\" content=\"article\" \/>\n<meta property=\"og:title\" content=\"C\u00e2mara v\u00ea projeto que d\u00e1 a parlamentar sal\u00e1rio de 36 mil - Notibras\" \/>\n<meta property=\"og:description\" content=\"A C\u00e2mara dos Deputados dever\u00e1 aprovar nesta ter\u00e7a-feira 16 projeto de decreto legislativo reajustando os sal\u00e1rios de parlamentares, ministros, presidente e vice-presidente da Rep\u00fablica para R$ 33,7 mil ou R$ 35,9 mil por m\u00eas, a partir de 1\u00ba de fevereiro do ano que vem. Na semana passada, o presidente da C\u00e2mara,Henrique Eduardo Alves (PMDB-RN), firmou [&hellip;]\" \/>\n<meta property=\"og:url\" content=\"https:\/\/www.notibras.com\/site\/camara-discute-projeto-e-salario-de-parlamentar-e-ministro-deve-chegar-a-36-mil\/\" \/>\n<meta property=\"og:site_name\" content=\"Notibras\" \/>\n<meta property=\"article:publisher\" content=\"https:\/\/www.facebook.com\/notibras\/\" \/>\n<meta property=\"article:published_time\" content=\"2014-12-16T02:17:29+00:00\" \/>\n<meta property=\"article:modified_time\" content=\"2014-12-16T13:50:08+00:00\" \/>\n<meta property=\"og:image\" content=\"https:\/\/www.notibras.com\/site\/wp-content\/uploads\/2014\/12\/dinheiro-no-bolso.jpg\" \/>\n\t<meta property=\"og:image:width\" content=\"760\" \/>\n\t<meta property=\"og:image:height\" content=\"506\" \/>\n\t<meta property=\"og:image:type\" content=\"image\/jpeg\" \/>\n<meta name=\"author\" content=\"Reda\u00e7\u00e3o\" \/>\n<meta name=\"twitter:card\" content=\"summary_large_image\" \/>\n<meta name=\"twitter:creator\" content=\"@Notibras\" \/>\n<meta name=\"twitter:site\" content=\"@Notibras\" \/>\n<meta name=\"twitter:label1\" content=\"Escrito por\" \/>\n\t<meta name=\"twitter:data1\" content=\"Reda\u00e7\u00e3o\" \/>\n\t<meta name=\"twitter:label2\" content=\"Est. tempo de leitura\" \/>\n\t<meta name=\"twitter:data2\" content=\"2 minutos\" \/>\n<script type=\"application\/ld+json\" class=\"yoast-schema-graph\">{\"@context\":\"https:\/\/schema.org\",\"@graph\":[{\"@type\":\"Article\",\"@id\":\"https:\/\/www.notibras.com\/site\/camara-discute-projeto-e-salario-de-parlamentar-e-ministro-deve-chegar-a-36-mil\/#article\",\"isPartOf\":{\"@id\":\"https:\/\/www.notibras.com\/site\/camara-discute-projeto-e-salario-de-parlamentar-e-ministro-deve-chegar-a-36-mil\/\"},\"author\":{\"name\":\"Reda\u00e7\u00e3o\",\"@id\":\"https:\/\/www.notibras.com\/site\/#\/schema\/person\/36ab0979449956132d3e5b517ea76ac8\"},\"headline\":\"C\u00e2mara v\u00ea projeto que d\u00e1 a parlamentar sal\u00e1rio de 36 mil\",\"datePublished\":\"2014-12-16T02:17:29+00:00\",\"dateModified\":\"2014-12-16T13:50:08+00:00\",\"mainEntityOfPage\":{\"@id\":\"https:\/\/www.notibras.com\/site\/camara-discute-projeto-e-salario-de-parlamentar-e-ministro-deve-chegar-a-36-mil\/\"},\"wordCount\":357,\"commentCount\":0,\"publisher\":{\"@id\":\"https:\/\/www.notibras.com\/site\/#organization\"},\"image\":{\"@id\":\"https:\/\/www.notibras.com\/site\/camara-discute-projeto-e-salario-de-parlamentar-e-ministro-deve-chegar-a-36-mil\/#primaryimage\"},\"thumbnailUrl\":\"https:\/\/www.notibras.com\/site\/wp-content\/uploads\/2014\/12\/dinheiro-no-bolso.jpg\",\"articleSection\":[\"Brasil\"],\"inLanguage\":\"pt-BR\",\"potentialAction\":[{\"@type\":\"CommentAction\",\"name\":\"Comment\",\"target\":[\"https:\/\/www.notibras.com\/site\/camara-discute-projeto-e-salario-de-parlamentar-e-ministro-deve-chegar-a-36-mil\/#respond\"]}]},{\"@type\":\"WebPage\",\"@id\":\"https:\/\/www.notibras.com\/site\/camara-discute-projeto-e-salario-de-parlamentar-e-ministro-deve-chegar-a-36-mil\/\",\"url\":\"https:\/\/www.notibras.com\/site\/camara-discute-projeto-e-salario-de-parlamentar-e-ministro-deve-chegar-a-36-mil\/\",\"name\":\"C\u00e2mara v\u00ea projeto que d\u00e1 a parlamentar sal\u00e1rio de 36 mil - Notibras\",\"isPartOf\":{\"@id\":\"https:\/\/www.notibras.com\/site\/#website\"},\"primaryImageOfPage\":{\"@id\":\"https:\/\/www.notibras.com\/site\/camara-discute-projeto-e-salario-de-parlamentar-e-ministro-deve-chegar-a-36-mil\/#primaryimage\"},\"image\":{\"@id\":\"https:\/\/www.notibras.com\/site\/camara-discute-projeto-e-salario-de-parlamentar-e-ministro-deve-chegar-a-36-mil\/#primaryimage\"},\"thumbnailUrl\":\"https:\/\/www.notibras.com\/site\/wp-content\/uploads\/2014\/12\/dinheiro-no-bolso.jpg\",\"datePublished\":\"2014-12-16T02:17:29+00:00\",\"dateModified\":\"2014-12-16T13:50:08+00:00\",\"breadcrumb\":{\"@id\":\"https:\/\/www.notibras.com\/site\/camara-discute-projeto-e-salario-de-parlamentar-e-ministro-deve-chegar-a-36-mil\/#breadcrumb\"},\"inLanguage\":\"pt-BR\",\"potentialAction\":[{\"@type\":\"ReadAction\",\"target\":[\"https:\/\/www.notibras.com\/site\/camara-discute-projeto-e-salario-de-parlamentar-e-ministro-deve-chegar-a-36-mil\/\"]}]},{\"@type\":\"ImageObject\",\"inLanguage\":\"pt-BR\",\"@id\":\"https:\/\/www.notibras.com\/site\/camara-discute-projeto-e-salario-de-parlamentar-e-ministro-deve-chegar-a-36-mil\/#primaryimage\",\"url\":\"https:\/\/www.notibras.com\/site\/wp-content\/uploads\/2014\/12\/dinheiro-no-bolso.jpg\",\"contentUrl\":\"https:\/\/www.notibras.com\/site\/wp-content\/uploads\/2014\/12\/dinheiro-no-bolso.jpg\",\"width\":760,\"height\":506},{\"@type\":\"BreadcrumbList\",\"@id\":\"https:\/\/www.notibras.com\/site\/camara-discute-projeto-e-salario-de-parlamentar-e-ministro-deve-chegar-a-36-mil\/#breadcrumb\",\"itemListElement\":[{\"@type\":\"ListItem\",\"position\":1,\"name\":\"In\u00edcio\",\"item\":\"https:\/\/www.notibras.com\/site\/\"},{\"@type\":\"ListItem\",\"position\":2,\"name\":\"C\u00e2mara v\u00ea projeto que d\u00e1 a parlamentar sal\u00e1rio de 36 mil\"}]},{\"@type\":\"WebSite\",\"@id\":\"https:\/\/www.notibras.com\/site\/#website\",\"url\":\"https:\/\/www.notibras.com\/site\/\",\"name\":\"Notibras\",\"description\":\"Not\u00edcias de Bras\u00edlia, do Brasil e do Mundo\",\"publisher\":{\"@id\":\"https:\/\/www.notibras.com\/site\/#organization\"},\"potentialAction\":[{\"@type\":\"SearchAction\",\"target\":{\"@type\":\"EntryPoint\",\"urlTemplate\":\"https:\/\/www.notibras.com\/site\/?s={search_term_string}\"},\"query-input\":{\"@type\":\"PropertyValueSpecification\",\"valueRequired\":true,\"valueName\":\"search_term_string\"}}],\"inLanguage\":\"pt-BR\"},{\"@type\":\"Organization\",\"@id\":\"https:\/\/www.notibras.com\/site\/#organization\",\"name\":\"Grupo Notibras de Comunica\u00e7\u00e3o\",\"url\":\"https:\/\/www.notibras.com\/site\/\",\"logo\":{\"@type\":\"ImageObject\",\"inLanguage\":\"pt-BR\",\"@id\":\"https:\/\/www.notibras.com\/site\/#\/schema\/logo\/image\/\",\"url\":\"https:\/\/www.notibras.com\/site\/wp-content\/uploads\/2023\/01\/notibras23.png\",\"contentUrl\":\"https:\/\/www.notibras.com\/site\/wp-content\/uploads\/2023\/01\/notibras23.png\",\"width\":350,\"height\":87,\"caption\":\"Grupo Notibras de Comunica\u00e7\u00e3o\"},\"image\":{\"@id\":\"https:\/\/www.notibras.com\/site\/#\/schema\/logo\/image\/\"},\"sameAs\":[\"https:\/\/www.facebook.com\/notibras\/\",\"https:\/\/x.com\/Notibras\",\"https:\/\/www.instagram.com\/notibras\/\"]},{\"@type\":\"Person\",\"@id\":\"https:\/\/www.notibras.com\/site\/#\/schema\/person\/36ab0979449956132d3e5b517ea76ac8\",\"name\":\"Reda\u00e7\u00e3o\",\"image\":{\"@type\":\"ImageObject\",\"inLanguage\":\"pt-BR\",\"@id\":\"https:\/\/secure.gravatar.com\/avatar\/e0a867bdedb85fd243eadf09663511f96fc81e0720a4a42581f334ad4303aa6b?s=96&d=mm&r=g\",\"url\":\"https:\/\/secure.gravatar.com\/avatar\/e0a867bdedb85fd243eadf09663511f96fc81e0720a4a42581f334ad4303aa6b?s=96&d=mm&r=g\",\"contentUrl\":\"https:\/\/secure.gravatar.com\/avatar\/e0a867bdedb85fd243eadf09663511f96fc81e0720a4a42581f334ad4303aa6b?s=96&d=mm&r=g\",\"caption\":\"Reda\u00e7\u00e3o\"}}]}<\/script>\n<!-- \/ Yoast SEO plugin. -->","yoast_head_json":{"title":"C\u00e2mara v\u00ea projeto que d\u00e1 a parlamentar sal\u00e1rio de 36 mil - Notibras","robots":{"index":"index","follow":"follow","max-snippet":"max-snippet:-1","max-image-preview":"max-image-preview:large","max-video-preview":"max-video-preview:-1"},"canonical":"https:\/\/www.notibras.com\/site\/camara-discute-projeto-e-salario-de-parlamentar-e-ministro-deve-chegar-a-36-mil\/","og_locale":"pt_BR","og_type":"article","og_title":"C\u00e2mara v\u00ea projeto que d\u00e1 a parlamentar sal\u00e1rio de 36 mil - Notibras","og_description":"A C\u00e2mara dos Deputados dever\u00e1 aprovar nesta ter\u00e7a-feira 16 projeto de decreto legislativo reajustando os sal\u00e1rios de parlamentares, ministros, presidente e vice-presidente da Rep\u00fablica para R$ 33,7 mil ou R$ 35,9 mil por m\u00eas, a partir de 1\u00ba de fevereiro do ano que vem. Na semana passada, o presidente da C\u00e2mara,Henrique Eduardo Alves (PMDB-RN), firmou [&hellip;]","og_url":"https:\/\/www.notibras.com\/site\/camara-discute-projeto-e-salario-de-parlamentar-e-ministro-deve-chegar-a-36-mil\/","og_site_name":"Notibras","article_publisher":"https:\/\/www.facebook.com\/notibras\/","article_published_time":"2014-12-16T02:17:29+00:00","article_modified_time":"2014-12-16T13:50:08+00:00","og_image":[{"width":760,"height":506,"url":"https:\/\/www.notibras.com\/site\/wp-content\/uploads\/2014\/12\/dinheiro-no-bolso.jpg","type":"image\/jpeg"}],"author":"Reda\u00e7\u00e3o","twitter_card":"summary_large_image","twitter_creator":"@Notibras","twitter_site":"@Notibras","twitter_misc":{"Escrito por":"Reda\u00e7\u00e3o","Est. tempo de leitura":"2 minutos"},"schema":{"@context":"https:\/\/schema.org","@graph":[{"@type":"Article","@id":"https:\/\/www.notibras.com\/site\/camara-discute-projeto-e-salario-de-parlamentar-e-ministro-deve-chegar-a-36-mil\/#article","isPartOf":{"@id":"https:\/\/www.notibras.com\/site\/camara-discute-projeto-e-salario-de-parlamentar-e-ministro-deve-chegar-a-36-mil\/"},"author":{"name":"Reda\u00e7\u00e3o","@id":"https:\/\/www.notibras.com\/site\/#\/schema\/person\/36ab0979449956132d3e5b517ea76ac8"},"headline":"C\u00e2mara v\u00ea projeto que d\u00e1 a parlamentar sal\u00e1rio de 36 mil","datePublished":"2014-12-16T02:17:29+00:00","dateModified":"2014-12-16T13:50:08+00:00","mainEntityOfPage":{"@id":"https:\/\/www.notibras.com\/site\/camara-discute-projeto-e-salario-de-parlamentar-e-ministro-deve-chegar-a-36-mil\/"},"wordCount":357,"commentCount":0,"publisher":{"@id":"https:\/\/www.notibras.com\/site\/#organization"},"image":{"@id":"https:\/\/www.notibras.com\/site\/camara-discute-projeto-e-salario-de-parlamentar-e-ministro-deve-chegar-a-36-mil\/#primaryimage"},"thumbnailUrl":"https:\/\/www.notibras.com\/site\/wp-content\/uploads\/2014\/12\/dinheiro-no-bolso.jpg","articleSection":["Brasil"],"inLanguage":"pt-BR","potentialAction":[{"@type":"CommentAction","name":"Comment","target":["https:\/\/www.notibras.com\/site\/camara-discute-projeto-e-salario-de-parlamentar-e-ministro-deve-chegar-a-36-mil\/#respond"]}]},{"@type":"WebPage","@id":"https:\/\/www.notibras.com\/site\/camara-discute-projeto-e-salario-de-parlamentar-e-ministro-deve-chegar-a-36-mil\/","url":"https:\/\/www.notibras.com\/site\/camara-discute-projeto-e-salario-de-parlamentar-e-ministro-deve-chegar-a-36-mil\/","name":"C\u00e2mara v\u00ea projeto que d\u00e1 a parlamentar sal\u00e1rio de 36 mil - Notibras","isPartOf":{"@id":"https:\/\/www.notibras.com\/site\/#website"},"primaryImageOfPage":{"@id":"https:\/\/www.notibras.com\/site\/camara-discute-projeto-e-salario-de-parlamentar-e-ministro-deve-chegar-a-36-mil\/#primaryimage"},"image":{"@id":"https:\/\/www.notibras.com\/site\/camara-discute-projeto-e-salario-de-parlamentar-e-ministro-deve-chegar-a-36-mil\/#primaryimage"},"thumbnailUrl":"https:\/\/www.notibras.com\/site\/wp-content\/uploads\/2014\/12\/dinheiro-no-bolso.jpg","datePublished":"2014-12-16T02:17:29+00:00","dateModified":"2014-12-16T13:50:08+00:00","breadcrumb":{"@id":"https:\/\/www.notibras.com\/site\/camara-discute-projeto-e-salario-de-parlamentar-e-ministro-deve-chegar-a-36-mil\/#breadcrumb"},"inLanguage":"pt-BR","potentialAction":[{"@type":"ReadAction","target":["https:\/\/www.notibras.com\/site\/camara-discute-projeto-e-salario-de-parlamentar-e-ministro-deve-chegar-a-36-mil\/"]}]},{"@type":"ImageObject","inLanguage":"pt-BR","@id":"https:\/\/www.notibras.com\/site\/camara-discute-projeto-e-salario-de-parlamentar-e-ministro-deve-chegar-a-36-mil\/#primaryimage","url":"https:\/\/www.notibras.com\/site\/wp-content\/uploads\/2014\/12\/dinheiro-no-bolso.jpg","contentUrl":"https:\/\/www.notibras.com\/site\/wp-content\/uploads\/2014\/12\/dinheiro-no-bolso.jpg","width":760,"height":506},{"@type":"BreadcrumbList","@id":"https:\/\/www.notibras.com\/site\/camara-discute-projeto-e-salario-de-parlamentar-e-ministro-deve-chegar-a-36-mil\/#breadcrumb","itemListElement":[{"@type":"ListItem","position":1,"name":"In\u00edcio","item":"https:\/\/www.notibras.com\/site\/"},{"@type":"ListItem","position":2,"name":"C\u00e2mara v\u00ea projeto que d\u00e1 a parlamentar sal\u00e1rio de 36 mil"}]},{"@type":"WebSite","@id":"https:\/\/www.notibras.com\/site\/#website","url":"https:\/\/www.notibras.com\/site\/","name":"Notibras","description":"Not\u00edcias de Bras\u00edlia, do Brasil e do Mundo","publisher":{"@id":"https:\/\/www.notibras.com\/site\/#organization"},"potentialAction":[{"@type":"SearchAction","target":{"@type":"EntryPoint","urlTemplate":"https:\/\/www.notibras.com\/site\/?s={search_term_string}"},"query-input":{"@type":"PropertyValueSpecification","valueRequired":true,"valueName":"search_term_string"}}],"inLanguage":"pt-BR"},{"@type":"Organization","@id":"https:\/\/www.notibras.com\/site\/#organization","name":"Grupo Notibras de Comunica\u00e7\u00e3o","url":"https:\/\/www.notibras.com\/site\/","logo":{"@type":"ImageObject","inLanguage":"pt-BR","@id":"https:\/\/www.notibras.com\/site\/#\/schema\/logo\/image\/","url":"https:\/\/www.notibras.com\/site\/wp-content\/uploads\/2023\/01\/notibras23.png","contentUrl":"https:\/\/www.notibras.com\/site\/wp-content\/uploads\/2023\/01\/notibras23.png","width":350,"height":87,"caption":"Grupo Notibras de Comunica\u00e7\u00e3o"},"image":{"@id":"https:\/\/www.notibras.com\/site\/#\/schema\/logo\/image\/"},"sameAs":["https:\/\/www.facebook.com\/notibras\/","https:\/\/x.com\/Notibras","https:\/\/www.instagram.com\/notibras\/"]},{"@type":"Person","@id":"https:\/\/www.notibras.com\/site\/#\/schema\/person\/36ab0979449956132d3e5b517ea76ac8","name":"Reda\u00e7\u00e3o","image":{"@type":"ImageObject","inLanguage":"pt-BR","@id":"https:\/\/secure.gravatar.com\/avatar\/e0a867bdedb85fd243eadf09663511f96fc81e0720a4a42581f334ad4303aa6b?s=96&d=mm&r=g","url":"https:\/\/secure.gravatar.com\/avatar\/e0a867bdedb85fd243eadf09663511f96fc81e0720a4a42581f334ad4303aa6b?s=96&d=mm&r=g","contentUrl":"https:\/\/secure.gravatar.com\/avatar\/e0a867bdedb85fd243eadf09663511f96fc81e0720a4a42581f334ad4303aa6b?s=96&d=mm&r=g","caption":"Reda\u00e7\u00e3o"}}]}},"amp_enabled":true,"_links":{"self":[{"href":"https:\/\/www.notibras.com\/site\/wp-json\/wp\/v2\/posts\/31275","targetHints":{"allow":["GET"]}}],"collection":[{"href":"https:\/\/www.notibras.com\/site\/wp-json\/wp\/v2\/posts"}],"about":[{"href":"https:\/\/www.notibras.com\/site\/wp-json\/wp\/v2\/types\/post"}],"author":[{"embeddable":true,"href":"https:\/\/www.notibras.com\/site\/wp-json\/wp\/v2\/users\/2"}],"replies":[{"embeddable":true,"href":"https:\/\/www.notibras.com\/site\/wp-json\/wp\/v2\/comments?post=31275"}],"version-history":[{"count":0,"href":"https:\/\/www.notibras.com\/site\/wp-json\/wp\/v2\/posts\/31275\/revisions"}],"wp:featuredmedia":[{"embeddable":true,"href":"https:\/\/www.notibras.com\/site\/wp-json\/wp\/v2\/media\/31276"}],"wp:attachment":[{"href":"https:\/\/www.notibras.com\/site\/wp-json\/wp\/v2\/media?parent=31275"}],"wp:term":[{"taxonomy":"category","embeddable":true,"href":"https:\/\/www.notibras.com\/site\/wp-json\/wp\/v2\/categories?post=31275"},{"taxonomy":"post_tag","embeddable":true,"href":"https:\/\/www.notibras.com\/site\/wp-json\/wp\/v2\/tags?post=31275"}],"curies":[{"name":"wp","href":"https:\/\/api.w.org\/{rel}","templated":true}]}}