{"id":312769,"date":"2023-09-14T09:07:02","date_gmt":"2023-09-14T12:07:02","guid":{"rendered":"https:\/\/www.notibras.com\/site\/?p=312769"},"modified":"2023-09-14T09:09:01","modified_gmt":"2023-09-14T12:09:01","slug":"morreu-que-triste-fim-morreu-com-so-um-chifrim","status":"publish","type":"post","link":"https:\/\/www.notibras.com\/site\/morreu-que-triste-fim-morreu-com-so-um-chifrim\/","title":{"rendered":"Morreu, que triste fim, morreu com s\u00f3 um chifrim"},"content":{"rendered":"<p>J\u00e1 escrevi uma hist\u00f3ria que aconteceu comigo nos meus long\u00ednquos tempos de estudante de medicina veterin\u00e1ria l\u00e1 na Rural (UFRRJ), quando fui at\u00e9 Pira\u00ed\/RJ na fazenda da m\u00e3e do meu amigo Almeidinha para retirar o chifre (na verdade, todos os bov\u00eddeos possuem cornos) quebrado de uma vaca, e ela acabou ficando com apenas um. Pois bem, recentemente, passeando pelo Mercado P\u00fablico aqui em Porto Alegre, parece que acabei encontrando a dita cuja, ou melhor, a sua cabe\u00e7a pendurada em uma fachada de uma das lojas.<\/p>\n<p>A princ\u00edpio, nem notei, pois sou meio distra\u00eddo. Mas a minha mulher (a maravilhosa Dona Irene) me cutucou no bra\u00e7o e disse: &#8220;Dudu, aquela ali pendurada n\u00e3o \u00e9 a tal vaca que voc\u00ea deixou com apenas um chifre?&#8221; Quase ca\u00ed pra tr\u00e1s com a surpresa e, confesso, profunda tristeza, pois sempre imaginei que a minha primeira paciente vaca teria tido um destino mais feliz.<\/p>\n<p>Imediatamente liguei para o Almeidinha, que me disse que a vaca de um chifre havia falecido de causas naturais h\u00e1 alguns anos. Ela tinha sido enterrada em uma enorme cova na propriedade. Todavia, ap\u00f3s alguns dias, o pr\u00f3prio Almeidinha, cavalgando pela \u00e1rea, constatou que algu\u00e9m ou alguma coisa havia mexido no jazigo. Ele, segundo suas pr\u00f3prias palavras, quase caiu do cavalo, j\u00e1 que percebeu que o corpo em decomposi\u00e7\u00e3o estava l\u00e1, mas uma parte n\u00e3o: justamente a cabe\u00e7a.<\/p>\n","protected":false},"excerpt":{"rendered":"<p>J\u00e1 escrevi uma hist\u00f3ria que aconteceu comigo nos meus long\u00ednquos tempos de estudante de medicina veterin\u00e1ria l\u00e1 na Rural (UFRRJ), quando fui at\u00e9 Pira\u00ed\/RJ na fazenda da m\u00e3e do meu amigo Almeidinha para retirar o chifre (na verdade, todos os bov\u00eddeos possuem cornos) quebrado de uma vaca, e ela acabou ficando com apenas um. Pois [&hellip;]<\/p>\n","protected":false},"author":2,"featured_media":312772,"comment_status":"closed","ping_status":"closed","sticky":false,"template":"","format":"standard","meta":{"_acf_changed":false,"footnotes":""},"categories":[161],"tags":[],"class_list":["post-312769","post","type-post","status-publish","format-standard","has-post-thumbnail","hentry","category-quadradinho-em-foco"],"acf":[],"yoast_head":"<!-- This site is optimized with the Yoast SEO plugin v27.2 - https:\/\/yoast.com\/product\/yoast-seo-wordpress\/ -->\n<title>Morreu, que triste fim, morreu com s\u00f3 um chifrim - Notibras<\/title>\n<meta name=\"robots\" content=\"index, follow, max-snippet:-1, max-image-preview:large, max-video-preview:-1\" \/>\n<link rel=\"canonical\" href=\"https:\/\/www.notibras.com\/site\/morreu-que-triste-fim-morreu-com-so-um-chifrim\/\" \/>\n<meta property=\"og:locale\" content=\"pt_BR\" \/>\n<meta property=\"og:type\" content=\"article\" \/>\n<meta property=\"og:title\" content=\"Morreu, que triste fim, morreu com s\u00f3 um chifrim - Notibras\" \/>\n<meta property=\"og:description\" content=\"J\u00e1 escrevi uma hist\u00f3ria que aconteceu comigo nos meus long\u00ednquos tempos de estudante de medicina veterin\u00e1ria l\u00e1 na Rural (UFRRJ), quando fui at\u00e9 Pira\u00ed\/RJ na fazenda da m\u00e3e do meu amigo Almeidinha para retirar o chifre (na verdade, todos os bov\u00eddeos possuem cornos) quebrado de uma vaca, e ela acabou ficando com apenas um. Pois [&hellip;]\" \/>\n<meta property=\"og:url\" content=\"https:\/\/www.notibras.com\/site\/morreu-que-triste-fim-morreu-com-so-um-chifrim\/\" \/>\n<meta property=\"og:site_name\" content=\"Notibras\" \/>\n<meta property=\"article:publisher\" content=\"https:\/\/www.facebook.com\/notibras\/\" \/>\n<meta property=\"article:published_time\" content=\"2023-09-14T12:07:02+00:00\" \/>\n<meta property=\"article:modified_time\" content=\"2023-09-14T12:09:01+00:00\" \/>\n<meta property=\"og:image\" content=\"https:\/\/www.notibras.com\/site\/wp-content\/uploads\/2023\/09\/cavanoparede.jog_.jpg\" \/>\n\t<meta property=\"og:image:width\" content=\"1600\" \/>\n\t<meta property=\"og:image:height\" content=\"900\" \/>\n\t<meta property=\"og:image:type\" content=\"image\/jpeg\" \/>\n<meta name=\"author\" content=\"Reda\u00e7\u00e3o\" \/>\n<meta name=\"twitter:card\" content=\"summary_large_image\" \/>\n<meta name=\"twitter:creator\" content=\"@Notibras\" \/>\n<meta name=\"twitter:site\" content=\"@Notibras\" \/>\n<meta name=\"twitter:label1\" content=\"Escrito por\" \/>\n\t<meta name=\"twitter:data1\" content=\"Reda\u00e7\u00e3o\" \/>\n\t<meta name=\"twitter:label2\" content=\"Est. tempo de leitura\" \/>\n\t<meta name=\"twitter:data2\" content=\"2 minutos\" \/>\n<script type=\"application\/ld+json\" class=\"yoast-schema-graph\">{\"@context\":\"https:\/\/schema.org\",\"@graph\":[{\"@type\":\"Article\",\"@id\":\"https:\/\/www.notibras.com\/site\/morreu-que-triste-fim-morreu-com-so-um-chifrim\/#article\",\"isPartOf\":{\"@id\":\"https:\/\/www.notibras.com\/site\/morreu-que-triste-fim-morreu-com-so-um-chifrim\/\"},\"author\":{\"name\":\"Reda\u00e7\u00e3o\",\"@id\":\"https:\/\/www.notibras.com\/site\/#\/schema\/person\/36ab0979449956132d3e5b517ea76ac8\"},\"headline\":\"Morreu, que triste fim, morreu com s\u00f3 um chifrim\",\"datePublished\":\"2023-09-14T12:07:02+00:00\",\"dateModified\":\"2023-09-14T12:09:01+00:00\",\"mainEntityOfPage\":{\"@id\":\"https:\/\/www.notibras.com\/site\/morreu-que-triste-fim-morreu-com-so-um-chifrim\/\"},\"wordCount\":255,\"publisher\":{\"@id\":\"https:\/\/www.notibras.com\/site\/#organization\"},\"image\":{\"@id\":\"https:\/\/www.notibras.com\/site\/morreu-que-triste-fim-morreu-com-so-um-chifrim\/#primaryimage\"},\"thumbnailUrl\":\"https:\/\/www.notibras.com\/site\/wp-content\/uploads\/2023\/09\/cavanoparede.jog_.jpg\",\"articleSection\":[\"Quadradinho em Foco\"],\"inLanguage\":\"pt-BR\"},{\"@type\":\"WebPage\",\"@id\":\"https:\/\/www.notibras.com\/site\/morreu-que-triste-fim-morreu-com-so-um-chifrim\/\",\"url\":\"https:\/\/www.notibras.com\/site\/morreu-que-triste-fim-morreu-com-so-um-chifrim\/\",\"name\":\"Morreu, que triste fim, morreu com s\u00f3 um chifrim - Notibras\",\"isPartOf\":{\"@id\":\"https:\/\/www.notibras.com\/site\/#website\"},\"primaryImageOfPage\":{\"@id\":\"https:\/\/www.notibras.com\/site\/morreu-que-triste-fim-morreu-com-so-um-chifrim\/#primaryimage\"},\"image\":{\"@id\":\"https:\/\/www.notibras.com\/site\/morreu-que-triste-fim-morreu-com-so-um-chifrim\/#primaryimage\"},\"thumbnailUrl\":\"https:\/\/www.notibras.com\/site\/wp-content\/uploads\/2023\/09\/cavanoparede.jog_.jpg\",\"datePublished\":\"2023-09-14T12:07:02+00:00\",\"dateModified\":\"2023-09-14T12:09:01+00:00\",\"breadcrumb\":{\"@id\":\"https:\/\/www.notibras.com\/site\/morreu-que-triste-fim-morreu-com-so-um-chifrim\/#breadcrumb\"},\"inLanguage\":\"pt-BR\",\"potentialAction\":[{\"@type\":\"ReadAction\",\"target\":[\"https:\/\/www.notibras.com\/site\/morreu-que-triste-fim-morreu-com-so-um-chifrim\/\"]}]},{\"@type\":\"ImageObject\",\"inLanguage\":\"pt-BR\",\"@id\":\"https:\/\/www.notibras.com\/site\/morreu-que-triste-fim-morreu-com-so-um-chifrim\/#primaryimage\",\"url\":\"https:\/\/www.notibras.com\/site\/wp-content\/uploads\/2023\/09\/cavanoparede.jog_.jpg\",\"contentUrl\":\"https:\/\/www.notibras.com\/site\/wp-content\/uploads\/2023\/09\/cavanoparede.jog_.jpg\",\"width\":1600,\"height\":900},{\"@type\":\"BreadcrumbList\",\"@id\":\"https:\/\/www.notibras.com\/site\/morreu-que-triste-fim-morreu-com-so-um-chifrim\/#breadcrumb\",\"itemListElement\":[{\"@type\":\"ListItem\",\"position\":1,\"name\":\"In\u00edcio\",\"item\":\"https:\/\/www.notibras.com\/site\/\"},{\"@type\":\"ListItem\",\"position\":2,\"name\":\"Morreu, que triste fim, morreu com s\u00f3 um chifrim\"}]},{\"@type\":\"WebSite\",\"@id\":\"https:\/\/www.notibras.com\/site\/#website\",\"url\":\"https:\/\/www.notibras.com\/site\/\",\"name\":\"Notibras\",\"description\":\"Not\u00edcias de Bras\u00edlia, do Brasil e do Mundo\",\"publisher\":{\"@id\":\"https:\/\/www.notibras.com\/site\/#organization\"},\"potentialAction\":[{\"@type\":\"SearchAction\",\"target\":{\"@type\":\"EntryPoint\",\"urlTemplate\":\"https:\/\/www.notibras.com\/site\/?s={search_term_string}\"},\"query-input\":{\"@type\":\"PropertyValueSpecification\",\"valueRequired\":true,\"valueName\":\"search_term_string\"}}],\"inLanguage\":\"pt-BR\"},{\"@type\":\"Organization\",\"@id\":\"https:\/\/www.notibras.com\/site\/#organization\",\"name\":\"Grupo Notibras de Comunica\u00e7\u00e3o\",\"url\":\"https:\/\/www.notibras.com\/site\/\",\"logo\":{\"@type\":\"ImageObject\",\"inLanguage\":\"pt-BR\",\"@id\":\"https:\/\/www.notibras.com\/site\/#\/schema\/logo\/image\/\",\"url\":\"https:\/\/www.notibras.com\/site\/wp-content\/uploads\/2023\/01\/notibras23.png\",\"contentUrl\":\"https:\/\/www.notibras.com\/site\/wp-content\/uploads\/2023\/01\/notibras23.png\",\"width\":350,\"height\":87,\"caption\":\"Grupo Notibras de Comunica\u00e7\u00e3o\"},\"image\":{\"@id\":\"https:\/\/www.notibras.com\/site\/#\/schema\/logo\/image\/\"},\"sameAs\":[\"https:\/\/www.facebook.com\/notibras\/\",\"https:\/\/x.com\/Notibras\",\"https:\/\/www.instagram.com\/notibras\/\"]},{\"@type\":\"Person\",\"@id\":\"https:\/\/www.notibras.com\/site\/#\/schema\/person\/36ab0979449956132d3e5b517ea76ac8\",\"name\":\"Reda\u00e7\u00e3o\",\"image\":{\"@type\":\"ImageObject\",\"inLanguage\":\"pt-BR\",\"@id\":\"https:\/\/secure.gravatar.com\/avatar\/e0a867bdedb85fd243eadf09663511f96fc81e0720a4a42581f334ad4303aa6b?s=96&d=mm&r=g\",\"url\":\"https:\/\/secure.gravatar.com\/avatar\/e0a867bdedb85fd243eadf09663511f96fc81e0720a4a42581f334ad4303aa6b?s=96&d=mm&r=g\",\"contentUrl\":\"https:\/\/secure.gravatar.com\/avatar\/e0a867bdedb85fd243eadf09663511f96fc81e0720a4a42581f334ad4303aa6b?s=96&d=mm&r=g\",\"caption\":\"Reda\u00e7\u00e3o\"}}]}<\/script>\n<!-- \/ Yoast SEO plugin. -->","yoast_head_json":{"title":"Morreu, que triste fim, morreu com s\u00f3 um chifrim - Notibras","robots":{"index":"index","follow":"follow","max-snippet":"max-snippet:-1","max-image-preview":"max-image-preview:large","max-video-preview":"max-video-preview:-1"},"canonical":"https:\/\/www.notibras.com\/site\/morreu-que-triste-fim-morreu-com-so-um-chifrim\/","og_locale":"pt_BR","og_type":"article","og_title":"Morreu, que triste fim, morreu com s\u00f3 um chifrim - Notibras","og_description":"J\u00e1 escrevi uma hist\u00f3ria que aconteceu comigo nos meus long\u00ednquos tempos de estudante de medicina veterin\u00e1ria l\u00e1 na Rural (UFRRJ), quando fui at\u00e9 Pira\u00ed\/RJ na fazenda da m\u00e3e do meu amigo Almeidinha para retirar o chifre (na verdade, todos os bov\u00eddeos possuem cornos) quebrado de uma vaca, e ela acabou ficando com apenas um. Pois [&hellip;]","og_url":"https:\/\/www.notibras.com\/site\/morreu-que-triste-fim-morreu-com-so-um-chifrim\/","og_site_name":"Notibras","article_publisher":"https:\/\/www.facebook.com\/notibras\/","article_published_time":"2023-09-14T12:07:02+00:00","article_modified_time":"2023-09-14T12:09:01+00:00","og_image":[{"width":1600,"height":900,"url":"https:\/\/www.notibras.com\/site\/wp-content\/uploads\/2023\/09\/cavanoparede.jog_.jpg","type":"image\/jpeg"}],"author":"Reda\u00e7\u00e3o","twitter_card":"summary_large_image","twitter_creator":"@Notibras","twitter_site":"@Notibras","twitter_misc":{"Escrito por":"Reda\u00e7\u00e3o","Est. tempo de leitura":"2 minutos"},"schema":{"@context":"https:\/\/schema.org","@graph":[{"@type":"Article","@id":"https:\/\/www.notibras.com\/site\/morreu-que-triste-fim-morreu-com-so-um-chifrim\/#article","isPartOf":{"@id":"https:\/\/www.notibras.com\/site\/morreu-que-triste-fim-morreu-com-so-um-chifrim\/"},"author":{"name":"Reda\u00e7\u00e3o","@id":"https:\/\/www.notibras.com\/site\/#\/schema\/person\/36ab0979449956132d3e5b517ea76ac8"},"headline":"Morreu, que triste fim, morreu com s\u00f3 um chifrim","datePublished":"2023-09-14T12:07:02+00:00","dateModified":"2023-09-14T12:09:01+00:00","mainEntityOfPage":{"@id":"https:\/\/www.notibras.com\/site\/morreu-que-triste-fim-morreu-com-so-um-chifrim\/"},"wordCount":255,"publisher":{"@id":"https:\/\/www.notibras.com\/site\/#organization"},"image":{"@id":"https:\/\/www.notibras.com\/site\/morreu-que-triste-fim-morreu-com-so-um-chifrim\/#primaryimage"},"thumbnailUrl":"https:\/\/www.notibras.com\/site\/wp-content\/uploads\/2023\/09\/cavanoparede.jog_.jpg","articleSection":["Quadradinho em Foco"],"inLanguage":"pt-BR"},{"@type":"WebPage","@id":"https:\/\/www.notibras.com\/site\/morreu-que-triste-fim-morreu-com-so-um-chifrim\/","url":"https:\/\/www.notibras.com\/site\/morreu-que-triste-fim-morreu-com-so-um-chifrim\/","name":"Morreu, que triste fim, morreu com s\u00f3 um chifrim - Notibras","isPartOf":{"@id":"https:\/\/www.notibras.com\/site\/#website"},"primaryImageOfPage":{"@id":"https:\/\/www.notibras.com\/site\/morreu-que-triste-fim-morreu-com-so-um-chifrim\/#primaryimage"},"image":{"@id":"https:\/\/www.notibras.com\/site\/morreu-que-triste-fim-morreu-com-so-um-chifrim\/#primaryimage"},"thumbnailUrl":"https:\/\/www.notibras.com\/site\/wp-content\/uploads\/2023\/09\/cavanoparede.jog_.jpg","datePublished":"2023-09-14T12:07:02+00:00","dateModified":"2023-09-14T12:09:01+00:00","breadcrumb":{"@id":"https:\/\/www.notibras.com\/site\/morreu-que-triste-fim-morreu-com-so-um-chifrim\/#breadcrumb"},"inLanguage":"pt-BR","potentialAction":[{"@type":"ReadAction","target":["https:\/\/www.notibras.com\/site\/morreu-que-triste-fim-morreu-com-so-um-chifrim\/"]}]},{"@type":"ImageObject","inLanguage":"pt-BR","@id":"https:\/\/www.notibras.com\/site\/morreu-que-triste-fim-morreu-com-so-um-chifrim\/#primaryimage","url":"https:\/\/www.notibras.com\/site\/wp-content\/uploads\/2023\/09\/cavanoparede.jog_.jpg","contentUrl":"https:\/\/www.notibras.com\/site\/wp-content\/uploads\/2023\/09\/cavanoparede.jog_.jpg","width":1600,"height":900},{"@type":"BreadcrumbList","@id":"https:\/\/www.notibras.com\/site\/morreu-que-triste-fim-morreu-com-so-um-chifrim\/#breadcrumb","itemListElement":[{"@type":"ListItem","position":1,"name":"In\u00edcio","item":"https:\/\/www.notibras.com\/site\/"},{"@type":"ListItem","position":2,"name":"Morreu, que triste fim, morreu com s\u00f3 um chifrim"}]},{"@type":"WebSite","@id":"https:\/\/www.notibras.com\/site\/#website","url":"https:\/\/www.notibras.com\/site\/","name":"Notibras","description":"Not\u00edcias de Bras\u00edlia, do Brasil e do Mundo","publisher":{"@id":"https:\/\/www.notibras.com\/site\/#organization"},"potentialAction":[{"@type":"SearchAction","target":{"@type":"EntryPoint","urlTemplate":"https:\/\/www.notibras.com\/site\/?s={search_term_string}"},"query-input":{"@type":"PropertyValueSpecification","valueRequired":true,"valueName":"search_term_string"}}],"inLanguage":"pt-BR"},{"@type":"Organization","@id":"https:\/\/www.notibras.com\/site\/#organization","name":"Grupo Notibras de Comunica\u00e7\u00e3o","url":"https:\/\/www.notibras.com\/site\/","logo":{"@type":"ImageObject","inLanguage":"pt-BR","@id":"https:\/\/www.notibras.com\/site\/#\/schema\/logo\/image\/","url":"https:\/\/www.notibras.com\/site\/wp-content\/uploads\/2023\/01\/notibras23.png","contentUrl":"https:\/\/www.notibras.com\/site\/wp-content\/uploads\/2023\/01\/notibras23.png","width":350,"height":87,"caption":"Grupo Notibras de Comunica\u00e7\u00e3o"},"image":{"@id":"https:\/\/www.notibras.com\/site\/#\/schema\/logo\/image\/"},"sameAs":["https:\/\/www.facebook.com\/notibras\/","https:\/\/x.com\/Notibras","https:\/\/www.instagram.com\/notibras\/"]},{"@type":"Person","@id":"https:\/\/www.notibras.com\/site\/#\/schema\/person\/36ab0979449956132d3e5b517ea76ac8","name":"Reda\u00e7\u00e3o","image":{"@type":"ImageObject","inLanguage":"pt-BR","@id":"https:\/\/secure.gravatar.com\/avatar\/e0a867bdedb85fd243eadf09663511f96fc81e0720a4a42581f334ad4303aa6b?s=96&d=mm&r=g","url":"https:\/\/secure.gravatar.com\/avatar\/e0a867bdedb85fd243eadf09663511f96fc81e0720a4a42581f334ad4303aa6b?s=96&d=mm&r=g","contentUrl":"https:\/\/secure.gravatar.com\/avatar\/e0a867bdedb85fd243eadf09663511f96fc81e0720a4a42581f334ad4303aa6b?s=96&d=mm&r=g","caption":"Reda\u00e7\u00e3o"}}]}},"amp_enabled":true,"_links":{"self":[{"href":"https:\/\/www.notibras.com\/site\/wp-json\/wp\/v2\/posts\/312769","targetHints":{"allow":["GET"]}}],"collection":[{"href":"https:\/\/www.notibras.com\/site\/wp-json\/wp\/v2\/posts"}],"about":[{"href":"https:\/\/www.notibras.com\/site\/wp-json\/wp\/v2\/types\/post"}],"author":[{"embeddable":true,"href":"https:\/\/www.notibras.com\/site\/wp-json\/wp\/v2\/users\/2"}],"replies":[{"embeddable":true,"href":"https:\/\/www.notibras.com\/site\/wp-json\/wp\/v2\/comments?post=312769"}],"version-history":[{"count":3,"href":"https:\/\/www.notibras.com\/site\/wp-json\/wp\/v2\/posts\/312769\/revisions"}],"predecessor-version":[{"id":312919,"href":"https:\/\/www.notibras.com\/site\/wp-json\/wp\/v2\/posts\/312769\/revisions\/312919"}],"wp:featuredmedia":[{"embeddable":true,"href":"https:\/\/www.notibras.com\/site\/wp-json\/wp\/v2\/media\/312772"}],"wp:attachment":[{"href":"https:\/\/www.notibras.com\/site\/wp-json\/wp\/v2\/media?parent=312769"}],"wp:term":[{"taxonomy":"category","embeddable":true,"href":"https:\/\/www.notibras.com\/site\/wp-json\/wp\/v2\/categories?post=312769"},{"taxonomy":"post_tag","embeddable":true,"href":"https:\/\/www.notibras.com\/site\/wp-json\/wp\/v2\/tags?post=312769"}],"curies":[{"name":"wp","href":"https:\/\/api.w.org\/{rel}","templated":true}]}}