{"id":312810,"date":"2023-09-13T00:00:04","date_gmt":"2023-09-13T03:00:04","guid":{"rendered":"https:\/\/www.notibras.com\/site\/?p=312810"},"modified":"2023-09-13T02:47:33","modified_gmt":"2023-09-13T05:47:33","slug":"motoboys-de-aplicativo-rejeitam-proposta-de-empresas","status":"publish","type":"post","link":"https:\/\/www.notibras.com\/site\/motoboys-de-aplicativo-rejeitam-proposta-de-empresas\/","title":{"rendered":"Motoboys de aplicativo rejeitam proposta de empresas"},"content":{"rendered":"<p>Motoboys e empresas de plataformas digitais n\u00e3o chegaram a um acordo para melhorar as condi\u00e7\u00f5es de trabalho dos entregadores. Ap\u00f3s pouco mais de quatro meses de negocia\u00e7\u00e3o em um grupo de trabalho (GT) institu\u00eddo pelo governo federal, representantes dos profissionais de entrega sa\u00edram insatisfeitos da reuni\u00e3o realizada na tarde desta ter\u00e7a-feira (12), no Minist\u00e9rio do Trabalho e Emprego (MTE).<\/p>\n<p>&#8220;N\u00f3s sa\u00edmos do GT agora no final da noite [desta ter\u00e7a-feira]. Na parte dos motoboys e dos motoentregadores, n\u00e3o teve acordo nenhum. Todas as propostas apresentadas pelas empresas s\u00e3o invi\u00e1veis, n\u00e3o tem como embarcar n\u00e3o&#8221;, afirmou o o presidente do SindimotoSP e do Conselho Nacional de Motofretistas, Motoentregadores, Motoboys e Entregadores Ciclistas profissionais do Brasil, Gilberto Almeida dos Santos, conhecido como Gil. &#8220;Depois de 120 dias de reuni\u00e3o no GT do governo, tripartite, a gente sai da mesa sem acordo com as empresas. Est\u00e1 para ter uma reuni\u00e3o nesta quarta [13] com o governo, para ver qual caminho o governo vai tomar&#8221;, acrescentou.<\/p>\n<p>Mais cedo, na capital federal, motoboys e motoentregadores fizeram uma mobiliza\u00e7\u00e3o na Esplanada dos Minist\u00e9rios, pedindo que as empresas de aplicativos ofere\u00e7am remunera\u00e7\u00e3o m\u00ednima decente e condi\u00e7\u00f5es dignas de trabalho, com diretrizes de sa\u00fade e seguran\u00e7a, para seus trabalhadores.<\/p>\n<p>Os entregadores protestaram contra a demora na regula\u00e7\u00e3o do servi\u00e7o e argumentam que a renda por hora de trabalho logada nos aplicativos caiu 53,60% depois da populariza\u00e7\u00e3o dos aplicativos, de R$ 22,90 em 2013 para R$ 10,55 em 2023.<\/p>\n<p>O Conselho Nacional dos Sindicatos de Motoboys e Motoentregadores, a Alian\u00e7a Nacional dos Motoboys e Motoentregadores e as centrais sindicais reivindicam os valores m\u00ednimos de R$ 35,76 para motociclistas e R$ 29,63 para ciclistas profissionais por hora de trabalho.<\/p>\n<p>J\u00e1 a proposta das empresas varia de R$ 10,20 a R$ 12 para motociclistas e de R$ 6,54 a R$ 7 para ciclistas. Elas s\u00e3o representadas pela Associa\u00e7\u00e3o Brasileira de Mobilidade e Tecnologia (Amobitec) &#8211; que re\u00fane as empresas Amazon, iFood, Flixbus, Uber, Z\u00e9 Delivery, Buser, 99 e Lalamove \u2013 e pelo Movimento Inova\u00e7\u00e3o Digital (MID) \u2013 que re\u00fane mais de 150 empresas, entre elas, Mercado Livre, GetNinjas, PayPal, Loggi, Movile, Americanas, C6 Bank, Facily, Rappi, OLX e euEntrego.<\/p>\n<p>Para o dia 18 de setembro, os entregadores prometem paralisa\u00e7\u00e3o em todo o pa\u00eds caso n\u00e3o haja melhora na proposta.<\/p>\n<p>\u201cAs empresas de aplicativos continuam fugindo de suas responsabilidades sociais com milh\u00f5es de entregadores em todo Brasil que, na realidade, n\u00e3o s\u00e3o aut\u00f4nomos e sim trabalhadores em situa\u00e7\u00e3o de precariza\u00e7\u00e3o e escraviza\u00e7\u00e3o\u201d, argumentou a Federa\u00e7\u00e3o Brasileira dos Motociclistas Profissionais, em comunicado. Segundo a entidade, as propostas da Amobitec e MID tamb\u00e9m n\u00e3o contemplam as quest\u00f5es de seguran\u00e7a e sa\u00fade dos entregadores.<\/p>\n<p>A Amobitec informou que vem apresentando documentos e propostas desde o in\u00edcio das discuss\u00f5es, incluindo modelos de integra\u00e7\u00e3o na Previd\u00eancia Social e valores de ganhos m\u00ednimos. \u201cAs empresas associadas continuam abertas ao di\u00e1logo e \u00e0 disposi\u00e7\u00e3o das partes interessadas com o objetivo de criar um modelo regulat\u00f3rio equilibrado para o trabalho intermediado por plataformas digitais, que busque ampliar a prote\u00e7\u00e3o social dos profissionais e garantir a seguran\u00e7a jur\u00eddica da atividade\u201d, diz a entidade.<\/p>\n<p>A mesa tripartite &#8211; formada por governo, empregadores e trabalhadores &#8211; tinha at\u00e9 esta ter\u00e7a-feira como prazo final para chegar a um consenso sobre ganhos m\u00ednimos, indeniza\u00e7\u00e3o pelo uso dos ve\u00edculos, previd\u00eancia, sa\u00fade dos trabalhadores e transpar\u00eancia algor\u00edtmica. A reportagem procurou representantes do MTE para comentar sobre o resultado das negocia\u00e7\u00f5es, mas n\u00e3o obteve retorno.<\/p>\n","protected":false},"excerpt":{"rendered":"<p>Motoboys e empresas de plataformas digitais n\u00e3o chegaram a um acordo para melhorar as condi\u00e7\u00f5es de trabalho dos entregadores. Ap\u00f3s pouco mais de quatro meses de negocia\u00e7\u00e3o em um grupo de trabalho (GT) institu\u00eddo pelo governo federal, representantes dos profissionais de entrega sa\u00edram insatisfeitos da reuni\u00e3o realizada na tarde desta ter\u00e7a-feira (12), no Minist\u00e9rio do [&hellip;]<\/p>\n","protected":false},"author":2,"featured_media":312812,"comment_status":"closed","ping_status":"closed","sticky":false,"template":"","format":"standard","meta":{"_acf_changed":false,"footnotes":""},"categories":[161],"tags":[],"class_list":["post-312810","post","type-post","status-publish","format-standard","has-post-thumbnail","hentry","category-quadradinho-em-foco"],"acf":[],"yoast_head":"<!-- This site is optimized with the Yoast SEO plugin v27.2 - https:\/\/yoast.com\/product\/yoast-seo-wordpress\/ -->\n<title>Motoboys de aplicativo rejeitam proposta de empresas - Notibras<\/title>\n<meta name=\"robots\" content=\"index, follow, max-snippet:-1, max-image-preview:large, max-video-preview:-1\" \/>\n<link rel=\"canonical\" href=\"https:\/\/www.notibras.com\/site\/motoboys-de-aplicativo-rejeitam-proposta-de-empresas\/\" \/>\n<meta property=\"og:locale\" content=\"pt_BR\" \/>\n<meta property=\"og:type\" content=\"article\" \/>\n<meta property=\"og:title\" content=\"Motoboys de aplicativo rejeitam proposta de empresas - Notibras\" \/>\n<meta property=\"og:description\" content=\"Motoboys e empresas de plataformas digitais n\u00e3o chegaram a um acordo para melhorar as condi\u00e7\u00f5es de trabalho dos entregadores. Ap\u00f3s pouco mais de quatro meses de negocia\u00e7\u00e3o em um grupo de trabalho (GT) institu\u00eddo pelo governo federal, representantes dos profissionais de entrega sa\u00edram insatisfeitos da reuni\u00e3o realizada na tarde desta ter\u00e7a-feira (12), no Minist\u00e9rio do [&hellip;]\" \/>\n<meta property=\"og:url\" content=\"https:\/\/www.notibras.com\/site\/motoboys-de-aplicativo-rejeitam-proposta-de-empresas\/\" \/>\n<meta property=\"og:site_name\" content=\"Notibras\" \/>\n<meta property=\"article:publisher\" content=\"https:\/\/www.facebook.com\/notibras\/\" \/>\n<meta property=\"article:published_time\" content=\"2023-09-13T03:00:04+00:00\" \/>\n<meta property=\"article:modified_time\" content=\"2023-09-13T05:47:33+00:00\" \/>\n<meta property=\"og:image\" content=\"https:\/\/www.notibras.com\/site\/wp-content\/uploads\/2023\/09\/vac_abr1209234248.jpg\" \/>\n\t<meta property=\"og:image:width\" content=\"1170\" \/>\n\t<meta property=\"og:image:height\" content=\"700\" \/>\n\t<meta property=\"og:image:type\" content=\"image\/jpeg\" \/>\n<meta name=\"author\" content=\"Reda\u00e7\u00e3o\" \/>\n<meta name=\"twitter:card\" content=\"summary_large_image\" \/>\n<meta name=\"twitter:creator\" content=\"@Notibras\" \/>\n<meta name=\"twitter:site\" content=\"@Notibras\" \/>\n<meta name=\"twitter:label1\" content=\"Escrito por\" \/>\n\t<meta name=\"twitter:data1\" content=\"Reda\u00e7\u00e3o\" \/>\n\t<meta name=\"twitter:label2\" content=\"Est. tempo de leitura\" \/>\n\t<meta name=\"twitter:data2\" content=\"4 minutos\" \/>\n<script type=\"application\/ld+json\" class=\"yoast-schema-graph\">{\"@context\":\"https:\/\/schema.org\",\"@graph\":[{\"@type\":\"Article\",\"@id\":\"https:\/\/www.notibras.com\/site\/motoboys-de-aplicativo-rejeitam-proposta-de-empresas\/#article\",\"isPartOf\":{\"@id\":\"https:\/\/www.notibras.com\/site\/motoboys-de-aplicativo-rejeitam-proposta-de-empresas\/\"},\"author\":{\"name\":\"Reda\u00e7\u00e3o\",\"@id\":\"https:\/\/www.notibras.com\/site\/#\/schema\/person\/36ab0979449956132d3e5b517ea76ac8\"},\"headline\":\"Motoboys de aplicativo rejeitam proposta de empresas\",\"datePublished\":\"2023-09-13T03:00:04+00:00\",\"dateModified\":\"2023-09-13T05:47:33+00:00\",\"mainEntityOfPage\":{\"@id\":\"https:\/\/www.notibras.com\/site\/motoboys-de-aplicativo-rejeitam-proposta-de-empresas\/\"},\"wordCount\":628,\"publisher\":{\"@id\":\"https:\/\/www.notibras.com\/site\/#organization\"},\"image\":{\"@id\":\"https:\/\/www.notibras.com\/site\/motoboys-de-aplicativo-rejeitam-proposta-de-empresas\/#primaryimage\"},\"thumbnailUrl\":\"https:\/\/www.notibras.com\/site\/wp-content\/uploads\/2023\/09\/vac_abr1209234248.jpg\",\"articleSection\":[\"Quadradinho em Foco\"],\"inLanguage\":\"pt-BR\"},{\"@type\":\"WebPage\",\"@id\":\"https:\/\/www.notibras.com\/site\/motoboys-de-aplicativo-rejeitam-proposta-de-empresas\/\",\"url\":\"https:\/\/www.notibras.com\/site\/motoboys-de-aplicativo-rejeitam-proposta-de-empresas\/\",\"name\":\"Motoboys de aplicativo rejeitam proposta de empresas - Notibras\",\"isPartOf\":{\"@id\":\"https:\/\/www.notibras.com\/site\/#website\"},\"primaryImageOfPage\":{\"@id\":\"https:\/\/www.notibras.com\/site\/motoboys-de-aplicativo-rejeitam-proposta-de-empresas\/#primaryimage\"},\"image\":{\"@id\":\"https:\/\/www.notibras.com\/site\/motoboys-de-aplicativo-rejeitam-proposta-de-empresas\/#primaryimage\"},\"thumbnailUrl\":\"https:\/\/www.notibras.com\/site\/wp-content\/uploads\/2023\/09\/vac_abr1209234248.jpg\",\"datePublished\":\"2023-09-13T03:00:04+00:00\",\"dateModified\":\"2023-09-13T05:47:33+00:00\",\"breadcrumb\":{\"@id\":\"https:\/\/www.notibras.com\/site\/motoboys-de-aplicativo-rejeitam-proposta-de-empresas\/#breadcrumb\"},\"inLanguage\":\"pt-BR\",\"potentialAction\":[{\"@type\":\"ReadAction\",\"target\":[\"https:\/\/www.notibras.com\/site\/motoboys-de-aplicativo-rejeitam-proposta-de-empresas\/\"]}]},{\"@type\":\"ImageObject\",\"inLanguage\":\"pt-BR\",\"@id\":\"https:\/\/www.notibras.com\/site\/motoboys-de-aplicativo-rejeitam-proposta-de-empresas\/#primaryimage\",\"url\":\"https:\/\/www.notibras.com\/site\/wp-content\/uploads\/2023\/09\/vac_abr1209234248.jpg\",\"contentUrl\":\"https:\/\/www.notibras.com\/site\/wp-content\/uploads\/2023\/09\/vac_abr1209234248.jpg\",\"width\":1170,\"height\":700,\"caption\":\"Bras\u00edlia, (DF) \u2013 12\/09\/2023 \u2013 Manifesta\u00e7\u00e3o de varios sindicatos de Motoboys, em frente ao Min. do Trabalho, durante a \u00a0Primeira reuni\u00e3o do grupo de trabalho interministerial (GTI)oto Valter Campanato\/Ag\u00eancia Brasil.\"},{\"@type\":\"BreadcrumbList\",\"@id\":\"https:\/\/www.notibras.com\/site\/motoboys-de-aplicativo-rejeitam-proposta-de-empresas\/#breadcrumb\",\"itemListElement\":[{\"@type\":\"ListItem\",\"position\":1,\"name\":\"In\u00edcio\",\"item\":\"https:\/\/www.notibras.com\/site\/\"},{\"@type\":\"ListItem\",\"position\":2,\"name\":\"Motoboys de aplicativo rejeitam proposta de empresas\"}]},{\"@type\":\"WebSite\",\"@id\":\"https:\/\/www.notibras.com\/site\/#website\",\"url\":\"https:\/\/www.notibras.com\/site\/\",\"name\":\"Notibras\",\"description\":\"Not\u00edcias de Bras\u00edlia, do Brasil e do Mundo\",\"publisher\":{\"@id\":\"https:\/\/www.notibras.com\/site\/#organization\"},\"potentialAction\":[{\"@type\":\"SearchAction\",\"target\":{\"@type\":\"EntryPoint\",\"urlTemplate\":\"https:\/\/www.notibras.com\/site\/?s={search_term_string}\"},\"query-input\":{\"@type\":\"PropertyValueSpecification\",\"valueRequired\":true,\"valueName\":\"search_term_string\"}}],\"inLanguage\":\"pt-BR\"},{\"@type\":\"Organization\",\"@id\":\"https:\/\/www.notibras.com\/site\/#organization\",\"name\":\"Grupo Notibras de Comunica\u00e7\u00e3o\",\"url\":\"https:\/\/www.notibras.com\/site\/\",\"logo\":{\"@type\":\"ImageObject\",\"inLanguage\":\"pt-BR\",\"@id\":\"https:\/\/www.notibras.com\/site\/#\/schema\/logo\/image\/\",\"url\":\"https:\/\/www.notibras.com\/site\/wp-content\/uploads\/2023\/01\/notibras23.png\",\"contentUrl\":\"https:\/\/www.notibras.com\/site\/wp-content\/uploads\/2023\/01\/notibras23.png\",\"width\":350,\"height\":87,\"caption\":\"Grupo Notibras de Comunica\u00e7\u00e3o\"},\"image\":{\"@id\":\"https:\/\/www.notibras.com\/site\/#\/schema\/logo\/image\/\"},\"sameAs\":[\"https:\/\/www.facebook.com\/notibras\/\",\"https:\/\/x.com\/Notibras\",\"https:\/\/www.instagram.com\/notibras\/\"]},{\"@type\":\"Person\",\"@id\":\"https:\/\/www.notibras.com\/site\/#\/schema\/person\/36ab0979449956132d3e5b517ea76ac8\",\"name\":\"Reda\u00e7\u00e3o\",\"image\":{\"@type\":\"ImageObject\",\"inLanguage\":\"pt-BR\",\"@id\":\"https:\/\/secure.gravatar.com\/avatar\/e0a867bdedb85fd243eadf09663511f96fc81e0720a4a42581f334ad4303aa6b?s=96&d=mm&r=g\",\"url\":\"https:\/\/secure.gravatar.com\/avatar\/e0a867bdedb85fd243eadf09663511f96fc81e0720a4a42581f334ad4303aa6b?s=96&d=mm&r=g\",\"contentUrl\":\"https:\/\/secure.gravatar.com\/avatar\/e0a867bdedb85fd243eadf09663511f96fc81e0720a4a42581f334ad4303aa6b?s=96&d=mm&r=g\",\"caption\":\"Reda\u00e7\u00e3o\"}}]}<\/script>\n<!-- \/ Yoast SEO plugin. -->","yoast_head_json":{"title":"Motoboys de aplicativo rejeitam proposta de empresas - Notibras","robots":{"index":"index","follow":"follow","max-snippet":"max-snippet:-1","max-image-preview":"max-image-preview:large","max-video-preview":"max-video-preview:-1"},"canonical":"https:\/\/www.notibras.com\/site\/motoboys-de-aplicativo-rejeitam-proposta-de-empresas\/","og_locale":"pt_BR","og_type":"article","og_title":"Motoboys de aplicativo rejeitam proposta de empresas - Notibras","og_description":"Motoboys e empresas de plataformas digitais n\u00e3o chegaram a um acordo para melhorar as condi\u00e7\u00f5es de trabalho dos entregadores. Ap\u00f3s pouco mais de quatro meses de negocia\u00e7\u00e3o em um grupo de trabalho (GT) institu\u00eddo pelo governo federal, representantes dos profissionais de entrega sa\u00edram insatisfeitos da reuni\u00e3o realizada na tarde desta ter\u00e7a-feira (12), no Minist\u00e9rio do [&hellip;]","og_url":"https:\/\/www.notibras.com\/site\/motoboys-de-aplicativo-rejeitam-proposta-de-empresas\/","og_site_name":"Notibras","article_publisher":"https:\/\/www.facebook.com\/notibras\/","article_published_time":"2023-09-13T03:00:04+00:00","article_modified_time":"2023-09-13T05:47:33+00:00","og_image":[{"width":1170,"height":700,"url":"https:\/\/www.notibras.com\/site\/wp-content\/uploads\/2023\/09\/vac_abr1209234248.jpg","type":"image\/jpeg"}],"author":"Reda\u00e7\u00e3o","twitter_card":"summary_large_image","twitter_creator":"@Notibras","twitter_site":"@Notibras","twitter_misc":{"Escrito por":"Reda\u00e7\u00e3o","Est. tempo de leitura":"4 minutos"},"schema":{"@context":"https:\/\/schema.org","@graph":[{"@type":"Article","@id":"https:\/\/www.notibras.com\/site\/motoboys-de-aplicativo-rejeitam-proposta-de-empresas\/#article","isPartOf":{"@id":"https:\/\/www.notibras.com\/site\/motoboys-de-aplicativo-rejeitam-proposta-de-empresas\/"},"author":{"name":"Reda\u00e7\u00e3o","@id":"https:\/\/www.notibras.com\/site\/#\/schema\/person\/36ab0979449956132d3e5b517ea76ac8"},"headline":"Motoboys de aplicativo rejeitam proposta de empresas","datePublished":"2023-09-13T03:00:04+00:00","dateModified":"2023-09-13T05:47:33+00:00","mainEntityOfPage":{"@id":"https:\/\/www.notibras.com\/site\/motoboys-de-aplicativo-rejeitam-proposta-de-empresas\/"},"wordCount":628,"publisher":{"@id":"https:\/\/www.notibras.com\/site\/#organization"},"image":{"@id":"https:\/\/www.notibras.com\/site\/motoboys-de-aplicativo-rejeitam-proposta-de-empresas\/#primaryimage"},"thumbnailUrl":"https:\/\/www.notibras.com\/site\/wp-content\/uploads\/2023\/09\/vac_abr1209234248.jpg","articleSection":["Quadradinho em Foco"],"inLanguage":"pt-BR"},{"@type":"WebPage","@id":"https:\/\/www.notibras.com\/site\/motoboys-de-aplicativo-rejeitam-proposta-de-empresas\/","url":"https:\/\/www.notibras.com\/site\/motoboys-de-aplicativo-rejeitam-proposta-de-empresas\/","name":"Motoboys de aplicativo rejeitam proposta de empresas - Notibras","isPartOf":{"@id":"https:\/\/www.notibras.com\/site\/#website"},"primaryImageOfPage":{"@id":"https:\/\/www.notibras.com\/site\/motoboys-de-aplicativo-rejeitam-proposta-de-empresas\/#primaryimage"},"image":{"@id":"https:\/\/www.notibras.com\/site\/motoboys-de-aplicativo-rejeitam-proposta-de-empresas\/#primaryimage"},"thumbnailUrl":"https:\/\/www.notibras.com\/site\/wp-content\/uploads\/2023\/09\/vac_abr1209234248.jpg","datePublished":"2023-09-13T03:00:04+00:00","dateModified":"2023-09-13T05:47:33+00:00","breadcrumb":{"@id":"https:\/\/www.notibras.com\/site\/motoboys-de-aplicativo-rejeitam-proposta-de-empresas\/#breadcrumb"},"inLanguage":"pt-BR","potentialAction":[{"@type":"ReadAction","target":["https:\/\/www.notibras.com\/site\/motoboys-de-aplicativo-rejeitam-proposta-de-empresas\/"]}]},{"@type":"ImageObject","inLanguage":"pt-BR","@id":"https:\/\/www.notibras.com\/site\/motoboys-de-aplicativo-rejeitam-proposta-de-empresas\/#primaryimage","url":"https:\/\/www.notibras.com\/site\/wp-content\/uploads\/2023\/09\/vac_abr1209234248.jpg","contentUrl":"https:\/\/www.notibras.com\/site\/wp-content\/uploads\/2023\/09\/vac_abr1209234248.jpg","width":1170,"height":700,"caption":"Bras\u00edlia, (DF) \u2013 12\/09\/2023 \u2013 Manifesta\u00e7\u00e3o de varios sindicatos de Motoboys, em frente ao Min. do Trabalho, durante a \u00a0Primeira reuni\u00e3o do grupo de trabalho interministerial (GTI)oto Valter Campanato\/Ag\u00eancia Brasil."},{"@type":"BreadcrumbList","@id":"https:\/\/www.notibras.com\/site\/motoboys-de-aplicativo-rejeitam-proposta-de-empresas\/#breadcrumb","itemListElement":[{"@type":"ListItem","position":1,"name":"In\u00edcio","item":"https:\/\/www.notibras.com\/site\/"},{"@type":"ListItem","position":2,"name":"Motoboys de aplicativo rejeitam proposta de empresas"}]},{"@type":"WebSite","@id":"https:\/\/www.notibras.com\/site\/#website","url":"https:\/\/www.notibras.com\/site\/","name":"Notibras","description":"Not\u00edcias de Bras\u00edlia, do Brasil e do Mundo","publisher":{"@id":"https:\/\/www.notibras.com\/site\/#organization"},"potentialAction":[{"@type":"SearchAction","target":{"@type":"EntryPoint","urlTemplate":"https:\/\/www.notibras.com\/site\/?s={search_term_string}"},"query-input":{"@type":"PropertyValueSpecification","valueRequired":true,"valueName":"search_term_string"}}],"inLanguage":"pt-BR"},{"@type":"Organization","@id":"https:\/\/www.notibras.com\/site\/#organization","name":"Grupo Notibras de Comunica\u00e7\u00e3o","url":"https:\/\/www.notibras.com\/site\/","logo":{"@type":"ImageObject","inLanguage":"pt-BR","@id":"https:\/\/www.notibras.com\/site\/#\/schema\/logo\/image\/","url":"https:\/\/www.notibras.com\/site\/wp-content\/uploads\/2023\/01\/notibras23.png","contentUrl":"https:\/\/www.notibras.com\/site\/wp-content\/uploads\/2023\/01\/notibras23.png","width":350,"height":87,"caption":"Grupo Notibras de Comunica\u00e7\u00e3o"},"image":{"@id":"https:\/\/www.notibras.com\/site\/#\/schema\/logo\/image\/"},"sameAs":["https:\/\/www.facebook.com\/notibras\/","https:\/\/x.com\/Notibras","https:\/\/www.instagram.com\/notibras\/"]},{"@type":"Person","@id":"https:\/\/www.notibras.com\/site\/#\/schema\/person\/36ab0979449956132d3e5b517ea76ac8","name":"Reda\u00e7\u00e3o","image":{"@type":"ImageObject","inLanguage":"pt-BR","@id":"https:\/\/secure.gravatar.com\/avatar\/e0a867bdedb85fd243eadf09663511f96fc81e0720a4a42581f334ad4303aa6b?s=96&d=mm&r=g","url":"https:\/\/secure.gravatar.com\/avatar\/e0a867bdedb85fd243eadf09663511f96fc81e0720a4a42581f334ad4303aa6b?s=96&d=mm&r=g","contentUrl":"https:\/\/secure.gravatar.com\/avatar\/e0a867bdedb85fd243eadf09663511f96fc81e0720a4a42581f334ad4303aa6b?s=96&d=mm&r=g","caption":"Reda\u00e7\u00e3o"}}]}},"amp_enabled":true,"_links":{"self":[{"href":"https:\/\/www.notibras.com\/site\/wp-json\/wp\/v2\/posts\/312810","targetHints":{"allow":["GET"]}}],"collection":[{"href":"https:\/\/www.notibras.com\/site\/wp-json\/wp\/v2\/posts"}],"about":[{"href":"https:\/\/www.notibras.com\/site\/wp-json\/wp\/v2\/types\/post"}],"author":[{"embeddable":true,"href":"https:\/\/www.notibras.com\/site\/wp-json\/wp\/v2\/users\/2"}],"replies":[{"embeddable":true,"href":"https:\/\/www.notibras.com\/site\/wp-json\/wp\/v2\/comments?post=312810"}],"version-history":[{"count":1,"href":"https:\/\/www.notibras.com\/site\/wp-json\/wp\/v2\/posts\/312810\/revisions"}],"predecessor-version":[{"id":312813,"href":"https:\/\/www.notibras.com\/site\/wp-json\/wp\/v2\/posts\/312810\/revisions\/312813"}],"wp:featuredmedia":[{"embeddable":true,"href":"https:\/\/www.notibras.com\/site\/wp-json\/wp\/v2\/media\/312812"}],"wp:attachment":[{"href":"https:\/\/www.notibras.com\/site\/wp-json\/wp\/v2\/media?parent=312810"}],"wp:term":[{"taxonomy":"category","embeddable":true,"href":"https:\/\/www.notibras.com\/site\/wp-json\/wp\/v2\/categories?post=312810"},{"taxonomy":"post_tag","embeddable":true,"href":"https:\/\/www.notibras.com\/site\/wp-json\/wp\/v2\/tags?post=312810"}],"curies":[{"name":"wp","href":"https:\/\/api.w.org\/{rel}","templated":true}]}}