{"id":312867,"date":"2023-09-13T12:05:06","date_gmt":"2023-09-13T15:05:06","guid":{"rendered":"https:\/\/www.notibras.com\/site\/?p=312867"},"modified":"2023-09-13T16:21:57","modified_gmt":"2023-09-13T19:21:57","slug":"febre-maculosa-pode-ter-chegado-e-se-espalhado-no-df","status":"publish","type":"post","link":"https:\/\/www.notibras.com\/site\/febre-maculosa-pode-ter-chegado-e-se-espalhado-no-df\/","title":{"rendered":"Febre maculosa pode ter chegado e se espalhado no DF"},"content":{"rendered":"<p>A Secretaria de Sa\u00fade est\u00e1 investigando 42 casos suspeitos de febre maculosa no Distrito FGederal. Ao todo, a pasta registra 104 casos notificados da doen\u00e7a este ano, sendo que 62 foram descartados.<\/p>\n<p>Em nota, a secretaria destacou que, para que os casos possam ser confirmados ou descartados, \u00e9 necess\u00e1rio que sejam feitas duas coletas de exames, com duas semanas de intervalo entre elas, o que causa demora na avalia\u00e7\u00e3o.<\/p>\n<p>\u201cSalientamos, no entanto, que o DF n\u00e3o \u00e9 uma \u00e1rea end\u00eamica e n\u00e3o possui casos confirmados da doen\u00e7a h\u00e1 20 anos\u201d, diz a secretaria em nota.<\/p>\n<p><strong>A doen\u00e7a<\/strong><br \/>\nA febre maculosa \u00e9 causada pela picada de carrapatos infectados com a bact\u00e9ria Rickettsia rickettssi quando o artr\u00f3pode permanece aderido ao hospedeiro por um per\u00edodo de 4 a 6 horas.<\/p>\n<p>De acordo com classifica\u00e7\u00e3o da Secretaria de Sa\u00fade, \u00e9 uma doen\u00e7a infecciosa febril aguda de gravidade vari\u00e1vel, podendo manifestar desde quadros leves at\u00e9 formas graves da doen\u00e7a.<\/p>\n<p>Os casos suspeitos devem ser notificados de forma compuls\u00f3ria \u00e0s autoridades locais. O registro precisa ser feito por meio da Ficha de Investiga\u00e7\u00e3o de Febre Maculosa do Sistema de Informa\u00e7\u00e3o de Agravos de Notifica\u00e7\u00e3o (Sinan).<\/p>\n<p><strong>Transmiss\u00e3o<\/strong><br \/>\nNo Brasil, os principais vetores s\u00e3o os carrapatos do g\u00eanero Amblyomma, tais como A. sculptum, conhecido como carrapato estrela; A. aureolatum e A. ovale. Entretanto, potencialmente, qualquer esp\u00e9cie de carrapato pode albergar a bact\u00e9ria causadora da febre maculosa, incluindo o carrapato de cachorro, por exemplo.<\/p>\n<p>Os sintomas incluem febre; dor de cabe\u00e7a intensa; n\u00e1useas e v\u00f4mitos; diarreia e dor abdominal; dor muscular constante; incha\u00e7o e vermelhid\u00e3o nas palmas das m\u00e3os e na sola dos p\u00e9s; gangrena nos dedos e orelhas; paralisia dos membros, que inicia nas pernas e vai subindo at\u00e9 os pulm\u00f5es, causando parada respirat\u00f3ria.<\/p>\n<p><strong>Preven\u00e7\u00e3o<\/strong><br \/>\nDentre as orienta\u00e7\u00f5es para preven\u00e7\u00e3o da doen\u00e7a est\u00e1 o uso de roupas claras, para ajudar a identificar o carrapato, uma vez que ele \u00e9 escuro; o uso de cal\u00e7as, botas e blusas com mangas compridas ao caminhar em \u00e1reas arborizadas e gramadas; evitar andar em locais com grama ou vegeta\u00e7\u00e3o alta; o uso de repelentes contra insetos; verificar se voc\u00ea e seus animais de estima\u00e7\u00e3o est\u00e3o com carrapatos.<\/p>\n<p>Caso encontre um carrapato aderido ao corpo, a secretaria pede que ele seja removido com uma pin\u00e7a. \u201cN\u00e3o aperte ou esmague o carrapato, mas puxe com cuidado e firmeza. Depois de remover o carrapato inteiro, lave a \u00e1rea da mordida com \u00e1lcool ou sab\u00e3o e \u00e1gua. Quanto mais r\u00e1pido retirar os carrapatos do corpo, menor ser\u00e1 o risco de contrair a doen\u00e7a. Ap\u00f3s a utiliza\u00e7\u00e3o, coloque todas as pe\u00e7as de roupas em \u00e1gua fervente para a retirada dos insetos\u201d, recomenda.<\/p>\n<p><strong>Tratamento<\/strong><br \/>\nO tratamento oportuno da febre maculosa \u00e9 considerado essencial para evitar formas mais graves da doen\u00e7a. \u201cAssim que surgirem os primeiros sintomas, \u00e9 importante procurar uma unidade de sa\u00fade para avalia\u00e7\u00e3o m\u00e9dica. O tratamento \u00e9 feito com antibi\u00f3tico espec\u00edfico. Em determinados casos, pode ser necess\u00e1ria a interna\u00e7\u00e3o da pessoa\u201d, destacou a secretaria.<\/p>\n<p>O tratamento \u00e9 empregado por um per\u00edodo de 7 dias, devendo ser mantido por 3 dias ap\u00f3s o t\u00e9rmino da febre. A falta ou demora no tratamento da febre maculosa pode agravar o caso, podendo levar ao \u00f3bito.<\/p>\n","protected":false},"excerpt":{"rendered":"<p>A Secretaria de Sa\u00fade est\u00e1 investigando 42 casos suspeitos de febre maculosa no Distrito FGederal. Ao todo, a pasta registra 104 casos notificados da doen\u00e7a este ano, sendo que 62 foram descartados. Em nota, a secretaria destacou que, para que os casos possam ser confirmados ou descartados, \u00e9 necess\u00e1rio que sejam feitas duas coletas de [&hellip;]<\/p>\n","protected":false},"author":2,"featured_media":312868,"comment_status":"closed","ping_status":"closed","sticky":false,"template":"","format":"standard","meta":{"_acf_changed":false,"footnotes":""},"categories":[161],"tags":[],"class_list":["post-312867","post","type-post","status-publish","format-standard","has-post-thumbnail","hentry","category-quadradinho-em-foco"],"acf":[],"yoast_head":"<!-- This site is optimized with the Yoast SEO plugin v27.2 - https:\/\/yoast.com\/product\/yoast-seo-wordpress\/ -->\n<title>Febre maculosa pode ter chegado e se espalhado no DF - Notibras<\/title>\n<meta name=\"robots\" content=\"index, follow, max-snippet:-1, max-image-preview:large, max-video-preview:-1\" \/>\n<link rel=\"canonical\" href=\"https:\/\/www.notibras.com\/site\/febre-maculosa-pode-ter-chegado-e-se-espalhado-no-df\/\" \/>\n<meta property=\"og:locale\" content=\"pt_BR\" \/>\n<meta property=\"og:type\" content=\"article\" \/>\n<meta property=\"og:title\" content=\"Febre maculosa pode ter chegado e se espalhado no DF - Notibras\" \/>\n<meta property=\"og:description\" content=\"A Secretaria de Sa\u00fade est\u00e1 investigando 42 casos suspeitos de febre maculosa no Distrito FGederal. Ao todo, a pasta registra 104 casos notificados da doen\u00e7a este ano, sendo que 62 foram descartados. Em nota, a secretaria destacou que, para que os casos possam ser confirmados ou descartados, \u00e9 necess\u00e1rio que sejam feitas duas coletas de [&hellip;]\" \/>\n<meta property=\"og:url\" content=\"https:\/\/www.notibras.com\/site\/febre-maculosa-pode-ter-chegado-e-se-espalhado-no-df\/\" \/>\n<meta property=\"og:site_name\" content=\"Notibras\" \/>\n<meta property=\"article:publisher\" content=\"https:\/\/www.facebook.com\/notibras\/\" \/>\n<meta property=\"article:published_time\" content=\"2023-09-13T15:05:06+00:00\" \/>\n<meta property=\"article:modified_time\" content=\"2023-09-13T19:21:57+00:00\" \/>\n<meta property=\"og:image\" content=\"https:\/\/www.notibras.com\/site\/wp-content\/uploads\/2023\/09\/carrapato2_0-2.jpg\" \/>\n\t<meta property=\"og:image:width\" content=\"1170\" \/>\n\t<meta property=\"og:image:height\" content=\"700\" \/>\n\t<meta property=\"og:image:type\" content=\"image\/jpeg\" \/>\n<meta name=\"author\" content=\"Reda\u00e7\u00e3o\" \/>\n<meta name=\"twitter:card\" content=\"summary_large_image\" \/>\n<meta name=\"twitter:creator\" content=\"@Notibras\" \/>\n<meta name=\"twitter:site\" content=\"@Notibras\" \/>\n<meta name=\"twitter:label1\" content=\"Escrito por\" \/>\n\t<meta name=\"twitter:data1\" content=\"Reda\u00e7\u00e3o\" \/>\n\t<meta name=\"twitter:label2\" content=\"Est. tempo de leitura\" \/>\n\t<meta name=\"twitter:data2\" content=\"3 minutos\" \/>\n<script type=\"application\/ld+json\" class=\"yoast-schema-graph\">{\"@context\":\"https:\/\/schema.org\",\"@graph\":[{\"@type\":\"Article\",\"@id\":\"https:\/\/www.notibras.com\/site\/febre-maculosa-pode-ter-chegado-e-se-espalhado-no-df\/#article\",\"isPartOf\":{\"@id\":\"https:\/\/www.notibras.com\/site\/febre-maculosa-pode-ter-chegado-e-se-espalhado-no-df\/\"},\"author\":{\"name\":\"Reda\u00e7\u00e3o\",\"@id\":\"https:\/\/www.notibras.com\/site\/#\/schema\/person\/36ab0979449956132d3e5b517ea76ac8\"},\"headline\":\"Febre maculosa pode ter chegado e se espalhado no DF\",\"datePublished\":\"2023-09-13T15:05:06+00:00\",\"dateModified\":\"2023-09-13T19:21:57+00:00\",\"mainEntityOfPage\":{\"@id\":\"https:\/\/www.notibras.com\/site\/febre-maculosa-pode-ter-chegado-e-se-espalhado-no-df\/\"},\"wordCount\":581,\"publisher\":{\"@id\":\"https:\/\/www.notibras.com\/site\/#organization\"},\"image\":{\"@id\":\"https:\/\/www.notibras.com\/site\/febre-maculosa-pode-ter-chegado-e-se-espalhado-no-df\/#primaryimage\"},\"thumbnailUrl\":\"https:\/\/www.notibras.com\/site\/wp-content\/uploads\/2023\/09\/carrapato2_0-2.jpg\",\"articleSection\":[\"Quadradinho em Foco\"],\"inLanguage\":\"pt-BR\"},{\"@type\":\"WebPage\",\"@id\":\"https:\/\/www.notibras.com\/site\/febre-maculosa-pode-ter-chegado-e-se-espalhado-no-df\/\",\"url\":\"https:\/\/www.notibras.com\/site\/febre-maculosa-pode-ter-chegado-e-se-espalhado-no-df\/\",\"name\":\"Febre maculosa pode ter chegado e se espalhado no DF - Notibras\",\"isPartOf\":{\"@id\":\"https:\/\/www.notibras.com\/site\/#website\"},\"primaryImageOfPage\":{\"@id\":\"https:\/\/www.notibras.com\/site\/febre-maculosa-pode-ter-chegado-e-se-espalhado-no-df\/#primaryimage\"},\"image\":{\"@id\":\"https:\/\/www.notibras.com\/site\/febre-maculosa-pode-ter-chegado-e-se-espalhado-no-df\/#primaryimage\"},\"thumbnailUrl\":\"https:\/\/www.notibras.com\/site\/wp-content\/uploads\/2023\/09\/carrapato2_0-2.jpg\",\"datePublished\":\"2023-09-13T15:05:06+00:00\",\"dateModified\":\"2023-09-13T19:21:57+00:00\",\"breadcrumb\":{\"@id\":\"https:\/\/www.notibras.com\/site\/febre-maculosa-pode-ter-chegado-e-se-espalhado-no-df\/#breadcrumb\"},\"inLanguage\":\"pt-BR\",\"potentialAction\":[{\"@type\":\"ReadAction\",\"target\":[\"https:\/\/www.notibras.com\/site\/febre-maculosa-pode-ter-chegado-e-se-espalhado-no-df\/\"]}]},{\"@type\":\"ImageObject\",\"inLanguage\":\"pt-BR\",\"@id\":\"https:\/\/www.notibras.com\/site\/febre-maculosa-pode-ter-chegado-e-se-espalhado-no-df\/#primaryimage\",\"url\":\"https:\/\/www.notibras.com\/site\/wp-content\/uploads\/2023\/09\/carrapato2_0-2.jpg\",\"contentUrl\":\"https:\/\/www.notibras.com\/site\/wp-content\/uploads\/2023\/09\/carrapato2_0-2.jpg\",\"width\":1170,\"height\":700,\"caption\":\"Carrapato-estrela, transmissor da bact\u00e9ria causadora da Febre Maculosa. Foto: Prefeitura de Jundia\u00ed\"},{\"@type\":\"BreadcrumbList\",\"@id\":\"https:\/\/www.notibras.com\/site\/febre-maculosa-pode-ter-chegado-e-se-espalhado-no-df\/#breadcrumb\",\"itemListElement\":[{\"@type\":\"ListItem\",\"position\":1,\"name\":\"In\u00edcio\",\"item\":\"https:\/\/www.notibras.com\/site\/\"},{\"@type\":\"ListItem\",\"position\":2,\"name\":\"Febre maculosa pode ter chegado e se espalhado no DF\"}]},{\"@type\":\"WebSite\",\"@id\":\"https:\/\/www.notibras.com\/site\/#website\",\"url\":\"https:\/\/www.notibras.com\/site\/\",\"name\":\"Notibras\",\"description\":\"Not\u00edcias de Bras\u00edlia, do Brasil e do Mundo\",\"publisher\":{\"@id\":\"https:\/\/www.notibras.com\/site\/#organization\"},\"potentialAction\":[{\"@type\":\"SearchAction\",\"target\":{\"@type\":\"EntryPoint\",\"urlTemplate\":\"https:\/\/www.notibras.com\/site\/?s={search_term_string}\"},\"query-input\":{\"@type\":\"PropertyValueSpecification\",\"valueRequired\":true,\"valueName\":\"search_term_string\"}}],\"inLanguage\":\"pt-BR\"},{\"@type\":\"Organization\",\"@id\":\"https:\/\/www.notibras.com\/site\/#organization\",\"name\":\"Grupo Notibras de Comunica\u00e7\u00e3o\",\"url\":\"https:\/\/www.notibras.com\/site\/\",\"logo\":{\"@type\":\"ImageObject\",\"inLanguage\":\"pt-BR\",\"@id\":\"https:\/\/www.notibras.com\/site\/#\/schema\/logo\/image\/\",\"url\":\"https:\/\/www.notibras.com\/site\/wp-content\/uploads\/2023\/01\/notibras23.png\",\"contentUrl\":\"https:\/\/www.notibras.com\/site\/wp-content\/uploads\/2023\/01\/notibras23.png\",\"width\":350,\"height\":87,\"caption\":\"Grupo Notibras de Comunica\u00e7\u00e3o\"},\"image\":{\"@id\":\"https:\/\/www.notibras.com\/site\/#\/schema\/logo\/image\/\"},\"sameAs\":[\"https:\/\/www.facebook.com\/notibras\/\",\"https:\/\/x.com\/Notibras\",\"https:\/\/www.instagram.com\/notibras\/\"]},{\"@type\":\"Person\",\"@id\":\"https:\/\/www.notibras.com\/site\/#\/schema\/person\/36ab0979449956132d3e5b517ea76ac8\",\"name\":\"Reda\u00e7\u00e3o\",\"image\":{\"@type\":\"ImageObject\",\"inLanguage\":\"pt-BR\",\"@id\":\"https:\/\/secure.gravatar.com\/avatar\/e0a867bdedb85fd243eadf09663511f96fc81e0720a4a42581f334ad4303aa6b?s=96&d=mm&r=g\",\"url\":\"https:\/\/secure.gravatar.com\/avatar\/e0a867bdedb85fd243eadf09663511f96fc81e0720a4a42581f334ad4303aa6b?s=96&d=mm&r=g\",\"contentUrl\":\"https:\/\/secure.gravatar.com\/avatar\/e0a867bdedb85fd243eadf09663511f96fc81e0720a4a42581f334ad4303aa6b?s=96&d=mm&r=g\",\"caption\":\"Reda\u00e7\u00e3o\"}}]}<\/script>\n<!-- \/ Yoast SEO plugin. -->","yoast_head_json":{"title":"Febre maculosa pode ter chegado e se espalhado no DF - Notibras","robots":{"index":"index","follow":"follow","max-snippet":"max-snippet:-1","max-image-preview":"max-image-preview:large","max-video-preview":"max-video-preview:-1"},"canonical":"https:\/\/www.notibras.com\/site\/febre-maculosa-pode-ter-chegado-e-se-espalhado-no-df\/","og_locale":"pt_BR","og_type":"article","og_title":"Febre maculosa pode ter chegado e se espalhado no DF - Notibras","og_description":"A Secretaria de Sa\u00fade est\u00e1 investigando 42 casos suspeitos de febre maculosa no Distrito FGederal. Ao todo, a pasta registra 104 casos notificados da doen\u00e7a este ano, sendo que 62 foram descartados. Em nota, a secretaria destacou que, para que os casos possam ser confirmados ou descartados, \u00e9 necess\u00e1rio que sejam feitas duas coletas de [&hellip;]","og_url":"https:\/\/www.notibras.com\/site\/febre-maculosa-pode-ter-chegado-e-se-espalhado-no-df\/","og_site_name":"Notibras","article_publisher":"https:\/\/www.facebook.com\/notibras\/","article_published_time":"2023-09-13T15:05:06+00:00","article_modified_time":"2023-09-13T19:21:57+00:00","og_image":[{"width":1170,"height":700,"url":"https:\/\/www.notibras.com\/site\/wp-content\/uploads\/2023\/09\/carrapato2_0-2.jpg","type":"image\/jpeg"}],"author":"Reda\u00e7\u00e3o","twitter_card":"summary_large_image","twitter_creator":"@Notibras","twitter_site":"@Notibras","twitter_misc":{"Escrito por":"Reda\u00e7\u00e3o","Est. tempo de leitura":"3 minutos"},"schema":{"@context":"https:\/\/schema.org","@graph":[{"@type":"Article","@id":"https:\/\/www.notibras.com\/site\/febre-maculosa-pode-ter-chegado-e-se-espalhado-no-df\/#article","isPartOf":{"@id":"https:\/\/www.notibras.com\/site\/febre-maculosa-pode-ter-chegado-e-se-espalhado-no-df\/"},"author":{"name":"Reda\u00e7\u00e3o","@id":"https:\/\/www.notibras.com\/site\/#\/schema\/person\/36ab0979449956132d3e5b517ea76ac8"},"headline":"Febre maculosa pode ter chegado e se espalhado no DF","datePublished":"2023-09-13T15:05:06+00:00","dateModified":"2023-09-13T19:21:57+00:00","mainEntityOfPage":{"@id":"https:\/\/www.notibras.com\/site\/febre-maculosa-pode-ter-chegado-e-se-espalhado-no-df\/"},"wordCount":581,"publisher":{"@id":"https:\/\/www.notibras.com\/site\/#organization"},"image":{"@id":"https:\/\/www.notibras.com\/site\/febre-maculosa-pode-ter-chegado-e-se-espalhado-no-df\/#primaryimage"},"thumbnailUrl":"https:\/\/www.notibras.com\/site\/wp-content\/uploads\/2023\/09\/carrapato2_0-2.jpg","articleSection":["Quadradinho em Foco"],"inLanguage":"pt-BR"},{"@type":"WebPage","@id":"https:\/\/www.notibras.com\/site\/febre-maculosa-pode-ter-chegado-e-se-espalhado-no-df\/","url":"https:\/\/www.notibras.com\/site\/febre-maculosa-pode-ter-chegado-e-se-espalhado-no-df\/","name":"Febre maculosa pode ter chegado e se espalhado no DF - Notibras","isPartOf":{"@id":"https:\/\/www.notibras.com\/site\/#website"},"primaryImageOfPage":{"@id":"https:\/\/www.notibras.com\/site\/febre-maculosa-pode-ter-chegado-e-se-espalhado-no-df\/#primaryimage"},"image":{"@id":"https:\/\/www.notibras.com\/site\/febre-maculosa-pode-ter-chegado-e-se-espalhado-no-df\/#primaryimage"},"thumbnailUrl":"https:\/\/www.notibras.com\/site\/wp-content\/uploads\/2023\/09\/carrapato2_0-2.jpg","datePublished":"2023-09-13T15:05:06+00:00","dateModified":"2023-09-13T19:21:57+00:00","breadcrumb":{"@id":"https:\/\/www.notibras.com\/site\/febre-maculosa-pode-ter-chegado-e-se-espalhado-no-df\/#breadcrumb"},"inLanguage":"pt-BR","potentialAction":[{"@type":"ReadAction","target":["https:\/\/www.notibras.com\/site\/febre-maculosa-pode-ter-chegado-e-se-espalhado-no-df\/"]}]},{"@type":"ImageObject","inLanguage":"pt-BR","@id":"https:\/\/www.notibras.com\/site\/febre-maculosa-pode-ter-chegado-e-se-espalhado-no-df\/#primaryimage","url":"https:\/\/www.notibras.com\/site\/wp-content\/uploads\/2023\/09\/carrapato2_0-2.jpg","contentUrl":"https:\/\/www.notibras.com\/site\/wp-content\/uploads\/2023\/09\/carrapato2_0-2.jpg","width":1170,"height":700,"caption":"Carrapato-estrela, transmissor da bact\u00e9ria causadora da Febre Maculosa. Foto: Prefeitura de Jundia\u00ed"},{"@type":"BreadcrumbList","@id":"https:\/\/www.notibras.com\/site\/febre-maculosa-pode-ter-chegado-e-se-espalhado-no-df\/#breadcrumb","itemListElement":[{"@type":"ListItem","position":1,"name":"In\u00edcio","item":"https:\/\/www.notibras.com\/site\/"},{"@type":"ListItem","position":2,"name":"Febre maculosa pode ter chegado e se espalhado no DF"}]},{"@type":"WebSite","@id":"https:\/\/www.notibras.com\/site\/#website","url":"https:\/\/www.notibras.com\/site\/","name":"Notibras","description":"Not\u00edcias de Bras\u00edlia, do Brasil e do Mundo","publisher":{"@id":"https:\/\/www.notibras.com\/site\/#organization"},"potentialAction":[{"@type":"SearchAction","target":{"@type":"EntryPoint","urlTemplate":"https:\/\/www.notibras.com\/site\/?s={search_term_string}"},"query-input":{"@type":"PropertyValueSpecification","valueRequired":true,"valueName":"search_term_string"}}],"inLanguage":"pt-BR"},{"@type":"Organization","@id":"https:\/\/www.notibras.com\/site\/#organization","name":"Grupo Notibras de Comunica\u00e7\u00e3o","url":"https:\/\/www.notibras.com\/site\/","logo":{"@type":"ImageObject","inLanguage":"pt-BR","@id":"https:\/\/www.notibras.com\/site\/#\/schema\/logo\/image\/","url":"https:\/\/www.notibras.com\/site\/wp-content\/uploads\/2023\/01\/notibras23.png","contentUrl":"https:\/\/www.notibras.com\/site\/wp-content\/uploads\/2023\/01\/notibras23.png","width":350,"height":87,"caption":"Grupo Notibras de Comunica\u00e7\u00e3o"},"image":{"@id":"https:\/\/www.notibras.com\/site\/#\/schema\/logo\/image\/"},"sameAs":["https:\/\/www.facebook.com\/notibras\/","https:\/\/x.com\/Notibras","https:\/\/www.instagram.com\/notibras\/"]},{"@type":"Person","@id":"https:\/\/www.notibras.com\/site\/#\/schema\/person\/36ab0979449956132d3e5b517ea76ac8","name":"Reda\u00e7\u00e3o","image":{"@type":"ImageObject","inLanguage":"pt-BR","@id":"https:\/\/secure.gravatar.com\/avatar\/e0a867bdedb85fd243eadf09663511f96fc81e0720a4a42581f334ad4303aa6b?s=96&d=mm&r=g","url":"https:\/\/secure.gravatar.com\/avatar\/e0a867bdedb85fd243eadf09663511f96fc81e0720a4a42581f334ad4303aa6b?s=96&d=mm&r=g","contentUrl":"https:\/\/secure.gravatar.com\/avatar\/e0a867bdedb85fd243eadf09663511f96fc81e0720a4a42581f334ad4303aa6b?s=96&d=mm&r=g","caption":"Reda\u00e7\u00e3o"}}]}},"amp_enabled":true,"_links":{"self":[{"href":"https:\/\/www.notibras.com\/site\/wp-json\/wp\/v2\/posts\/312867","targetHints":{"allow":["GET"]}}],"collection":[{"href":"https:\/\/www.notibras.com\/site\/wp-json\/wp\/v2\/posts"}],"about":[{"href":"https:\/\/www.notibras.com\/site\/wp-json\/wp\/v2\/types\/post"}],"author":[{"embeddable":true,"href":"https:\/\/www.notibras.com\/site\/wp-json\/wp\/v2\/users\/2"}],"replies":[{"embeddable":true,"href":"https:\/\/www.notibras.com\/site\/wp-json\/wp\/v2\/comments?post=312867"}],"version-history":[{"count":3,"href":"https:\/\/www.notibras.com\/site\/wp-json\/wp\/v2\/posts\/312867\/revisions"}],"predecessor-version":[{"id":312871,"href":"https:\/\/www.notibras.com\/site\/wp-json\/wp\/v2\/posts\/312867\/revisions\/312871"}],"wp:featuredmedia":[{"embeddable":true,"href":"https:\/\/www.notibras.com\/site\/wp-json\/wp\/v2\/media\/312868"}],"wp:attachment":[{"href":"https:\/\/www.notibras.com\/site\/wp-json\/wp\/v2\/media?parent=312867"}],"wp:term":[{"taxonomy":"category","embeddable":true,"href":"https:\/\/www.notibras.com\/site\/wp-json\/wp\/v2\/categories?post=312867"},{"taxonomy":"post_tag","embeddable":true,"href":"https:\/\/www.notibras.com\/site\/wp-json\/wp\/v2\/tags?post=312867"}],"curies":[{"name":"wp","href":"https:\/\/api.w.org\/{rel}","templated":true}]}}