{"id":312903,"date":"2023-09-14T00:00:50","date_gmt":"2023-09-14T03:00:50","guid":{"rendered":"https:\/\/www.notibras.com\/site\/?p=312903"},"modified":"2023-09-14T08:34:06","modified_gmt":"2023-09-14T11:34:06","slug":"mec-quer-retomar-oferta-de-vagas-nao-preenchidas-no-fies","status":"publish","type":"post","link":"https:\/\/www.notibras.com\/site\/mec-quer-retomar-oferta-de-vagas-nao-preenchidas-no-fies\/","title":{"rendered":"MEC quer retomar oferta de vagas n\u00e3o preenchidas no Fies"},"content":{"rendered":"<p>O Minist\u00e9rio da Educa\u00e7\u00e3o (MEC) ofertar\u00e1, ainda este ano, as vagas que n\u00e3o foram preenchidas no Fundo de Financiamento Estudantil (Fies). A medida faz parte de uma s\u00e9rie de mudan\u00e7as em discuss\u00e3o pela pasta em um grupo de trabalho que busca retomar o car\u00e1ter social do programa.<\/p>\n<p>O an\u00fancio foi feito pelo diretor de Pol\u00edticas e Programas de Educa\u00e7\u00e3o Superior do Minist\u00e9rio da Educa\u00e7\u00e3o, Alexandre Fonseca, no semin\u00e1rio Di\u00e1logo sobre a reconstru\u00e7\u00e3o do Fies, promovido pela Associa\u00e7\u00e3o Brasileira de Mantenedoras de Ensino Superior (Abmes).<\/p>\n<p>&#8220;A gente vai retomar as vagas remanescentes. A gente est\u00e1 preenchendo cerca de metade das vagas nos \u00faltimos 3, 4 anos. Descontinuaram a abertura de vagas remanescentes. A gente est\u00e1 trabalhando para abrir o Fies agora em setembro, no mais tardar no in\u00edcio de outubro&#8221;, disse.<\/p>\n<p>A nova chamada, segundo Fonseca, dever\u00e1 ser destinada a alunos j\u00e1 matriculados em institui\u00e7\u00f5es de ensino superior.<\/p>\n<p>As chamadas vagas remanescentes s\u00e3o aquelas que n\u00e3o foram ocupadas no decorrer do processo seletivo regular, por desist\u00eancia dos candidatos pr\u00e9-selecionados ou falta de documenta\u00e7\u00e3o na contrata\u00e7\u00e3o do financiamento, por exemplo.<\/p>\n<p>Fonseca ressaltou que o Fies precisa ser pensado em conjunto com outras pol\u00edticas do MEC de acesso ao ensino superior, como o Sistema de Sele\u00e7\u00e3o Unificada (Sisu), que oferece vagas em institui\u00e7\u00f5es p\u00fablicas de ensino, e o Programa Universidade para Todos (ProUni), que oferece bolsas de estudo a estudantes de baixa renda em institui\u00e7\u00f5es privadas. Em todos esses programas foram constatadas quedas tanto nos inscritos quanto no percentual de vagas ocupadas.<\/p>\n<p>&#8220;Quando a gente pensa em acesso ao ensino superior, a gente pensa em ocupa\u00e7\u00e3o das vagas que est\u00e3o sendo oferecidas, a gente tem que ampliar o acesso, mas ampliar estabelecendo, primeiro, diagn\u00f3sticos de por que h\u00e1 essa diminui\u00e7\u00e3o. A gente tem explica\u00e7\u00f5es para isso, teve a pandemia, que n\u00e3o \u00e9 algo menor, e tem per\u00edodo que o governo federal considerou a universidade como inimiga&#8221;, disse.<\/p>\n<p>O Fies \u00e9 um programa de gest\u00e3o compartilhada, com a participa\u00e7\u00e3o, por exemplo, da Caixa Econ\u00f4mica Federal. O MEC \u00e9 o respons\u00e1vel pelo processo seletivo.<\/p>\n<p>Em nota, a pasta informa que os prazos e detalhamento das vagas remanescentes que ser\u00e3o ofertadas ser\u00e3o anunciados &#8220;t\u00e3o logo sejam consolidadas todas as informa\u00e7\u00f5es sobre esse novo processo de convoca\u00e7\u00e3o para ocupa\u00e7\u00e3o de vagas do Fies&#8221;.<\/p>\n<p><strong>Reconstru\u00e7\u00e3o<\/strong><br \/>\nO MEC discute atualmente uma reconstru\u00e7\u00e3o do Fies. O programa foi criado em 1999 e oferece financiamento a estudantes em institui\u00e7\u00f5es particulares de ensino a condi\u00e7\u00f5es mais favor\u00e1veis que as de mercado. O programa, que chegou a firmar, em 2014, mais de 732 mil contratos, sofreu, desde 2015, uma s\u00e9rie de mudan\u00e7as e enxugamentos.<\/p>\n<p>Um dos principais motivos para as mudan\u00e7as nas regras do Fies, de acordo com gest\u00f5es anteriores do Minist\u00e9rio da Educa\u00e7\u00e3o, foi a alta inadimpl\u00eancia, ou seja, estudantes que contratam o financiamento e n\u00e3o conseguem quitar as d\u00edvidas.<\/p>\n<p>O MEC pretende retomar o car\u00e1ter social do programa. A pasta dever\u00e1 lan\u00e7ar, em breve, o Fies Social, que cobrir\u00e1 100% dos custos das mensalidades em institui\u00e7\u00f5es privadas de ensino superior.<\/p>\n","protected":false},"excerpt":{"rendered":"<p>O Minist\u00e9rio da Educa\u00e7\u00e3o (MEC) ofertar\u00e1, ainda este ano, as vagas que n\u00e3o foram preenchidas no Fundo de Financiamento Estudantil (Fies). A medida faz parte de uma s\u00e9rie de mudan\u00e7as em discuss\u00e3o pela pasta em um grupo de trabalho que busca retomar o car\u00e1ter social do programa. O an\u00fancio foi feito pelo diretor de Pol\u00edticas [&hellip;]<\/p>\n","protected":false},"author":2,"featured_media":312904,"comment_status":"closed","ping_status":"closed","sticky":false,"template":"","format":"standard","meta":{"_acf_changed":false,"footnotes":""},"categories":[161],"tags":[],"class_list":["post-312903","post","type-post","status-publish","format-standard","has-post-thumbnail","hentry","category-quadradinho-em-foco"],"acf":[],"yoast_head":"<!-- This site is optimized with the Yoast SEO plugin v27.2 - https:\/\/yoast.com\/product\/yoast-seo-wordpress\/ -->\n<title>MEC quer retomar oferta de vagas n\u00e3o preenchidas no Fies - Notibras<\/title>\n<meta name=\"robots\" content=\"index, follow, max-snippet:-1, max-image-preview:large, max-video-preview:-1\" \/>\n<link rel=\"canonical\" href=\"https:\/\/www.notibras.com\/site\/mec-quer-retomar-oferta-de-vagas-nao-preenchidas-no-fies\/\" \/>\n<meta property=\"og:locale\" content=\"pt_BR\" \/>\n<meta property=\"og:type\" content=\"article\" \/>\n<meta property=\"og:title\" content=\"MEC quer retomar oferta de vagas n\u00e3o preenchidas no Fies - Notibras\" \/>\n<meta property=\"og:description\" content=\"O Minist\u00e9rio da Educa\u00e7\u00e3o (MEC) ofertar\u00e1, ainda este ano, as vagas que n\u00e3o foram preenchidas no Fundo de Financiamento Estudantil (Fies). A medida faz parte de uma s\u00e9rie de mudan\u00e7as em discuss\u00e3o pela pasta em um grupo de trabalho que busca retomar o car\u00e1ter social do programa. O an\u00fancio foi feito pelo diretor de Pol\u00edticas [&hellip;]\" \/>\n<meta property=\"og:url\" content=\"https:\/\/www.notibras.com\/site\/mec-quer-retomar-oferta-de-vagas-nao-preenchidas-no-fies\/\" \/>\n<meta property=\"og:site_name\" content=\"Notibras\" \/>\n<meta property=\"article:publisher\" content=\"https:\/\/www.facebook.com\/notibras\/\" \/>\n<meta property=\"article:published_time\" content=\"2023-09-14T03:00:50+00:00\" \/>\n<meta property=\"article:modified_time\" content=\"2023-09-14T11:34:06+00:00\" \/>\n<meta property=\"og:image\" content=\"https:\/\/www.notibras.com\/site\/wp-content\/uploads\/2023\/09\/enem_vac_abr_2811214311-1.jpg\" \/>\n\t<meta property=\"og:image:width\" content=\"1170\" \/>\n\t<meta property=\"og:image:height\" content=\"700\" \/>\n\t<meta property=\"og:image:type\" content=\"image\/jpeg\" \/>\n<meta name=\"author\" content=\"Reda\u00e7\u00e3o\" \/>\n<meta name=\"twitter:card\" content=\"summary_large_image\" \/>\n<meta name=\"twitter:creator\" content=\"@Notibras\" \/>\n<meta name=\"twitter:site\" content=\"@Notibras\" \/>\n<meta name=\"twitter:label1\" content=\"Escrito por\" \/>\n\t<meta name=\"twitter:data1\" content=\"Reda\u00e7\u00e3o\" \/>\n\t<meta name=\"twitter:label2\" content=\"Est. tempo de leitura\" \/>\n\t<meta name=\"twitter:data2\" content=\"3 minutos\" \/>\n<script type=\"application\/ld+json\" class=\"yoast-schema-graph\">{\"@context\":\"https:\/\/schema.org\",\"@graph\":[{\"@type\":\"Article\",\"@id\":\"https:\/\/www.notibras.com\/site\/mec-quer-retomar-oferta-de-vagas-nao-preenchidas-no-fies\/#article\",\"isPartOf\":{\"@id\":\"https:\/\/www.notibras.com\/site\/mec-quer-retomar-oferta-de-vagas-nao-preenchidas-no-fies\/\"},\"author\":{\"name\":\"Reda\u00e7\u00e3o\",\"@id\":\"https:\/\/www.notibras.com\/site\/#\/schema\/person\/36ab0979449956132d3e5b517ea76ac8\"},\"headline\":\"MEC quer retomar oferta de vagas n\u00e3o preenchidas no Fies\",\"datePublished\":\"2023-09-14T03:00:50+00:00\",\"dateModified\":\"2023-09-14T11:34:06+00:00\",\"mainEntityOfPage\":{\"@id\":\"https:\/\/www.notibras.com\/site\/mec-quer-retomar-oferta-de-vagas-nao-preenchidas-no-fies\/\"},\"wordCount\":563,\"publisher\":{\"@id\":\"https:\/\/www.notibras.com\/site\/#organization\"},\"image\":{\"@id\":\"https:\/\/www.notibras.com\/site\/mec-quer-retomar-oferta-de-vagas-nao-preenchidas-no-fies\/#primaryimage\"},\"thumbnailUrl\":\"https:\/\/www.notibras.com\/site\/wp-content\/uploads\/2023\/09\/enem_vac_abr_2811214311-1.jpg\",\"articleSection\":[\"Quadradinho em Foco\"],\"inLanguage\":\"pt-BR\"},{\"@type\":\"WebPage\",\"@id\":\"https:\/\/www.notibras.com\/site\/mec-quer-retomar-oferta-de-vagas-nao-preenchidas-no-fies\/\",\"url\":\"https:\/\/www.notibras.com\/site\/mec-quer-retomar-oferta-de-vagas-nao-preenchidas-no-fies\/\",\"name\":\"MEC quer retomar oferta de vagas n\u00e3o preenchidas no Fies - Notibras\",\"isPartOf\":{\"@id\":\"https:\/\/www.notibras.com\/site\/#website\"},\"primaryImageOfPage\":{\"@id\":\"https:\/\/www.notibras.com\/site\/mec-quer-retomar-oferta-de-vagas-nao-preenchidas-no-fies\/#primaryimage\"},\"image\":{\"@id\":\"https:\/\/www.notibras.com\/site\/mec-quer-retomar-oferta-de-vagas-nao-preenchidas-no-fies\/#primaryimage\"},\"thumbnailUrl\":\"https:\/\/www.notibras.com\/site\/wp-content\/uploads\/2023\/09\/enem_vac_abr_2811214311-1.jpg\",\"datePublished\":\"2023-09-14T03:00:50+00:00\",\"dateModified\":\"2023-09-14T11:34:06+00:00\",\"breadcrumb\":{\"@id\":\"https:\/\/www.notibras.com\/site\/mec-quer-retomar-oferta-de-vagas-nao-preenchidas-no-fies\/#breadcrumb\"},\"inLanguage\":\"pt-BR\",\"potentialAction\":[{\"@type\":\"ReadAction\",\"target\":[\"https:\/\/www.notibras.com\/site\/mec-quer-retomar-oferta-de-vagas-nao-preenchidas-no-fies\/\"]}]},{\"@type\":\"ImageObject\",\"inLanguage\":\"pt-BR\",\"@id\":\"https:\/\/www.notibras.com\/site\/mec-quer-retomar-oferta-de-vagas-nao-preenchidas-no-fies\/#primaryimage\",\"url\":\"https:\/\/www.notibras.com\/site\/wp-content\/uploads\/2023\/09\/enem_vac_abr_2811214311-1.jpg\",\"contentUrl\":\"https:\/\/www.notibras.com\/site\/wp-content\/uploads\/2023\/09\/enem_vac_abr_2811214311-1.jpg\",\"width\":1170,\"height\":700,\"caption\":\"Participantes do Exame Nacional do Ensino M\u00e9dio (Enem) 2021 fazem, neste domingo (28), segundo dia de avalia\u00e7\u00e3o, provas de matem\u00e1tica e de ci\u00eancia da natureza.\"},{\"@type\":\"BreadcrumbList\",\"@id\":\"https:\/\/www.notibras.com\/site\/mec-quer-retomar-oferta-de-vagas-nao-preenchidas-no-fies\/#breadcrumb\",\"itemListElement\":[{\"@type\":\"ListItem\",\"position\":1,\"name\":\"In\u00edcio\",\"item\":\"https:\/\/www.notibras.com\/site\/\"},{\"@type\":\"ListItem\",\"position\":2,\"name\":\"MEC quer retomar oferta de vagas n\u00e3o preenchidas no Fies\"}]},{\"@type\":\"WebSite\",\"@id\":\"https:\/\/www.notibras.com\/site\/#website\",\"url\":\"https:\/\/www.notibras.com\/site\/\",\"name\":\"Notibras\",\"description\":\"Not\u00edcias de Bras\u00edlia, do Brasil e do Mundo\",\"publisher\":{\"@id\":\"https:\/\/www.notibras.com\/site\/#organization\"},\"potentialAction\":[{\"@type\":\"SearchAction\",\"target\":{\"@type\":\"EntryPoint\",\"urlTemplate\":\"https:\/\/www.notibras.com\/site\/?s={search_term_string}\"},\"query-input\":{\"@type\":\"PropertyValueSpecification\",\"valueRequired\":true,\"valueName\":\"search_term_string\"}}],\"inLanguage\":\"pt-BR\"},{\"@type\":\"Organization\",\"@id\":\"https:\/\/www.notibras.com\/site\/#organization\",\"name\":\"Grupo Notibras de Comunica\u00e7\u00e3o\",\"url\":\"https:\/\/www.notibras.com\/site\/\",\"logo\":{\"@type\":\"ImageObject\",\"inLanguage\":\"pt-BR\",\"@id\":\"https:\/\/www.notibras.com\/site\/#\/schema\/logo\/image\/\",\"url\":\"https:\/\/www.notibras.com\/site\/wp-content\/uploads\/2023\/01\/notibras23.png\",\"contentUrl\":\"https:\/\/www.notibras.com\/site\/wp-content\/uploads\/2023\/01\/notibras23.png\",\"width\":350,\"height\":87,\"caption\":\"Grupo Notibras de Comunica\u00e7\u00e3o\"},\"image\":{\"@id\":\"https:\/\/www.notibras.com\/site\/#\/schema\/logo\/image\/\"},\"sameAs\":[\"https:\/\/www.facebook.com\/notibras\/\",\"https:\/\/x.com\/Notibras\",\"https:\/\/www.instagram.com\/notibras\/\"]},{\"@type\":\"Person\",\"@id\":\"https:\/\/www.notibras.com\/site\/#\/schema\/person\/36ab0979449956132d3e5b517ea76ac8\",\"name\":\"Reda\u00e7\u00e3o\",\"image\":{\"@type\":\"ImageObject\",\"inLanguage\":\"pt-BR\",\"@id\":\"https:\/\/secure.gravatar.com\/avatar\/e0a867bdedb85fd243eadf09663511f96fc81e0720a4a42581f334ad4303aa6b?s=96&d=mm&r=g\",\"url\":\"https:\/\/secure.gravatar.com\/avatar\/e0a867bdedb85fd243eadf09663511f96fc81e0720a4a42581f334ad4303aa6b?s=96&d=mm&r=g\",\"contentUrl\":\"https:\/\/secure.gravatar.com\/avatar\/e0a867bdedb85fd243eadf09663511f96fc81e0720a4a42581f334ad4303aa6b?s=96&d=mm&r=g\",\"caption\":\"Reda\u00e7\u00e3o\"}}]}<\/script>\n<!-- \/ Yoast SEO plugin. -->","yoast_head_json":{"title":"MEC quer retomar oferta de vagas n\u00e3o preenchidas no Fies - Notibras","robots":{"index":"index","follow":"follow","max-snippet":"max-snippet:-1","max-image-preview":"max-image-preview:large","max-video-preview":"max-video-preview:-1"},"canonical":"https:\/\/www.notibras.com\/site\/mec-quer-retomar-oferta-de-vagas-nao-preenchidas-no-fies\/","og_locale":"pt_BR","og_type":"article","og_title":"MEC quer retomar oferta de vagas n\u00e3o preenchidas no Fies - Notibras","og_description":"O Minist\u00e9rio da Educa\u00e7\u00e3o (MEC) ofertar\u00e1, ainda este ano, as vagas que n\u00e3o foram preenchidas no Fundo de Financiamento Estudantil (Fies). A medida faz parte de uma s\u00e9rie de mudan\u00e7as em discuss\u00e3o pela pasta em um grupo de trabalho que busca retomar o car\u00e1ter social do programa. O an\u00fancio foi feito pelo diretor de Pol\u00edticas [&hellip;]","og_url":"https:\/\/www.notibras.com\/site\/mec-quer-retomar-oferta-de-vagas-nao-preenchidas-no-fies\/","og_site_name":"Notibras","article_publisher":"https:\/\/www.facebook.com\/notibras\/","article_published_time":"2023-09-14T03:00:50+00:00","article_modified_time":"2023-09-14T11:34:06+00:00","og_image":[{"width":1170,"height":700,"url":"https:\/\/www.notibras.com\/site\/wp-content\/uploads\/2023\/09\/enem_vac_abr_2811214311-1.jpg","type":"image\/jpeg"}],"author":"Reda\u00e7\u00e3o","twitter_card":"summary_large_image","twitter_creator":"@Notibras","twitter_site":"@Notibras","twitter_misc":{"Escrito por":"Reda\u00e7\u00e3o","Est. tempo de leitura":"3 minutos"},"schema":{"@context":"https:\/\/schema.org","@graph":[{"@type":"Article","@id":"https:\/\/www.notibras.com\/site\/mec-quer-retomar-oferta-de-vagas-nao-preenchidas-no-fies\/#article","isPartOf":{"@id":"https:\/\/www.notibras.com\/site\/mec-quer-retomar-oferta-de-vagas-nao-preenchidas-no-fies\/"},"author":{"name":"Reda\u00e7\u00e3o","@id":"https:\/\/www.notibras.com\/site\/#\/schema\/person\/36ab0979449956132d3e5b517ea76ac8"},"headline":"MEC quer retomar oferta de vagas n\u00e3o preenchidas no Fies","datePublished":"2023-09-14T03:00:50+00:00","dateModified":"2023-09-14T11:34:06+00:00","mainEntityOfPage":{"@id":"https:\/\/www.notibras.com\/site\/mec-quer-retomar-oferta-de-vagas-nao-preenchidas-no-fies\/"},"wordCount":563,"publisher":{"@id":"https:\/\/www.notibras.com\/site\/#organization"},"image":{"@id":"https:\/\/www.notibras.com\/site\/mec-quer-retomar-oferta-de-vagas-nao-preenchidas-no-fies\/#primaryimage"},"thumbnailUrl":"https:\/\/www.notibras.com\/site\/wp-content\/uploads\/2023\/09\/enem_vac_abr_2811214311-1.jpg","articleSection":["Quadradinho em Foco"],"inLanguage":"pt-BR"},{"@type":"WebPage","@id":"https:\/\/www.notibras.com\/site\/mec-quer-retomar-oferta-de-vagas-nao-preenchidas-no-fies\/","url":"https:\/\/www.notibras.com\/site\/mec-quer-retomar-oferta-de-vagas-nao-preenchidas-no-fies\/","name":"MEC quer retomar oferta de vagas n\u00e3o preenchidas no Fies - Notibras","isPartOf":{"@id":"https:\/\/www.notibras.com\/site\/#website"},"primaryImageOfPage":{"@id":"https:\/\/www.notibras.com\/site\/mec-quer-retomar-oferta-de-vagas-nao-preenchidas-no-fies\/#primaryimage"},"image":{"@id":"https:\/\/www.notibras.com\/site\/mec-quer-retomar-oferta-de-vagas-nao-preenchidas-no-fies\/#primaryimage"},"thumbnailUrl":"https:\/\/www.notibras.com\/site\/wp-content\/uploads\/2023\/09\/enem_vac_abr_2811214311-1.jpg","datePublished":"2023-09-14T03:00:50+00:00","dateModified":"2023-09-14T11:34:06+00:00","breadcrumb":{"@id":"https:\/\/www.notibras.com\/site\/mec-quer-retomar-oferta-de-vagas-nao-preenchidas-no-fies\/#breadcrumb"},"inLanguage":"pt-BR","potentialAction":[{"@type":"ReadAction","target":["https:\/\/www.notibras.com\/site\/mec-quer-retomar-oferta-de-vagas-nao-preenchidas-no-fies\/"]}]},{"@type":"ImageObject","inLanguage":"pt-BR","@id":"https:\/\/www.notibras.com\/site\/mec-quer-retomar-oferta-de-vagas-nao-preenchidas-no-fies\/#primaryimage","url":"https:\/\/www.notibras.com\/site\/wp-content\/uploads\/2023\/09\/enem_vac_abr_2811214311-1.jpg","contentUrl":"https:\/\/www.notibras.com\/site\/wp-content\/uploads\/2023\/09\/enem_vac_abr_2811214311-1.jpg","width":1170,"height":700,"caption":"Participantes do Exame Nacional do Ensino M\u00e9dio (Enem) 2021 fazem, neste domingo (28), segundo dia de avalia\u00e7\u00e3o, provas de matem\u00e1tica e de ci\u00eancia da natureza."},{"@type":"BreadcrumbList","@id":"https:\/\/www.notibras.com\/site\/mec-quer-retomar-oferta-de-vagas-nao-preenchidas-no-fies\/#breadcrumb","itemListElement":[{"@type":"ListItem","position":1,"name":"In\u00edcio","item":"https:\/\/www.notibras.com\/site\/"},{"@type":"ListItem","position":2,"name":"MEC quer retomar oferta de vagas n\u00e3o preenchidas no Fies"}]},{"@type":"WebSite","@id":"https:\/\/www.notibras.com\/site\/#website","url":"https:\/\/www.notibras.com\/site\/","name":"Notibras","description":"Not\u00edcias de Bras\u00edlia, do Brasil e do Mundo","publisher":{"@id":"https:\/\/www.notibras.com\/site\/#organization"},"potentialAction":[{"@type":"SearchAction","target":{"@type":"EntryPoint","urlTemplate":"https:\/\/www.notibras.com\/site\/?s={search_term_string}"},"query-input":{"@type":"PropertyValueSpecification","valueRequired":true,"valueName":"search_term_string"}}],"inLanguage":"pt-BR"},{"@type":"Organization","@id":"https:\/\/www.notibras.com\/site\/#organization","name":"Grupo Notibras de Comunica\u00e7\u00e3o","url":"https:\/\/www.notibras.com\/site\/","logo":{"@type":"ImageObject","inLanguage":"pt-BR","@id":"https:\/\/www.notibras.com\/site\/#\/schema\/logo\/image\/","url":"https:\/\/www.notibras.com\/site\/wp-content\/uploads\/2023\/01\/notibras23.png","contentUrl":"https:\/\/www.notibras.com\/site\/wp-content\/uploads\/2023\/01\/notibras23.png","width":350,"height":87,"caption":"Grupo Notibras de Comunica\u00e7\u00e3o"},"image":{"@id":"https:\/\/www.notibras.com\/site\/#\/schema\/logo\/image\/"},"sameAs":["https:\/\/www.facebook.com\/notibras\/","https:\/\/x.com\/Notibras","https:\/\/www.instagram.com\/notibras\/"]},{"@type":"Person","@id":"https:\/\/www.notibras.com\/site\/#\/schema\/person\/36ab0979449956132d3e5b517ea76ac8","name":"Reda\u00e7\u00e3o","image":{"@type":"ImageObject","inLanguage":"pt-BR","@id":"https:\/\/secure.gravatar.com\/avatar\/e0a867bdedb85fd243eadf09663511f96fc81e0720a4a42581f334ad4303aa6b?s=96&d=mm&r=g","url":"https:\/\/secure.gravatar.com\/avatar\/e0a867bdedb85fd243eadf09663511f96fc81e0720a4a42581f334ad4303aa6b?s=96&d=mm&r=g","contentUrl":"https:\/\/secure.gravatar.com\/avatar\/e0a867bdedb85fd243eadf09663511f96fc81e0720a4a42581f334ad4303aa6b?s=96&d=mm&r=g","caption":"Reda\u00e7\u00e3o"}}]}},"amp_enabled":true,"_links":{"self":[{"href":"https:\/\/www.notibras.com\/site\/wp-json\/wp\/v2\/posts\/312903","targetHints":{"allow":["GET"]}}],"collection":[{"href":"https:\/\/www.notibras.com\/site\/wp-json\/wp\/v2\/posts"}],"about":[{"href":"https:\/\/www.notibras.com\/site\/wp-json\/wp\/v2\/types\/post"}],"author":[{"embeddable":true,"href":"https:\/\/www.notibras.com\/site\/wp-json\/wp\/v2\/users\/2"}],"replies":[{"embeddable":true,"href":"https:\/\/www.notibras.com\/site\/wp-json\/wp\/v2\/comments?post=312903"}],"version-history":[{"count":1,"href":"https:\/\/www.notibras.com\/site\/wp-json\/wp\/v2\/posts\/312903\/revisions"}],"predecessor-version":[{"id":312905,"href":"https:\/\/www.notibras.com\/site\/wp-json\/wp\/v2\/posts\/312903\/revisions\/312905"}],"wp:featuredmedia":[{"embeddable":true,"href":"https:\/\/www.notibras.com\/site\/wp-json\/wp\/v2\/media\/312904"}],"wp:attachment":[{"href":"https:\/\/www.notibras.com\/site\/wp-json\/wp\/v2\/media?parent=312903"}],"wp:term":[{"taxonomy":"category","embeddable":true,"href":"https:\/\/www.notibras.com\/site\/wp-json\/wp\/v2\/categories?post=312903"},{"taxonomy":"post_tag","embeddable":true,"href":"https:\/\/www.notibras.com\/site\/wp-json\/wp\/v2\/tags?post=312903"}],"curies":[{"name":"wp","href":"https:\/\/api.w.org\/{rel}","templated":true}]}}