{"id":312906,"date":"2023-09-14T10:39:52","date_gmt":"2023-09-14T13:39:52","guid":{"rendered":"https:\/\/www.notibras.com\/site\/?p=312906"},"modified":"2023-09-15T06:48:06","modified_gmt":"2023-09-15T09:48:06","slug":"planos-de-saude-lideram-reclamacoes-nos-ultimos-10-anos","status":"publish","type":"post","link":"https:\/\/www.notibras.com\/site\/planos-de-saude-lideram-reclamacoes-nos-ultimos-10-anos\/","title":{"rendered":"Planos de sa\u00fade lideram reclama\u00e7\u00f5es nos \u00faltimos 10 anos"},"content":{"rendered":"<p>Agendar um exame no laborat\u00f3rio e descobrir que ele n\u00e3o est\u00e1 mais credenciado no plano de sa\u00fade. Marcar uma consulta, e s\u00f3 conseguir agendar para meses depois. Tomar um susto com o valor do reajuste do plano.<\/p>\n<p>As operadoras de planos de sa\u00fade foram l\u00edderes de reclama\u00e7\u00f5es, segundo levantamento do Instituto Brasileiro de Defesa do Consumidor (Idec), em nove dos \u00faltimos dez anos. D\u00favidas sobre contratos, falta de informa\u00e7\u00e3o e reajustes est\u00e3o entre as principais reclama\u00e7\u00f5es. O pa\u00eds tem cerca de 50 milh\u00f5es de benefici\u00e1rios de planos de assist\u00eancia m\u00e9dica.<\/p>\n<p>\u201cAumenta muito r\u00e1pido. De repente, d\u00e3o dois aumentos ao mesmo tempo, tanto pela idade, quanto pelo aumento anual\u201d, reclama a comerciante Evani Aparecida da Rocha. Para a analista de sistemas Elisabete Alexandre, o problema \u00e9 o pre\u00e7o. \u201cMesmo se faz plano individual ou familiar, ou coletivo, o pre\u00e7o \u00e9 bem salgado. \u00c9 dif\u00edcil manter\u201d, aponta.<\/p>\n<p>Apesar de as empresas serem obrigadas por lei a manter o Servi\u00e7o de Atendimento ao Consumidor (SAC) e ouvidoria, \u00e9 comum os problemas n\u00e3o serem resolvidos no contato direto com as operadoras de plano de sa\u00fade.<\/p>\n<p>\u201cMesmo deixando e-mail, eles nunca fazem uma devolutiva que seria importante para a gente entender tamb\u00e9m quais s\u00e3o os tr\u00e2mites internos deles. Voc\u00ea liga para o SAC, morre e ningu\u00e9m sabe o que aconteceu\u201d, acrescenta o t\u00e9cnico em seguran\u00e7a do trabalho Mateus Duarte.<\/p>\n<p>O Idec orienta que, se o contato direto n\u00e3o resolver o problema, os consumidores devem procurar os \u00f3rg\u00e3os de defesa e, em \u00faltimo caso, a Justi\u00e7a.<\/p>\n<p>\u201cO que se espera do mercado em geral \u00e9 que ele leve em considera\u00e7\u00e3o o que determina a lei para resolu\u00e7\u00e3o dos problemas, e, para os contratos de planos de sa\u00fade, existem duas leis que se aplicam: a dos planos de sa\u00fade, que \u00e9 de 98, e o C\u00f3digo de Defesa do Consumidor\u201d, explica Marina Paullelli, advogada do Programa de Sa\u00fade do Idec.<\/p>\n<p><strong>Regula\u00e7\u00e3o<\/strong><br \/>\nPelo lado dos hospitais privados, tamb\u00e9m h\u00e1 reclama\u00e7\u00e3o em rela\u00e7\u00e3o \u00e0s operadoras. Uma pesquisa da Associa\u00e7\u00e3o Nacional de Hospitais Privados mostra que os planos de sa\u00fade devem aos 48 hospitais associados mais de R$ 2,3 bilh\u00f5es. O n\u00famero representa mais de 15% da receita bruta desses estabelecimentos. A associa\u00e7\u00e3o de hospitais reclama que as operadoras dos planos v\u00eam aumentando cada vez mais os prazos para pagar os procedimentos.<\/p>\n<p>O setor \u00e9 regulado pela Ag\u00eancia Nacional de Sa\u00fade Suplementar (ANS), que estipula o teto para reajustes anuais. Neste ano, o aumento n\u00e3o pode passar de 9,63%, mas o \u00edndice vale apenas para quem tem plano individual. Benefici\u00e1rios de planos coletivos ficam sujeitos a reajustes que podem chegar a 20% ou 30% de aumento. Por isso, a necessidade de regula\u00e7\u00e3o tamb\u00e9m para quem tem plano coletivo.<\/p>\n<p>Em nota, a ANS informou que estuda mudan\u00e7as nas regras de reajuste de planos coletivos, mas que n\u00e3o pretende regular da mesma forma que os individuais. A ag\u00eancia tamb\u00e9m monitora a garantia de atendimento.<\/p>\n<p>Sobre o valor devido aos hospitais, a Associa\u00e7\u00e3o Brasileira dos Planos de Sa\u00fade informou que as operadoras v\u00eam fazendo an\u00e1lises mais amplas dos servi\u00e7os j\u00e1 prestados, devido ao grande n\u00famero de fraudes. A associa\u00e7\u00e3o afirma que s\u00f3 este ano as operadoras j\u00e1 tiveram preju\u00edzo operacional superior a R$ 4 bilh\u00f5es, em grande parte devido a essas fraudes. Segundo a entidade, todos os procedimentos realizados est\u00e3o provisionados e v\u00e3o ser pagos.<\/p>\n","protected":false},"excerpt":{"rendered":"<p>Agendar um exame no laborat\u00f3rio e descobrir que ele n\u00e3o est\u00e1 mais credenciado no plano de sa\u00fade. Marcar uma consulta, e s\u00f3 conseguir agendar para meses depois. Tomar um susto com o valor do reajuste do plano. As operadoras de planos de sa\u00fade foram l\u00edderes de reclama\u00e7\u00f5es, segundo levantamento do Instituto Brasileiro de Defesa do [&hellip;]<\/p>\n","protected":false},"author":2,"featured_media":312907,"comment_status":"closed","ping_status":"closed","sticky":false,"template":"","format":"standard","meta":{"_acf_changed":false,"footnotes":""},"categories":[161],"tags":[],"class_list":["post-312906","post","type-post","status-publish","format-standard","has-post-thumbnail","hentry","category-quadradinho-em-foco"],"acf":[],"yoast_head":"<!-- This site is optimized with the Yoast SEO plugin v27.2 - https:\/\/yoast.com\/product\/yoast-seo-wordpress\/ -->\n<title>Planos de sa\u00fade lideram reclama\u00e7\u00f5es nos \u00faltimos 10 anos - Notibras<\/title>\n<meta name=\"robots\" content=\"index, follow, max-snippet:-1, max-image-preview:large, max-video-preview:-1\" \/>\n<link rel=\"canonical\" href=\"https:\/\/www.notibras.com\/site\/planos-de-saude-lideram-reclamacoes-nos-ultimos-10-anos\/\" \/>\n<meta property=\"og:locale\" content=\"pt_BR\" \/>\n<meta property=\"og:type\" content=\"article\" \/>\n<meta property=\"og:title\" content=\"Planos de sa\u00fade lideram reclama\u00e7\u00f5es nos \u00faltimos 10 anos - Notibras\" \/>\n<meta property=\"og:description\" content=\"Agendar um exame no laborat\u00f3rio e descobrir que ele n\u00e3o est\u00e1 mais credenciado no plano de sa\u00fade. Marcar uma consulta, e s\u00f3 conseguir agendar para meses depois. Tomar um susto com o valor do reajuste do plano. As operadoras de planos de sa\u00fade foram l\u00edderes de reclama\u00e7\u00f5es, segundo levantamento do Instituto Brasileiro de Defesa do [&hellip;]\" \/>\n<meta property=\"og:url\" content=\"https:\/\/www.notibras.com\/site\/planos-de-saude-lideram-reclamacoes-nos-ultimos-10-anos\/\" \/>\n<meta property=\"og:site_name\" content=\"Notibras\" \/>\n<meta property=\"article:publisher\" content=\"https:\/\/www.facebook.com\/notibras\/\" \/>\n<meta property=\"article:published_time\" content=\"2023-09-14T13:39:52+00:00\" \/>\n<meta property=\"article:modified_time\" content=\"2023-09-15T09:48:06+00:00\" \/>\n<meta property=\"og:image\" content=\"https:\/\/www.notibras.com\/site\/wp-content\/uploads\/2023\/09\/26207917185_8fbe076af6_o-1.jpg\" \/>\n\t<meta property=\"og:image:width\" content=\"1170\" \/>\n\t<meta property=\"og:image:height\" content=\"700\" \/>\n\t<meta property=\"og:image:type\" content=\"image\/jpeg\" \/>\n<meta name=\"author\" content=\"Reda\u00e7\u00e3o\" \/>\n<meta name=\"twitter:card\" content=\"summary_large_image\" \/>\n<meta name=\"twitter:creator\" content=\"@Notibras\" \/>\n<meta name=\"twitter:site\" content=\"@Notibras\" \/>\n<meta name=\"twitter:label1\" content=\"Escrito por\" \/>\n\t<meta name=\"twitter:data1\" content=\"Reda\u00e7\u00e3o\" \/>\n\t<meta name=\"twitter:label2\" content=\"Est. tempo de leitura\" \/>\n\t<meta name=\"twitter:data2\" content=\"4 minutos\" \/>\n<script type=\"application\/ld+json\" class=\"yoast-schema-graph\">{\"@context\":\"https:\/\/schema.org\",\"@graph\":[{\"@type\":\"Article\",\"@id\":\"https:\/\/www.notibras.com\/site\/planos-de-saude-lideram-reclamacoes-nos-ultimos-10-anos\/#article\",\"isPartOf\":{\"@id\":\"https:\/\/www.notibras.com\/site\/planos-de-saude-lideram-reclamacoes-nos-ultimos-10-anos\/\"},\"author\":{\"name\":\"Reda\u00e7\u00e3o\",\"@id\":\"https:\/\/www.notibras.com\/site\/#\/schema\/person\/36ab0979449956132d3e5b517ea76ac8\"},\"headline\":\"Planos de sa\u00fade lideram reclama\u00e7\u00f5es nos \u00faltimos 10 anos\",\"datePublished\":\"2023-09-14T13:39:52+00:00\",\"dateModified\":\"2023-09-15T09:48:06+00:00\",\"mainEntityOfPage\":{\"@id\":\"https:\/\/www.notibras.com\/site\/planos-de-saude-lideram-reclamacoes-nos-ultimos-10-anos\/\"},\"wordCount\":615,\"publisher\":{\"@id\":\"https:\/\/www.notibras.com\/site\/#organization\"},\"image\":{\"@id\":\"https:\/\/www.notibras.com\/site\/planos-de-saude-lideram-reclamacoes-nos-ultimos-10-anos\/#primaryimage\"},\"thumbnailUrl\":\"https:\/\/www.notibras.com\/site\/wp-content\/uploads\/2023\/09\/26207917185_8fbe076af6_o-1.jpg\",\"articleSection\":[\"Quadradinho em Foco\"],\"inLanguage\":\"pt-BR\"},{\"@type\":\"WebPage\",\"@id\":\"https:\/\/www.notibras.com\/site\/planos-de-saude-lideram-reclamacoes-nos-ultimos-10-anos\/\",\"url\":\"https:\/\/www.notibras.com\/site\/planos-de-saude-lideram-reclamacoes-nos-ultimos-10-anos\/\",\"name\":\"Planos de sa\u00fade lideram reclama\u00e7\u00f5es nos \u00faltimos 10 anos - Notibras\",\"isPartOf\":{\"@id\":\"https:\/\/www.notibras.com\/site\/#website\"},\"primaryImageOfPage\":{\"@id\":\"https:\/\/www.notibras.com\/site\/planos-de-saude-lideram-reclamacoes-nos-ultimos-10-anos\/#primaryimage\"},\"image\":{\"@id\":\"https:\/\/www.notibras.com\/site\/planos-de-saude-lideram-reclamacoes-nos-ultimos-10-anos\/#primaryimage\"},\"thumbnailUrl\":\"https:\/\/www.notibras.com\/site\/wp-content\/uploads\/2023\/09\/26207917185_8fbe076af6_o-1.jpg\",\"datePublished\":\"2023-09-14T13:39:52+00:00\",\"dateModified\":\"2023-09-15T09:48:06+00:00\",\"breadcrumb\":{\"@id\":\"https:\/\/www.notibras.com\/site\/planos-de-saude-lideram-reclamacoes-nos-ultimos-10-anos\/#breadcrumb\"},\"inLanguage\":\"pt-BR\",\"potentialAction\":[{\"@type\":\"ReadAction\",\"target\":[\"https:\/\/www.notibras.com\/site\/planos-de-saude-lideram-reclamacoes-nos-ultimos-10-anos\/\"]}]},{\"@type\":\"ImageObject\",\"inLanguage\":\"pt-BR\",\"@id\":\"https:\/\/www.notibras.com\/site\/planos-de-saude-lideram-reclamacoes-nos-ultimos-10-anos\/#primaryimage\",\"url\":\"https:\/\/www.notibras.com\/site\/wp-content\/uploads\/2023\/09\/26207917185_8fbe076af6_o-1.jpg\",\"contentUrl\":\"https:\/\/www.notibras.com\/site\/wp-content\/uploads\/2023\/09\/26207917185_8fbe076af6_o-1.jpg\",\"width\":1170,\"height\":700},{\"@type\":\"BreadcrumbList\",\"@id\":\"https:\/\/www.notibras.com\/site\/planos-de-saude-lideram-reclamacoes-nos-ultimos-10-anos\/#breadcrumb\",\"itemListElement\":[{\"@type\":\"ListItem\",\"position\":1,\"name\":\"In\u00edcio\",\"item\":\"https:\/\/www.notibras.com\/site\/\"},{\"@type\":\"ListItem\",\"position\":2,\"name\":\"Planos de sa\u00fade lideram reclama\u00e7\u00f5es nos \u00faltimos 10 anos\"}]},{\"@type\":\"WebSite\",\"@id\":\"https:\/\/www.notibras.com\/site\/#website\",\"url\":\"https:\/\/www.notibras.com\/site\/\",\"name\":\"Notibras\",\"description\":\"Not\u00edcias de Bras\u00edlia, do Brasil e do Mundo\",\"publisher\":{\"@id\":\"https:\/\/www.notibras.com\/site\/#organization\"},\"potentialAction\":[{\"@type\":\"SearchAction\",\"target\":{\"@type\":\"EntryPoint\",\"urlTemplate\":\"https:\/\/www.notibras.com\/site\/?s={search_term_string}\"},\"query-input\":{\"@type\":\"PropertyValueSpecification\",\"valueRequired\":true,\"valueName\":\"search_term_string\"}}],\"inLanguage\":\"pt-BR\"},{\"@type\":\"Organization\",\"@id\":\"https:\/\/www.notibras.com\/site\/#organization\",\"name\":\"Grupo Notibras de Comunica\u00e7\u00e3o\",\"url\":\"https:\/\/www.notibras.com\/site\/\",\"logo\":{\"@type\":\"ImageObject\",\"inLanguage\":\"pt-BR\",\"@id\":\"https:\/\/www.notibras.com\/site\/#\/schema\/logo\/image\/\",\"url\":\"https:\/\/www.notibras.com\/site\/wp-content\/uploads\/2023\/01\/notibras23.png\",\"contentUrl\":\"https:\/\/www.notibras.com\/site\/wp-content\/uploads\/2023\/01\/notibras23.png\",\"width\":350,\"height\":87,\"caption\":\"Grupo Notibras de Comunica\u00e7\u00e3o\"},\"image\":{\"@id\":\"https:\/\/www.notibras.com\/site\/#\/schema\/logo\/image\/\"},\"sameAs\":[\"https:\/\/www.facebook.com\/notibras\/\",\"https:\/\/x.com\/Notibras\",\"https:\/\/www.instagram.com\/notibras\/\"]},{\"@type\":\"Person\",\"@id\":\"https:\/\/www.notibras.com\/site\/#\/schema\/person\/36ab0979449956132d3e5b517ea76ac8\",\"name\":\"Reda\u00e7\u00e3o\",\"image\":{\"@type\":\"ImageObject\",\"inLanguage\":\"pt-BR\",\"@id\":\"https:\/\/secure.gravatar.com\/avatar\/e0a867bdedb85fd243eadf09663511f96fc81e0720a4a42581f334ad4303aa6b?s=96&d=mm&r=g\",\"url\":\"https:\/\/secure.gravatar.com\/avatar\/e0a867bdedb85fd243eadf09663511f96fc81e0720a4a42581f334ad4303aa6b?s=96&d=mm&r=g\",\"contentUrl\":\"https:\/\/secure.gravatar.com\/avatar\/e0a867bdedb85fd243eadf09663511f96fc81e0720a4a42581f334ad4303aa6b?s=96&d=mm&r=g\",\"caption\":\"Reda\u00e7\u00e3o\"}}]}<\/script>\n<!-- \/ Yoast SEO plugin. -->","yoast_head_json":{"title":"Planos de sa\u00fade lideram reclama\u00e7\u00f5es nos \u00faltimos 10 anos - Notibras","robots":{"index":"index","follow":"follow","max-snippet":"max-snippet:-1","max-image-preview":"max-image-preview:large","max-video-preview":"max-video-preview:-1"},"canonical":"https:\/\/www.notibras.com\/site\/planos-de-saude-lideram-reclamacoes-nos-ultimos-10-anos\/","og_locale":"pt_BR","og_type":"article","og_title":"Planos de sa\u00fade lideram reclama\u00e7\u00f5es nos \u00faltimos 10 anos - Notibras","og_description":"Agendar um exame no laborat\u00f3rio e descobrir que ele n\u00e3o est\u00e1 mais credenciado no plano de sa\u00fade. Marcar uma consulta, e s\u00f3 conseguir agendar para meses depois. Tomar um susto com o valor do reajuste do plano. As operadoras de planos de sa\u00fade foram l\u00edderes de reclama\u00e7\u00f5es, segundo levantamento do Instituto Brasileiro de Defesa do [&hellip;]","og_url":"https:\/\/www.notibras.com\/site\/planos-de-saude-lideram-reclamacoes-nos-ultimos-10-anos\/","og_site_name":"Notibras","article_publisher":"https:\/\/www.facebook.com\/notibras\/","article_published_time":"2023-09-14T13:39:52+00:00","article_modified_time":"2023-09-15T09:48:06+00:00","og_image":[{"width":1170,"height":700,"url":"https:\/\/www.notibras.com\/site\/wp-content\/uploads\/2023\/09\/26207917185_8fbe076af6_o-1.jpg","type":"image\/jpeg"}],"author":"Reda\u00e7\u00e3o","twitter_card":"summary_large_image","twitter_creator":"@Notibras","twitter_site":"@Notibras","twitter_misc":{"Escrito por":"Reda\u00e7\u00e3o","Est. tempo de leitura":"4 minutos"},"schema":{"@context":"https:\/\/schema.org","@graph":[{"@type":"Article","@id":"https:\/\/www.notibras.com\/site\/planos-de-saude-lideram-reclamacoes-nos-ultimos-10-anos\/#article","isPartOf":{"@id":"https:\/\/www.notibras.com\/site\/planos-de-saude-lideram-reclamacoes-nos-ultimos-10-anos\/"},"author":{"name":"Reda\u00e7\u00e3o","@id":"https:\/\/www.notibras.com\/site\/#\/schema\/person\/36ab0979449956132d3e5b517ea76ac8"},"headline":"Planos de sa\u00fade lideram reclama\u00e7\u00f5es nos \u00faltimos 10 anos","datePublished":"2023-09-14T13:39:52+00:00","dateModified":"2023-09-15T09:48:06+00:00","mainEntityOfPage":{"@id":"https:\/\/www.notibras.com\/site\/planos-de-saude-lideram-reclamacoes-nos-ultimos-10-anos\/"},"wordCount":615,"publisher":{"@id":"https:\/\/www.notibras.com\/site\/#organization"},"image":{"@id":"https:\/\/www.notibras.com\/site\/planos-de-saude-lideram-reclamacoes-nos-ultimos-10-anos\/#primaryimage"},"thumbnailUrl":"https:\/\/www.notibras.com\/site\/wp-content\/uploads\/2023\/09\/26207917185_8fbe076af6_o-1.jpg","articleSection":["Quadradinho em Foco"],"inLanguage":"pt-BR"},{"@type":"WebPage","@id":"https:\/\/www.notibras.com\/site\/planos-de-saude-lideram-reclamacoes-nos-ultimos-10-anos\/","url":"https:\/\/www.notibras.com\/site\/planos-de-saude-lideram-reclamacoes-nos-ultimos-10-anos\/","name":"Planos de sa\u00fade lideram reclama\u00e7\u00f5es nos \u00faltimos 10 anos - Notibras","isPartOf":{"@id":"https:\/\/www.notibras.com\/site\/#website"},"primaryImageOfPage":{"@id":"https:\/\/www.notibras.com\/site\/planos-de-saude-lideram-reclamacoes-nos-ultimos-10-anos\/#primaryimage"},"image":{"@id":"https:\/\/www.notibras.com\/site\/planos-de-saude-lideram-reclamacoes-nos-ultimos-10-anos\/#primaryimage"},"thumbnailUrl":"https:\/\/www.notibras.com\/site\/wp-content\/uploads\/2023\/09\/26207917185_8fbe076af6_o-1.jpg","datePublished":"2023-09-14T13:39:52+00:00","dateModified":"2023-09-15T09:48:06+00:00","breadcrumb":{"@id":"https:\/\/www.notibras.com\/site\/planos-de-saude-lideram-reclamacoes-nos-ultimos-10-anos\/#breadcrumb"},"inLanguage":"pt-BR","potentialAction":[{"@type":"ReadAction","target":["https:\/\/www.notibras.com\/site\/planos-de-saude-lideram-reclamacoes-nos-ultimos-10-anos\/"]}]},{"@type":"ImageObject","inLanguage":"pt-BR","@id":"https:\/\/www.notibras.com\/site\/planos-de-saude-lideram-reclamacoes-nos-ultimos-10-anos\/#primaryimage","url":"https:\/\/www.notibras.com\/site\/wp-content\/uploads\/2023\/09\/26207917185_8fbe076af6_o-1.jpg","contentUrl":"https:\/\/www.notibras.com\/site\/wp-content\/uploads\/2023\/09\/26207917185_8fbe076af6_o-1.jpg","width":1170,"height":700},{"@type":"BreadcrumbList","@id":"https:\/\/www.notibras.com\/site\/planos-de-saude-lideram-reclamacoes-nos-ultimos-10-anos\/#breadcrumb","itemListElement":[{"@type":"ListItem","position":1,"name":"In\u00edcio","item":"https:\/\/www.notibras.com\/site\/"},{"@type":"ListItem","position":2,"name":"Planos de sa\u00fade lideram reclama\u00e7\u00f5es nos \u00faltimos 10 anos"}]},{"@type":"WebSite","@id":"https:\/\/www.notibras.com\/site\/#website","url":"https:\/\/www.notibras.com\/site\/","name":"Notibras","description":"Not\u00edcias de Bras\u00edlia, do Brasil e do Mundo","publisher":{"@id":"https:\/\/www.notibras.com\/site\/#organization"},"potentialAction":[{"@type":"SearchAction","target":{"@type":"EntryPoint","urlTemplate":"https:\/\/www.notibras.com\/site\/?s={search_term_string}"},"query-input":{"@type":"PropertyValueSpecification","valueRequired":true,"valueName":"search_term_string"}}],"inLanguage":"pt-BR"},{"@type":"Organization","@id":"https:\/\/www.notibras.com\/site\/#organization","name":"Grupo Notibras de Comunica\u00e7\u00e3o","url":"https:\/\/www.notibras.com\/site\/","logo":{"@type":"ImageObject","inLanguage":"pt-BR","@id":"https:\/\/www.notibras.com\/site\/#\/schema\/logo\/image\/","url":"https:\/\/www.notibras.com\/site\/wp-content\/uploads\/2023\/01\/notibras23.png","contentUrl":"https:\/\/www.notibras.com\/site\/wp-content\/uploads\/2023\/01\/notibras23.png","width":350,"height":87,"caption":"Grupo Notibras de Comunica\u00e7\u00e3o"},"image":{"@id":"https:\/\/www.notibras.com\/site\/#\/schema\/logo\/image\/"},"sameAs":["https:\/\/www.facebook.com\/notibras\/","https:\/\/x.com\/Notibras","https:\/\/www.instagram.com\/notibras\/"]},{"@type":"Person","@id":"https:\/\/www.notibras.com\/site\/#\/schema\/person\/36ab0979449956132d3e5b517ea76ac8","name":"Reda\u00e7\u00e3o","image":{"@type":"ImageObject","inLanguage":"pt-BR","@id":"https:\/\/secure.gravatar.com\/avatar\/e0a867bdedb85fd243eadf09663511f96fc81e0720a4a42581f334ad4303aa6b?s=96&d=mm&r=g","url":"https:\/\/secure.gravatar.com\/avatar\/e0a867bdedb85fd243eadf09663511f96fc81e0720a4a42581f334ad4303aa6b?s=96&d=mm&r=g","contentUrl":"https:\/\/secure.gravatar.com\/avatar\/e0a867bdedb85fd243eadf09663511f96fc81e0720a4a42581f334ad4303aa6b?s=96&d=mm&r=g","caption":"Reda\u00e7\u00e3o"}}]}},"amp_enabled":true,"_links":{"self":[{"href":"https:\/\/www.notibras.com\/site\/wp-json\/wp\/v2\/posts\/312906","targetHints":{"allow":["GET"]}}],"collection":[{"href":"https:\/\/www.notibras.com\/site\/wp-json\/wp\/v2\/posts"}],"about":[{"href":"https:\/\/www.notibras.com\/site\/wp-json\/wp\/v2\/types\/post"}],"author":[{"embeddable":true,"href":"https:\/\/www.notibras.com\/site\/wp-json\/wp\/v2\/users\/2"}],"replies":[{"embeddable":true,"href":"https:\/\/www.notibras.com\/site\/wp-json\/wp\/v2\/comments?post=312906"}],"version-history":[{"count":1,"href":"https:\/\/www.notibras.com\/site\/wp-json\/wp\/v2\/posts\/312906\/revisions"}],"predecessor-version":[{"id":312908,"href":"https:\/\/www.notibras.com\/site\/wp-json\/wp\/v2\/posts\/312906\/revisions\/312908"}],"wp:featuredmedia":[{"embeddable":true,"href":"https:\/\/www.notibras.com\/site\/wp-json\/wp\/v2\/media\/312907"}],"wp:attachment":[{"href":"https:\/\/www.notibras.com\/site\/wp-json\/wp\/v2\/media?parent=312906"}],"wp:term":[{"taxonomy":"category","embeddable":true,"href":"https:\/\/www.notibras.com\/site\/wp-json\/wp\/v2\/categories?post=312906"},{"taxonomy":"post_tag","embeddable":true,"href":"https:\/\/www.notibras.com\/site\/wp-json\/wp\/v2\/tags?post=312906"}],"curies":[{"name":"wp","href":"https:\/\/api.w.org\/{rel}","templated":true}]}}