{"id":312909,"date":"2023-09-14T08:47:18","date_gmt":"2023-09-14T11:47:18","guid":{"rendered":"https:\/\/www.notibras.com\/site\/?p=312909"},"modified":"2023-09-14T08:47:18","modified_gmt":"2023-09-14T11:47:18","slug":"febre-amarela-so-sai-da-cidade-de-houver-vacinacao","status":"publish","type":"post","link":"https:\/\/www.notibras.com\/site\/febre-amarela-so-sai-da-cidade-de-houver-vacinacao\/","title":{"rendered":"Febre amarela s\u00f3 sai da cidade de houver vacina\u00e7\u00e3o"},"content":{"rendered":"<p>Antes que sanitaristas como Vital Brazil e Oswaldo Cruz liderassem mudan\u00e7as no cen\u00e1rio da sa\u00fade p\u00fablica no Brasil, no final do s\u00e9culo 19 e in\u00edcio do s\u00e9culo 20, o pa\u00eds tinha uma fama assustadora no exterior: \u201cT\u00famulo de estrangeiros\u201d. O motivo era a enorme quantidade de doen\u00e7as infecciosas que incidiam de forma epid\u00eamica sobre sua popula\u00e7\u00e3o, causando milhares de v\u00edtimas.<\/p>\n<p>Entre elas, uma das mais temidas era a febre amarela urbana, arbovirose cuja letalidade ainda hoje pode beirar os 50% em casos graves. Somente na capital federal da \u00e9poca, o Rio de Janeiro, a doen\u00e7a matava mais de mil pessoas por ano no in\u00edcio do s\u00e9culo 20.<\/p>\n<p>Os esfor\u00e7os para combater essa doen\u00e7a inclu\u00edram uma ca\u00e7a aos mosquitos e fizeram com que ela fosse eliminada em 1942. O que trouxe maior resultado para manter essa conquista, por\u00e9m, foi a vacina\u00e7\u00e3o, desenvolvida em 1937 e dispon\u00edvel no calend\u00e1rio infantil do Programa Nacional de Imuniza\u00e7\u00f5es (PNI), que completa 50 anos em 18 de setembro. A indica\u00e7\u00e3o para as aplica\u00e7\u00f5es \u00e9 aos 9 meses e aos 4 anos de idade. Acima dos 5 anos, a recomenda\u00e7\u00e3o \u00e9 de apenas uma dose.<\/p>\n<p>A vacina contra a febre amarela utilizada pela rede p\u00fablica \u00e9 produzida pelo Instituto de Tecnologia em Imunobiol\u00f3gicos (Bio-Manguinhos\/Fiocruz) e tamb\u00e9m pela farmac\u00eautica Sanofi Pasteur, que fornece tanto para o PNI quanto para as cl\u00ednicas privadas. Segundo a Sociedade Brasileira de Imuniza\u00e7\u00f5es, as duas t\u00eam perfis de seguran\u00e7a e efic\u00e1cia semelhantes, estimados em mais de 95% para maiores de 2 anos.<\/p>\n<p><strong>Doen\u00e7a n\u00e3o vai desaparecer<\/strong><br \/>\nApesar do sucesso no caso da febre amarela urbana, a doen\u00e7a em sua forma silvestre n\u00e3o pode ser erradicada. O v\u00edrus causador da febre amarela n\u00e3o depende dos seres humanos para continuar existindo &#8211; ele infecta primatas e outros mam\u00edferos em florestas, onde \u00e9 transmitido pelo mosquito Haemagogus sabethes. Esses mosquitos tamb\u00e9m picam humanos que entram nas matas, e o risco \u00e9 que, com o retorno dessas pessoas \u00e0s cidades, elas sejam picadas por mosquitos Aedes aegypti e Aedes albopictus, que podem fazer o v\u00edrus voltar a circular em \u00e1reas urbanas.<\/p>\n<p>A coordenadora da Assessoria Cl\u00ednica de Bio-Manguinhos\/Fiocruz, Lurdinha Maia, ressalta que, por esse motivo, \u00e9 preciso que a cobertura vacinal contra a doen\u00e7a seja mantida em todo o pa\u00eds, uma vez que o ecoturismo, a pesca, o desmatamento e outros fatores t\u00eam aumentado o contato entre o ser humano e os mosquitos que transmitem a febre amarela silvestre.<\/p>\n<p>\u201cO Brasil \u00e9 um pa\u00eds end\u00eamico. Isso significa que a gente n\u00e3o vai acabar com a febre amarela. Ela est\u00e1 nas matas. Em 1942, a gente acabou com a febre amarela urbana, mas ainda \u00e9 um risco, principalmente porque hoje h\u00e1 muitas entradas nas matas\u201d, afirma.<\/p>\n<p>\u201cAnteriormente, o Programa Nacional de Imuniza\u00e7\u00f5es preconizava a vacina\u00e7\u00e3o em v\u00e1rios estados e dizia que n\u00e3o era obrigat\u00f3rio no Nordeste. Mas, o PNI j\u00e1 atualizou o calend\u00e1rio de vacina\u00e7\u00e3o e todo o Brasil tem a recomenda\u00e7\u00e3o de ser vacinado contra a febre amarela.\u201d<\/p>\n<p>Ser um pa\u00eds end\u00eamico faz com que alguns pa\u00edses s\u00f3 permitam a entrada de viajantes brasileiros que apresentem o Certificado Internacional de Vacina\u00e7\u00e3o e Profilaxia (CIVP), com registro de dose aplicada no m\u00ednimo dez dias antes da viagem.<\/p>\n<p><strong>Hemorragias<\/strong><br \/>\nO v\u00edrus da febre amarela demora de tr\u00eas a seis dias incubado no corpo. Quando a infec\u00e7\u00e3o gera sintomas, os mais comuns s\u00e3o febre, dores musculares com dor lombar proeminente, dor de cabe\u00e7a, perda de apetite, n\u00e1usea ou v\u00f4mito. A maioria das pessoas melhora em at\u00e9 quatro dias.<\/p>\n<p>Uma pequena parte dos pacientes, por\u00e9m, evolui para um segundo est\u00e1gio da doen\u00e7a, 24 horas ap\u00f3s essa melhora. A febre alta retorna, e a infec\u00e7\u00e3o afeta o f\u00edgado e os rins. Por isso, um sintoma comum nessa fase \u00e9 a icter\u00edcia (\u201camarelamento\u201d da pele e dos olhos), urina escura e dores abdominais com v\u00f4mitos.<\/p>\n<p>A letalidade entre esses pacientes \u00e9 elevada, e metade dos que apresentam essas complica\u00e7\u00f5es morre em at\u00e9 dez dias. A doen\u00e7a evolui at\u00e9 causar hemorragias graves, com sangramentos a partir da boca, nariz, olhos ou est\u00f4mago.<\/p>\n<p>Uma dificuldade para os servi\u00e7os de sa\u00fade \u00e9 diagnosticar a febre amarela em seus est\u00e1gios iniciais. \u00c9 comum que seja confundida com mal\u00e1ria, leptospirose, hepatite viral, ou outras febres hemorr\u00e1gicas, como a dengue.<\/p>\n<p>Infectologista Elaine Bicudo alerta que febre amarela \u00e9 amea\u00e7a grave de sa\u00fade p\u00fablica &#8211; Arquivo pessoal<br \/>\nPor todos esses motivos, a infectologista Eliana Bicudo destaca que a doen\u00e7a \u00e9 uma amea\u00e7a de sa\u00fade p\u00fablica grave, e que a vacina\u00e7\u00e3o precisa ser objeto de aten\u00e7\u00e3o da popula\u00e7\u00e3o.<\/p>\n<p>\u201cQualquer pessoa n\u00e3o imunizada est\u00e1 amea\u00e7ada pela febre amarela, porque ela tem alta letalidade. Um n\u00famero bem grande de pacientes vem a \u00f3bito.\u201d<\/p>\n<p><strong>Contraindica\u00e7\u00f5es<\/strong><br \/>\nA vacina da febre amarela \u00e9 eficaz e segura, mas utiliza a tecnologia do v\u00edrus atenuado, o que significa que restringe seu uso \u00e0s pessoas com boa capacidade imunol\u00f3gica. O Minist\u00e9rio da Sa\u00fade contraindica essa vacina para: crian\u00e7as menores de 9 meses de idade; mulheres amamentando crian\u00e7as menores de 6 meses de idade; pessoas com alergia grave ao ovo; pessoas que vivem com HIV e que t\u00eam contagem de c\u00e9lulas CD4 menor que 350; pessoas em tratamento com quimioterapia\/ radioterapia; e pessoas submetidas a tratamento com imunossupressores (que diminuem a defesa do corpo).<\/p>\n<p>Caso essas pessoas vivam ou precisem se deslocar para \u00e1reas de maior risco de transmiss\u00e3o, \u00e9 necess\u00e1rio que profissionais de sa\u00fade fa\u00e7am uma avalia\u00e7\u00e3o de risco-benef\u00edcio, uma vez que as complica\u00e7\u00f5es ao adoecer podem ser ainda mais graves. Essa avalia\u00e7\u00e3o tamb\u00e9m deve ser feita para a vacina\u00e7\u00e3o de pessoas com 60 anos ou mais contra a doen\u00e7a.<\/p>\n<p>\u201cA vacina de febre amarela \u00e9 um exemplo cl\u00e1ssico de como uma vacina pode controlar uma doen\u00e7a. Esse \u00e9 um dado hist\u00f3rico. At\u00e9 2017, a gente entendia que a febre amarela no Brasil estava restrita a algumas regi\u00f5es. Mas tivemos alguns surtos relacionados \u00e0 febre amarela silvestre associados a parques na periferia de S\u00e3o Paulo. Ao entrarem naqueles parques, os homens contra\u00edram a febre amarela\u201d, descreve a infectologista.<\/p>\n<p>\u201cA partir desse evento, a gente entende que o Brasil \u00e9 um pa\u00eds end\u00eamico e que a imuniza\u00e7\u00e3o n\u00e3o deve ser s\u00f3 em \u00e1reas como o Centro-Oeste ou a regi\u00e3o amaz\u00f4nica. O Programa Nacional de Imuniza\u00e7\u00f5es incluiu para todo o Brasil a vacina da febre amarela no primeiro ano de vida.\u201d<\/p>\n<p>Al\u00e9m da vacina\u00e7\u00e3o, a preven\u00e7\u00e3o da febre amarela deve contar com os esfor\u00e7os para conter outras arboviroses, como a dengue e a zika. Deve-se evitar que \u00e1gua parada fique exposta em lugares p\u00fablicos, casas e estabelecimentos empresariais, para que os mosquitos vetores desses v\u00edrus n\u00e3o a utilizem como criadouro.<\/p>\n","protected":false},"excerpt":{"rendered":"<p>Antes que sanitaristas como Vital Brazil e Oswaldo Cruz liderassem mudan\u00e7as no cen\u00e1rio da sa\u00fade p\u00fablica no Brasil, no final do s\u00e9culo 19 e in\u00edcio do s\u00e9culo 20, o pa\u00eds tinha uma fama assustadora no exterior: \u201cT\u00famulo de estrangeiros\u201d. O motivo era a enorme quantidade de doen\u00e7as infecciosas que incidiam de forma epid\u00eamica sobre sua [&hellip;]<\/p>\n","protected":false},"author":2,"featured_media":312910,"comment_status":"closed","ping_status":"closed","sticky":false,"template":"","format":"standard","meta":{"_acf_changed":false,"footnotes":""},"categories":[161],"tags":[],"class_list":["post-312909","post","type-post","status-publish","format-standard","has-post-thumbnail","hentry","category-quadradinho-em-foco"],"acf":[],"yoast_head":"<!-- This site is optimized with the Yoast SEO plugin v27.2 - https:\/\/yoast.com\/product\/yoast-seo-wordpress\/ -->\n<title>Febre amarela s\u00f3 sai da cidade de houver vacina\u00e7\u00e3o - Notibras<\/title>\n<meta name=\"robots\" content=\"index, follow, max-snippet:-1, max-image-preview:large, max-video-preview:-1\" \/>\n<link rel=\"canonical\" href=\"https:\/\/www.notibras.com\/site\/febre-amarela-so-sai-da-cidade-de-houver-vacinacao\/\" \/>\n<meta property=\"og:locale\" content=\"pt_BR\" \/>\n<meta property=\"og:type\" content=\"article\" \/>\n<meta property=\"og:title\" content=\"Febre amarela s\u00f3 sai da cidade de houver vacina\u00e7\u00e3o - Notibras\" \/>\n<meta property=\"og:description\" content=\"Antes que sanitaristas como Vital Brazil e Oswaldo Cruz liderassem mudan\u00e7as no cen\u00e1rio da sa\u00fade p\u00fablica no Brasil, no final do s\u00e9culo 19 e in\u00edcio do s\u00e9culo 20, o pa\u00eds tinha uma fama assustadora no exterior: \u201cT\u00famulo de estrangeiros\u201d. O motivo era a enorme quantidade de doen\u00e7as infecciosas que incidiam de forma epid\u00eamica sobre sua [&hellip;]\" \/>\n<meta property=\"og:url\" content=\"https:\/\/www.notibras.com\/site\/febre-amarela-so-sai-da-cidade-de-houver-vacinacao\/\" \/>\n<meta property=\"og:site_name\" content=\"Notibras\" \/>\n<meta property=\"article:publisher\" content=\"https:\/\/www.facebook.com\/notibras\/\" \/>\n<meta property=\"article:published_time\" content=\"2023-09-14T11:47:18+00:00\" \/>\n<meta property=\"og:image\" content=\"https:\/\/www.notibras.com\/site\/wp-content\/uploads\/2023\/09\/1105846-dsc_5911-1.jpg\" \/>\n\t<meta property=\"og:image:width\" content=\"1170\" \/>\n\t<meta property=\"og:image:height\" content=\"700\" \/>\n\t<meta property=\"og:image:type\" content=\"image\/jpeg\" \/>\n<meta name=\"author\" content=\"Reda\u00e7\u00e3o\" \/>\n<meta name=\"twitter:card\" content=\"summary_large_image\" \/>\n<meta name=\"twitter:creator\" content=\"@Notibras\" \/>\n<meta name=\"twitter:site\" content=\"@Notibras\" \/>\n<meta name=\"twitter:label1\" content=\"Escrito por\" \/>\n\t<meta name=\"twitter:data1\" content=\"Reda\u00e7\u00e3o\" \/>\n\t<meta name=\"twitter:label2\" content=\"Est. tempo de leitura\" \/>\n\t<meta name=\"twitter:data2\" content=\"7 minutos\" \/>\n<script type=\"application\/ld+json\" class=\"yoast-schema-graph\">{\"@context\":\"https:\/\/schema.org\",\"@graph\":[{\"@type\":\"Article\",\"@id\":\"https:\/\/www.notibras.com\/site\/febre-amarela-so-sai-da-cidade-de-houver-vacinacao\/#article\",\"isPartOf\":{\"@id\":\"https:\/\/www.notibras.com\/site\/febre-amarela-so-sai-da-cidade-de-houver-vacinacao\/\"},\"author\":{\"name\":\"Reda\u00e7\u00e3o\",\"@id\":\"https:\/\/www.notibras.com\/site\/#\/schema\/person\/36ab0979449956132d3e5b517ea76ac8\"},\"headline\":\"Febre amarela s\u00f3 sai da cidade de houver vacina\u00e7\u00e3o\",\"datePublished\":\"2023-09-14T11:47:18+00:00\",\"mainEntityOfPage\":{\"@id\":\"https:\/\/www.notibras.com\/site\/febre-amarela-so-sai-da-cidade-de-houver-vacinacao\/\"},\"wordCount\":1203,\"publisher\":{\"@id\":\"https:\/\/www.notibras.com\/site\/#organization\"},\"image\":{\"@id\":\"https:\/\/www.notibras.com\/site\/febre-amarela-so-sai-da-cidade-de-houver-vacinacao\/#primaryimage\"},\"thumbnailUrl\":\"https:\/\/www.notibras.com\/site\/wp-content\/uploads\/2023\/09\/1105846-dsc_5911-1.jpg\",\"articleSection\":[\"Quadradinho em Foco\"],\"inLanguage\":\"pt-BR\"},{\"@type\":\"WebPage\",\"@id\":\"https:\/\/www.notibras.com\/site\/febre-amarela-so-sai-da-cidade-de-houver-vacinacao\/\",\"url\":\"https:\/\/www.notibras.com\/site\/febre-amarela-so-sai-da-cidade-de-houver-vacinacao\/\",\"name\":\"Febre amarela s\u00f3 sai da cidade de houver vacina\u00e7\u00e3o - Notibras\",\"isPartOf\":{\"@id\":\"https:\/\/www.notibras.com\/site\/#website\"},\"primaryImageOfPage\":{\"@id\":\"https:\/\/www.notibras.com\/site\/febre-amarela-so-sai-da-cidade-de-houver-vacinacao\/#primaryimage\"},\"image\":{\"@id\":\"https:\/\/www.notibras.com\/site\/febre-amarela-so-sai-da-cidade-de-houver-vacinacao\/#primaryimage\"},\"thumbnailUrl\":\"https:\/\/www.notibras.com\/site\/wp-content\/uploads\/2023\/09\/1105846-dsc_5911-1.jpg\",\"datePublished\":\"2023-09-14T11:47:18+00:00\",\"breadcrumb\":{\"@id\":\"https:\/\/www.notibras.com\/site\/febre-amarela-so-sai-da-cidade-de-houver-vacinacao\/#breadcrumb\"},\"inLanguage\":\"pt-BR\",\"potentialAction\":[{\"@type\":\"ReadAction\",\"target\":[\"https:\/\/www.notibras.com\/site\/febre-amarela-so-sai-da-cidade-de-houver-vacinacao\/\"]}]},{\"@type\":\"ImageObject\",\"inLanguage\":\"pt-BR\",\"@id\":\"https:\/\/www.notibras.com\/site\/febre-amarela-so-sai-da-cidade-de-houver-vacinacao\/#primaryimage\",\"url\":\"https:\/\/www.notibras.com\/site\/wp-content\/uploads\/2023\/09\/1105846-dsc_5911-1.jpg\",\"contentUrl\":\"https:\/\/www.notibras.com\/site\/wp-content\/uploads\/2023\/09\/1105846-dsc_5911-1.jpg\",\"width\":1170,\"height\":700,\"caption\":\"S\u00e3o Paulo - Campanha de vacina\u00e7\u00e3o contra febre amarela na Unidade B\u00e1sica de Sa\u00fade Gleba do P\u00eassego, em Itaquera (Rovena Rosa\/Ag\u00eancia Brasil)\"},{\"@type\":\"BreadcrumbList\",\"@id\":\"https:\/\/www.notibras.com\/site\/febre-amarela-so-sai-da-cidade-de-houver-vacinacao\/#breadcrumb\",\"itemListElement\":[{\"@type\":\"ListItem\",\"position\":1,\"name\":\"In\u00edcio\",\"item\":\"https:\/\/www.notibras.com\/site\/\"},{\"@type\":\"ListItem\",\"position\":2,\"name\":\"Febre amarela s\u00f3 sai da cidade de houver vacina\u00e7\u00e3o\"}]},{\"@type\":\"WebSite\",\"@id\":\"https:\/\/www.notibras.com\/site\/#website\",\"url\":\"https:\/\/www.notibras.com\/site\/\",\"name\":\"Notibras\",\"description\":\"Not\u00edcias de Bras\u00edlia, do Brasil e do Mundo\",\"publisher\":{\"@id\":\"https:\/\/www.notibras.com\/site\/#organization\"},\"potentialAction\":[{\"@type\":\"SearchAction\",\"target\":{\"@type\":\"EntryPoint\",\"urlTemplate\":\"https:\/\/www.notibras.com\/site\/?s={search_term_string}\"},\"query-input\":{\"@type\":\"PropertyValueSpecification\",\"valueRequired\":true,\"valueName\":\"search_term_string\"}}],\"inLanguage\":\"pt-BR\"},{\"@type\":\"Organization\",\"@id\":\"https:\/\/www.notibras.com\/site\/#organization\",\"name\":\"Grupo Notibras de Comunica\u00e7\u00e3o\",\"url\":\"https:\/\/www.notibras.com\/site\/\",\"logo\":{\"@type\":\"ImageObject\",\"inLanguage\":\"pt-BR\",\"@id\":\"https:\/\/www.notibras.com\/site\/#\/schema\/logo\/image\/\",\"url\":\"https:\/\/www.notibras.com\/site\/wp-content\/uploads\/2023\/01\/notibras23.png\",\"contentUrl\":\"https:\/\/www.notibras.com\/site\/wp-content\/uploads\/2023\/01\/notibras23.png\",\"width\":350,\"height\":87,\"caption\":\"Grupo Notibras de Comunica\u00e7\u00e3o\"},\"image\":{\"@id\":\"https:\/\/www.notibras.com\/site\/#\/schema\/logo\/image\/\"},\"sameAs\":[\"https:\/\/www.facebook.com\/notibras\/\",\"https:\/\/x.com\/Notibras\",\"https:\/\/www.instagram.com\/notibras\/\"]},{\"@type\":\"Person\",\"@id\":\"https:\/\/www.notibras.com\/site\/#\/schema\/person\/36ab0979449956132d3e5b517ea76ac8\",\"name\":\"Reda\u00e7\u00e3o\",\"image\":{\"@type\":\"ImageObject\",\"inLanguage\":\"pt-BR\",\"@id\":\"https:\/\/secure.gravatar.com\/avatar\/e0a867bdedb85fd243eadf09663511f96fc81e0720a4a42581f334ad4303aa6b?s=96&d=mm&r=g\",\"url\":\"https:\/\/secure.gravatar.com\/avatar\/e0a867bdedb85fd243eadf09663511f96fc81e0720a4a42581f334ad4303aa6b?s=96&d=mm&r=g\",\"contentUrl\":\"https:\/\/secure.gravatar.com\/avatar\/e0a867bdedb85fd243eadf09663511f96fc81e0720a4a42581f334ad4303aa6b?s=96&d=mm&r=g\",\"caption\":\"Reda\u00e7\u00e3o\"}}]}<\/script>\n<!-- \/ Yoast SEO plugin. -->","yoast_head_json":{"title":"Febre amarela s\u00f3 sai da cidade de houver vacina\u00e7\u00e3o - Notibras","robots":{"index":"index","follow":"follow","max-snippet":"max-snippet:-1","max-image-preview":"max-image-preview:large","max-video-preview":"max-video-preview:-1"},"canonical":"https:\/\/www.notibras.com\/site\/febre-amarela-so-sai-da-cidade-de-houver-vacinacao\/","og_locale":"pt_BR","og_type":"article","og_title":"Febre amarela s\u00f3 sai da cidade de houver vacina\u00e7\u00e3o - Notibras","og_description":"Antes que sanitaristas como Vital Brazil e Oswaldo Cruz liderassem mudan\u00e7as no cen\u00e1rio da sa\u00fade p\u00fablica no Brasil, no final do s\u00e9culo 19 e in\u00edcio do s\u00e9culo 20, o pa\u00eds tinha uma fama assustadora no exterior: \u201cT\u00famulo de estrangeiros\u201d. O motivo era a enorme quantidade de doen\u00e7as infecciosas que incidiam de forma epid\u00eamica sobre sua [&hellip;]","og_url":"https:\/\/www.notibras.com\/site\/febre-amarela-so-sai-da-cidade-de-houver-vacinacao\/","og_site_name":"Notibras","article_publisher":"https:\/\/www.facebook.com\/notibras\/","article_published_time":"2023-09-14T11:47:18+00:00","og_image":[{"width":1170,"height":700,"url":"https:\/\/www.notibras.com\/site\/wp-content\/uploads\/2023\/09\/1105846-dsc_5911-1.jpg","type":"image\/jpeg"}],"author":"Reda\u00e7\u00e3o","twitter_card":"summary_large_image","twitter_creator":"@Notibras","twitter_site":"@Notibras","twitter_misc":{"Escrito por":"Reda\u00e7\u00e3o","Est. tempo de leitura":"7 minutos"},"schema":{"@context":"https:\/\/schema.org","@graph":[{"@type":"Article","@id":"https:\/\/www.notibras.com\/site\/febre-amarela-so-sai-da-cidade-de-houver-vacinacao\/#article","isPartOf":{"@id":"https:\/\/www.notibras.com\/site\/febre-amarela-so-sai-da-cidade-de-houver-vacinacao\/"},"author":{"name":"Reda\u00e7\u00e3o","@id":"https:\/\/www.notibras.com\/site\/#\/schema\/person\/36ab0979449956132d3e5b517ea76ac8"},"headline":"Febre amarela s\u00f3 sai da cidade de houver vacina\u00e7\u00e3o","datePublished":"2023-09-14T11:47:18+00:00","mainEntityOfPage":{"@id":"https:\/\/www.notibras.com\/site\/febre-amarela-so-sai-da-cidade-de-houver-vacinacao\/"},"wordCount":1203,"publisher":{"@id":"https:\/\/www.notibras.com\/site\/#organization"},"image":{"@id":"https:\/\/www.notibras.com\/site\/febre-amarela-so-sai-da-cidade-de-houver-vacinacao\/#primaryimage"},"thumbnailUrl":"https:\/\/www.notibras.com\/site\/wp-content\/uploads\/2023\/09\/1105846-dsc_5911-1.jpg","articleSection":["Quadradinho em Foco"],"inLanguage":"pt-BR"},{"@type":"WebPage","@id":"https:\/\/www.notibras.com\/site\/febre-amarela-so-sai-da-cidade-de-houver-vacinacao\/","url":"https:\/\/www.notibras.com\/site\/febre-amarela-so-sai-da-cidade-de-houver-vacinacao\/","name":"Febre amarela s\u00f3 sai da cidade de houver vacina\u00e7\u00e3o - Notibras","isPartOf":{"@id":"https:\/\/www.notibras.com\/site\/#website"},"primaryImageOfPage":{"@id":"https:\/\/www.notibras.com\/site\/febre-amarela-so-sai-da-cidade-de-houver-vacinacao\/#primaryimage"},"image":{"@id":"https:\/\/www.notibras.com\/site\/febre-amarela-so-sai-da-cidade-de-houver-vacinacao\/#primaryimage"},"thumbnailUrl":"https:\/\/www.notibras.com\/site\/wp-content\/uploads\/2023\/09\/1105846-dsc_5911-1.jpg","datePublished":"2023-09-14T11:47:18+00:00","breadcrumb":{"@id":"https:\/\/www.notibras.com\/site\/febre-amarela-so-sai-da-cidade-de-houver-vacinacao\/#breadcrumb"},"inLanguage":"pt-BR","potentialAction":[{"@type":"ReadAction","target":["https:\/\/www.notibras.com\/site\/febre-amarela-so-sai-da-cidade-de-houver-vacinacao\/"]}]},{"@type":"ImageObject","inLanguage":"pt-BR","@id":"https:\/\/www.notibras.com\/site\/febre-amarela-so-sai-da-cidade-de-houver-vacinacao\/#primaryimage","url":"https:\/\/www.notibras.com\/site\/wp-content\/uploads\/2023\/09\/1105846-dsc_5911-1.jpg","contentUrl":"https:\/\/www.notibras.com\/site\/wp-content\/uploads\/2023\/09\/1105846-dsc_5911-1.jpg","width":1170,"height":700,"caption":"S\u00e3o Paulo - Campanha de vacina\u00e7\u00e3o contra febre amarela na Unidade B\u00e1sica de Sa\u00fade Gleba do P\u00eassego, em Itaquera (Rovena Rosa\/Ag\u00eancia Brasil)"},{"@type":"BreadcrumbList","@id":"https:\/\/www.notibras.com\/site\/febre-amarela-so-sai-da-cidade-de-houver-vacinacao\/#breadcrumb","itemListElement":[{"@type":"ListItem","position":1,"name":"In\u00edcio","item":"https:\/\/www.notibras.com\/site\/"},{"@type":"ListItem","position":2,"name":"Febre amarela s\u00f3 sai da cidade de houver vacina\u00e7\u00e3o"}]},{"@type":"WebSite","@id":"https:\/\/www.notibras.com\/site\/#website","url":"https:\/\/www.notibras.com\/site\/","name":"Notibras","description":"Not\u00edcias de Bras\u00edlia, do Brasil e do Mundo","publisher":{"@id":"https:\/\/www.notibras.com\/site\/#organization"},"potentialAction":[{"@type":"SearchAction","target":{"@type":"EntryPoint","urlTemplate":"https:\/\/www.notibras.com\/site\/?s={search_term_string}"},"query-input":{"@type":"PropertyValueSpecification","valueRequired":true,"valueName":"search_term_string"}}],"inLanguage":"pt-BR"},{"@type":"Organization","@id":"https:\/\/www.notibras.com\/site\/#organization","name":"Grupo Notibras de Comunica\u00e7\u00e3o","url":"https:\/\/www.notibras.com\/site\/","logo":{"@type":"ImageObject","inLanguage":"pt-BR","@id":"https:\/\/www.notibras.com\/site\/#\/schema\/logo\/image\/","url":"https:\/\/www.notibras.com\/site\/wp-content\/uploads\/2023\/01\/notibras23.png","contentUrl":"https:\/\/www.notibras.com\/site\/wp-content\/uploads\/2023\/01\/notibras23.png","width":350,"height":87,"caption":"Grupo Notibras de Comunica\u00e7\u00e3o"},"image":{"@id":"https:\/\/www.notibras.com\/site\/#\/schema\/logo\/image\/"},"sameAs":["https:\/\/www.facebook.com\/notibras\/","https:\/\/x.com\/Notibras","https:\/\/www.instagram.com\/notibras\/"]},{"@type":"Person","@id":"https:\/\/www.notibras.com\/site\/#\/schema\/person\/36ab0979449956132d3e5b517ea76ac8","name":"Reda\u00e7\u00e3o","image":{"@type":"ImageObject","inLanguage":"pt-BR","@id":"https:\/\/secure.gravatar.com\/avatar\/e0a867bdedb85fd243eadf09663511f96fc81e0720a4a42581f334ad4303aa6b?s=96&d=mm&r=g","url":"https:\/\/secure.gravatar.com\/avatar\/e0a867bdedb85fd243eadf09663511f96fc81e0720a4a42581f334ad4303aa6b?s=96&d=mm&r=g","contentUrl":"https:\/\/secure.gravatar.com\/avatar\/e0a867bdedb85fd243eadf09663511f96fc81e0720a4a42581f334ad4303aa6b?s=96&d=mm&r=g","caption":"Reda\u00e7\u00e3o"}}]}},"amp_enabled":true,"_links":{"self":[{"href":"https:\/\/www.notibras.com\/site\/wp-json\/wp\/v2\/posts\/312909","targetHints":{"allow":["GET"]}}],"collection":[{"href":"https:\/\/www.notibras.com\/site\/wp-json\/wp\/v2\/posts"}],"about":[{"href":"https:\/\/www.notibras.com\/site\/wp-json\/wp\/v2\/types\/post"}],"author":[{"embeddable":true,"href":"https:\/\/www.notibras.com\/site\/wp-json\/wp\/v2\/users\/2"}],"replies":[{"embeddable":true,"href":"https:\/\/www.notibras.com\/site\/wp-json\/wp\/v2\/comments?post=312909"}],"version-history":[{"count":1,"href":"https:\/\/www.notibras.com\/site\/wp-json\/wp\/v2\/posts\/312909\/revisions"}],"predecessor-version":[{"id":312911,"href":"https:\/\/www.notibras.com\/site\/wp-json\/wp\/v2\/posts\/312909\/revisions\/312911"}],"wp:featuredmedia":[{"embeddable":true,"href":"https:\/\/www.notibras.com\/site\/wp-json\/wp\/v2\/media\/312910"}],"wp:attachment":[{"href":"https:\/\/www.notibras.com\/site\/wp-json\/wp\/v2\/media?parent=312909"}],"wp:term":[{"taxonomy":"category","embeddable":true,"href":"https:\/\/www.notibras.com\/site\/wp-json\/wp\/v2\/categories?post=312909"},{"taxonomy":"post_tag","embeddable":true,"href":"https:\/\/www.notibras.com\/site\/wp-json\/wp\/v2\/tags?post=312909"}],"curies":[{"name":"wp","href":"https:\/\/api.w.org\/{rel}","templated":true}]}}