{"id":312915,"date":"2023-09-14T00:55:27","date_gmt":"2023-09-14T03:55:27","guid":{"rendered":"https:\/\/www.notibras.com\/site\/?p=312915"},"modified":"2023-09-14T08:58:36","modified_gmt":"2023-09-14T11:58:36","slug":"consulta-definira-plano-de-prevencao-a-desmatamento","status":"publish","type":"post","link":"https:\/\/www.notibras.com\/site\/consulta-definira-plano-de-prevencao-a-desmatamento\/","title":{"rendered":"Consulta definir\u00e1 plano de preven\u00e7\u00e3o a desmatamento"},"content":{"rendered":"<p>Baru, cajuzinho do cerrado, pequi, mangaba, guabiroba, cagaita, buriti, araticum e murici, entre outros s\u00e3o frutos abundantes no Cerrado. Na fauna deste bioma, um dos animais mais simb\u00f3licos \u00e9 o lobo-guar\u00e1. Outros bichos representam tamb\u00e9m a biodiversidade dos que habitam os campos e as florestas com vegeta\u00e7\u00e3o tipicamente composta por \u00e1rvores com troncos retorcidos e grossos. No Cerrado, \u00e9 poss\u00edvel encontrar ainda carcar\u00e1s, tatus-canastra, veados-mateiros, raposas-do-campo, tucanos, araras, maritacas, seriemas, tamandu\u00e1s-bandeira e at\u00e9 on\u00e7as pintadas.<\/p>\n<p>O bioma \u00e9 apelidado de \u201cber\u00e7o das \u00e1guas\u201d por abrigar as nascentes de tr\u00eas bacias hidrogr\u00e1ficas do continente: as dos rios Araguaia, S\u00e3o Francisco e da Prata.<\/p>\n<p>Para preservar este bioma, que \u00e9 o segundo maior do Brasil e da Am\u00e9rica do Sul, o Minist\u00e9rio do Meio Ambiente e Mudan\u00e7a do Clima (MMA) lan\u00e7ou, nesta quarta-feira (13), a consulta p\u00fablica do Plano de A\u00e7\u00e3o para Preven\u00e7\u00e3o e Controle do Desmatamento e das Queimadas no Bioma Cerrado (PP Cerrado), at\u00e9 12 de outubro.<\/p>\n<p>De acordo com o MMA, os quatro eixos estrat\u00e9gicos do PP Cerrado apresentam 12 objetivos estrat\u00e9gicos e 37 resultados esperados. Para alcan\u00e7\u00e1-los, h\u00e1 78 linhas de a\u00e7\u00e3o, que incluem a elabora\u00e7\u00e3o e implementa\u00e7\u00e3o de programas e a\u00e7\u00f5es de apoio \u00e0 bioeconomia, fortalecimento da fiscaliza\u00e7\u00e3o e destina\u00e7\u00e3o de terras p\u00fablicas para prote\u00e7\u00e3o, conserva\u00e7\u00e3o e uso sustent\u00e1vel dos recursos naturais.<\/p>\n<p>No lan\u00e7amento do mecanismo de participa\u00e7\u00e3o social, durante audi\u00eancia da Comiss\u00e3o de Meio Ambiente e Desenvolvimento Sustent\u00e1vel da C\u00e2mara dos Deputados, a ministra do Meio Ambiente e Mudan\u00e7a do Clima, Marina Silva, disse que a meta de desmatamento zero at\u00e9 2030 no Brasil esbarra na atual legisla\u00e7\u00e3o ambiental, que mant\u00e9m a \u00e1rea com cobertura de vegeta\u00e7\u00e3o nativa, a t\u00edtulo de reserva legal, no Cerrado, em apenas 20% do territ\u00f3rio. Para Marina, \u00e9 preciso buscar alternativas que promovam o desenvolvimento sustent\u00e1vel, mesmo com o atual C\u00f3digo Florestal Brasileiro.<\/p>\n<p>\u201cH\u00e1 o direito legal de desmatar nos biomas o percentual estabelecido por lei. No caso do Cerrado, que \u00e9 20% s\u00f3 de \u00e1rea preservada, eu diria que n\u00e3o h\u00e1 converg\u00eancia entre a ci\u00eancia. Porque a gente legisla, mas a natureza n\u00e3o assimila. E a natureza n\u00e3o est\u00e1 assimilando o que n\u00f3s legislamos, at\u00e9 agora, para o cerrado\u201d, declarou a ministra do Meio Ambiente e Mudan\u00e7a do Clima, Marina Silva.<\/p>\n<p>Marina Silva defendeu o trabalho integrado dos governos federal, estaduais e municipais para diminuir o desmatamento no Cerrado, como j\u00e1 ocorreu na Amaz\u00f4nia, com o plano de a\u00e7\u00e3o para preven\u00e7\u00e3o e controle dessa pr\u00e1tica na regi\u00e3o, e na Mata Atl\u00e2ntica, onde o desmatamento caiu 40%, mesmo sem plano espec\u00edfico de restaura\u00e7\u00e3o da vegeta\u00e7\u00e3o deste bioma.<\/p>\n<p>\u201cO Cerrado ainda \u00e9 o grande desafio. E n\u00f3s n\u00e3o queremos nenhum tipo de maquiagem em rela\u00e7\u00e3o aos problemas. Fazer pol\u00edtica p\u00fablica com base em evid\u00eancia \u00e9 assumir o que diz a ci\u00eancia. Ter coragem de mostrar os dados de forma transparente cria aquilo que se chama de constrangimento \u00e9tico para empresas, para governos, para todo mundo. E o esfor\u00e7o que n\u00f3s estamos fazendo \u00e9 por um alinhamento pol\u00edtico, \u00e9tico, para proteger o Cerrado, sem nenhum tipo de maquiagem.\u201d<\/p>\n<p>Para a secret\u00e1ria especial adjunta de Articula\u00e7\u00e3o e Monitoramento da Casa Civil, Julia Alves Marinho Rodrigues, a quest\u00e3o do desmatamento \u00e9 tratada de forma transversal pelo governo federal desde a recria\u00e7\u00e3o da Comiss\u00e3o Interministerial Permanente de Preven\u00e7\u00e3o e Controle do Desmatamento e Queimadas, em janeiro deste ano. \u201cEssa comiss\u00e3o \u00e9 trabalhada em conjunto pela Casa Civil, pelo ministro Rui [Costa], junto com o Minist\u00e9rio do Meio Ambiente, com a ministra Marina e outros. E esse arranjo tem um prop\u00f3sito: o tema no meio ambiente n\u00e3o ser s\u00f3 do minist\u00e9rio, ser transversal a todo o governo.\u201d<\/p>\n<p><strong>Participa\u00e7\u00e3o social<\/strong><br \/>\nNa audi\u00eancia p\u00fablica, a cientista do Cerrado e professora da Universidade de Bras\u00edlia (UnB) Mercedes Bustamante exp\u00f4s um estudo sobre o bioma, que perde sua vegeta\u00e7\u00e3o nativa cinco vezes mais r\u00e1pido que a Amaz\u00f4nia. Ela apontou a atividade agropecu\u00e1ria na regi\u00e3o do Matopiba (formada por \u00e1reas de cerrado nos estados do Maranh\u00e3o, Tocantins, Piau\u00ed e Bahia) como respons\u00e1vel pelos impactos negativos ao bioma, \u00e0s mudan\u00e7as clim\u00e1ticas e \u00e0 sa\u00fade dos trabalhadores rurais.<\/p>\n<p>\u201cAs temperaturas m\u00e9dias na nossa regi\u00e3o j\u00e1 aumentaram mais do que as temperaturas m\u00e9dias globais e v\u00e3o continuar aumentando. Nossas chuvas de ver\u00e3o v\u00e3o tender a entrar com atraso, no s\u00e9culo 21. A gente j\u00e1 est\u00e1 percebendo o atraso no per\u00edodo chuvoso. E essa combina\u00e7\u00e3o de aumento da seca e de alta temperatura resulta em um clima que \u00e9 prop\u00edcio \u00e0 propaga\u00e7\u00e3o de grandes inc\u00eandios florestais\u201d, concluiu a pesquisadora.<\/p>\n<p>Outro convidado da sess\u00e3o, o engenheiro florestal e coordenador da Rede Cerrado, Pedro Bruzzi, defendeu a constru\u00e7\u00e3o de solu\u00e7\u00f5es coletivas pelos governos para o controle do desmatamento, baseadas em informa\u00e7\u00f5es oficiais como as do Cadastro Ambiental Rural (CAR) e sobre a situa\u00e7\u00e3o do licenciamento ambiental das propriedades rurais. \u201cEstamos perdendo biodiversidade, \u00e1gua, solos agricult\u00e1veis. O que est\u00e1 em jogo? Nossa seguran\u00e7a alimentar, nossa seguran\u00e7a h\u00eddrica, nossa seguran\u00e7a energ\u00e9tica. Ent\u00e3o, enquanto sociedade, n\u00e3o podemos ficar assistindo a essa trag\u00e9dia do Cerrado brasileiro.\u201d<\/p>\n<p>A organiza\u00e7\u00e3o social Rede Cerrado representa popula\u00e7\u00f5es que vivem nesse bioma, como ind\u00edgenas, quilombolas, agricultores familiares, quebradeiras de coco baba\u00e7u, pescadores artesanais, extrativistas, veredeiros e apanhadores de flores sempre-vivas, entre outros.<\/p>\n<p>O diretor da Coaliz\u00e3o Brasil &#8211; Clima, Florestas e Agricultura, Fernando Sampaio, ressaltou a necessidade de conciliar as agendas de desenvolvimento sustent\u00e1vel entre o poder p\u00fablico, as empresas do setor privado, a academia e a sociedade civil. \u00c9 no Cerrado que est\u00e1 hoje metade da produ\u00e7\u00e3o brasileira de soja, 55% da produ\u00e7\u00e3o pecu\u00e1ria.<\/p>\n<p>&#8220;Isso tem um peso muito grande na economia brasileira, mas, para que isso acontecesse, a gente teve que perder metade do Cerrado. E a gente est\u00e1 nesse ponto justamente de como promover um desenvolvimento sustent\u00e1vel, como \u00e9 que a gente vai lidar com os desafios que a gente tem de clima, de conserva\u00e7\u00e3o da biodiversidade, mas tamb\u00e9m de seguran\u00e7a alimentar e desenvolvimento econ\u00f4mico daqui para frente.\u201d<\/p>\n<p>\u201cO Cerrado \u00e9 onde a gente precisa pensar um novo modelo de desenvolvimento, do que a gente quer para o futuro da nossa agricultura, para o futuro das nossas florestas tamb\u00e9m\u201d, frisa o diretor da Coaliz\u00e3o Brasil &#8211; Clima, Florestas e Agricultura, Fernando Sampaio.<\/p>\n<p><strong>Defesa das \u00e1guas<\/strong><br \/>\nNa audi\u00eancia, a ministra Marina Silva ainda recebeu do ex-diretor da Ag\u00eancia Nacional de \u00c1guas (ANA) Oscar Cordeiro Netto uma carta com cerca de 700 assinaturas pedindo refor\u00e7o na pol\u00edtica h\u00eddrica do governo federal e valoriza\u00e7\u00e3o do Minist\u00e9rio do Meio Ambiente e Mudan\u00e7a do Clima . O manifesto \u00e9 endere\u00e7ado ao presidente Luiz In\u00e1cio Lula da Silva. \u201cNessa carta, n\u00f3s exortamos a todos \u2013 sociedade civil, Parlamento \u2013 a trabalhar nessa reconstitui\u00e7\u00e3o, nessa revaloriza\u00e7\u00e3o da pol\u00edtica de \u00e1guas.\u201d<\/p>\n<p>Em resposta, a ministra lembrou que a vontade origin\u00e1ria do presidente Lula era recuperar a pol\u00edtica e a gest\u00e3o de recursos h\u00eddricos. Contudo, o Congresso Nacional, na aprova\u00e7\u00e3o da reestrutura\u00e7\u00e3o de minist\u00e9rios, tirou a ANA do MMA e a devolveu ao Minist\u00e9rio da Integra\u00e7\u00e3o e do Desenvolvimento Regional. Marina Silva disse que \u00e9 preciso respeitar a decis\u00e3o do Parlamento. Segundo ela, o compromisso do governo \u00e9 com a gest\u00e3o correta dos recursos h\u00eddricos.<\/p>\n<p>&#8220;Na democracia, \u00e9 assim que funciona: o Congresso decidiu, e o presidente \u00e9 um democrata. Aquilo que n\u00e3o pode ser vetado, em conformidade com a lei, ele n\u00e3o tinha como vetar. Mas que bom que a sociedade est\u00e1 dando uma for\u00e7a para que a gente possa, ent\u00e3o, recuperar aquilo que foi perdido\u201d, acrescentou.<\/p>\n<p>\u201cEssa casa [Congresso Nacional] que desenhou a melhor pol\u00edtica de recursos h\u00eddricos, infelizmente, na vota\u00e7\u00e3o da estrutura do governo federal, mesmo com todos os esfor\u00e7os do governo, do nosso ministro [Alexandre] Padilha, do ministro Rui [Costa], de todos n\u00f3s, fez uma devolutiva da Pol\u00edtica Nacional de Recursos H\u00eddricos para o Minist\u00e9rio do Desenvolvimento Regional. N\u00e3o \u00e9 nenhum problema. \u00c9 que pol\u00edtica p\u00fablica tem que ter o loco certo\u201d, lamentou a ministra Marina Silva sobre a sa\u00edda da ANA do MMA.<\/p>\n","protected":false},"excerpt":{"rendered":"<p>Baru, cajuzinho do cerrado, pequi, mangaba, guabiroba, cagaita, buriti, araticum e murici, entre outros s\u00e3o frutos abundantes no Cerrado. Na fauna deste bioma, um dos animais mais simb\u00f3licos \u00e9 o lobo-guar\u00e1. Outros bichos representam tamb\u00e9m a biodiversidade dos que habitam os campos e as florestas com vegeta\u00e7\u00e3o tipicamente composta por \u00e1rvores com troncos retorcidos e [&hellip;]<\/p>\n","protected":false},"author":2,"featured_media":308760,"comment_status":"closed","ping_status":"closed","sticky":false,"template":"","format":"standard","meta":{"_acf_changed":false,"footnotes":""},"categories":[161],"tags":[],"class_list":["post-312915","post","type-post","status-publish","format-standard","has-post-thumbnail","hentry","category-quadradinho-em-foco"],"acf":[],"yoast_head":"<!-- This site is optimized with the Yoast SEO plugin v27.2 - https:\/\/yoast.com\/product\/yoast-seo-wordpress\/ -->\n<title>Consulta definir\u00e1 plano de preven\u00e7\u00e3o a desmatamento - Notibras<\/title>\n<meta name=\"robots\" content=\"index, follow, max-snippet:-1, max-image-preview:large, max-video-preview:-1\" \/>\n<link rel=\"canonical\" href=\"https:\/\/www.notibras.com\/site\/consulta-definira-plano-de-prevencao-a-desmatamento\/\" \/>\n<meta property=\"og:locale\" content=\"pt_BR\" \/>\n<meta property=\"og:type\" content=\"article\" \/>\n<meta property=\"og:title\" content=\"Consulta definir\u00e1 plano de preven\u00e7\u00e3o a desmatamento - Notibras\" \/>\n<meta property=\"og:description\" content=\"Baru, cajuzinho do cerrado, pequi, mangaba, guabiroba, cagaita, buriti, araticum e murici, entre outros s\u00e3o frutos abundantes no Cerrado. Na fauna deste bioma, um dos animais mais simb\u00f3licos \u00e9 o lobo-guar\u00e1. Outros bichos representam tamb\u00e9m a biodiversidade dos que habitam os campos e as florestas com vegeta\u00e7\u00e3o tipicamente composta por \u00e1rvores com troncos retorcidos e [&hellip;]\" \/>\n<meta property=\"og:url\" content=\"https:\/\/www.notibras.com\/site\/consulta-definira-plano-de-prevencao-a-desmatamento\/\" \/>\n<meta property=\"og:site_name\" content=\"Notibras\" \/>\n<meta property=\"article:publisher\" content=\"https:\/\/www.facebook.com\/notibras\/\" \/>\n<meta property=\"article:published_time\" content=\"2023-09-14T03:55:27+00:00\" \/>\n<meta property=\"article:modified_time\" content=\"2023-09-14T11:58:36+00:00\" \/>\n<meta property=\"og:image\" content=\"https:\/\/www.notibras.com\/site\/wp-content\/uploads\/2023\/07\/cerradodesmatasdo.webp\" \/>\n\t<meta property=\"og:image:width\" content=\"696\" \/>\n\t<meta property=\"og:image:height\" content=\"416\" \/>\n\t<meta property=\"og:image:type\" content=\"image\/webp\" \/>\n<meta name=\"author\" content=\"Reda\u00e7\u00e3o\" \/>\n<meta name=\"twitter:card\" content=\"summary_large_image\" \/>\n<meta name=\"twitter:creator\" content=\"@Notibras\" \/>\n<meta name=\"twitter:site\" content=\"@Notibras\" \/>\n<meta name=\"twitter:label1\" content=\"Escrito por\" \/>\n\t<meta name=\"twitter:data1\" content=\"Reda\u00e7\u00e3o\" \/>\n\t<meta name=\"twitter:label2\" content=\"Est. tempo de leitura\" \/>\n\t<meta name=\"twitter:data2\" content=\"8 minutos\" \/>\n<script type=\"application\/ld+json\" class=\"yoast-schema-graph\">{\"@context\":\"https:\/\/schema.org\",\"@graph\":[{\"@type\":\"Article\",\"@id\":\"https:\/\/www.notibras.com\/site\/consulta-definira-plano-de-prevencao-a-desmatamento\/#article\",\"isPartOf\":{\"@id\":\"https:\/\/www.notibras.com\/site\/consulta-definira-plano-de-prevencao-a-desmatamento\/\"},\"author\":{\"name\":\"Reda\u00e7\u00e3o\",\"@id\":\"https:\/\/www.notibras.com\/site\/#\/schema\/person\/36ab0979449956132d3e5b517ea76ac8\"},\"headline\":\"Consulta definir\u00e1 plano de preven\u00e7\u00e3o a desmatamento\",\"datePublished\":\"2023-09-14T03:55:27+00:00\",\"dateModified\":\"2023-09-14T11:58:36+00:00\",\"mainEntityOfPage\":{\"@id\":\"https:\/\/www.notibras.com\/site\/consulta-definira-plano-de-prevencao-a-desmatamento\/\"},\"wordCount\":1456,\"publisher\":{\"@id\":\"https:\/\/www.notibras.com\/site\/#organization\"},\"image\":{\"@id\":\"https:\/\/www.notibras.com\/site\/consulta-definira-plano-de-prevencao-a-desmatamento\/#primaryimage\"},\"thumbnailUrl\":\"https:\/\/www.notibras.com\/site\/wp-content\/uploads\/2023\/07\/cerradodesmatasdo.webp\",\"articleSection\":[\"Quadradinho em Foco\"],\"inLanguage\":\"pt-BR\"},{\"@type\":\"WebPage\",\"@id\":\"https:\/\/www.notibras.com\/site\/consulta-definira-plano-de-prevencao-a-desmatamento\/\",\"url\":\"https:\/\/www.notibras.com\/site\/consulta-definira-plano-de-prevencao-a-desmatamento\/\",\"name\":\"Consulta definir\u00e1 plano de preven\u00e7\u00e3o a desmatamento - Notibras\",\"isPartOf\":{\"@id\":\"https:\/\/www.notibras.com\/site\/#website\"},\"primaryImageOfPage\":{\"@id\":\"https:\/\/www.notibras.com\/site\/consulta-definira-plano-de-prevencao-a-desmatamento\/#primaryimage\"},\"image\":{\"@id\":\"https:\/\/www.notibras.com\/site\/consulta-definira-plano-de-prevencao-a-desmatamento\/#primaryimage\"},\"thumbnailUrl\":\"https:\/\/www.notibras.com\/site\/wp-content\/uploads\/2023\/07\/cerradodesmatasdo.webp\",\"datePublished\":\"2023-09-14T03:55:27+00:00\",\"dateModified\":\"2023-09-14T11:58:36+00:00\",\"breadcrumb\":{\"@id\":\"https:\/\/www.notibras.com\/site\/consulta-definira-plano-de-prevencao-a-desmatamento\/#breadcrumb\"},\"inLanguage\":\"pt-BR\",\"potentialAction\":[{\"@type\":\"ReadAction\",\"target\":[\"https:\/\/www.notibras.com\/site\/consulta-definira-plano-de-prevencao-a-desmatamento\/\"]}]},{\"@type\":\"ImageObject\",\"inLanguage\":\"pt-BR\",\"@id\":\"https:\/\/www.notibras.com\/site\/consulta-definira-plano-de-prevencao-a-desmatamento\/#primaryimage\",\"url\":\"https:\/\/www.notibras.com\/site\/wp-content\/uploads\/2023\/07\/cerradodesmatasdo.webp\",\"contentUrl\":\"https:\/\/www.notibras.com\/site\/wp-content\/uploads\/2023\/07\/cerradodesmatasdo.webp\",\"width\":696,\"height\":416},{\"@type\":\"BreadcrumbList\",\"@id\":\"https:\/\/www.notibras.com\/site\/consulta-definira-plano-de-prevencao-a-desmatamento\/#breadcrumb\",\"itemListElement\":[{\"@type\":\"ListItem\",\"position\":1,\"name\":\"In\u00edcio\",\"item\":\"https:\/\/www.notibras.com\/site\/\"},{\"@type\":\"ListItem\",\"position\":2,\"name\":\"Consulta definir\u00e1 plano de preven\u00e7\u00e3o a desmatamento\"}]},{\"@type\":\"WebSite\",\"@id\":\"https:\/\/www.notibras.com\/site\/#website\",\"url\":\"https:\/\/www.notibras.com\/site\/\",\"name\":\"Notibras\",\"description\":\"Not\u00edcias de Bras\u00edlia, do Brasil e do Mundo\",\"publisher\":{\"@id\":\"https:\/\/www.notibras.com\/site\/#organization\"},\"potentialAction\":[{\"@type\":\"SearchAction\",\"target\":{\"@type\":\"EntryPoint\",\"urlTemplate\":\"https:\/\/www.notibras.com\/site\/?s={search_term_string}\"},\"query-input\":{\"@type\":\"PropertyValueSpecification\",\"valueRequired\":true,\"valueName\":\"search_term_string\"}}],\"inLanguage\":\"pt-BR\"},{\"@type\":\"Organization\",\"@id\":\"https:\/\/www.notibras.com\/site\/#organization\",\"name\":\"Grupo Notibras de Comunica\u00e7\u00e3o\",\"url\":\"https:\/\/www.notibras.com\/site\/\",\"logo\":{\"@type\":\"ImageObject\",\"inLanguage\":\"pt-BR\",\"@id\":\"https:\/\/www.notibras.com\/site\/#\/schema\/logo\/image\/\",\"url\":\"https:\/\/www.notibras.com\/site\/wp-content\/uploads\/2023\/01\/notibras23.png\",\"contentUrl\":\"https:\/\/www.notibras.com\/site\/wp-content\/uploads\/2023\/01\/notibras23.png\",\"width\":350,\"height\":87,\"caption\":\"Grupo Notibras de Comunica\u00e7\u00e3o\"},\"image\":{\"@id\":\"https:\/\/www.notibras.com\/site\/#\/schema\/logo\/image\/\"},\"sameAs\":[\"https:\/\/www.facebook.com\/notibras\/\",\"https:\/\/x.com\/Notibras\",\"https:\/\/www.instagram.com\/notibras\/\"]},{\"@type\":\"Person\",\"@id\":\"https:\/\/www.notibras.com\/site\/#\/schema\/person\/36ab0979449956132d3e5b517ea76ac8\",\"name\":\"Reda\u00e7\u00e3o\",\"image\":{\"@type\":\"ImageObject\",\"inLanguage\":\"pt-BR\",\"@id\":\"https:\/\/secure.gravatar.com\/avatar\/e0a867bdedb85fd243eadf09663511f96fc81e0720a4a42581f334ad4303aa6b?s=96&d=mm&r=g\",\"url\":\"https:\/\/secure.gravatar.com\/avatar\/e0a867bdedb85fd243eadf09663511f96fc81e0720a4a42581f334ad4303aa6b?s=96&d=mm&r=g\",\"contentUrl\":\"https:\/\/secure.gravatar.com\/avatar\/e0a867bdedb85fd243eadf09663511f96fc81e0720a4a42581f334ad4303aa6b?s=96&d=mm&r=g\",\"caption\":\"Reda\u00e7\u00e3o\"}}]}<\/script>\n<!-- \/ Yoast SEO plugin. -->","yoast_head_json":{"title":"Consulta definir\u00e1 plano de preven\u00e7\u00e3o a desmatamento - Notibras","robots":{"index":"index","follow":"follow","max-snippet":"max-snippet:-1","max-image-preview":"max-image-preview:large","max-video-preview":"max-video-preview:-1"},"canonical":"https:\/\/www.notibras.com\/site\/consulta-definira-plano-de-prevencao-a-desmatamento\/","og_locale":"pt_BR","og_type":"article","og_title":"Consulta definir\u00e1 plano de preven\u00e7\u00e3o a desmatamento - Notibras","og_description":"Baru, cajuzinho do cerrado, pequi, mangaba, guabiroba, cagaita, buriti, araticum e murici, entre outros s\u00e3o frutos abundantes no Cerrado. Na fauna deste bioma, um dos animais mais simb\u00f3licos \u00e9 o lobo-guar\u00e1. Outros bichos representam tamb\u00e9m a biodiversidade dos que habitam os campos e as florestas com vegeta\u00e7\u00e3o tipicamente composta por \u00e1rvores com troncos retorcidos e [&hellip;]","og_url":"https:\/\/www.notibras.com\/site\/consulta-definira-plano-de-prevencao-a-desmatamento\/","og_site_name":"Notibras","article_publisher":"https:\/\/www.facebook.com\/notibras\/","article_published_time":"2023-09-14T03:55:27+00:00","article_modified_time":"2023-09-14T11:58:36+00:00","og_image":[{"width":696,"height":416,"url":"https:\/\/www.notibras.com\/site\/wp-content\/uploads\/2023\/07\/cerradodesmatasdo.webp","type":"image\/webp"}],"author":"Reda\u00e7\u00e3o","twitter_card":"summary_large_image","twitter_creator":"@Notibras","twitter_site":"@Notibras","twitter_misc":{"Escrito por":"Reda\u00e7\u00e3o","Est. tempo de leitura":"8 minutos"},"schema":{"@context":"https:\/\/schema.org","@graph":[{"@type":"Article","@id":"https:\/\/www.notibras.com\/site\/consulta-definira-plano-de-prevencao-a-desmatamento\/#article","isPartOf":{"@id":"https:\/\/www.notibras.com\/site\/consulta-definira-plano-de-prevencao-a-desmatamento\/"},"author":{"name":"Reda\u00e7\u00e3o","@id":"https:\/\/www.notibras.com\/site\/#\/schema\/person\/36ab0979449956132d3e5b517ea76ac8"},"headline":"Consulta definir\u00e1 plano de preven\u00e7\u00e3o a desmatamento","datePublished":"2023-09-14T03:55:27+00:00","dateModified":"2023-09-14T11:58:36+00:00","mainEntityOfPage":{"@id":"https:\/\/www.notibras.com\/site\/consulta-definira-plano-de-prevencao-a-desmatamento\/"},"wordCount":1456,"publisher":{"@id":"https:\/\/www.notibras.com\/site\/#organization"},"image":{"@id":"https:\/\/www.notibras.com\/site\/consulta-definira-plano-de-prevencao-a-desmatamento\/#primaryimage"},"thumbnailUrl":"https:\/\/www.notibras.com\/site\/wp-content\/uploads\/2023\/07\/cerradodesmatasdo.webp","articleSection":["Quadradinho em Foco"],"inLanguage":"pt-BR"},{"@type":"WebPage","@id":"https:\/\/www.notibras.com\/site\/consulta-definira-plano-de-prevencao-a-desmatamento\/","url":"https:\/\/www.notibras.com\/site\/consulta-definira-plano-de-prevencao-a-desmatamento\/","name":"Consulta definir\u00e1 plano de preven\u00e7\u00e3o a desmatamento - Notibras","isPartOf":{"@id":"https:\/\/www.notibras.com\/site\/#website"},"primaryImageOfPage":{"@id":"https:\/\/www.notibras.com\/site\/consulta-definira-plano-de-prevencao-a-desmatamento\/#primaryimage"},"image":{"@id":"https:\/\/www.notibras.com\/site\/consulta-definira-plano-de-prevencao-a-desmatamento\/#primaryimage"},"thumbnailUrl":"https:\/\/www.notibras.com\/site\/wp-content\/uploads\/2023\/07\/cerradodesmatasdo.webp","datePublished":"2023-09-14T03:55:27+00:00","dateModified":"2023-09-14T11:58:36+00:00","breadcrumb":{"@id":"https:\/\/www.notibras.com\/site\/consulta-definira-plano-de-prevencao-a-desmatamento\/#breadcrumb"},"inLanguage":"pt-BR","potentialAction":[{"@type":"ReadAction","target":["https:\/\/www.notibras.com\/site\/consulta-definira-plano-de-prevencao-a-desmatamento\/"]}]},{"@type":"ImageObject","inLanguage":"pt-BR","@id":"https:\/\/www.notibras.com\/site\/consulta-definira-plano-de-prevencao-a-desmatamento\/#primaryimage","url":"https:\/\/www.notibras.com\/site\/wp-content\/uploads\/2023\/07\/cerradodesmatasdo.webp","contentUrl":"https:\/\/www.notibras.com\/site\/wp-content\/uploads\/2023\/07\/cerradodesmatasdo.webp","width":696,"height":416},{"@type":"BreadcrumbList","@id":"https:\/\/www.notibras.com\/site\/consulta-definira-plano-de-prevencao-a-desmatamento\/#breadcrumb","itemListElement":[{"@type":"ListItem","position":1,"name":"In\u00edcio","item":"https:\/\/www.notibras.com\/site\/"},{"@type":"ListItem","position":2,"name":"Consulta definir\u00e1 plano de preven\u00e7\u00e3o a desmatamento"}]},{"@type":"WebSite","@id":"https:\/\/www.notibras.com\/site\/#website","url":"https:\/\/www.notibras.com\/site\/","name":"Notibras","description":"Not\u00edcias de Bras\u00edlia, do Brasil e do Mundo","publisher":{"@id":"https:\/\/www.notibras.com\/site\/#organization"},"potentialAction":[{"@type":"SearchAction","target":{"@type":"EntryPoint","urlTemplate":"https:\/\/www.notibras.com\/site\/?s={search_term_string}"},"query-input":{"@type":"PropertyValueSpecification","valueRequired":true,"valueName":"search_term_string"}}],"inLanguage":"pt-BR"},{"@type":"Organization","@id":"https:\/\/www.notibras.com\/site\/#organization","name":"Grupo Notibras de Comunica\u00e7\u00e3o","url":"https:\/\/www.notibras.com\/site\/","logo":{"@type":"ImageObject","inLanguage":"pt-BR","@id":"https:\/\/www.notibras.com\/site\/#\/schema\/logo\/image\/","url":"https:\/\/www.notibras.com\/site\/wp-content\/uploads\/2023\/01\/notibras23.png","contentUrl":"https:\/\/www.notibras.com\/site\/wp-content\/uploads\/2023\/01\/notibras23.png","width":350,"height":87,"caption":"Grupo Notibras de Comunica\u00e7\u00e3o"},"image":{"@id":"https:\/\/www.notibras.com\/site\/#\/schema\/logo\/image\/"},"sameAs":["https:\/\/www.facebook.com\/notibras\/","https:\/\/x.com\/Notibras","https:\/\/www.instagram.com\/notibras\/"]},{"@type":"Person","@id":"https:\/\/www.notibras.com\/site\/#\/schema\/person\/36ab0979449956132d3e5b517ea76ac8","name":"Reda\u00e7\u00e3o","image":{"@type":"ImageObject","inLanguage":"pt-BR","@id":"https:\/\/secure.gravatar.com\/avatar\/e0a867bdedb85fd243eadf09663511f96fc81e0720a4a42581f334ad4303aa6b?s=96&d=mm&r=g","url":"https:\/\/secure.gravatar.com\/avatar\/e0a867bdedb85fd243eadf09663511f96fc81e0720a4a42581f334ad4303aa6b?s=96&d=mm&r=g","contentUrl":"https:\/\/secure.gravatar.com\/avatar\/e0a867bdedb85fd243eadf09663511f96fc81e0720a4a42581f334ad4303aa6b?s=96&d=mm&r=g","caption":"Reda\u00e7\u00e3o"}}]}},"amp_enabled":true,"_links":{"self":[{"href":"https:\/\/www.notibras.com\/site\/wp-json\/wp\/v2\/posts\/312915","targetHints":{"allow":["GET"]}}],"collection":[{"href":"https:\/\/www.notibras.com\/site\/wp-json\/wp\/v2\/posts"}],"about":[{"href":"https:\/\/www.notibras.com\/site\/wp-json\/wp\/v2\/types\/post"}],"author":[{"embeddable":true,"href":"https:\/\/www.notibras.com\/site\/wp-json\/wp\/v2\/users\/2"}],"replies":[{"embeddable":true,"href":"https:\/\/www.notibras.com\/site\/wp-json\/wp\/v2\/comments?post=312915"}],"version-history":[{"count":1,"href":"https:\/\/www.notibras.com\/site\/wp-json\/wp\/v2\/posts\/312915\/revisions"}],"predecessor-version":[{"id":312916,"href":"https:\/\/www.notibras.com\/site\/wp-json\/wp\/v2\/posts\/312915\/revisions\/312916"}],"wp:featuredmedia":[{"embeddable":true,"href":"https:\/\/www.notibras.com\/site\/wp-json\/wp\/v2\/media\/308760"}],"wp:attachment":[{"href":"https:\/\/www.notibras.com\/site\/wp-json\/wp\/v2\/media?parent=312915"}],"wp:term":[{"taxonomy":"category","embeddable":true,"href":"https:\/\/www.notibras.com\/site\/wp-json\/wp\/v2\/categories?post=312915"},{"taxonomy":"post_tag","embeddable":true,"href":"https:\/\/www.notibras.com\/site\/wp-json\/wp\/v2\/tags?post=312915"}],"curies":[{"name":"wp","href":"https:\/\/api.w.org\/{rel}","templated":true}]}}