{"id":312928,"date":"2023-09-16T07:05:16","date_gmt":"2023-09-16T10:05:16","guid":{"rendered":"https:\/\/www.notibras.com\/site\/?p=312928"},"modified":"2023-09-16T07:09:10","modified_gmt":"2023-09-16T10:09:10","slug":"cronicas-de-notibras-inspiram-alunos-da-rede-publica","status":"publish","type":"post","link":"https:\/\/www.notibras.com\/site\/cronicas-de-notibras-inspiram-alunos-da-rede-publica\/","title":{"rendered":"Convite irrecus\u00e1vel transforma sonho em realidade"},"content":{"rendered":"<p>A minha rela\u00e7\u00e3o com a literatura come\u00e7ou bem antes de eu escrever meu primeiro romance, &#8220;Despido de ilus\u00f5es&#8221;, no final de 2003. De l\u00e1 para c\u00e1, fiquei mais ou menos pr\u00f3ximo dessa arte, at\u00e9 que o Jos\u00e9 Seabra, editor do Notibras, me convidou para publicar uma cr\u00f4nica ou um conto de vez em quando. Diante dessa proposta mais que tentadora, aceitei na hora.<\/p>\n<p>N\u00e3o demorou, o Seabra me perguntou se eu n\u00e3o poderia passar a escrever diariamente para o jornal, pois as cr\u00f4nicas estavam sendo muito lidas. A princ\u00edpio, me deu um frio na barriga, j\u00e1 que firmar o compromisso de entreter o leitor todos os dias \u00e9 algo complicado, ainda mais para mim, que tenho uma vida muito corrida. Entretanto, a minha esposa, a famosa Dona Irene, acabou me convencendo de que eu deveria aceitar: &#8220;Dudu, ou voc\u00ea aceita a proposta ou, ent\u00e3o, vai dormir no sof\u00e1!&#8221;<\/p>\n<p>A partir de ent\u00e3o, acabei sendo agraciado com alguns pr\u00eamios, o que me deixou muito feliz. Mas nada, nada mesmo, me fez ficar t\u00e3o entusiasmado como saber que meus textos estavam sendo utilizados por alguns professores, em especial por um em Bras\u00edlia, o Leandro Mendes. Gente, o que \u00e9 isso? Querem mesmo me matar do cora\u00e7\u00e3o!<\/p>\n<p>O professor Leandro, ainda por cima, me fez um convite irrecus\u00e1vel. Pois \u00e9, ele me chamou para um bate-papo com seus alunos. Isso acabou se concretizando no dia 09\/11\/2022, quando senti minhas pernas tremerem mais do que batedor de p\u00eanalti em final de campeonato. N\u00e3o resta d\u00favida de que aquele foi meu dia de Machado de Assis.<\/p>\n<p>Ap\u00f3s esse encontro, mantive contato constante com o Leandro, que sempre me mant\u00e9m informado sobre as atividades em classe de aula, muitas vezes utilizando meus contos e cr\u00f4nicas. Ele me fala que prop\u00f5e tarefas baseadas nos meus escritos. Isso, consequentemente, tem despertado o interesse dos alunos por literatura e outras artes, por exemplo, o teatro.<\/p>\n<p><img loading=\"lazy\" decoding=\"async\" class=\"wp-image-312984 aligncenter\" src=\"https:\/\/www.notibras.com\/site\/wp-content\/uploads\/2023\/09\/duinterna-300x169.jpg\" alt=\"\" width=\"653\" height=\"368\" srcset=\"https:\/\/www.notibras.com\/site\/wp-content\/uploads\/2023\/09\/duinterna-300x169.jpg 300w, https:\/\/www.notibras.com\/site\/wp-content\/uploads\/2023\/09\/duinterna-1024x576.jpg 1024w, https:\/\/www.notibras.com\/site\/wp-content\/uploads\/2023\/09\/duinterna-768x432.jpg 768w, https:\/\/www.notibras.com\/site\/wp-content\/uploads\/2023\/09\/duinterna-1536x864.jpg 1536w, https:\/\/www.notibras.com\/site\/wp-content\/uploads\/2023\/09\/duinterna.jpg 1600w\" sizes=\"auto, (max-width: 653px) 100vw, 653px\" \/><\/p>\n<p>Acredite ou n\u00e3o, o Leandro me mandou uma mensagem h\u00e1 algum tempo sobre o texto &#8220;Almerinda, a emprega dom\u00e9stica&#8221;, que, por sinal, foi o primeiro a ser publicado pelo <strong>Notibras<\/strong>. Ele me disse que os alunos haviam ensaiado uma pe\u00e7a de teatro e queriam me mostrar. Fiquei sem ch\u00e3o! Pois \u00e9, olha a\u00ed o jornalismo contribuindo com a educa\u00e7\u00e3o.<\/p>\n<p>Diante de tantas not\u00edcias maravilhosas, combinei com o Leandro mais um bate-papo com seus alunos no pr\u00f3ximo novembro. Ele me contou que a garotada est\u00e1 ansiosa, mas que a maioria n\u00e3o acredita que irei, como se fosse um sonho imposs\u00edvel. Mal sabem esses jovens que ansioso estou eu. Ademais, esse sonho quero reviver outra vez com esses estudantes incr\u00edveis.<\/p>\n<p>E aqui estou em Porto Alegre, diante da minha mulher. Ela, com o sorriso mais lindo do mundo, acabou de me dizer: &#8220;T\u00e1 vendo, Dudu, como eu estava certa?&#8221;<\/p>\n","protected":false},"excerpt":{"rendered":"<p>A minha rela\u00e7\u00e3o com a literatura come\u00e7ou bem antes de eu escrever meu primeiro romance, &#8220;Despido de ilus\u00f5es&#8221;, no final de 2003. De l\u00e1 para c\u00e1, fiquei mais ou menos pr\u00f3ximo dessa arte, at\u00e9 que o Jos\u00e9 Seabra, editor do Notibras, me convidou para publicar uma cr\u00f4nica ou um conto de vez em quando. Diante [&hellip;]<\/p>\n","protected":false},"author":2,"featured_media":312929,"comment_status":"closed","ping_status":"closed","sticky":false,"template":"","format":"standard","meta":{"_acf_changed":false,"footnotes":""},"categories":[161],"tags":[],"class_list":["post-312928","post","type-post","status-publish","format-standard","has-post-thumbnail","hentry","category-quadradinho-em-foco"],"acf":[],"yoast_head":"<!-- This site is optimized with the Yoast SEO plugin v27.2 - https:\/\/yoast.com\/product\/yoast-seo-wordpress\/ -->\n<title>Convite irrecus\u00e1vel transforma sonho em realidade - Notibras<\/title>\n<meta name=\"robots\" content=\"index, follow, max-snippet:-1, max-image-preview:large, max-video-preview:-1\" \/>\n<link rel=\"canonical\" href=\"https:\/\/www.notibras.com\/site\/cronicas-de-notibras-inspiram-alunos-da-rede-publica\/\" \/>\n<meta property=\"og:locale\" content=\"pt_BR\" \/>\n<meta property=\"og:type\" content=\"article\" \/>\n<meta property=\"og:title\" content=\"Convite irrecus\u00e1vel transforma sonho em realidade - Notibras\" \/>\n<meta property=\"og:description\" content=\"A minha rela\u00e7\u00e3o com a literatura come\u00e7ou bem antes de eu escrever meu primeiro romance, &#8220;Despido de ilus\u00f5es&#8221;, no final de 2003. De l\u00e1 para c\u00e1, fiquei mais ou menos pr\u00f3ximo dessa arte, at\u00e9 que o Jos\u00e9 Seabra, editor do Notibras, me convidou para publicar uma cr\u00f4nica ou um conto de vez em quando. Diante [&hellip;]\" \/>\n<meta property=\"og:url\" content=\"https:\/\/www.notibras.com\/site\/cronicas-de-notibras-inspiram-alunos-da-rede-publica\/\" \/>\n<meta property=\"og:site_name\" content=\"Notibras\" \/>\n<meta property=\"article:publisher\" content=\"https:\/\/www.facebook.com\/notibras\/\" \/>\n<meta property=\"article:published_time\" content=\"2023-09-16T10:05:16+00:00\" \/>\n<meta property=\"article:modified_time\" content=\"2023-09-16T10:09:10+00:00\" \/>\n<meta property=\"og:image\" content=\"https:\/\/www.notibras.com\/site\/wp-content\/uploads\/2023\/09\/dudusalaaula.jpg\" \/>\n\t<meta property=\"og:image:width\" content=\"704\" \/>\n\t<meta property=\"og:image:height\" content=\"611\" \/>\n\t<meta property=\"og:image:type\" content=\"image\/jpeg\" \/>\n<meta name=\"author\" content=\"Reda\u00e7\u00e3o\" \/>\n<meta name=\"twitter:card\" content=\"summary_large_image\" \/>\n<meta name=\"twitter:creator\" content=\"@Notibras\" \/>\n<meta name=\"twitter:site\" content=\"@Notibras\" \/>\n<meta name=\"twitter:label1\" content=\"Escrito por\" \/>\n\t<meta name=\"twitter:data1\" content=\"Reda\u00e7\u00e3o\" \/>\n\t<meta name=\"twitter:label2\" content=\"Est. tempo de leitura\" \/>\n\t<meta name=\"twitter:data2\" content=\"3 minutos\" \/>\n<script type=\"application\/ld+json\" class=\"yoast-schema-graph\">{\"@context\":\"https:\/\/schema.org\",\"@graph\":[{\"@type\":\"Article\",\"@id\":\"https:\/\/www.notibras.com\/site\/cronicas-de-notibras-inspiram-alunos-da-rede-publica\/#article\",\"isPartOf\":{\"@id\":\"https:\/\/www.notibras.com\/site\/cronicas-de-notibras-inspiram-alunos-da-rede-publica\/\"},\"author\":{\"name\":\"Reda\u00e7\u00e3o\",\"@id\":\"https:\/\/www.notibras.com\/site\/#\/schema\/person\/36ab0979449956132d3e5b517ea76ac8\"},\"headline\":\"Convite irrecus\u00e1vel transforma sonho em realidade\",\"datePublished\":\"2023-09-16T10:05:16+00:00\",\"dateModified\":\"2023-09-16T10:09:10+00:00\",\"mainEntityOfPage\":{\"@id\":\"https:\/\/www.notibras.com\/site\/cronicas-de-notibras-inspiram-alunos-da-rede-publica\/\"},\"wordCount\":497,\"publisher\":{\"@id\":\"https:\/\/www.notibras.com\/site\/#organization\"},\"image\":{\"@id\":\"https:\/\/www.notibras.com\/site\/cronicas-de-notibras-inspiram-alunos-da-rede-publica\/#primaryimage\"},\"thumbnailUrl\":\"https:\/\/www.notibras.com\/site\/wp-content\/uploads\/2023\/09\/dudusalaaula.jpg\",\"articleSection\":[\"Quadradinho em Foco\"],\"inLanguage\":\"pt-BR\"},{\"@type\":\"WebPage\",\"@id\":\"https:\/\/www.notibras.com\/site\/cronicas-de-notibras-inspiram-alunos-da-rede-publica\/\",\"url\":\"https:\/\/www.notibras.com\/site\/cronicas-de-notibras-inspiram-alunos-da-rede-publica\/\",\"name\":\"Convite irrecus\u00e1vel transforma sonho em realidade - Notibras\",\"isPartOf\":{\"@id\":\"https:\/\/www.notibras.com\/site\/#website\"},\"primaryImageOfPage\":{\"@id\":\"https:\/\/www.notibras.com\/site\/cronicas-de-notibras-inspiram-alunos-da-rede-publica\/#primaryimage\"},\"image\":{\"@id\":\"https:\/\/www.notibras.com\/site\/cronicas-de-notibras-inspiram-alunos-da-rede-publica\/#primaryimage\"},\"thumbnailUrl\":\"https:\/\/www.notibras.com\/site\/wp-content\/uploads\/2023\/09\/dudusalaaula.jpg\",\"datePublished\":\"2023-09-16T10:05:16+00:00\",\"dateModified\":\"2023-09-16T10:09:10+00:00\",\"breadcrumb\":{\"@id\":\"https:\/\/www.notibras.com\/site\/cronicas-de-notibras-inspiram-alunos-da-rede-publica\/#breadcrumb\"},\"inLanguage\":\"pt-BR\",\"potentialAction\":[{\"@type\":\"ReadAction\",\"target\":[\"https:\/\/www.notibras.com\/site\/cronicas-de-notibras-inspiram-alunos-da-rede-publica\/\"]}]},{\"@type\":\"ImageObject\",\"inLanguage\":\"pt-BR\",\"@id\":\"https:\/\/www.notibras.com\/site\/cronicas-de-notibras-inspiram-alunos-da-rede-publica\/#primaryimage\",\"url\":\"https:\/\/www.notibras.com\/site\/wp-content\/uploads\/2023\/09\/dudusalaaula.jpg\",\"contentUrl\":\"https:\/\/www.notibras.com\/site\/wp-content\/uploads\/2023\/09\/dudusalaaula.jpg\",\"width\":704,\"height\":611},{\"@type\":\"BreadcrumbList\",\"@id\":\"https:\/\/www.notibras.com\/site\/cronicas-de-notibras-inspiram-alunos-da-rede-publica\/#breadcrumb\",\"itemListElement\":[{\"@type\":\"ListItem\",\"position\":1,\"name\":\"In\u00edcio\",\"item\":\"https:\/\/www.notibras.com\/site\/\"},{\"@type\":\"ListItem\",\"position\":2,\"name\":\"Convite irrecus\u00e1vel transforma sonho em realidade\"}]},{\"@type\":\"WebSite\",\"@id\":\"https:\/\/www.notibras.com\/site\/#website\",\"url\":\"https:\/\/www.notibras.com\/site\/\",\"name\":\"Notibras\",\"description\":\"Not\u00edcias de Bras\u00edlia, do Brasil e do Mundo\",\"publisher\":{\"@id\":\"https:\/\/www.notibras.com\/site\/#organization\"},\"potentialAction\":[{\"@type\":\"SearchAction\",\"target\":{\"@type\":\"EntryPoint\",\"urlTemplate\":\"https:\/\/www.notibras.com\/site\/?s={search_term_string}\"},\"query-input\":{\"@type\":\"PropertyValueSpecification\",\"valueRequired\":true,\"valueName\":\"search_term_string\"}}],\"inLanguage\":\"pt-BR\"},{\"@type\":\"Organization\",\"@id\":\"https:\/\/www.notibras.com\/site\/#organization\",\"name\":\"Grupo Notibras de Comunica\u00e7\u00e3o\",\"url\":\"https:\/\/www.notibras.com\/site\/\",\"logo\":{\"@type\":\"ImageObject\",\"inLanguage\":\"pt-BR\",\"@id\":\"https:\/\/www.notibras.com\/site\/#\/schema\/logo\/image\/\",\"url\":\"https:\/\/www.notibras.com\/site\/wp-content\/uploads\/2023\/01\/notibras23.png\",\"contentUrl\":\"https:\/\/www.notibras.com\/site\/wp-content\/uploads\/2023\/01\/notibras23.png\",\"width\":350,\"height\":87,\"caption\":\"Grupo Notibras de Comunica\u00e7\u00e3o\"},\"image\":{\"@id\":\"https:\/\/www.notibras.com\/site\/#\/schema\/logo\/image\/\"},\"sameAs\":[\"https:\/\/www.facebook.com\/notibras\/\",\"https:\/\/x.com\/Notibras\",\"https:\/\/www.instagram.com\/notibras\/\"]},{\"@type\":\"Person\",\"@id\":\"https:\/\/www.notibras.com\/site\/#\/schema\/person\/36ab0979449956132d3e5b517ea76ac8\",\"name\":\"Reda\u00e7\u00e3o\",\"image\":{\"@type\":\"ImageObject\",\"inLanguage\":\"pt-BR\",\"@id\":\"https:\/\/secure.gravatar.com\/avatar\/e0a867bdedb85fd243eadf09663511f96fc81e0720a4a42581f334ad4303aa6b?s=96&d=mm&r=g\",\"url\":\"https:\/\/secure.gravatar.com\/avatar\/e0a867bdedb85fd243eadf09663511f96fc81e0720a4a42581f334ad4303aa6b?s=96&d=mm&r=g\",\"contentUrl\":\"https:\/\/secure.gravatar.com\/avatar\/e0a867bdedb85fd243eadf09663511f96fc81e0720a4a42581f334ad4303aa6b?s=96&d=mm&r=g\",\"caption\":\"Reda\u00e7\u00e3o\"}}]}<\/script>\n<!-- \/ Yoast SEO plugin. -->","yoast_head_json":{"title":"Convite irrecus\u00e1vel transforma sonho em realidade - Notibras","robots":{"index":"index","follow":"follow","max-snippet":"max-snippet:-1","max-image-preview":"max-image-preview:large","max-video-preview":"max-video-preview:-1"},"canonical":"https:\/\/www.notibras.com\/site\/cronicas-de-notibras-inspiram-alunos-da-rede-publica\/","og_locale":"pt_BR","og_type":"article","og_title":"Convite irrecus\u00e1vel transforma sonho em realidade - Notibras","og_description":"A minha rela\u00e7\u00e3o com a literatura come\u00e7ou bem antes de eu escrever meu primeiro romance, &#8220;Despido de ilus\u00f5es&#8221;, no final de 2003. De l\u00e1 para c\u00e1, fiquei mais ou menos pr\u00f3ximo dessa arte, at\u00e9 que o Jos\u00e9 Seabra, editor do Notibras, me convidou para publicar uma cr\u00f4nica ou um conto de vez em quando. Diante [&hellip;]","og_url":"https:\/\/www.notibras.com\/site\/cronicas-de-notibras-inspiram-alunos-da-rede-publica\/","og_site_name":"Notibras","article_publisher":"https:\/\/www.facebook.com\/notibras\/","article_published_time":"2023-09-16T10:05:16+00:00","article_modified_time":"2023-09-16T10:09:10+00:00","og_image":[{"width":704,"height":611,"url":"https:\/\/www.notibras.com\/site\/wp-content\/uploads\/2023\/09\/dudusalaaula.jpg","type":"image\/jpeg"}],"author":"Reda\u00e7\u00e3o","twitter_card":"summary_large_image","twitter_creator":"@Notibras","twitter_site":"@Notibras","twitter_misc":{"Escrito por":"Reda\u00e7\u00e3o","Est. tempo de leitura":"3 minutos"},"schema":{"@context":"https:\/\/schema.org","@graph":[{"@type":"Article","@id":"https:\/\/www.notibras.com\/site\/cronicas-de-notibras-inspiram-alunos-da-rede-publica\/#article","isPartOf":{"@id":"https:\/\/www.notibras.com\/site\/cronicas-de-notibras-inspiram-alunos-da-rede-publica\/"},"author":{"name":"Reda\u00e7\u00e3o","@id":"https:\/\/www.notibras.com\/site\/#\/schema\/person\/36ab0979449956132d3e5b517ea76ac8"},"headline":"Convite irrecus\u00e1vel transforma sonho em realidade","datePublished":"2023-09-16T10:05:16+00:00","dateModified":"2023-09-16T10:09:10+00:00","mainEntityOfPage":{"@id":"https:\/\/www.notibras.com\/site\/cronicas-de-notibras-inspiram-alunos-da-rede-publica\/"},"wordCount":497,"publisher":{"@id":"https:\/\/www.notibras.com\/site\/#organization"},"image":{"@id":"https:\/\/www.notibras.com\/site\/cronicas-de-notibras-inspiram-alunos-da-rede-publica\/#primaryimage"},"thumbnailUrl":"https:\/\/www.notibras.com\/site\/wp-content\/uploads\/2023\/09\/dudusalaaula.jpg","articleSection":["Quadradinho em Foco"],"inLanguage":"pt-BR"},{"@type":"WebPage","@id":"https:\/\/www.notibras.com\/site\/cronicas-de-notibras-inspiram-alunos-da-rede-publica\/","url":"https:\/\/www.notibras.com\/site\/cronicas-de-notibras-inspiram-alunos-da-rede-publica\/","name":"Convite irrecus\u00e1vel transforma sonho em realidade - Notibras","isPartOf":{"@id":"https:\/\/www.notibras.com\/site\/#website"},"primaryImageOfPage":{"@id":"https:\/\/www.notibras.com\/site\/cronicas-de-notibras-inspiram-alunos-da-rede-publica\/#primaryimage"},"image":{"@id":"https:\/\/www.notibras.com\/site\/cronicas-de-notibras-inspiram-alunos-da-rede-publica\/#primaryimage"},"thumbnailUrl":"https:\/\/www.notibras.com\/site\/wp-content\/uploads\/2023\/09\/dudusalaaula.jpg","datePublished":"2023-09-16T10:05:16+00:00","dateModified":"2023-09-16T10:09:10+00:00","breadcrumb":{"@id":"https:\/\/www.notibras.com\/site\/cronicas-de-notibras-inspiram-alunos-da-rede-publica\/#breadcrumb"},"inLanguage":"pt-BR","potentialAction":[{"@type":"ReadAction","target":["https:\/\/www.notibras.com\/site\/cronicas-de-notibras-inspiram-alunos-da-rede-publica\/"]}]},{"@type":"ImageObject","inLanguage":"pt-BR","@id":"https:\/\/www.notibras.com\/site\/cronicas-de-notibras-inspiram-alunos-da-rede-publica\/#primaryimage","url":"https:\/\/www.notibras.com\/site\/wp-content\/uploads\/2023\/09\/dudusalaaula.jpg","contentUrl":"https:\/\/www.notibras.com\/site\/wp-content\/uploads\/2023\/09\/dudusalaaula.jpg","width":704,"height":611},{"@type":"BreadcrumbList","@id":"https:\/\/www.notibras.com\/site\/cronicas-de-notibras-inspiram-alunos-da-rede-publica\/#breadcrumb","itemListElement":[{"@type":"ListItem","position":1,"name":"In\u00edcio","item":"https:\/\/www.notibras.com\/site\/"},{"@type":"ListItem","position":2,"name":"Convite irrecus\u00e1vel transforma sonho em realidade"}]},{"@type":"WebSite","@id":"https:\/\/www.notibras.com\/site\/#website","url":"https:\/\/www.notibras.com\/site\/","name":"Notibras","description":"Not\u00edcias de Bras\u00edlia, do Brasil e do Mundo","publisher":{"@id":"https:\/\/www.notibras.com\/site\/#organization"},"potentialAction":[{"@type":"SearchAction","target":{"@type":"EntryPoint","urlTemplate":"https:\/\/www.notibras.com\/site\/?s={search_term_string}"},"query-input":{"@type":"PropertyValueSpecification","valueRequired":true,"valueName":"search_term_string"}}],"inLanguage":"pt-BR"},{"@type":"Organization","@id":"https:\/\/www.notibras.com\/site\/#organization","name":"Grupo Notibras de Comunica\u00e7\u00e3o","url":"https:\/\/www.notibras.com\/site\/","logo":{"@type":"ImageObject","inLanguage":"pt-BR","@id":"https:\/\/www.notibras.com\/site\/#\/schema\/logo\/image\/","url":"https:\/\/www.notibras.com\/site\/wp-content\/uploads\/2023\/01\/notibras23.png","contentUrl":"https:\/\/www.notibras.com\/site\/wp-content\/uploads\/2023\/01\/notibras23.png","width":350,"height":87,"caption":"Grupo Notibras de Comunica\u00e7\u00e3o"},"image":{"@id":"https:\/\/www.notibras.com\/site\/#\/schema\/logo\/image\/"},"sameAs":["https:\/\/www.facebook.com\/notibras\/","https:\/\/x.com\/Notibras","https:\/\/www.instagram.com\/notibras\/"]},{"@type":"Person","@id":"https:\/\/www.notibras.com\/site\/#\/schema\/person\/36ab0979449956132d3e5b517ea76ac8","name":"Reda\u00e7\u00e3o","image":{"@type":"ImageObject","inLanguage":"pt-BR","@id":"https:\/\/secure.gravatar.com\/avatar\/e0a867bdedb85fd243eadf09663511f96fc81e0720a4a42581f334ad4303aa6b?s=96&d=mm&r=g","url":"https:\/\/secure.gravatar.com\/avatar\/e0a867bdedb85fd243eadf09663511f96fc81e0720a4a42581f334ad4303aa6b?s=96&d=mm&r=g","contentUrl":"https:\/\/secure.gravatar.com\/avatar\/e0a867bdedb85fd243eadf09663511f96fc81e0720a4a42581f334ad4303aa6b?s=96&d=mm&r=g","caption":"Reda\u00e7\u00e3o"}}]}},"amp_enabled":true,"_links":{"self":[{"href":"https:\/\/www.notibras.com\/site\/wp-json\/wp\/v2\/posts\/312928","targetHints":{"allow":["GET"]}}],"collection":[{"href":"https:\/\/www.notibras.com\/site\/wp-json\/wp\/v2\/posts"}],"about":[{"href":"https:\/\/www.notibras.com\/site\/wp-json\/wp\/v2\/types\/post"}],"author":[{"embeddable":true,"href":"https:\/\/www.notibras.com\/site\/wp-json\/wp\/v2\/users\/2"}],"replies":[{"embeddable":true,"href":"https:\/\/www.notibras.com\/site\/wp-json\/wp\/v2\/comments?post=312928"}],"version-history":[{"count":3,"href":"https:\/\/www.notibras.com\/site\/wp-json\/wp\/v2\/posts\/312928\/revisions"}],"predecessor-version":[{"id":312985,"href":"https:\/\/www.notibras.com\/site\/wp-json\/wp\/v2\/posts\/312928\/revisions\/312985"}],"wp:featuredmedia":[{"embeddable":true,"href":"https:\/\/www.notibras.com\/site\/wp-json\/wp\/v2\/media\/312929"}],"wp:attachment":[{"href":"https:\/\/www.notibras.com\/site\/wp-json\/wp\/v2\/media?parent=312928"}],"wp:term":[{"taxonomy":"category","embeddable":true,"href":"https:\/\/www.notibras.com\/site\/wp-json\/wp\/v2\/categories?post=312928"},{"taxonomy":"post_tag","embeddable":true,"href":"https:\/\/www.notibras.com\/site\/wp-json\/wp\/v2\/tags?post=312928"}],"curies":[{"name":"wp","href":"https:\/\/api.w.org\/{rel}","templated":true}]}}